{"id":44603,"date":"2022-11-07T08:47:11","date_gmt":"2022-11-07T07:47:11","guid":{"rendered":"https:\/\/www.immobilienbusiness.ch\/?p=44603"},"modified":"2022-11-10T09:23:45","modified_gmt":"2022-11-10T08:23:45","slug":"swiss-life-projekt-in-dietikon-kommt-vors-volk","status":"publish","type":"post","link":"https:\/\/www.immobilienbusiness.ch\/de\/regionen\/2022-11-07\/swiss-life-projekt-in-dietikon-kommt-vors-volk\/","title":{"rendered":"Swiss-Life-Projekt in Dietikon kommt vors Volk"},"content":{"rendered":"<figure id=\"attachment_44604\" aria-describedby=\"caption-attachment-44604\" style=\"width: 1400px\" class=\"wp-caption alignnone\"><a href=\"https:\/\/www.immobilienbusiness.ch\/wp-content\/uploads\/2022\/11\/ENF-Lagernstrasse-CamD-1468x979-1-scaled.jpg\"><img loading=\"lazy\" decoding=\"async\" class=\"size-full wp-image-44604\" src=\"https:\/\/www.immobilienbusiness.ch\/wp-content\/uploads\/2022\/11\/ENF-Lagernstrasse-CamD-1468x979-1-scaled.jpg\" alt=\"\" width=\"1400\" height=\"934\" srcset=\"https:\/\/www.immobilienbusiness.ch\/wp-content\/uploads\/2022\/11\/ENF-Lagernstrasse-CamD-1468x979-1-scaled.jpg 1200w, https:\/\/www.immobilienbusiness.ch\/wp-content\/uploads\/2022\/11\/ENF-Lagernstrasse-CamD-1468x979-1-300x200.jpg 300w, https:\/\/www.immobilienbusiness.ch\/wp-content\/uploads\/2022\/11\/ENF-Lagernstrasse-CamD-1468x979-1-1024x683.jpg 1024w, https:\/\/www.immobilienbusiness.ch\/wp-content\/uploads\/2022\/11\/ENF-Lagernstrasse-CamD-1468x979-1-768x512.jpg 768w, https:\/\/www.immobilienbusiness.ch\/wp-content\/uploads\/2022\/11\/ENF-Lagernstrasse-CamD-1468x979-1-18x12.jpg 18w, https:\/\/www.immobilienbusiness.ch\/wp-content\/uploads\/2022\/11\/ENF-Lagernstrasse-CamD-1468x979-1-375x250.jpg 375w, https:\/\/www.immobilienbusiness.ch\/wp-content\/uploads\/2022\/11\/ENF-Lagernstrasse-CamD-1468x979-1-525x350.jpg 525w, https:\/\/www.immobilienbusiness.ch\/wp-content\/uploads\/2022\/11\/ENF-Lagernstrasse-CamD-1468x979-1-1000x667.jpg 1000w\" sizes=\"auto, (max-width: 1400px) 100vw, 1400px\" \/><\/a><figcaption id=\"caption-attachment-44604\" class=\"wp-caption-text\">Visualisierung der geplanten \u00dcberbauung (Quelle: L\u00e4gernstrasse-Dietikon.ch)<\/figcaption><\/figure>\n<p>Die \u00dcberbauung an der L\u00e4gernstrasse in Dietikon umfasst 13 Mehrfamilienh\u00e4user, die mittlerweile sanierungsbed\u00fcrftig sind und den heutigen Anforderungen etwa in Bezug auf altersgerechtes Wohnen nicht mehr gen\u00fcgen. Swiss Life und Solida Versicherungen sind Grundeigent\u00fcmerinnen von sieben Grundst\u00fccken zwischen R\u00f6mer-, Kelten-, Gassacker- und Badenerstrasse, wobei der Grossteil Swiss Life geh\u00f6rt.<\/p>\n<p>Das Areal grenzt direkt an das Trassee der Limmattalbahn und liegt somit im Bereich des angestrebten Stadtboulevards, weshalb auch die Stadt Dietikon Interesse an der Weiterentwicklung hat. Sie hat mit Swiss Life im Dezember 2020 einen st\u00e4dtebaulichen Vertrag unterzeichnet, worin sich der Versicherer zum Bau eines nachhaltigen Bauprojekts (Minergie P-Eco) verpflichtet, zudem wird er unter anderem einen neuen, \u00f6ffentlichen Platz erstellen sowie eine \u00f6ffentlichen Veloabstellanlage im Bereich der Limmattalbahnhaltestelle. Insgesamt sollen acht Wohnbauten mit rund 175 Mietwohnungen entstehen.<\/p>\n<p>Der Gemeinderat hat den Gestaltungsplan im Mai gutgeheissen, jedoch ist von Kritikern der \u00dcberbauung das Referendum ergriffen worden. Sie bem\u00e4ngeln, dass durch das Neubauvorhaben preisg\u00fcnstiger Wohnraum wegf\u00e4llt. Auf Grundlage des kantonalen Planungs- und Baugesetzes (PBG) h\u00e4tte die Stadt verlangen k\u00f6nnen, dass ein Teil der neuen Wohnungen preisg\u00fcnstig vermietet wird, was Stadt- und Gemeinderat aber nicht getan haben. Die Volksabstimmung findet am 27. November statt. Bei einer Zustimmung zum Gestaltungsplan wird voraussichtlich im zweiten Halbjahr 2024 mit dem R\u00fcckbau der Wohnh\u00e4user begonnen. Die Neubauten werden fr\u00fchestens Mitte 2027 bezugsbereit sein. <em>(ah)<\/em><\/p>\n","protected":false},"excerpt":{"rendered":"<p>Ende November wird in Dietikon \u00fcber den privaten Gestaltungsplan L\u00e4gernstrasse abgestimmt. Swiss Life und Solida wollen die dortige Wohnsiedlung durch Neubauten ersetzen.<\/p>\n","protected":false},"author":3,"featured_media":44604,"comment_status":"closed","ping_status":"closed","sticky":false,"template":"","format":"standard","meta":{"_acf_changed":false,"_yoast_wpseo_focuskw":"Dieitikon","_yoast_wpseo_title":"","_yoast_wpseo_metadesc":"","_yoast_wpseo_linkdex":51,"pgc_sgb_lightbox_settings":"","footnotes":""},"categories":[985],"tags":[1410,1600,1756,1863],"class_list":["post-44603","post","type-post","status-publish","format-standard","has-post-thumbnail","hentry","category-regionen","tag-kanton-zuerich","tag-projekt-in-planung","tag-swiss-life","tag-wohnimmobilien"],"acf":[],"yoast_head":"<!-- This site is optimized with the Yoast SEO plugin v27.5 - https:\/\/yoast.com\/product\/yoast-seo-wordpress\/ -->\n<title>Swiss-Life-Projekt in Dietikon kommt vors Volk - IMMOBILIEN Business<\/title>\n<meta name=\"robots\" content=\"index, follow, max-snippet:-1, max-image-preview:large, max-video-preview:-1\" \/>\n<link rel=\"canonical\" href=\"https:\/\/www.immobilienbusiness.ch\/de\/regionen\/2022-11-07\/swiss-life-projekt-in-dietikon-kommt-vors-volk\/\" \/>\n<meta property=\"og:locale\" content=\"de_DE\" \/>\n<meta property=\"og:type\" content=\"article\" \/>\n<meta property=\"og:title\" content=\"Swiss-Life-Projekt in Dietikon kommt vors Volk - IMMOBILIEN Business\" \/>\n<meta property=\"og:description\" content=\"Ende November wird in Dietikon \u00fcber den privaten Gestaltungsplan L\u00e4gernstrasse abgestimmt. Swiss Life und Solida wollen die dortige Wohnsiedlung durch Neubauten ersetzen.\" \/>\n<meta property=\"og:url\" content=\"https:\/\/www.immobilienbusiness.ch\/de\/regionen\/2022-11-07\/swiss-life-projekt-in-dietikon-kommt-vors-volk\/\" \/>\n<meta property=\"og:site_name\" content=\"IMMOBILIEN Business\" \/>\n<meta property=\"article:publisher\" content=\"https:\/\/www.facebook.com\/immobilienbusiness\/\" \/>\n<meta property=\"article:published_time\" content=\"2022-11-07T07:47:11+00:00\" \/>\n<meta property=\"article:modified_time\" content=\"2022-11-10T08:23:45+00:00\" \/>\n<meta property=\"og:image\" content=\"https:\/\/www.immobilienbusiness.ch\/wp-content\/uploads\/2022\/11\/ENF-Lagernstrasse-CamD-1468x979-1-scaled.jpg\" \/>\n\t<meta property=\"og:image:width\" content=\"1200\" \/>\n\t<meta property=\"og:image:height\" content=\"801\" \/>\n\t<meta property=\"og:image:type\" content=\"image\/jpeg\" \/>\n<meta name=\"author\" content=\"anja.hall\" \/>\n<meta name=\"twitter:card\" content=\"summary_large_image\" \/>\n<meta name=\"twitter:image\" content=\"https:\/\/www.immobilienbusiness.ch\/wp-content\/uploads\/2022\/11\/ENF-Lagernstrasse-CamD-1468x979-1-scaled.jpg\" \/>\n<script type=\"application\/ld+json\" class=\"yoast-schema-graph\">{\"@context\":\"https:\\\/\\\/schema.org\",\"@graph\":[{\"@type\":\"Article\",\"@id\":\"https:\\\/\\\/www.immobilienbusiness.ch\\\/de\\\/regionen\\\/2022-11-07\\\/swiss-life-projekt-in-dietikon-kommt-vors-volk\\\/#article\",\"isPartOf\":{\"@id\":\"https:\\\/\\\/www.immobilienbusiness.ch\\\/de\\\/regionen\\\/2022-11-07\\\/swiss-life-projekt-in-dietikon-kommt-vors-volk\\\/\"},\"author\":{\"name\":\"anja.hall\",\"@id\":\"https:\\\/\\\/www.immobilienbusiness.ch\\\/#\\\/schema\\\/person\\\/3fc036297b10b9f42d6db5ee932af8c8\"},\"headline\":\"Swiss-Life-Projekt in Dietikon kommt vors Volk\",\"datePublished\":\"2022-11-07T07:47:11+00:00\",\"dateModified\":\"2022-11-10T08:23:45+00:00\",\"mainEntityOfPage\":{\"@id\":\"https:\\\/\\\/www.immobilienbusiness.ch\\\/de\\\/regionen\\\/2022-11-07\\\/swiss-life-projekt-in-dietikon-kommt-vors-volk\\\/\"},\"wordCount\":250,\"publisher\":{\"@id\":\"https:\\\/\\\/www.immobilienbusiness.ch\\\/#organization\"},\"image\":{\"@id\":\"https:\\\/\\\/www.immobilienbusiness.ch\\\/de\\\/regionen\\\/2022-11-07\\\/swiss-life-projekt-in-dietikon-kommt-vors-volk\\\/#primaryimage\"},\"thumbnailUrl\":\"https:\\\/\\\/www.immobilienbusiness.ch\\\/wp-content\\\/uploads\\\/2022\\\/11\\\/ENF-Lagernstrasse-CamD-1468x979-1-scaled.jpg\",\"keywords\":[\"Kanton Z\u00fcrich\",\"Projekt in Planung\",\"Swiss Life\",\"Wohnimmobilien\"],\"articleSection\":[\"REGIONEN\"],\"inLanguage\":\"de\"},{\"@type\":\"WebPage\",\"@id\":\"https:\\\/\\\/www.immobilienbusiness.ch\\\/de\\\/regionen\\\/2022-11-07\\\/swiss-life-projekt-in-dietikon-kommt-vors-volk\\\/\",\"url\":\"https:\\\/\\\/www.immobilienbusiness.ch\\\/de\\\/regionen\\\/2022-11-07\\\/swiss-life-projekt-in-dietikon-kommt-vors-volk\\\/\",\"name\":\"Swiss-Life-Projekt in Dietikon kommt vors Volk - IMMOBILIEN Business\",\"isPartOf\":{\"@id\":\"https:\\\/\\\/www.immobilienbusiness.ch\\\/#website\"},\"primaryImageOfPage\":{\"@id\":\"https:\\\/\\\/www.immobilienbusiness.ch\\\/de\\\/regionen\\\/2022-11-07\\\/swiss-life-projekt-in-dietikon-kommt-vors-volk\\\/#primaryimage\"},\"image\":{\"@id\":\"https:\\\/\\\/www.immobilienbusiness.ch\\\/de\\\/regionen\\\/2022-11-07\\\/swiss-life-projekt-in-dietikon-kommt-vors-volk\\\/#primaryimage\"},\"thumbnailUrl\":\"https:\\\/\\\/www.immobilienbusiness.ch\\\/wp-content\\\/uploads\\\/2022\\\/11\\\/ENF-Lagernstrasse-CamD-1468x979-1-scaled.jpg\",\"datePublished\":\"2022-11-07T07:47:11+00:00\",\"dateModified\":\"2022-11-10T08:23:45+00:00\",\"breadcrumb\":{\"@id\":\"https:\\\/\\\/www.immobilienbusiness.ch\\\/de\\\/regionen\\\/2022-11-07\\\/swiss-life-projekt-in-dietikon-kommt-vors-volk\\\/#breadcrumb\"},\"inLanguage\":\"de\",\"potentialAction\":[{\"@type\":\"ReadAction\",\"target\":[\"https:\\\/\\\/www.immobilienbusiness.ch\\\/de\\\/regionen\\\/2022-11-07\\\/swiss-life-projekt-in-dietikon-kommt-vors-volk\\\/\"]}]},{\"@type\":\"ImageObject\",\"inLanguage\":\"de\",\"@id\":\"https:\\\/\\\/www.immobilienbusiness.ch\\\/de\\\/regionen\\\/2022-11-07\\\/swiss-life-projekt-in-dietikon-kommt-vors-volk\\\/#primaryimage\",\"url\":\"https:\\\/\\\/www.immobilienbusiness.ch\\\/wp-content\\\/uploads\\\/2022\\\/11\\\/ENF-Lagernstrasse-CamD-1468x979-1-scaled.jpg\",\"contentUrl\":\"https:\\\/\\\/www.immobilienbusiness.ch\\\/wp-content\\\/uploads\\\/2022\\\/11\\\/ENF-Lagernstrasse-CamD-1468x979-1-scaled.jpg\",\"width\":1200,\"height\":801,\"caption\":\"Visualisieurng der geplanten \u00dcberbauung (Quelle: L\u00e4gernstrasse-Dietikon.ch)\"},{\"@type\":\"BreadcrumbList\",\"@id\":\"https:\\\/\\\/www.immobilienbusiness.ch\\\/de\\\/regionen\\\/2022-11-07\\\/swiss-life-projekt-in-dietikon-kommt-vors-volk\\\/#breadcrumb\",\"itemListElement\":[{\"@type\":\"ListItem\",\"position\":1,\"name\":\"Home\",\"item\":\"https:\\\/\\\/www.immobilienbusiness.ch\\\/\"},{\"@type\":\"ListItem\",\"position\":2,\"name\":\"Swiss-Life-Projekt in Dietikon kommt vors Volk\"}]},{\"@type\":\"WebSite\",\"@id\":\"https:\\\/\\\/www.immobilienbusiness.ch\\\/#website\",\"url\":\"https:\\\/\\\/www.immobilienbusiness.ch\\\/\",\"name\":\"IMMOBILIEN Business\",\"description\":\"Unabh\u00e4ngiges Schweizer Wirtschaftsmagazin mit Fokus auf Immobilien, Architektur- und Bau sowie Investment- und Finanzierung.\",\"publisher\":{\"@id\":\"https:\\\/\\\/www.immobilienbusiness.ch\\\/#organization\"},\"potentialAction\":[{\"@type\":\"SearchAction\",\"target\":{\"@type\":\"EntryPoint\",\"urlTemplate\":\"https:\\\/\\\/www.immobilienbusiness.ch\\\/?s={search_term_string}\"},\"query-input\":{\"@type\":\"PropertyValueSpecification\",\"valueRequired\":true,\"valueName\":\"search_term_string\"}}],\"inLanguage\":\"de\"},{\"@type\":\"Organization\",\"@id\":\"https:\\\/\\\/www.immobilienbusiness.ch\\\/#organization\",\"name\":\"IMMOBILIEN Business\",\"url\":\"https:\\\/\\\/www.immobilienbusiness.ch\\\/\",\"logo\":{\"@type\":\"ImageObject\",\"inLanguage\":\"de\",\"@id\":\"https:\\\/\\\/www.immobilienbusiness.ch\\\/#\\\/schema\\\/logo\\\/image\\\/\",\"url\":\"https:\\\/\\\/www.immobilienbusiness.ch\\\/wp-content\\\/uploads\\\/2021\\\/07\\\/logo_ib.png\",\"contentUrl\":\"https:\\\/\\\/www.immobilienbusiness.ch\\\/wp-content\\\/uploads\\\/2021\\\/07\\\/logo_ib.png\",\"width\":800,\"height\":181,\"caption\":\"IMMOBILIEN Business\"},\"image\":{\"@id\":\"https:\\\/\\\/www.immobilienbusiness.ch\\\/#\\\/schema\\\/logo\\\/image\\\/\"},\"sameAs\":[\"https:\\\/\\\/www.facebook.com\\\/immobilienbusiness\\\/\"]},{\"@type\":\"Person\",\"@id\":\"https:\\\/\\\/www.immobilienbusiness.ch\\\/#\\\/schema\\\/person\\\/3fc036297b10b9f42d6db5ee932af8c8\",\"name\":\"anja.hall\",\"image\":{\"@type\":\"ImageObject\",\"inLanguage\":\"de\",\"@id\":\"https:\\\/\\\/secure.gravatar.com\\\/avatar\\\/066b5a0d447013502c71a5782f4f3469f03cfe595cc2329fb94652fe47511bfb?s=96&d=mm&r=g\",\"url\":\"https:\\\/\\\/secure.gravatar.com\\\/avatar\\\/066b5a0d447013502c71a5782f4f3469f03cfe595cc2329fb94652fe47511bfb?s=96&d=mm&r=g\",\"contentUrl\":\"https:\\\/\\\/secure.gravatar.com\\\/avatar\\\/066b5a0d447013502c71a5782f4f3469f03cfe595cc2329fb94652fe47511bfb?s=96&d=mm&r=g\",\"caption\":\"anja.hall\"},\"url\":\"https:\\\/\\\/www.immobilienbusiness.ch\\\/de\\\/author\\\/anja-hall\\\/\"}]}<\/script>\n<!-- \/ Yoast SEO plugin. -->","yoast_head_json":{"title":"Swiss-Life-Projekt in Dietikon kommt vors Volk - IMMOBILIEN Business","robots":{"index":"index","follow":"follow","max-snippet":"max-snippet:-1","max-image-preview":"max-image-preview:large","max-video-preview":"max-video-preview:-1"},"canonical":"https:\/\/www.immobilienbusiness.ch\/de\/regionen\/2022-11-07\/swiss-life-projekt-in-dietikon-kommt-vors-volk\/","og_locale":"de_DE","og_type":"article","og_title":"Swiss-Life-Projekt in Dietikon kommt vors Volk - IMMOBILIEN Business","og_description":"Ende November wird in Dietikon \u00fcber den privaten Gestaltungsplan L\u00e4gernstrasse abgestimmt. Swiss Life und Solida wollen die dortige Wohnsiedlung durch Neubauten ersetzen.","og_url":"https:\/\/www.immobilienbusiness.ch\/de\/regionen\/2022-11-07\/swiss-life-projekt-in-dietikon-kommt-vors-volk\/","og_site_name":"IMMOBILIEN Business","article_publisher":"https:\/\/www.facebook.com\/immobilienbusiness\/","article_published_time":"2022-11-07T07:47:11+00:00","article_modified_time":"2022-11-10T08:23:45+00:00","og_image":[{"width":1200,"height":801,"url":"https:\/\/www.immobilienbusiness.ch\/wp-content\/uploads\/2022\/11\/ENF-Lagernstrasse-CamD-1468x979-1-scaled.jpg","type":"image\/jpeg"}],"author":"anja.hall","twitter_card":"summary_large_image","twitter_image":"https:\/\/www.immobilienbusiness.ch\/wp-content\/uploads\/2022\/11\/ENF-Lagernstrasse-CamD-1468x979-1-scaled.jpg","schema":{"@context":"https:\/\/schema.org","@graph":[{"@type":"Article","@id":"https:\/\/www.immobilienbusiness.ch\/de\/regionen\/2022-11-07\/swiss-life-projekt-in-dietikon-kommt-vors-volk\/#article","isPartOf":{"@id":"https:\/\/www.immobilienbusiness.ch\/de\/regionen\/2022-11-07\/swiss-life-projekt-in-dietikon-kommt-vors-volk\/"},"author":{"name":"anja.hall","@id":"https:\/\/www.immobilienbusiness.ch\/#\/schema\/person\/3fc036297b10b9f42d6db5ee932af8c8"},"headline":"Swiss-Life-Projekt in Dietikon kommt vors Volk","datePublished":"2022-11-07T07:47:11+00:00","dateModified":"2022-11-10T08:23:45+00:00","mainEntityOfPage":{"@id":"https:\/\/www.immobilienbusiness.ch\/de\/regionen\/2022-11-07\/swiss-life-projekt-in-dietikon-kommt-vors-volk\/"},"wordCount":250,"publisher":{"@id":"https:\/\/www.immobilienbusiness.ch\/#organization"},"image":{"@id":"https:\/\/www.immobilienbusiness.ch\/de\/regionen\/2022-11-07\/swiss-life-projekt-in-dietikon-kommt-vors-volk\/#primaryimage"},"thumbnailUrl":"https:\/\/www.immobilienbusiness.ch\/wp-content\/uploads\/2022\/11\/ENF-Lagernstrasse-CamD-1468x979-1-scaled.jpg","keywords":["Kanton Z\u00fcrich","Projekt in Planung","Swiss Life","Wohnimmobilien"],"articleSection":["REGIONEN"],"inLanguage":"de"},{"@type":"WebPage","@id":"https:\/\/www.immobilienbusiness.ch\/de\/regionen\/2022-11-07\/swiss-life-projekt-in-dietikon-kommt-vors-volk\/","url":"https:\/\/www.immobilienbusiness.ch\/de\/regionen\/2022-11-07\/swiss-life-projekt-in-dietikon-kommt-vors-volk\/","name":"Swiss-Life-Projekt in Dietikon kommt vors Volk - IMMOBILIEN Business","isPartOf":{"@id":"https:\/\/www.immobilienbusiness.ch\/#website"},"primaryImageOfPage":{"@id":"https:\/\/www.immobilienbusiness.ch\/de\/regionen\/2022-11-07\/swiss-life-projekt-in-dietikon-kommt-vors-volk\/#primaryimage"},"image":{"@id":"https:\/\/www.immobilienbusiness.ch\/de\/regionen\/2022-11-07\/swiss-life-projekt-in-dietikon-kommt-vors-volk\/#primaryimage"},"thumbnailUrl":"https:\/\/www.immobilienbusiness.ch\/wp-content\/uploads\/2022\/11\/ENF-Lagernstrasse-CamD-1468x979-1-scaled.jpg","datePublished":"2022-11-07T07:47:11+00:00","dateModified":"2022-11-10T08:23:45+00:00","breadcrumb":{"@id":"https:\/\/www.immobilienbusiness.ch\/de\/regionen\/2022-11-07\/swiss-life-projekt-in-dietikon-kommt-vors-volk\/#breadcrumb"},"inLanguage":"de","potentialAction":[{"@type":"ReadAction","target":["https:\/\/www.immobilienbusiness.ch\/de\/regionen\/2022-11-07\/swiss-life-projekt-in-dietikon-kommt-vors-volk\/"]}]},{"@type":"ImageObject","inLanguage":"de","@id":"https:\/\/www.immobilienbusiness.ch\/de\/regionen\/2022-11-07\/swiss-life-projekt-in-dietikon-kommt-vors-volk\/#primaryimage","url":"https:\/\/www.immobilienbusiness.ch\/wp-content\/uploads\/2022\/11\/ENF-Lagernstrasse-CamD-1468x979-1-scaled.jpg","contentUrl":"https:\/\/www.immobilienbusiness.ch\/wp-content\/uploads\/2022\/11\/ENF-Lagernstrasse-CamD-1468x979-1-scaled.jpg","width":1200,"height":801,"caption":"Visualisieurng der geplanten \u00dcberbauung (Quelle: L\u00e4gernstrasse-Dietikon.ch)"},{"@type":"BreadcrumbList","@id":"https:\/\/www.immobilienbusiness.ch\/de\/regionen\/2022-11-07\/swiss-life-projekt-in-dietikon-kommt-vors-volk\/#breadcrumb","itemListElement":[{"@type":"ListItem","position":1,"name":"Home","item":"https:\/\/www.immobilienbusiness.ch\/"},{"@type":"ListItem","position":2,"name":"Swiss-Life-Projekt in Dietikon kommt vors Volk"}]},{"@type":"WebSite","@id":"https:\/\/www.immobilienbusiness.ch\/#website","url":"https:\/\/www.immobilienbusiness.ch\/","name":"IMMOBILIEN Business","description":"Unabh\u00e4ngiges Schweizer Wirtschaftsmagazin mit Fokus auf Immobilien, Architektur- und Bau sowie Investment- und Finanzierung.","publisher":{"@id":"https:\/\/www.immobilienbusiness.ch\/#organization"},"potentialAction":[{"@type":"SearchAction","target":{"@type":"EntryPoint","urlTemplate":"https:\/\/www.immobilienbusiness.ch\/?s={search_term_string}"},"query-input":{"@type":"PropertyValueSpecification","valueRequired":true,"valueName":"search_term_string"}}],"inLanguage":"de"},{"@type":"Organization","@id":"https:\/\/www.immobilienbusiness.ch\/#organization","name":"IMMOBILIEN Business","url":"https:\/\/www.immobilienbusiness.ch\/","logo":{"@type":"ImageObject","inLanguage":"de","@id":"https:\/\/www.immobilienbusiness.ch\/#\/schema\/logo\/image\/","url":"https:\/\/www.immobilienbusiness.ch\/wp-content\/uploads\/2021\/07\/logo_ib.png","contentUrl":"https:\/\/www.immobilienbusiness.ch\/wp-content\/uploads\/2021\/07\/logo_ib.png","width":800,"height":181,"caption":"IMMOBILIEN Business"},"image":{"@id":"https:\/\/www.immobilienbusiness.ch\/#\/schema\/logo\/image\/"},"sameAs":["https:\/\/www.facebook.com\/immobilienbusiness\/"]},{"@type":"Person","@id":"https:\/\/www.immobilienbusiness.ch\/#\/schema\/person\/3fc036297b10b9f42d6db5ee932af8c8","name":"anja.hall","image":{"@type":"ImageObject","inLanguage":"de","@id":"https:\/\/secure.gravatar.com\/avatar\/066b5a0d447013502c71a5782f4f3469f03cfe595cc2329fb94652fe47511bfb?s=96&d=mm&r=g","url":"https:\/\/secure.gravatar.com\/avatar\/066b5a0d447013502c71a5782f4f3469f03cfe595cc2329fb94652fe47511bfb?s=96&d=mm&r=g","contentUrl":"https:\/\/secure.gravatar.com\/avatar\/066b5a0d447013502c71a5782f4f3469f03cfe595cc2329fb94652fe47511bfb?s=96&d=mm&r=g","caption":"anja.hall"},"url":"https:\/\/www.immobilienbusiness.ch\/de\/author\/anja-hall\/"}]}},"_links":{"self":[{"href":"https:\/\/www.immobilienbusiness.ch\/de\/wp-json\/wp\/v2\/posts\/44603","targetHints":{"allow":["GET"]}}],"collection":[{"href":"https:\/\/www.immobilienbusiness.ch\/de\/wp-json\/wp\/v2\/posts"}],"about":[{"href":"https:\/\/www.immobilienbusiness.ch\/de\/wp-json\/wp\/v2\/types\/post"}],"author":[{"embeddable":true,"href":"https:\/\/www.immobilienbusiness.ch\/de\/wp-json\/wp\/v2\/users\/3"}],"replies":[{"embeddable":true,"href":"https:\/\/www.immobilienbusiness.ch\/de\/wp-json\/wp\/v2\/comments?post=44603"}],"version-history":[{"count":3,"href":"https:\/\/www.immobilienbusiness.ch\/de\/wp-json\/wp\/v2\/posts\/44603\/revisions"}],"predecessor-version":[{"id":44709,"href":"https:\/\/www.immobilienbusiness.ch\/de\/wp-json\/wp\/v2\/posts\/44603\/revisions\/44709"}],"wp:featuredmedia":[{"embeddable":true,"href":"https:\/\/www.immobilienbusiness.ch\/de\/wp-json\/wp\/v2\/media\/44604"}],"wp:attachment":[{"href":"https:\/\/www.immobilienbusiness.ch\/de\/wp-json\/wp\/v2\/media?parent=44603"}],"wp:term":[{"taxonomy":"category","embeddable":true,"href":"https:\/\/www.immobilienbusiness.ch\/de\/wp-json\/wp\/v2\/categories?post=44603"},{"taxonomy":"post_tag","embeddable":true,"href":"https:\/\/www.immobilienbusiness.ch\/de\/wp-json\/wp\/v2\/tags?post=44603"}],"curies":[{"name":"wp","href":"https:\/\/api.w.org\/{rel}","templated":true}]}}