{"id":44507,"date":"2022-10-28T08:00:29","date_gmt":"2022-10-28T06:00:29","guid":{"rendered":"https:\/\/www.immobilienbusiness.ch\/?p=44507"},"modified":"2022-10-27T17:48:59","modified_gmt":"2022-10-27T15:48:59","slug":"allreal-gewinnt-stephan-widrig-als-neuen-ceo","status":"publish","type":"post","link":"https:\/\/www.immobilienbusiness.ch\/de\/personalia\/2022-10-28\/allreal-gewinnt-stephan-widrig-als-neuen-ceo\/","title":{"rendered":"Allreal gewinnt Stephan Widrig als neuen CEO"},"content":{"rendered":"<figure id=\"attachment_44508\" aria-describedby=\"caption-attachment-44508\" style=\"width: 1400px\" class=\"wp-caption alignnone\"><a href=\"https:\/\/www.immobilienbusiness.ch\/wp-content\/uploads\/2022\/10\/flughafen-zuerich-portrait-stephan-widrig-scaled.jpg\"><img loading=\"lazy\" decoding=\"async\" class=\"size-full wp-image-44508\" src=\"https:\/\/www.immobilienbusiness.ch\/wp-content\/uploads\/2022\/10\/flughafen-zuerich-portrait-stephan-widrig-scaled.jpg\" alt=\"\" width=\"1400\" height=\"933\" srcset=\"https:\/\/www.immobilienbusiness.ch\/wp-content\/uploads\/2022\/10\/flughafen-zuerich-portrait-stephan-widrig-scaled.jpg 1200w, https:\/\/www.immobilienbusiness.ch\/wp-content\/uploads\/2022\/10\/flughafen-zuerich-portrait-stephan-widrig-300x200.jpg 300w, https:\/\/www.immobilienbusiness.ch\/wp-content\/uploads\/2022\/10\/flughafen-zuerich-portrait-stephan-widrig-1024x683.jpg 1024w, https:\/\/www.immobilienbusiness.ch\/wp-content\/uploads\/2022\/10\/flughafen-zuerich-portrait-stephan-widrig-768x512.jpg 768w, https:\/\/www.immobilienbusiness.ch\/wp-content\/uploads\/2022\/10\/flughafen-zuerich-portrait-stephan-widrig-1536x1024.jpg 1536w, https:\/\/www.immobilienbusiness.ch\/wp-content\/uploads\/2022\/10\/flughafen-zuerich-portrait-stephan-widrig-2048x1365.jpg 2048w, https:\/\/www.immobilienbusiness.ch\/wp-content\/uploads\/2022\/10\/flughafen-zuerich-portrait-stephan-widrig-18x12.jpg 18w, https:\/\/www.immobilienbusiness.ch\/wp-content\/uploads\/2022\/10\/flughafen-zuerich-portrait-stephan-widrig-375x250.jpg 375w, https:\/\/www.immobilienbusiness.ch\/wp-content\/uploads\/2022\/10\/flughafen-zuerich-portrait-stephan-widrig-525x350.jpg 525w, https:\/\/www.immobilienbusiness.ch\/wp-content\/uploads\/2022\/10\/flughafen-zuerich-portrait-stephan-widrig-1000x667.jpg 1000w\" sizes=\"auto, (max-width: 1400px) 100vw, 1400px\" \/><\/a><figcaption id=\"caption-attachment-44508\" class=\"wp-caption-text\">Stephan Widrig (Bild: Flughafen Z\u00fcrich AG)<\/figcaption><\/figure>\n<p>Stephan Widrig wird seine neue Position als Chief Executive Officer (CEO) bei Allreal zum 1. Mai 2023 antreten. Er folgt auf Roger Herzog, <a href=\"https:\/\/www.immobilienbusiness.ch\/de\/personalia\/2022-07-15\/allreal-ceo-roger-herzog-hoert-auf\/\">der schon im Sommer seinen Ausstieg angek\u00fcndigt hatte<\/a> und Ende M\u00e4rz 2023 aus der Gruppenleitung der Immobiliengesellschaft ausscheidet.<\/p>\n<p>Stephan Widrig ist seit 1999 f\u00fcr die b\u00f6rsenkotierte Flughafen Z\u00fcrich AG in verschiedenen F\u00fchrungsfunktionen t\u00e4tig. Unter anderem leitete er das Immobilienmanagement und war als Mitglied der Gesch\u00e4ftsleitung f\u00fcr alle nicht-aviatischen Gesch\u00e4ftsfelder inklusive dem Immobilienbereich verantwortlich. 2015 \u00fcbernahm er als CEO die Gesamtverantwortung f\u00fcr den Flughafenbetreiber.<\/p>\n<p>Mit Widrig gewinne man \u00abeinen ausgewiesenen Immobilienexperten mit langj\u00e4hriger Erfahrung in der Entwicklung, im Bau und in der Bewirtschaftung von Immobilien\u00bb, so Allreal in einer Mitteilung. Zudem bringe er einen \u00abbeeindruckenden Leistungsausweis und langj\u00e4hrige F\u00fchrungserfahrung in der Leitung eines b\u00f6rsenkotierten Unternehmens\u00bb mit.<\/p>\n<p>Wie der Flughafen Z\u00fcrich mitteilt, wird Widrig das Unternehmen Ende April verlassen. Der Prozess zur Bestimmung einer Nachfolgerin oder eines Nachfolgers wird nun eingeleitet. \u00abNach bald 15 Jahren in der Gesch\u00e4ftsleitung der Flughafen Z\u00fcrich AG und im neunten Jahr als CEO erscheint es mir sinnvoll, den F\u00fchrungsstab weiterzugeben. Der Zeitpunkt ist g\u00fcnstig, da alle Gesch\u00e4ftsbereiche in stabilen und kompetenten H\u00e4nden sind, die Pandemie gut \u00fcberstanden und der strategische Fokus der n\u00e4chsten Jahre klar ist\u00bb, kommentierte Widrig seinen Abschied.<\/p>\n","protected":false},"excerpt":{"rendered":"<p>Stephan Widrig, langj\u00e4hriger CEO der Flughafen Z\u00fcrich AG, wechselt zur Allreal-Gruppe. Dort tritt er die Nachfolge von Roger Herzog an und wird ebenfalls Chief Executive Officer.<\/p>\n","protected":false},"author":3,"featured_media":44508,"comment_status":"closed","ping_status":"closed","sticky":false,"template":"","format":"standard","meta":{"_acf_changed":false,"_yoast_wpseo_focuskw":"Widrig","_yoast_wpseo_title":"","_yoast_wpseo_metadesc":"Stephan Widrig, langj\u00e4hriger CEO der Flughafen Z\u00fcrich AG, wechselt zur Allreal-Gruppe. Dort wird er ebenfalls Chief Executive Officer.","_yoast_wpseo_linkdex":69,"pgc_sgb_lightbox_settings":"","footnotes":""},"categories":[1912],"tags":[1013,1563],"class_list":["post-44507","post","type-post","status-publish","format-standard","has-post-thumbnail","hentry","category-personalia","tag-allreal","tag-personalia"],"acf":[],"yoast_head":"<!-- This site is optimized with the Yoast SEO plugin v27.5 - https:\/\/yoast.com\/product\/yoast-seo-wordpress\/ -->\n<title>Allreal gewinnt Stephan Widrig als neuen CEO - IMMOBILIEN Business<\/title>\n<meta name=\"description\" content=\"Stephan Widrig, langj\u00e4hriger CEO der Flughafen Z\u00fcrich AG, wechselt zur Allreal-Gruppe. Dort wird er ebenfalls Chief Executive Officer.\" \/>\n<meta name=\"robots\" content=\"index, follow, max-snippet:-1, max-image-preview:large, max-video-preview:-1\" \/>\n<link rel=\"canonical\" href=\"https:\/\/www.immobilienbusiness.ch\/de\/personalia\/2022-10-28\/allreal-gewinnt-stephan-widrig-als-neuen-ceo\/\" \/>\n<meta property=\"og:locale\" content=\"de_DE\" \/>\n<meta property=\"og:type\" content=\"article\" \/>\n<meta property=\"og:title\" content=\"Allreal gewinnt Stephan Widrig als neuen CEO - IMMOBILIEN Business\" \/>\n<meta property=\"og:description\" content=\"Stephan Widrig, langj\u00e4hriger CEO der Flughafen Z\u00fcrich AG, wechselt zur Allreal-Gruppe. Dort wird er ebenfalls Chief Executive Officer.\" \/>\n<meta property=\"og:url\" content=\"https:\/\/www.immobilienbusiness.ch\/de\/personalia\/2022-10-28\/allreal-gewinnt-stephan-widrig-als-neuen-ceo\/\" \/>\n<meta property=\"og:site_name\" content=\"IMMOBILIEN Business\" \/>\n<meta property=\"article:publisher\" content=\"https:\/\/www.facebook.com\/immobilienbusiness\/\" \/>\n<meta property=\"article:published_time\" content=\"2022-10-28T06:00:29+00:00\" \/>\n<meta property=\"og:image\" content=\"https:\/\/www.immobilienbusiness.ch\/wp-content\/uploads\/2022\/10\/flughafen-zuerich-portrait-stephan-widrig-scaled.jpg\" \/>\n\t<meta property=\"og:image:width\" content=\"1200\" \/>\n\t<meta property=\"og:image:height\" content=\"800\" \/>\n\t<meta property=\"og:image:type\" content=\"image\/jpeg\" \/>\n<meta name=\"author\" content=\"anja.hall\" \/>\n<meta name=\"twitter:card\" content=\"summary_large_image\" \/>\n<meta name=\"twitter:image\" content=\"https:\/\/www.immobilienbusiness.ch\/wp-content\/uploads\/2022\/10\/flughafen-zuerich-portrait-stephan-widrig-scaled.jpg\" \/>\n<script type=\"application\/ld+json\" class=\"yoast-schema-graph\">{\"@context\":\"https:\\\/\\\/schema.org\",\"@graph\":[{\"@type\":\"Article\",\"@id\":\"https:\\\/\\\/www.immobilienbusiness.ch\\\/en\\\/personalia\\\/2022-10-28\\\/allreal-gewinnt-stephan-widrig-als-neuen-ceo\\\/#article\",\"isPartOf\":{\"@id\":\"https:\\\/\\\/www.immobilienbusiness.ch\\\/en\\\/personalia\\\/2022-10-28\\\/allreal-gewinnt-stephan-widrig-als-neuen-ceo\\\/\"},\"author\":{\"name\":\"anja.hall\",\"@id\":\"https:\\\/\\\/www.immobilienbusiness.ch\\\/#\\\/schema\\\/person\\\/3fc036297b10b9f42d6db5ee932af8c8\"},\"headline\":\"Allreal gewinnt Stephan Widrig als neuen CEO\",\"datePublished\":\"2022-10-28T06:00:29+00:00\",\"mainEntityOfPage\":{\"@id\":\"https:\\\/\\\/www.immobilienbusiness.ch\\\/en\\\/personalia\\\/2022-10-28\\\/allreal-gewinnt-stephan-widrig-als-neuen-ceo\\\/\"},\"wordCount\":244,\"publisher\":{\"@id\":\"https:\\\/\\\/www.immobilienbusiness.ch\\\/#organization\"},\"image\":{\"@id\":\"https:\\\/\\\/www.immobilienbusiness.ch\\\/en\\\/personalia\\\/2022-10-28\\\/allreal-gewinnt-stephan-widrig-als-neuen-ceo\\\/#primaryimage\"},\"thumbnailUrl\":\"https:\\\/\\\/www.immobilienbusiness.ch\\\/wp-content\\\/uploads\\\/2022\\\/10\\\/flughafen-zuerich-portrait-stephan-widrig-scaled.jpg\",\"keywords\":[\"Allreal\",\"Personalia\"],\"articleSection\":[\"PERSONALIA\"],\"inLanguage\":\"de\"},{\"@type\":\"WebPage\",\"@id\":\"https:\\\/\\\/www.immobilienbusiness.ch\\\/en\\\/personalia\\\/2022-10-28\\\/allreal-gewinnt-stephan-widrig-als-neuen-ceo\\\/\",\"url\":\"https:\\\/\\\/www.immobilienbusiness.ch\\\/en\\\/personalia\\\/2022-10-28\\\/allreal-gewinnt-stephan-widrig-als-neuen-ceo\\\/\",\"name\":\"Allreal gewinnt Stephan Widrig als neuen CEO - IMMOBILIEN Business\",\"isPartOf\":{\"@id\":\"https:\\\/\\\/www.immobilienbusiness.ch\\\/#website\"},\"primaryImageOfPage\":{\"@id\":\"https:\\\/\\\/www.immobilienbusiness.ch\\\/en\\\/personalia\\\/2022-10-28\\\/allreal-gewinnt-stephan-widrig-als-neuen-ceo\\\/#primaryimage\"},\"image\":{\"@id\":\"https:\\\/\\\/www.immobilienbusiness.ch\\\/en\\\/personalia\\\/2022-10-28\\\/allreal-gewinnt-stephan-widrig-als-neuen-ceo\\\/#primaryimage\"},\"thumbnailUrl\":\"https:\\\/\\\/www.immobilienbusiness.ch\\\/wp-content\\\/uploads\\\/2022\\\/10\\\/flughafen-zuerich-portrait-stephan-widrig-scaled.jpg\",\"datePublished\":\"2022-10-28T06:00:29+00:00\",\"description\":\"Stephan Widrig, langj\u00e4hriger CEO der Flughafen Z\u00fcrich AG, wechselt zur Allreal-Gruppe. Dort wird er ebenfalls Chief Executive Officer.\",\"breadcrumb\":{\"@id\":\"https:\\\/\\\/www.immobilienbusiness.ch\\\/en\\\/personalia\\\/2022-10-28\\\/allreal-gewinnt-stephan-widrig-als-neuen-ceo\\\/#breadcrumb\"},\"inLanguage\":\"de\",\"potentialAction\":[{\"@type\":\"ReadAction\",\"target\":[\"https:\\\/\\\/www.immobilienbusiness.ch\\\/en\\\/personalia\\\/2022-10-28\\\/allreal-gewinnt-stephan-widrig-als-neuen-ceo\\\/\"]}]},{\"@type\":\"ImageObject\",\"inLanguage\":\"de\",\"@id\":\"https:\\\/\\\/www.immobilienbusiness.ch\\\/en\\\/personalia\\\/2022-10-28\\\/allreal-gewinnt-stephan-widrig-als-neuen-ceo\\\/#primaryimage\",\"url\":\"https:\\\/\\\/www.immobilienbusiness.ch\\\/wp-content\\\/uploads\\\/2022\\\/10\\\/flughafen-zuerich-portrait-stephan-widrig-scaled.jpg\",\"contentUrl\":\"https:\\\/\\\/www.immobilienbusiness.ch\\\/wp-content\\\/uploads\\\/2022\\\/10\\\/flughafen-zuerich-portrait-stephan-widrig-scaled.jpg\",\"width\":1200,\"height\":800,\"caption\":\"Stephan Widrig (Bild: Flughafen Z\u00fcrich AG)\"},{\"@type\":\"BreadcrumbList\",\"@id\":\"https:\\\/\\\/www.immobilienbusiness.ch\\\/en\\\/personalia\\\/2022-10-28\\\/allreal-gewinnt-stephan-widrig-als-neuen-ceo\\\/#breadcrumb\",\"itemListElement\":[{\"@type\":\"ListItem\",\"position\":1,\"name\":\"Home\",\"item\":\"https:\\\/\\\/www.immobilienbusiness.ch\\\/\"},{\"@type\":\"ListItem\",\"position\":2,\"name\":\"Allreal gewinnt Stephan Widrig als neuen CEO\"}]},{\"@type\":\"WebSite\",\"@id\":\"https:\\\/\\\/www.immobilienbusiness.ch\\\/#website\",\"url\":\"https:\\\/\\\/www.immobilienbusiness.ch\\\/\",\"name\":\"IMMOBILIEN Business\",\"description\":\"Unabh\u00e4ngiges Schweizer Wirtschaftsmagazin mit Fokus auf Immobilien, Architektur- und Bau sowie Investment- und Finanzierung.\",\"publisher\":{\"@id\":\"https:\\\/\\\/www.immobilienbusiness.ch\\\/#organization\"},\"potentialAction\":[{\"@type\":\"SearchAction\",\"target\":{\"@type\":\"EntryPoint\",\"urlTemplate\":\"https:\\\/\\\/www.immobilienbusiness.ch\\\/?s={search_term_string}\"},\"query-input\":{\"@type\":\"PropertyValueSpecification\",\"valueRequired\":true,\"valueName\":\"search_term_string\"}}],\"inLanguage\":\"de\"},{\"@type\":\"Organization\",\"@id\":\"https:\\\/\\\/www.immobilienbusiness.ch\\\/#organization\",\"name\":\"IMMOBILIEN Business\",\"url\":\"https:\\\/\\\/www.immobilienbusiness.ch\\\/\",\"logo\":{\"@type\":\"ImageObject\",\"inLanguage\":\"de\",\"@id\":\"https:\\\/\\\/www.immobilienbusiness.ch\\\/#\\\/schema\\\/logo\\\/image\\\/\",\"url\":\"https:\\\/\\\/www.immobilienbusiness.ch\\\/wp-content\\\/uploads\\\/2021\\\/07\\\/logo_ib.png\",\"contentUrl\":\"https:\\\/\\\/www.immobilienbusiness.ch\\\/wp-content\\\/uploads\\\/2021\\\/07\\\/logo_ib.png\",\"width\":800,\"height\":181,\"caption\":\"IMMOBILIEN Business\"},\"image\":{\"@id\":\"https:\\\/\\\/www.immobilienbusiness.ch\\\/#\\\/schema\\\/logo\\\/image\\\/\"},\"sameAs\":[\"https:\\\/\\\/www.facebook.com\\\/immobilienbusiness\\\/\"]},{\"@type\":\"Person\",\"@id\":\"https:\\\/\\\/www.immobilienbusiness.ch\\\/#\\\/schema\\\/person\\\/3fc036297b10b9f42d6db5ee932af8c8\",\"name\":\"anja.hall\",\"image\":{\"@type\":\"ImageObject\",\"inLanguage\":\"de\",\"@id\":\"https:\\\/\\\/secure.gravatar.com\\\/avatar\\\/066b5a0d447013502c71a5782f4f3469f03cfe595cc2329fb94652fe47511bfb?s=96&d=mm&r=g\",\"url\":\"https:\\\/\\\/secure.gravatar.com\\\/avatar\\\/066b5a0d447013502c71a5782f4f3469f03cfe595cc2329fb94652fe47511bfb?s=96&d=mm&r=g\",\"contentUrl\":\"https:\\\/\\\/secure.gravatar.com\\\/avatar\\\/066b5a0d447013502c71a5782f4f3469f03cfe595cc2329fb94652fe47511bfb?s=96&d=mm&r=g\",\"caption\":\"anja.hall\"},\"url\":\"https:\\\/\\\/www.immobilienbusiness.ch\\\/de\\\/author\\\/anja-hall\\\/\"}]}<\/script>\n<!-- \/ Yoast SEO plugin. -->","yoast_head_json":{"title":"Allreal gewinnt Stephan Widrig als neuen CEO - IMMOBILIEN Business","description":"Stephan Widrig, langj\u00e4hriger CEO der Flughafen Z\u00fcrich AG, wechselt zur Allreal-Gruppe. Dort wird er ebenfalls Chief Executive Officer.","robots":{"index":"index","follow":"follow","max-snippet":"max-snippet:-1","max-image-preview":"max-image-preview:large","max-video-preview":"max-video-preview:-1"},"canonical":"https:\/\/www.immobilienbusiness.ch\/de\/personalia\/2022-10-28\/allreal-gewinnt-stephan-widrig-als-neuen-ceo\/","og_locale":"de_DE","og_type":"article","og_title":"Allreal gewinnt Stephan Widrig als neuen CEO - IMMOBILIEN Business","og_description":"Stephan Widrig, langj\u00e4hriger CEO der Flughafen Z\u00fcrich AG, wechselt zur Allreal-Gruppe. Dort wird er ebenfalls Chief Executive Officer.","og_url":"https:\/\/www.immobilienbusiness.ch\/de\/personalia\/2022-10-28\/allreal-gewinnt-stephan-widrig-als-neuen-ceo\/","og_site_name":"IMMOBILIEN Business","article_publisher":"https:\/\/www.facebook.com\/immobilienbusiness\/","article_published_time":"2022-10-28T06:00:29+00:00","og_image":[{"width":1200,"height":800,"url":"https:\/\/www.immobilienbusiness.ch\/wp-content\/uploads\/2022\/10\/flughafen-zuerich-portrait-stephan-widrig-scaled.jpg","type":"image\/jpeg"}],"author":"anja.hall","twitter_card":"summary_large_image","twitter_image":"https:\/\/www.immobilienbusiness.ch\/wp-content\/uploads\/2022\/10\/flughafen-zuerich-portrait-stephan-widrig-scaled.jpg","schema":{"@context":"https:\/\/schema.org","@graph":[{"@type":"Article","@id":"https:\/\/www.immobilienbusiness.ch\/en\/personalia\/2022-10-28\/allreal-gewinnt-stephan-widrig-als-neuen-ceo\/#article","isPartOf":{"@id":"https:\/\/www.immobilienbusiness.ch\/en\/personalia\/2022-10-28\/allreal-gewinnt-stephan-widrig-als-neuen-ceo\/"},"author":{"name":"anja.hall","@id":"https:\/\/www.immobilienbusiness.ch\/#\/schema\/person\/3fc036297b10b9f42d6db5ee932af8c8"},"headline":"Allreal gewinnt Stephan Widrig als neuen CEO","datePublished":"2022-10-28T06:00:29+00:00","mainEntityOfPage":{"@id":"https:\/\/www.immobilienbusiness.ch\/en\/personalia\/2022-10-28\/allreal-gewinnt-stephan-widrig-als-neuen-ceo\/"},"wordCount":244,"publisher":{"@id":"https:\/\/www.immobilienbusiness.ch\/#organization"},"image":{"@id":"https:\/\/www.immobilienbusiness.ch\/en\/personalia\/2022-10-28\/allreal-gewinnt-stephan-widrig-als-neuen-ceo\/#primaryimage"},"thumbnailUrl":"https:\/\/www.immobilienbusiness.ch\/wp-content\/uploads\/2022\/10\/flughafen-zuerich-portrait-stephan-widrig-scaled.jpg","keywords":["Allreal","Personalia"],"articleSection":["PERSONALIA"],"inLanguage":"de"},{"@type":"WebPage","@id":"https:\/\/www.immobilienbusiness.ch\/en\/personalia\/2022-10-28\/allreal-gewinnt-stephan-widrig-als-neuen-ceo\/","url":"https:\/\/www.immobilienbusiness.ch\/en\/personalia\/2022-10-28\/allreal-gewinnt-stephan-widrig-als-neuen-ceo\/","name":"Allreal gewinnt Stephan Widrig als neuen CEO - IMMOBILIEN Business","isPartOf":{"@id":"https:\/\/www.immobilienbusiness.ch\/#website"},"primaryImageOfPage":{"@id":"https:\/\/www.immobilienbusiness.ch\/en\/personalia\/2022-10-28\/allreal-gewinnt-stephan-widrig-als-neuen-ceo\/#primaryimage"},"image":{"@id":"https:\/\/www.immobilienbusiness.ch\/en\/personalia\/2022-10-28\/allreal-gewinnt-stephan-widrig-als-neuen-ceo\/#primaryimage"},"thumbnailUrl":"https:\/\/www.immobilienbusiness.ch\/wp-content\/uploads\/2022\/10\/flughafen-zuerich-portrait-stephan-widrig-scaled.jpg","datePublished":"2022-10-28T06:00:29+00:00","description":"Stephan Widrig, langj\u00e4hriger CEO der Flughafen Z\u00fcrich AG, wechselt zur Allreal-Gruppe. Dort wird er ebenfalls Chief Executive Officer.","breadcrumb":{"@id":"https:\/\/www.immobilienbusiness.ch\/en\/personalia\/2022-10-28\/allreal-gewinnt-stephan-widrig-als-neuen-ceo\/#breadcrumb"},"inLanguage":"de","potentialAction":[{"@type":"ReadAction","target":["https:\/\/www.immobilienbusiness.ch\/en\/personalia\/2022-10-28\/allreal-gewinnt-stephan-widrig-als-neuen-ceo\/"]}]},{"@type":"ImageObject","inLanguage":"de","@id":"https:\/\/www.immobilienbusiness.ch\/en\/personalia\/2022-10-28\/allreal-gewinnt-stephan-widrig-als-neuen-ceo\/#primaryimage","url":"https:\/\/www.immobilienbusiness.ch\/wp-content\/uploads\/2022\/10\/flughafen-zuerich-portrait-stephan-widrig-scaled.jpg","contentUrl":"https:\/\/www.immobilienbusiness.ch\/wp-content\/uploads\/2022\/10\/flughafen-zuerich-portrait-stephan-widrig-scaled.jpg","width":1200,"height":800,"caption":"Stephan Widrig (Bild: Flughafen Z\u00fcrich AG)"},{"@type":"BreadcrumbList","@id":"https:\/\/www.immobilienbusiness.ch\/en\/personalia\/2022-10-28\/allreal-gewinnt-stephan-widrig-als-neuen-ceo\/#breadcrumb","itemListElement":[{"@type":"ListItem","position":1,"name":"Home","item":"https:\/\/www.immobilienbusiness.ch\/"},{"@type":"ListItem","position":2,"name":"Allreal gewinnt Stephan Widrig als neuen CEO"}]},{"@type":"WebSite","@id":"https:\/\/www.immobilienbusiness.ch\/#website","url":"https:\/\/www.immobilienbusiness.ch\/","name":"IMMOBILIEN Business","description":"Unabh\u00e4ngiges Schweizer Wirtschaftsmagazin mit Fokus auf Immobilien, Architektur- und Bau sowie Investment- und Finanzierung.","publisher":{"@id":"https:\/\/www.immobilienbusiness.ch\/#organization"},"potentialAction":[{"@type":"SearchAction","target":{"@type":"EntryPoint","urlTemplate":"https:\/\/www.immobilienbusiness.ch\/?s={search_term_string}"},"query-input":{"@type":"PropertyValueSpecification","valueRequired":true,"valueName":"search_term_string"}}],"inLanguage":"de"},{"@type":"Organization","@id":"https:\/\/www.immobilienbusiness.ch\/#organization","name":"IMMOBILIEN Business","url":"https:\/\/www.immobilienbusiness.ch\/","logo":{"@type":"ImageObject","inLanguage":"de","@id":"https:\/\/www.immobilienbusiness.ch\/#\/schema\/logo\/image\/","url":"https:\/\/www.immobilienbusiness.ch\/wp-content\/uploads\/2021\/07\/logo_ib.png","contentUrl":"https:\/\/www.immobilienbusiness.ch\/wp-content\/uploads\/2021\/07\/logo_ib.png","width":800,"height":181,"caption":"IMMOBILIEN Business"},"image":{"@id":"https:\/\/www.immobilienbusiness.ch\/#\/schema\/logo\/image\/"},"sameAs":["https:\/\/www.facebook.com\/immobilienbusiness\/"]},{"@type":"Person","@id":"https:\/\/www.immobilienbusiness.ch\/#\/schema\/person\/3fc036297b10b9f42d6db5ee932af8c8","name":"anja.hall","image":{"@type":"ImageObject","inLanguage":"de","@id":"https:\/\/secure.gravatar.com\/avatar\/066b5a0d447013502c71a5782f4f3469f03cfe595cc2329fb94652fe47511bfb?s=96&d=mm&r=g","url":"https:\/\/secure.gravatar.com\/avatar\/066b5a0d447013502c71a5782f4f3469f03cfe595cc2329fb94652fe47511bfb?s=96&d=mm&r=g","contentUrl":"https:\/\/secure.gravatar.com\/avatar\/066b5a0d447013502c71a5782f4f3469f03cfe595cc2329fb94652fe47511bfb?s=96&d=mm&r=g","caption":"anja.hall"},"url":"https:\/\/www.immobilienbusiness.ch\/de\/author\/anja-hall\/"}]}},"_links":{"self":[{"href":"https:\/\/www.immobilienbusiness.ch\/de\/wp-json\/wp\/v2\/posts\/44507","targetHints":{"allow":["GET"]}}],"collection":[{"href":"https:\/\/www.immobilienbusiness.ch\/de\/wp-json\/wp\/v2\/posts"}],"about":[{"href":"https:\/\/www.immobilienbusiness.ch\/de\/wp-json\/wp\/v2\/types\/post"}],"author":[{"embeddable":true,"href":"https:\/\/www.immobilienbusiness.ch\/de\/wp-json\/wp\/v2\/users\/3"}],"replies":[{"embeddable":true,"href":"https:\/\/www.immobilienbusiness.ch\/de\/wp-json\/wp\/v2\/comments?post=44507"}],"version-history":[{"count":1,"href":"https:\/\/www.immobilienbusiness.ch\/de\/wp-json\/wp\/v2\/posts\/44507\/revisions"}],"predecessor-version":[{"id":44509,"href":"https:\/\/www.immobilienbusiness.ch\/de\/wp-json\/wp\/v2\/posts\/44507\/revisions\/44509"}],"wp:featuredmedia":[{"embeddable":true,"href":"https:\/\/www.immobilienbusiness.ch\/de\/wp-json\/wp\/v2\/media\/44508"}],"wp:attachment":[{"href":"https:\/\/www.immobilienbusiness.ch\/de\/wp-json\/wp\/v2\/media?parent=44507"}],"wp:term":[{"taxonomy":"category","embeddable":true,"href":"https:\/\/www.immobilienbusiness.ch\/de\/wp-json\/wp\/v2\/categories?post=44507"},{"taxonomy":"post_tag","embeddable":true,"href":"https:\/\/www.immobilienbusiness.ch\/de\/wp-json\/wp\/v2\/tags?post=44507"}],"curies":[{"name":"wp","href":"https:\/\/api.w.org\/{rel}","templated":true}]}}