{"id":44478,"date":"2022-10-26T07:00:18","date_gmt":"2022-10-26T05:00:18","guid":{"rendered":"https:\/\/www.immobilienbusiness.ch\/?p=44478"},"modified":"2022-10-27T09:56:06","modified_gmt":"2022-10-27T07:56:06","slug":"wetzikon-wohn-und-gewerbekomplex-h45-im-bau","status":"publish","type":"post","link":"https:\/\/www.immobilienbusiness.ch\/de\/regionen\/2022-10-26\/wetzikon-wohn-und-gewerbekomplex-h45-im-bau\/","title":{"rendered":"Wetzikon: Wohn- und Gewerbekomplex H45 im Bau"},"content":{"rendered":"<figure id=\"attachment_44479\" aria-describedby=\"caption-attachment-44479\" style=\"width: 1166px\" class=\"wp-caption alignnone\"><a href=\"https:\/\/www.immobilienbusiness.ch\/wp-content\/uploads\/2022\/10\/h45.png\"><img loading=\"lazy\" decoding=\"async\" class=\"size-full wp-image-44479\" src=\"https:\/\/www.immobilienbusiness.ch\/wp-content\/uploads\/2022\/10\/h45.png\" alt=\"\" width=\"1166\" height=\"539\" srcset=\"https:\/\/www.immobilienbusiness.ch\/wp-content\/uploads\/2022\/10\/h45.png 1166w, https:\/\/www.immobilienbusiness.ch\/wp-content\/uploads\/2022\/10\/h45-300x139.png 300w, https:\/\/www.immobilienbusiness.ch\/wp-content\/uploads\/2022\/10\/h45-1024x473.png 1024w, https:\/\/www.immobilienbusiness.ch\/wp-content\/uploads\/2022\/10\/h45-768x355.png 768w, https:\/\/www.immobilienbusiness.ch\/wp-content\/uploads\/2022\/10\/h45-18x8.png 18w, https:\/\/www.immobilienbusiness.ch\/wp-content\/uploads\/2022\/10\/h45-375x173.png 375w, https:\/\/www.immobilienbusiness.ch\/wp-content\/uploads\/2022\/10\/h45-757x350.png 757w, https:\/\/www.immobilienbusiness.ch\/wp-content\/uploads\/2022\/10\/h45-1000x462.png 1000w\" sizes=\"auto, (max-width: 1166px) 100vw, 1166px\" \/><\/a><figcaption id=\"caption-attachment-44479\" class=\"wp-caption-text\">Die Entw\u00fcrfe f\u00fcr das &#8222;H45&#8220; stammen von der CH Architekten AG (Bild: Egolf-Immobilien)<\/figcaption><\/figure>\n<p>Nebst Fl\u00e4chen f\u00fcr die Z\u00fcrcher Kantonalbank als Ankermieterin, welche im EG und 1. Obergeschoss Gewerbe- bzw. B\u00fcrofl\u00e4chen belegt, beinhaltet das Projekt an der Bahnhofstrasse in Wetzikon vier Gewerbefl\u00e4chen (von 83 bis 194 qm) im Erdgeschoss und eine B\u00fcrofl\u00e4che (368 qm) im 1. OG. Der Bau soll Anfang 2025 bezugsfertig sein. Das Investitionsvolumen wird mit 50 Mio. CHF angegeben. Die Entw\u00fcrfe f\u00fcr das Geb\u00e4ude stammen von der CH Architekten AG aus Wallisellen. <i>(aw)<\/i><\/p>\n","protected":false},"excerpt":{"rendered":"<p>In Wetzikon (ZH) haben die Bauarbeiten f\u00fcr das Projekt H45 begonnen. Egolf-Immobilien realisiert 55 Mietwohnungen und Gewerbefl\u00e4chen auf sechs Geschossen.<\/p>\n","protected":false},"author":102,"featured_media":44479,"comment_status":"closed","ping_status":"closed","sticky":false,"template":"","format":"standard","meta":{"_acf_changed":false,"_yoast_wpseo_focuskw":"Wetzikon","_yoast_wpseo_title":"","_yoast_wpseo_metadesc":"In Wetzikon (ZH) haben die Bauarbeiten f\u00fcr das Projekt \u201eH45\u201c begonnen. Egolf-Immobilien realisiert an der Bahnhofstrasse 55 Mietwohnungen und Gewerbefl\u00e4chen auf sechs Geschossen.","_yoast_wpseo_linkdex":49,"pgc_sgb_lightbox_settings":"","footnotes":""},"categories":[985],"tags":[1492,1599,2103,1978],"class_list":["post-44478","post","type-post","status-publish","format-standard","has-post-thumbnail","hentry","category-regionen","tag-mietwohnungen","tag-projekt-in-bau","tag-wetzikon","tag-zh"],"acf":[],"yoast_head":"<!-- This site is optimized with the Yoast SEO plugin v27.4 - https:\/\/yoast.com\/product\/yoast-seo-wordpress\/ -->\n<title>Wetzikon: Wohn- und Gewerbekomplex H45 im Bau - IMMOBILIEN Business<\/title>\n<meta name=\"description\" content=\"In Wetzikon (ZH) haben die Bauarbeiten f\u00fcr das Projekt \u201eH45\u201c begonnen. Egolf-Immobilien realisiert an der Bahnhofstrasse 55 Mietwohnungen und Gewerbefl\u00e4chen auf sechs Geschossen.\" \/>\n<meta name=\"robots\" content=\"index, follow, max-snippet:-1, max-image-preview:large, max-video-preview:-1\" \/>\n<link rel=\"canonical\" href=\"https:\/\/www.immobilienbusiness.ch\/de\/regionen\/2022-10-26\/wetzikon-wohn-und-gewerbekomplex-h45-im-bau\/\" \/>\n<meta property=\"og:locale\" content=\"de_DE\" \/>\n<meta property=\"og:type\" content=\"article\" \/>\n<meta property=\"og:title\" content=\"Wetzikon: Wohn- und Gewerbekomplex H45 im Bau - IMMOBILIEN Business\" \/>\n<meta property=\"og:description\" content=\"In Wetzikon (ZH) haben die Bauarbeiten f\u00fcr das Projekt \u201eH45\u201c begonnen. Egolf-Immobilien realisiert an der Bahnhofstrasse 55 Mietwohnungen und Gewerbefl\u00e4chen auf sechs Geschossen.\" \/>\n<meta property=\"og:url\" content=\"https:\/\/www.immobilienbusiness.ch\/de\/regionen\/2022-10-26\/wetzikon-wohn-und-gewerbekomplex-h45-im-bau\/\" \/>\n<meta property=\"og:site_name\" content=\"IMMOBILIEN Business\" \/>\n<meta property=\"article:publisher\" content=\"https:\/\/www.facebook.com\/immobilienbusiness\/\" \/>\n<meta property=\"article:published_time\" content=\"2022-10-26T05:00:18+00:00\" \/>\n<meta property=\"article:modified_time\" content=\"2022-10-27T07:56:06+00:00\" \/>\n<meta property=\"og:image\" content=\"https:\/\/www.immobilienbusiness.ch\/wp-content\/uploads\/2022\/10\/h45.png\" \/>\n\t<meta property=\"og:image:width\" content=\"1166\" \/>\n\t<meta property=\"og:image:height\" content=\"539\" \/>\n\t<meta property=\"og:image:type\" content=\"image\/png\" \/>\n<meta name=\"author\" content=\"Alexander Wachter\" \/>\n<meta name=\"twitter:card\" content=\"summary_large_image\" \/>\n<script type=\"application\/ld+json\" class=\"yoast-schema-graph\">{\"@context\":\"https:\\\/\\\/schema.org\",\"@graph\":[{\"@type\":\"Article\",\"@id\":\"https:\\\/\\\/www.immobilienbusiness.ch\\\/fr\\\/regionen\\\/2022-10-26\\\/wetzikon-wohn-und-gewerbekomplex-h45-im-bau\\\/#article\",\"isPartOf\":{\"@id\":\"https:\\\/\\\/www.immobilienbusiness.ch\\\/fr\\\/regionen\\\/2022-10-26\\\/wetzikon-wohn-und-gewerbekomplex-h45-im-bau\\\/\"},\"author\":{\"name\":\"Alexander Wachter\",\"@id\":\"https:\\\/\\\/www.immobilienbusiness.ch\\\/#\\\/schema\\\/person\\\/aba8bea2db926aa0c24c08c43fe1fcd5\"},\"headline\":\"Wetzikon: Wohn- und Gewerbekomplex H45 im Bau\",\"datePublished\":\"2022-10-26T05:00:18+00:00\",\"dateModified\":\"2022-10-27T07:56:06+00:00\",\"mainEntityOfPage\":{\"@id\":\"https:\\\/\\\/www.immobilienbusiness.ch\\\/fr\\\/regionen\\\/2022-10-26\\\/wetzikon-wohn-und-gewerbekomplex-h45-im-bau\\\/\"},\"wordCount\":105,\"publisher\":{\"@id\":\"https:\\\/\\\/www.immobilienbusiness.ch\\\/#organization\"},\"image\":{\"@id\":\"https:\\\/\\\/www.immobilienbusiness.ch\\\/fr\\\/regionen\\\/2022-10-26\\\/wetzikon-wohn-und-gewerbekomplex-h45-im-bau\\\/#primaryimage\"},\"thumbnailUrl\":\"https:\\\/\\\/www.immobilienbusiness.ch\\\/wp-content\\\/uploads\\\/2022\\\/10\\\/h45.png\",\"keywords\":[\"Mietwohnungen\",\"Projekt in Bau\",\"Wetzikon\",\"ZH\"],\"articleSection\":[\"REGIONEN\"],\"inLanguage\":\"de\"},{\"@type\":\"WebPage\",\"@id\":\"https:\\\/\\\/www.immobilienbusiness.ch\\\/fr\\\/regionen\\\/2022-10-26\\\/wetzikon-wohn-und-gewerbekomplex-h45-im-bau\\\/\",\"url\":\"https:\\\/\\\/www.immobilienbusiness.ch\\\/fr\\\/regionen\\\/2022-10-26\\\/wetzikon-wohn-und-gewerbekomplex-h45-im-bau\\\/\",\"name\":\"Wetzikon: Wohn- und Gewerbekomplex H45 im Bau - IMMOBILIEN Business\",\"isPartOf\":{\"@id\":\"https:\\\/\\\/www.immobilienbusiness.ch\\\/#website\"},\"primaryImageOfPage\":{\"@id\":\"https:\\\/\\\/www.immobilienbusiness.ch\\\/fr\\\/regionen\\\/2022-10-26\\\/wetzikon-wohn-und-gewerbekomplex-h45-im-bau\\\/#primaryimage\"},\"image\":{\"@id\":\"https:\\\/\\\/www.immobilienbusiness.ch\\\/fr\\\/regionen\\\/2022-10-26\\\/wetzikon-wohn-und-gewerbekomplex-h45-im-bau\\\/#primaryimage\"},\"thumbnailUrl\":\"https:\\\/\\\/www.immobilienbusiness.ch\\\/wp-content\\\/uploads\\\/2022\\\/10\\\/h45.png\",\"datePublished\":\"2022-10-26T05:00:18+00:00\",\"dateModified\":\"2022-10-27T07:56:06+00:00\",\"description\":\"In Wetzikon (ZH) haben die Bauarbeiten f\u00fcr das Projekt \u201eH45\u201c begonnen. Egolf-Immobilien realisiert an der Bahnhofstrasse 55 Mietwohnungen und Gewerbefl\u00e4chen auf sechs Geschossen.\",\"breadcrumb\":{\"@id\":\"https:\\\/\\\/www.immobilienbusiness.ch\\\/fr\\\/regionen\\\/2022-10-26\\\/wetzikon-wohn-und-gewerbekomplex-h45-im-bau\\\/#breadcrumb\"},\"inLanguage\":\"de\",\"potentialAction\":[{\"@type\":\"ReadAction\",\"target\":[\"https:\\\/\\\/www.immobilienbusiness.ch\\\/fr\\\/regionen\\\/2022-10-26\\\/wetzikon-wohn-und-gewerbekomplex-h45-im-bau\\\/\"]}]},{\"@type\":\"ImageObject\",\"inLanguage\":\"de\",\"@id\":\"https:\\\/\\\/www.immobilienbusiness.ch\\\/fr\\\/regionen\\\/2022-10-26\\\/wetzikon-wohn-und-gewerbekomplex-h45-im-bau\\\/#primaryimage\",\"url\":\"https:\\\/\\\/www.immobilienbusiness.ch\\\/wp-content\\\/uploads\\\/2022\\\/10\\\/h45.png\",\"contentUrl\":\"https:\\\/\\\/www.immobilienbusiness.ch\\\/wp-content\\\/uploads\\\/2022\\\/10\\\/h45.png\",\"width\":1166,\"height\":539,\"caption\":\"Die Entw\u00fcrfe f\u00fcr das H45 stammen von der CH Architekten AG (Bild: Egolf Immobilien)\"},{\"@type\":\"BreadcrumbList\",\"@id\":\"https:\\\/\\\/www.immobilienbusiness.ch\\\/fr\\\/regionen\\\/2022-10-26\\\/wetzikon-wohn-und-gewerbekomplex-h45-im-bau\\\/#breadcrumb\",\"itemListElement\":[{\"@type\":\"ListItem\",\"position\":1,\"name\":\"Home\",\"item\":\"https:\\\/\\\/www.immobilienbusiness.ch\\\/\"},{\"@type\":\"ListItem\",\"position\":2,\"name\":\"Wetzikon: Wohn- und Gewerbekomplex H45 im Bau\"}]},{\"@type\":\"WebSite\",\"@id\":\"https:\\\/\\\/www.immobilienbusiness.ch\\\/#website\",\"url\":\"https:\\\/\\\/www.immobilienbusiness.ch\\\/\",\"name\":\"IMMOBILIEN Business\",\"description\":\"Unabh\u00e4ngiges Schweizer Wirtschaftsmagazin mit Fokus auf Immobilien, Architektur- und Bau sowie Investment- und Finanzierung.\",\"publisher\":{\"@id\":\"https:\\\/\\\/www.immobilienbusiness.ch\\\/#organization\"},\"potentialAction\":[{\"@type\":\"SearchAction\",\"target\":{\"@type\":\"EntryPoint\",\"urlTemplate\":\"https:\\\/\\\/www.immobilienbusiness.ch\\\/?s={search_term_string}\"},\"query-input\":{\"@type\":\"PropertyValueSpecification\",\"valueRequired\":true,\"valueName\":\"search_term_string\"}}],\"inLanguage\":\"de\"},{\"@type\":\"Organization\",\"@id\":\"https:\\\/\\\/www.immobilienbusiness.ch\\\/#organization\",\"name\":\"IMMOBILIEN Business\",\"url\":\"https:\\\/\\\/www.immobilienbusiness.ch\\\/\",\"logo\":{\"@type\":\"ImageObject\",\"inLanguage\":\"de\",\"@id\":\"https:\\\/\\\/www.immobilienbusiness.ch\\\/#\\\/schema\\\/logo\\\/image\\\/\",\"url\":\"https:\\\/\\\/www.immobilienbusiness.ch\\\/wp-content\\\/uploads\\\/2021\\\/07\\\/logo_ib.png\",\"contentUrl\":\"https:\\\/\\\/www.immobilienbusiness.ch\\\/wp-content\\\/uploads\\\/2021\\\/07\\\/logo_ib.png\",\"width\":800,\"height\":181,\"caption\":\"IMMOBILIEN Business\"},\"image\":{\"@id\":\"https:\\\/\\\/www.immobilienbusiness.ch\\\/#\\\/schema\\\/logo\\\/image\\\/\"},\"sameAs\":[\"https:\\\/\\\/www.facebook.com\\\/immobilienbusiness\\\/\"]},{\"@type\":\"Person\",\"@id\":\"https:\\\/\\\/www.immobilienbusiness.ch\\\/#\\\/schema\\\/person\\\/aba8bea2db926aa0c24c08c43fe1fcd5\",\"name\":\"Alexander Wachter\",\"image\":{\"@type\":\"ImageObject\",\"inLanguage\":\"de\",\"@id\":\"https:\\\/\\\/secure.gravatar.com\\\/avatar\\\/1a09e471f5389b0e0a6416eac287e0927c7c97a7b77f9e787eba3af7aee281dd?s=96&d=mm&r=g\",\"url\":\"https:\\\/\\\/secure.gravatar.com\\\/avatar\\\/1a09e471f5389b0e0a6416eac287e0927c7c97a7b77f9e787eba3af7aee281dd?s=96&d=mm&r=g\",\"contentUrl\":\"https:\\\/\\\/secure.gravatar.com\\\/avatar\\\/1a09e471f5389b0e0a6416eac287e0927c7c97a7b77f9e787eba3af7aee281dd?s=96&d=mm&r=g\",\"caption\":\"Alexander Wachter\"},\"url\":\"https:\\\/\\\/www.immobilienbusiness.ch\\\/de\\\/author\\\/alexander-wachter\\\/\"}]}<\/script>\n<!-- \/ Yoast SEO plugin. -->","yoast_head_json":{"title":"Wetzikon: Wohn- und Gewerbekomplex H45 im Bau - IMMOBILIEN Business","description":"In Wetzikon (ZH) haben die Bauarbeiten f\u00fcr das Projekt \u201eH45\u201c begonnen. Egolf-Immobilien realisiert an der Bahnhofstrasse 55 Mietwohnungen und Gewerbefl\u00e4chen auf sechs Geschossen.","robots":{"index":"index","follow":"follow","max-snippet":"max-snippet:-1","max-image-preview":"max-image-preview:large","max-video-preview":"max-video-preview:-1"},"canonical":"https:\/\/www.immobilienbusiness.ch\/de\/regionen\/2022-10-26\/wetzikon-wohn-und-gewerbekomplex-h45-im-bau\/","og_locale":"de_DE","og_type":"article","og_title":"Wetzikon: Wohn- und Gewerbekomplex H45 im Bau - IMMOBILIEN Business","og_description":"In Wetzikon (ZH) haben die Bauarbeiten f\u00fcr das Projekt \u201eH45\u201c begonnen. Egolf-Immobilien realisiert an der Bahnhofstrasse 55 Mietwohnungen und Gewerbefl\u00e4chen auf sechs Geschossen.","og_url":"https:\/\/www.immobilienbusiness.ch\/de\/regionen\/2022-10-26\/wetzikon-wohn-und-gewerbekomplex-h45-im-bau\/","og_site_name":"IMMOBILIEN Business","article_publisher":"https:\/\/www.facebook.com\/immobilienbusiness\/","article_published_time":"2022-10-26T05:00:18+00:00","article_modified_time":"2022-10-27T07:56:06+00:00","og_image":[{"width":1166,"height":539,"url":"https:\/\/www.immobilienbusiness.ch\/wp-content\/uploads\/2022\/10\/h45.png","type":"image\/png"}],"author":"Alexander Wachter","twitter_card":"summary_large_image","schema":{"@context":"https:\/\/schema.org","@graph":[{"@type":"Article","@id":"https:\/\/www.immobilienbusiness.ch\/fr\/regionen\/2022-10-26\/wetzikon-wohn-und-gewerbekomplex-h45-im-bau\/#article","isPartOf":{"@id":"https:\/\/www.immobilienbusiness.ch\/fr\/regionen\/2022-10-26\/wetzikon-wohn-und-gewerbekomplex-h45-im-bau\/"},"author":{"name":"Alexander Wachter","@id":"https:\/\/www.immobilienbusiness.ch\/#\/schema\/person\/aba8bea2db926aa0c24c08c43fe1fcd5"},"headline":"Wetzikon: Wohn- und Gewerbekomplex H45 im Bau","datePublished":"2022-10-26T05:00:18+00:00","dateModified":"2022-10-27T07:56:06+00:00","mainEntityOfPage":{"@id":"https:\/\/www.immobilienbusiness.ch\/fr\/regionen\/2022-10-26\/wetzikon-wohn-und-gewerbekomplex-h45-im-bau\/"},"wordCount":105,"publisher":{"@id":"https:\/\/www.immobilienbusiness.ch\/#organization"},"image":{"@id":"https:\/\/www.immobilienbusiness.ch\/fr\/regionen\/2022-10-26\/wetzikon-wohn-und-gewerbekomplex-h45-im-bau\/#primaryimage"},"thumbnailUrl":"https:\/\/www.immobilienbusiness.ch\/wp-content\/uploads\/2022\/10\/h45.png","keywords":["Mietwohnungen","Projekt in Bau","Wetzikon","ZH"],"articleSection":["REGIONEN"],"inLanguage":"de"},{"@type":"WebPage","@id":"https:\/\/www.immobilienbusiness.ch\/fr\/regionen\/2022-10-26\/wetzikon-wohn-und-gewerbekomplex-h45-im-bau\/","url":"https:\/\/www.immobilienbusiness.ch\/fr\/regionen\/2022-10-26\/wetzikon-wohn-und-gewerbekomplex-h45-im-bau\/","name":"Wetzikon: Wohn- und Gewerbekomplex H45 im Bau - IMMOBILIEN Business","isPartOf":{"@id":"https:\/\/www.immobilienbusiness.ch\/#website"},"primaryImageOfPage":{"@id":"https:\/\/www.immobilienbusiness.ch\/fr\/regionen\/2022-10-26\/wetzikon-wohn-und-gewerbekomplex-h45-im-bau\/#primaryimage"},"image":{"@id":"https:\/\/www.immobilienbusiness.ch\/fr\/regionen\/2022-10-26\/wetzikon-wohn-und-gewerbekomplex-h45-im-bau\/#primaryimage"},"thumbnailUrl":"https:\/\/www.immobilienbusiness.ch\/wp-content\/uploads\/2022\/10\/h45.png","datePublished":"2022-10-26T05:00:18+00:00","dateModified":"2022-10-27T07:56:06+00:00","description":"In Wetzikon (ZH) haben die Bauarbeiten f\u00fcr das Projekt \u201eH45\u201c begonnen. Egolf-Immobilien realisiert an der Bahnhofstrasse 55 Mietwohnungen und Gewerbefl\u00e4chen auf sechs Geschossen.","breadcrumb":{"@id":"https:\/\/www.immobilienbusiness.ch\/fr\/regionen\/2022-10-26\/wetzikon-wohn-und-gewerbekomplex-h45-im-bau\/#breadcrumb"},"inLanguage":"de","potentialAction":[{"@type":"ReadAction","target":["https:\/\/www.immobilienbusiness.ch\/fr\/regionen\/2022-10-26\/wetzikon-wohn-und-gewerbekomplex-h45-im-bau\/"]}]},{"@type":"ImageObject","inLanguage":"de","@id":"https:\/\/www.immobilienbusiness.ch\/fr\/regionen\/2022-10-26\/wetzikon-wohn-und-gewerbekomplex-h45-im-bau\/#primaryimage","url":"https:\/\/www.immobilienbusiness.ch\/wp-content\/uploads\/2022\/10\/h45.png","contentUrl":"https:\/\/www.immobilienbusiness.ch\/wp-content\/uploads\/2022\/10\/h45.png","width":1166,"height":539,"caption":"Die Entw\u00fcrfe f\u00fcr das H45 stammen von der CH Architekten AG (Bild: Egolf Immobilien)"},{"@type":"BreadcrumbList","@id":"https:\/\/www.immobilienbusiness.ch\/fr\/regionen\/2022-10-26\/wetzikon-wohn-und-gewerbekomplex-h45-im-bau\/#breadcrumb","itemListElement":[{"@type":"ListItem","position":1,"name":"Home","item":"https:\/\/www.immobilienbusiness.ch\/"},{"@type":"ListItem","position":2,"name":"Wetzikon: Wohn- und Gewerbekomplex H45 im Bau"}]},{"@type":"WebSite","@id":"https:\/\/www.immobilienbusiness.ch\/#website","url":"https:\/\/www.immobilienbusiness.ch\/","name":"IMMOBILIEN Business","description":"Unabh\u00e4ngiges Schweizer Wirtschaftsmagazin mit Fokus auf Immobilien, Architektur- und Bau sowie Investment- und Finanzierung.","publisher":{"@id":"https:\/\/www.immobilienbusiness.ch\/#organization"},"potentialAction":[{"@type":"SearchAction","target":{"@type":"EntryPoint","urlTemplate":"https:\/\/www.immobilienbusiness.ch\/?s={search_term_string}"},"query-input":{"@type":"PropertyValueSpecification","valueRequired":true,"valueName":"search_term_string"}}],"inLanguage":"de"},{"@type":"Organization","@id":"https:\/\/www.immobilienbusiness.ch\/#organization","name":"IMMOBILIEN Business","url":"https:\/\/www.immobilienbusiness.ch\/","logo":{"@type":"ImageObject","inLanguage":"de","@id":"https:\/\/www.immobilienbusiness.ch\/#\/schema\/logo\/image\/","url":"https:\/\/www.immobilienbusiness.ch\/wp-content\/uploads\/2021\/07\/logo_ib.png","contentUrl":"https:\/\/www.immobilienbusiness.ch\/wp-content\/uploads\/2021\/07\/logo_ib.png","width":800,"height":181,"caption":"IMMOBILIEN Business"},"image":{"@id":"https:\/\/www.immobilienbusiness.ch\/#\/schema\/logo\/image\/"},"sameAs":["https:\/\/www.facebook.com\/immobilienbusiness\/"]},{"@type":"Person","@id":"https:\/\/www.immobilienbusiness.ch\/#\/schema\/person\/aba8bea2db926aa0c24c08c43fe1fcd5","name":"Alexander Wachter","image":{"@type":"ImageObject","inLanguage":"de","@id":"https:\/\/secure.gravatar.com\/avatar\/1a09e471f5389b0e0a6416eac287e0927c7c97a7b77f9e787eba3af7aee281dd?s=96&d=mm&r=g","url":"https:\/\/secure.gravatar.com\/avatar\/1a09e471f5389b0e0a6416eac287e0927c7c97a7b77f9e787eba3af7aee281dd?s=96&d=mm&r=g","contentUrl":"https:\/\/secure.gravatar.com\/avatar\/1a09e471f5389b0e0a6416eac287e0927c7c97a7b77f9e787eba3af7aee281dd?s=96&d=mm&r=g","caption":"Alexander Wachter"},"url":"https:\/\/www.immobilienbusiness.ch\/de\/author\/alexander-wachter\/"}]}},"_links":{"self":[{"href":"https:\/\/www.immobilienbusiness.ch\/de\/wp-json\/wp\/v2\/posts\/44478","targetHints":{"allow":["GET"]}}],"collection":[{"href":"https:\/\/www.immobilienbusiness.ch\/de\/wp-json\/wp\/v2\/posts"}],"about":[{"href":"https:\/\/www.immobilienbusiness.ch\/de\/wp-json\/wp\/v2\/types\/post"}],"author":[{"embeddable":true,"href":"https:\/\/www.immobilienbusiness.ch\/de\/wp-json\/wp\/v2\/users\/102"}],"replies":[{"embeddable":true,"href":"https:\/\/www.immobilienbusiness.ch\/de\/wp-json\/wp\/v2\/comments?post=44478"}],"version-history":[{"count":6,"href":"https:\/\/www.immobilienbusiness.ch\/de\/wp-json\/wp\/v2\/posts\/44478\/revisions"}],"predecessor-version":[{"id":44505,"href":"https:\/\/www.immobilienbusiness.ch\/de\/wp-json\/wp\/v2\/posts\/44478\/revisions\/44505"}],"wp:featuredmedia":[{"embeddable":true,"href":"https:\/\/www.immobilienbusiness.ch\/de\/wp-json\/wp\/v2\/media\/44479"}],"wp:attachment":[{"href":"https:\/\/www.immobilienbusiness.ch\/de\/wp-json\/wp\/v2\/media?parent=44478"}],"wp:term":[{"taxonomy":"category","embeddable":true,"href":"https:\/\/www.immobilienbusiness.ch\/de\/wp-json\/wp\/v2\/categories?post=44478"},{"taxonomy":"post_tag","embeddable":true,"href":"https:\/\/www.immobilienbusiness.ch\/de\/wp-json\/wp\/v2\/tags?post=44478"}],"curies":[{"name":"wp","href":"https:\/\/api.w.org\/{rel}","templated":true}]}}