{"id":4438,"date":"2016-12-08T09:33:36","date_gmt":"2016-12-08T08:33:36","guid":{"rendered":"http:\/\/dev.immobilienbusiness.ch\/?p=4438"},"modified":"2016-12-08T09:33:36","modified_gmt":"2016-12-08T08:33:36","slug":"boersenstart-fuer-varia","status":"publish","type":"post","link":"https:\/\/www.immobilienbusiness.ch\/de\/unternehmen\/2016-12-08\/boersenstart-fuer-varia\/","title":{"rendered":"B\u00f6rsenstart f\u00fcr Varia"},"content":{"rendered":"<figure id=\"attachment_4440\" aria-describedby=\"caption-attachment-4440\" style=\"width: 680px\" class=\"wp-caption alignnone\"><img loading=\"lazy\" decoding=\"async\" class=\"size-medium wp-image-4440\" src=\"https:\/\/immobilienbusiness.ch\/wp-content\/uploads\/2016\/12\/B\u00f6rsenstart-f\u00fcr-Varia-immobilien-business.jpg\" alt=\"Am 8. Dezember 2016 ist der erste Handelstag der Varia-Aktien an der SIX (Foto: SIX)\" width=\"680\" height=\"446\" \/><figcaption id=\"caption-attachment-4440\" class=\"wp-caption-text\">Am 8. Dezember 2016 ist der erste Handelstag der Varia-Aktien an der SIX (Foto: SIX)<\/figcaption><\/figure>\n<p>Insgesamt wurden rund 3,1 Millionen Aktien zum Emissionspreis von je 35 CHF ausgegeben. Bei vollst\u00e4ndiger Aus\u00fcbung der Mehrzuteilungsoption von bis zu 464.562 Aktien wird das Unternehmen insgesamt rund 3,56 Millionen neue Namenaktien emittieren. Dies entspricht einem Platzierungsvolumen von 124,7 Millionen CHF und einer Marktkapitalisierung von 233,1 Millionen CHF. Der Free Float erreicht rund 40 Prozent, wenn die Mehrzuteilungsoption vollst\u00e4ndig ausge\u00fcbt wird.<\/p>\n<p>Wie Varia mitteilt, war die Nachfrage nach den Aktien von Schweizer und internationalen institutionellen Anlegern sowie inl\u00e4ndischen Privatanlegern gross, so dass das Angebot \u00fcberzeichnet war.<\/p>\n<p>Die Varia US Properties AG ist eine 2015 gegr\u00fcndete Schweizer Immobiliengesellschaft, die ausschliesslich im US-amerikanischen Mehrfamilienhaussektor mit Schwerpunkt auf den Sekund\u00e4r- und Terti\u00e4rmarkt t\u00e4tig ist. Das Unternehmen erwirbt, h\u00e4lt, umstrukturiert und positioniert Immobilien in Metropolregionen der USA neu, um damit stabile Mieteinnahmen und Wertzuwachs zu erzielen. Das Immobilienportfolio von Varia wies per 30. Juni 2016 ein Anlagevolumen von 301 Millionen US-Dollar auf und umfasste 39 Liegenschaften mit ca. 5.000 Wohneinheiten in 14 US-Bundesstaaten. (ah)<\/p>\n","protected":false},"excerpt":{"rendered":"<p>Die Varia US Properties AG hat ihren IPO abgeschlossen. Die Aktien des Unternehmems werden ab heute, 8. Dezember 2016, an der SIX Swiss Exchange kotiert.<\/p>\n","protected":false},"author":1,"featured_media":4440,"comment_status":"open","ping_status":"open","sticky":false,"template":"","format":"standard","meta":{"_acf_changed":false,"_yoast_wpseo_focuskw":"Varia","_yoast_wpseo_title":"","_yoast_wpseo_metadesc":"Die Varia US Properties AG hat ihren IPO abgeschlossen. Die Aktien des Unternehmems werden ab heute, 8. Dezember 2016, an der SIX Swiss Exchange kotiert.","_yoast_wpseo_linkdex":72,"pgc_sgb_lightbox_settings":"","footnotes":""},"categories":[988],"tags":[1807],"class_list":["post-4438","post","type-post","status-publish","format-standard","has-post-thumbnail","hentry","category-unternehmen","tag-unternehmen"],"acf":[],"yoast_head":"<!-- This site is optimized with the Yoast SEO plugin v27.5 - https:\/\/yoast.com\/product\/yoast-seo-wordpress\/ -->\n<title>B\u00f6rsenstart f\u00fcr Varia - IMMOBILIEN Business<\/title>\n<meta name=\"description\" content=\"Die Varia US Properties AG hat ihren IPO abgeschlossen. Die Aktien des Unternehmems werden ab heute, 8. Dezember 2016, an der SIX Swiss Exchange kotiert.\" \/>\n<meta name=\"robots\" content=\"index, follow, max-snippet:-1, max-image-preview:large, max-video-preview:-1\" \/>\n<link rel=\"canonical\" href=\"https:\/\/www.immobilienbusiness.ch\/de\/unternehmen\/2016-12-08\/boersenstart-fuer-varia\/\" \/>\n<meta property=\"og:locale\" content=\"de_DE\" \/>\n<meta property=\"og:type\" content=\"article\" \/>\n<meta property=\"og:title\" content=\"B\u00f6rsenstart f\u00fcr Varia\" \/>\n<meta property=\"og:description\" content=\"Die Varia US Properties AG hat ihren IPO abgeschlossen. Die Aktien des Unternehmems werden ab heute, 8. Dezember 2016, an der SIX Swiss Exchange kotiert.\" \/>\n<meta property=\"og:url\" content=\"https:\/\/www.immobilienbusiness.ch\/de\/unternehmen\/2016-12-08\/boersenstart-fuer-varia\/\" \/>\n<meta property=\"og:site_name\" content=\"IMMOBILIEN Business\" \/>\n<meta property=\"article:publisher\" content=\"https:\/\/www.facebook.com\/immobilienbusiness\/\" \/>\n<meta property=\"article:published_time\" content=\"2016-12-08T08:33:36+00:00\" \/>\n<meta name=\"author\" content=\"Redaktion\" \/>\n<meta name=\"twitter:card\" content=\"summary_large_image\" \/>\n<meta name=\"twitter:image\" content=\"https:\/\/www.immobilienbusiness.ch\/wp-content\/uploads\/2016\/12\/Boersenstart-fuer-Varia-immobilien-business.jpg\" \/>\n<script type=\"application\/ld+json\" class=\"yoast-schema-graph\">{\"@context\":\"https:\\\/\\\/schema.org\",\"@graph\":[{\"@type\":\"Article\",\"@id\":\"https:\\\/\\\/www.immobilienbusiness.ch\\\/fr\\\/unternehmen\\\/2016-12-08\\\/boersenstart-fuer-varia\\\/#article\",\"isPartOf\":{\"@id\":\"https:\\\/\\\/www.immobilienbusiness.ch\\\/fr\\\/unternehmen\\\/2016-12-08\\\/boersenstart-fuer-varia\\\/\"},\"author\":{\"name\":\"Redaktion\",\"@id\":\"https:\\\/\\\/www.immobilienbusiness.ch\\\/#\\\/schema\\\/person\\\/aa2bace6c5c5aad60102004a50c4eb1c\"},\"headline\":\"B\u00f6rsenstart f\u00fcr Varia\",\"datePublished\":\"2016-12-08T08:33:36+00:00\",\"mainEntityOfPage\":{\"@id\":\"https:\\\/\\\/www.immobilienbusiness.ch\\\/fr\\\/unternehmen\\\/2016-12-08\\\/boersenstart-fuer-varia\\\/\"},\"wordCount\":181,\"commentCount\":0,\"publisher\":{\"@id\":\"https:\\\/\\\/www.immobilienbusiness.ch\\\/#organization\"},\"image\":{\"@id\":\"https:\\\/\\\/www.immobilienbusiness.ch\\\/fr\\\/unternehmen\\\/2016-12-08\\\/boersenstart-fuer-varia\\\/#primaryimage\"},\"thumbnailUrl\":\"https:\\\/\\\/www.immobilienbusiness.ch\\\/wp-content\\\/uploads\\\/2016\\\/12\\\/Boersenstart-fuer-Varia-immobilien-business.jpg\",\"keywords\":[\"Unternehmen\"],\"articleSection\":[\"UNTERNEHMEN\"],\"inLanguage\":\"de\"},{\"@type\":\"WebPage\",\"@id\":\"https:\\\/\\\/www.immobilienbusiness.ch\\\/fr\\\/unternehmen\\\/2016-12-08\\\/boersenstart-fuer-varia\\\/\",\"url\":\"https:\\\/\\\/www.immobilienbusiness.ch\\\/fr\\\/unternehmen\\\/2016-12-08\\\/boersenstart-fuer-varia\\\/\",\"name\":\"B\u00f6rsenstart f\u00fcr Varia - IMMOBILIEN Business\",\"isPartOf\":{\"@id\":\"https:\\\/\\\/www.immobilienbusiness.ch\\\/#website\"},\"primaryImageOfPage\":{\"@id\":\"https:\\\/\\\/www.immobilienbusiness.ch\\\/fr\\\/unternehmen\\\/2016-12-08\\\/boersenstart-fuer-varia\\\/#primaryimage\"},\"image\":{\"@id\":\"https:\\\/\\\/www.immobilienbusiness.ch\\\/fr\\\/unternehmen\\\/2016-12-08\\\/boersenstart-fuer-varia\\\/#primaryimage\"},\"thumbnailUrl\":\"https:\\\/\\\/www.immobilienbusiness.ch\\\/wp-content\\\/uploads\\\/2016\\\/12\\\/Boersenstart-fuer-Varia-immobilien-business.jpg\",\"datePublished\":\"2016-12-08T08:33:36+00:00\",\"description\":\"Die Varia US Properties AG hat ihren IPO abgeschlossen. Die Aktien des Unternehmems werden ab heute, 8. Dezember 2016, an der SIX Swiss Exchange kotiert.\",\"breadcrumb\":{\"@id\":\"https:\\\/\\\/www.immobilienbusiness.ch\\\/fr\\\/unternehmen\\\/2016-12-08\\\/boersenstart-fuer-varia\\\/#breadcrumb\"},\"inLanguage\":\"de\",\"potentialAction\":[{\"@type\":\"ReadAction\",\"target\":[\"https:\\\/\\\/www.immobilienbusiness.ch\\\/fr\\\/unternehmen\\\/2016-12-08\\\/boersenstart-fuer-varia\\\/\"]}]},{\"@type\":\"ImageObject\",\"inLanguage\":\"de\",\"@id\":\"https:\\\/\\\/www.immobilienbusiness.ch\\\/fr\\\/unternehmen\\\/2016-12-08\\\/boersenstart-fuer-varia\\\/#primaryimage\",\"url\":\"https:\\\/\\\/www.immobilienbusiness.ch\\\/wp-content\\\/uploads\\\/2016\\\/12\\\/Boersenstart-fuer-Varia-immobilien-business.jpg\",\"contentUrl\":\"https:\\\/\\\/www.immobilienbusiness.ch\\\/wp-content\\\/uploads\\\/2016\\\/12\\\/Boersenstart-fuer-Varia-immobilien-business.jpg\",\"width\":1890,\"height\":1241,\"caption\":\"Am 8. Dezember 2016 ist der erste Handelstag der Varia-Aktien an der SIX (Foto: SIX)\"},{\"@type\":\"BreadcrumbList\",\"@id\":\"https:\\\/\\\/www.immobilienbusiness.ch\\\/fr\\\/unternehmen\\\/2016-12-08\\\/boersenstart-fuer-varia\\\/#breadcrumb\",\"itemListElement\":[{\"@type\":\"ListItem\",\"position\":1,\"name\":\"Home\",\"item\":\"https:\\\/\\\/www.immobilienbusiness.ch\\\/\"},{\"@type\":\"ListItem\",\"position\":2,\"name\":\"B\u00f6rsenstart f\u00fcr Varia\"}]},{\"@type\":\"WebSite\",\"@id\":\"https:\\\/\\\/www.immobilienbusiness.ch\\\/#website\",\"url\":\"https:\\\/\\\/www.immobilienbusiness.ch\\\/\",\"name\":\"IMMOBILIEN Business\",\"description\":\"Unabh\u00e4ngiges Schweizer Wirtschaftsmagazin mit Fokus auf Immobilien, Architektur- und Bau sowie Investment- und Finanzierung.\",\"publisher\":{\"@id\":\"https:\\\/\\\/www.immobilienbusiness.ch\\\/#organization\"},\"potentialAction\":[{\"@type\":\"SearchAction\",\"target\":{\"@type\":\"EntryPoint\",\"urlTemplate\":\"https:\\\/\\\/www.immobilienbusiness.ch\\\/?s={search_term_string}\"},\"query-input\":{\"@type\":\"PropertyValueSpecification\",\"valueRequired\":true,\"valueName\":\"search_term_string\"}}],\"inLanguage\":\"de\"},{\"@type\":\"Organization\",\"@id\":\"https:\\\/\\\/www.immobilienbusiness.ch\\\/#organization\",\"name\":\"IMMOBILIEN Business\",\"url\":\"https:\\\/\\\/www.immobilienbusiness.ch\\\/\",\"logo\":{\"@type\":\"ImageObject\",\"inLanguage\":\"de\",\"@id\":\"https:\\\/\\\/www.immobilienbusiness.ch\\\/#\\\/schema\\\/logo\\\/image\\\/\",\"url\":\"https:\\\/\\\/www.immobilienbusiness.ch\\\/wp-content\\\/uploads\\\/2021\\\/07\\\/logo_ib.png\",\"contentUrl\":\"https:\\\/\\\/www.immobilienbusiness.ch\\\/wp-content\\\/uploads\\\/2021\\\/07\\\/logo_ib.png\",\"width\":800,\"height\":181,\"caption\":\"IMMOBILIEN Business\"},\"image\":{\"@id\":\"https:\\\/\\\/www.immobilienbusiness.ch\\\/#\\\/schema\\\/logo\\\/image\\\/\"},\"sameAs\":[\"https:\\\/\\\/www.facebook.com\\\/immobilienbusiness\\\/\"]},{\"@type\":\"Person\",\"@id\":\"https:\\\/\\\/www.immobilienbusiness.ch\\\/#\\\/schema\\\/person\\\/aa2bace6c5c5aad60102004a50c4eb1c\",\"name\":\"Redaktion\",\"image\":{\"@type\":\"ImageObject\",\"inLanguage\":\"de\",\"@id\":\"https:\\\/\\\/secure.gravatar.com\\\/avatar\\\/ae2f4d718e6c49043e314ce431e7e645d646302a24a5ef5a8bc8e3f5a032e319?s=96&d=mm&r=g\",\"url\":\"https:\\\/\\\/secure.gravatar.com\\\/avatar\\\/ae2f4d718e6c49043e314ce431e7e645d646302a24a5ef5a8bc8e3f5a032e319?s=96&d=mm&r=g\",\"contentUrl\":\"https:\\\/\\\/secure.gravatar.com\\\/avatar\\\/ae2f4d718e6c49043e314ce431e7e645d646302a24a5ef5a8bc8e3f5a032e319?s=96&d=mm&r=g\",\"caption\":\"Redaktion\"},\"sameAs\":[\"http:\\\/\\\/develop.organisator.galledia.ch\"],\"url\":\"https:\\\/\\\/www.immobilienbusiness.ch\\\/de\\\/author\\\/admin\\\/\"}]}<\/script>\n<!-- \/ Yoast SEO plugin. -->","yoast_head_json":{"title":"B\u00f6rsenstart f\u00fcr Varia - IMMOBILIEN Business","description":"Die Varia US Properties AG hat ihren IPO abgeschlossen. Die Aktien des Unternehmems werden ab heute, 8. Dezember 2016, an der SIX Swiss Exchange kotiert.","robots":{"index":"index","follow":"follow","max-snippet":"max-snippet:-1","max-image-preview":"max-image-preview:large","max-video-preview":"max-video-preview:-1"},"canonical":"https:\/\/www.immobilienbusiness.ch\/de\/unternehmen\/2016-12-08\/boersenstart-fuer-varia\/","og_locale":"de_DE","og_type":"article","og_title":"B\u00f6rsenstart f\u00fcr Varia","og_description":"Die Varia US Properties AG hat ihren IPO abgeschlossen. Die Aktien des Unternehmems werden ab heute, 8. Dezember 2016, an der SIX Swiss Exchange kotiert.","og_url":"https:\/\/www.immobilienbusiness.ch\/de\/unternehmen\/2016-12-08\/boersenstart-fuer-varia\/","og_site_name":"IMMOBILIEN Business","article_publisher":"https:\/\/www.facebook.com\/immobilienbusiness\/","article_published_time":"2016-12-08T08:33:36+00:00","author":"Redaktion","twitter_card":"summary_large_image","twitter_image":"https:\/\/www.immobilienbusiness.ch\/wp-content\/uploads\/2016\/12\/Boersenstart-fuer-Varia-immobilien-business.jpg","schema":{"@context":"https:\/\/schema.org","@graph":[{"@type":"Article","@id":"https:\/\/www.immobilienbusiness.ch\/fr\/unternehmen\/2016-12-08\/boersenstart-fuer-varia\/#article","isPartOf":{"@id":"https:\/\/www.immobilienbusiness.ch\/fr\/unternehmen\/2016-12-08\/boersenstart-fuer-varia\/"},"author":{"name":"Redaktion","@id":"https:\/\/www.immobilienbusiness.ch\/#\/schema\/person\/aa2bace6c5c5aad60102004a50c4eb1c"},"headline":"B\u00f6rsenstart f\u00fcr Varia","datePublished":"2016-12-08T08:33:36+00:00","mainEntityOfPage":{"@id":"https:\/\/www.immobilienbusiness.ch\/fr\/unternehmen\/2016-12-08\/boersenstart-fuer-varia\/"},"wordCount":181,"commentCount":0,"publisher":{"@id":"https:\/\/www.immobilienbusiness.ch\/#organization"},"image":{"@id":"https:\/\/www.immobilienbusiness.ch\/fr\/unternehmen\/2016-12-08\/boersenstart-fuer-varia\/#primaryimage"},"thumbnailUrl":"https:\/\/www.immobilienbusiness.ch\/wp-content\/uploads\/2016\/12\/Boersenstart-fuer-Varia-immobilien-business.jpg","keywords":["Unternehmen"],"articleSection":["UNTERNEHMEN"],"inLanguage":"de"},{"@type":"WebPage","@id":"https:\/\/www.immobilienbusiness.ch\/fr\/unternehmen\/2016-12-08\/boersenstart-fuer-varia\/","url":"https:\/\/www.immobilienbusiness.ch\/fr\/unternehmen\/2016-12-08\/boersenstart-fuer-varia\/","name":"B\u00f6rsenstart f\u00fcr Varia - IMMOBILIEN Business","isPartOf":{"@id":"https:\/\/www.immobilienbusiness.ch\/#website"},"primaryImageOfPage":{"@id":"https:\/\/www.immobilienbusiness.ch\/fr\/unternehmen\/2016-12-08\/boersenstart-fuer-varia\/#primaryimage"},"image":{"@id":"https:\/\/www.immobilienbusiness.ch\/fr\/unternehmen\/2016-12-08\/boersenstart-fuer-varia\/#primaryimage"},"thumbnailUrl":"https:\/\/www.immobilienbusiness.ch\/wp-content\/uploads\/2016\/12\/Boersenstart-fuer-Varia-immobilien-business.jpg","datePublished":"2016-12-08T08:33:36+00:00","description":"Die Varia US Properties AG hat ihren IPO abgeschlossen. Die Aktien des Unternehmems werden ab heute, 8. Dezember 2016, an der SIX Swiss Exchange kotiert.","breadcrumb":{"@id":"https:\/\/www.immobilienbusiness.ch\/fr\/unternehmen\/2016-12-08\/boersenstart-fuer-varia\/#breadcrumb"},"inLanguage":"de","potentialAction":[{"@type":"ReadAction","target":["https:\/\/www.immobilienbusiness.ch\/fr\/unternehmen\/2016-12-08\/boersenstart-fuer-varia\/"]}]},{"@type":"ImageObject","inLanguage":"de","@id":"https:\/\/www.immobilienbusiness.ch\/fr\/unternehmen\/2016-12-08\/boersenstart-fuer-varia\/#primaryimage","url":"https:\/\/www.immobilienbusiness.ch\/wp-content\/uploads\/2016\/12\/Boersenstart-fuer-Varia-immobilien-business.jpg","contentUrl":"https:\/\/www.immobilienbusiness.ch\/wp-content\/uploads\/2016\/12\/Boersenstart-fuer-Varia-immobilien-business.jpg","width":1890,"height":1241,"caption":"Am 8. Dezember 2016 ist der erste Handelstag der Varia-Aktien an der SIX (Foto: SIX)"},{"@type":"BreadcrumbList","@id":"https:\/\/www.immobilienbusiness.ch\/fr\/unternehmen\/2016-12-08\/boersenstart-fuer-varia\/#breadcrumb","itemListElement":[{"@type":"ListItem","position":1,"name":"Home","item":"https:\/\/www.immobilienbusiness.ch\/"},{"@type":"ListItem","position":2,"name":"B\u00f6rsenstart f\u00fcr Varia"}]},{"@type":"WebSite","@id":"https:\/\/www.immobilienbusiness.ch\/#website","url":"https:\/\/www.immobilienbusiness.ch\/","name":"IMMOBILIEN Business","description":"Unabh\u00e4ngiges Schweizer Wirtschaftsmagazin mit Fokus auf Immobilien, Architektur- und Bau sowie Investment- und Finanzierung.","publisher":{"@id":"https:\/\/www.immobilienbusiness.ch\/#organization"},"potentialAction":[{"@type":"SearchAction","target":{"@type":"EntryPoint","urlTemplate":"https:\/\/www.immobilienbusiness.ch\/?s={search_term_string}"},"query-input":{"@type":"PropertyValueSpecification","valueRequired":true,"valueName":"search_term_string"}}],"inLanguage":"de"},{"@type":"Organization","@id":"https:\/\/www.immobilienbusiness.ch\/#organization","name":"IMMOBILIEN Business","url":"https:\/\/www.immobilienbusiness.ch\/","logo":{"@type":"ImageObject","inLanguage":"de","@id":"https:\/\/www.immobilienbusiness.ch\/#\/schema\/logo\/image\/","url":"https:\/\/www.immobilienbusiness.ch\/wp-content\/uploads\/2021\/07\/logo_ib.png","contentUrl":"https:\/\/www.immobilienbusiness.ch\/wp-content\/uploads\/2021\/07\/logo_ib.png","width":800,"height":181,"caption":"IMMOBILIEN Business"},"image":{"@id":"https:\/\/www.immobilienbusiness.ch\/#\/schema\/logo\/image\/"},"sameAs":["https:\/\/www.facebook.com\/immobilienbusiness\/"]},{"@type":"Person","@id":"https:\/\/www.immobilienbusiness.ch\/#\/schema\/person\/aa2bace6c5c5aad60102004a50c4eb1c","name":"Redaktion","image":{"@type":"ImageObject","inLanguage":"de","@id":"https:\/\/secure.gravatar.com\/avatar\/ae2f4d718e6c49043e314ce431e7e645d646302a24a5ef5a8bc8e3f5a032e319?s=96&d=mm&r=g","url":"https:\/\/secure.gravatar.com\/avatar\/ae2f4d718e6c49043e314ce431e7e645d646302a24a5ef5a8bc8e3f5a032e319?s=96&d=mm&r=g","contentUrl":"https:\/\/secure.gravatar.com\/avatar\/ae2f4d718e6c49043e314ce431e7e645d646302a24a5ef5a8bc8e3f5a032e319?s=96&d=mm&r=g","caption":"Redaktion"},"sameAs":["http:\/\/develop.organisator.galledia.ch"],"url":"https:\/\/www.immobilienbusiness.ch\/de\/author\/admin\/"}]}},"_links":{"self":[{"href":"https:\/\/www.immobilienbusiness.ch\/de\/wp-json\/wp\/v2\/posts\/4438","targetHints":{"allow":["GET"]}}],"collection":[{"href":"https:\/\/www.immobilienbusiness.ch\/de\/wp-json\/wp\/v2\/posts"}],"about":[{"href":"https:\/\/www.immobilienbusiness.ch\/de\/wp-json\/wp\/v2\/types\/post"}],"author":[{"embeddable":true,"href":"https:\/\/www.immobilienbusiness.ch\/de\/wp-json\/wp\/v2\/users\/1"}],"replies":[{"embeddable":true,"href":"https:\/\/www.immobilienbusiness.ch\/de\/wp-json\/wp\/v2\/comments?post=4438"}],"version-history":[{"count":0,"href":"https:\/\/www.immobilienbusiness.ch\/de\/wp-json\/wp\/v2\/posts\/4438\/revisions"}],"wp:featuredmedia":[{"embeddable":true,"href":"https:\/\/www.immobilienbusiness.ch\/de\/wp-json\/wp\/v2\/media\/4440"}],"wp:attachment":[{"href":"https:\/\/www.immobilienbusiness.ch\/de\/wp-json\/wp\/v2\/media?parent=4438"}],"wp:term":[{"taxonomy":"category","embeddable":true,"href":"https:\/\/www.immobilienbusiness.ch\/de\/wp-json\/wp\/v2\/categories?post=4438"},{"taxonomy":"post_tag","embeddable":true,"href":"https:\/\/www.immobilienbusiness.ch\/de\/wp-json\/wp\/v2\/tags?post=4438"}],"curies":[{"name":"wp","href":"https:\/\/api.w.org\/{rel}","templated":true}]}}