{"id":44324,"date":"2022-10-12T08:40:51","date_gmt":"2022-10-12T06:40:51","guid":{"rendered":"https:\/\/www.immobilienbusiness.ch\/?p=44324"},"modified":"2022-11-03T09:54:52","modified_gmt":"2022-11-03T08:54:52","slug":"vebego-christoph-ackermann-ist-neuer-ceo","status":"publish","type":"post","link":"https:\/\/www.immobilienbusiness.ch\/de\/personalia\/2022-10-12\/vebego-christoph-ackermann-ist-neuer-ceo\/","title":{"rendered":"Vebego: Christoph Ackermann ist neuer CEO"},"content":{"rendered":"<figure id=\"attachment_44325\" aria-describedby=\"caption-attachment-44325\" style=\"width: 300px\" class=\"wp-caption alignnone\"><a href=\"https:\/\/www.immobilienbusiness.ch\/wp-content\/uploads\/2022\/10\/Ackermann.png\"><img loading=\"lazy\" decoding=\"async\" class=\"size-full wp-image-44325\" src=\"https:\/\/www.immobilienbusiness.ch\/wp-content\/uploads\/2022\/10\/Ackermann.png\" alt=\"\" width=\"300\" height=\"200\" srcset=\"https:\/\/www.immobilienbusiness.ch\/wp-content\/uploads\/2022\/10\/Ackermann.png 300w, https:\/\/www.immobilienbusiness.ch\/wp-content\/uploads\/2022\/10\/Ackermann-18x12.png 18w\" sizes=\"auto, (max-width: 300px) 100vw, 300px\" \/><\/a><figcaption id=\"caption-attachment-44325\" class=\"wp-caption-text\">Christoph Ackermann leitet einen der gr\u00f6ssten FM-Dienstleister des Landes (Bild: Vebego)<\/figcaption><\/figure>\n<p>Der 50-J\u00e4hrige arbeitete zuletzt drei Jahre lang als CEO f\u00fcr den Z\u00fcrcher Geb\u00e4udeverwalter Rohr AG mit 1.000 Mitarbeitern. \u00abMit Christoph Ackermann hat die Vebego AG den richtigen CEO gefunden, der bestens zu ihren St\u00e4rken und Grunds\u00e4tzen passt\u00bb, sagt Verwaltungsratpr\u00e4sident Giuseppe Santagada. \u00abEr wird den eingeschlagenen Kurs der Vebego AG mit Fokussierung auf die drei Standbeine Facility Management, Facility Services und Gesundheitsbereich fortsetzen und durch gezieltes Wachstum weiterentwickeln sowie neue Arbeitspl\u00e4tze schaffen.\u00bb<\/p>\n<p>Vebego erwirtschaftet in der Schweiz einen Umsatz von \u00fcber 212 Mio. CHF und besch\u00e4ftigt mehr als 6.000 Menschen an 20 Standorten in der ganzen Schweiz und im F\u00fcrstentum Liechtenstein. <em>(aw)<\/em><\/p>\n","protected":false},"excerpt":{"rendered":"<p>Seit Anfang Oktober steht Christoph Ackermann (50) an der Spitze des Facility-Management-Dienstleisters Vebego.<\/p>\n","protected":false},"author":102,"featured_media":44325,"comment_status":"closed","ping_status":"closed","sticky":false,"template":"","format":"standard","meta":{"_acf_changed":false,"_yoast_wpseo_focuskw":"Vebego","_yoast_wpseo_title":"","_yoast_wpseo_metadesc":"Seit Anfang Oktober steht Christoph Ackermann (50) an der Spitze des Facility-Management-Dienstleisters Vebego.","_yoast_wpseo_linkdex":46,"pgc_sgb_lightbox_settings":"","footnotes":""},"categories":[1912],"tags":[2096,1563,1818],"class_list":["post-44324","post","type-post","status-publish","format-standard","has-post-thumbnail","hentry","category-personalia","tag-fm","tag-personalia","tag-vebego"],"acf":[],"yoast_head":"<!-- This site is optimized with the Yoast SEO plugin v27.4 - https:\/\/yoast.com\/product\/yoast-seo-wordpress\/ -->\n<title>Vebego: Christoph Ackermann ist neuer CEO - IMMOBILIEN Business<\/title>\n<meta name=\"description\" content=\"Seit Anfang Oktober steht Christoph Ackermann (50) an der Spitze des Facility-Management-Dienstleisters Vebego.\" \/>\n<meta name=\"robots\" content=\"index, follow, max-snippet:-1, max-image-preview:large, max-video-preview:-1\" \/>\n<link rel=\"canonical\" href=\"https:\/\/www.immobilienbusiness.ch\/de\/personalia\/2022-10-12\/vebego-christoph-ackermann-ist-neuer-ceo\/\" \/>\n<meta property=\"og:locale\" content=\"de_DE\" \/>\n<meta property=\"og:type\" content=\"article\" \/>\n<meta property=\"og:title\" content=\"Vebego: Christoph Ackermann ist neuer CEO - IMMOBILIEN Business\" \/>\n<meta property=\"og:description\" content=\"Seit Anfang Oktober steht Christoph Ackermann (50) an der Spitze des Facility-Management-Dienstleisters Vebego.\" \/>\n<meta property=\"og:url\" content=\"https:\/\/www.immobilienbusiness.ch\/de\/personalia\/2022-10-12\/vebego-christoph-ackermann-ist-neuer-ceo\/\" \/>\n<meta property=\"og:site_name\" content=\"IMMOBILIEN Business\" \/>\n<meta property=\"article:publisher\" content=\"https:\/\/www.facebook.com\/immobilienbusiness\/\" \/>\n<meta property=\"article:published_time\" content=\"2022-10-12T06:40:51+00:00\" \/>\n<meta property=\"article:modified_time\" content=\"2022-11-03T08:54:52+00:00\" \/>\n<meta property=\"og:image\" content=\"https:\/\/www.immobilienbusiness.ch\/wp-content\/uploads\/2022\/10\/Ackermann.png\" \/>\n\t<meta property=\"og:image:width\" content=\"300\" \/>\n\t<meta property=\"og:image:height\" content=\"200\" \/>\n\t<meta property=\"og:image:type\" content=\"image\/png\" \/>\n<meta name=\"author\" content=\"Alexander Wachter\" \/>\n<meta name=\"twitter:card\" content=\"summary_large_image\" \/>\n<script type=\"application\/ld+json\" class=\"yoast-schema-graph\">{\"@context\":\"https:\\\/\\\/schema.org\",\"@graph\":[{\"@type\":\"Article\",\"@id\":\"https:\\\/\\\/www.immobilienbusiness.ch\\\/de\\\/personalia\\\/2022-10-12\\\/vebego-christoph-ackermann-ist-neuer-ceo\\\/#article\",\"isPartOf\":{\"@id\":\"https:\\\/\\\/www.immobilienbusiness.ch\\\/de\\\/personalia\\\/2022-10-12\\\/vebego-christoph-ackermann-ist-neuer-ceo\\\/\"},\"author\":{\"name\":\"Alexander Wachter\",\"@id\":\"https:\\\/\\\/www.immobilienbusiness.ch\\\/#\\\/schema\\\/person\\\/aba8bea2db926aa0c24c08c43fe1fcd5\"},\"headline\":\"Vebego: Christoph Ackermann ist neuer CEO\",\"datePublished\":\"2022-10-12T06:40:51+00:00\",\"dateModified\":\"2022-11-03T08:54:52+00:00\",\"mainEntityOfPage\":{\"@id\":\"https:\\\/\\\/www.immobilienbusiness.ch\\\/de\\\/personalia\\\/2022-10-12\\\/vebego-christoph-ackermann-ist-neuer-ceo\\\/\"},\"wordCount\":132,\"publisher\":{\"@id\":\"https:\\\/\\\/www.immobilienbusiness.ch\\\/#organization\"},\"image\":{\"@id\":\"https:\\\/\\\/www.immobilienbusiness.ch\\\/de\\\/personalia\\\/2022-10-12\\\/vebego-christoph-ackermann-ist-neuer-ceo\\\/#primaryimage\"},\"thumbnailUrl\":\"https:\\\/\\\/www.immobilienbusiness.ch\\\/wp-content\\\/uploads\\\/2022\\\/10\\\/Ackermann.png\",\"keywords\":[\"FM\",\"Personalia\",\"Vebego\"],\"articleSection\":[\"PERSONALIA\"],\"inLanguage\":\"de\"},{\"@type\":\"WebPage\",\"@id\":\"https:\\\/\\\/www.immobilienbusiness.ch\\\/de\\\/personalia\\\/2022-10-12\\\/vebego-christoph-ackermann-ist-neuer-ceo\\\/\",\"url\":\"https:\\\/\\\/www.immobilienbusiness.ch\\\/de\\\/personalia\\\/2022-10-12\\\/vebego-christoph-ackermann-ist-neuer-ceo\\\/\",\"name\":\"Vebego: Christoph Ackermann ist neuer CEO - IMMOBILIEN Business\",\"isPartOf\":{\"@id\":\"https:\\\/\\\/www.immobilienbusiness.ch\\\/#website\"},\"primaryImageOfPage\":{\"@id\":\"https:\\\/\\\/www.immobilienbusiness.ch\\\/de\\\/personalia\\\/2022-10-12\\\/vebego-christoph-ackermann-ist-neuer-ceo\\\/#primaryimage\"},\"image\":{\"@id\":\"https:\\\/\\\/www.immobilienbusiness.ch\\\/de\\\/personalia\\\/2022-10-12\\\/vebego-christoph-ackermann-ist-neuer-ceo\\\/#primaryimage\"},\"thumbnailUrl\":\"https:\\\/\\\/www.immobilienbusiness.ch\\\/wp-content\\\/uploads\\\/2022\\\/10\\\/Ackermann.png\",\"datePublished\":\"2022-10-12T06:40:51+00:00\",\"dateModified\":\"2022-11-03T08:54:52+00:00\",\"description\":\"Seit Anfang Oktober steht Christoph Ackermann (50) an der Spitze des Facility-Management-Dienstleisters Vebego.\",\"breadcrumb\":{\"@id\":\"https:\\\/\\\/www.immobilienbusiness.ch\\\/de\\\/personalia\\\/2022-10-12\\\/vebego-christoph-ackermann-ist-neuer-ceo\\\/#breadcrumb\"},\"inLanguage\":\"de\",\"potentialAction\":[{\"@type\":\"ReadAction\",\"target\":[\"https:\\\/\\\/www.immobilienbusiness.ch\\\/de\\\/personalia\\\/2022-10-12\\\/vebego-christoph-ackermann-ist-neuer-ceo\\\/\"]}]},{\"@type\":\"ImageObject\",\"inLanguage\":\"de\",\"@id\":\"https:\\\/\\\/www.immobilienbusiness.ch\\\/de\\\/personalia\\\/2022-10-12\\\/vebego-christoph-ackermann-ist-neuer-ceo\\\/#primaryimage\",\"url\":\"https:\\\/\\\/www.immobilienbusiness.ch\\\/wp-content\\\/uploads\\\/2022\\\/10\\\/Ackermann.png\",\"contentUrl\":\"https:\\\/\\\/www.immobilienbusiness.ch\\\/wp-content\\\/uploads\\\/2022\\\/10\\\/Ackermann.png\",\"width\":300,\"height\":200,\"caption\":\"Christoph Ackermann leitet einen der gr\u00f6ssten FM-Dienstleister des Landes (Bild: Vebego)\"},{\"@type\":\"BreadcrumbList\",\"@id\":\"https:\\\/\\\/www.immobilienbusiness.ch\\\/de\\\/personalia\\\/2022-10-12\\\/vebego-christoph-ackermann-ist-neuer-ceo\\\/#breadcrumb\",\"itemListElement\":[{\"@type\":\"ListItem\",\"position\":1,\"name\":\"Home\",\"item\":\"https:\\\/\\\/www.immobilienbusiness.ch\\\/\"},{\"@type\":\"ListItem\",\"position\":2,\"name\":\"Vebego: Christoph Ackermann ist neuer CEO\"}]},{\"@type\":\"WebSite\",\"@id\":\"https:\\\/\\\/www.immobilienbusiness.ch\\\/#website\",\"url\":\"https:\\\/\\\/www.immobilienbusiness.ch\\\/\",\"name\":\"IMMOBILIEN Business\",\"description\":\"Unabh\u00e4ngiges Schweizer Wirtschaftsmagazin mit Fokus auf Immobilien, Architektur- und Bau sowie Investment- und Finanzierung.\",\"publisher\":{\"@id\":\"https:\\\/\\\/www.immobilienbusiness.ch\\\/#organization\"},\"potentialAction\":[{\"@type\":\"SearchAction\",\"target\":{\"@type\":\"EntryPoint\",\"urlTemplate\":\"https:\\\/\\\/www.immobilienbusiness.ch\\\/?s={search_term_string}\"},\"query-input\":{\"@type\":\"PropertyValueSpecification\",\"valueRequired\":true,\"valueName\":\"search_term_string\"}}],\"inLanguage\":\"de\"},{\"@type\":\"Organization\",\"@id\":\"https:\\\/\\\/www.immobilienbusiness.ch\\\/#organization\",\"name\":\"IMMOBILIEN Business\",\"url\":\"https:\\\/\\\/www.immobilienbusiness.ch\\\/\",\"logo\":{\"@type\":\"ImageObject\",\"inLanguage\":\"de\",\"@id\":\"https:\\\/\\\/www.immobilienbusiness.ch\\\/#\\\/schema\\\/logo\\\/image\\\/\",\"url\":\"https:\\\/\\\/www.immobilienbusiness.ch\\\/wp-content\\\/uploads\\\/2021\\\/07\\\/logo_ib.png\",\"contentUrl\":\"https:\\\/\\\/www.immobilienbusiness.ch\\\/wp-content\\\/uploads\\\/2021\\\/07\\\/logo_ib.png\",\"width\":800,\"height\":181,\"caption\":\"IMMOBILIEN Business\"},\"image\":{\"@id\":\"https:\\\/\\\/www.immobilienbusiness.ch\\\/#\\\/schema\\\/logo\\\/image\\\/\"},\"sameAs\":[\"https:\\\/\\\/www.facebook.com\\\/immobilienbusiness\\\/\"]},{\"@type\":\"Person\",\"@id\":\"https:\\\/\\\/www.immobilienbusiness.ch\\\/#\\\/schema\\\/person\\\/aba8bea2db926aa0c24c08c43fe1fcd5\",\"name\":\"Alexander Wachter\",\"image\":{\"@type\":\"ImageObject\",\"inLanguage\":\"de\",\"@id\":\"https:\\\/\\\/secure.gravatar.com\\\/avatar\\\/1a09e471f5389b0e0a6416eac287e0927c7c97a7b77f9e787eba3af7aee281dd?s=96&d=mm&r=g\",\"url\":\"https:\\\/\\\/secure.gravatar.com\\\/avatar\\\/1a09e471f5389b0e0a6416eac287e0927c7c97a7b77f9e787eba3af7aee281dd?s=96&d=mm&r=g\",\"contentUrl\":\"https:\\\/\\\/secure.gravatar.com\\\/avatar\\\/1a09e471f5389b0e0a6416eac287e0927c7c97a7b77f9e787eba3af7aee281dd?s=96&d=mm&r=g\",\"caption\":\"Alexander Wachter\"},\"url\":\"https:\\\/\\\/www.immobilienbusiness.ch\\\/de\\\/author\\\/alexander-wachter\\\/\"}]}<\/script>\n<!-- \/ Yoast SEO plugin. -->","yoast_head_json":{"title":"Vebego: Christoph Ackermann ist neuer CEO - IMMOBILIEN Business","description":"Seit Anfang Oktober steht Christoph Ackermann (50) an der Spitze des Facility-Management-Dienstleisters Vebego.","robots":{"index":"index","follow":"follow","max-snippet":"max-snippet:-1","max-image-preview":"max-image-preview:large","max-video-preview":"max-video-preview:-1"},"canonical":"https:\/\/www.immobilienbusiness.ch\/de\/personalia\/2022-10-12\/vebego-christoph-ackermann-ist-neuer-ceo\/","og_locale":"de_DE","og_type":"article","og_title":"Vebego: Christoph Ackermann ist neuer CEO - IMMOBILIEN Business","og_description":"Seit Anfang Oktober steht Christoph Ackermann (50) an der Spitze des Facility-Management-Dienstleisters Vebego.","og_url":"https:\/\/www.immobilienbusiness.ch\/de\/personalia\/2022-10-12\/vebego-christoph-ackermann-ist-neuer-ceo\/","og_site_name":"IMMOBILIEN Business","article_publisher":"https:\/\/www.facebook.com\/immobilienbusiness\/","article_published_time":"2022-10-12T06:40:51+00:00","article_modified_time":"2022-11-03T08:54:52+00:00","og_image":[{"width":300,"height":200,"url":"https:\/\/www.immobilienbusiness.ch\/wp-content\/uploads\/2022\/10\/Ackermann.png","type":"image\/png"}],"author":"Alexander Wachter","twitter_card":"summary_large_image","schema":{"@context":"https:\/\/schema.org","@graph":[{"@type":"Article","@id":"https:\/\/www.immobilienbusiness.ch\/de\/personalia\/2022-10-12\/vebego-christoph-ackermann-ist-neuer-ceo\/#article","isPartOf":{"@id":"https:\/\/www.immobilienbusiness.ch\/de\/personalia\/2022-10-12\/vebego-christoph-ackermann-ist-neuer-ceo\/"},"author":{"name":"Alexander Wachter","@id":"https:\/\/www.immobilienbusiness.ch\/#\/schema\/person\/aba8bea2db926aa0c24c08c43fe1fcd5"},"headline":"Vebego: Christoph Ackermann ist neuer CEO","datePublished":"2022-10-12T06:40:51+00:00","dateModified":"2022-11-03T08:54:52+00:00","mainEntityOfPage":{"@id":"https:\/\/www.immobilienbusiness.ch\/de\/personalia\/2022-10-12\/vebego-christoph-ackermann-ist-neuer-ceo\/"},"wordCount":132,"publisher":{"@id":"https:\/\/www.immobilienbusiness.ch\/#organization"},"image":{"@id":"https:\/\/www.immobilienbusiness.ch\/de\/personalia\/2022-10-12\/vebego-christoph-ackermann-ist-neuer-ceo\/#primaryimage"},"thumbnailUrl":"https:\/\/www.immobilienbusiness.ch\/wp-content\/uploads\/2022\/10\/Ackermann.png","keywords":["FM","Personalia","Vebego"],"articleSection":["PERSONALIA"],"inLanguage":"de"},{"@type":"WebPage","@id":"https:\/\/www.immobilienbusiness.ch\/de\/personalia\/2022-10-12\/vebego-christoph-ackermann-ist-neuer-ceo\/","url":"https:\/\/www.immobilienbusiness.ch\/de\/personalia\/2022-10-12\/vebego-christoph-ackermann-ist-neuer-ceo\/","name":"Vebego: Christoph Ackermann ist neuer CEO - IMMOBILIEN Business","isPartOf":{"@id":"https:\/\/www.immobilienbusiness.ch\/#website"},"primaryImageOfPage":{"@id":"https:\/\/www.immobilienbusiness.ch\/de\/personalia\/2022-10-12\/vebego-christoph-ackermann-ist-neuer-ceo\/#primaryimage"},"image":{"@id":"https:\/\/www.immobilienbusiness.ch\/de\/personalia\/2022-10-12\/vebego-christoph-ackermann-ist-neuer-ceo\/#primaryimage"},"thumbnailUrl":"https:\/\/www.immobilienbusiness.ch\/wp-content\/uploads\/2022\/10\/Ackermann.png","datePublished":"2022-10-12T06:40:51+00:00","dateModified":"2022-11-03T08:54:52+00:00","description":"Seit Anfang Oktober steht Christoph Ackermann (50) an der Spitze des Facility-Management-Dienstleisters Vebego.","breadcrumb":{"@id":"https:\/\/www.immobilienbusiness.ch\/de\/personalia\/2022-10-12\/vebego-christoph-ackermann-ist-neuer-ceo\/#breadcrumb"},"inLanguage":"de","potentialAction":[{"@type":"ReadAction","target":["https:\/\/www.immobilienbusiness.ch\/de\/personalia\/2022-10-12\/vebego-christoph-ackermann-ist-neuer-ceo\/"]}]},{"@type":"ImageObject","inLanguage":"de","@id":"https:\/\/www.immobilienbusiness.ch\/de\/personalia\/2022-10-12\/vebego-christoph-ackermann-ist-neuer-ceo\/#primaryimage","url":"https:\/\/www.immobilienbusiness.ch\/wp-content\/uploads\/2022\/10\/Ackermann.png","contentUrl":"https:\/\/www.immobilienbusiness.ch\/wp-content\/uploads\/2022\/10\/Ackermann.png","width":300,"height":200,"caption":"Christoph Ackermann leitet einen der gr\u00f6ssten FM-Dienstleister des Landes (Bild: Vebego)"},{"@type":"BreadcrumbList","@id":"https:\/\/www.immobilienbusiness.ch\/de\/personalia\/2022-10-12\/vebego-christoph-ackermann-ist-neuer-ceo\/#breadcrumb","itemListElement":[{"@type":"ListItem","position":1,"name":"Home","item":"https:\/\/www.immobilienbusiness.ch\/"},{"@type":"ListItem","position":2,"name":"Vebego: Christoph Ackermann ist neuer CEO"}]},{"@type":"WebSite","@id":"https:\/\/www.immobilienbusiness.ch\/#website","url":"https:\/\/www.immobilienbusiness.ch\/","name":"IMMOBILIEN Business","description":"Unabh\u00e4ngiges Schweizer Wirtschaftsmagazin mit Fokus auf Immobilien, Architektur- und Bau sowie Investment- und Finanzierung.","publisher":{"@id":"https:\/\/www.immobilienbusiness.ch\/#organization"},"potentialAction":[{"@type":"SearchAction","target":{"@type":"EntryPoint","urlTemplate":"https:\/\/www.immobilienbusiness.ch\/?s={search_term_string}"},"query-input":{"@type":"PropertyValueSpecification","valueRequired":true,"valueName":"search_term_string"}}],"inLanguage":"de"},{"@type":"Organization","@id":"https:\/\/www.immobilienbusiness.ch\/#organization","name":"IMMOBILIEN Business","url":"https:\/\/www.immobilienbusiness.ch\/","logo":{"@type":"ImageObject","inLanguage":"de","@id":"https:\/\/www.immobilienbusiness.ch\/#\/schema\/logo\/image\/","url":"https:\/\/www.immobilienbusiness.ch\/wp-content\/uploads\/2021\/07\/logo_ib.png","contentUrl":"https:\/\/www.immobilienbusiness.ch\/wp-content\/uploads\/2021\/07\/logo_ib.png","width":800,"height":181,"caption":"IMMOBILIEN Business"},"image":{"@id":"https:\/\/www.immobilienbusiness.ch\/#\/schema\/logo\/image\/"},"sameAs":["https:\/\/www.facebook.com\/immobilienbusiness\/"]},{"@type":"Person","@id":"https:\/\/www.immobilienbusiness.ch\/#\/schema\/person\/aba8bea2db926aa0c24c08c43fe1fcd5","name":"Alexander Wachter","image":{"@type":"ImageObject","inLanguage":"de","@id":"https:\/\/secure.gravatar.com\/avatar\/1a09e471f5389b0e0a6416eac287e0927c7c97a7b77f9e787eba3af7aee281dd?s=96&d=mm&r=g","url":"https:\/\/secure.gravatar.com\/avatar\/1a09e471f5389b0e0a6416eac287e0927c7c97a7b77f9e787eba3af7aee281dd?s=96&d=mm&r=g","contentUrl":"https:\/\/secure.gravatar.com\/avatar\/1a09e471f5389b0e0a6416eac287e0927c7c97a7b77f9e787eba3af7aee281dd?s=96&d=mm&r=g","caption":"Alexander Wachter"},"url":"https:\/\/www.immobilienbusiness.ch\/de\/author\/alexander-wachter\/"}]}},"_links":{"self":[{"href":"https:\/\/www.immobilienbusiness.ch\/de\/wp-json\/wp\/v2\/posts\/44324","targetHints":{"allow":["GET"]}}],"collection":[{"href":"https:\/\/www.immobilienbusiness.ch\/de\/wp-json\/wp\/v2\/posts"}],"about":[{"href":"https:\/\/www.immobilienbusiness.ch\/de\/wp-json\/wp\/v2\/types\/post"}],"author":[{"embeddable":true,"href":"https:\/\/www.immobilienbusiness.ch\/de\/wp-json\/wp\/v2\/users\/102"}],"replies":[{"embeddable":true,"href":"https:\/\/www.immobilienbusiness.ch\/de\/wp-json\/wp\/v2\/comments?post=44324"}],"version-history":[{"count":2,"href":"https:\/\/www.immobilienbusiness.ch\/de\/wp-json\/wp\/v2\/posts\/44324\/revisions"}],"predecessor-version":[{"id":44584,"href":"https:\/\/www.immobilienbusiness.ch\/de\/wp-json\/wp\/v2\/posts\/44324\/revisions\/44584"}],"wp:featuredmedia":[{"embeddable":true,"href":"https:\/\/www.immobilienbusiness.ch\/de\/wp-json\/wp\/v2\/media\/44325"}],"wp:attachment":[{"href":"https:\/\/www.immobilienbusiness.ch\/de\/wp-json\/wp\/v2\/media?parent=44324"}],"wp:term":[{"taxonomy":"category","embeddable":true,"href":"https:\/\/www.immobilienbusiness.ch\/de\/wp-json\/wp\/v2\/categories?post=44324"},{"taxonomy":"post_tag","embeddable":true,"href":"https:\/\/www.immobilienbusiness.ch\/de\/wp-json\/wp\/v2\/tags?post=44324"}],"curies":[{"name":"wp","href":"https:\/\/api.w.org\/{rel}","templated":true}]}}