{"id":4431,"date":"2016-12-08T09:03:21","date_gmt":"2016-12-08T08:03:21","guid":{"rendered":"http:\/\/dev.immobilienbusiness.ch\/?p=4431"},"modified":"2016-12-08T09:03:21","modified_gmt":"2016-12-08T08:03:21","slug":"zuerich-gruenes-licht-fuer-quai-zurich","status":"publish","type":"post","link":"https:\/\/www.immobilienbusiness.ch\/de\/buero\/2016-12-08\/zuerich-gruenes-licht-fuer-quai-zurich\/","title":{"rendered":"Z\u00fcrich: Gr\u00fcnes Licht f\u00fcr \u00abQuai Zurich\u00bb"},"content":{"rendered":"<figure id=\"attachment_4434\" aria-describedby=\"caption-attachment-4434\" style=\"width: 680px\" class=\"wp-caption alignnone\"><img loading=\"lazy\" decoding=\"async\" class=\"size-medium wp-image-4434\" src=\"https:\/\/immobilienbusiness.ch\/wp-content\/uploads\/2016\/12\/Z\u00fcrich-Gr\u00fcnes-Licht-f\u00fcr-Quai-Zurich-immobilien-business.jpg\" alt=\"Die Zurich Versicherung hat gr\u00fcnes Licht f\u00fcr ihr Projekt \u00abQuai Zurich\u00bb erhalten (Visualisierung: Zurich Insurance Group)\" width=\"680\" height=\"442\" \/><figcaption id=\"caption-attachment-4434\" class=\"wp-caption-text\">Die Zurich Versicherung hat gr\u00fcnes Licht f\u00fcr ihr Projekt \u00abQuai Zurich\u00bb erhalten (Visualisierung: Zurich Insurance Group)<\/figcaption><\/figure>\n<p>Wie Zurich mitteilt, sind keine Rekurse gegen den Bauentscheid eingegangen. Nachdem der Gemeinderat der Stadt Z\u00fcrich den privaten Gestaltungsplan \u00abQuai Zurich\u00bb bereits im letzten Jahr einstimmig angenommen hat, kann das Projekt nun realisiert werden. Seit dem 28. November 2016 sind die R\u00fcckbauarbeiten an der Breitinger- und Alfred-Escher-Strasse im Gange.<\/p>\n<p>Der Versicherer hat seit 115 Jahren seinen Sitz am Mythenquai in Z\u00fcrich. Der Hauptsitz umfasst mehrere Geb\u00e4ude aus verschiedenen Epochen. Nach Pl\u00e4nen des Wiener Architekten Adolf Krischanitz werden im Projekt \u00abQuai Zurich\u00bb alle denkmalgesch\u00fctzten Bauten erhalten und mit neuen Geb\u00e4uden erg\u00e4nzt. Damit entsteht ein neues Ensemble, und die Anzahl der Arbeitspl\u00e4tze am Standort kann auf 1.300 erh\u00f6ht werden.<\/p>\n<p>Am Mythenquai entstehen nicht nur Arbeitspl\u00e4tze: \u00abMit einem Caf\u00e9 sowie \u00f6ffentlichen Erdgeschossfl\u00e4chen und Innenh\u00f6fen leisten wir auch einen Beitrag zur Bereicherung des Quartierlebens\u00bb, sagt Hans-Peter Bissegger, der das Gesamtprojekt leitet. Zurich beteiligt sich auch mit rund acht Millionen CHF an der Neugestaltung der Hafenanlage Enge.<\/p>\n<p>Drei Geb\u00e4ude des bestehenden Konzernhauptsitzes sind im Inventar der kunst- und kulturhistorischen Schutzobjekte eingetragen. Das Projekt von Architekt Krischanitz setzt eine neue U-f\u00f6rmige Geb\u00e4udefigur dazwischen. Im Zusammenspiel der inventarisierten und der neuen Geb\u00e4ude entsteht eine kammartige Struktur mit einer neuen Eingangsfront an der Alfred-Escher-Strasse. Der alte Hauptsitz am Mythenquai wird wieder freigestellt und zeigt sich in seiner originalen Fassung als Solit\u00e4r. Auch das Geb\u00e4ude entlang der Marsstrasse wird auf den urspr\u00fcnglichen Zustand zur\u00fcckgef\u00fchrt. Die beiden verglasten Fl\u00fcgel des Neubaus zu beiden Seiten des bestehenden Quergeb\u00e4udes im Innenhof \u00fcberragen die vorhandene Traufh\u00f6he des Blocks. Sie verleihen dem Ensemble dadurch eine neue Silhouette, die dem wertvollen Denkmalbestand einen repr\u00e4sentativen Hintergrund bietet.<\/p>\n<p>Das Projekt Quai Zurich strebt mit Minergie-Eco (Umbauten), Minergie-P-Eco (Neubauten) sowie LEED Platinum und der 2000-Watt-Arealzertifizierung f\u00fcr das Gesamtprojekt gleich mehrere Nachhaltigkeitszertifikate an. In der Betriebsphase will Zurich Seewasser zum Heizen und K\u00fchlen nutzen und gegen\u00fcber heute den Energieverbrauch deutlich reduzieren. Die Energieversorgung soll vollst\u00e4ndig aus erneuerbaren Energiequellen erfolgen. Die Bauarbeiten werden voraussichtlich bis zum Jahr 2020 andauern. (ah)<\/p>\n","protected":false},"excerpt":{"rendered":"<p>Die Zurich Insurance Group hat die Baufreigabe f\u00fcr den Um- und Neubau ihres Hauptsitzes am Mythenquai 2 in Z\u00fcrich erhalten. Der R\u00fcckbau der nicht im Inventar der kunst- und kulturhistorischen Schutzobjekte eingetragenen Bauten ist bereits in Gang.<\/p>\n","protected":false},"author":1,"featured_media":4434,"comment_status":"open","ping_status":"open","sticky":false,"template":"","format":"standard","meta":{"_acf_changed":false,"_yoast_wpseo_focuskw":"Quai Zurich","_yoast_wpseo_title":"","_yoast_wpseo_metadesc":"Gr\u00fcnes Licht f\u00fcr \u00abQuai Zurich\u00bb: Die Zurich Insurance Group hat die Baufreigabe f\u00fcr den Um- und Neubau ihres Hauptsitzes am Mythenquai 2 in Z\u00fcrich erhalten.","_yoast_wpseo_linkdex":97,"pgc_sgb_lightbox_settings":"","footnotes":""},"categories":[983,985],"tags":[1118,1629,1888],"class_list":["post-4431","post","type-post","status-publish","format-standard","has-post-thumbnail","hentry","category-buero","category-regionen","tag-buero","tag-regionen","tag-zuerich"],"acf":[],"yoast_head":"<!-- This site is optimized with the Yoast SEO plugin v27.4 - https:\/\/yoast.com\/product\/yoast-seo-wordpress\/ -->\n<title>Z\u00fcrich: Gr\u00fcnes Licht f\u00fcr \u00abQuai Zurich\u00bb - IMMOBILIEN Business<\/title>\n<meta name=\"description\" content=\"Gr\u00fcnes Licht f\u00fcr \u00abQuai Zurich\u00bb: Die Zurich Insurance Group hat die Baufreigabe f\u00fcr den Um- und Neubau ihres Hauptsitzes am Mythenquai 2 in Z\u00fcrich erhalten.\" \/>\n<meta name=\"robots\" content=\"index, follow, max-snippet:-1, max-image-preview:large, max-video-preview:-1\" \/>\n<link rel=\"canonical\" href=\"https:\/\/www.immobilienbusiness.ch\/de\/buero\/2016-12-08\/zuerich-gruenes-licht-fuer-quai-zurich\/\" \/>\n<meta property=\"og:locale\" content=\"de_DE\" \/>\n<meta property=\"og:type\" content=\"article\" \/>\n<meta property=\"og:title\" content=\"Gr\u00fcnes Licht f\u00fcr \u00abQuai Zurich\u00bb\" \/>\n<meta property=\"og:description\" content=\"Die Zurich Insurance Group hat die Baufreigabe f\u00fcr den Um- und Neubau ihres Hauptsitzes am Mythenquai 2 in Z\u00fcrich erhalten. Der R\u00fcckbau der nicht im Inventar der kunst- und kulturhistorischen Schutzobjekte eingetragenen Bauten ist bereits in Gang.\" \/>\n<meta property=\"og:url\" content=\"https:\/\/www.immobilienbusiness.ch\/de\/buero\/2016-12-08\/zuerich-gruenes-licht-fuer-quai-zurich\/\" \/>\n<meta property=\"og:site_name\" content=\"IMMOBILIEN Business\" \/>\n<meta property=\"article:publisher\" content=\"https:\/\/www.facebook.com\/immobilienbusiness\/\" \/>\n<meta property=\"article:published_time\" content=\"2016-12-08T08:03:21+00:00\" \/>\n<meta name=\"author\" content=\"Redaktion\" \/>\n<meta name=\"twitter:card\" content=\"summary_large_image\" \/>\n<meta name=\"twitter:image\" content=\"https:\/\/www.immobilienbusiness.ch\/wp-content\/uploads\/2016\/12\/Zuerich-Gruenes-Licht-fuer-Quai-Zurich-immobilien-business.jpg\" \/>\n<script type=\"application\/ld+json\" class=\"yoast-schema-graph\">{\"@context\":\"https:\\\/\\\/schema.org\",\"@graph\":[{\"@type\":\"Article\",\"@id\":\"https:\\\/\\\/www.immobilienbusiness.ch\\\/buero\\\/2016-12-08\\\/zuerich-gruenes-licht-fuer-quai-zurich\\\/#article\",\"isPartOf\":{\"@id\":\"https:\\\/\\\/www.immobilienbusiness.ch\\\/buero\\\/2016-12-08\\\/zuerich-gruenes-licht-fuer-quai-zurich\\\/\"},\"author\":{\"name\":\"Redaktion\",\"@id\":\"https:\\\/\\\/www.immobilienbusiness.ch\\\/#\\\/schema\\\/person\\\/aa2bace6c5c5aad60102004a50c4eb1c\"},\"headline\":\"Z\u00fcrich: Gr\u00fcnes Licht f\u00fcr \u00abQuai Zurich\u00bb\",\"datePublished\":\"2016-12-08T08:03:21+00:00\",\"mainEntityOfPage\":{\"@id\":\"https:\\\/\\\/www.immobilienbusiness.ch\\\/buero\\\/2016-12-08\\\/zuerich-gruenes-licht-fuer-quai-zurich\\\/\"},\"wordCount\":379,\"commentCount\":0,\"publisher\":{\"@id\":\"https:\\\/\\\/www.immobilienbusiness.ch\\\/#organization\"},\"image\":{\"@id\":\"https:\\\/\\\/www.immobilienbusiness.ch\\\/buero\\\/2016-12-08\\\/zuerich-gruenes-licht-fuer-quai-zurich\\\/#primaryimage\"},\"thumbnailUrl\":\"https:\\\/\\\/www.immobilienbusiness.ch\\\/wp-content\\\/uploads\\\/2016\\\/12\\\/Zuerich-Gruenes-Licht-fuer-Quai-Zurich-immobilien-business.jpg\",\"keywords\":[\"B\u00fcro\",\"Regionen\",\"Z\u00fcrich\"],\"articleSection\":[\"B\u00dcRO\",\"REGIONEN\"],\"inLanguage\":\"de\"},{\"@type\":\"WebPage\",\"@id\":\"https:\\\/\\\/www.immobilienbusiness.ch\\\/buero\\\/2016-12-08\\\/zuerich-gruenes-licht-fuer-quai-zurich\\\/\",\"url\":\"https:\\\/\\\/www.immobilienbusiness.ch\\\/buero\\\/2016-12-08\\\/zuerich-gruenes-licht-fuer-quai-zurich\\\/\",\"name\":\"Z\u00fcrich: Gr\u00fcnes Licht f\u00fcr \u00abQuai Zurich\u00bb - IMMOBILIEN Business\",\"isPartOf\":{\"@id\":\"https:\\\/\\\/www.immobilienbusiness.ch\\\/#website\"},\"primaryImageOfPage\":{\"@id\":\"https:\\\/\\\/www.immobilienbusiness.ch\\\/buero\\\/2016-12-08\\\/zuerich-gruenes-licht-fuer-quai-zurich\\\/#primaryimage\"},\"image\":{\"@id\":\"https:\\\/\\\/www.immobilienbusiness.ch\\\/buero\\\/2016-12-08\\\/zuerich-gruenes-licht-fuer-quai-zurich\\\/#primaryimage\"},\"thumbnailUrl\":\"https:\\\/\\\/www.immobilienbusiness.ch\\\/wp-content\\\/uploads\\\/2016\\\/12\\\/Zuerich-Gruenes-Licht-fuer-Quai-Zurich-immobilien-business.jpg\",\"datePublished\":\"2016-12-08T08:03:21+00:00\",\"description\":\"Gr\u00fcnes Licht f\u00fcr \u00abQuai Zurich\u00bb: Die Zurich Insurance Group hat die Baufreigabe f\u00fcr den Um- und Neubau ihres Hauptsitzes am Mythenquai 2 in Z\u00fcrich erhalten.\",\"breadcrumb\":{\"@id\":\"https:\\\/\\\/www.immobilienbusiness.ch\\\/buero\\\/2016-12-08\\\/zuerich-gruenes-licht-fuer-quai-zurich\\\/#breadcrumb\"},\"inLanguage\":\"de\",\"potentialAction\":[{\"@type\":\"ReadAction\",\"target\":[\"https:\\\/\\\/www.immobilienbusiness.ch\\\/buero\\\/2016-12-08\\\/zuerich-gruenes-licht-fuer-quai-zurich\\\/\"]}]},{\"@type\":\"ImageObject\",\"inLanguage\":\"de\",\"@id\":\"https:\\\/\\\/www.immobilienbusiness.ch\\\/buero\\\/2016-12-08\\\/zuerich-gruenes-licht-fuer-quai-zurich\\\/#primaryimage\",\"url\":\"https:\\\/\\\/www.immobilienbusiness.ch\\\/wp-content\\\/uploads\\\/2016\\\/12\\\/Zuerich-Gruenes-Licht-fuer-Quai-Zurich-immobilien-business.jpg\",\"contentUrl\":\"https:\\\/\\\/www.immobilienbusiness.ch\\\/wp-content\\\/uploads\\\/2016\\\/12\\\/Zuerich-Gruenes-Licht-fuer-Quai-Zurich-immobilien-business.jpg\",\"width\":1794,\"height\":1167,\"caption\":\"Die Zurich Versicherung hat gr\u00fcnes Licht f\u00fcr ihr Projekt \u00abQuai Zurich\u00bb erhalten (Visualisierung: Zurich Insurance Group)\"},{\"@type\":\"BreadcrumbList\",\"@id\":\"https:\\\/\\\/www.immobilienbusiness.ch\\\/buero\\\/2016-12-08\\\/zuerich-gruenes-licht-fuer-quai-zurich\\\/#breadcrumb\",\"itemListElement\":[{\"@type\":\"ListItem\",\"position\":1,\"name\":\"Home\",\"item\":\"https:\\\/\\\/www.immobilienbusiness.ch\\\/\"},{\"@type\":\"ListItem\",\"position\":2,\"name\":\"Z\u00fcrich: Gr\u00fcnes Licht f\u00fcr \u00abQuai Zurich\u00bb\"}]},{\"@type\":\"WebSite\",\"@id\":\"https:\\\/\\\/www.immobilienbusiness.ch\\\/#website\",\"url\":\"https:\\\/\\\/www.immobilienbusiness.ch\\\/\",\"name\":\"IMMOBILIEN Business\",\"description\":\"Unabh\u00e4ngiges Schweizer Wirtschaftsmagazin mit Fokus auf Immobilien, Architektur- und Bau sowie Investment- und Finanzierung.\",\"publisher\":{\"@id\":\"https:\\\/\\\/www.immobilienbusiness.ch\\\/#organization\"},\"potentialAction\":[{\"@type\":\"SearchAction\",\"target\":{\"@type\":\"EntryPoint\",\"urlTemplate\":\"https:\\\/\\\/www.immobilienbusiness.ch\\\/?s={search_term_string}\"},\"query-input\":{\"@type\":\"PropertyValueSpecification\",\"valueRequired\":true,\"valueName\":\"search_term_string\"}}],\"inLanguage\":\"de\"},{\"@type\":\"Organization\",\"@id\":\"https:\\\/\\\/www.immobilienbusiness.ch\\\/#organization\",\"name\":\"IMMOBILIEN Business\",\"url\":\"https:\\\/\\\/www.immobilienbusiness.ch\\\/\",\"logo\":{\"@type\":\"ImageObject\",\"inLanguage\":\"de\",\"@id\":\"https:\\\/\\\/www.immobilienbusiness.ch\\\/#\\\/schema\\\/logo\\\/image\\\/\",\"url\":\"https:\\\/\\\/www.immobilienbusiness.ch\\\/wp-content\\\/uploads\\\/2021\\\/07\\\/logo_ib.png\",\"contentUrl\":\"https:\\\/\\\/www.immobilienbusiness.ch\\\/wp-content\\\/uploads\\\/2021\\\/07\\\/logo_ib.png\",\"width\":800,\"height\":181,\"caption\":\"IMMOBILIEN Business\"},\"image\":{\"@id\":\"https:\\\/\\\/www.immobilienbusiness.ch\\\/#\\\/schema\\\/logo\\\/image\\\/\"},\"sameAs\":[\"https:\\\/\\\/www.facebook.com\\\/immobilienbusiness\\\/\"]},{\"@type\":\"Person\",\"@id\":\"https:\\\/\\\/www.immobilienbusiness.ch\\\/#\\\/schema\\\/person\\\/aa2bace6c5c5aad60102004a50c4eb1c\",\"name\":\"Redaktion\",\"image\":{\"@type\":\"ImageObject\",\"inLanguage\":\"de\",\"@id\":\"https:\\\/\\\/secure.gravatar.com\\\/avatar\\\/ae2f4d718e6c49043e314ce431e7e645d646302a24a5ef5a8bc8e3f5a032e319?s=96&d=mm&r=g\",\"url\":\"https:\\\/\\\/secure.gravatar.com\\\/avatar\\\/ae2f4d718e6c49043e314ce431e7e645d646302a24a5ef5a8bc8e3f5a032e319?s=96&d=mm&r=g\",\"contentUrl\":\"https:\\\/\\\/secure.gravatar.com\\\/avatar\\\/ae2f4d718e6c49043e314ce431e7e645d646302a24a5ef5a8bc8e3f5a032e319?s=96&d=mm&r=g\",\"caption\":\"Redaktion\"},\"sameAs\":[\"http:\\\/\\\/develop.organisator.galledia.ch\"],\"url\":\"https:\\\/\\\/www.immobilienbusiness.ch\\\/de\\\/author\\\/admin\\\/\"}]}<\/script>\n<!-- \/ Yoast SEO plugin. -->","yoast_head_json":{"title":"Z\u00fcrich: Gr\u00fcnes Licht f\u00fcr \u00abQuai Zurich\u00bb - IMMOBILIEN Business","description":"Gr\u00fcnes Licht f\u00fcr \u00abQuai Zurich\u00bb: Die Zurich Insurance Group hat die Baufreigabe f\u00fcr den Um- und Neubau ihres Hauptsitzes am Mythenquai 2 in Z\u00fcrich erhalten.","robots":{"index":"index","follow":"follow","max-snippet":"max-snippet:-1","max-image-preview":"max-image-preview:large","max-video-preview":"max-video-preview:-1"},"canonical":"https:\/\/www.immobilienbusiness.ch\/de\/buero\/2016-12-08\/zuerich-gruenes-licht-fuer-quai-zurich\/","og_locale":"de_DE","og_type":"article","og_title":"Gr\u00fcnes Licht f\u00fcr \u00abQuai Zurich\u00bb","og_description":"Die Zurich Insurance Group hat die Baufreigabe f\u00fcr den Um- und Neubau ihres Hauptsitzes am Mythenquai 2 in Z\u00fcrich erhalten. Der R\u00fcckbau der nicht im Inventar der kunst- und kulturhistorischen Schutzobjekte eingetragenen Bauten ist bereits in Gang.","og_url":"https:\/\/www.immobilienbusiness.ch\/de\/buero\/2016-12-08\/zuerich-gruenes-licht-fuer-quai-zurich\/","og_site_name":"IMMOBILIEN Business","article_publisher":"https:\/\/www.facebook.com\/immobilienbusiness\/","article_published_time":"2016-12-08T08:03:21+00:00","author":"Redaktion","twitter_card":"summary_large_image","twitter_image":"https:\/\/www.immobilienbusiness.ch\/wp-content\/uploads\/2016\/12\/Zuerich-Gruenes-Licht-fuer-Quai-Zurich-immobilien-business.jpg","schema":{"@context":"https:\/\/schema.org","@graph":[{"@type":"Article","@id":"https:\/\/www.immobilienbusiness.ch\/buero\/2016-12-08\/zuerich-gruenes-licht-fuer-quai-zurich\/#article","isPartOf":{"@id":"https:\/\/www.immobilienbusiness.ch\/buero\/2016-12-08\/zuerich-gruenes-licht-fuer-quai-zurich\/"},"author":{"name":"Redaktion","@id":"https:\/\/www.immobilienbusiness.ch\/#\/schema\/person\/aa2bace6c5c5aad60102004a50c4eb1c"},"headline":"Z\u00fcrich: Gr\u00fcnes Licht f\u00fcr \u00abQuai Zurich\u00bb","datePublished":"2016-12-08T08:03:21+00:00","mainEntityOfPage":{"@id":"https:\/\/www.immobilienbusiness.ch\/buero\/2016-12-08\/zuerich-gruenes-licht-fuer-quai-zurich\/"},"wordCount":379,"commentCount":0,"publisher":{"@id":"https:\/\/www.immobilienbusiness.ch\/#organization"},"image":{"@id":"https:\/\/www.immobilienbusiness.ch\/buero\/2016-12-08\/zuerich-gruenes-licht-fuer-quai-zurich\/#primaryimage"},"thumbnailUrl":"https:\/\/www.immobilienbusiness.ch\/wp-content\/uploads\/2016\/12\/Zuerich-Gruenes-Licht-fuer-Quai-Zurich-immobilien-business.jpg","keywords":["B\u00fcro","Regionen","Z\u00fcrich"],"articleSection":["B\u00dcRO","REGIONEN"],"inLanguage":"de"},{"@type":"WebPage","@id":"https:\/\/www.immobilienbusiness.ch\/buero\/2016-12-08\/zuerich-gruenes-licht-fuer-quai-zurich\/","url":"https:\/\/www.immobilienbusiness.ch\/buero\/2016-12-08\/zuerich-gruenes-licht-fuer-quai-zurich\/","name":"Z\u00fcrich: Gr\u00fcnes Licht f\u00fcr \u00abQuai Zurich\u00bb - IMMOBILIEN Business","isPartOf":{"@id":"https:\/\/www.immobilienbusiness.ch\/#website"},"primaryImageOfPage":{"@id":"https:\/\/www.immobilienbusiness.ch\/buero\/2016-12-08\/zuerich-gruenes-licht-fuer-quai-zurich\/#primaryimage"},"image":{"@id":"https:\/\/www.immobilienbusiness.ch\/buero\/2016-12-08\/zuerich-gruenes-licht-fuer-quai-zurich\/#primaryimage"},"thumbnailUrl":"https:\/\/www.immobilienbusiness.ch\/wp-content\/uploads\/2016\/12\/Zuerich-Gruenes-Licht-fuer-Quai-Zurich-immobilien-business.jpg","datePublished":"2016-12-08T08:03:21+00:00","description":"Gr\u00fcnes Licht f\u00fcr \u00abQuai Zurich\u00bb: Die Zurich Insurance Group hat die Baufreigabe f\u00fcr den Um- und Neubau ihres Hauptsitzes am Mythenquai 2 in Z\u00fcrich erhalten.","breadcrumb":{"@id":"https:\/\/www.immobilienbusiness.ch\/buero\/2016-12-08\/zuerich-gruenes-licht-fuer-quai-zurich\/#breadcrumb"},"inLanguage":"de","potentialAction":[{"@type":"ReadAction","target":["https:\/\/www.immobilienbusiness.ch\/buero\/2016-12-08\/zuerich-gruenes-licht-fuer-quai-zurich\/"]}]},{"@type":"ImageObject","inLanguage":"de","@id":"https:\/\/www.immobilienbusiness.ch\/buero\/2016-12-08\/zuerich-gruenes-licht-fuer-quai-zurich\/#primaryimage","url":"https:\/\/www.immobilienbusiness.ch\/wp-content\/uploads\/2016\/12\/Zuerich-Gruenes-Licht-fuer-Quai-Zurich-immobilien-business.jpg","contentUrl":"https:\/\/www.immobilienbusiness.ch\/wp-content\/uploads\/2016\/12\/Zuerich-Gruenes-Licht-fuer-Quai-Zurich-immobilien-business.jpg","width":1794,"height":1167,"caption":"Die Zurich Versicherung hat gr\u00fcnes Licht f\u00fcr ihr Projekt \u00abQuai Zurich\u00bb erhalten (Visualisierung: Zurich Insurance Group)"},{"@type":"BreadcrumbList","@id":"https:\/\/www.immobilienbusiness.ch\/buero\/2016-12-08\/zuerich-gruenes-licht-fuer-quai-zurich\/#breadcrumb","itemListElement":[{"@type":"ListItem","position":1,"name":"Home","item":"https:\/\/www.immobilienbusiness.ch\/"},{"@type":"ListItem","position":2,"name":"Z\u00fcrich: Gr\u00fcnes Licht f\u00fcr \u00abQuai Zurich\u00bb"}]},{"@type":"WebSite","@id":"https:\/\/www.immobilienbusiness.ch\/#website","url":"https:\/\/www.immobilienbusiness.ch\/","name":"IMMOBILIEN Business","description":"Unabh\u00e4ngiges Schweizer Wirtschaftsmagazin mit Fokus auf Immobilien, Architektur- und Bau sowie Investment- und Finanzierung.","publisher":{"@id":"https:\/\/www.immobilienbusiness.ch\/#organization"},"potentialAction":[{"@type":"SearchAction","target":{"@type":"EntryPoint","urlTemplate":"https:\/\/www.immobilienbusiness.ch\/?s={search_term_string}"},"query-input":{"@type":"PropertyValueSpecification","valueRequired":true,"valueName":"search_term_string"}}],"inLanguage":"de"},{"@type":"Organization","@id":"https:\/\/www.immobilienbusiness.ch\/#organization","name":"IMMOBILIEN Business","url":"https:\/\/www.immobilienbusiness.ch\/","logo":{"@type":"ImageObject","inLanguage":"de","@id":"https:\/\/www.immobilienbusiness.ch\/#\/schema\/logo\/image\/","url":"https:\/\/www.immobilienbusiness.ch\/wp-content\/uploads\/2021\/07\/logo_ib.png","contentUrl":"https:\/\/www.immobilienbusiness.ch\/wp-content\/uploads\/2021\/07\/logo_ib.png","width":800,"height":181,"caption":"IMMOBILIEN Business"},"image":{"@id":"https:\/\/www.immobilienbusiness.ch\/#\/schema\/logo\/image\/"},"sameAs":["https:\/\/www.facebook.com\/immobilienbusiness\/"]},{"@type":"Person","@id":"https:\/\/www.immobilienbusiness.ch\/#\/schema\/person\/aa2bace6c5c5aad60102004a50c4eb1c","name":"Redaktion","image":{"@type":"ImageObject","inLanguage":"de","@id":"https:\/\/secure.gravatar.com\/avatar\/ae2f4d718e6c49043e314ce431e7e645d646302a24a5ef5a8bc8e3f5a032e319?s=96&d=mm&r=g","url":"https:\/\/secure.gravatar.com\/avatar\/ae2f4d718e6c49043e314ce431e7e645d646302a24a5ef5a8bc8e3f5a032e319?s=96&d=mm&r=g","contentUrl":"https:\/\/secure.gravatar.com\/avatar\/ae2f4d718e6c49043e314ce431e7e645d646302a24a5ef5a8bc8e3f5a032e319?s=96&d=mm&r=g","caption":"Redaktion"},"sameAs":["http:\/\/develop.organisator.galledia.ch"],"url":"https:\/\/www.immobilienbusiness.ch\/de\/author\/admin\/"}]}},"_links":{"self":[{"href":"https:\/\/www.immobilienbusiness.ch\/de\/wp-json\/wp\/v2\/posts\/4431","targetHints":{"allow":["GET"]}}],"collection":[{"href":"https:\/\/www.immobilienbusiness.ch\/de\/wp-json\/wp\/v2\/posts"}],"about":[{"href":"https:\/\/www.immobilienbusiness.ch\/de\/wp-json\/wp\/v2\/types\/post"}],"author":[{"embeddable":true,"href":"https:\/\/www.immobilienbusiness.ch\/de\/wp-json\/wp\/v2\/users\/1"}],"replies":[{"embeddable":true,"href":"https:\/\/www.immobilienbusiness.ch\/de\/wp-json\/wp\/v2\/comments?post=4431"}],"version-history":[{"count":0,"href":"https:\/\/www.immobilienbusiness.ch\/de\/wp-json\/wp\/v2\/posts\/4431\/revisions"}],"wp:featuredmedia":[{"embeddable":true,"href":"https:\/\/www.immobilienbusiness.ch\/de\/wp-json\/wp\/v2\/media\/4434"}],"wp:attachment":[{"href":"https:\/\/www.immobilienbusiness.ch\/de\/wp-json\/wp\/v2\/media?parent=4431"}],"wp:term":[{"taxonomy":"category","embeddable":true,"href":"https:\/\/www.immobilienbusiness.ch\/de\/wp-json\/wp\/v2\/categories?post=4431"},{"taxonomy":"post_tag","embeddable":true,"href":"https:\/\/www.immobilienbusiness.ch\/de\/wp-json\/wp\/v2\/tags?post=4431"}],"curies":[{"name":"wp","href":"https:\/\/api.w.org\/{rel}","templated":true}]}}