{"id":4385,"date":"2016-06-22T08:23:51","date_gmt":"2016-06-22T06:23:51","guid":{"rendered":"http:\/\/dev.immobilienbusiness.ch\/?p=4385"},"modified":"2016-06-22T08:23:51","modified_gmt":"2016-06-22T06:23:51","slug":"zug-siemens-baut-neue-buero-und-produktionsgebaeude","status":"publish","type":"post","link":"https:\/\/www.immobilienbusiness.ch\/de\/buero\/2016-06-22\/zug-siemens-baut-neue-buero-und-produktionsgebaeude\/","title":{"rendered":"Zug: Siemens baut neue B\u00fcro- und Produktionsgeb\u00e4ude"},"content":{"rendered":"<figure id=\"attachment_4386\" aria-describedby=\"caption-attachment-4386\" style=\"width: 680px\" class=\"wp-caption alignnone\"><img loading=\"lazy\" decoding=\"async\" class=\"size-medium wp-image-4386\" src=\"https:\/\/immobilienbusiness.ch\/wp-content\/uploads\/2016\/12\/Zug-Siemens-baut-neue-B\u00fcro-und-Produktionsgeb\u00e4ude-immobilien-business.jpg\" alt=\"Strabag baut f\u00fcr Siemens in Zug zwei neue Geb\u00e4ude mit BIM.5D\u00ae (Grafik: Strabag Schweiz AG)\" width=\"680\" height=\"338\" \/><figcaption id=\"caption-attachment-4386\" class=\"wp-caption-text\">Strabag baut f\u00fcr Siemens in Zug zwei neue Geb\u00e4ude mit BIM.5D\u00ae (Grafik: Strabag Schweiz AG)<\/figcaption><\/figure>\n<p>Das siebengeschossige Geb\u00e4ude bietet auf 31.700 qm pro Geschoss &#8211; neben der B\u00fcrofl\u00e4che &#8211; Platz f\u00fcr Technik-, Seminar- und Konferenzr\u00e4ume sowie eine Tiefgarage.<\/p>\n<p>Das Produktionsgeb\u00e4ude umfasst auf vier Etagen und 24.000 qm Geschossfl\u00e4che Produktionshallen, Labors und B\u00fcrofl\u00e4chen. Im Untergeschoss wird ein automatisches Transport- und Lagersystem eingebaut. Beide Bauwerke sollen im Juni 2018 fertiggestellt werden. W\u00e4hrend der Planungs- und Bauphase sowie sp\u00e4ter in der Betriebsphase setzen Bauherr und Strabag BIM.5D\u00ae ein.<br \/>\n(ah)<\/p>\n","protected":false},"excerpt":{"rendered":"<p>Die Strabag AG Schweiz baut f\u00fcr Siemens ein B\u00fcro- sowie ein Produktionsgeb\u00e4ude in Zug. Der Auftrag im Wert von rund 109 Millionen CHF wird durch Strabag als Totalunternehmerin ausgef\u00fchrt, Bauherrin ist die Immobiliensparte des Konzerns, Siemens Real Estate.<\/p>\n","protected":false},"author":1,"featured_media":4386,"comment_status":"open","ping_status":"open","sticky":false,"template":"","format":"standard","meta":{"_acf_changed":false,"_yoast_wpseo_focuskw":"Produktionsgeb\u00e4ude","_yoast_wpseo_title":"","_yoast_wpseo_metadesc":"Die Strabag AG Schweiz baut f\u00fcr Siemens ein B\u00fcro- sowie ein Produktionsgeb\u00e4ude in Zug.","_yoast_wpseo_linkdex":42,"pgc_sgb_lightbox_settings":"","footnotes":""},"categories":[983],"tags":[1118,1714,1884],"class_list":["post-4385","post","type-post","status-publish","format-standard","has-post-thumbnail","hentry","category-buero","tag-buero","tag-spezial-immobilien","tag-zug"],"acf":[],"yoast_head":"<!-- This site is optimized with the Yoast SEO plugin v27.4 - https:\/\/yoast.com\/product\/yoast-seo-wordpress\/ -->\n<title>Zug: Siemens baut neue B\u00fcro- und Produktionsgeb\u00e4ude - IMMOBILIEN Business<\/title>\n<meta name=\"description\" content=\"Die Strabag AG Schweiz baut f\u00fcr Siemens ein B\u00fcro- sowie ein Produktionsgeb\u00e4ude in Zug.\" \/>\n<meta name=\"robots\" content=\"index, follow, max-snippet:-1, max-image-preview:large, max-video-preview:-1\" \/>\n<link rel=\"canonical\" href=\"https:\/\/www.immobilienbusiness.ch\/de\/buero\/2016-06-22\/zug-siemens-baut-neue-buero-und-produktionsgebaeude\/\" \/>\n<meta property=\"og:locale\" content=\"de_DE\" \/>\n<meta property=\"og:type\" content=\"article\" \/>\n<meta property=\"og:title\" content=\"Zug: Siemens baut neue B\u00fcro- und Produktionsgeb\u00e4ude\" \/>\n<meta property=\"og:description\" content=\"Die Strabag AG Schweiz baut f\u00fcr Siemens ein B\u00fcro- sowie ein Produktionsgeb\u00e4ude in Zug. Der Auftrag im Wert von rund 109 Millionen CHF wird durch Strabag als Totalunternehmerin ausgef\u00fchrt, Bauherrin ist die Immobiliensparte des Konzerns, Siemens Real Estate.\" \/>\n<meta property=\"og:url\" content=\"https:\/\/www.immobilienbusiness.ch\/de\/buero\/2016-06-22\/zug-siemens-baut-neue-buero-und-produktionsgebaeude\/\" \/>\n<meta property=\"og:site_name\" content=\"IMMOBILIEN Business\" \/>\n<meta property=\"article:publisher\" content=\"https:\/\/www.facebook.com\/immobilienbusiness\/\" \/>\n<meta property=\"article:published_time\" content=\"2016-06-22T06:23:51+00:00\" \/>\n<meta name=\"author\" content=\"Redaktion\" \/>\n<meta name=\"twitter:card\" content=\"summary_large_image\" \/>\n<meta name=\"twitter:image\" content=\"https:\/\/www.immobilienbusiness.ch\/wp-content\/uploads\/2016\/12\/Zug-Siemens-baut-neue-Buero-und-Produktionsgebaeude-immobilien-business.jpg\" \/>\n<script type=\"application\/ld+json\" class=\"yoast-schema-graph\">{\"@context\":\"https:\\\/\\\/schema.org\",\"@graph\":[{\"@type\":\"Article\",\"@id\":\"https:\\\/\\\/www.immobilienbusiness.ch\\\/de\\\/buero\\\/2016-06-22\\\/zug-siemens-baut-neue-buero-und-produktionsgebaeude\\\/#article\",\"isPartOf\":{\"@id\":\"https:\\\/\\\/www.immobilienbusiness.ch\\\/de\\\/buero\\\/2016-06-22\\\/zug-siemens-baut-neue-buero-und-produktionsgebaeude\\\/\"},\"author\":{\"name\":\"Redaktion\",\"@id\":\"https:\\\/\\\/www.immobilienbusiness.ch\\\/#\\\/schema\\\/person\\\/aa2bace6c5c5aad60102004a50c4eb1c\"},\"headline\":\"Zug: Siemens baut neue B\u00fcro- und Produktionsgeb\u00e4ude\",\"datePublished\":\"2016-06-22T06:23:51+00:00\",\"mainEntityOfPage\":{\"@id\":\"https:\\\/\\\/www.immobilienbusiness.ch\\\/de\\\/buero\\\/2016-06-22\\\/zug-siemens-baut-neue-buero-und-produktionsgebaeude\\\/\"},\"wordCount\":114,\"commentCount\":0,\"publisher\":{\"@id\":\"https:\\\/\\\/www.immobilienbusiness.ch\\\/#organization\"},\"image\":{\"@id\":\"https:\\\/\\\/www.immobilienbusiness.ch\\\/de\\\/buero\\\/2016-06-22\\\/zug-siemens-baut-neue-buero-und-produktionsgebaeude\\\/#primaryimage\"},\"thumbnailUrl\":\"https:\\\/\\\/www.immobilienbusiness.ch\\\/wp-content\\\/uploads\\\/2016\\\/12\\\/Zug-Siemens-baut-neue-Buero-und-Produktionsgebaeude-immobilien-business.jpg\",\"keywords\":[\"B\u00fcro\",\"Spezial Immobilien\",\"Zug\"],\"articleSection\":[\"B\u00dcRO\"],\"inLanguage\":\"de\"},{\"@type\":\"WebPage\",\"@id\":\"https:\\\/\\\/www.immobilienbusiness.ch\\\/de\\\/buero\\\/2016-06-22\\\/zug-siemens-baut-neue-buero-und-produktionsgebaeude\\\/\",\"url\":\"https:\\\/\\\/www.immobilienbusiness.ch\\\/de\\\/buero\\\/2016-06-22\\\/zug-siemens-baut-neue-buero-und-produktionsgebaeude\\\/\",\"name\":\"Zug: Siemens baut neue B\u00fcro- und Produktionsgeb\u00e4ude - IMMOBILIEN Business\",\"isPartOf\":{\"@id\":\"https:\\\/\\\/www.immobilienbusiness.ch\\\/#website\"},\"primaryImageOfPage\":{\"@id\":\"https:\\\/\\\/www.immobilienbusiness.ch\\\/de\\\/buero\\\/2016-06-22\\\/zug-siemens-baut-neue-buero-und-produktionsgebaeude\\\/#primaryimage\"},\"image\":{\"@id\":\"https:\\\/\\\/www.immobilienbusiness.ch\\\/de\\\/buero\\\/2016-06-22\\\/zug-siemens-baut-neue-buero-und-produktionsgebaeude\\\/#primaryimage\"},\"thumbnailUrl\":\"https:\\\/\\\/www.immobilienbusiness.ch\\\/wp-content\\\/uploads\\\/2016\\\/12\\\/Zug-Siemens-baut-neue-Buero-und-Produktionsgebaeude-immobilien-business.jpg\",\"datePublished\":\"2016-06-22T06:23:51+00:00\",\"description\":\"Die Strabag AG Schweiz baut f\u00fcr Siemens ein B\u00fcro- sowie ein Produktionsgeb\u00e4ude in Zug.\",\"breadcrumb\":{\"@id\":\"https:\\\/\\\/www.immobilienbusiness.ch\\\/de\\\/buero\\\/2016-06-22\\\/zug-siemens-baut-neue-buero-und-produktionsgebaeude\\\/#breadcrumb\"},\"inLanguage\":\"de\",\"potentialAction\":[{\"@type\":\"ReadAction\",\"target\":[\"https:\\\/\\\/www.immobilienbusiness.ch\\\/de\\\/buero\\\/2016-06-22\\\/zug-siemens-baut-neue-buero-und-produktionsgebaeude\\\/\"]}]},{\"@type\":\"ImageObject\",\"inLanguage\":\"de\",\"@id\":\"https:\\\/\\\/www.immobilienbusiness.ch\\\/de\\\/buero\\\/2016-06-22\\\/zug-siemens-baut-neue-buero-und-produktionsgebaeude\\\/#primaryimage\",\"url\":\"https:\\\/\\\/www.immobilienbusiness.ch\\\/wp-content\\\/uploads\\\/2016\\\/12\\\/Zug-Siemens-baut-neue-Buero-und-Produktionsgebaeude-immobilien-business.jpg\",\"contentUrl\":\"https:\\\/\\\/www.immobilienbusiness.ch\\\/wp-content\\\/uploads\\\/2016\\\/12\\\/Zug-Siemens-baut-neue-Buero-und-Produktionsgebaeude-immobilien-business.jpg\",\"width\":1502,\"height\":746,\"caption\":\"Strabag baut f\u00fcr Siemens in Zug zwei neue Geb\u00e4ude mit BIM.5D\u00ae (Grafik: Strabag Schweiz AG)\"},{\"@type\":\"BreadcrumbList\",\"@id\":\"https:\\\/\\\/www.immobilienbusiness.ch\\\/de\\\/buero\\\/2016-06-22\\\/zug-siemens-baut-neue-buero-und-produktionsgebaeude\\\/#breadcrumb\",\"itemListElement\":[{\"@type\":\"ListItem\",\"position\":1,\"name\":\"Home\",\"item\":\"https:\\\/\\\/www.immobilienbusiness.ch\\\/\"},{\"@type\":\"ListItem\",\"position\":2,\"name\":\"Zug: Siemens baut neue B\u00fcro- und Produktionsgeb\u00e4ude\"}]},{\"@type\":\"WebSite\",\"@id\":\"https:\\\/\\\/www.immobilienbusiness.ch\\\/#website\",\"url\":\"https:\\\/\\\/www.immobilienbusiness.ch\\\/\",\"name\":\"IMMOBILIEN Business\",\"description\":\"Unabh\u00e4ngiges Schweizer Wirtschaftsmagazin mit Fokus auf Immobilien, Architektur- und Bau sowie Investment- und Finanzierung.\",\"publisher\":{\"@id\":\"https:\\\/\\\/www.immobilienbusiness.ch\\\/#organization\"},\"potentialAction\":[{\"@type\":\"SearchAction\",\"target\":{\"@type\":\"EntryPoint\",\"urlTemplate\":\"https:\\\/\\\/www.immobilienbusiness.ch\\\/?s={search_term_string}\"},\"query-input\":{\"@type\":\"PropertyValueSpecification\",\"valueRequired\":true,\"valueName\":\"search_term_string\"}}],\"inLanguage\":\"de\"},{\"@type\":\"Organization\",\"@id\":\"https:\\\/\\\/www.immobilienbusiness.ch\\\/#organization\",\"name\":\"IMMOBILIEN Business\",\"url\":\"https:\\\/\\\/www.immobilienbusiness.ch\\\/\",\"logo\":{\"@type\":\"ImageObject\",\"inLanguage\":\"de\",\"@id\":\"https:\\\/\\\/www.immobilienbusiness.ch\\\/#\\\/schema\\\/logo\\\/image\\\/\",\"url\":\"https:\\\/\\\/www.immobilienbusiness.ch\\\/wp-content\\\/uploads\\\/2021\\\/07\\\/logo_ib.png\",\"contentUrl\":\"https:\\\/\\\/www.immobilienbusiness.ch\\\/wp-content\\\/uploads\\\/2021\\\/07\\\/logo_ib.png\",\"width\":800,\"height\":181,\"caption\":\"IMMOBILIEN Business\"},\"image\":{\"@id\":\"https:\\\/\\\/www.immobilienbusiness.ch\\\/#\\\/schema\\\/logo\\\/image\\\/\"},\"sameAs\":[\"https:\\\/\\\/www.facebook.com\\\/immobilienbusiness\\\/\"]},{\"@type\":\"Person\",\"@id\":\"https:\\\/\\\/www.immobilienbusiness.ch\\\/#\\\/schema\\\/person\\\/aa2bace6c5c5aad60102004a50c4eb1c\",\"name\":\"Redaktion\",\"image\":{\"@type\":\"ImageObject\",\"inLanguage\":\"de\",\"@id\":\"https:\\\/\\\/secure.gravatar.com\\\/avatar\\\/ae2f4d718e6c49043e314ce431e7e645d646302a24a5ef5a8bc8e3f5a032e319?s=96&d=mm&r=g\",\"url\":\"https:\\\/\\\/secure.gravatar.com\\\/avatar\\\/ae2f4d718e6c49043e314ce431e7e645d646302a24a5ef5a8bc8e3f5a032e319?s=96&d=mm&r=g\",\"contentUrl\":\"https:\\\/\\\/secure.gravatar.com\\\/avatar\\\/ae2f4d718e6c49043e314ce431e7e645d646302a24a5ef5a8bc8e3f5a032e319?s=96&d=mm&r=g\",\"caption\":\"Redaktion\"},\"sameAs\":[\"http:\\\/\\\/develop.organisator.galledia.ch\"],\"url\":\"https:\\\/\\\/www.immobilienbusiness.ch\\\/de\\\/author\\\/admin\\\/\"}]}<\/script>\n<!-- \/ Yoast SEO plugin. -->","yoast_head_json":{"title":"Zug: Siemens baut neue B\u00fcro- und Produktionsgeb\u00e4ude - IMMOBILIEN Business","description":"Die Strabag AG Schweiz baut f\u00fcr Siemens ein B\u00fcro- sowie ein Produktionsgeb\u00e4ude in Zug.","robots":{"index":"index","follow":"follow","max-snippet":"max-snippet:-1","max-image-preview":"max-image-preview:large","max-video-preview":"max-video-preview:-1"},"canonical":"https:\/\/www.immobilienbusiness.ch\/de\/buero\/2016-06-22\/zug-siemens-baut-neue-buero-und-produktionsgebaeude\/","og_locale":"de_DE","og_type":"article","og_title":"Zug: Siemens baut neue B\u00fcro- und Produktionsgeb\u00e4ude","og_description":"Die Strabag AG Schweiz baut f\u00fcr Siemens ein B\u00fcro- sowie ein Produktionsgeb\u00e4ude in Zug. Der Auftrag im Wert von rund 109 Millionen CHF wird durch Strabag als Totalunternehmerin ausgef\u00fchrt, Bauherrin ist die Immobiliensparte des Konzerns, Siemens Real Estate.","og_url":"https:\/\/www.immobilienbusiness.ch\/de\/buero\/2016-06-22\/zug-siemens-baut-neue-buero-und-produktionsgebaeude\/","og_site_name":"IMMOBILIEN Business","article_publisher":"https:\/\/www.facebook.com\/immobilienbusiness\/","article_published_time":"2016-06-22T06:23:51+00:00","author":"Redaktion","twitter_card":"summary_large_image","twitter_image":"https:\/\/www.immobilienbusiness.ch\/wp-content\/uploads\/2016\/12\/Zug-Siemens-baut-neue-Buero-und-Produktionsgebaeude-immobilien-business.jpg","schema":{"@context":"https:\/\/schema.org","@graph":[{"@type":"Article","@id":"https:\/\/www.immobilienbusiness.ch\/de\/buero\/2016-06-22\/zug-siemens-baut-neue-buero-und-produktionsgebaeude\/#article","isPartOf":{"@id":"https:\/\/www.immobilienbusiness.ch\/de\/buero\/2016-06-22\/zug-siemens-baut-neue-buero-und-produktionsgebaeude\/"},"author":{"name":"Redaktion","@id":"https:\/\/www.immobilienbusiness.ch\/#\/schema\/person\/aa2bace6c5c5aad60102004a50c4eb1c"},"headline":"Zug: Siemens baut neue B\u00fcro- und Produktionsgeb\u00e4ude","datePublished":"2016-06-22T06:23:51+00:00","mainEntityOfPage":{"@id":"https:\/\/www.immobilienbusiness.ch\/de\/buero\/2016-06-22\/zug-siemens-baut-neue-buero-und-produktionsgebaeude\/"},"wordCount":114,"commentCount":0,"publisher":{"@id":"https:\/\/www.immobilienbusiness.ch\/#organization"},"image":{"@id":"https:\/\/www.immobilienbusiness.ch\/de\/buero\/2016-06-22\/zug-siemens-baut-neue-buero-und-produktionsgebaeude\/#primaryimage"},"thumbnailUrl":"https:\/\/www.immobilienbusiness.ch\/wp-content\/uploads\/2016\/12\/Zug-Siemens-baut-neue-Buero-und-Produktionsgebaeude-immobilien-business.jpg","keywords":["B\u00fcro","Spezial Immobilien","Zug"],"articleSection":["B\u00dcRO"],"inLanguage":"de"},{"@type":"WebPage","@id":"https:\/\/www.immobilienbusiness.ch\/de\/buero\/2016-06-22\/zug-siemens-baut-neue-buero-und-produktionsgebaeude\/","url":"https:\/\/www.immobilienbusiness.ch\/de\/buero\/2016-06-22\/zug-siemens-baut-neue-buero-und-produktionsgebaeude\/","name":"Zug: Siemens baut neue B\u00fcro- und Produktionsgeb\u00e4ude - IMMOBILIEN Business","isPartOf":{"@id":"https:\/\/www.immobilienbusiness.ch\/#website"},"primaryImageOfPage":{"@id":"https:\/\/www.immobilienbusiness.ch\/de\/buero\/2016-06-22\/zug-siemens-baut-neue-buero-und-produktionsgebaeude\/#primaryimage"},"image":{"@id":"https:\/\/www.immobilienbusiness.ch\/de\/buero\/2016-06-22\/zug-siemens-baut-neue-buero-und-produktionsgebaeude\/#primaryimage"},"thumbnailUrl":"https:\/\/www.immobilienbusiness.ch\/wp-content\/uploads\/2016\/12\/Zug-Siemens-baut-neue-Buero-und-Produktionsgebaeude-immobilien-business.jpg","datePublished":"2016-06-22T06:23:51+00:00","description":"Die Strabag AG Schweiz baut f\u00fcr Siemens ein B\u00fcro- sowie ein Produktionsgeb\u00e4ude in Zug.","breadcrumb":{"@id":"https:\/\/www.immobilienbusiness.ch\/de\/buero\/2016-06-22\/zug-siemens-baut-neue-buero-und-produktionsgebaeude\/#breadcrumb"},"inLanguage":"de","potentialAction":[{"@type":"ReadAction","target":["https:\/\/www.immobilienbusiness.ch\/de\/buero\/2016-06-22\/zug-siemens-baut-neue-buero-und-produktionsgebaeude\/"]}]},{"@type":"ImageObject","inLanguage":"de","@id":"https:\/\/www.immobilienbusiness.ch\/de\/buero\/2016-06-22\/zug-siemens-baut-neue-buero-und-produktionsgebaeude\/#primaryimage","url":"https:\/\/www.immobilienbusiness.ch\/wp-content\/uploads\/2016\/12\/Zug-Siemens-baut-neue-Buero-und-Produktionsgebaeude-immobilien-business.jpg","contentUrl":"https:\/\/www.immobilienbusiness.ch\/wp-content\/uploads\/2016\/12\/Zug-Siemens-baut-neue-Buero-und-Produktionsgebaeude-immobilien-business.jpg","width":1502,"height":746,"caption":"Strabag baut f\u00fcr Siemens in Zug zwei neue Geb\u00e4ude mit BIM.5D\u00ae (Grafik: Strabag Schweiz AG)"},{"@type":"BreadcrumbList","@id":"https:\/\/www.immobilienbusiness.ch\/de\/buero\/2016-06-22\/zug-siemens-baut-neue-buero-und-produktionsgebaeude\/#breadcrumb","itemListElement":[{"@type":"ListItem","position":1,"name":"Home","item":"https:\/\/www.immobilienbusiness.ch\/"},{"@type":"ListItem","position":2,"name":"Zug: Siemens baut neue B\u00fcro- und Produktionsgeb\u00e4ude"}]},{"@type":"WebSite","@id":"https:\/\/www.immobilienbusiness.ch\/#website","url":"https:\/\/www.immobilienbusiness.ch\/","name":"IMMOBILIEN Business","description":"Unabh\u00e4ngiges Schweizer Wirtschaftsmagazin mit Fokus auf Immobilien, Architektur- und Bau sowie Investment- und Finanzierung.","publisher":{"@id":"https:\/\/www.immobilienbusiness.ch\/#organization"},"potentialAction":[{"@type":"SearchAction","target":{"@type":"EntryPoint","urlTemplate":"https:\/\/www.immobilienbusiness.ch\/?s={search_term_string}"},"query-input":{"@type":"PropertyValueSpecification","valueRequired":true,"valueName":"search_term_string"}}],"inLanguage":"de"},{"@type":"Organization","@id":"https:\/\/www.immobilienbusiness.ch\/#organization","name":"IMMOBILIEN Business","url":"https:\/\/www.immobilienbusiness.ch\/","logo":{"@type":"ImageObject","inLanguage":"de","@id":"https:\/\/www.immobilienbusiness.ch\/#\/schema\/logo\/image\/","url":"https:\/\/www.immobilienbusiness.ch\/wp-content\/uploads\/2021\/07\/logo_ib.png","contentUrl":"https:\/\/www.immobilienbusiness.ch\/wp-content\/uploads\/2021\/07\/logo_ib.png","width":800,"height":181,"caption":"IMMOBILIEN Business"},"image":{"@id":"https:\/\/www.immobilienbusiness.ch\/#\/schema\/logo\/image\/"},"sameAs":["https:\/\/www.facebook.com\/immobilienbusiness\/"]},{"@type":"Person","@id":"https:\/\/www.immobilienbusiness.ch\/#\/schema\/person\/aa2bace6c5c5aad60102004a50c4eb1c","name":"Redaktion","image":{"@type":"ImageObject","inLanguage":"de","@id":"https:\/\/secure.gravatar.com\/avatar\/ae2f4d718e6c49043e314ce431e7e645d646302a24a5ef5a8bc8e3f5a032e319?s=96&d=mm&r=g","url":"https:\/\/secure.gravatar.com\/avatar\/ae2f4d718e6c49043e314ce431e7e645d646302a24a5ef5a8bc8e3f5a032e319?s=96&d=mm&r=g","contentUrl":"https:\/\/secure.gravatar.com\/avatar\/ae2f4d718e6c49043e314ce431e7e645d646302a24a5ef5a8bc8e3f5a032e319?s=96&d=mm&r=g","caption":"Redaktion"},"sameAs":["http:\/\/develop.organisator.galledia.ch"],"url":"https:\/\/www.immobilienbusiness.ch\/de\/author\/admin\/"}]}},"_links":{"self":[{"href":"https:\/\/www.immobilienbusiness.ch\/de\/wp-json\/wp\/v2\/posts\/4385","targetHints":{"allow":["GET"]}}],"collection":[{"href":"https:\/\/www.immobilienbusiness.ch\/de\/wp-json\/wp\/v2\/posts"}],"about":[{"href":"https:\/\/www.immobilienbusiness.ch\/de\/wp-json\/wp\/v2\/types\/post"}],"author":[{"embeddable":true,"href":"https:\/\/www.immobilienbusiness.ch\/de\/wp-json\/wp\/v2\/users\/1"}],"replies":[{"embeddable":true,"href":"https:\/\/www.immobilienbusiness.ch\/de\/wp-json\/wp\/v2\/comments?post=4385"}],"version-history":[{"count":0,"href":"https:\/\/www.immobilienbusiness.ch\/de\/wp-json\/wp\/v2\/posts\/4385\/revisions"}],"wp:featuredmedia":[{"embeddable":true,"href":"https:\/\/www.immobilienbusiness.ch\/de\/wp-json\/wp\/v2\/media\/4386"}],"wp:attachment":[{"href":"https:\/\/www.immobilienbusiness.ch\/de\/wp-json\/wp\/v2\/media?parent=4385"}],"wp:term":[{"taxonomy":"category","embeddable":true,"href":"https:\/\/www.immobilienbusiness.ch\/de\/wp-json\/wp\/v2\/categories?post=4385"},{"taxonomy":"post_tag","embeddable":true,"href":"https:\/\/www.immobilienbusiness.ch\/de\/wp-json\/wp\/v2\/tags?post=4385"}],"curies":[{"name":"wp","href":"https:\/\/api.w.org\/{rel}","templated":true}]}}