{"id":43743,"date":"2022-08-31T08:15:22","date_gmt":"2022-08-31T06:15:22","guid":{"rendered":"https:\/\/www.immobilienbusiness.ch\/?p=43743"},"modified":"2022-09-01T09:45:05","modified_gmt":"2022-09-01T07:45:05","slug":"swiss-life-europa-fonds-erhoeht-sein-kapital","status":"publish","type":"post","link":"https:\/\/www.immobilienbusiness.ch\/de\/unternehmen\/2022-08-31\/swiss-life-europa-fonds-erhoeht-sein-kapital\/","title":{"rendered":"Swiss-Life-Europa-Fonds erh\u00f6ht sein Kapital"},"content":{"rendered":"<figure id=\"attachment_4166\" aria-describedby=\"caption-attachment-4166\" style=\"width: 1280px\" class=\"wp-caption alignnone\"><a href=\"https:\/\/www.immobilienbusiness.ch\/wp-content\/uploads\/2016\/12\/SFPI-Kapitalerhoehung-ueber-168-Millionen-immobilien-business.jpg\"><img loading=\"lazy\" decoding=\"async\" class=\"size-full wp-image-4166\" src=\"https:\/\/www.immobilienbusiness.ch\/wp-content\/uploads\/2016\/12\/SFPI-Kapitalerhoehung-ueber-168-Millionen-immobilien-business.jpg\" alt=\"\" width=\"1280\" height=\"853\" srcset=\"https:\/\/www.immobilienbusiness.ch\/wp-content\/uploads\/2016\/12\/SFPI-Kapitalerhoehung-ueber-168-Millionen-immobilien-business.jpg 1280w, https:\/\/www.immobilienbusiness.ch\/wp-content\/uploads\/2016\/12\/SFPI-Kapitalerhoehung-ueber-168-Millionen-immobilien-business-300x200.jpg 300w, https:\/\/www.immobilienbusiness.ch\/wp-content\/uploads\/2016\/12\/SFPI-Kapitalerhoehung-ueber-168-Millionen-immobilien-business-1024x682.jpg 1024w, https:\/\/www.immobilienbusiness.ch\/wp-content\/uploads\/2016\/12\/SFPI-Kapitalerhoehung-ueber-168-Millionen-immobilien-business-768x512.jpg 768w, https:\/\/www.immobilienbusiness.ch\/wp-content\/uploads\/2016\/12\/SFPI-Kapitalerhoehung-ueber-168-Millionen-immobilien-business-16x12.jpg 16w, https:\/\/www.immobilienbusiness.ch\/wp-content\/uploads\/2016\/12\/SFPI-Kapitalerhoehung-ueber-168-Millionen-immobilien-business-263x175.jpg 263w, https:\/\/www.immobilienbusiness.ch\/wp-content\/uploads\/2016\/12\/SFPI-Kapitalerhoehung-ueber-168-Millionen-immobilien-business-525x350.jpg 525w, https:\/\/www.immobilienbusiness.ch\/wp-content\/uploads\/2016\/12\/SFPI-Kapitalerhoehung-ueber-168-Millionen-immobilien-business-1200x800.jpg 1200w, https:\/\/www.immobilienbusiness.ch\/wp-content\/uploads\/2016\/12\/SFPI-Kapitalerhoehung-ueber-168-Millionen-immobilien-business-920x613.jpg 920w\" sizes=\"auto, (max-width: 1280px) 100vw, 1280px\" \/><\/a><figcaption id=\"caption-attachment-4166\" class=\"wp-caption-text\">Der Swiss Life REF (CH) European Properties erh\u00f6ht sein Kapital (Foto: Pixabay)<\/figcaption><\/figure>\n<p>Im Rahmen der Emission, die auf \u00abbest-effort basis\u00bb durchgef\u00fchrt wird, k\u00f6nnen sich bestehende Anteilseigner wie auch Neuanleger beteiligen, schreibt Swiss Life Asset Managers in einer Mitteilung. 14 Bezugsrechte berechtigen zum Erwerb eines neuen Anteils, wobei der Ausgabepreis 110,00 Euro betr\u00e4gt. Insgesamt werden maximal 388.888 neue Anteile ausgegeben, das Volumen liegt also bei maximal 42,8 Mio. Euro. \u00a0Bezugsfrist ist vom 8. bis 21. September und die Liberierung erfolgt per 28. September.<\/p>\n<p>Mit dem Emissionserl\u00f6s soll das Portfolio ausgebaut werden, so Swiss Life Asset Managers. Der Fonds investiert in B\u00fcro-, Verkaufs- und Wohnimmobilien sowie gemischt genutzte Objekte in europ\u00e4ischen Metropolregionen. Im Fokus stehen dabei zentrale Lagen in Grossst\u00e4dten und Regionalzentren sowie deren Agglomerationen.<\/p>\n<p>Per Ende Juni bestand das Portfolio aus 19 Liegenschaften in Deutschland, Frankreich, Spanien, Luxemburg, Belgien, Grossbritannien, Irland, Finnland und Holland mit einem Marktwert von 710,5 Mio. Euro. Im Januar hat der Fonds per Bieterprozess eine B\u00fcroliegenschaft im britischen Oxford verkauft und die Liquidit\u00e4t aus dem Verkauf im Mai in eine B\u00fcroliegenschaft an zentraler Lage in Manchester reinvestiert. Die Liegenschaft wurde 1993 erstellt und 2019 umfassend saniert. Sie hat eine vermietbare Fl\u00e4che von 5.451 qm und ist mit einer durchschnittlichen Restlaufzeit von 6,6 Jahren an acht bonit\u00e4tsstarke Mieter vermietet, so Swiss Life Asset Managers. Der Kaufpreis betrug rund 33 Mio. Pfund (37,5 Mio. CHF). <em>(ah)<\/em><\/p>\n","protected":false},"excerpt":{"rendered":"<p>Der Immobilienfonds Swiss Life REF (CH) European Properties f\u00fchrt Anfang September eine Kapitalerh\u00f6hung durch. Das Volumen soll bei maximal 42,8 Mio. Euro liegen.<\/p>\n","protected":false},"author":3,"featured_media":4166,"comment_status":"closed","ping_status":"closed","sticky":false,"template":"","format":"standard","meta":{"_acf_changed":false,"_yoast_wpseo_focuskw":"Fonds","_yoast_wpseo_title":"","_yoast_wpseo_metadesc":"Der Immobilienfonds Swiss Life REF (CH) European Properties f\u00fchrt Anfang September eine Kapitalerh\u00f6hung durch. Das Volumen soll bei 42,8 Mio. Euro liegen.","_yoast_wpseo_linkdex":56,"pgc_sgb_lightbox_settings":"","footnotes":""},"categories":[988],"tags":[1344,1412,1758],"class_list":["post-43743","post","type-post","status-publish","format-standard","has-post-thumbnail","hentry","category-unternehmen","tag-immobilienfonds","tag-kapitalerhoehung","tag-swiss-life-asset-managers"],"acf":[],"yoast_head":"<!-- This site is optimized with the Yoast SEO plugin v27.4 - https:\/\/yoast.com\/product\/yoast-seo-wordpress\/ -->\n<title>Swiss-Life-Europa-Fonds erh\u00f6ht sein Kapital - IMMOBILIEN Business<\/title>\n<meta name=\"description\" content=\"Der Immobilienfonds Swiss Life REF (CH) European Properties f\u00fchrt Anfang September eine Kapitalerh\u00f6hung durch. Das Volumen soll bei 42,8 Mio. Euro liegen.\" \/>\n<meta name=\"robots\" content=\"index, follow, max-snippet:-1, max-image-preview:large, max-video-preview:-1\" \/>\n<link rel=\"canonical\" href=\"https:\/\/www.immobilienbusiness.ch\/de\/unternehmen\/2022-08-31\/swiss-life-europa-fonds-erhoeht-sein-kapital\/\" \/>\n<meta property=\"og:locale\" content=\"de_DE\" \/>\n<meta property=\"og:type\" content=\"article\" \/>\n<meta property=\"og:title\" content=\"Swiss-Life-Europa-Fonds erh\u00f6ht sein Kapital - IMMOBILIEN Business\" \/>\n<meta property=\"og:description\" content=\"Der Immobilienfonds Swiss Life REF (CH) European Properties f\u00fchrt Anfang September eine Kapitalerh\u00f6hung durch. Das Volumen soll bei 42,8 Mio. Euro liegen.\" \/>\n<meta property=\"og:url\" content=\"https:\/\/www.immobilienbusiness.ch\/de\/unternehmen\/2022-08-31\/swiss-life-europa-fonds-erhoeht-sein-kapital\/\" \/>\n<meta property=\"og:site_name\" content=\"IMMOBILIEN Business\" \/>\n<meta property=\"article:publisher\" content=\"https:\/\/www.facebook.com\/immobilienbusiness\/\" \/>\n<meta property=\"article:published_time\" content=\"2022-08-31T06:15:22+00:00\" \/>\n<meta property=\"article:modified_time\" content=\"2022-09-01T07:45:05+00:00\" \/>\n<meta property=\"og:image\" content=\"https:\/\/www.immobilienbusiness.ch\/wp-content\/uploads\/2016\/12\/SFPI-Kapitalerhoehung-ueber-168-Millionen-immobilien-business.jpg\" \/>\n\t<meta property=\"og:image:width\" content=\"1280\" \/>\n\t<meta property=\"og:image:height\" content=\"853\" \/>\n\t<meta property=\"og:image:type\" content=\"image\/jpeg\" \/>\n<meta name=\"author\" content=\"anja.hall\" \/>\n<meta name=\"twitter:card\" content=\"summary_large_image\" \/>\n<meta name=\"twitter:image\" content=\"https:\/\/www.immobilienbusiness.ch\/wp-content\/uploads\/2016\/12\/SFPI-Kapitalerhoehung-ueber-168-Millionen-immobilien-business.jpg\" \/>\n<script type=\"application\/ld+json\" class=\"yoast-schema-graph\">{\"@context\":\"https:\\\/\\\/schema.org\",\"@graph\":[{\"@type\":\"Article\",\"@id\":\"https:\\\/\\\/www.immobilienbusiness.ch\\\/unternehmen\\\/2022-08-31\\\/swiss-life-europa-fonds-erhoeht-sein-kapital\\\/#article\",\"isPartOf\":{\"@id\":\"https:\\\/\\\/www.immobilienbusiness.ch\\\/unternehmen\\\/2022-08-31\\\/swiss-life-europa-fonds-erhoeht-sein-kapital\\\/\"},\"author\":{\"name\":\"anja.hall\",\"@id\":\"https:\\\/\\\/www.immobilienbusiness.ch\\\/#\\\/schema\\\/person\\\/3fc036297b10b9f42d6db5ee932af8c8\"},\"headline\":\"Swiss-Life-Europa-Fonds erh\u00f6ht sein Kapital\",\"datePublished\":\"2022-08-31T06:15:22+00:00\",\"dateModified\":\"2022-09-01T07:45:05+00:00\",\"mainEntityOfPage\":{\"@id\":\"https:\\\/\\\/www.immobilienbusiness.ch\\\/unternehmen\\\/2022-08-31\\\/swiss-life-europa-fonds-erhoeht-sein-kapital\\\/\"},\"wordCount\":237,\"publisher\":{\"@id\":\"https:\\\/\\\/www.immobilienbusiness.ch\\\/#organization\"},\"image\":{\"@id\":\"https:\\\/\\\/www.immobilienbusiness.ch\\\/unternehmen\\\/2022-08-31\\\/swiss-life-europa-fonds-erhoeht-sein-kapital\\\/#primaryimage\"},\"thumbnailUrl\":\"https:\\\/\\\/www.immobilienbusiness.ch\\\/wp-content\\\/uploads\\\/2016\\\/12\\\/SFPI-Kapitalerhoehung-ueber-168-Millionen-immobilien-business.jpg\",\"keywords\":[\"Immobilienfonds\",\"Kapitalerh\u00f6hung\",\"Swiss Life Asset Managers\"],\"articleSection\":[\"UNTERNEHMEN\"],\"inLanguage\":\"de\"},{\"@type\":\"WebPage\",\"@id\":\"https:\\\/\\\/www.immobilienbusiness.ch\\\/unternehmen\\\/2022-08-31\\\/swiss-life-europa-fonds-erhoeht-sein-kapital\\\/\",\"url\":\"https:\\\/\\\/www.immobilienbusiness.ch\\\/unternehmen\\\/2022-08-31\\\/swiss-life-europa-fonds-erhoeht-sein-kapital\\\/\",\"name\":\"Swiss-Life-Europa-Fonds erh\u00f6ht sein Kapital - IMMOBILIEN Business\",\"isPartOf\":{\"@id\":\"https:\\\/\\\/www.immobilienbusiness.ch\\\/#website\"},\"primaryImageOfPage\":{\"@id\":\"https:\\\/\\\/www.immobilienbusiness.ch\\\/unternehmen\\\/2022-08-31\\\/swiss-life-europa-fonds-erhoeht-sein-kapital\\\/#primaryimage\"},\"image\":{\"@id\":\"https:\\\/\\\/www.immobilienbusiness.ch\\\/unternehmen\\\/2022-08-31\\\/swiss-life-europa-fonds-erhoeht-sein-kapital\\\/#primaryimage\"},\"thumbnailUrl\":\"https:\\\/\\\/www.immobilienbusiness.ch\\\/wp-content\\\/uploads\\\/2016\\\/12\\\/SFPI-Kapitalerhoehung-ueber-168-Millionen-immobilien-business.jpg\",\"datePublished\":\"2022-08-31T06:15:22+00:00\",\"dateModified\":\"2022-09-01T07:45:05+00:00\",\"description\":\"Der Immobilienfonds Swiss Life REF (CH) European Properties f\u00fchrt Anfang September eine Kapitalerh\u00f6hung durch. Das Volumen soll bei 42,8 Mio. Euro liegen.\",\"breadcrumb\":{\"@id\":\"https:\\\/\\\/www.immobilienbusiness.ch\\\/unternehmen\\\/2022-08-31\\\/swiss-life-europa-fonds-erhoeht-sein-kapital\\\/#breadcrumb\"},\"inLanguage\":\"de\",\"potentialAction\":[{\"@type\":\"ReadAction\",\"target\":[\"https:\\\/\\\/www.immobilienbusiness.ch\\\/unternehmen\\\/2022-08-31\\\/swiss-life-europa-fonds-erhoeht-sein-kapital\\\/\"]}]},{\"@type\":\"ImageObject\",\"inLanguage\":\"de\",\"@id\":\"https:\\\/\\\/www.immobilienbusiness.ch\\\/unternehmen\\\/2022-08-31\\\/swiss-life-europa-fonds-erhoeht-sein-kapital\\\/#primaryimage\",\"url\":\"https:\\\/\\\/www.immobilienbusiness.ch\\\/wp-content\\\/uploads\\\/2016\\\/12\\\/SFPI-Kapitalerhoehung-ueber-168-Millionen-immobilien-business.jpg\",\"contentUrl\":\"https:\\\/\\\/www.immobilienbusiness.ch\\\/wp-content\\\/uploads\\\/2016\\\/12\\\/SFPI-Kapitalerhoehung-ueber-168-Millionen-immobilien-business.jpg\",\"width\":1280,\"height\":853,\"caption\":\"SFPI erh\u00f6ht das Kapital um 16,8 Millionen (Foto: Pixabay)\"},{\"@type\":\"BreadcrumbList\",\"@id\":\"https:\\\/\\\/www.immobilienbusiness.ch\\\/unternehmen\\\/2022-08-31\\\/swiss-life-europa-fonds-erhoeht-sein-kapital\\\/#breadcrumb\",\"itemListElement\":[{\"@type\":\"ListItem\",\"position\":1,\"name\":\"Home\",\"item\":\"https:\\\/\\\/www.immobilienbusiness.ch\\\/\"},{\"@type\":\"ListItem\",\"position\":2,\"name\":\"Swiss-Life-Europa-Fonds erh\u00f6ht sein Kapital\"}]},{\"@type\":\"WebSite\",\"@id\":\"https:\\\/\\\/www.immobilienbusiness.ch\\\/#website\",\"url\":\"https:\\\/\\\/www.immobilienbusiness.ch\\\/\",\"name\":\"IMMOBILIEN Business\",\"description\":\"Unabh\u00e4ngiges Schweizer Wirtschaftsmagazin mit Fokus auf Immobilien, Architektur- und Bau sowie Investment- und Finanzierung.\",\"publisher\":{\"@id\":\"https:\\\/\\\/www.immobilienbusiness.ch\\\/#organization\"},\"potentialAction\":[{\"@type\":\"SearchAction\",\"target\":{\"@type\":\"EntryPoint\",\"urlTemplate\":\"https:\\\/\\\/www.immobilienbusiness.ch\\\/?s={search_term_string}\"},\"query-input\":{\"@type\":\"PropertyValueSpecification\",\"valueRequired\":true,\"valueName\":\"search_term_string\"}}],\"inLanguage\":\"de\"},{\"@type\":\"Organization\",\"@id\":\"https:\\\/\\\/www.immobilienbusiness.ch\\\/#organization\",\"name\":\"IMMOBILIEN Business\",\"url\":\"https:\\\/\\\/www.immobilienbusiness.ch\\\/\",\"logo\":{\"@type\":\"ImageObject\",\"inLanguage\":\"de\",\"@id\":\"https:\\\/\\\/www.immobilienbusiness.ch\\\/#\\\/schema\\\/logo\\\/image\\\/\",\"url\":\"https:\\\/\\\/www.immobilienbusiness.ch\\\/wp-content\\\/uploads\\\/2021\\\/07\\\/logo_ib.png\",\"contentUrl\":\"https:\\\/\\\/www.immobilienbusiness.ch\\\/wp-content\\\/uploads\\\/2021\\\/07\\\/logo_ib.png\",\"width\":800,\"height\":181,\"caption\":\"IMMOBILIEN Business\"},\"image\":{\"@id\":\"https:\\\/\\\/www.immobilienbusiness.ch\\\/#\\\/schema\\\/logo\\\/image\\\/\"},\"sameAs\":[\"https:\\\/\\\/www.facebook.com\\\/immobilienbusiness\\\/\"]},{\"@type\":\"Person\",\"@id\":\"https:\\\/\\\/www.immobilienbusiness.ch\\\/#\\\/schema\\\/person\\\/3fc036297b10b9f42d6db5ee932af8c8\",\"name\":\"anja.hall\",\"image\":{\"@type\":\"ImageObject\",\"inLanguage\":\"de\",\"@id\":\"https:\\\/\\\/secure.gravatar.com\\\/avatar\\\/066b5a0d447013502c71a5782f4f3469f03cfe595cc2329fb94652fe47511bfb?s=96&d=mm&r=g\",\"url\":\"https:\\\/\\\/secure.gravatar.com\\\/avatar\\\/066b5a0d447013502c71a5782f4f3469f03cfe595cc2329fb94652fe47511bfb?s=96&d=mm&r=g\",\"contentUrl\":\"https:\\\/\\\/secure.gravatar.com\\\/avatar\\\/066b5a0d447013502c71a5782f4f3469f03cfe595cc2329fb94652fe47511bfb?s=96&d=mm&r=g\",\"caption\":\"anja.hall\"},\"url\":\"https:\\\/\\\/www.immobilienbusiness.ch\\\/de\\\/author\\\/anja-hall\\\/\"}]}<\/script>\n<!-- \/ Yoast SEO plugin. -->","yoast_head_json":{"title":"Swiss-Life-Europa-Fonds erh\u00f6ht sein Kapital - IMMOBILIEN Business","description":"Der Immobilienfonds Swiss Life REF (CH) European Properties f\u00fchrt Anfang September eine Kapitalerh\u00f6hung durch. Das Volumen soll bei 42,8 Mio. Euro liegen.","robots":{"index":"index","follow":"follow","max-snippet":"max-snippet:-1","max-image-preview":"max-image-preview:large","max-video-preview":"max-video-preview:-1"},"canonical":"https:\/\/www.immobilienbusiness.ch\/de\/unternehmen\/2022-08-31\/swiss-life-europa-fonds-erhoeht-sein-kapital\/","og_locale":"de_DE","og_type":"article","og_title":"Swiss-Life-Europa-Fonds erh\u00f6ht sein Kapital - IMMOBILIEN Business","og_description":"Der Immobilienfonds Swiss Life REF (CH) European Properties f\u00fchrt Anfang September eine Kapitalerh\u00f6hung durch. Das Volumen soll bei 42,8 Mio. Euro liegen.","og_url":"https:\/\/www.immobilienbusiness.ch\/de\/unternehmen\/2022-08-31\/swiss-life-europa-fonds-erhoeht-sein-kapital\/","og_site_name":"IMMOBILIEN Business","article_publisher":"https:\/\/www.facebook.com\/immobilienbusiness\/","article_published_time":"2022-08-31T06:15:22+00:00","article_modified_time":"2022-09-01T07:45:05+00:00","og_image":[{"width":1280,"height":853,"url":"https:\/\/www.immobilienbusiness.ch\/wp-content\/uploads\/2016\/12\/SFPI-Kapitalerhoehung-ueber-168-Millionen-immobilien-business.jpg","type":"image\/jpeg"}],"author":"anja.hall","twitter_card":"summary_large_image","twitter_image":"https:\/\/www.immobilienbusiness.ch\/wp-content\/uploads\/2016\/12\/SFPI-Kapitalerhoehung-ueber-168-Millionen-immobilien-business.jpg","schema":{"@context":"https:\/\/schema.org","@graph":[{"@type":"Article","@id":"https:\/\/www.immobilienbusiness.ch\/unternehmen\/2022-08-31\/swiss-life-europa-fonds-erhoeht-sein-kapital\/#article","isPartOf":{"@id":"https:\/\/www.immobilienbusiness.ch\/unternehmen\/2022-08-31\/swiss-life-europa-fonds-erhoeht-sein-kapital\/"},"author":{"name":"anja.hall","@id":"https:\/\/www.immobilienbusiness.ch\/#\/schema\/person\/3fc036297b10b9f42d6db5ee932af8c8"},"headline":"Swiss-Life-Europa-Fonds erh\u00f6ht sein Kapital","datePublished":"2022-08-31T06:15:22+00:00","dateModified":"2022-09-01T07:45:05+00:00","mainEntityOfPage":{"@id":"https:\/\/www.immobilienbusiness.ch\/unternehmen\/2022-08-31\/swiss-life-europa-fonds-erhoeht-sein-kapital\/"},"wordCount":237,"publisher":{"@id":"https:\/\/www.immobilienbusiness.ch\/#organization"},"image":{"@id":"https:\/\/www.immobilienbusiness.ch\/unternehmen\/2022-08-31\/swiss-life-europa-fonds-erhoeht-sein-kapital\/#primaryimage"},"thumbnailUrl":"https:\/\/www.immobilienbusiness.ch\/wp-content\/uploads\/2016\/12\/SFPI-Kapitalerhoehung-ueber-168-Millionen-immobilien-business.jpg","keywords":["Immobilienfonds","Kapitalerh\u00f6hung","Swiss Life Asset Managers"],"articleSection":["UNTERNEHMEN"],"inLanguage":"de"},{"@type":"WebPage","@id":"https:\/\/www.immobilienbusiness.ch\/unternehmen\/2022-08-31\/swiss-life-europa-fonds-erhoeht-sein-kapital\/","url":"https:\/\/www.immobilienbusiness.ch\/unternehmen\/2022-08-31\/swiss-life-europa-fonds-erhoeht-sein-kapital\/","name":"Swiss-Life-Europa-Fonds erh\u00f6ht sein Kapital - IMMOBILIEN Business","isPartOf":{"@id":"https:\/\/www.immobilienbusiness.ch\/#website"},"primaryImageOfPage":{"@id":"https:\/\/www.immobilienbusiness.ch\/unternehmen\/2022-08-31\/swiss-life-europa-fonds-erhoeht-sein-kapital\/#primaryimage"},"image":{"@id":"https:\/\/www.immobilienbusiness.ch\/unternehmen\/2022-08-31\/swiss-life-europa-fonds-erhoeht-sein-kapital\/#primaryimage"},"thumbnailUrl":"https:\/\/www.immobilienbusiness.ch\/wp-content\/uploads\/2016\/12\/SFPI-Kapitalerhoehung-ueber-168-Millionen-immobilien-business.jpg","datePublished":"2022-08-31T06:15:22+00:00","dateModified":"2022-09-01T07:45:05+00:00","description":"Der Immobilienfonds Swiss Life REF (CH) European Properties f\u00fchrt Anfang September eine Kapitalerh\u00f6hung durch. Das Volumen soll bei 42,8 Mio. Euro liegen.","breadcrumb":{"@id":"https:\/\/www.immobilienbusiness.ch\/unternehmen\/2022-08-31\/swiss-life-europa-fonds-erhoeht-sein-kapital\/#breadcrumb"},"inLanguage":"de","potentialAction":[{"@type":"ReadAction","target":["https:\/\/www.immobilienbusiness.ch\/unternehmen\/2022-08-31\/swiss-life-europa-fonds-erhoeht-sein-kapital\/"]}]},{"@type":"ImageObject","inLanguage":"de","@id":"https:\/\/www.immobilienbusiness.ch\/unternehmen\/2022-08-31\/swiss-life-europa-fonds-erhoeht-sein-kapital\/#primaryimage","url":"https:\/\/www.immobilienbusiness.ch\/wp-content\/uploads\/2016\/12\/SFPI-Kapitalerhoehung-ueber-168-Millionen-immobilien-business.jpg","contentUrl":"https:\/\/www.immobilienbusiness.ch\/wp-content\/uploads\/2016\/12\/SFPI-Kapitalerhoehung-ueber-168-Millionen-immobilien-business.jpg","width":1280,"height":853,"caption":"SFPI erh\u00f6ht das Kapital um 16,8 Millionen (Foto: Pixabay)"},{"@type":"BreadcrumbList","@id":"https:\/\/www.immobilienbusiness.ch\/unternehmen\/2022-08-31\/swiss-life-europa-fonds-erhoeht-sein-kapital\/#breadcrumb","itemListElement":[{"@type":"ListItem","position":1,"name":"Home","item":"https:\/\/www.immobilienbusiness.ch\/"},{"@type":"ListItem","position":2,"name":"Swiss-Life-Europa-Fonds erh\u00f6ht sein Kapital"}]},{"@type":"WebSite","@id":"https:\/\/www.immobilienbusiness.ch\/#website","url":"https:\/\/www.immobilienbusiness.ch\/","name":"IMMOBILIEN Business","description":"Unabh\u00e4ngiges Schweizer Wirtschaftsmagazin mit Fokus auf Immobilien, Architektur- und Bau sowie Investment- und Finanzierung.","publisher":{"@id":"https:\/\/www.immobilienbusiness.ch\/#organization"},"potentialAction":[{"@type":"SearchAction","target":{"@type":"EntryPoint","urlTemplate":"https:\/\/www.immobilienbusiness.ch\/?s={search_term_string}"},"query-input":{"@type":"PropertyValueSpecification","valueRequired":true,"valueName":"search_term_string"}}],"inLanguage":"de"},{"@type":"Organization","@id":"https:\/\/www.immobilienbusiness.ch\/#organization","name":"IMMOBILIEN Business","url":"https:\/\/www.immobilienbusiness.ch\/","logo":{"@type":"ImageObject","inLanguage":"de","@id":"https:\/\/www.immobilienbusiness.ch\/#\/schema\/logo\/image\/","url":"https:\/\/www.immobilienbusiness.ch\/wp-content\/uploads\/2021\/07\/logo_ib.png","contentUrl":"https:\/\/www.immobilienbusiness.ch\/wp-content\/uploads\/2021\/07\/logo_ib.png","width":800,"height":181,"caption":"IMMOBILIEN Business"},"image":{"@id":"https:\/\/www.immobilienbusiness.ch\/#\/schema\/logo\/image\/"},"sameAs":["https:\/\/www.facebook.com\/immobilienbusiness\/"]},{"@type":"Person","@id":"https:\/\/www.immobilienbusiness.ch\/#\/schema\/person\/3fc036297b10b9f42d6db5ee932af8c8","name":"anja.hall","image":{"@type":"ImageObject","inLanguage":"de","@id":"https:\/\/secure.gravatar.com\/avatar\/066b5a0d447013502c71a5782f4f3469f03cfe595cc2329fb94652fe47511bfb?s=96&d=mm&r=g","url":"https:\/\/secure.gravatar.com\/avatar\/066b5a0d447013502c71a5782f4f3469f03cfe595cc2329fb94652fe47511bfb?s=96&d=mm&r=g","contentUrl":"https:\/\/secure.gravatar.com\/avatar\/066b5a0d447013502c71a5782f4f3469f03cfe595cc2329fb94652fe47511bfb?s=96&d=mm&r=g","caption":"anja.hall"},"url":"https:\/\/www.immobilienbusiness.ch\/de\/author\/anja-hall\/"}]}},"_links":{"self":[{"href":"https:\/\/www.immobilienbusiness.ch\/de\/wp-json\/wp\/v2\/posts\/43743","targetHints":{"allow":["GET"]}}],"collection":[{"href":"https:\/\/www.immobilienbusiness.ch\/de\/wp-json\/wp\/v2\/posts"}],"about":[{"href":"https:\/\/www.immobilienbusiness.ch\/de\/wp-json\/wp\/v2\/types\/post"}],"author":[{"embeddable":true,"href":"https:\/\/www.immobilienbusiness.ch\/de\/wp-json\/wp\/v2\/users\/3"}],"replies":[{"embeddable":true,"href":"https:\/\/www.immobilienbusiness.ch\/de\/wp-json\/wp\/v2\/comments?post=43743"}],"version-history":[{"count":2,"href":"https:\/\/www.immobilienbusiness.ch\/de\/wp-json\/wp\/v2\/posts\/43743\/revisions"}],"predecessor-version":[{"id":43775,"href":"https:\/\/www.immobilienbusiness.ch\/de\/wp-json\/wp\/v2\/posts\/43743\/revisions\/43775"}],"wp:featuredmedia":[{"embeddable":true,"href":"https:\/\/www.immobilienbusiness.ch\/de\/wp-json\/wp\/v2\/media\/4166"}],"wp:attachment":[{"href":"https:\/\/www.immobilienbusiness.ch\/de\/wp-json\/wp\/v2\/media?parent=43743"}],"wp:term":[{"taxonomy":"category","embeddable":true,"href":"https:\/\/www.immobilienbusiness.ch\/de\/wp-json\/wp\/v2\/categories?post=43743"},{"taxonomy":"post_tag","embeddable":true,"href":"https:\/\/www.immobilienbusiness.ch\/de\/wp-json\/wp\/v2\/tags?post=43743"}],"curies":[{"name":"wp","href":"https:\/\/api.w.org\/{rel}","templated":true}]}}