{"id":4369,"date":"2016-06-21T09:00:38","date_gmt":"2016-06-21T07:00:38","guid":{"rendered":"http:\/\/dev.immobilienbusiness.ch\/?p=4369"},"modified":"2016-06-21T09:00:38","modified_gmt":"2016-06-21T07:00:38","slug":"investis-strebt-boersengang-per-30-juni-an","status":"publish","type":"post","link":"https:\/\/www.immobilienbusiness.ch\/de\/residential\/2016-06-21\/investis-strebt-boersengang-per-30-juni-an\/","title":{"rendered":"Investis strebt B\u00f6rsengang per 30. Juni an"},"content":{"rendered":"<figure id=\"attachment_4372\" aria-describedby=\"caption-attachment-4372\" style=\"width: 620px\" class=\"wp-caption alignnone\"><img loading=\"lazy\" decoding=\"async\" class=\"size-full wp-image-4372\" src=\"https:\/\/immobilienbusiness.ch\/wp-content\/uploads\/2016\/12\/Investis-strebt-B\u00f6rsengang-per-30.-Juni-an-immobilien-business.jpg\" alt=\"CEO St\u00e9phane Bonvin plant den B\u00f6rsengang seiner Investis Holding AG per 30. Juni 2016 - die Preisspanne wurde zwischen 49 und 68 CHF pro Aktie festgelegt (Bild: Investis)\" width=\"620\" height=\"602\" \/><figcaption id=\"caption-attachment-4372\" class=\"wp-caption-text\">CEO St\u00e9phane Bonvin plant den B\u00f6rsengang seiner Investis Holding AG per 30. Juni 2016 &#8211; die Preisspanne wurde zwischen 49 und 68 CHF pro Aktie festgelegt (Bild: Investis)<\/figcaption><\/figure>\n<blockquote><p>\u00abWir wollen von unserem Cross-Selling-Ansatz und der anhaltenden Marktkonsolidierung weiterhin profitieren.\u00bb Investis-Gr\u00fcnder und CEO St\u00e9phane Bonvin<\/p><\/blockquote>\n<p>\u00abAls f\u00fchrende Gesellschaft f\u00fcr Wohnliegenschaften in der Genferseeregion und nationaler Anbieter von Immobiliendienstleistungen ist unser Unternehmen gut positioniert, um von seinem Cross-Selling-Ansatz und der anhaltenden Marktkonsolidierung weiterhin zu profitieren\u00bb, sagte Investis-Gr\u00fcnder und CEO St\u00e9phane Bonvin. Mit dem Nettoerl\u00f6s wolle das Unternehmen \u00abdie allgemeine Gesch\u00e4ftsentwicklung, weiteres organisches Wachstum sowie Investitionen in unserem Gesch\u00e4ftsbereich Properties finanzieren\u00bb.<\/p>\n<p><strong>Weitere Zuk\u00e4ufe im Property- und Facility Management geplant<\/strong><\/p>\n<p>Bonvin plant nach eigenen Angaben \u00abkurzfristige Akquisitionen in der Gr\u00f6ssenordnung von rund 50 Millionen CHF\u00bb. Zudem seien gezielte \u00abAdd-on-Akquisitionen in unserem Gesch\u00e4ftsbereich Real Estate Services\u00bb vorgesehen. Bei der Pr\u00e4sentation der Details des anstehenden IPOs in Z\u00fcrich sprach Bonvin gestern Montag davon, dass Investis sich hier in Gespr\u00e4chen mit zwei mittelgrossen Unternehmen aus dem Property Management sowie kleineren Firmen aus dem Facility Management befinde.<\/p>\n<p>Der Investis-CEO k\u00fcndigte an, eine Dividendenaussch\u00fcttungsquote von mindestens 80 Prozent des Cashflows aus der operativen T\u00e4tigkeit anzustreben \u2013 bereinigt um die jeweiligen Cashflows f\u00fcr\/aus zum Verkauf gehaltenen Immobilien, erhaltenen Zinsen und bezahlten Zinsen. F\u00fcr das laufende Gesch\u00e4ftsjahr 2016 und das kommende 2017 will Investis mindestens 30 Millionen CHF pro Jahr als Dividende aussch\u00fctten. Pr\u00e4sident des neuen Investis-Verwaltungsrats wird Riccardo Boscardin. Hinzu kommen die VR-Mitglieder Albert Baehny sowie Thomas Vettiger &#8211; und St\u00e9phane Bonvin selbst als exekutives Mitglied.<\/p>\n<p><strong>Mindestens 20 Prozent der Aktien k\u00fcnftig im Free Float<\/strong><\/p>\n<p>Mit der Ausgabe von rund drei Millionen Aktien will das Unternehmen einen Bruttoerl\u00f6s in der H\u00f6he von rund 150 Millionen CHF erzielen. Die genaue Zahl der Aktien werde so festgelegt, dass sich der Free Float nach dem B\u00f6rsengang auf mindestens 20 Prozent bel\u00e4uft, so der bisherige Alleinaktion\u00e4r Bonvin, der bekr\u00e4ftigte, nach dem B\u00f6rsengang in jedem Fall mindestens 70 Prozent der Aktien halten zu wollen. Er verpflichtet sich dar\u00fcber hinaus zu einer Haltefrist von 36 Monaten f\u00fcr die Wertpapiere einer Beteiligung von bis zu 67 Prozent am Unternehmen.<\/p>\n<p>Als Sole Bookrunner wurde die Bank Credit Suisse mit der Durchf\u00fchrung des geplanten B\u00f6rsengangs beauftragt. Co-Lead Managers sind die Bank am Bellevue AG, die Bank Vontobel AG und die Z\u00fcrcher Kantonalbank. (mr)<\/p>\n<p>&nbsp;<\/p>\n","protected":false},"excerpt":{"rendered":"<p>Die Investis-Gruppe will ihre Aktien am 30. Juni 2016 das erste Mal mit dem K\u00fcrzel IREN an der SIX Swiss Exchange b\u00f6rslich handeln lassen. F\u00fcr den heute (21. Juni) beginnenden Bookbuilding-Prozess wurde eine Preisspanne zwischen 49 und 68 CHF pro Aktie festgelegt. Es wird eine B\u00f6rsenkapitalisierung zwischen 640 und 830 Millionen CHF angestrebt.<\/p>\n","protected":false},"author":1,"featured_media":4372,"comment_status":"open","ping_status":"open","sticky":false,"template":"","format":"standard","meta":{"_acf_changed":false,"_yoast_wpseo_focuskw":"B\u00f6rsengang","_yoast_wpseo_title":"","_yoast_wpseo_metadesc":"B\u00f6rsengang: Die Investis-Gruppe will ihre Aktien am 30. Juni 2016 das erste Mal mit dem K\u00fcrzel IREN an der SIX Swiss Exchange b\u00f6rslich handeln lassen.","_yoast_wpseo_linkdex":87,"pgc_sgb_lightbox_settings":"","footnotes":""},"categories":[986],"tags":[1216,1260,1331,1362,1639,1862],"class_list":["post-4369","post","type-post","status-publish","format-standard","has-post-thumbnail","hentry","category-residential","tag-facility-management","tag-genf","tag-immobilien-finanzierung","tag-indirekte-immobilienanlagen","tag-residential","tag-wohnen"],"acf":[],"yoast_head":"<!-- This site is optimized with the Yoast SEO plugin v27.4 - https:\/\/yoast.com\/product\/yoast-seo-wordpress\/ -->\n<title>Investis strebt B\u00f6rsengang per 30. Juni an - IMMOBILIEN Business<\/title>\n<meta name=\"description\" content=\"B\u00f6rsengang: Die Investis-Gruppe will ihre Aktien am 30. Juni 2016 das erste Mal mit dem K\u00fcrzel IREN an der SIX Swiss Exchange b\u00f6rslich handeln lassen.\" \/>\n<meta name=\"robots\" content=\"index, follow, max-snippet:-1, max-image-preview:large, max-video-preview:-1\" \/>\n<link rel=\"canonical\" href=\"https:\/\/www.immobilienbusiness.ch\/de\/residential\/2016-06-21\/investis-strebt-boersengang-per-30-juni-an\/\" \/>\n<meta property=\"og:locale\" content=\"de_DE\" \/>\n<meta property=\"og:type\" content=\"article\" \/>\n<meta property=\"og:title\" content=\"Investis strebt B\u00f6rsengang per 30. Juni an\" \/>\n<meta property=\"og:description\" content=\"Die Investis-Gruppe will ihre Aktien am 30. Juni 2016 das erste Mal mit dem K\u00fcrzel IREN an der SIX Swiss Exchange b\u00f6rslich handeln lassen. F\u00fcr den heute (21. Juni) beginnenden Bookbuilding-Prozess wurde eine Preisspanne zwischen 49 und 68 CHF pro Aktie festgelegt. Es wird eine B\u00f6rsenkapitalisierung zwischen 640 und 830 Millionen CHF angestrebt.\" \/>\n<meta property=\"og:url\" content=\"https:\/\/www.immobilienbusiness.ch\/de\/residential\/2016-06-21\/investis-strebt-boersengang-per-30-juni-an\/\" \/>\n<meta property=\"og:site_name\" content=\"IMMOBILIEN Business\" \/>\n<meta property=\"article:publisher\" content=\"https:\/\/www.facebook.com\/immobilienbusiness\/\" \/>\n<meta property=\"article:published_time\" content=\"2016-06-21T07:00:38+00:00\" \/>\n<meta name=\"author\" content=\"Redaktion\" \/>\n<meta name=\"twitter:card\" content=\"summary_large_image\" \/>\n<meta name=\"twitter:image\" content=\"https:\/\/www.immobilienbusiness.ch\/wp-content\/uploads\/2016\/12\/Investis-strebt-Boersengang-per-30.-Juni-an-immobilien-business.jpg\" \/>\n<script type=\"application\/ld+json\" class=\"yoast-schema-graph\">{\"@context\":\"https:\\\/\\\/schema.org\",\"@graph\":[{\"@type\":\"Article\",\"@id\":\"https:\\\/\\\/www.immobilienbusiness.ch\\\/residential\\\/2016-06-21\\\/investis-strebt-boersengang-per-30-juni-an\\\/#article\",\"isPartOf\":{\"@id\":\"https:\\\/\\\/www.immobilienbusiness.ch\\\/residential\\\/2016-06-21\\\/investis-strebt-boersengang-per-30-juni-an\\\/\"},\"author\":{\"name\":\"Redaktion\",\"@id\":\"https:\\\/\\\/www.immobilienbusiness.ch\\\/#\\\/schema\\\/person\\\/aa2bace6c5c5aad60102004a50c4eb1c\"},\"headline\":\"Investis strebt B\u00f6rsengang per 30. Juni an\",\"datePublished\":\"2016-06-21T07:00:38+00:00\",\"mainEntityOfPage\":{\"@id\":\"https:\\\/\\\/www.immobilienbusiness.ch\\\/residential\\\/2016-06-21\\\/investis-strebt-boersengang-per-30-juni-an\\\/\"},\"wordCount\":413,\"commentCount\":0,\"publisher\":{\"@id\":\"https:\\\/\\\/www.immobilienbusiness.ch\\\/#organization\"},\"image\":{\"@id\":\"https:\\\/\\\/www.immobilienbusiness.ch\\\/residential\\\/2016-06-21\\\/investis-strebt-boersengang-per-30-juni-an\\\/#primaryimage\"},\"thumbnailUrl\":\"https:\\\/\\\/www.immobilienbusiness.ch\\\/wp-content\\\/uploads\\\/2016\\\/12\\\/Investis-strebt-Boersengang-per-30.-Juni-an-immobilien-business.jpg\",\"keywords\":[\"Facility Management\",\"Genf\",\"Immobilien-Finanzierung\",\"Indirekte Immobilienanlagen\",\"Residential\",\"Wohnen\"],\"articleSection\":[\"RESIDENTIAL\"],\"inLanguage\":\"de\"},{\"@type\":\"WebPage\",\"@id\":\"https:\\\/\\\/www.immobilienbusiness.ch\\\/residential\\\/2016-06-21\\\/investis-strebt-boersengang-per-30-juni-an\\\/\",\"url\":\"https:\\\/\\\/www.immobilienbusiness.ch\\\/residential\\\/2016-06-21\\\/investis-strebt-boersengang-per-30-juni-an\\\/\",\"name\":\"Investis strebt B\u00f6rsengang per 30. Juni an - IMMOBILIEN Business\",\"isPartOf\":{\"@id\":\"https:\\\/\\\/www.immobilienbusiness.ch\\\/#website\"},\"primaryImageOfPage\":{\"@id\":\"https:\\\/\\\/www.immobilienbusiness.ch\\\/residential\\\/2016-06-21\\\/investis-strebt-boersengang-per-30-juni-an\\\/#primaryimage\"},\"image\":{\"@id\":\"https:\\\/\\\/www.immobilienbusiness.ch\\\/residential\\\/2016-06-21\\\/investis-strebt-boersengang-per-30-juni-an\\\/#primaryimage\"},\"thumbnailUrl\":\"https:\\\/\\\/www.immobilienbusiness.ch\\\/wp-content\\\/uploads\\\/2016\\\/12\\\/Investis-strebt-Boersengang-per-30.-Juni-an-immobilien-business.jpg\",\"datePublished\":\"2016-06-21T07:00:38+00:00\",\"description\":\"B\u00f6rsengang: Die Investis-Gruppe will ihre Aktien am 30. Juni 2016 das erste Mal mit dem K\u00fcrzel IREN an der SIX Swiss Exchange b\u00f6rslich handeln lassen.\",\"breadcrumb\":{\"@id\":\"https:\\\/\\\/www.immobilienbusiness.ch\\\/residential\\\/2016-06-21\\\/investis-strebt-boersengang-per-30-juni-an\\\/#breadcrumb\"},\"inLanguage\":\"de\",\"potentialAction\":[{\"@type\":\"ReadAction\",\"target\":[\"https:\\\/\\\/www.immobilienbusiness.ch\\\/residential\\\/2016-06-21\\\/investis-strebt-boersengang-per-30-juni-an\\\/\"]}]},{\"@type\":\"ImageObject\",\"inLanguage\":\"de\",\"@id\":\"https:\\\/\\\/www.immobilienbusiness.ch\\\/residential\\\/2016-06-21\\\/investis-strebt-boersengang-per-30-juni-an\\\/#primaryimage\",\"url\":\"https:\\\/\\\/www.immobilienbusiness.ch\\\/wp-content\\\/uploads\\\/2016\\\/12\\\/Investis-strebt-Boersengang-per-30.-Juni-an-immobilien-business.jpg\",\"contentUrl\":\"https:\\\/\\\/www.immobilienbusiness.ch\\\/wp-content\\\/uploads\\\/2016\\\/12\\\/Investis-strebt-Boersengang-per-30.-Juni-an-immobilien-business.jpg\",\"width\":620,\"height\":602,\"caption\":\"Investis-CEO St\u00e9phane Bonvin hat 2024 im grossen Stil zugekauft CHF pro Aktie festgelegt (Bild: Investis)\"},{\"@type\":\"BreadcrumbList\",\"@id\":\"https:\\\/\\\/www.immobilienbusiness.ch\\\/residential\\\/2016-06-21\\\/investis-strebt-boersengang-per-30-juni-an\\\/#breadcrumb\",\"itemListElement\":[{\"@type\":\"ListItem\",\"position\":1,\"name\":\"Home\",\"item\":\"https:\\\/\\\/www.immobilienbusiness.ch\\\/\"},{\"@type\":\"ListItem\",\"position\":2,\"name\":\"Investis strebt B\u00f6rsengang per 30. Juni an\"}]},{\"@type\":\"WebSite\",\"@id\":\"https:\\\/\\\/www.immobilienbusiness.ch\\\/#website\",\"url\":\"https:\\\/\\\/www.immobilienbusiness.ch\\\/\",\"name\":\"IMMOBILIEN Business\",\"description\":\"Unabh\u00e4ngiges Schweizer Wirtschaftsmagazin mit Fokus auf Immobilien, Architektur- und Bau sowie Investment- und Finanzierung.\",\"publisher\":{\"@id\":\"https:\\\/\\\/www.immobilienbusiness.ch\\\/#organization\"},\"potentialAction\":[{\"@type\":\"SearchAction\",\"target\":{\"@type\":\"EntryPoint\",\"urlTemplate\":\"https:\\\/\\\/www.immobilienbusiness.ch\\\/?s={search_term_string}\"},\"query-input\":{\"@type\":\"PropertyValueSpecification\",\"valueRequired\":true,\"valueName\":\"search_term_string\"}}],\"inLanguage\":\"de\"},{\"@type\":\"Organization\",\"@id\":\"https:\\\/\\\/www.immobilienbusiness.ch\\\/#organization\",\"name\":\"IMMOBILIEN Business\",\"url\":\"https:\\\/\\\/www.immobilienbusiness.ch\\\/\",\"logo\":{\"@type\":\"ImageObject\",\"inLanguage\":\"de\",\"@id\":\"https:\\\/\\\/www.immobilienbusiness.ch\\\/#\\\/schema\\\/logo\\\/image\\\/\",\"url\":\"https:\\\/\\\/www.immobilienbusiness.ch\\\/wp-content\\\/uploads\\\/2021\\\/07\\\/logo_ib.png\",\"contentUrl\":\"https:\\\/\\\/www.immobilienbusiness.ch\\\/wp-content\\\/uploads\\\/2021\\\/07\\\/logo_ib.png\",\"width\":800,\"height\":181,\"caption\":\"IMMOBILIEN Business\"},\"image\":{\"@id\":\"https:\\\/\\\/www.immobilienbusiness.ch\\\/#\\\/schema\\\/logo\\\/image\\\/\"},\"sameAs\":[\"https:\\\/\\\/www.facebook.com\\\/immobilienbusiness\\\/\"]},{\"@type\":\"Person\",\"@id\":\"https:\\\/\\\/www.immobilienbusiness.ch\\\/#\\\/schema\\\/person\\\/aa2bace6c5c5aad60102004a50c4eb1c\",\"name\":\"Redaktion\",\"image\":{\"@type\":\"ImageObject\",\"inLanguage\":\"de\",\"@id\":\"https:\\\/\\\/secure.gravatar.com\\\/avatar\\\/ae2f4d718e6c49043e314ce431e7e645d646302a24a5ef5a8bc8e3f5a032e319?s=96&d=mm&r=g\",\"url\":\"https:\\\/\\\/secure.gravatar.com\\\/avatar\\\/ae2f4d718e6c49043e314ce431e7e645d646302a24a5ef5a8bc8e3f5a032e319?s=96&d=mm&r=g\",\"contentUrl\":\"https:\\\/\\\/secure.gravatar.com\\\/avatar\\\/ae2f4d718e6c49043e314ce431e7e645d646302a24a5ef5a8bc8e3f5a032e319?s=96&d=mm&r=g\",\"caption\":\"Redaktion\"},\"sameAs\":[\"http:\\\/\\\/develop.organisator.galledia.ch\"],\"url\":\"https:\\\/\\\/www.immobilienbusiness.ch\\\/de\\\/author\\\/admin\\\/\"}]}<\/script>\n<!-- \/ Yoast SEO plugin. -->","yoast_head_json":{"title":"Investis strebt B\u00f6rsengang per 30. Juni an - IMMOBILIEN Business","description":"B\u00f6rsengang: Die Investis-Gruppe will ihre Aktien am 30. Juni 2016 das erste Mal mit dem K\u00fcrzel IREN an der SIX Swiss Exchange b\u00f6rslich handeln lassen.","robots":{"index":"index","follow":"follow","max-snippet":"max-snippet:-1","max-image-preview":"max-image-preview:large","max-video-preview":"max-video-preview:-1"},"canonical":"https:\/\/www.immobilienbusiness.ch\/de\/residential\/2016-06-21\/investis-strebt-boersengang-per-30-juni-an\/","og_locale":"de_DE","og_type":"article","og_title":"Investis strebt B\u00f6rsengang per 30. Juni an","og_description":"Die Investis-Gruppe will ihre Aktien am 30. Juni 2016 das erste Mal mit dem K\u00fcrzel IREN an der SIX Swiss Exchange b\u00f6rslich handeln lassen. F\u00fcr den heute (21. Juni) beginnenden Bookbuilding-Prozess wurde eine Preisspanne zwischen 49 und 68 CHF pro Aktie festgelegt. Es wird eine B\u00f6rsenkapitalisierung zwischen 640 und 830 Millionen CHF angestrebt.","og_url":"https:\/\/www.immobilienbusiness.ch\/de\/residential\/2016-06-21\/investis-strebt-boersengang-per-30-juni-an\/","og_site_name":"IMMOBILIEN Business","article_publisher":"https:\/\/www.facebook.com\/immobilienbusiness\/","article_published_time":"2016-06-21T07:00:38+00:00","author":"Redaktion","twitter_card":"summary_large_image","twitter_image":"https:\/\/www.immobilienbusiness.ch\/wp-content\/uploads\/2016\/12\/Investis-strebt-Boersengang-per-30.-Juni-an-immobilien-business.jpg","schema":{"@context":"https:\/\/schema.org","@graph":[{"@type":"Article","@id":"https:\/\/www.immobilienbusiness.ch\/residential\/2016-06-21\/investis-strebt-boersengang-per-30-juni-an\/#article","isPartOf":{"@id":"https:\/\/www.immobilienbusiness.ch\/residential\/2016-06-21\/investis-strebt-boersengang-per-30-juni-an\/"},"author":{"name":"Redaktion","@id":"https:\/\/www.immobilienbusiness.ch\/#\/schema\/person\/aa2bace6c5c5aad60102004a50c4eb1c"},"headline":"Investis strebt B\u00f6rsengang per 30. Juni an","datePublished":"2016-06-21T07:00:38+00:00","mainEntityOfPage":{"@id":"https:\/\/www.immobilienbusiness.ch\/residential\/2016-06-21\/investis-strebt-boersengang-per-30-juni-an\/"},"wordCount":413,"commentCount":0,"publisher":{"@id":"https:\/\/www.immobilienbusiness.ch\/#organization"},"image":{"@id":"https:\/\/www.immobilienbusiness.ch\/residential\/2016-06-21\/investis-strebt-boersengang-per-30-juni-an\/#primaryimage"},"thumbnailUrl":"https:\/\/www.immobilienbusiness.ch\/wp-content\/uploads\/2016\/12\/Investis-strebt-Boersengang-per-30.-Juni-an-immobilien-business.jpg","keywords":["Facility Management","Genf","Immobilien-Finanzierung","Indirekte Immobilienanlagen","Residential","Wohnen"],"articleSection":["RESIDENTIAL"],"inLanguage":"de"},{"@type":"WebPage","@id":"https:\/\/www.immobilienbusiness.ch\/residential\/2016-06-21\/investis-strebt-boersengang-per-30-juni-an\/","url":"https:\/\/www.immobilienbusiness.ch\/residential\/2016-06-21\/investis-strebt-boersengang-per-30-juni-an\/","name":"Investis strebt B\u00f6rsengang per 30. Juni an - IMMOBILIEN Business","isPartOf":{"@id":"https:\/\/www.immobilienbusiness.ch\/#website"},"primaryImageOfPage":{"@id":"https:\/\/www.immobilienbusiness.ch\/residential\/2016-06-21\/investis-strebt-boersengang-per-30-juni-an\/#primaryimage"},"image":{"@id":"https:\/\/www.immobilienbusiness.ch\/residential\/2016-06-21\/investis-strebt-boersengang-per-30-juni-an\/#primaryimage"},"thumbnailUrl":"https:\/\/www.immobilienbusiness.ch\/wp-content\/uploads\/2016\/12\/Investis-strebt-Boersengang-per-30.-Juni-an-immobilien-business.jpg","datePublished":"2016-06-21T07:00:38+00:00","description":"B\u00f6rsengang: Die Investis-Gruppe will ihre Aktien am 30. Juni 2016 das erste Mal mit dem K\u00fcrzel IREN an der SIX Swiss Exchange b\u00f6rslich handeln lassen.","breadcrumb":{"@id":"https:\/\/www.immobilienbusiness.ch\/residential\/2016-06-21\/investis-strebt-boersengang-per-30-juni-an\/#breadcrumb"},"inLanguage":"de","potentialAction":[{"@type":"ReadAction","target":["https:\/\/www.immobilienbusiness.ch\/residential\/2016-06-21\/investis-strebt-boersengang-per-30-juni-an\/"]}]},{"@type":"ImageObject","inLanguage":"de","@id":"https:\/\/www.immobilienbusiness.ch\/residential\/2016-06-21\/investis-strebt-boersengang-per-30-juni-an\/#primaryimage","url":"https:\/\/www.immobilienbusiness.ch\/wp-content\/uploads\/2016\/12\/Investis-strebt-Boersengang-per-30.-Juni-an-immobilien-business.jpg","contentUrl":"https:\/\/www.immobilienbusiness.ch\/wp-content\/uploads\/2016\/12\/Investis-strebt-Boersengang-per-30.-Juni-an-immobilien-business.jpg","width":620,"height":602,"caption":"Investis-CEO St\u00e9phane Bonvin hat 2024 im grossen Stil zugekauft CHF pro Aktie festgelegt (Bild: Investis)"},{"@type":"BreadcrumbList","@id":"https:\/\/www.immobilienbusiness.ch\/residential\/2016-06-21\/investis-strebt-boersengang-per-30-juni-an\/#breadcrumb","itemListElement":[{"@type":"ListItem","position":1,"name":"Home","item":"https:\/\/www.immobilienbusiness.ch\/"},{"@type":"ListItem","position":2,"name":"Investis strebt B\u00f6rsengang per 30. Juni an"}]},{"@type":"WebSite","@id":"https:\/\/www.immobilienbusiness.ch\/#website","url":"https:\/\/www.immobilienbusiness.ch\/","name":"IMMOBILIEN Business","description":"Unabh\u00e4ngiges Schweizer Wirtschaftsmagazin mit Fokus auf Immobilien, Architektur- und Bau sowie Investment- und Finanzierung.","publisher":{"@id":"https:\/\/www.immobilienbusiness.ch\/#organization"},"potentialAction":[{"@type":"SearchAction","target":{"@type":"EntryPoint","urlTemplate":"https:\/\/www.immobilienbusiness.ch\/?s={search_term_string}"},"query-input":{"@type":"PropertyValueSpecification","valueRequired":true,"valueName":"search_term_string"}}],"inLanguage":"de"},{"@type":"Organization","@id":"https:\/\/www.immobilienbusiness.ch\/#organization","name":"IMMOBILIEN Business","url":"https:\/\/www.immobilienbusiness.ch\/","logo":{"@type":"ImageObject","inLanguage":"de","@id":"https:\/\/www.immobilienbusiness.ch\/#\/schema\/logo\/image\/","url":"https:\/\/www.immobilienbusiness.ch\/wp-content\/uploads\/2021\/07\/logo_ib.png","contentUrl":"https:\/\/www.immobilienbusiness.ch\/wp-content\/uploads\/2021\/07\/logo_ib.png","width":800,"height":181,"caption":"IMMOBILIEN Business"},"image":{"@id":"https:\/\/www.immobilienbusiness.ch\/#\/schema\/logo\/image\/"},"sameAs":["https:\/\/www.facebook.com\/immobilienbusiness\/"]},{"@type":"Person","@id":"https:\/\/www.immobilienbusiness.ch\/#\/schema\/person\/aa2bace6c5c5aad60102004a50c4eb1c","name":"Redaktion","image":{"@type":"ImageObject","inLanguage":"de","@id":"https:\/\/secure.gravatar.com\/avatar\/ae2f4d718e6c49043e314ce431e7e645d646302a24a5ef5a8bc8e3f5a032e319?s=96&d=mm&r=g","url":"https:\/\/secure.gravatar.com\/avatar\/ae2f4d718e6c49043e314ce431e7e645d646302a24a5ef5a8bc8e3f5a032e319?s=96&d=mm&r=g","contentUrl":"https:\/\/secure.gravatar.com\/avatar\/ae2f4d718e6c49043e314ce431e7e645d646302a24a5ef5a8bc8e3f5a032e319?s=96&d=mm&r=g","caption":"Redaktion"},"sameAs":["http:\/\/develop.organisator.galledia.ch"],"url":"https:\/\/www.immobilienbusiness.ch\/de\/author\/admin\/"}]}},"_links":{"self":[{"href":"https:\/\/www.immobilienbusiness.ch\/de\/wp-json\/wp\/v2\/posts\/4369","targetHints":{"allow":["GET"]}}],"collection":[{"href":"https:\/\/www.immobilienbusiness.ch\/de\/wp-json\/wp\/v2\/posts"}],"about":[{"href":"https:\/\/www.immobilienbusiness.ch\/de\/wp-json\/wp\/v2\/types\/post"}],"author":[{"embeddable":true,"href":"https:\/\/www.immobilienbusiness.ch\/de\/wp-json\/wp\/v2\/users\/1"}],"replies":[{"embeddable":true,"href":"https:\/\/www.immobilienbusiness.ch\/de\/wp-json\/wp\/v2\/comments?post=4369"}],"version-history":[{"count":0,"href":"https:\/\/www.immobilienbusiness.ch\/de\/wp-json\/wp\/v2\/posts\/4369\/revisions"}],"wp:featuredmedia":[{"embeddable":true,"href":"https:\/\/www.immobilienbusiness.ch\/de\/wp-json\/wp\/v2\/media\/4372"}],"wp:attachment":[{"href":"https:\/\/www.immobilienbusiness.ch\/de\/wp-json\/wp\/v2\/media?parent=4369"}],"wp:term":[{"taxonomy":"category","embeddable":true,"href":"https:\/\/www.immobilienbusiness.ch\/de\/wp-json\/wp\/v2\/categories?post=4369"},{"taxonomy":"post_tag","embeddable":true,"href":"https:\/\/www.immobilienbusiness.ch\/de\/wp-json\/wp\/v2\/tags?post=4369"}],"curies":[{"name":"wp","href":"https:\/\/api.w.org\/{rel}","templated":true}]}}