{"id":43125,"date":"2022-07-11T08:18:26","date_gmt":"2022-07-11T06:18:26","guid":{"rendered":"https:\/\/www.immobilienbusiness.ch\/?p=43125"},"modified":"2022-07-14T08:57:35","modified_gmt":"2022-07-14T06:57:35","slug":"bundesgericht-weist-beschwerden-gegen-hardturm-ueberbauung-ab","status":"publish","type":"post","link":"https:\/\/www.immobilienbusiness.ch\/de\/regionen\/2022-07-11\/bundesgericht-weist-beschwerden-gegen-hardturm-ueberbauung-ab\/","title":{"rendered":"Bundesgericht weist Beschwerden gegen Hardturm-\u00dcberbauung ab"},"content":{"rendered":"<figure id=\"attachment_3193\" aria-describedby=\"caption-attachment-3193\" style=\"width: 2400px\" class=\"wp-caption alignnone\"><a href=\"https:\/\/www.immobilienbusiness.ch\/wp-content\/uploads\/2016\/12\/Wettbewerb-fuer-Zuercher-Hardturm-Areal-entschieden-1-immobilien-business.jpg\"><img loading=\"lazy\" decoding=\"async\" class=\"wp-image-3193 size-full\" src=\"https:\/\/www.immobilienbusiness.ch\/wp-content\/uploads\/2016\/12\/Wettbewerb-fuer-Zuercher-Hardturm-Areal-entschieden-1-immobilien-business.jpg\" alt=\"\" width=\"2400\" height=\"1600\" srcset=\"https:\/\/www.immobilienbusiness.ch\/wp-content\/uploads\/2016\/12\/Wettbewerb-fuer-Zuercher-Hardturm-Areal-entschieden-1-immobilien-business.jpg 2400w, https:\/\/www.immobilienbusiness.ch\/wp-content\/uploads\/2016\/12\/Wettbewerb-fuer-Zuercher-Hardturm-Areal-entschieden-1-immobilien-business-300x200.jpg 300w, https:\/\/www.immobilienbusiness.ch\/wp-content\/uploads\/2016\/12\/Wettbewerb-fuer-Zuercher-Hardturm-Areal-entschieden-1-immobilien-business-1024x683.jpg 1024w, https:\/\/www.immobilienbusiness.ch\/wp-content\/uploads\/2016\/12\/Wettbewerb-fuer-Zuercher-Hardturm-Areal-entschieden-1-immobilien-business-768x512.jpg 768w, https:\/\/www.immobilienbusiness.ch\/wp-content\/uploads\/2016\/12\/Wettbewerb-fuer-Zuercher-Hardturm-Areal-entschieden-1-immobilien-business-1536x1024.jpg 1536w, https:\/\/www.immobilienbusiness.ch\/wp-content\/uploads\/2016\/12\/Wettbewerb-fuer-Zuercher-Hardturm-Areal-entschieden-1-immobilien-business-2048x1365.jpg 2048w, https:\/\/www.immobilienbusiness.ch\/wp-content\/uploads\/2016\/12\/Wettbewerb-fuer-Zuercher-Hardturm-Areal-entschieden-1-immobilien-business-16x12.jpg 16w, https:\/\/www.immobilienbusiness.ch\/wp-content\/uploads\/2016\/12\/Wettbewerb-fuer-Zuercher-Hardturm-Areal-entschieden-1-immobilien-business-263x175.jpg 263w, https:\/\/www.immobilienbusiness.ch\/wp-content\/uploads\/2016\/12\/Wettbewerb-fuer-Zuercher-Hardturm-Areal-entschieden-1-immobilien-business-525x350.jpg 525w, https:\/\/www.immobilienbusiness.ch\/wp-content\/uploads\/2016\/12\/Wettbewerb-fuer-Zuercher-Hardturm-Areal-entschieden-1-immobilien-business-1200x800.jpg 1200w, https:\/\/www.immobilienbusiness.ch\/wp-content\/uploads\/2016\/12\/Wettbewerb-fuer-Zuercher-Hardturm-Areal-entschieden-1-immobilien-business-920x613.jpg 920w, https:\/\/www.immobilienbusiness.ch\/wp-content\/uploads\/2016\/12\/Wettbewerb-fuer-Zuercher-Hardturm-Areal-entschieden-1-immobilien-business-1400x933.jpg 1400w\" sizes=\"auto, (max-width: 2400px) 100vw, 2400px\" \/><\/a><figcaption id=\"caption-attachment-3193\" class=\"wp-caption-text\">Das Stadionprojekt Ensemble auf dem Hardturm-Areal (Visualisierung: \u00a9 Nightnurse Images, Z\u00fcrich, im Auftrag der HRS Real Estate AG, Boltshauser Architekten, pool Architekten und Caruso St John Architekten)<\/figcaption><\/figure>\n<p>Mit dem Projekt Ensemble wollen HRS Real Estate, Credit Suisse und die Allgemeine Baugenossenschaft Z\u00fcrich (ABZ) auf dem 55.000 qm grossen Hardturm-Areal ein Fussballstadion sowie zwei Hochh\u00e4user und eine genossenschaftliche Wohnsiedlung bauen. Insgesamt sollen mehr als 750 Wohnungen entstehen. Das Stimmvolk der Stadt Z\u00fcrich hat den entsprechenden Gestaltungsplan im September 2020 mit knapp 60 Prozent Ja-Stimmen angenommen.<\/p>\n<p>Gegen die Abstimmung gab es jedoch zwei Rekurse, welche die weitere Planung verz\u00f6gerten. Ein Stimmrechtsrekurs wurde bereits im Vorfeld der Abstimmung erhoben, ein weiterer danach. Sie betrafen einerseits das Sicherheitskonzept f\u00fcr das Stadion, andererseits den in einem der Wohnt\u00fcrme geplanten Schulraum.<\/p>\n<p>Die beiden Vorinstanzen \u2013 der Bezirksrat und das Verwaltungsgericht Z\u00fcrich &#8211; haben die Beschwerden abgelehnt. Jetzt hat auch das Bundesgericht die zwei Stimmrechtsbeschwerden gegen die Urteile des Verwaltungsgerichts abgewiesen. Damit ist eine wichtige Voraussetzung daf\u00fcr erf\u00fcllt, dass der Kanton den Gestaltungsplan genehmigen kann. Der Gestaltungsplan bildet die baurechtliche Grundlage f\u00fcr das Gesamtprojekt Ensemble.<\/p>\n<p>\u00abNach der deutlichen Zustimmung an der Urne war die rekursbedingte Verz\u00f6gerung umso \u00e4rgerlicher. Nun kann die Bauherrschaft endlich weiterplanen\u00bb, so der zust\u00e4ndige Stadtrat Andr\u00e9 Odermatt, Vorsteher des Hochbaudepartements. <em>(ah)<\/em><\/p>\n","protected":false},"excerpt":{"rendered":"<p>Mit der seit langem geplanten \u00dcberbauung auf dem Z\u00fcrcher Hardturm-Areal k\u00f6nnte es bald weitergehen. Das Bundesgericht hat zwei Beschwerden im Zusammenhang mit dem Gestaltungsplan abgewiesen.<\/p>\n","protected":false},"author":3,"featured_media":3193,"comment_status":"closed","ping_status":"closed","sticky":false,"template":"","format":"standard","meta":{"_acf_changed":false,"_yoast_wpseo_focuskw":"Hardturm","_yoast_wpseo_title":"","_yoast_wpseo_metadesc":"Mit der \u00dcberbauung auf dem Z\u00fcrcher Hardturm-Areal k\u00f6nnte es bald weitergehen. Das Bundesgericht hat zwei Beschwerden abgewiesen.","_yoast_wpseo_linkdex":61,"pgc_sgb_lightbox_settings":"","footnotes":""},"categories":[985],"tags":[1115,1600,1888],"class_list":["post-43125","post","type-post","status-publish","format-standard","has-post-thumbnail","hentry","category-regionen","tag-bundesgericht","tag-projekt-in-planung","tag-zuerich"],"acf":[],"yoast_head":"<!-- This site is optimized with the Yoast SEO plugin v27.5 - https:\/\/yoast.com\/product\/yoast-seo-wordpress\/ -->\n<title>Bundesgericht weist Beschwerden gegen Hardturm-\u00dcberbauung ab - IMMOBILIEN Business<\/title>\n<meta name=\"description\" content=\"Mit der \u00dcberbauung auf dem Z\u00fcrcher Hardturm-Areal k\u00f6nnte es bald weitergehen. Das Bundesgericht hat zwei Beschwerden abgewiesen.\" \/>\n<meta name=\"robots\" content=\"index, follow, max-snippet:-1, max-image-preview:large, max-video-preview:-1\" \/>\n<link rel=\"canonical\" href=\"https:\/\/www.immobilienbusiness.ch\/de\/regionen\/2022-07-11\/bundesgericht-weist-beschwerden-gegen-hardturm-ueberbauung-ab\/\" \/>\n<meta property=\"og:locale\" content=\"de_DE\" \/>\n<meta property=\"og:type\" content=\"article\" \/>\n<meta property=\"og:title\" content=\"Bundesgericht weist Beschwerden gegen Hardturm-\u00dcberbauung ab - IMMOBILIEN Business\" \/>\n<meta property=\"og:description\" content=\"Mit der \u00dcberbauung auf dem Z\u00fcrcher Hardturm-Areal k\u00f6nnte es bald weitergehen. Das Bundesgericht hat zwei Beschwerden abgewiesen.\" \/>\n<meta property=\"og:url\" content=\"https:\/\/www.immobilienbusiness.ch\/de\/regionen\/2022-07-11\/bundesgericht-weist-beschwerden-gegen-hardturm-ueberbauung-ab\/\" \/>\n<meta property=\"og:site_name\" content=\"IMMOBILIEN Business\" \/>\n<meta property=\"article:publisher\" content=\"https:\/\/www.facebook.com\/immobilienbusiness\/\" \/>\n<meta property=\"article:published_time\" content=\"2022-07-11T06:18:26+00:00\" \/>\n<meta property=\"article:modified_time\" content=\"2022-07-14T06:57:35+00:00\" \/>\n<meta property=\"og:image\" content=\"https:\/\/www.immobilienbusiness.ch\/wp-content\/uploads\/2016\/12\/Wettbewerb-fuer-Zuercher-Hardturm-Areal-entschieden-1-immobilien-business.jpg\" \/>\n\t<meta property=\"og:image:width\" content=\"2400\" \/>\n\t<meta property=\"og:image:height\" content=\"1600\" \/>\n\t<meta property=\"og:image:type\" content=\"image\/jpeg\" \/>\n<meta name=\"author\" content=\"anja.hall\" \/>\n<meta name=\"twitter:card\" content=\"summary_large_image\" \/>\n<meta name=\"twitter:image\" content=\"https:\/\/www.immobilienbusiness.ch\/wp-content\/uploads\/2016\/12\/Wettbewerb-fuer-Zuercher-Hardturm-Areal-entschieden-1-immobilien-business.jpg\" \/>\n<script type=\"application\/ld+json\" class=\"yoast-schema-graph\">{\"@context\":\"https:\\\/\\\/schema.org\",\"@graph\":[{\"@type\":\"Article\",\"@id\":\"https:\\\/\\\/www.immobilienbusiness.ch\\\/en\\\/regionen\\\/2022-07-11\\\/bundesgericht-weist-beschwerden-gegen-hardturm-ueberbauung-ab\\\/#article\",\"isPartOf\":{\"@id\":\"https:\\\/\\\/www.immobilienbusiness.ch\\\/en\\\/regionen\\\/2022-07-11\\\/bundesgericht-weist-beschwerden-gegen-hardturm-ueberbauung-ab\\\/\"},\"author\":{\"name\":\"anja.hall\",\"@id\":\"https:\\\/\\\/www.immobilienbusiness.ch\\\/#\\\/schema\\\/person\\\/3fc036297b10b9f42d6db5ee932af8c8\"},\"headline\":\"Bundesgericht weist Beschwerden gegen Hardturm-\u00dcberbauung ab\",\"datePublished\":\"2022-07-11T06:18:26+00:00\",\"dateModified\":\"2022-07-14T06:57:35+00:00\",\"mainEntityOfPage\":{\"@id\":\"https:\\\/\\\/www.immobilienbusiness.ch\\\/en\\\/regionen\\\/2022-07-11\\\/bundesgericht-weist-beschwerden-gegen-hardturm-ueberbauung-ab\\\/\"},\"wordCount\":228,\"publisher\":{\"@id\":\"https:\\\/\\\/www.immobilienbusiness.ch\\\/#organization\"},\"image\":{\"@id\":\"https:\\\/\\\/www.immobilienbusiness.ch\\\/en\\\/regionen\\\/2022-07-11\\\/bundesgericht-weist-beschwerden-gegen-hardturm-ueberbauung-ab\\\/#primaryimage\"},\"thumbnailUrl\":\"https:\\\/\\\/www.immobilienbusiness.ch\\\/wp-content\\\/uploads\\\/2016\\\/12\\\/Wettbewerb-fuer-Zuercher-Hardturm-Areal-entschieden-1-immobilien-business.jpg\",\"keywords\":[\"Bundesgericht\",\"Projekt in Planung\",\"Z\u00fcrich\"],\"articleSection\":[\"REGIONEN\"],\"inLanguage\":\"de\"},{\"@type\":\"WebPage\",\"@id\":\"https:\\\/\\\/www.immobilienbusiness.ch\\\/en\\\/regionen\\\/2022-07-11\\\/bundesgericht-weist-beschwerden-gegen-hardturm-ueberbauung-ab\\\/\",\"url\":\"https:\\\/\\\/www.immobilienbusiness.ch\\\/en\\\/regionen\\\/2022-07-11\\\/bundesgericht-weist-beschwerden-gegen-hardturm-ueberbauung-ab\\\/\",\"name\":\"Bundesgericht weist Beschwerden gegen Hardturm-\u00dcberbauung ab - IMMOBILIEN Business\",\"isPartOf\":{\"@id\":\"https:\\\/\\\/www.immobilienbusiness.ch\\\/#website\"},\"primaryImageOfPage\":{\"@id\":\"https:\\\/\\\/www.immobilienbusiness.ch\\\/en\\\/regionen\\\/2022-07-11\\\/bundesgericht-weist-beschwerden-gegen-hardturm-ueberbauung-ab\\\/#primaryimage\"},\"image\":{\"@id\":\"https:\\\/\\\/www.immobilienbusiness.ch\\\/en\\\/regionen\\\/2022-07-11\\\/bundesgericht-weist-beschwerden-gegen-hardturm-ueberbauung-ab\\\/#primaryimage\"},\"thumbnailUrl\":\"https:\\\/\\\/www.immobilienbusiness.ch\\\/wp-content\\\/uploads\\\/2016\\\/12\\\/Wettbewerb-fuer-Zuercher-Hardturm-Areal-entschieden-1-immobilien-business.jpg\",\"datePublished\":\"2022-07-11T06:18:26+00:00\",\"dateModified\":\"2022-07-14T06:57:35+00:00\",\"description\":\"Mit der \u00dcberbauung auf dem Z\u00fcrcher Hardturm-Areal k\u00f6nnte es bald weitergehen. Das Bundesgericht hat zwei Beschwerden abgewiesen.\",\"breadcrumb\":{\"@id\":\"https:\\\/\\\/www.immobilienbusiness.ch\\\/en\\\/regionen\\\/2022-07-11\\\/bundesgericht-weist-beschwerden-gegen-hardturm-ueberbauung-ab\\\/#breadcrumb\"},\"inLanguage\":\"de\",\"potentialAction\":[{\"@type\":\"ReadAction\",\"target\":[\"https:\\\/\\\/www.immobilienbusiness.ch\\\/en\\\/regionen\\\/2022-07-11\\\/bundesgericht-weist-beschwerden-gegen-hardturm-ueberbauung-ab\\\/\"]}]},{\"@type\":\"ImageObject\",\"inLanguage\":\"de\",\"@id\":\"https:\\\/\\\/www.immobilienbusiness.ch\\\/en\\\/regionen\\\/2022-07-11\\\/bundesgericht-weist-beschwerden-gegen-hardturm-ueberbauung-ab\\\/#primaryimage\",\"url\":\"https:\\\/\\\/www.immobilienbusiness.ch\\\/wp-content\\\/uploads\\\/2016\\\/12\\\/Wettbewerb-fuer-Zuercher-Hardturm-Areal-entschieden-1-immobilien-business.jpg\",\"contentUrl\":\"https:\\\/\\\/www.immobilienbusiness.ch\\\/wp-content\\\/uploads\\\/2016\\\/12\\\/Wettbewerb-fuer-Zuercher-Hardturm-Areal-entschieden-1-immobilien-business.jpg\",\"width\":2400,\"height\":1600},{\"@type\":\"BreadcrumbList\",\"@id\":\"https:\\\/\\\/www.immobilienbusiness.ch\\\/en\\\/regionen\\\/2022-07-11\\\/bundesgericht-weist-beschwerden-gegen-hardturm-ueberbauung-ab\\\/#breadcrumb\",\"itemListElement\":[{\"@type\":\"ListItem\",\"position\":1,\"name\":\"Home\",\"item\":\"https:\\\/\\\/www.immobilienbusiness.ch\\\/\"},{\"@type\":\"ListItem\",\"position\":2,\"name\":\"Bundesgericht weist Beschwerden gegen Hardturm-\u00dcberbauung ab\"}]},{\"@type\":\"WebSite\",\"@id\":\"https:\\\/\\\/www.immobilienbusiness.ch\\\/#website\",\"url\":\"https:\\\/\\\/www.immobilienbusiness.ch\\\/\",\"name\":\"IMMOBILIEN Business\",\"description\":\"Unabh\u00e4ngiges Schweizer Wirtschaftsmagazin mit Fokus auf Immobilien, Architektur- und Bau sowie Investment- und Finanzierung.\",\"publisher\":{\"@id\":\"https:\\\/\\\/www.immobilienbusiness.ch\\\/#organization\"},\"potentialAction\":[{\"@type\":\"SearchAction\",\"target\":{\"@type\":\"EntryPoint\",\"urlTemplate\":\"https:\\\/\\\/www.immobilienbusiness.ch\\\/?s={search_term_string}\"},\"query-input\":{\"@type\":\"PropertyValueSpecification\",\"valueRequired\":true,\"valueName\":\"search_term_string\"}}],\"inLanguage\":\"de\"},{\"@type\":\"Organization\",\"@id\":\"https:\\\/\\\/www.immobilienbusiness.ch\\\/#organization\",\"name\":\"IMMOBILIEN Business\",\"url\":\"https:\\\/\\\/www.immobilienbusiness.ch\\\/\",\"logo\":{\"@type\":\"ImageObject\",\"inLanguage\":\"de\",\"@id\":\"https:\\\/\\\/www.immobilienbusiness.ch\\\/#\\\/schema\\\/logo\\\/image\\\/\",\"url\":\"https:\\\/\\\/www.immobilienbusiness.ch\\\/wp-content\\\/uploads\\\/2021\\\/07\\\/logo_ib.png\",\"contentUrl\":\"https:\\\/\\\/www.immobilienbusiness.ch\\\/wp-content\\\/uploads\\\/2021\\\/07\\\/logo_ib.png\",\"width\":800,\"height\":181,\"caption\":\"IMMOBILIEN Business\"},\"image\":{\"@id\":\"https:\\\/\\\/www.immobilienbusiness.ch\\\/#\\\/schema\\\/logo\\\/image\\\/\"},\"sameAs\":[\"https:\\\/\\\/www.facebook.com\\\/immobilienbusiness\\\/\"]},{\"@type\":\"Person\",\"@id\":\"https:\\\/\\\/www.immobilienbusiness.ch\\\/#\\\/schema\\\/person\\\/3fc036297b10b9f42d6db5ee932af8c8\",\"name\":\"anja.hall\",\"image\":{\"@type\":\"ImageObject\",\"inLanguage\":\"de\",\"@id\":\"https:\\\/\\\/secure.gravatar.com\\\/avatar\\\/066b5a0d447013502c71a5782f4f3469f03cfe595cc2329fb94652fe47511bfb?s=96&d=mm&r=g\",\"url\":\"https:\\\/\\\/secure.gravatar.com\\\/avatar\\\/066b5a0d447013502c71a5782f4f3469f03cfe595cc2329fb94652fe47511bfb?s=96&d=mm&r=g\",\"contentUrl\":\"https:\\\/\\\/secure.gravatar.com\\\/avatar\\\/066b5a0d447013502c71a5782f4f3469f03cfe595cc2329fb94652fe47511bfb?s=96&d=mm&r=g\",\"caption\":\"anja.hall\"},\"url\":\"https:\\\/\\\/www.immobilienbusiness.ch\\\/de\\\/author\\\/anja-hall\\\/\"}]}<\/script>\n<!-- \/ Yoast SEO plugin. -->","yoast_head_json":{"title":"Bundesgericht weist Beschwerden gegen Hardturm-\u00dcberbauung ab - IMMOBILIEN Business","description":"Mit der \u00dcberbauung auf dem Z\u00fcrcher Hardturm-Areal k\u00f6nnte es bald weitergehen. Das Bundesgericht hat zwei Beschwerden abgewiesen.","robots":{"index":"index","follow":"follow","max-snippet":"max-snippet:-1","max-image-preview":"max-image-preview:large","max-video-preview":"max-video-preview:-1"},"canonical":"https:\/\/www.immobilienbusiness.ch\/de\/regionen\/2022-07-11\/bundesgericht-weist-beschwerden-gegen-hardturm-ueberbauung-ab\/","og_locale":"de_DE","og_type":"article","og_title":"Bundesgericht weist Beschwerden gegen Hardturm-\u00dcberbauung ab - IMMOBILIEN Business","og_description":"Mit der \u00dcberbauung auf dem Z\u00fcrcher Hardturm-Areal k\u00f6nnte es bald weitergehen. Das Bundesgericht hat zwei Beschwerden abgewiesen.","og_url":"https:\/\/www.immobilienbusiness.ch\/de\/regionen\/2022-07-11\/bundesgericht-weist-beschwerden-gegen-hardturm-ueberbauung-ab\/","og_site_name":"IMMOBILIEN Business","article_publisher":"https:\/\/www.facebook.com\/immobilienbusiness\/","article_published_time":"2022-07-11T06:18:26+00:00","article_modified_time":"2022-07-14T06:57:35+00:00","og_image":[{"width":2400,"height":1600,"url":"https:\/\/www.immobilienbusiness.ch\/wp-content\/uploads\/2016\/12\/Wettbewerb-fuer-Zuercher-Hardturm-Areal-entschieden-1-immobilien-business.jpg","type":"image\/jpeg"}],"author":"anja.hall","twitter_card":"summary_large_image","twitter_image":"https:\/\/www.immobilienbusiness.ch\/wp-content\/uploads\/2016\/12\/Wettbewerb-fuer-Zuercher-Hardturm-Areal-entschieden-1-immobilien-business.jpg","schema":{"@context":"https:\/\/schema.org","@graph":[{"@type":"Article","@id":"https:\/\/www.immobilienbusiness.ch\/en\/regionen\/2022-07-11\/bundesgericht-weist-beschwerden-gegen-hardturm-ueberbauung-ab\/#article","isPartOf":{"@id":"https:\/\/www.immobilienbusiness.ch\/en\/regionen\/2022-07-11\/bundesgericht-weist-beschwerden-gegen-hardturm-ueberbauung-ab\/"},"author":{"name":"anja.hall","@id":"https:\/\/www.immobilienbusiness.ch\/#\/schema\/person\/3fc036297b10b9f42d6db5ee932af8c8"},"headline":"Bundesgericht weist Beschwerden gegen Hardturm-\u00dcberbauung ab","datePublished":"2022-07-11T06:18:26+00:00","dateModified":"2022-07-14T06:57:35+00:00","mainEntityOfPage":{"@id":"https:\/\/www.immobilienbusiness.ch\/en\/regionen\/2022-07-11\/bundesgericht-weist-beschwerden-gegen-hardturm-ueberbauung-ab\/"},"wordCount":228,"publisher":{"@id":"https:\/\/www.immobilienbusiness.ch\/#organization"},"image":{"@id":"https:\/\/www.immobilienbusiness.ch\/en\/regionen\/2022-07-11\/bundesgericht-weist-beschwerden-gegen-hardturm-ueberbauung-ab\/#primaryimage"},"thumbnailUrl":"https:\/\/www.immobilienbusiness.ch\/wp-content\/uploads\/2016\/12\/Wettbewerb-fuer-Zuercher-Hardturm-Areal-entschieden-1-immobilien-business.jpg","keywords":["Bundesgericht","Projekt in Planung","Z\u00fcrich"],"articleSection":["REGIONEN"],"inLanguage":"de"},{"@type":"WebPage","@id":"https:\/\/www.immobilienbusiness.ch\/en\/regionen\/2022-07-11\/bundesgericht-weist-beschwerden-gegen-hardturm-ueberbauung-ab\/","url":"https:\/\/www.immobilienbusiness.ch\/en\/regionen\/2022-07-11\/bundesgericht-weist-beschwerden-gegen-hardturm-ueberbauung-ab\/","name":"Bundesgericht weist Beschwerden gegen Hardturm-\u00dcberbauung ab - IMMOBILIEN Business","isPartOf":{"@id":"https:\/\/www.immobilienbusiness.ch\/#website"},"primaryImageOfPage":{"@id":"https:\/\/www.immobilienbusiness.ch\/en\/regionen\/2022-07-11\/bundesgericht-weist-beschwerden-gegen-hardturm-ueberbauung-ab\/#primaryimage"},"image":{"@id":"https:\/\/www.immobilienbusiness.ch\/en\/regionen\/2022-07-11\/bundesgericht-weist-beschwerden-gegen-hardturm-ueberbauung-ab\/#primaryimage"},"thumbnailUrl":"https:\/\/www.immobilienbusiness.ch\/wp-content\/uploads\/2016\/12\/Wettbewerb-fuer-Zuercher-Hardturm-Areal-entschieden-1-immobilien-business.jpg","datePublished":"2022-07-11T06:18:26+00:00","dateModified":"2022-07-14T06:57:35+00:00","description":"Mit der \u00dcberbauung auf dem Z\u00fcrcher Hardturm-Areal k\u00f6nnte es bald weitergehen. Das Bundesgericht hat zwei Beschwerden abgewiesen.","breadcrumb":{"@id":"https:\/\/www.immobilienbusiness.ch\/en\/regionen\/2022-07-11\/bundesgericht-weist-beschwerden-gegen-hardturm-ueberbauung-ab\/#breadcrumb"},"inLanguage":"de","potentialAction":[{"@type":"ReadAction","target":["https:\/\/www.immobilienbusiness.ch\/en\/regionen\/2022-07-11\/bundesgericht-weist-beschwerden-gegen-hardturm-ueberbauung-ab\/"]}]},{"@type":"ImageObject","inLanguage":"de","@id":"https:\/\/www.immobilienbusiness.ch\/en\/regionen\/2022-07-11\/bundesgericht-weist-beschwerden-gegen-hardturm-ueberbauung-ab\/#primaryimage","url":"https:\/\/www.immobilienbusiness.ch\/wp-content\/uploads\/2016\/12\/Wettbewerb-fuer-Zuercher-Hardturm-Areal-entschieden-1-immobilien-business.jpg","contentUrl":"https:\/\/www.immobilienbusiness.ch\/wp-content\/uploads\/2016\/12\/Wettbewerb-fuer-Zuercher-Hardturm-Areal-entschieden-1-immobilien-business.jpg","width":2400,"height":1600},{"@type":"BreadcrumbList","@id":"https:\/\/www.immobilienbusiness.ch\/en\/regionen\/2022-07-11\/bundesgericht-weist-beschwerden-gegen-hardturm-ueberbauung-ab\/#breadcrumb","itemListElement":[{"@type":"ListItem","position":1,"name":"Home","item":"https:\/\/www.immobilienbusiness.ch\/"},{"@type":"ListItem","position":2,"name":"Bundesgericht weist Beschwerden gegen Hardturm-\u00dcberbauung ab"}]},{"@type":"WebSite","@id":"https:\/\/www.immobilienbusiness.ch\/#website","url":"https:\/\/www.immobilienbusiness.ch\/","name":"IMMOBILIEN Business","description":"Unabh\u00e4ngiges Schweizer Wirtschaftsmagazin mit Fokus auf Immobilien, Architektur- und Bau sowie Investment- und Finanzierung.","publisher":{"@id":"https:\/\/www.immobilienbusiness.ch\/#organization"},"potentialAction":[{"@type":"SearchAction","target":{"@type":"EntryPoint","urlTemplate":"https:\/\/www.immobilienbusiness.ch\/?s={search_term_string}"},"query-input":{"@type":"PropertyValueSpecification","valueRequired":true,"valueName":"search_term_string"}}],"inLanguage":"de"},{"@type":"Organization","@id":"https:\/\/www.immobilienbusiness.ch\/#organization","name":"IMMOBILIEN Business","url":"https:\/\/www.immobilienbusiness.ch\/","logo":{"@type":"ImageObject","inLanguage":"de","@id":"https:\/\/www.immobilienbusiness.ch\/#\/schema\/logo\/image\/","url":"https:\/\/www.immobilienbusiness.ch\/wp-content\/uploads\/2021\/07\/logo_ib.png","contentUrl":"https:\/\/www.immobilienbusiness.ch\/wp-content\/uploads\/2021\/07\/logo_ib.png","width":800,"height":181,"caption":"IMMOBILIEN Business"},"image":{"@id":"https:\/\/www.immobilienbusiness.ch\/#\/schema\/logo\/image\/"},"sameAs":["https:\/\/www.facebook.com\/immobilienbusiness\/"]},{"@type":"Person","@id":"https:\/\/www.immobilienbusiness.ch\/#\/schema\/person\/3fc036297b10b9f42d6db5ee932af8c8","name":"anja.hall","image":{"@type":"ImageObject","inLanguage":"de","@id":"https:\/\/secure.gravatar.com\/avatar\/066b5a0d447013502c71a5782f4f3469f03cfe595cc2329fb94652fe47511bfb?s=96&d=mm&r=g","url":"https:\/\/secure.gravatar.com\/avatar\/066b5a0d447013502c71a5782f4f3469f03cfe595cc2329fb94652fe47511bfb?s=96&d=mm&r=g","contentUrl":"https:\/\/secure.gravatar.com\/avatar\/066b5a0d447013502c71a5782f4f3469f03cfe595cc2329fb94652fe47511bfb?s=96&d=mm&r=g","caption":"anja.hall"},"url":"https:\/\/www.immobilienbusiness.ch\/de\/author\/anja-hall\/"}]}},"_links":{"self":[{"href":"https:\/\/www.immobilienbusiness.ch\/de\/wp-json\/wp\/v2\/posts\/43125","targetHints":{"allow":["GET"]}}],"collection":[{"href":"https:\/\/www.immobilienbusiness.ch\/de\/wp-json\/wp\/v2\/posts"}],"about":[{"href":"https:\/\/www.immobilienbusiness.ch\/de\/wp-json\/wp\/v2\/types\/post"}],"author":[{"embeddable":true,"href":"https:\/\/www.immobilienbusiness.ch\/de\/wp-json\/wp\/v2\/users\/3"}],"replies":[{"embeddable":true,"href":"https:\/\/www.immobilienbusiness.ch\/de\/wp-json\/wp\/v2\/comments?post=43125"}],"version-history":[{"count":2,"href":"https:\/\/www.immobilienbusiness.ch\/de\/wp-json\/wp\/v2\/posts\/43125\/revisions"}],"predecessor-version":[{"id":43198,"href":"https:\/\/www.immobilienbusiness.ch\/de\/wp-json\/wp\/v2\/posts\/43125\/revisions\/43198"}],"wp:featuredmedia":[{"embeddable":true,"href":"https:\/\/www.immobilienbusiness.ch\/de\/wp-json\/wp\/v2\/media\/3193"}],"wp:attachment":[{"href":"https:\/\/www.immobilienbusiness.ch\/de\/wp-json\/wp\/v2\/media?parent=43125"}],"wp:term":[{"taxonomy":"category","embeddable":true,"href":"https:\/\/www.immobilienbusiness.ch\/de\/wp-json\/wp\/v2\/categories?post=43125"},{"taxonomy":"post_tag","embeddable":true,"href":"https:\/\/www.immobilienbusiness.ch\/de\/wp-json\/wp\/v2\/tags?post=43125"}],"curies":[{"name":"wp","href":"https:\/\/api.w.org\/{rel}","templated":true}]}}