{"id":4310,"date":"2016-06-16T08:38:44","date_gmt":"2016-06-16T06:38:44","guid":{"rendered":"http:\/\/dev.immobilienbusiness.ch\/?p=4310"},"modified":"2016-06-16T08:38:44","modified_gmt":"2016-06-16T06:38:44","slug":"grundsteinlegung-fuer-guemligenfeld-center","status":"publish","type":"post","link":"https:\/\/www.immobilienbusiness.ch\/de\/buero\/2016-06-16\/grundsteinlegung-fuer-guemligenfeld-center\/","title":{"rendered":"Grundsteinlegung f\u00fcr G\u00fcmligenfeld Center"},"content":{"rendered":"<figure id=\"attachment_4311\" aria-describedby=\"caption-attachment-4311\" style=\"width: 680px\" class=\"wp-caption alignnone\"><img loading=\"lazy\" decoding=\"async\" class=\"wp-image-4311 size-medium\" src=\"https:\/\/immobilienbusiness.ch\/wp-content\/uploads\/2016\/12\/Grundsteinlegung-f\u00fcr-G\u00fcmligenfeld-Center-immobilien-business.jpg\" alt=\"Alexander Arnold, Anton Affentranger, Andreas B\u00e4hler (alle Implenia), J\u00fcrg Herzog, Thomas Isemann (beide Gaschen Partner), Thomas Hanke (Gemeindepr\u00e4sident Muri-G\u00fcmligen), Thomas Marti (Leiter Umwelt + Verkehr Gemeinde Muri-G\u00fcmligen), Marius Baumann, Dr. D\" width=\"680\" height=\"454\" \/><figcaption id=\"caption-attachment-4311\" class=\"wp-caption-text\">Alexander Arnold, Anton Affentranger, Andreas B\u00e4hler (alle Implenia), J\u00fcrg Herzog, Thomas Isemann (beide Gaschen Partner), Thomas Hanke (Gemeindepr\u00e4sident Muri-G\u00fcmligen), Thomas Marti (Leiter Umwelt + Verkehr Gemeinde Muri-G\u00fcmligen), Marius Baumann, Dr. D<\/figcaption><\/figure>\n<p>Das 40 Millionen CHF teure Projekt im S\u00fcden der Stadt Bern umfasst zehn Kinos\u00e4le, eine Bowlingbahn, zwei Restaurants, B\u00fcros und Einkaufsm\u00f6glichkeiten. Die Er\u00f6ffnung des Zentrums ist f\u00fcr M\u00e4rz 2018 vorgesehen.<\/p>\n<p>Das Zentrum werde einen neuen st\u00e4dtebaulichen Akzent setzen und zur Attraktivit\u00e4t der Gemeinde Muri-G\u00fcmligen beitragen, teilt Implenia mit. Zu den besonderen technischen Herausforderungen bei den Bauarbeiten z\u00e4hlen nach Angaben des Unternehmens vor allem die Betonarbeiten im Bereich der Kinos\u00e4le aufgrund der grossen Spannweiten, der bis zu zw\u00f6lf Meter hohen R\u00e4ume sowie der abgeschr\u00e4gten Betondecken. (ah)<\/p>\n","protected":false},"excerpt":{"rendered":"<p>Am 14. Juni wurde der Grundstein f\u00fcr das Gewerbe- und Freizeitzentrum G\u00fcmligenfeld Center gelegt. Investorin und Bauherrin ist die UBS Fund Management, Implenia war als Projektentwicklerin beteiligt und realisiert das Vorhaben nun als Totalunternehmerin.<\/p>\n","protected":false},"author":1,"featured_media":4311,"comment_status":"open","ping_status":"open","sticky":false,"template":"","format":"standard","meta":{"_acf_changed":false,"_yoast_wpseo_focuskw":"G\u00fcmligenfeld","_yoast_wpseo_title":"","_yoast_wpseo_metadesc":"Am 14. Juni wurde der Grundstein f\u00fcr das Gewerbe- und Freizeitzentrum G\u00fcmligenfeld Center gelegt.","_yoast_wpseo_linkdex":56,"pgc_sgb_lightbox_settings":"","footnotes":""},"categories":[983,987],"tags":[1091,1118,1601,1643,1714],"class_list":["post-4310","post","type-post","status-publish","format-standard","has-post-thumbnail","hentry","category-buero","category-retail","tag-bern","tag-buero","tag-projektentwicklung","tag-retail","tag-spezial-immobilien"],"acf":[],"yoast_head":"<!-- This site is optimized with the Yoast SEO plugin v27.4 - https:\/\/yoast.com\/product\/yoast-seo-wordpress\/ -->\n<title>Grundsteinlegung f\u00fcr G\u00fcmligenfeld Center - IMMOBILIEN Business<\/title>\n<meta name=\"description\" content=\"Am 14. Juni wurde der Grundstein f\u00fcr das Gewerbe- und Freizeitzentrum G\u00fcmligenfeld Center gelegt.\" \/>\n<meta name=\"robots\" content=\"index, follow, max-snippet:-1, max-image-preview:large, max-video-preview:-1\" \/>\n<link rel=\"canonical\" href=\"https:\/\/www.immobilienbusiness.ch\/de\/buero\/2016-06-16\/grundsteinlegung-fuer-guemligenfeld-center\/\" \/>\n<meta property=\"og:locale\" content=\"de_DE\" \/>\n<meta property=\"og:type\" content=\"article\" \/>\n<meta property=\"og:title\" content=\"Grundsteinlegung f\u00fcr G\u00fcmligenfeld Center\" \/>\n<meta property=\"og:description\" content=\"Am 14. Juni wurde der Grundstein f\u00fcr das Gewerbe- und Freizeitzentrum G\u00fcmligenfeld Center gelegt. Investorin und Bauherrin ist die UBS Fund Management, Implenia war als Projektentwicklerin beteiligt und realisiert das Vorhaben nun als Totalunternehmerin.\" \/>\n<meta property=\"og:url\" content=\"https:\/\/www.immobilienbusiness.ch\/de\/buero\/2016-06-16\/grundsteinlegung-fuer-guemligenfeld-center\/\" \/>\n<meta property=\"og:site_name\" content=\"IMMOBILIEN Business\" \/>\n<meta property=\"article:publisher\" content=\"https:\/\/www.facebook.com\/immobilienbusiness\/\" \/>\n<meta property=\"article:published_time\" content=\"2016-06-16T06:38:44+00:00\" \/>\n<meta name=\"author\" content=\"Redaktion\" \/>\n<meta name=\"twitter:card\" content=\"summary_large_image\" \/>\n<meta name=\"twitter:image\" content=\"https:\/\/www.immobilienbusiness.ch\/wp-content\/uploads\/2016\/12\/Grundsteinlegung-fuer-Guemligenfeld-Center-immobilien-business.jpg\" \/>\n<script type=\"application\/ld+json\" class=\"yoast-schema-graph\">{\"@context\":\"https:\\\/\\\/schema.org\",\"@graph\":[{\"@type\":\"Article\",\"@id\":\"https:\\\/\\\/www.immobilienbusiness.ch\\\/it\\\/buero\\\/2016-06-16\\\/grundsteinlegung-fuer-guemligenfeld-center\\\/#article\",\"isPartOf\":{\"@id\":\"https:\\\/\\\/www.immobilienbusiness.ch\\\/it\\\/buero\\\/2016-06-16\\\/grundsteinlegung-fuer-guemligenfeld-center\\\/\"},\"author\":{\"name\":\"Redaktion\",\"@id\":\"https:\\\/\\\/www.immobilienbusiness.ch\\\/#\\\/schema\\\/person\\\/aa2bace6c5c5aad60102004a50c4eb1c\"},\"headline\":\"Grundsteinlegung f\u00fcr G\u00fcmligenfeld Center\",\"datePublished\":\"2016-06-16T06:38:44+00:00\",\"mainEntityOfPage\":{\"@id\":\"https:\\\/\\\/www.immobilienbusiness.ch\\\/it\\\/buero\\\/2016-06-16\\\/grundsteinlegung-fuer-guemligenfeld-center\\\/\"},\"wordCount\":146,\"commentCount\":0,\"publisher\":{\"@id\":\"https:\\\/\\\/www.immobilienbusiness.ch\\\/#organization\"},\"image\":{\"@id\":\"https:\\\/\\\/www.immobilienbusiness.ch\\\/it\\\/buero\\\/2016-06-16\\\/grundsteinlegung-fuer-guemligenfeld-center\\\/#primaryimage\"},\"thumbnailUrl\":\"https:\\\/\\\/www.immobilienbusiness.ch\\\/wp-content\\\/uploads\\\/2016\\\/12\\\/Grundsteinlegung-fuer-Guemligenfeld-Center-immobilien-business.jpg\",\"keywords\":[\"Bern\",\"B\u00fcro\",\"Projektentwicklung\",\"Retail\",\"Spezial Immobilien\"],\"articleSection\":[\"B\u00dcRO\",\"RETAIL\"],\"inLanguage\":\"de\"},{\"@type\":\"WebPage\",\"@id\":\"https:\\\/\\\/www.immobilienbusiness.ch\\\/it\\\/buero\\\/2016-06-16\\\/grundsteinlegung-fuer-guemligenfeld-center\\\/\",\"url\":\"https:\\\/\\\/www.immobilienbusiness.ch\\\/it\\\/buero\\\/2016-06-16\\\/grundsteinlegung-fuer-guemligenfeld-center\\\/\",\"name\":\"Grundsteinlegung f\u00fcr G\u00fcmligenfeld Center - IMMOBILIEN Business\",\"isPartOf\":{\"@id\":\"https:\\\/\\\/www.immobilienbusiness.ch\\\/#website\"},\"primaryImageOfPage\":{\"@id\":\"https:\\\/\\\/www.immobilienbusiness.ch\\\/it\\\/buero\\\/2016-06-16\\\/grundsteinlegung-fuer-guemligenfeld-center\\\/#primaryimage\"},\"image\":{\"@id\":\"https:\\\/\\\/www.immobilienbusiness.ch\\\/it\\\/buero\\\/2016-06-16\\\/grundsteinlegung-fuer-guemligenfeld-center\\\/#primaryimage\"},\"thumbnailUrl\":\"https:\\\/\\\/www.immobilienbusiness.ch\\\/wp-content\\\/uploads\\\/2016\\\/12\\\/Grundsteinlegung-fuer-Guemligenfeld-Center-immobilien-business.jpg\",\"datePublished\":\"2016-06-16T06:38:44+00:00\",\"description\":\"Am 14. Juni wurde der Grundstein f\u00fcr das Gewerbe- und Freizeitzentrum G\u00fcmligenfeld Center gelegt.\",\"breadcrumb\":{\"@id\":\"https:\\\/\\\/www.immobilienbusiness.ch\\\/it\\\/buero\\\/2016-06-16\\\/grundsteinlegung-fuer-guemligenfeld-center\\\/#breadcrumb\"},\"inLanguage\":\"de\",\"potentialAction\":[{\"@type\":\"ReadAction\",\"target\":[\"https:\\\/\\\/www.immobilienbusiness.ch\\\/it\\\/buero\\\/2016-06-16\\\/grundsteinlegung-fuer-guemligenfeld-center\\\/\"]}]},{\"@type\":\"ImageObject\",\"inLanguage\":\"de\",\"@id\":\"https:\\\/\\\/www.immobilienbusiness.ch\\\/it\\\/buero\\\/2016-06-16\\\/grundsteinlegung-fuer-guemligenfeld-center\\\/#primaryimage\",\"url\":\"https:\\\/\\\/www.immobilienbusiness.ch\\\/wp-content\\\/uploads\\\/2016\\\/12\\\/Grundsteinlegung-fuer-Guemligenfeld-Center-immobilien-business.jpg\",\"contentUrl\":\"https:\\\/\\\/www.immobilienbusiness.ch\\\/wp-content\\\/uploads\\\/2016\\\/12\\\/Grundsteinlegung-fuer-Guemligenfeld-Center-immobilien-business.jpg\",\"width\":2362,\"height\":1577,\"caption\":\"Alexander Arnold, Anton Affentranger, Andreas B\u00e4hler (alle Implenia), J\u00fcrg Herzog, Thomas Isemann (beide Gaschen Partner), Thomas Hanke (Gemeindepr\u00e4sident Muri-G\u00fcmligen), Thomas Marti (Leiter Umwelt + Verkehr Gemeinde Muri-G\u00fcmligen), Marius Baumann, Dr. D\"},{\"@type\":\"BreadcrumbList\",\"@id\":\"https:\\\/\\\/www.immobilienbusiness.ch\\\/it\\\/buero\\\/2016-06-16\\\/grundsteinlegung-fuer-guemligenfeld-center\\\/#breadcrumb\",\"itemListElement\":[{\"@type\":\"ListItem\",\"position\":1,\"name\":\"Home\",\"item\":\"https:\\\/\\\/www.immobilienbusiness.ch\\\/\"},{\"@type\":\"ListItem\",\"position\":2,\"name\":\"Grundsteinlegung f\u00fcr G\u00fcmligenfeld Center\"}]},{\"@type\":\"WebSite\",\"@id\":\"https:\\\/\\\/www.immobilienbusiness.ch\\\/#website\",\"url\":\"https:\\\/\\\/www.immobilienbusiness.ch\\\/\",\"name\":\"IMMOBILIEN Business\",\"description\":\"Unabh\u00e4ngiges Schweizer Wirtschaftsmagazin mit Fokus auf Immobilien, Architektur- und Bau sowie Investment- und Finanzierung.\",\"publisher\":{\"@id\":\"https:\\\/\\\/www.immobilienbusiness.ch\\\/#organization\"},\"potentialAction\":[{\"@type\":\"SearchAction\",\"target\":{\"@type\":\"EntryPoint\",\"urlTemplate\":\"https:\\\/\\\/www.immobilienbusiness.ch\\\/?s={search_term_string}\"},\"query-input\":{\"@type\":\"PropertyValueSpecification\",\"valueRequired\":true,\"valueName\":\"search_term_string\"}}],\"inLanguage\":\"de\"},{\"@type\":\"Organization\",\"@id\":\"https:\\\/\\\/www.immobilienbusiness.ch\\\/#organization\",\"name\":\"IMMOBILIEN Business\",\"url\":\"https:\\\/\\\/www.immobilienbusiness.ch\\\/\",\"logo\":{\"@type\":\"ImageObject\",\"inLanguage\":\"de\",\"@id\":\"https:\\\/\\\/www.immobilienbusiness.ch\\\/#\\\/schema\\\/logo\\\/image\\\/\",\"url\":\"https:\\\/\\\/www.immobilienbusiness.ch\\\/wp-content\\\/uploads\\\/2021\\\/07\\\/logo_ib.png\",\"contentUrl\":\"https:\\\/\\\/www.immobilienbusiness.ch\\\/wp-content\\\/uploads\\\/2021\\\/07\\\/logo_ib.png\",\"width\":800,\"height\":181,\"caption\":\"IMMOBILIEN Business\"},\"image\":{\"@id\":\"https:\\\/\\\/www.immobilienbusiness.ch\\\/#\\\/schema\\\/logo\\\/image\\\/\"},\"sameAs\":[\"https:\\\/\\\/www.facebook.com\\\/immobilienbusiness\\\/\"]},{\"@type\":\"Person\",\"@id\":\"https:\\\/\\\/www.immobilienbusiness.ch\\\/#\\\/schema\\\/person\\\/aa2bace6c5c5aad60102004a50c4eb1c\",\"name\":\"Redaktion\",\"image\":{\"@type\":\"ImageObject\",\"inLanguage\":\"de\",\"@id\":\"https:\\\/\\\/secure.gravatar.com\\\/avatar\\\/ae2f4d718e6c49043e314ce431e7e645d646302a24a5ef5a8bc8e3f5a032e319?s=96&d=mm&r=g\",\"url\":\"https:\\\/\\\/secure.gravatar.com\\\/avatar\\\/ae2f4d718e6c49043e314ce431e7e645d646302a24a5ef5a8bc8e3f5a032e319?s=96&d=mm&r=g\",\"contentUrl\":\"https:\\\/\\\/secure.gravatar.com\\\/avatar\\\/ae2f4d718e6c49043e314ce431e7e645d646302a24a5ef5a8bc8e3f5a032e319?s=96&d=mm&r=g\",\"caption\":\"Redaktion\"},\"sameAs\":[\"http:\\\/\\\/develop.organisator.galledia.ch\"],\"url\":\"https:\\\/\\\/www.immobilienbusiness.ch\\\/de\\\/author\\\/admin\\\/\"}]}<\/script>\n<!-- \/ Yoast SEO plugin. -->","yoast_head_json":{"title":"Grundsteinlegung f\u00fcr G\u00fcmligenfeld Center - IMMOBILIEN Business","description":"Am 14. Juni wurde der Grundstein f\u00fcr das Gewerbe- und Freizeitzentrum G\u00fcmligenfeld Center gelegt.","robots":{"index":"index","follow":"follow","max-snippet":"max-snippet:-1","max-image-preview":"max-image-preview:large","max-video-preview":"max-video-preview:-1"},"canonical":"https:\/\/www.immobilienbusiness.ch\/de\/buero\/2016-06-16\/grundsteinlegung-fuer-guemligenfeld-center\/","og_locale":"de_DE","og_type":"article","og_title":"Grundsteinlegung f\u00fcr G\u00fcmligenfeld Center","og_description":"Am 14. Juni wurde der Grundstein f\u00fcr das Gewerbe- und Freizeitzentrum G\u00fcmligenfeld Center gelegt. Investorin und Bauherrin ist die UBS Fund Management, Implenia war als Projektentwicklerin beteiligt und realisiert das Vorhaben nun als Totalunternehmerin.","og_url":"https:\/\/www.immobilienbusiness.ch\/de\/buero\/2016-06-16\/grundsteinlegung-fuer-guemligenfeld-center\/","og_site_name":"IMMOBILIEN Business","article_publisher":"https:\/\/www.facebook.com\/immobilienbusiness\/","article_published_time":"2016-06-16T06:38:44+00:00","author":"Redaktion","twitter_card":"summary_large_image","twitter_image":"https:\/\/www.immobilienbusiness.ch\/wp-content\/uploads\/2016\/12\/Grundsteinlegung-fuer-Guemligenfeld-Center-immobilien-business.jpg","schema":{"@context":"https:\/\/schema.org","@graph":[{"@type":"Article","@id":"https:\/\/www.immobilienbusiness.ch\/it\/buero\/2016-06-16\/grundsteinlegung-fuer-guemligenfeld-center\/#article","isPartOf":{"@id":"https:\/\/www.immobilienbusiness.ch\/it\/buero\/2016-06-16\/grundsteinlegung-fuer-guemligenfeld-center\/"},"author":{"name":"Redaktion","@id":"https:\/\/www.immobilienbusiness.ch\/#\/schema\/person\/aa2bace6c5c5aad60102004a50c4eb1c"},"headline":"Grundsteinlegung f\u00fcr G\u00fcmligenfeld Center","datePublished":"2016-06-16T06:38:44+00:00","mainEntityOfPage":{"@id":"https:\/\/www.immobilienbusiness.ch\/it\/buero\/2016-06-16\/grundsteinlegung-fuer-guemligenfeld-center\/"},"wordCount":146,"commentCount":0,"publisher":{"@id":"https:\/\/www.immobilienbusiness.ch\/#organization"},"image":{"@id":"https:\/\/www.immobilienbusiness.ch\/it\/buero\/2016-06-16\/grundsteinlegung-fuer-guemligenfeld-center\/#primaryimage"},"thumbnailUrl":"https:\/\/www.immobilienbusiness.ch\/wp-content\/uploads\/2016\/12\/Grundsteinlegung-fuer-Guemligenfeld-Center-immobilien-business.jpg","keywords":["Bern","B\u00fcro","Projektentwicklung","Retail","Spezial Immobilien"],"articleSection":["B\u00dcRO","RETAIL"],"inLanguage":"de"},{"@type":"WebPage","@id":"https:\/\/www.immobilienbusiness.ch\/it\/buero\/2016-06-16\/grundsteinlegung-fuer-guemligenfeld-center\/","url":"https:\/\/www.immobilienbusiness.ch\/it\/buero\/2016-06-16\/grundsteinlegung-fuer-guemligenfeld-center\/","name":"Grundsteinlegung f\u00fcr G\u00fcmligenfeld Center - IMMOBILIEN Business","isPartOf":{"@id":"https:\/\/www.immobilienbusiness.ch\/#website"},"primaryImageOfPage":{"@id":"https:\/\/www.immobilienbusiness.ch\/it\/buero\/2016-06-16\/grundsteinlegung-fuer-guemligenfeld-center\/#primaryimage"},"image":{"@id":"https:\/\/www.immobilienbusiness.ch\/it\/buero\/2016-06-16\/grundsteinlegung-fuer-guemligenfeld-center\/#primaryimage"},"thumbnailUrl":"https:\/\/www.immobilienbusiness.ch\/wp-content\/uploads\/2016\/12\/Grundsteinlegung-fuer-Guemligenfeld-Center-immobilien-business.jpg","datePublished":"2016-06-16T06:38:44+00:00","description":"Am 14. Juni wurde der Grundstein f\u00fcr das Gewerbe- und Freizeitzentrum G\u00fcmligenfeld Center gelegt.","breadcrumb":{"@id":"https:\/\/www.immobilienbusiness.ch\/it\/buero\/2016-06-16\/grundsteinlegung-fuer-guemligenfeld-center\/#breadcrumb"},"inLanguage":"de","potentialAction":[{"@type":"ReadAction","target":["https:\/\/www.immobilienbusiness.ch\/it\/buero\/2016-06-16\/grundsteinlegung-fuer-guemligenfeld-center\/"]}]},{"@type":"ImageObject","inLanguage":"de","@id":"https:\/\/www.immobilienbusiness.ch\/it\/buero\/2016-06-16\/grundsteinlegung-fuer-guemligenfeld-center\/#primaryimage","url":"https:\/\/www.immobilienbusiness.ch\/wp-content\/uploads\/2016\/12\/Grundsteinlegung-fuer-Guemligenfeld-Center-immobilien-business.jpg","contentUrl":"https:\/\/www.immobilienbusiness.ch\/wp-content\/uploads\/2016\/12\/Grundsteinlegung-fuer-Guemligenfeld-Center-immobilien-business.jpg","width":2362,"height":1577,"caption":"Alexander Arnold, Anton Affentranger, Andreas B\u00e4hler (alle Implenia), J\u00fcrg Herzog, Thomas Isemann (beide Gaschen Partner), Thomas Hanke (Gemeindepr\u00e4sident Muri-G\u00fcmligen), Thomas Marti (Leiter Umwelt + Verkehr Gemeinde Muri-G\u00fcmligen), Marius Baumann, Dr. D"},{"@type":"BreadcrumbList","@id":"https:\/\/www.immobilienbusiness.ch\/it\/buero\/2016-06-16\/grundsteinlegung-fuer-guemligenfeld-center\/#breadcrumb","itemListElement":[{"@type":"ListItem","position":1,"name":"Home","item":"https:\/\/www.immobilienbusiness.ch\/"},{"@type":"ListItem","position":2,"name":"Grundsteinlegung f\u00fcr G\u00fcmligenfeld Center"}]},{"@type":"WebSite","@id":"https:\/\/www.immobilienbusiness.ch\/#website","url":"https:\/\/www.immobilienbusiness.ch\/","name":"IMMOBILIEN Business","description":"Unabh\u00e4ngiges Schweizer Wirtschaftsmagazin mit Fokus auf Immobilien, Architektur- und Bau sowie Investment- und Finanzierung.","publisher":{"@id":"https:\/\/www.immobilienbusiness.ch\/#organization"},"potentialAction":[{"@type":"SearchAction","target":{"@type":"EntryPoint","urlTemplate":"https:\/\/www.immobilienbusiness.ch\/?s={search_term_string}"},"query-input":{"@type":"PropertyValueSpecification","valueRequired":true,"valueName":"search_term_string"}}],"inLanguage":"de"},{"@type":"Organization","@id":"https:\/\/www.immobilienbusiness.ch\/#organization","name":"IMMOBILIEN Business","url":"https:\/\/www.immobilienbusiness.ch\/","logo":{"@type":"ImageObject","inLanguage":"de","@id":"https:\/\/www.immobilienbusiness.ch\/#\/schema\/logo\/image\/","url":"https:\/\/www.immobilienbusiness.ch\/wp-content\/uploads\/2021\/07\/logo_ib.png","contentUrl":"https:\/\/www.immobilienbusiness.ch\/wp-content\/uploads\/2021\/07\/logo_ib.png","width":800,"height":181,"caption":"IMMOBILIEN Business"},"image":{"@id":"https:\/\/www.immobilienbusiness.ch\/#\/schema\/logo\/image\/"},"sameAs":["https:\/\/www.facebook.com\/immobilienbusiness\/"]},{"@type":"Person","@id":"https:\/\/www.immobilienbusiness.ch\/#\/schema\/person\/aa2bace6c5c5aad60102004a50c4eb1c","name":"Redaktion","image":{"@type":"ImageObject","inLanguage":"de","@id":"https:\/\/secure.gravatar.com\/avatar\/ae2f4d718e6c49043e314ce431e7e645d646302a24a5ef5a8bc8e3f5a032e319?s=96&d=mm&r=g","url":"https:\/\/secure.gravatar.com\/avatar\/ae2f4d718e6c49043e314ce431e7e645d646302a24a5ef5a8bc8e3f5a032e319?s=96&d=mm&r=g","contentUrl":"https:\/\/secure.gravatar.com\/avatar\/ae2f4d718e6c49043e314ce431e7e645d646302a24a5ef5a8bc8e3f5a032e319?s=96&d=mm&r=g","caption":"Redaktion"},"sameAs":["http:\/\/develop.organisator.galledia.ch"],"url":"https:\/\/www.immobilienbusiness.ch\/de\/author\/admin\/"}]}},"_links":{"self":[{"href":"https:\/\/www.immobilienbusiness.ch\/de\/wp-json\/wp\/v2\/posts\/4310","targetHints":{"allow":["GET"]}}],"collection":[{"href":"https:\/\/www.immobilienbusiness.ch\/de\/wp-json\/wp\/v2\/posts"}],"about":[{"href":"https:\/\/www.immobilienbusiness.ch\/de\/wp-json\/wp\/v2\/types\/post"}],"author":[{"embeddable":true,"href":"https:\/\/www.immobilienbusiness.ch\/de\/wp-json\/wp\/v2\/users\/1"}],"replies":[{"embeddable":true,"href":"https:\/\/www.immobilienbusiness.ch\/de\/wp-json\/wp\/v2\/comments?post=4310"}],"version-history":[{"count":0,"href":"https:\/\/www.immobilienbusiness.ch\/de\/wp-json\/wp\/v2\/posts\/4310\/revisions"}],"wp:featuredmedia":[{"embeddable":true,"href":"https:\/\/www.immobilienbusiness.ch\/de\/wp-json\/wp\/v2\/media\/4311"}],"wp:attachment":[{"href":"https:\/\/www.immobilienbusiness.ch\/de\/wp-json\/wp\/v2\/media?parent=4310"}],"wp:term":[{"taxonomy":"category","embeddable":true,"href":"https:\/\/www.immobilienbusiness.ch\/de\/wp-json\/wp\/v2\/categories?post=4310"},{"taxonomy":"post_tag","embeddable":true,"href":"https:\/\/www.immobilienbusiness.ch\/de\/wp-json\/wp\/v2\/tags?post=4310"}],"curies":[{"name":"wp","href":"https:\/\/api.w.org\/{rel}","templated":true}]}}