{"id":43066,"date":"2022-07-06T09:43:56","date_gmt":"2022-07-06T07:43:56","guid":{"rendered":"https:\/\/www.immobilienbusiness.ch\/?p=43066"},"modified":"2022-07-07T09:47:08","modified_gmt":"2022-07-07T07:47:08","slug":"grossueberbauung-in-bern-bethlehem-kommt-auf-den-weg","status":"publish","type":"post","link":"https:\/\/www.immobilienbusiness.ch\/de\/regionen\/2022-07-06\/grossueberbauung-in-bern-bethlehem-kommt-auf-den-weg\/","title":{"rendered":"Gross\u00fcberbauung in Bern-Bethlehem kommt auf den Weg"},"content":{"rendered":"<figure id=\"attachment_43067\" aria-describedby=\"caption-attachment-43067\" style=\"width: 810px\" class=\"wp-caption alignnone\"><a href=\"https:\/\/www.immobilienbusiness.ch\/wp-content\/uploads\/2022\/07\/chantier-bethlehem_Quelle_Migros.jpg\"><img loading=\"lazy\" decoding=\"async\" class=\"size-full wp-image-43067\" src=\"https:\/\/www.immobilienbusiness.ch\/wp-content\/uploads\/2022\/07\/chantier-bethlehem_Quelle_Migros.jpg\" alt=\"\" width=\"810\" height=\"540\" srcset=\"https:\/\/www.immobilienbusiness.ch\/wp-content\/uploads\/2022\/07\/chantier-bethlehem_Quelle_Migros.jpg 810w, https:\/\/www.immobilienbusiness.ch\/wp-content\/uploads\/2022\/07\/chantier-bethlehem_Quelle_Migros-300x200.jpg 300w, https:\/\/www.immobilienbusiness.ch\/wp-content\/uploads\/2022\/07\/chantier-bethlehem_Quelle_Migros-768x512.jpg 768w, https:\/\/www.immobilienbusiness.ch\/wp-content\/uploads\/2022\/07\/chantier-bethlehem_Quelle_Migros-18x12.jpg 18w, https:\/\/www.immobilienbusiness.ch\/wp-content\/uploads\/2022\/07\/chantier-bethlehem_Quelle_Migros-263x175.jpg 263w, https:\/\/www.immobilienbusiness.ch\/wp-content\/uploads\/2022\/07\/chantier-bethlehem_Quelle_Migros-525x350.jpg 525w\" sizes=\"auto, (max-width: 810px) 100vw, 810px\" \/><\/a><figcaption id=\"caption-attachment-43067\" class=\"wp-caption-text\">Das Zentrum Bethlehem soll einer \u00dcberbauung weichen (Quelle: Migros)<\/figcaption><\/figure>\n<p>Auf dem Areal des Zentrums Bethlehem an der Riedbachstrasse 8, 9, 10 und 12 im Chantier Bethlehem West soll neu gebaut werden. Projekttr\u00e4ger sind die beiden Grundeigent\u00fcmerschaften \u2013 die Genossenschaft Migros Aare (GMAA) und der Fonds f\u00fcr Boden- und Wohnbaupolitik der Stadt Bern \u2013 sowie als Baurechtsnehmende die Band-Genossenschaft und die gemeinn\u00fctzige Wohnbautr\u00e4gerschaft Baugenossenschaft Br\u00fcnnen-Eichholz. Geplant sind Wohnungen, die meisten davon preisg\u00fcnstig, sowie Einkaufs- und Gewerbefl\u00e4chen. Dies alles kombiniert mit attraktiven Aussen- und Gr\u00fcnr\u00e4umen.<\/p>\n<p>Die GMAA will auf dem n\u00f6rdlichen Teil des Areals West, wo sich heute das Zentrum Betlehem befindet, einen neuen Supermarkt bauen. Dieser soll durch Drittmietende, vorwiegend aus dem Detailhandel, erg\u00e4nzt werden. Ferner entstehen rund 130 1,5- bis 5,5-Zimmer-Wohnungen, ein Drittel davon preisg\u00fcnstig. Auf dem s\u00fcdlichen Arealteil will die Wohnbautr\u00e4gerschaft Baugenossenschaft Br\u00fcnnen-Eichholz auf einem Baurechtsgrundst\u00fcck des Fonds f\u00fcr Boden- und Wohnbaupolitik etwa 70 preisg\u00fcnstige 1,5- bis 5,5-Zimmer-Wohnungen erstellen.<\/p>\n<p>Die Band-Genossenschaft hat vor, ihren Standort von der Riedbachstrasse 9 in den s\u00fcdlichen Teil des Areals West zu verlegen. Dort will sie auf einem Baurechtsgrundst\u00fcck des Fonds f\u00fcr Boden- und Wohnbaupolitik Gewerbe- und Dienstleistungsfl\u00e4chen realisieren. Insgesamt sollen \u00fcber 300 Arbeits- und Integrationspl\u00e4tze entstehen. Am bisherigen Band-Standort sollen sp\u00e4ter vorwiegend Wohnungen gebaut werden.<\/p>\n<p>Im Zentrum des Areals ist ein Quartierplatz als Begegnungs- und Aufenthaltsort geplant, der sogenannte Mittelweg soll das neue Stadtviertel mit der Parkanlage Br\u00fcnnengut und der \u00dcberbauung Tscharnergut verbinden. Innerhalb der beiden Baubereiche sind gr\u00f6ssere zusammenh\u00e4ngende und \u00f6kologisch wertvolle Frei- und Gr\u00fcnfl\u00e4chen f\u00fcr Spiel und Begegnung vorgesehen<\/p>\n<p>Die \u00f6ffentliche Mitwirkung f\u00fcr die \u00dcberbauungsordnung dauert noch bis am 25. August 2022. Die Volksabstimmung findet nach Angaben der Stadt Bern voraussichtlich im Herbst 2024 statt. <em>(ah)<\/em><\/p>\n","protected":false},"excerpt":{"rendered":"<p>Dort, wo sich heute das Zentrum Bethlehem befindet, soll ein Quartier mit Mischnutzung entstehen. Die entsprechende \u00dcberbauungsordnung ist in der \u00f6ffentlichen Mitwirkung.<\/p>\n","protected":false},"author":3,"featured_media":43067,"comment_status":"closed","ping_status":"closed","sticky":false,"template":"","format":"standard","meta":{"_acf_changed":false,"_yoast_wpseo_focuskw":"Bethlehem","_yoast_wpseo_title":"","_yoast_wpseo_metadesc":"Dort, wo sich heute das Zentrum Bethlehem befindet, soll ein Quartier mit Mischnutzung entstehen. Die \u00dcberbauungsordnung ist in der \u00f6ffentlichen Mitwirkung.","_yoast_wpseo_linkdex":67,"pgc_sgb_lightbox_settings":"","footnotes":""},"categories":[985],"tags":[1937,1091,1600],"class_list":["post-43066","post","type-post","status-publish","format-standard","has-post-thumbnail","hentry","category-regionen","tag-arealentwicklung","tag-bern","tag-projekt-in-planung"],"acf":[],"yoast_head":"<!-- This site is optimized with the Yoast SEO plugin v27.4 - https:\/\/yoast.com\/product\/yoast-seo-wordpress\/ -->\n<title>Gross\u00fcberbauung in Bern-Bethlehem kommt auf den Weg - IMMOBILIEN Business<\/title>\n<meta name=\"description\" content=\"Dort, wo sich heute das Zentrum Bethlehem befindet, soll ein Quartier mit Mischnutzung entstehen. Die \u00dcberbauungsordnung ist in der \u00f6ffentlichen Mitwirkung.\" \/>\n<meta name=\"robots\" content=\"index, follow, max-snippet:-1, max-image-preview:large, max-video-preview:-1\" \/>\n<link rel=\"canonical\" href=\"https:\/\/www.immobilienbusiness.ch\/de\/regionen\/2022-07-06\/grossueberbauung-in-bern-bethlehem-kommt-auf-den-weg\/\" \/>\n<meta property=\"og:locale\" content=\"de_DE\" \/>\n<meta property=\"og:type\" content=\"article\" \/>\n<meta property=\"og:title\" content=\"Gross\u00fcberbauung in Bern-Bethlehem kommt auf den Weg - IMMOBILIEN Business\" \/>\n<meta property=\"og:description\" content=\"Dort, wo sich heute das Zentrum Bethlehem befindet, soll ein Quartier mit Mischnutzung entstehen. Die \u00dcberbauungsordnung ist in der \u00f6ffentlichen Mitwirkung.\" \/>\n<meta property=\"og:url\" content=\"https:\/\/www.immobilienbusiness.ch\/de\/regionen\/2022-07-06\/grossueberbauung-in-bern-bethlehem-kommt-auf-den-weg\/\" \/>\n<meta property=\"og:site_name\" content=\"IMMOBILIEN Business\" \/>\n<meta property=\"article:publisher\" content=\"https:\/\/www.facebook.com\/immobilienbusiness\/\" \/>\n<meta property=\"article:published_time\" content=\"2022-07-06T07:43:56+00:00\" \/>\n<meta property=\"article:modified_time\" content=\"2022-07-07T07:47:08+00:00\" \/>\n<meta property=\"og:image\" content=\"https:\/\/www.immobilienbusiness.ch\/wp-content\/uploads\/2022\/07\/chantier-bethlehem_Quelle_Migros.jpg\" \/>\n\t<meta property=\"og:image:width\" content=\"810\" \/>\n\t<meta property=\"og:image:height\" content=\"540\" \/>\n\t<meta property=\"og:image:type\" content=\"image\/jpeg\" \/>\n<meta name=\"author\" content=\"anja.hall\" \/>\n<meta name=\"twitter:card\" content=\"summary_large_image\" \/>\n<meta name=\"twitter:image\" content=\"https:\/\/www.immobilienbusiness.ch\/wp-content\/uploads\/2022\/07\/chantier-bethlehem_Quelle_Migros.jpg\" \/>\n<script type=\"application\/ld+json\" class=\"yoast-schema-graph\">{\"@context\":\"https:\\\/\\\/schema.org\",\"@graph\":[{\"@type\":\"Article\",\"@id\":\"https:\\\/\\\/www.immobilienbusiness.ch\\\/it\\\/regionen\\\/2022-07-06\\\/grossueberbauung-in-bern-bethlehem-kommt-auf-den-weg\\\/#article\",\"isPartOf\":{\"@id\":\"https:\\\/\\\/www.immobilienbusiness.ch\\\/it\\\/regionen\\\/2022-07-06\\\/grossueberbauung-in-bern-bethlehem-kommt-auf-den-weg\\\/\"},\"author\":{\"name\":\"anja.hall\",\"@id\":\"https:\\\/\\\/www.immobilienbusiness.ch\\\/#\\\/schema\\\/person\\\/3fc036297b10b9f42d6db5ee932af8c8\"},\"headline\":\"Gross\u00fcberbauung in Bern-Bethlehem kommt auf den Weg\",\"datePublished\":\"2022-07-06T07:43:56+00:00\",\"dateModified\":\"2022-07-07T07:47:08+00:00\",\"mainEntityOfPage\":{\"@id\":\"https:\\\/\\\/www.immobilienbusiness.ch\\\/it\\\/regionen\\\/2022-07-06\\\/grossueberbauung-in-bern-bethlehem-kommt-auf-den-weg\\\/\"},\"wordCount\":309,\"publisher\":{\"@id\":\"https:\\\/\\\/www.immobilienbusiness.ch\\\/#organization\"},\"image\":{\"@id\":\"https:\\\/\\\/www.immobilienbusiness.ch\\\/it\\\/regionen\\\/2022-07-06\\\/grossueberbauung-in-bern-bethlehem-kommt-auf-den-weg\\\/#primaryimage\"},\"thumbnailUrl\":\"https:\\\/\\\/www.immobilienbusiness.ch\\\/wp-content\\\/uploads\\\/2022\\\/07\\\/chantier-bethlehem_Quelle_Migros.jpg\",\"keywords\":[\"Arealentwicklung\",\"Bern\",\"Projekt in Planung\"],\"articleSection\":[\"REGIONEN\"],\"inLanguage\":\"de\"},{\"@type\":\"WebPage\",\"@id\":\"https:\\\/\\\/www.immobilienbusiness.ch\\\/it\\\/regionen\\\/2022-07-06\\\/grossueberbauung-in-bern-bethlehem-kommt-auf-den-weg\\\/\",\"url\":\"https:\\\/\\\/www.immobilienbusiness.ch\\\/it\\\/regionen\\\/2022-07-06\\\/grossueberbauung-in-bern-bethlehem-kommt-auf-den-weg\\\/\",\"name\":\"Gross\u00fcberbauung in Bern-Bethlehem kommt auf den Weg - IMMOBILIEN Business\",\"isPartOf\":{\"@id\":\"https:\\\/\\\/www.immobilienbusiness.ch\\\/#website\"},\"primaryImageOfPage\":{\"@id\":\"https:\\\/\\\/www.immobilienbusiness.ch\\\/it\\\/regionen\\\/2022-07-06\\\/grossueberbauung-in-bern-bethlehem-kommt-auf-den-weg\\\/#primaryimage\"},\"image\":{\"@id\":\"https:\\\/\\\/www.immobilienbusiness.ch\\\/it\\\/regionen\\\/2022-07-06\\\/grossueberbauung-in-bern-bethlehem-kommt-auf-den-weg\\\/#primaryimage\"},\"thumbnailUrl\":\"https:\\\/\\\/www.immobilienbusiness.ch\\\/wp-content\\\/uploads\\\/2022\\\/07\\\/chantier-bethlehem_Quelle_Migros.jpg\",\"datePublished\":\"2022-07-06T07:43:56+00:00\",\"dateModified\":\"2022-07-07T07:47:08+00:00\",\"description\":\"Dort, wo sich heute das Zentrum Bethlehem befindet, soll ein Quartier mit Mischnutzung entstehen. Die \u00dcberbauungsordnung ist in der \u00f6ffentlichen Mitwirkung.\",\"breadcrumb\":{\"@id\":\"https:\\\/\\\/www.immobilienbusiness.ch\\\/it\\\/regionen\\\/2022-07-06\\\/grossueberbauung-in-bern-bethlehem-kommt-auf-den-weg\\\/#breadcrumb\"},\"inLanguage\":\"de\",\"potentialAction\":[{\"@type\":\"ReadAction\",\"target\":[\"https:\\\/\\\/www.immobilienbusiness.ch\\\/it\\\/regionen\\\/2022-07-06\\\/grossueberbauung-in-bern-bethlehem-kommt-auf-den-weg\\\/\"]}]},{\"@type\":\"ImageObject\",\"inLanguage\":\"de\",\"@id\":\"https:\\\/\\\/www.immobilienbusiness.ch\\\/it\\\/regionen\\\/2022-07-06\\\/grossueberbauung-in-bern-bethlehem-kommt-auf-den-weg\\\/#primaryimage\",\"url\":\"https:\\\/\\\/www.immobilienbusiness.ch\\\/wp-content\\\/uploads\\\/2022\\\/07\\\/chantier-bethlehem_Quelle_Migros.jpg\",\"contentUrl\":\"https:\\\/\\\/www.immobilienbusiness.ch\\\/wp-content\\\/uploads\\\/2022\\\/07\\\/chantier-bethlehem_Quelle_Migros.jpg\",\"width\":810,\"height\":540,\"caption\":\"Das Zentrum Bethlehem soll einer \u00dcberbauung weichen (Quelle: Migros)\"},{\"@type\":\"BreadcrumbList\",\"@id\":\"https:\\\/\\\/www.immobilienbusiness.ch\\\/it\\\/regionen\\\/2022-07-06\\\/grossueberbauung-in-bern-bethlehem-kommt-auf-den-weg\\\/#breadcrumb\",\"itemListElement\":[{\"@type\":\"ListItem\",\"position\":1,\"name\":\"Home\",\"item\":\"https:\\\/\\\/www.immobilienbusiness.ch\\\/\"},{\"@type\":\"ListItem\",\"position\":2,\"name\":\"Gross\u00fcberbauung in Bern-Bethlehem kommt auf den Weg\"}]},{\"@type\":\"WebSite\",\"@id\":\"https:\\\/\\\/www.immobilienbusiness.ch\\\/#website\",\"url\":\"https:\\\/\\\/www.immobilienbusiness.ch\\\/\",\"name\":\"IMMOBILIEN Business\",\"description\":\"Unabh\u00e4ngiges Schweizer Wirtschaftsmagazin mit Fokus auf Immobilien, Architektur- und Bau sowie Investment- und Finanzierung.\",\"publisher\":{\"@id\":\"https:\\\/\\\/www.immobilienbusiness.ch\\\/#organization\"},\"potentialAction\":[{\"@type\":\"SearchAction\",\"target\":{\"@type\":\"EntryPoint\",\"urlTemplate\":\"https:\\\/\\\/www.immobilienbusiness.ch\\\/?s={search_term_string}\"},\"query-input\":{\"@type\":\"PropertyValueSpecification\",\"valueRequired\":true,\"valueName\":\"search_term_string\"}}],\"inLanguage\":\"de\"},{\"@type\":\"Organization\",\"@id\":\"https:\\\/\\\/www.immobilienbusiness.ch\\\/#organization\",\"name\":\"IMMOBILIEN Business\",\"url\":\"https:\\\/\\\/www.immobilienbusiness.ch\\\/\",\"logo\":{\"@type\":\"ImageObject\",\"inLanguage\":\"de\",\"@id\":\"https:\\\/\\\/www.immobilienbusiness.ch\\\/#\\\/schema\\\/logo\\\/image\\\/\",\"url\":\"https:\\\/\\\/www.immobilienbusiness.ch\\\/wp-content\\\/uploads\\\/2021\\\/07\\\/logo_ib.png\",\"contentUrl\":\"https:\\\/\\\/www.immobilienbusiness.ch\\\/wp-content\\\/uploads\\\/2021\\\/07\\\/logo_ib.png\",\"width\":800,\"height\":181,\"caption\":\"IMMOBILIEN Business\"},\"image\":{\"@id\":\"https:\\\/\\\/www.immobilienbusiness.ch\\\/#\\\/schema\\\/logo\\\/image\\\/\"},\"sameAs\":[\"https:\\\/\\\/www.facebook.com\\\/immobilienbusiness\\\/\"]},{\"@type\":\"Person\",\"@id\":\"https:\\\/\\\/www.immobilienbusiness.ch\\\/#\\\/schema\\\/person\\\/3fc036297b10b9f42d6db5ee932af8c8\",\"name\":\"anja.hall\",\"image\":{\"@type\":\"ImageObject\",\"inLanguage\":\"de\",\"@id\":\"https:\\\/\\\/secure.gravatar.com\\\/avatar\\\/066b5a0d447013502c71a5782f4f3469f03cfe595cc2329fb94652fe47511bfb?s=96&d=mm&r=g\",\"url\":\"https:\\\/\\\/secure.gravatar.com\\\/avatar\\\/066b5a0d447013502c71a5782f4f3469f03cfe595cc2329fb94652fe47511bfb?s=96&d=mm&r=g\",\"contentUrl\":\"https:\\\/\\\/secure.gravatar.com\\\/avatar\\\/066b5a0d447013502c71a5782f4f3469f03cfe595cc2329fb94652fe47511bfb?s=96&d=mm&r=g\",\"caption\":\"anja.hall\"},\"url\":\"https:\\\/\\\/www.immobilienbusiness.ch\\\/de\\\/author\\\/anja-hall\\\/\"}]}<\/script>\n<!-- \/ Yoast SEO plugin. -->","yoast_head_json":{"title":"Gross\u00fcberbauung in Bern-Bethlehem kommt auf den Weg - IMMOBILIEN Business","description":"Dort, wo sich heute das Zentrum Bethlehem befindet, soll ein Quartier mit Mischnutzung entstehen. Die \u00dcberbauungsordnung ist in der \u00f6ffentlichen Mitwirkung.","robots":{"index":"index","follow":"follow","max-snippet":"max-snippet:-1","max-image-preview":"max-image-preview:large","max-video-preview":"max-video-preview:-1"},"canonical":"https:\/\/www.immobilienbusiness.ch\/de\/regionen\/2022-07-06\/grossueberbauung-in-bern-bethlehem-kommt-auf-den-weg\/","og_locale":"de_DE","og_type":"article","og_title":"Gross\u00fcberbauung in Bern-Bethlehem kommt auf den Weg - IMMOBILIEN Business","og_description":"Dort, wo sich heute das Zentrum Bethlehem befindet, soll ein Quartier mit Mischnutzung entstehen. Die \u00dcberbauungsordnung ist in der \u00f6ffentlichen Mitwirkung.","og_url":"https:\/\/www.immobilienbusiness.ch\/de\/regionen\/2022-07-06\/grossueberbauung-in-bern-bethlehem-kommt-auf-den-weg\/","og_site_name":"IMMOBILIEN Business","article_publisher":"https:\/\/www.facebook.com\/immobilienbusiness\/","article_published_time":"2022-07-06T07:43:56+00:00","article_modified_time":"2022-07-07T07:47:08+00:00","og_image":[{"width":810,"height":540,"url":"https:\/\/www.immobilienbusiness.ch\/wp-content\/uploads\/2022\/07\/chantier-bethlehem_Quelle_Migros.jpg","type":"image\/jpeg"}],"author":"anja.hall","twitter_card":"summary_large_image","twitter_image":"https:\/\/www.immobilienbusiness.ch\/wp-content\/uploads\/2022\/07\/chantier-bethlehem_Quelle_Migros.jpg","schema":{"@context":"https:\/\/schema.org","@graph":[{"@type":"Article","@id":"https:\/\/www.immobilienbusiness.ch\/it\/regionen\/2022-07-06\/grossueberbauung-in-bern-bethlehem-kommt-auf-den-weg\/#article","isPartOf":{"@id":"https:\/\/www.immobilienbusiness.ch\/it\/regionen\/2022-07-06\/grossueberbauung-in-bern-bethlehem-kommt-auf-den-weg\/"},"author":{"name":"anja.hall","@id":"https:\/\/www.immobilienbusiness.ch\/#\/schema\/person\/3fc036297b10b9f42d6db5ee932af8c8"},"headline":"Gross\u00fcberbauung in Bern-Bethlehem kommt auf den Weg","datePublished":"2022-07-06T07:43:56+00:00","dateModified":"2022-07-07T07:47:08+00:00","mainEntityOfPage":{"@id":"https:\/\/www.immobilienbusiness.ch\/it\/regionen\/2022-07-06\/grossueberbauung-in-bern-bethlehem-kommt-auf-den-weg\/"},"wordCount":309,"publisher":{"@id":"https:\/\/www.immobilienbusiness.ch\/#organization"},"image":{"@id":"https:\/\/www.immobilienbusiness.ch\/it\/regionen\/2022-07-06\/grossueberbauung-in-bern-bethlehem-kommt-auf-den-weg\/#primaryimage"},"thumbnailUrl":"https:\/\/www.immobilienbusiness.ch\/wp-content\/uploads\/2022\/07\/chantier-bethlehem_Quelle_Migros.jpg","keywords":["Arealentwicklung","Bern","Projekt in Planung"],"articleSection":["REGIONEN"],"inLanguage":"de"},{"@type":"WebPage","@id":"https:\/\/www.immobilienbusiness.ch\/it\/regionen\/2022-07-06\/grossueberbauung-in-bern-bethlehem-kommt-auf-den-weg\/","url":"https:\/\/www.immobilienbusiness.ch\/it\/regionen\/2022-07-06\/grossueberbauung-in-bern-bethlehem-kommt-auf-den-weg\/","name":"Gross\u00fcberbauung in Bern-Bethlehem kommt auf den Weg - IMMOBILIEN Business","isPartOf":{"@id":"https:\/\/www.immobilienbusiness.ch\/#website"},"primaryImageOfPage":{"@id":"https:\/\/www.immobilienbusiness.ch\/it\/regionen\/2022-07-06\/grossueberbauung-in-bern-bethlehem-kommt-auf-den-weg\/#primaryimage"},"image":{"@id":"https:\/\/www.immobilienbusiness.ch\/it\/regionen\/2022-07-06\/grossueberbauung-in-bern-bethlehem-kommt-auf-den-weg\/#primaryimage"},"thumbnailUrl":"https:\/\/www.immobilienbusiness.ch\/wp-content\/uploads\/2022\/07\/chantier-bethlehem_Quelle_Migros.jpg","datePublished":"2022-07-06T07:43:56+00:00","dateModified":"2022-07-07T07:47:08+00:00","description":"Dort, wo sich heute das Zentrum Bethlehem befindet, soll ein Quartier mit Mischnutzung entstehen. Die \u00dcberbauungsordnung ist in der \u00f6ffentlichen Mitwirkung.","breadcrumb":{"@id":"https:\/\/www.immobilienbusiness.ch\/it\/regionen\/2022-07-06\/grossueberbauung-in-bern-bethlehem-kommt-auf-den-weg\/#breadcrumb"},"inLanguage":"de","potentialAction":[{"@type":"ReadAction","target":["https:\/\/www.immobilienbusiness.ch\/it\/regionen\/2022-07-06\/grossueberbauung-in-bern-bethlehem-kommt-auf-den-weg\/"]}]},{"@type":"ImageObject","inLanguage":"de","@id":"https:\/\/www.immobilienbusiness.ch\/it\/regionen\/2022-07-06\/grossueberbauung-in-bern-bethlehem-kommt-auf-den-weg\/#primaryimage","url":"https:\/\/www.immobilienbusiness.ch\/wp-content\/uploads\/2022\/07\/chantier-bethlehem_Quelle_Migros.jpg","contentUrl":"https:\/\/www.immobilienbusiness.ch\/wp-content\/uploads\/2022\/07\/chantier-bethlehem_Quelle_Migros.jpg","width":810,"height":540,"caption":"Das Zentrum Bethlehem soll einer \u00dcberbauung weichen (Quelle: Migros)"},{"@type":"BreadcrumbList","@id":"https:\/\/www.immobilienbusiness.ch\/it\/regionen\/2022-07-06\/grossueberbauung-in-bern-bethlehem-kommt-auf-den-weg\/#breadcrumb","itemListElement":[{"@type":"ListItem","position":1,"name":"Home","item":"https:\/\/www.immobilienbusiness.ch\/"},{"@type":"ListItem","position":2,"name":"Gross\u00fcberbauung in Bern-Bethlehem kommt auf den Weg"}]},{"@type":"WebSite","@id":"https:\/\/www.immobilienbusiness.ch\/#website","url":"https:\/\/www.immobilienbusiness.ch\/","name":"IMMOBILIEN Business","description":"Unabh\u00e4ngiges Schweizer Wirtschaftsmagazin mit Fokus auf Immobilien, Architektur- und Bau sowie Investment- und Finanzierung.","publisher":{"@id":"https:\/\/www.immobilienbusiness.ch\/#organization"},"potentialAction":[{"@type":"SearchAction","target":{"@type":"EntryPoint","urlTemplate":"https:\/\/www.immobilienbusiness.ch\/?s={search_term_string}"},"query-input":{"@type":"PropertyValueSpecification","valueRequired":true,"valueName":"search_term_string"}}],"inLanguage":"de"},{"@type":"Organization","@id":"https:\/\/www.immobilienbusiness.ch\/#organization","name":"IMMOBILIEN Business","url":"https:\/\/www.immobilienbusiness.ch\/","logo":{"@type":"ImageObject","inLanguage":"de","@id":"https:\/\/www.immobilienbusiness.ch\/#\/schema\/logo\/image\/","url":"https:\/\/www.immobilienbusiness.ch\/wp-content\/uploads\/2021\/07\/logo_ib.png","contentUrl":"https:\/\/www.immobilienbusiness.ch\/wp-content\/uploads\/2021\/07\/logo_ib.png","width":800,"height":181,"caption":"IMMOBILIEN Business"},"image":{"@id":"https:\/\/www.immobilienbusiness.ch\/#\/schema\/logo\/image\/"},"sameAs":["https:\/\/www.facebook.com\/immobilienbusiness\/"]},{"@type":"Person","@id":"https:\/\/www.immobilienbusiness.ch\/#\/schema\/person\/3fc036297b10b9f42d6db5ee932af8c8","name":"anja.hall","image":{"@type":"ImageObject","inLanguage":"de","@id":"https:\/\/secure.gravatar.com\/avatar\/066b5a0d447013502c71a5782f4f3469f03cfe595cc2329fb94652fe47511bfb?s=96&d=mm&r=g","url":"https:\/\/secure.gravatar.com\/avatar\/066b5a0d447013502c71a5782f4f3469f03cfe595cc2329fb94652fe47511bfb?s=96&d=mm&r=g","contentUrl":"https:\/\/secure.gravatar.com\/avatar\/066b5a0d447013502c71a5782f4f3469f03cfe595cc2329fb94652fe47511bfb?s=96&d=mm&r=g","caption":"anja.hall"},"url":"https:\/\/www.immobilienbusiness.ch\/de\/author\/anja-hall\/"}]}},"_links":{"self":[{"href":"https:\/\/www.immobilienbusiness.ch\/de\/wp-json\/wp\/v2\/posts\/43066","targetHints":{"allow":["GET"]}}],"collection":[{"href":"https:\/\/www.immobilienbusiness.ch\/de\/wp-json\/wp\/v2\/posts"}],"about":[{"href":"https:\/\/www.immobilienbusiness.ch\/de\/wp-json\/wp\/v2\/types\/post"}],"author":[{"embeddable":true,"href":"https:\/\/www.immobilienbusiness.ch\/de\/wp-json\/wp\/v2\/users\/3"}],"replies":[{"embeddable":true,"href":"https:\/\/www.immobilienbusiness.ch\/de\/wp-json\/wp\/v2\/comments?post=43066"}],"version-history":[{"count":2,"href":"https:\/\/www.immobilienbusiness.ch\/de\/wp-json\/wp\/v2\/posts\/43066\/revisions"}],"predecessor-version":[{"id":43082,"href":"https:\/\/www.immobilienbusiness.ch\/de\/wp-json\/wp\/v2\/posts\/43066\/revisions\/43082"}],"wp:featuredmedia":[{"embeddable":true,"href":"https:\/\/www.immobilienbusiness.ch\/de\/wp-json\/wp\/v2\/media\/43067"}],"wp:attachment":[{"href":"https:\/\/www.immobilienbusiness.ch\/de\/wp-json\/wp\/v2\/media?parent=43066"}],"wp:term":[{"taxonomy":"category","embeddable":true,"href":"https:\/\/www.immobilienbusiness.ch\/de\/wp-json\/wp\/v2\/categories?post=43066"},{"taxonomy":"post_tag","embeddable":true,"href":"https:\/\/www.immobilienbusiness.ch\/de\/wp-json\/wp\/v2\/tags?post=43066"}],"curies":[{"name":"wp","href":"https:\/\/api.w.org\/{rel}","templated":true}]}}