{"id":43048,"date":"2022-07-04T07:02:47","date_gmt":"2022-07-04T05:02:47","guid":{"rendered":"https:\/\/www.immobilienbusiness.ch\/?p=43048"},"modified":"2022-07-04T08:42:13","modified_gmt":"2022-07-04T06:42:13","slug":"4viertel-in-luzern-nord-waechst-in-die-hoehe","status":"publish","type":"post","link":"https:\/\/www.immobilienbusiness.ch\/de\/regionen\/2022-07-04\/4viertel-in-luzern-nord-waechst-in-die-hoehe\/","title":{"rendered":"4Viertel in Luzern-Nord w\u00e4chst in die H\u00f6he"},"content":{"rendered":"<figure id=\"attachment_43049\" aria-describedby=\"caption-attachment-43049\" style=\"width: 1212px\" class=\"wp-caption alignnone\"><a href=\"https:\/\/www.immobilienbusiness.ch\/wp-content\/uploads\/2022\/07\/4Viertel.jpeg\"><img loading=\"lazy\" decoding=\"async\" class=\"size-full wp-image-43049\" src=\"https:\/\/www.immobilienbusiness.ch\/wp-content\/uploads\/2022\/07\/4Viertel.jpeg\" alt=\"\" width=\"1212\" height=\"808\" srcset=\"https:\/\/www.immobilienbusiness.ch\/wp-content\/uploads\/2022\/07\/4Viertel.jpeg 1200w, https:\/\/www.immobilienbusiness.ch\/wp-content\/uploads\/2022\/07\/4Viertel-300x200.jpeg 300w, https:\/\/www.immobilienbusiness.ch\/wp-content\/uploads\/2022\/07\/4Viertel-1024x683.jpeg 1024w, https:\/\/www.immobilienbusiness.ch\/wp-content\/uploads\/2022\/07\/4Viertel-768x512.jpeg 768w, https:\/\/www.immobilienbusiness.ch\/wp-content\/uploads\/2022\/07\/4Viertel-18x12.jpeg 18w, https:\/\/www.immobilienbusiness.ch\/wp-content\/uploads\/2022\/07\/4Viertel-263x175.jpeg 263w, https:\/\/www.immobilienbusiness.ch\/wp-content\/uploads\/2022\/07\/4Viertel-525x350.jpeg 525w, https:\/\/www.immobilienbusiness.ch\/wp-content\/uploads\/2022\/07\/4Viertel-920x613.jpeg 920w\" sizes=\"auto, (max-width: 1212px) 100vw, 1212px\" \/><\/a><figcaption id=\"caption-attachment-43049\" class=\"wp-caption-text\">Blick auf das Geb\u00e4ude Riverside im 4Viertel (Quelle: nightnurse images)<\/figcaption><\/figure>\n<p>Das Ensemble 4Viertel besteht aus vier Geb\u00e4uden, entworfen vom Luzerner Architekturb\u00fcro Lussi + Partner zusammen mit dem Projektentwickler Alfred M\u00fcller aus Baar. Eigent\u00fcmer ist ein Immobilienfonds der Credit Suisse Asset Management, der rund 150 Mio. CHF in das Vorhaben investiert.<\/p>\n<p>Insgesamt entsteht ein Nutzungsmix aus B\u00fcros, Wohnungen, Verkaufs- sowie Gastro- und Freizeitfl\u00e4chen mit rund 38.000 qm Nettogeschossfl\u00e4che. Die 192 hochwertig ausgestatten Mietwohnungen (1,5 bis 5,5 Zimmer) umfassen Ateliers, Lofts und traditionelle Grundrisse und befinden sich im Hochhaus am Seetalplatz, entlang der Kleinen Emme und neben der Viscosistadt.<\/p>\n<p>Im Herbst 2023 sollen die Neubauten bezugsbereit sein. Nach Angaben der Initiatoren werden sie mit einer PV-Anlage und Smart-Home-Technik ausgestattet. Sie werden die Nachhaltigkeitsstandards Minergie und Greenproperty, ein Nachhaltigkeitslabel von Credit Suisse Asset Management, erf\u00fcllen. <em>(ah)<\/em><\/p>\n","protected":false},"excerpt":{"rendered":"<p>Mit der \u00dcberbauung 4Viertel startet die Entwicklung des Gebiets rund um den Seetalplatz in Emmen. Die 192 Wohnungen, die im Rahmen des Projekts entstehen, gehen nun in die Vermarktung. <\/p>\n","protected":false},"author":3,"featured_media":43049,"comment_status":"closed","ping_status":"closed","sticky":false,"template":"","format":"standard","meta":{"_acf_changed":false,"_yoast_wpseo_focuskw":"4Viertel","_yoast_wpseo_title":"","_yoast_wpseo_metadesc":"Mit der \u00dcberbauung 4Viertel startet die Entwicklung des Gebiets rund um den Seetalplatz in Emmen.","_yoast_wpseo_linkdex":60,"pgc_sgb_lightbox_settings":"","footnotes":""},"categories":[985],"tags":[1937,1146,1459,1599],"class_list":["post-43048","post","type-post","status-publish","format-standard","has-post-thumbnail","hentry","category-regionen","tag-arealentwicklung","tag-credit-suisse","tag-luzern","tag-projekt-in-bau"],"acf":[],"yoast_head":"<!-- This site is optimized with the Yoast SEO plugin v27.5 - https:\/\/yoast.com\/product\/yoast-seo-wordpress\/ -->\n<title>4Viertel in Luzern-Nord w\u00e4chst in die H\u00f6he - IMMOBILIEN Business<\/title>\n<meta name=\"description\" content=\"Mit der \u00dcberbauung 4Viertel startet die Entwicklung des Gebiets rund um den Seetalplatz in Emmen.\" \/>\n<meta name=\"robots\" content=\"index, follow, max-snippet:-1, max-image-preview:large, max-video-preview:-1\" \/>\n<link rel=\"canonical\" href=\"https:\/\/www.immobilienbusiness.ch\/de\/regionen\/2022-07-04\/4viertel-in-luzern-nord-waechst-in-die-hoehe\/\" \/>\n<meta property=\"og:locale\" content=\"de_DE\" \/>\n<meta property=\"og:type\" content=\"article\" \/>\n<meta property=\"og:title\" content=\"4Viertel in Luzern-Nord w\u00e4chst in die H\u00f6he - IMMOBILIEN Business\" \/>\n<meta property=\"og:description\" content=\"Mit der \u00dcberbauung 4Viertel startet die Entwicklung des Gebiets rund um den Seetalplatz in Emmen.\" \/>\n<meta property=\"og:url\" content=\"https:\/\/www.immobilienbusiness.ch\/de\/regionen\/2022-07-04\/4viertel-in-luzern-nord-waechst-in-die-hoehe\/\" \/>\n<meta property=\"og:site_name\" content=\"IMMOBILIEN Business\" \/>\n<meta property=\"article:publisher\" content=\"https:\/\/www.facebook.com\/immobilienbusiness\/\" \/>\n<meta property=\"article:published_time\" content=\"2022-07-04T05:02:47+00:00\" \/>\n<meta property=\"article:modified_time\" content=\"2022-07-04T06:42:13+00:00\" \/>\n<meta property=\"og:image\" content=\"https:\/\/www.immobilienbusiness.ch\/wp-content\/uploads\/2022\/07\/4Viertel.jpeg\" \/>\n\t<meta property=\"og:image:width\" content=\"1200\" \/>\n\t<meta property=\"og:image:height\" content=\"800\" \/>\n\t<meta property=\"og:image:type\" content=\"image\/jpeg\" \/>\n<meta name=\"author\" content=\"anja.hall\" \/>\n<meta name=\"twitter:card\" content=\"summary_large_image\" \/>\n<meta name=\"twitter:image\" content=\"https:\/\/www.immobilienbusiness.ch\/wp-content\/uploads\/2022\/07\/4Viertel.jpeg\" \/>\n<script type=\"application\/ld+json\" class=\"yoast-schema-graph\">{\"@context\":\"https:\\\/\\\/schema.org\",\"@graph\":[{\"@type\":\"Article\",\"@id\":\"https:\\\/\\\/www.immobilienbusiness.ch\\\/it\\\/regionen\\\/2022-07-04\\\/4viertel-in-luzern-nord-waechst-in-die-hoehe\\\/#article\",\"isPartOf\":{\"@id\":\"https:\\\/\\\/www.immobilienbusiness.ch\\\/it\\\/regionen\\\/2022-07-04\\\/4viertel-in-luzern-nord-waechst-in-die-hoehe\\\/\"},\"author\":{\"name\":\"anja.hall\",\"@id\":\"https:\\\/\\\/www.immobilienbusiness.ch\\\/#\\\/schema\\\/person\\\/3fc036297b10b9f42d6db5ee932af8c8\"},\"headline\":\"4Viertel in Luzern-Nord w\u00e4chst in die H\u00f6he\",\"datePublished\":\"2022-07-04T05:02:47+00:00\",\"dateModified\":\"2022-07-04T06:42:13+00:00\",\"mainEntityOfPage\":{\"@id\":\"https:\\\/\\\/www.immobilienbusiness.ch\\\/it\\\/regionen\\\/2022-07-04\\\/4viertel-in-luzern-nord-waechst-in-die-hoehe\\\/\"},\"wordCount\":151,\"publisher\":{\"@id\":\"https:\\\/\\\/www.immobilienbusiness.ch\\\/#organization\"},\"image\":{\"@id\":\"https:\\\/\\\/www.immobilienbusiness.ch\\\/it\\\/regionen\\\/2022-07-04\\\/4viertel-in-luzern-nord-waechst-in-die-hoehe\\\/#primaryimage\"},\"thumbnailUrl\":\"https:\\\/\\\/www.immobilienbusiness.ch\\\/wp-content\\\/uploads\\\/2022\\\/07\\\/4Viertel.jpeg\",\"keywords\":[\"Arealentwicklung\",\"Credit Suisse\",\"Luzern\",\"Projekt in Bau\"],\"articleSection\":[\"REGIONEN\"],\"inLanguage\":\"de\"},{\"@type\":\"WebPage\",\"@id\":\"https:\\\/\\\/www.immobilienbusiness.ch\\\/it\\\/regionen\\\/2022-07-04\\\/4viertel-in-luzern-nord-waechst-in-die-hoehe\\\/\",\"url\":\"https:\\\/\\\/www.immobilienbusiness.ch\\\/it\\\/regionen\\\/2022-07-04\\\/4viertel-in-luzern-nord-waechst-in-die-hoehe\\\/\",\"name\":\"4Viertel in Luzern-Nord w\u00e4chst in die H\u00f6he - IMMOBILIEN Business\",\"isPartOf\":{\"@id\":\"https:\\\/\\\/www.immobilienbusiness.ch\\\/#website\"},\"primaryImageOfPage\":{\"@id\":\"https:\\\/\\\/www.immobilienbusiness.ch\\\/it\\\/regionen\\\/2022-07-04\\\/4viertel-in-luzern-nord-waechst-in-die-hoehe\\\/#primaryimage\"},\"image\":{\"@id\":\"https:\\\/\\\/www.immobilienbusiness.ch\\\/it\\\/regionen\\\/2022-07-04\\\/4viertel-in-luzern-nord-waechst-in-die-hoehe\\\/#primaryimage\"},\"thumbnailUrl\":\"https:\\\/\\\/www.immobilienbusiness.ch\\\/wp-content\\\/uploads\\\/2022\\\/07\\\/4Viertel.jpeg\",\"datePublished\":\"2022-07-04T05:02:47+00:00\",\"dateModified\":\"2022-07-04T06:42:13+00:00\",\"description\":\"Mit der \u00dcberbauung 4Viertel startet die Entwicklung des Gebiets rund um den Seetalplatz in Emmen.\",\"breadcrumb\":{\"@id\":\"https:\\\/\\\/www.immobilienbusiness.ch\\\/it\\\/regionen\\\/2022-07-04\\\/4viertel-in-luzern-nord-waechst-in-die-hoehe\\\/#breadcrumb\"},\"inLanguage\":\"de\",\"potentialAction\":[{\"@type\":\"ReadAction\",\"target\":[\"https:\\\/\\\/www.immobilienbusiness.ch\\\/it\\\/regionen\\\/2022-07-04\\\/4viertel-in-luzern-nord-waechst-in-die-hoehe\\\/\"]}]},{\"@type\":\"ImageObject\",\"inLanguage\":\"de\",\"@id\":\"https:\\\/\\\/www.immobilienbusiness.ch\\\/it\\\/regionen\\\/2022-07-04\\\/4viertel-in-luzern-nord-waechst-in-die-hoehe\\\/#primaryimage\",\"url\":\"https:\\\/\\\/www.immobilienbusiness.ch\\\/wp-content\\\/uploads\\\/2022\\\/07\\\/4Viertel.jpeg\",\"contentUrl\":\"https:\\\/\\\/www.immobilienbusiness.ch\\\/wp-content\\\/uploads\\\/2022\\\/07\\\/4Viertel.jpeg\",\"width\":1200,\"height\":800,\"caption\":\"Blick auf das Geb\u00e4ude Riverside im 4Viertel (Quelle: nightnurse images)\"},{\"@type\":\"BreadcrumbList\",\"@id\":\"https:\\\/\\\/www.immobilienbusiness.ch\\\/it\\\/regionen\\\/2022-07-04\\\/4viertel-in-luzern-nord-waechst-in-die-hoehe\\\/#breadcrumb\",\"itemListElement\":[{\"@type\":\"ListItem\",\"position\":1,\"name\":\"Home\",\"item\":\"https:\\\/\\\/www.immobilienbusiness.ch\\\/\"},{\"@type\":\"ListItem\",\"position\":2,\"name\":\"4Viertel in Luzern-Nord w\u00e4chst in die H\u00f6he\"}]},{\"@type\":\"WebSite\",\"@id\":\"https:\\\/\\\/www.immobilienbusiness.ch\\\/#website\",\"url\":\"https:\\\/\\\/www.immobilienbusiness.ch\\\/\",\"name\":\"IMMOBILIEN Business\",\"description\":\"Unabh\u00e4ngiges Schweizer Wirtschaftsmagazin mit Fokus auf Immobilien, Architektur- und Bau sowie Investment- und Finanzierung.\",\"publisher\":{\"@id\":\"https:\\\/\\\/www.immobilienbusiness.ch\\\/#organization\"},\"potentialAction\":[{\"@type\":\"SearchAction\",\"target\":{\"@type\":\"EntryPoint\",\"urlTemplate\":\"https:\\\/\\\/www.immobilienbusiness.ch\\\/?s={search_term_string}\"},\"query-input\":{\"@type\":\"PropertyValueSpecification\",\"valueRequired\":true,\"valueName\":\"search_term_string\"}}],\"inLanguage\":\"de\"},{\"@type\":\"Organization\",\"@id\":\"https:\\\/\\\/www.immobilienbusiness.ch\\\/#organization\",\"name\":\"IMMOBILIEN Business\",\"url\":\"https:\\\/\\\/www.immobilienbusiness.ch\\\/\",\"logo\":{\"@type\":\"ImageObject\",\"inLanguage\":\"de\",\"@id\":\"https:\\\/\\\/www.immobilienbusiness.ch\\\/#\\\/schema\\\/logo\\\/image\\\/\",\"url\":\"https:\\\/\\\/www.immobilienbusiness.ch\\\/wp-content\\\/uploads\\\/2021\\\/07\\\/logo_ib.png\",\"contentUrl\":\"https:\\\/\\\/www.immobilienbusiness.ch\\\/wp-content\\\/uploads\\\/2021\\\/07\\\/logo_ib.png\",\"width\":800,\"height\":181,\"caption\":\"IMMOBILIEN Business\"},\"image\":{\"@id\":\"https:\\\/\\\/www.immobilienbusiness.ch\\\/#\\\/schema\\\/logo\\\/image\\\/\"},\"sameAs\":[\"https:\\\/\\\/www.facebook.com\\\/immobilienbusiness\\\/\"]},{\"@type\":\"Person\",\"@id\":\"https:\\\/\\\/www.immobilienbusiness.ch\\\/#\\\/schema\\\/person\\\/3fc036297b10b9f42d6db5ee932af8c8\",\"name\":\"anja.hall\",\"image\":{\"@type\":\"ImageObject\",\"inLanguage\":\"de\",\"@id\":\"https:\\\/\\\/secure.gravatar.com\\\/avatar\\\/066b5a0d447013502c71a5782f4f3469f03cfe595cc2329fb94652fe47511bfb?s=96&d=mm&r=g\",\"url\":\"https:\\\/\\\/secure.gravatar.com\\\/avatar\\\/066b5a0d447013502c71a5782f4f3469f03cfe595cc2329fb94652fe47511bfb?s=96&d=mm&r=g\",\"contentUrl\":\"https:\\\/\\\/secure.gravatar.com\\\/avatar\\\/066b5a0d447013502c71a5782f4f3469f03cfe595cc2329fb94652fe47511bfb?s=96&d=mm&r=g\",\"caption\":\"anja.hall\"},\"url\":\"https:\\\/\\\/www.immobilienbusiness.ch\\\/de\\\/author\\\/anja-hall\\\/\"}]}<\/script>\n<!-- \/ Yoast SEO plugin. -->","yoast_head_json":{"title":"4Viertel in Luzern-Nord w\u00e4chst in die H\u00f6he - IMMOBILIEN Business","description":"Mit der \u00dcberbauung 4Viertel startet die Entwicklung des Gebiets rund um den Seetalplatz in Emmen.","robots":{"index":"index","follow":"follow","max-snippet":"max-snippet:-1","max-image-preview":"max-image-preview:large","max-video-preview":"max-video-preview:-1"},"canonical":"https:\/\/www.immobilienbusiness.ch\/de\/regionen\/2022-07-04\/4viertel-in-luzern-nord-waechst-in-die-hoehe\/","og_locale":"de_DE","og_type":"article","og_title":"4Viertel in Luzern-Nord w\u00e4chst in die H\u00f6he - IMMOBILIEN Business","og_description":"Mit der \u00dcberbauung 4Viertel startet die Entwicklung des Gebiets rund um den Seetalplatz in Emmen.","og_url":"https:\/\/www.immobilienbusiness.ch\/de\/regionen\/2022-07-04\/4viertel-in-luzern-nord-waechst-in-die-hoehe\/","og_site_name":"IMMOBILIEN Business","article_publisher":"https:\/\/www.facebook.com\/immobilienbusiness\/","article_published_time":"2022-07-04T05:02:47+00:00","article_modified_time":"2022-07-04T06:42:13+00:00","og_image":[{"width":1200,"height":800,"url":"https:\/\/www.immobilienbusiness.ch\/wp-content\/uploads\/2022\/07\/4Viertel.jpeg","type":"image\/jpeg"}],"author":"anja.hall","twitter_card":"summary_large_image","twitter_image":"https:\/\/www.immobilienbusiness.ch\/wp-content\/uploads\/2022\/07\/4Viertel.jpeg","schema":{"@context":"https:\/\/schema.org","@graph":[{"@type":"Article","@id":"https:\/\/www.immobilienbusiness.ch\/it\/regionen\/2022-07-04\/4viertel-in-luzern-nord-waechst-in-die-hoehe\/#article","isPartOf":{"@id":"https:\/\/www.immobilienbusiness.ch\/it\/regionen\/2022-07-04\/4viertel-in-luzern-nord-waechst-in-die-hoehe\/"},"author":{"name":"anja.hall","@id":"https:\/\/www.immobilienbusiness.ch\/#\/schema\/person\/3fc036297b10b9f42d6db5ee932af8c8"},"headline":"4Viertel in Luzern-Nord w\u00e4chst in die H\u00f6he","datePublished":"2022-07-04T05:02:47+00:00","dateModified":"2022-07-04T06:42:13+00:00","mainEntityOfPage":{"@id":"https:\/\/www.immobilienbusiness.ch\/it\/regionen\/2022-07-04\/4viertel-in-luzern-nord-waechst-in-die-hoehe\/"},"wordCount":151,"publisher":{"@id":"https:\/\/www.immobilienbusiness.ch\/#organization"},"image":{"@id":"https:\/\/www.immobilienbusiness.ch\/it\/regionen\/2022-07-04\/4viertel-in-luzern-nord-waechst-in-die-hoehe\/#primaryimage"},"thumbnailUrl":"https:\/\/www.immobilienbusiness.ch\/wp-content\/uploads\/2022\/07\/4Viertel.jpeg","keywords":["Arealentwicklung","Credit Suisse","Luzern","Projekt in Bau"],"articleSection":["REGIONEN"],"inLanguage":"de"},{"@type":"WebPage","@id":"https:\/\/www.immobilienbusiness.ch\/it\/regionen\/2022-07-04\/4viertel-in-luzern-nord-waechst-in-die-hoehe\/","url":"https:\/\/www.immobilienbusiness.ch\/it\/regionen\/2022-07-04\/4viertel-in-luzern-nord-waechst-in-die-hoehe\/","name":"4Viertel in Luzern-Nord w\u00e4chst in die H\u00f6he - IMMOBILIEN Business","isPartOf":{"@id":"https:\/\/www.immobilienbusiness.ch\/#website"},"primaryImageOfPage":{"@id":"https:\/\/www.immobilienbusiness.ch\/it\/regionen\/2022-07-04\/4viertel-in-luzern-nord-waechst-in-die-hoehe\/#primaryimage"},"image":{"@id":"https:\/\/www.immobilienbusiness.ch\/it\/regionen\/2022-07-04\/4viertel-in-luzern-nord-waechst-in-die-hoehe\/#primaryimage"},"thumbnailUrl":"https:\/\/www.immobilienbusiness.ch\/wp-content\/uploads\/2022\/07\/4Viertel.jpeg","datePublished":"2022-07-04T05:02:47+00:00","dateModified":"2022-07-04T06:42:13+00:00","description":"Mit der \u00dcberbauung 4Viertel startet die Entwicklung des Gebiets rund um den Seetalplatz in Emmen.","breadcrumb":{"@id":"https:\/\/www.immobilienbusiness.ch\/it\/regionen\/2022-07-04\/4viertel-in-luzern-nord-waechst-in-die-hoehe\/#breadcrumb"},"inLanguage":"de","potentialAction":[{"@type":"ReadAction","target":["https:\/\/www.immobilienbusiness.ch\/it\/regionen\/2022-07-04\/4viertel-in-luzern-nord-waechst-in-die-hoehe\/"]}]},{"@type":"ImageObject","inLanguage":"de","@id":"https:\/\/www.immobilienbusiness.ch\/it\/regionen\/2022-07-04\/4viertel-in-luzern-nord-waechst-in-die-hoehe\/#primaryimage","url":"https:\/\/www.immobilienbusiness.ch\/wp-content\/uploads\/2022\/07\/4Viertel.jpeg","contentUrl":"https:\/\/www.immobilienbusiness.ch\/wp-content\/uploads\/2022\/07\/4Viertel.jpeg","width":1200,"height":800,"caption":"Blick auf das Geb\u00e4ude Riverside im 4Viertel (Quelle: nightnurse images)"},{"@type":"BreadcrumbList","@id":"https:\/\/www.immobilienbusiness.ch\/it\/regionen\/2022-07-04\/4viertel-in-luzern-nord-waechst-in-die-hoehe\/#breadcrumb","itemListElement":[{"@type":"ListItem","position":1,"name":"Home","item":"https:\/\/www.immobilienbusiness.ch\/"},{"@type":"ListItem","position":2,"name":"4Viertel in Luzern-Nord w\u00e4chst in die H\u00f6he"}]},{"@type":"WebSite","@id":"https:\/\/www.immobilienbusiness.ch\/#website","url":"https:\/\/www.immobilienbusiness.ch\/","name":"IMMOBILIEN Business","description":"Unabh\u00e4ngiges Schweizer Wirtschaftsmagazin mit Fokus auf Immobilien, Architektur- und Bau sowie Investment- und Finanzierung.","publisher":{"@id":"https:\/\/www.immobilienbusiness.ch\/#organization"},"potentialAction":[{"@type":"SearchAction","target":{"@type":"EntryPoint","urlTemplate":"https:\/\/www.immobilienbusiness.ch\/?s={search_term_string}"},"query-input":{"@type":"PropertyValueSpecification","valueRequired":true,"valueName":"search_term_string"}}],"inLanguage":"de"},{"@type":"Organization","@id":"https:\/\/www.immobilienbusiness.ch\/#organization","name":"IMMOBILIEN Business","url":"https:\/\/www.immobilienbusiness.ch\/","logo":{"@type":"ImageObject","inLanguage":"de","@id":"https:\/\/www.immobilienbusiness.ch\/#\/schema\/logo\/image\/","url":"https:\/\/www.immobilienbusiness.ch\/wp-content\/uploads\/2021\/07\/logo_ib.png","contentUrl":"https:\/\/www.immobilienbusiness.ch\/wp-content\/uploads\/2021\/07\/logo_ib.png","width":800,"height":181,"caption":"IMMOBILIEN Business"},"image":{"@id":"https:\/\/www.immobilienbusiness.ch\/#\/schema\/logo\/image\/"},"sameAs":["https:\/\/www.facebook.com\/immobilienbusiness\/"]},{"@type":"Person","@id":"https:\/\/www.immobilienbusiness.ch\/#\/schema\/person\/3fc036297b10b9f42d6db5ee932af8c8","name":"anja.hall","image":{"@type":"ImageObject","inLanguage":"de","@id":"https:\/\/secure.gravatar.com\/avatar\/066b5a0d447013502c71a5782f4f3469f03cfe595cc2329fb94652fe47511bfb?s=96&d=mm&r=g","url":"https:\/\/secure.gravatar.com\/avatar\/066b5a0d447013502c71a5782f4f3469f03cfe595cc2329fb94652fe47511bfb?s=96&d=mm&r=g","contentUrl":"https:\/\/secure.gravatar.com\/avatar\/066b5a0d447013502c71a5782f4f3469f03cfe595cc2329fb94652fe47511bfb?s=96&d=mm&r=g","caption":"anja.hall"},"url":"https:\/\/www.immobilienbusiness.ch\/de\/author\/anja-hall\/"}]}},"_links":{"self":[{"href":"https:\/\/www.immobilienbusiness.ch\/de\/wp-json\/wp\/v2\/posts\/43048","targetHints":{"allow":["GET"]}}],"collection":[{"href":"https:\/\/www.immobilienbusiness.ch\/de\/wp-json\/wp\/v2\/posts"}],"about":[{"href":"https:\/\/www.immobilienbusiness.ch\/de\/wp-json\/wp\/v2\/types\/post"}],"author":[{"embeddable":true,"href":"https:\/\/www.immobilienbusiness.ch\/de\/wp-json\/wp\/v2\/users\/3"}],"replies":[{"embeddable":true,"href":"https:\/\/www.immobilienbusiness.ch\/de\/wp-json\/wp\/v2\/comments?post=43048"}],"version-history":[{"count":1,"href":"https:\/\/www.immobilienbusiness.ch\/de\/wp-json\/wp\/v2\/posts\/43048\/revisions"}],"predecessor-version":[{"id":43050,"href":"https:\/\/www.immobilienbusiness.ch\/de\/wp-json\/wp\/v2\/posts\/43048\/revisions\/43050"}],"wp:featuredmedia":[{"embeddable":true,"href":"https:\/\/www.immobilienbusiness.ch\/de\/wp-json\/wp\/v2\/media\/43049"}],"wp:attachment":[{"href":"https:\/\/www.immobilienbusiness.ch\/de\/wp-json\/wp\/v2\/media?parent=43048"}],"wp:term":[{"taxonomy":"category","embeddable":true,"href":"https:\/\/www.immobilienbusiness.ch\/de\/wp-json\/wp\/v2\/categories?post=43048"},{"taxonomy":"post_tag","embeddable":true,"href":"https:\/\/www.immobilienbusiness.ch\/de\/wp-json\/wp\/v2\/tags?post=43048"}],"curies":[{"name":"wp","href":"https:\/\/api.w.org\/{rel}","templated":true}]}}