{"id":43019,"date":"2022-06-29T08:30:07","date_gmt":"2022-06-29T06:30:07","guid":{"rendered":"https:\/\/www.immobilienbusiness.ch\/?p=43019"},"modified":"2022-06-29T08:53:37","modified_gmt":"2022-06-29T06:53:37","slug":"aufstockung-des-lokwerks-naehert-sich-der-fertigstellung","status":"publish","type":"post","link":"https:\/\/www.immobilienbusiness.ch\/de\/regionen\/2022-06-29\/aufstockung-des-lokwerks-naehert-sich-der-fertigstellung\/","title":{"rendered":"Aufstockung des Lokwerks n\u00e4hert sich der Fertigstellung"},"content":{"rendered":"<figure id=\"attachment_43020\" aria-describedby=\"caption-attachment-43020\" style=\"width: 1280px\" class=\"wp-caption alignnone\"><a href=\"https:\/\/www.immobilienbusiness.ch\/wp-content\/uploads\/2022\/06\/Lokwerk_Wohnen_Aufsicht2.jpeg\"><img loading=\"lazy\" decoding=\"async\" class=\"size-full wp-image-43020\" src=\"https:\/\/www.immobilienbusiness.ch\/wp-content\/uploads\/2022\/06\/Lokwerk_Wohnen_Aufsicht2.jpeg\" alt=\"\" width=\"1280\" height=\"853\" srcset=\"https:\/\/www.immobilienbusiness.ch\/wp-content\/uploads\/2022\/06\/Lokwerk_Wohnen_Aufsicht2.jpeg 1200w, https:\/\/www.immobilienbusiness.ch\/wp-content\/uploads\/2022\/06\/Lokwerk_Wohnen_Aufsicht2-300x200.jpeg 300w, https:\/\/www.immobilienbusiness.ch\/wp-content\/uploads\/2022\/06\/Lokwerk_Wohnen_Aufsicht2-1024x682.jpeg 1024w, https:\/\/www.immobilienbusiness.ch\/wp-content\/uploads\/2022\/06\/Lokwerk_Wohnen_Aufsicht2-768x512.jpeg 768w, https:\/\/www.immobilienbusiness.ch\/wp-content\/uploads\/2022\/06\/Lokwerk_Wohnen_Aufsicht2-18x12.jpeg 18w, https:\/\/www.immobilienbusiness.ch\/wp-content\/uploads\/2022\/06\/Lokwerk_Wohnen_Aufsicht2-263x175.jpeg 263w, https:\/\/www.immobilienbusiness.ch\/wp-content\/uploads\/2022\/06\/Lokwerk_Wohnen_Aufsicht2-525x350.jpeg 525w, https:\/\/www.immobilienbusiness.ch\/wp-content\/uploads\/2022\/06\/Lokwerk_Wohnen_Aufsicht2-920x613.jpeg 920w\" sizes=\"auto, (max-width: 1280px) 100vw, 1280px\" \/><\/a><figcaption id=\"caption-attachment-43020\" class=\"wp-caption-text\">Das Einkaufszentrum Lokwerk wird aufgestockt (Visualisierung: Raumgleiter)<\/figcaption><\/figure>\n<p>Auf dem Dach des Einkaufszentrums Lokwerk in Winterthur-T\u00f6ss erstellt die Eigent\u00fcmerin, der Immobilienfonds Credit Suisse Real Estate Fund Green Property, neuen Wohnraum. Nachdem die ersten Arbeiten f\u00fcr die 60 Mietwohnungen im Oktober 2021 begonnen haben, sind die drei Stockwerke inzwischen bereit f\u00fcr den Innenausbau. Gebaut wird mit vorgefertigten Holzelementen in einem tragenden Stahlger\u00fcst.<\/p>\n<p>FSP Architekten aus Spreitenbach und Ingenieure des auf Holzbau spezialisierten Unternehmens Erne haben die insgesamt 898 Holzelemente entwickelt. Sie sind bis zu 3,20 Meter hoch und 2,80 Meter breit und wiegen insgesamt rund 2.000 Tonnen. Sie enthalten bereits alle Leitungen, die es f\u00fcr Sanit\u00e4r- und elektrische Installationen braucht. Verankert werden die Holzelemente auf einem 90 Tonnen schweren Stahlger\u00fcst.<\/p>\n<p>Wie die Initiatoren mitteilen, ist das Interesse an den Wohnungen sehr hoch: 500 Personen h\u00e4tten sich bereits vor dem Vermarktungsstart, der k\u00fcrzlich begonnen hat, gemeldet und Interesse an einer der 60 Wohnungen bekundet. Der Wohnungsmix besteht aus drei 1,5-Zimmer, 28 2,5 Zimmer-, 20 3,5 Zimmer- und neun 4,5 Zimmer-Wohnungen. Der Erstbezug erfolgt voraussichtlich Anfang Juni 2023. <em>(ah)<\/em><\/p>\n","protected":false},"excerpt":{"rendered":"<p>Das Einkaufszentrum Lokwerk in Winterthur-T\u00f6ss wird um drei Stockwerke aufgestockt, es entstehen 60 Wohnungen. Mit dem Innenausbau wird in K\u00fcrze begonnen. <\/p>\n","protected":false},"author":3,"featured_media":43020,"comment_status":"closed","ping_status":"closed","sticky":false,"template":"","format":"standard","meta":{"_acf_changed":false,"_yoast_wpseo_focuskw":"Lokwerk","_yoast_wpseo_title":"","_yoast_wpseo_metadesc":"Das Einkaufszentrum Lokwerk in Winterthur-T\u00f6ss wird um drei Stockwerke aufgestockt, es entstehen 60 Wohnungen. Mit dem Innenausbau wird in K\u00fcrze begonnen.","_yoast_wpseo_linkdex":49,"pgc_sgb_lightbox_settings":"","footnotes":""},"categories":[985],"tags":[1146,1599,1858,1863],"class_list":["post-43019","post","type-post","status-publish","format-standard","has-post-thumbnail","hentry","category-regionen","tag-credit-suisse","tag-projekt-in-bau","tag-winterthur","tag-wohnimmobilien"],"acf":[],"yoast_head":"<!-- This site is optimized with the Yoast SEO plugin v27.5 - https:\/\/yoast.com\/product\/yoast-seo-wordpress\/ -->\n<title>Aufstockung des Lokwerks n\u00e4hert sich der Fertigstellung - IMMOBILIEN Business<\/title>\n<meta name=\"description\" content=\"Das Einkaufszentrum Lokwerk in Winterthur-T\u00f6ss wird um drei Stockwerke aufgestockt, es entstehen 60 Wohnungen. Mit dem Innenausbau wird in K\u00fcrze begonnen.\" \/>\n<meta name=\"robots\" content=\"index, follow, max-snippet:-1, max-image-preview:large, max-video-preview:-1\" \/>\n<link rel=\"canonical\" href=\"https:\/\/www.immobilienbusiness.ch\/de\/regionen\/2022-06-29\/aufstockung-des-lokwerks-naehert-sich-der-fertigstellung\/\" \/>\n<meta property=\"og:locale\" content=\"de_DE\" \/>\n<meta property=\"og:type\" content=\"article\" \/>\n<meta property=\"og:title\" content=\"Aufstockung des Lokwerks n\u00e4hert sich der Fertigstellung - IMMOBILIEN Business\" \/>\n<meta property=\"og:description\" content=\"Das Einkaufszentrum Lokwerk in Winterthur-T\u00f6ss wird um drei Stockwerke aufgestockt, es entstehen 60 Wohnungen. Mit dem Innenausbau wird in K\u00fcrze begonnen.\" \/>\n<meta property=\"og:url\" content=\"https:\/\/www.immobilienbusiness.ch\/de\/regionen\/2022-06-29\/aufstockung-des-lokwerks-naehert-sich-der-fertigstellung\/\" \/>\n<meta property=\"og:site_name\" content=\"IMMOBILIEN Business\" \/>\n<meta property=\"article:publisher\" content=\"https:\/\/www.facebook.com\/immobilienbusiness\/\" \/>\n<meta property=\"article:published_time\" content=\"2022-06-29T06:30:07+00:00\" \/>\n<meta property=\"article:modified_time\" content=\"2022-06-29T06:53:37+00:00\" \/>\n<meta property=\"og:image\" content=\"https:\/\/www.immobilienbusiness.ch\/wp-content\/uploads\/2022\/06\/Lokwerk_Wohnen_Aufsicht2.jpeg\" \/>\n\t<meta property=\"og:image:width\" content=\"1200\" \/>\n\t<meta property=\"og:image:height\" content=\"800\" \/>\n\t<meta property=\"og:image:type\" content=\"image\/jpeg\" \/>\n<meta name=\"author\" content=\"anja.hall\" \/>\n<meta name=\"twitter:card\" content=\"summary_large_image\" \/>\n<meta name=\"twitter:image\" content=\"https:\/\/www.immobilienbusiness.ch\/wp-content\/uploads\/2022\/06\/Lokwerk_Wohnen_Aufsicht2.jpeg\" \/>\n<script type=\"application\/ld+json\" class=\"yoast-schema-graph\">{\"@context\":\"https:\\\/\\\/schema.org\",\"@graph\":[{\"@type\":\"Article\",\"@id\":\"https:\\\/\\\/www.immobilienbusiness.ch\\\/en\\\/regionen\\\/2022-06-29\\\/aufstockung-des-lokwerks-naehert-sich-der-fertigstellung\\\/#article\",\"isPartOf\":{\"@id\":\"https:\\\/\\\/www.immobilienbusiness.ch\\\/en\\\/regionen\\\/2022-06-29\\\/aufstockung-des-lokwerks-naehert-sich-der-fertigstellung\\\/\"},\"author\":{\"name\":\"anja.hall\",\"@id\":\"https:\\\/\\\/www.immobilienbusiness.ch\\\/#\\\/schema\\\/person\\\/3fc036297b10b9f42d6db5ee932af8c8\"},\"headline\":\"Aufstockung des Lokwerks n\u00e4hert sich der Fertigstellung\",\"datePublished\":\"2022-06-29T06:30:07+00:00\",\"dateModified\":\"2022-06-29T06:53:37+00:00\",\"mainEntityOfPage\":{\"@id\":\"https:\\\/\\\/www.immobilienbusiness.ch\\\/en\\\/regionen\\\/2022-06-29\\\/aufstockung-des-lokwerks-naehert-sich-der-fertigstellung\\\/\"},\"wordCount\":185,\"publisher\":{\"@id\":\"https:\\\/\\\/www.immobilienbusiness.ch\\\/#organization\"},\"image\":{\"@id\":\"https:\\\/\\\/www.immobilienbusiness.ch\\\/en\\\/regionen\\\/2022-06-29\\\/aufstockung-des-lokwerks-naehert-sich-der-fertigstellung\\\/#primaryimage\"},\"thumbnailUrl\":\"https:\\\/\\\/www.immobilienbusiness.ch\\\/wp-content\\\/uploads\\\/2022\\\/06\\\/Lokwerk_Wohnen_Aufsicht2.jpeg\",\"keywords\":[\"Credit Suisse\",\"Projekt in Bau\",\"Winterthur\",\"Wohnimmobilien\"],\"articleSection\":[\"REGIONEN\"],\"inLanguage\":\"de\"},{\"@type\":\"WebPage\",\"@id\":\"https:\\\/\\\/www.immobilienbusiness.ch\\\/en\\\/regionen\\\/2022-06-29\\\/aufstockung-des-lokwerks-naehert-sich-der-fertigstellung\\\/\",\"url\":\"https:\\\/\\\/www.immobilienbusiness.ch\\\/en\\\/regionen\\\/2022-06-29\\\/aufstockung-des-lokwerks-naehert-sich-der-fertigstellung\\\/\",\"name\":\"Aufstockung des Lokwerks n\u00e4hert sich der Fertigstellung - IMMOBILIEN Business\",\"isPartOf\":{\"@id\":\"https:\\\/\\\/www.immobilienbusiness.ch\\\/#website\"},\"primaryImageOfPage\":{\"@id\":\"https:\\\/\\\/www.immobilienbusiness.ch\\\/en\\\/regionen\\\/2022-06-29\\\/aufstockung-des-lokwerks-naehert-sich-der-fertigstellung\\\/#primaryimage\"},\"image\":{\"@id\":\"https:\\\/\\\/www.immobilienbusiness.ch\\\/en\\\/regionen\\\/2022-06-29\\\/aufstockung-des-lokwerks-naehert-sich-der-fertigstellung\\\/#primaryimage\"},\"thumbnailUrl\":\"https:\\\/\\\/www.immobilienbusiness.ch\\\/wp-content\\\/uploads\\\/2022\\\/06\\\/Lokwerk_Wohnen_Aufsicht2.jpeg\",\"datePublished\":\"2022-06-29T06:30:07+00:00\",\"dateModified\":\"2022-06-29T06:53:37+00:00\",\"description\":\"Das Einkaufszentrum Lokwerk in Winterthur-T\u00f6ss wird um drei Stockwerke aufgestockt, es entstehen 60 Wohnungen. Mit dem Innenausbau wird in K\u00fcrze begonnen.\",\"breadcrumb\":{\"@id\":\"https:\\\/\\\/www.immobilienbusiness.ch\\\/en\\\/regionen\\\/2022-06-29\\\/aufstockung-des-lokwerks-naehert-sich-der-fertigstellung\\\/#breadcrumb\"},\"inLanguage\":\"de\",\"potentialAction\":[{\"@type\":\"ReadAction\",\"target\":[\"https:\\\/\\\/www.immobilienbusiness.ch\\\/en\\\/regionen\\\/2022-06-29\\\/aufstockung-des-lokwerks-naehert-sich-der-fertigstellung\\\/\"]}]},{\"@type\":\"ImageObject\",\"inLanguage\":\"de\",\"@id\":\"https:\\\/\\\/www.immobilienbusiness.ch\\\/en\\\/regionen\\\/2022-06-29\\\/aufstockung-des-lokwerks-naehert-sich-der-fertigstellung\\\/#primaryimage\",\"url\":\"https:\\\/\\\/www.immobilienbusiness.ch\\\/wp-content\\\/uploads\\\/2022\\\/06\\\/Lokwerk_Wohnen_Aufsicht2.jpeg\",\"contentUrl\":\"https:\\\/\\\/www.immobilienbusiness.ch\\\/wp-content\\\/uploads\\\/2022\\\/06\\\/Lokwerk_Wohnen_Aufsicht2.jpeg\",\"width\":1200,\"height\":800,\"caption\":\"Das Einkaufszentrum Lokwerk wird aufgestockt (Visualisierung: Raumgleiter)\"},{\"@type\":\"BreadcrumbList\",\"@id\":\"https:\\\/\\\/www.immobilienbusiness.ch\\\/en\\\/regionen\\\/2022-06-29\\\/aufstockung-des-lokwerks-naehert-sich-der-fertigstellung\\\/#breadcrumb\",\"itemListElement\":[{\"@type\":\"ListItem\",\"position\":1,\"name\":\"Home\",\"item\":\"https:\\\/\\\/www.immobilienbusiness.ch\\\/\"},{\"@type\":\"ListItem\",\"position\":2,\"name\":\"Aufstockung des Lokwerks n\u00e4hert sich der Fertigstellung\"}]},{\"@type\":\"WebSite\",\"@id\":\"https:\\\/\\\/www.immobilienbusiness.ch\\\/#website\",\"url\":\"https:\\\/\\\/www.immobilienbusiness.ch\\\/\",\"name\":\"IMMOBILIEN Business\",\"description\":\"Unabh\u00e4ngiges Schweizer Wirtschaftsmagazin mit Fokus auf Immobilien, Architektur- und Bau sowie Investment- und Finanzierung.\",\"publisher\":{\"@id\":\"https:\\\/\\\/www.immobilienbusiness.ch\\\/#organization\"},\"potentialAction\":[{\"@type\":\"SearchAction\",\"target\":{\"@type\":\"EntryPoint\",\"urlTemplate\":\"https:\\\/\\\/www.immobilienbusiness.ch\\\/?s={search_term_string}\"},\"query-input\":{\"@type\":\"PropertyValueSpecification\",\"valueRequired\":true,\"valueName\":\"search_term_string\"}}],\"inLanguage\":\"de\"},{\"@type\":\"Organization\",\"@id\":\"https:\\\/\\\/www.immobilienbusiness.ch\\\/#organization\",\"name\":\"IMMOBILIEN Business\",\"url\":\"https:\\\/\\\/www.immobilienbusiness.ch\\\/\",\"logo\":{\"@type\":\"ImageObject\",\"inLanguage\":\"de\",\"@id\":\"https:\\\/\\\/www.immobilienbusiness.ch\\\/#\\\/schema\\\/logo\\\/image\\\/\",\"url\":\"https:\\\/\\\/www.immobilienbusiness.ch\\\/wp-content\\\/uploads\\\/2021\\\/07\\\/logo_ib.png\",\"contentUrl\":\"https:\\\/\\\/www.immobilienbusiness.ch\\\/wp-content\\\/uploads\\\/2021\\\/07\\\/logo_ib.png\",\"width\":800,\"height\":181,\"caption\":\"IMMOBILIEN Business\"},\"image\":{\"@id\":\"https:\\\/\\\/www.immobilienbusiness.ch\\\/#\\\/schema\\\/logo\\\/image\\\/\"},\"sameAs\":[\"https:\\\/\\\/www.facebook.com\\\/immobilienbusiness\\\/\"]},{\"@type\":\"Person\",\"@id\":\"https:\\\/\\\/www.immobilienbusiness.ch\\\/#\\\/schema\\\/person\\\/3fc036297b10b9f42d6db5ee932af8c8\",\"name\":\"anja.hall\",\"image\":{\"@type\":\"ImageObject\",\"inLanguage\":\"de\",\"@id\":\"https:\\\/\\\/secure.gravatar.com\\\/avatar\\\/066b5a0d447013502c71a5782f4f3469f03cfe595cc2329fb94652fe47511bfb?s=96&d=mm&r=g\",\"url\":\"https:\\\/\\\/secure.gravatar.com\\\/avatar\\\/066b5a0d447013502c71a5782f4f3469f03cfe595cc2329fb94652fe47511bfb?s=96&d=mm&r=g\",\"contentUrl\":\"https:\\\/\\\/secure.gravatar.com\\\/avatar\\\/066b5a0d447013502c71a5782f4f3469f03cfe595cc2329fb94652fe47511bfb?s=96&d=mm&r=g\",\"caption\":\"anja.hall\"},\"url\":\"https:\\\/\\\/www.immobilienbusiness.ch\\\/de\\\/author\\\/anja-hall\\\/\"}]}<\/script>\n<!-- \/ Yoast SEO plugin. -->","yoast_head_json":{"title":"Aufstockung des Lokwerks n\u00e4hert sich der Fertigstellung - IMMOBILIEN Business","description":"Das Einkaufszentrum Lokwerk in Winterthur-T\u00f6ss wird um drei Stockwerke aufgestockt, es entstehen 60 Wohnungen. Mit dem Innenausbau wird in K\u00fcrze begonnen.","robots":{"index":"index","follow":"follow","max-snippet":"max-snippet:-1","max-image-preview":"max-image-preview:large","max-video-preview":"max-video-preview:-1"},"canonical":"https:\/\/www.immobilienbusiness.ch\/de\/regionen\/2022-06-29\/aufstockung-des-lokwerks-naehert-sich-der-fertigstellung\/","og_locale":"de_DE","og_type":"article","og_title":"Aufstockung des Lokwerks n\u00e4hert sich der Fertigstellung - IMMOBILIEN Business","og_description":"Das Einkaufszentrum Lokwerk in Winterthur-T\u00f6ss wird um drei Stockwerke aufgestockt, es entstehen 60 Wohnungen. Mit dem Innenausbau wird in K\u00fcrze begonnen.","og_url":"https:\/\/www.immobilienbusiness.ch\/de\/regionen\/2022-06-29\/aufstockung-des-lokwerks-naehert-sich-der-fertigstellung\/","og_site_name":"IMMOBILIEN Business","article_publisher":"https:\/\/www.facebook.com\/immobilienbusiness\/","article_published_time":"2022-06-29T06:30:07+00:00","article_modified_time":"2022-06-29T06:53:37+00:00","og_image":[{"width":1200,"height":800,"url":"https:\/\/www.immobilienbusiness.ch\/wp-content\/uploads\/2022\/06\/Lokwerk_Wohnen_Aufsicht2.jpeg","type":"image\/jpeg"}],"author":"anja.hall","twitter_card":"summary_large_image","twitter_image":"https:\/\/www.immobilienbusiness.ch\/wp-content\/uploads\/2022\/06\/Lokwerk_Wohnen_Aufsicht2.jpeg","schema":{"@context":"https:\/\/schema.org","@graph":[{"@type":"Article","@id":"https:\/\/www.immobilienbusiness.ch\/en\/regionen\/2022-06-29\/aufstockung-des-lokwerks-naehert-sich-der-fertigstellung\/#article","isPartOf":{"@id":"https:\/\/www.immobilienbusiness.ch\/en\/regionen\/2022-06-29\/aufstockung-des-lokwerks-naehert-sich-der-fertigstellung\/"},"author":{"name":"anja.hall","@id":"https:\/\/www.immobilienbusiness.ch\/#\/schema\/person\/3fc036297b10b9f42d6db5ee932af8c8"},"headline":"Aufstockung des Lokwerks n\u00e4hert sich der Fertigstellung","datePublished":"2022-06-29T06:30:07+00:00","dateModified":"2022-06-29T06:53:37+00:00","mainEntityOfPage":{"@id":"https:\/\/www.immobilienbusiness.ch\/en\/regionen\/2022-06-29\/aufstockung-des-lokwerks-naehert-sich-der-fertigstellung\/"},"wordCount":185,"publisher":{"@id":"https:\/\/www.immobilienbusiness.ch\/#organization"},"image":{"@id":"https:\/\/www.immobilienbusiness.ch\/en\/regionen\/2022-06-29\/aufstockung-des-lokwerks-naehert-sich-der-fertigstellung\/#primaryimage"},"thumbnailUrl":"https:\/\/www.immobilienbusiness.ch\/wp-content\/uploads\/2022\/06\/Lokwerk_Wohnen_Aufsicht2.jpeg","keywords":["Credit Suisse","Projekt in Bau","Winterthur","Wohnimmobilien"],"articleSection":["REGIONEN"],"inLanguage":"de"},{"@type":"WebPage","@id":"https:\/\/www.immobilienbusiness.ch\/en\/regionen\/2022-06-29\/aufstockung-des-lokwerks-naehert-sich-der-fertigstellung\/","url":"https:\/\/www.immobilienbusiness.ch\/en\/regionen\/2022-06-29\/aufstockung-des-lokwerks-naehert-sich-der-fertigstellung\/","name":"Aufstockung des Lokwerks n\u00e4hert sich der Fertigstellung - IMMOBILIEN Business","isPartOf":{"@id":"https:\/\/www.immobilienbusiness.ch\/#website"},"primaryImageOfPage":{"@id":"https:\/\/www.immobilienbusiness.ch\/en\/regionen\/2022-06-29\/aufstockung-des-lokwerks-naehert-sich-der-fertigstellung\/#primaryimage"},"image":{"@id":"https:\/\/www.immobilienbusiness.ch\/en\/regionen\/2022-06-29\/aufstockung-des-lokwerks-naehert-sich-der-fertigstellung\/#primaryimage"},"thumbnailUrl":"https:\/\/www.immobilienbusiness.ch\/wp-content\/uploads\/2022\/06\/Lokwerk_Wohnen_Aufsicht2.jpeg","datePublished":"2022-06-29T06:30:07+00:00","dateModified":"2022-06-29T06:53:37+00:00","description":"Das Einkaufszentrum Lokwerk in Winterthur-T\u00f6ss wird um drei Stockwerke aufgestockt, es entstehen 60 Wohnungen. Mit dem Innenausbau wird in K\u00fcrze begonnen.","breadcrumb":{"@id":"https:\/\/www.immobilienbusiness.ch\/en\/regionen\/2022-06-29\/aufstockung-des-lokwerks-naehert-sich-der-fertigstellung\/#breadcrumb"},"inLanguage":"de","potentialAction":[{"@type":"ReadAction","target":["https:\/\/www.immobilienbusiness.ch\/en\/regionen\/2022-06-29\/aufstockung-des-lokwerks-naehert-sich-der-fertigstellung\/"]}]},{"@type":"ImageObject","inLanguage":"de","@id":"https:\/\/www.immobilienbusiness.ch\/en\/regionen\/2022-06-29\/aufstockung-des-lokwerks-naehert-sich-der-fertigstellung\/#primaryimage","url":"https:\/\/www.immobilienbusiness.ch\/wp-content\/uploads\/2022\/06\/Lokwerk_Wohnen_Aufsicht2.jpeg","contentUrl":"https:\/\/www.immobilienbusiness.ch\/wp-content\/uploads\/2022\/06\/Lokwerk_Wohnen_Aufsicht2.jpeg","width":1200,"height":800,"caption":"Das Einkaufszentrum Lokwerk wird aufgestockt (Visualisierung: Raumgleiter)"},{"@type":"BreadcrumbList","@id":"https:\/\/www.immobilienbusiness.ch\/en\/regionen\/2022-06-29\/aufstockung-des-lokwerks-naehert-sich-der-fertigstellung\/#breadcrumb","itemListElement":[{"@type":"ListItem","position":1,"name":"Home","item":"https:\/\/www.immobilienbusiness.ch\/"},{"@type":"ListItem","position":2,"name":"Aufstockung des Lokwerks n\u00e4hert sich der Fertigstellung"}]},{"@type":"WebSite","@id":"https:\/\/www.immobilienbusiness.ch\/#website","url":"https:\/\/www.immobilienbusiness.ch\/","name":"IMMOBILIEN Business","description":"Unabh\u00e4ngiges Schweizer Wirtschaftsmagazin mit Fokus auf Immobilien, Architektur- und Bau sowie Investment- und Finanzierung.","publisher":{"@id":"https:\/\/www.immobilienbusiness.ch\/#organization"},"potentialAction":[{"@type":"SearchAction","target":{"@type":"EntryPoint","urlTemplate":"https:\/\/www.immobilienbusiness.ch\/?s={search_term_string}"},"query-input":{"@type":"PropertyValueSpecification","valueRequired":true,"valueName":"search_term_string"}}],"inLanguage":"de"},{"@type":"Organization","@id":"https:\/\/www.immobilienbusiness.ch\/#organization","name":"IMMOBILIEN Business","url":"https:\/\/www.immobilienbusiness.ch\/","logo":{"@type":"ImageObject","inLanguage":"de","@id":"https:\/\/www.immobilienbusiness.ch\/#\/schema\/logo\/image\/","url":"https:\/\/www.immobilienbusiness.ch\/wp-content\/uploads\/2021\/07\/logo_ib.png","contentUrl":"https:\/\/www.immobilienbusiness.ch\/wp-content\/uploads\/2021\/07\/logo_ib.png","width":800,"height":181,"caption":"IMMOBILIEN Business"},"image":{"@id":"https:\/\/www.immobilienbusiness.ch\/#\/schema\/logo\/image\/"},"sameAs":["https:\/\/www.facebook.com\/immobilienbusiness\/"]},{"@type":"Person","@id":"https:\/\/www.immobilienbusiness.ch\/#\/schema\/person\/3fc036297b10b9f42d6db5ee932af8c8","name":"anja.hall","image":{"@type":"ImageObject","inLanguage":"de","@id":"https:\/\/secure.gravatar.com\/avatar\/066b5a0d447013502c71a5782f4f3469f03cfe595cc2329fb94652fe47511bfb?s=96&d=mm&r=g","url":"https:\/\/secure.gravatar.com\/avatar\/066b5a0d447013502c71a5782f4f3469f03cfe595cc2329fb94652fe47511bfb?s=96&d=mm&r=g","contentUrl":"https:\/\/secure.gravatar.com\/avatar\/066b5a0d447013502c71a5782f4f3469f03cfe595cc2329fb94652fe47511bfb?s=96&d=mm&r=g","caption":"anja.hall"},"url":"https:\/\/www.immobilienbusiness.ch\/de\/author\/anja-hall\/"}]}},"_links":{"self":[{"href":"https:\/\/www.immobilienbusiness.ch\/de\/wp-json\/wp\/v2\/posts\/43019","targetHints":{"allow":["GET"]}}],"collection":[{"href":"https:\/\/www.immobilienbusiness.ch\/de\/wp-json\/wp\/v2\/posts"}],"about":[{"href":"https:\/\/www.immobilienbusiness.ch\/de\/wp-json\/wp\/v2\/types\/post"}],"author":[{"embeddable":true,"href":"https:\/\/www.immobilienbusiness.ch\/de\/wp-json\/wp\/v2\/users\/3"}],"replies":[{"embeddable":true,"href":"https:\/\/www.immobilienbusiness.ch\/de\/wp-json\/wp\/v2\/comments?post=43019"}],"version-history":[{"count":1,"href":"https:\/\/www.immobilienbusiness.ch\/de\/wp-json\/wp\/v2\/posts\/43019\/revisions"}],"predecessor-version":[{"id":43021,"href":"https:\/\/www.immobilienbusiness.ch\/de\/wp-json\/wp\/v2\/posts\/43019\/revisions\/43021"}],"wp:featuredmedia":[{"embeddable":true,"href":"https:\/\/www.immobilienbusiness.ch\/de\/wp-json\/wp\/v2\/media\/43020"}],"wp:attachment":[{"href":"https:\/\/www.immobilienbusiness.ch\/de\/wp-json\/wp\/v2\/media?parent=43019"}],"wp:term":[{"taxonomy":"category","embeddable":true,"href":"https:\/\/www.immobilienbusiness.ch\/de\/wp-json\/wp\/v2\/categories?post=43019"},{"taxonomy":"post_tag","embeddable":true,"href":"https:\/\/www.immobilienbusiness.ch\/de\/wp-json\/wp\/v2\/tags?post=43019"}],"curies":[{"name":"wp","href":"https:\/\/api.w.org\/{rel}","templated":true}]}}