{"id":43014,"date":"2022-06-29T08:33:12","date_gmt":"2022-06-29T06:33:12","guid":{"rendered":"https:\/\/www.immobilienbusiness.ch\/?p=43014"},"modified":"2022-06-29T08:35:04","modified_gmt":"2022-06-29T06:35:04","slug":"credit-suisse-will-das-stcc-vorzeitig-an-den-bund-uebertragen","status":"publish","type":"post","link":"https:\/\/www.immobilienbusiness.ch\/de\/regionen\/2022-06-29\/credit-suisse-will-das-stcc-vorzeitig-an-den-bund-uebertragen\/","title":{"rendered":"Credit Suisse will das STCC an den Bund verkaufen"},"content":{"rendered":"<figure id=\"attachment_43015\" aria-describedby=\"caption-attachment-43015\" style=\"width: 2560px\" class=\"wp-caption alignnone\"><a href=\"https:\/\/www.immobilienbusiness.ch\/wp-content\/uploads\/2022\/06\/SwissTech_convention_center_03-scaled.jpg\"><img loading=\"lazy\" decoding=\"async\" class=\"size-full wp-image-43015\" src=\"https:\/\/www.immobilienbusiness.ch\/wp-content\/uploads\/2022\/06\/SwissTech_convention_center_03-scaled.jpg\" alt=\"\" width=\"2560\" height=\"1706\" srcset=\"https:\/\/www.immobilienbusiness.ch\/wp-content\/uploads\/2022\/06\/SwissTech_convention_center_03-scaled.jpg 1200w, https:\/\/www.immobilienbusiness.ch\/wp-content\/uploads\/2022\/06\/SwissTech_convention_center_03-300x200.jpg 300w, https:\/\/www.immobilienbusiness.ch\/wp-content\/uploads\/2022\/06\/SwissTech_convention_center_03-1024x683.jpg 1024w, https:\/\/www.immobilienbusiness.ch\/wp-content\/uploads\/2022\/06\/SwissTech_convention_center_03-768x512.jpg 768w, https:\/\/www.immobilienbusiness.ch\/wp-content\/uploads\/2022\/06\/SwissTech_convention_center_03-1536x1024.jpg 1536w, https:\/\/www.immobilienbusiness.ch\/wp-content\/uploads\/2022\/06\/SwissTech_convention_center_03-2048x1365.jpg 2048w, https:\/\/www.immobilienbusiness.ch\/wp-content\/uploads\/2022\/06\/SwissTech_convention_center_03-18x12.jpg 18w, https:\/\/www.immobilienbusiness.ch\/wp-content\/uploads\/2022\/06\/SwissTech_convention_center_03-263x175.jpg 263w, https:\/\/www.immobilienbusiness.ch\/wp-content\/uploads\/2022\/06\/SwissTech_convention_center_03-525x350.jpg 525w, https:\/\/www.immobilienbusiness.ch\/wp-content\/uploads\/2022\/06\/SwissTech_convention_center_03-920x613.jpg 920w\" sizes=\"auto, (max-width: 2560px) 100vw, 2560px\" \/><\/a><figcaption id=\"caption-attachment-43015\" class=\"wp-caption-text\">Das Swiss Tech Cconvention Center auf dem Campus der EPFL in Ecublens (Bild: Salamanamanjaro, CC BY-SA 4.0, https:\/\/commons.wikimedia.org\/w\/index.php?curid=38491603)<\/figcaption><\/figure>\n<p>Die Credit Suisse Funds AG hat das Kongresszentrums Swiss Tech Convention Center (STCC) in Ecublens zusammen mit dem angrenzenden Centre de Logement im Jahr 2010 im Rahmen einer Public-Private-Partnership erstellt. Je zur H\u00e4lfte sind die Immobilienfonds Credit Suisse Real Estate Fund Livingplus und Credit Suisse Real Estate Fund Hospitality in die Liegenschaften investiert. Alleinmieterin ist die Eidgen\u00f6ssische Technische Hochschule Lausanne (EPFL), und der Mietvertrag f\u00fcr beide Geb\u00e4ude sollte urspr\u00fcnglich bis 2044 laufen. Nach fr\u00fcheren Angaben investierte Credit Suisse 120 Mio. CHF, und die EPFL zahlt eine j\u00e4hrliche Miete von 6 Mio. CHF.<\/p>\n<p>Wie Credit Suisse nun mitteilt, laufen seit l\u00e4ngerem Gespr\u00e4che \u00fcber einen fr\u00fchzeitigen Heimfall des STCC. F\u00fcr die EPFL sei das Kongresszentrum wichtig f\u00fcr die Lehre und Forschung. Allerdings konnte es seit seiner Er\u00f6ffnung im April 2014 nicht profitabel betrieben werden, und dieses Problem hat sich nach Angaben der Credit Suisse durch die Coronapandemie noch weiter versch\u00e4rft.<\/p>\n<h3>Die Fonds behalten das Centre de Logement<\/h3>\n<p>Credit Suisse Funds und der ETH-Rat haben daher vereinbart, dass das SwissTech Convention Center im Rahmen eines fr\u00fchzeitigen Heimfalls an den Bund \u00fcbertragen werden soll. Dabei soll das Baurechtsgrundst\u00fcck zweigeteilt werden, in je eins f\u00fcr das STCC und das Centre de Logement. W\u00e4hrend der Anteil mit dem STCC an den Bund \u00fcbertragen wird, wollen die Fonds das Baurechtsgrundst\u00fcck mit dem Centre de Logement, das Studentenwohnungen, Gesch\u00e4fte, ein Hotel und ein Parkhaus umfasst, behalten. Der Mietvertrag mit der EPFL wurde um zehn Jahre auf 2054 verl\u00e4ngert.<\/p>\n<p>Credit Suisse beziffert die Transaktionssumme auf 139,5 Mio. CHF, was auf H\u00f6he des Verkehrswertes per Ende 2021 liege. Der Bundesrat und die eidgen\u00f6ssischen R\u00e4te m\u00fcssen der Eigentums\u00fcbertragung noch zustimmen; sie soll ab 2024 bis sp\u00e4testens 2026 erfolgen. In dieser Zeit wollen die Immobilienfonds Ersatzinvestitionen t\u00e4tigen.<\/p>\n<p>Das STCC macht f\u00fcr den Credit Suisse Real Estate Fund Livingplus einen Anteil von 2,3% am gesamten Fondsverm\u00f6gen aus; f\u00fcr den Credit Suisse Real Estate Fund Hospitality betr\u00e4gt dieser Wert 9,0% (Stand 31. Dezember 2021).<\/p>\n<p>Filippo Rima, CEO von Credit Suisse Asset Management Schweiz, sagt, man begr\u00fcsse die L\u00f6sung, bei der die beteiligten Immobilienfonds \u00abmit einem attraktiven Preis f\u00fcr das SwissTech Convention Center entsch\u00e4digt werden und zudem die Mietdauer des Centre de Logement um zehn Jahre verl\u00e4ngert wird\u00bb. Der Erl\u00f6s f\u00fcr das STCC soll in andere Objekte investiert werden.<\/p>\n<p>Matthias G\u00e4umann, Vizepr\u00e4sident der EPFL f\u00fcr den operativen Betrieb, meint, dass die \u00dcbertragung die Betriebskosten des derzeit defizit\u00e4ren Kongresszentrums erheblich senken werde. Damit w\u00fcrden sich auch die Rahmenbedingungen der EPFL verbessern, das Potenzial der Infrastruktur auszunutzen. <em>(ah)<\/em><\/p>\n","protected":false},"excerpt":{"rendered":"<p>Credit Suisse und der ETH-Rat haben vereinbart, dass das Swiss Tech Convention Center (STCC) in den n\u00e4chsten Jahren an den Bund heimfallen soll. Zwei CS-Fonds sind Eigent\u00fcmer des Kongresszentrums.<\/p>\n","protected":false},"author":3,"featured_media":43015,"comment_status":"closed","ping_status":"closed","sticky":false,"template":"","format":"standard","meta":{"_acf_changed":false,"_yoast_wpseo_focuskw":"STCC","_yoast_wpseo_title":"","_yoast_wpseo_metadesc":"Credit Suisse und der ETH-Rat haben vereinbart, dass das Swiss Tech Convention Center (STCC) in den n\u00e4chsten Jahren an den Bund heimfallen soll.","_yoast_wpseo_linkdex":67,"pgc_sgb_lightbox_settings":"","footnotes":""},"categories":[985],"tags":[1146,1344,1408,1609],"class_list":["post-43014","post","type-post","status-publish","format-standard","has-post-thumbnail","hentry","category-regionen","tag-credit-suisse","tag-immobilienfonds","tag-kanton-waadt","tag-public-private-partnership"],"acf":[],"yoast_head":"<!-- This site is optimized with the Yoast SEO plugin v27.4 - https:\/\/yoast.com\/product\/yoast-seo-wordpress\/ -->\n<title>Credit Suisse will das STCC an den Bund verkaufen - IMMOBILIEN Business<\/title>\n<meta name=\"description\" content=\"Credit Suisse und der ETH-Rat haben vereinbart, dass das Swiss Tech Convention Center (STCC) in den n\u00e4chsten Jahren an den Bund heimfallen soll.\" \/>\n<meta name=\"robots\" content=\"index, follow, max-snippet:-1, max-image-preview:large, max-video-preview:-1\" \/>\n<link rel=\"canonical\" href=\"https:\/\/www.immobilienbusiness.ch\/de\/regionen\/2022-06-29\/credit-suisse-will-das-stcc-vorzeitig-an-den-bund-uebertragen\/\" \/>\n<meta property=\"og:locale\" content=\"de_DE\" \/>\n<meta property=\"og:type\" content=\"article\" \/>\n<meta property=\"og:title\" content=\"Credit Suisse will das STCC an den Bund verkaufen - IMMOBILIEN Business\" \/>\n<meta property=\"og:description\" content=\"Credit Suisse und der ETH-Rat haben vereinbart, dass das Swiss Tech Convention Center (STCC) in den n\u00e4chsten Jahren an den Bund heimfallen soll.\" \/>\n<meta property=\"og:url\" content=\"https:\/\/www.immobilienbusiness.ch\/de\/regionen\/2022-06-29\/credit-suisse-will-das-stcc-vorzeitig-an-den-bund-uebertragen\/\" \/>\n<meta property=\"og:site_name\" content=\"IMMOBILIEN Business\" \/>\n<meta property=\"article:publisher\" content=\"https:\/\/www.facebook.com\/immobilienbusiness\/\" \/>\n<meta property=\"article:published_time\" content=\"2022-06-29T06:33:12+00:00\" \/>\n<meta property=\"article:modified_time\" content=\"2022-06-29T06:35:04+00:00\" \/>\n<meta property=\"og:image\" content=\"https:\/\/www.immobilienbusiness.ch\/wp-content\/uploads\/2022\/06\/SwissTech_convention_center_03-scaled.jpg\" \/>\n\t<meta property=\"og:image:width\" content=\"1200\" \/>\n\t<meta property=\"og:image:height\" content=\"800\" \/>\n\t<meta property=\"og:image:type\" content=\"image\/jpeg\" \/>\n<meta name=\"author\" content=\"anja.hall\" \/>\n<meta name=\"twitter:card\" content=\"summary_large_image\" \/>\n<meta name=\"twitter:image\" content=\"https:\/\/www.immobilienbusiness.ch\/wp-content\/uploads\/2022\/06\/SwissTech_convention_center_03-scaled.jpg\" \/>\n<script type=\"application\/ld+json\" class=\"yoast-schema-graph\">{\"@context\":\"https:\\\/\\\/schema.org\",\"@graph\":[{\"@type\":\"Article\",\"@id\":\"https:\\\/\\\/www.immobilienbusiness.ch\\\/en\\\/regionen\\\/2022-06-29\\\/credit-suisse-will-das-stcc-vorzeitig-an-den-bund-uebertragen\\\/#article\",\"isPartOf\":{\"@id\":\"https:\\\/\\\/www.immobilienbusiness.ch\\\/en\\\/regionen\\\/2022-06-29\\\/credit-suisse-will-das-stcc-vorzeitig-an-den-bund-uebertragen\\\/\"},\"author\":{\"name\":\"anja.hall\",\"@id\":\"https:\\\/\\\/www.immobilienbusiness.ch\\\/#\\\/schema\\\/person\\\/3fc036297b10b9f42d6db5ee932af8c8\"},\"headline\":\"Credit Suisse will das STCC an den Bund verkaufen\",\"datePublished\":\"2022-06-29T06:33:12+00:00\",\"dateModified\":\"2022-06-29T06:35:04+00:00\",\"mainEntityOfPage\":{\"@id\":\"https:\\\/\\\/www.immobilienbusiness.ch\\\/en\\\/regionen\\\/2022-06-29\\\/credit-suisse-will-das-stcc-vorzeitig-an-den-bund-uebertragen\\\/\"},\"wordCount\":481,\"publisher\":{\"@id\":\"https:\\\/\\\/www.immobilienbusiness.ch\\\/#organization\"},\"image\":{\"@id\":\"https:\\\/\\\/www.immobilienbusiness.ch\\\/en\\\/regionen\\\/2022-06-29\\\/credit-suisse-will-das-stcc-vorzeitig-an-den-bund-uebertragen\\\/#primaryimage\"},\"thumbnailUrl\":\"https:\\\/\\\/www.immobilienbusiness.ch\\\/wp-content\\\/uploads\\\/2022\\\/06\\\/SwissTech_convention_center_03-scaled.jpg\",\"keywords\":[\"Credit Suisse\",\"Immobilienfonds\",\"Kanton Waadt\",\"Public Private Partnership\"],\"articleSection\":[\"REGIONEN\"],\"inLanguage\":\"de\"},{\"@type\":\"WebPage\",\"@id\":\"https:\\\/\\\/www.immobilienbusiness.ch\\\/en\\\/regionen\\\/2022-06-29\\\/credit-suisse-will-das-stcc-vorzeitig-an-den-bund-uebertragen\\\/\",\"url\":\"https:\\\/\\\/www.immobilienbusiness.ch\\\/en\\\/regionen\\\/2022-06-29\\\/credit-suisse-will-das-stcc-vorzeitig-an-den-bund-uebertragen\\\/\",\"name\":\"Credit Suisse will das STCC an den Bund verkaufen - IMMOBILIEN Business\",\"isPartOf\":{\"@id\":\"https:\\\/\\\/www.immobilienbusiness.ch\\\/#website\"},\"primaryImageOfPage\":{\"@id\":\"https:\\\/\\\/www.immobilienbusiness.ch\\\/en\\\/regionen\\\/2022-06-29\\\/credit-suisse-will-das-stcc-vorzeitig-an-den-bund-uebertragen\\\/#primaryimage\"},\"image\":{\"@id\":\"https:\\\/\\\/www.immobilienbusiness.ch\\\/en\\\/regionen\\\/2022-06-29\\\/credit-suisse-will-das-stcc-vorzeitig-an-den-bund-uebertragen\\\/#primaryimage\"},\"thumbnailUrl\":\"https:\\\/\\\/www.immobilienbusiness.ch\\\/wp-content\\\/uploads\\\/2022\\\/06\\\/SwissTech_convention_center_03-scaled.jpg\",\"datePublished\":\"2022-06-29T06:33:12+00:00\",\"dateModified\":\"2022-06-29T06:35:04+00:00\",\"description\":\"Credit Suisse und der ETH-Rat haben vereinbart, dass das Swiss Tech Convention Center (STCC) in den n\u00e4chsten Jahren an den Bund heimfallen soll.\",\"breadcrumb\":{\"@id\":\"https:\\\/\\\/www.immobilienbusiness.ch\\\/en\\\/regionen\\\/2022-06-29\\\/credit-suisse-will-das-stcc-vorzeitig-an-den-bund-uebertragen\\\/#breadcrumb\"},\"inLanguage\":\"de\",\"potentialAction\":[{\"@type\":\"ReadAction\",\"target\":[\"https:\\\/\\\/www.immobilienbusiness.ch\\\/en\\\/regionen\\\/2022-06-29\\\/credit-suisse-will-das-stcc-vorzeitig-an-den-bund-uebertragen\\\/\"]}]},{\"@type\":\"ImageObject\",\"inLanguage\":\"de\",\"@id\":\"https:\\\/\\\/www.immobilienbusiness.ch\\\/en\\\/regionen\\\/2022-06-29\\\/credit-suisse-will-das-stcc-vorzeitig-an-den-bund-uebertragen\\\/#primaryimage\",\"url\":\"https:\\\/\\\/www.immobilienbusiness.ch\\\/wp-content\\\/uploads\\\/2022\\\/06\\\/SwissTech_convention_center_03-scaled.jpg\",\"contentUrl\":\"https:\\\/\\\/www.immobilienbusiness.ch\\\/wp-content\\\/uploads\\\/2022\\\/06\\\/SwissTech_convention_center_03-scaled.jpg\",\"width\":1200,\"height\":800,\"caption\":\"Das Swiss Tech Cconvention Center auf dem Campus der EPFL in Ecublens (Bild: Salamanamanjaro, CC BY-SA 4.0, https:\\\/\\\/commons.wikimedia.org\\\/w\\\/index.php?curid=38491603)\"},{\"@type\":\"BreadcrumbList\",\"@id\":\"https:\\\/\\\/www.immobilienbusiness.ch\\\/en\\\/regionen\\\/2022-06-29\\\/credit-suisse-will-das-stcc-vorzeitig-an-den-bund-uebertragen\\\/#breadcrumb\",\"itemListElement\":[{\"@type\":\"ListItem\",\"position\":1,\"name\":\"Home\",\"item\":\"https:\\\/\\\/www.immobilienbusiness.ch\\\/\"},{\"@type\":\"ListItem\",\"position\":2,\"name\":\"Credit Suisse will das STCC an den Bund verkaufen\"}]},{\"@type\":\"WebSite\",\"@id\":\"https:\\\/\\\/www.immobilienbusiness.ch\\\/#website\",\"url\":\"https:\\\/\\\/www.immobilienbusiness.ch\\\/\",\"name\":\"IMMOBILIEN Business\",\"description\":\"Unabh\u00e4ngiges Schweizer Wirtschaftsmagazin mit Fokus auf Immobilien, Architektur- und Bau sowie Investment- und Finanzierung.\",\"publisher\":{\"@id\":\"https:\\\/\\\/www.immobilienbusiness.ch\\\/#organization\"},\"potentialAction\":[{\"@type\":\"SearchAction\",\"target\":{\"@type\":\"EntryPoint\",\"urlTemplate\":\"https:\\\/\\\/www.immobilienbusiness.ch\\\/?s={search_term_string}\"},\"query-input\":{\"@type\":\"PropertyValueSpecification\",\"valueRequired\":true,\"valueName\":\"search_term_string\"}}],\"inLanguage\":\"de\"},{\"@type\":\"Organization\",\"@id\":\"https:\\\/\\\/www.immobilienbusiness.ch\\\/#organization\",\"name\":\"IMMOBILIEN Business\",\"url\":\"https:\\\/\\\/www.immobilienbusiness.ch\\\/\",\"logo\":{\"@type\":\"ImageObject\",\"inLanguage\":\"de\",\"@id\":\"https:\\\/\\\/www.immobilienbusiness.ch\\\/#\\\/schema\\\/logo\\\/image\\\/\",\"url\":\"https:\\\/\\\/www.immobilienbusiness.ch\\\/wp-content\\\/uploads\\\/2021\\\/07\\\/logo_ib.png\",\"contentUrl\":\"https:\\\/\\\/www.immobilienbusiness.ch\\\/wp-content\\\/uploads\\\/2021\\\/07\\\/logo_ib.png\",\"width\":800,\"height\":181,\"caption\":\"IMMOBILIEN Business\"},\"image\":{\"@id\":\"https:\\\/\\\/www.immobilienbusiness.ch\\\/#\\\/schema\\\/logo\\\/image\\\/\"},\"sameAs\":[\"https:\\\/\\\/www.facebook.com\\\/immobilienbusiness\\\/\"]},{\"@type\":\"Person\",\"@id\":\"https:\\\/\\\/www.immobilienbusiness.ch\\\/#\\\/schema\\\/person\\\/3fc036297b10b9f42d6db5ee932af8c8\",\"name\":\"anja.hall\",\"image\":{\"@type\":\"ImageObject\",\"inLanguage\":\"de\",\"@id\":\"https:\\\/\\\/secure.gravatar.com\\\/avatar\\\/066b5a0d447013502c71a5782f4f3469f03cfe595cc2329fb94652fe47511bfb?s=96&d=mm&r=g\",\"url\":\"https:\\\/\\\/secure.gravatar.com\\\/avatar\\\/066b5a0d447013502c71a5782f4f3469f03cfe595cc2329fb94652fe47511bfb?s=96&d=mm&r=g\",\"contentUrl\":\"https:\\\/\\\/secure.gravatar.com\\\/avatar\\\/066b5a0d447013502c71a5782f4f3469f03cfe595cc2329fb94652fe47511bfb?s=96&d=mm&r=g\",\"caption\":\"anja.hall\"},\"url\":\"https:\\\/\\\/www.immobilienbusiness.ch\\\/de\\\/author\\\/anja-hall\\\/\"}]}<\/script>\n<!-- \/ Yoast SEO plugin. -->","yoast_head_json":{"title":"Credit Suisse will das STCC an den Bund verkaufen - IMMOBILIEN Business","description":"Credit Suisse und der ETH-Rat haben vereinbart, dass das Swiss Tech Convention Center (STCC) in den n\u00e4chsten Jahren an den Bund heimfallen soll.","robots":{"index":"index","follow":"follow","max-snippet":"max-snippet:-1","max-image-preview":"max-image-preview:large","max-video-preview":"max-video-preview:-1"},"canonical":"https:\/\/www.immobilienbusiness.ch\/de\/regionen\/2022-06-29\/credit-suisse-will-das-stcc-vorzeitig-an-den-bund-uebertragen\/","og_locale":"de_DE","og_type":"article","og_title":"Credit Suisse will das STCC an den Bund verkaufen - IMMOBILIEN Business","og_description":"Credit Suisse und der ETH-Rat haben vereinbart, dass das Swiss Tech Convention Center (STCC) in den n\u00e4chsten Jahren an den Bund heimfallen soll.","og_url":"https:\/\/www.immobilienbusiness.ch\/de\/regionen\/2022-06-29\/credit-suisse-will-das-stcc-vorzeitig-an-den-bund-uebertragen\/","og_site_name":"IMMOBILIEN Business","article_publisher":"https:\/\/www.facebook.com\/immobilienbusiness\/","article_published_time":"2022-06-29T06:33:12+00:00","article_modified_time":"2022-06-29T06:35:04+00:00","og_image":[{"width":1200,"height":800,"url":"https:\/\/www.immobilienbusiness.ch\/wp-content\/uploads\/2022\/06\/SwissTech_convention_center_03-scaled.jpg","type":"image\/jpeg"}],"author":"anja.hall","twitter_card":"summary_large_image","twitter_image":"https:\/\/www.immobilienbusiness.ch\/wp-content\/uploads\/2022\/06\/SwissTech_convention_center_03-scaled.jpg","schema":{"@context":"https:\/\/schema.org","@graph":[{"@type":"Article","@id":"https:\/\/www.immobilienbusiness.ch\/en\/regionen\/2022-06-29\/credit-suisse-will-das-stcc-vorzeitig-an-den-bund-uebertragen\/#article","isPartOf":{"@id":"https:\/\/www.immobilienbusiness.ch\/en\/regionen\/2022-06-29\/credit-suisse-will-das-stcc-vorzeitig-an-den-bund-uebertragen\/"},"author":{"name":"anja.hall","@id":"https:\/\/www.immobilienbusiness.ch\/#\/schema\/person\/3fc036297b10b9f42d6db5ee932af8c8"},"headline":"Credit Suisse will das STCC an den Bund verkaufen","datePublished":"2022-06-29T06:33:12+00:00","dateModified":"2022-06-29T06:35:04+00:00","mainEntityOfPage":{"@id":"https:\/\/www.immobilienbusiness.ch\/en\/regionen\/2022-06-29\/credit-suisse-will-das-stcc-vorzeitig-an-den-bund-uebertragen\/"},"wordCount":481,"publisher":{"@id":"https:\/\/www.immobilienbusiness.ch\/#organization"},"image":{"@id":"https:\/\/www.immobilienbusiness.ch\/en\/regionen\/2022-06-29\/credit-suisse-will-das-stcc-vorzeitig-an-den-bund-uebertragen\/#primaryimage"},"thumbnailUrl":"https:\/\/www.immobilienbusiness.ch\/wp-content\/uploads\/2022\/06\/SwissTech_convention_center_03-scaled.jpg","keywords":["Credit Suisse","Immobilienfonds","Kanton Waadt","Public Private Partnership"],"articleSection":["REGIONEN"],"inLanguage":"de"},{"@type":"WebPage","@id":"https:\/\/www.immobilienbusiness.ch\/en\/regionen\/2022-06-29\/credit-suisse-will-das-stcc-vorzeitig-an-den-bund-uebertragen\/","url":"https:\/\/www.immobilienbusiness.ch\/en\/regionen\/2022-06-29\/credit-suisse-will-das-stcc-vorzeitig-an-den-bund-uebertragen\/","name":"Credit Suisse will das STCC an den Bund verkaufen - IMMOBILIEN Business","isPartOf":{"@id":"https:\/\/www.immobilienbusiness.ch\/#website"},"primaryImageOfPage":{"@id":"https:\/\/www.immobilienbusiness.ch\/en\/regionen\/2022-06-29\/credit-suisse-will-das-stcc-vorzeitig-an-den-bund-uebertragen\/#primaryimage"},"image":{"@id":"https:\/\/www.immobilienbusiness.ch\/en\/regionen\/2022-06-29\/credit-suisse-will-das-stcc-vorzeitig-an-den-bund-uebertragen\/#primaryimage"},"thumbnailUrl":"https:\/\/www.immobilienbusiness.ch\/wp-content\/uploads\/2022\/06\/SwissTech_convention_center_03-scaled.jpg","datePublished":"2022-06-29T06:33:12+00:00","dateModified":"2022-06-29T06:35:04+00:00","description":"Credit Suisse und der ETH-Rat haben vereinbart, dass das Swiss Tech Convention Center (STCC) in den n\u00e4chsten Jahren an den Bund heimfallen soll.","breadcrumb":{"@id":"https:\/\/www.immobilienbusiness.ch\/en\/regionen\/2022-06-29\/credit-suisse-will-das-stcc-vorzeitig-an-den-bund-uebertragen\/#breadcrumb"},"inLanguage":"de","potentialAction":[{"@type":"ReadAction","target":["https:\/\/www.immobilienbusiness.ch\/en\/regionen\/2022-06-29\/credit-suisse-will-das-stcc-vorzeitig-an-den-bund-uebertragen\/"]}]},{"@type":"ImageObject","inLanguage":"de","@id":"https:\/\/www.immobilienbusiness.ch\/en\/regionen\/2022-06-29\/credit-suisse-will-das-stcc-vorzeitig-an-den-bund-uebertragen\/#primaryimage","url":"https:\/\/www.immobilienbusiness.ch\/wp-content\/uploads\/2022\/06\/SwissTech_convention_center_03-scaled.jpg","contentUrl":"https:\/\/www.immobilienbusiness.ch\/wp-content\/uploads\/2022\/06\/SwissTech_convention_center_03-scaled.jpg","width":1200,"height":800,"caption":"Das Swiss Tech Cconvention Center auf dem Campus der EPFL in Ecublens (Bild: Salamanamanjaro, CC BY-SA 4.0, https:\/\/commons.wikimedia.org\/w\/index.php?curid=38491603)"},{"@type":"BreadcrumbList","@id":"https:\/\/www.immobilienbusiness.ch\/en\/regionen\/2022-06-29\/credit-suisse-will-das-stcc-vorzeitig-an-den-bund-uebertragen\/#breadcrumb","itemListElement":[{"@type":"ListItem","position":1,"name":"Home","item":"https:\/\/www.immobilienbusiness.ch\/"},{"@type":"ListItem","position":2,"name":"Credit Suisse will das STCC an den Bund verkaufen"}]},{"@type":"WebSite","@id":"https:\/\/www.immobilienbusiness.ch\/#website","url":"https:\/\/www.immobilienbusiness.ch\/","name":"IMMOBILIEN Business","description":"Unabh\u00e4ngiges Schweizer Wirtschaftsmagazin mit Fokus auf Immobilien, Architektur- und Bau sowie Investment- und Finanzierung.","publisher":{"@id":"https:\/\/www.immobilienbusiness.ch\/#organization"},"potentialAction":[{"@type":"SearchAction","target":{"@type":"EntryPoint","urlTemplate":"https:\/\/www.immobilienbusiness.ch\/?s={search_term_string}"},"query-input":{"@type":"PropertyValueSpecification","valueRequired":true,"valueName":"search_term_string"}}],"inLanguage":"de"},{"@type":"Organization","@id":"https:\/\/www.immobilienbusiness.ch\/#organization","name":"IMMOBILIEN Business","url":"https:\/\/www.immobilienbusiness.ch\/","logo":{"@type":"ImageObject","inLanguage":"de","@id":"https:\/\/www.immobilienbusiness.ch\/#\/schema\/logo\/image\/","url":"https:\/\/www.immobilienbusiness.ch\/wp-content\/uploads\/2021\/07\/logo_ib.png","contentUrl":"https:\/\/www.immobilienbusiness.ch\/wp-content\/uploads\/2021\/07\/logo_ib.png","width":800,"height":181,"caption":"IMMOBILIEN Business"},"image":{"@id":"https:\/\/www.immobilienbusiness.ch\/#\/schema\/logo\/image\/"},"sameAs":["https:\/\/www.facebook.com\/immobilienbusiness\/"]},{"@type":"Person","@id":"https:\/\/www.immobilienbusiness.ch\/#\/schema\/person\/3fc036297b10b9f42d6db5ee932af8c8","name":"anja.hall","image":{"@type":"ImageObject","inLanguage":"de","@id":"https:\/\/secure.gravatar.com\/avatar\/066b5a0d447013502c71a5782f4f3469f03cfe595cc2329fb94652fe47511bfb?s=96&d=mm&r=g","url":"https:\/\/secure.gravatar.com\/avatar\/066b5a0d447013502c71a5782f4f3469f03cfe595cc2329fb94652fe47511bfb?s=96&d=mm&r=g","contentUrl":"https:\/\/secure.gravatar.com\/avatar\/066b5a0d447013502c71a5782f4f3469f03cfe595cc2329fb94652fe47511bfb?s=96&d=mm&r=g","caption":"anja.hall"},"url":"https:\/\/www.immobilienbusiness.ch\/de\/author\/anja-hall\/"}]}},"_links":{"self":[{"href":"https:\/\/www.immobilienbusiness.ch\/de\/wp-json\/wp\/v2\/posts\/43014","targetHints":{"allow":["GET"]}}],"collection":[{"href":"https:\/\/www.immobilienbusiness.ch\/de\/wp-json\/wp\/v2\/posts"}],"about":[{"href":"https:\/\/www.immobilienbusiness.ch\/de\/wp-json\/wp\/v2\/types\/post"}],"author":[{"embeddable":true,"href":"https:\/\/www.immobilienbusiness.ch\/de\/wp-json\/wp\/v2\/users\/3"}],"replies":[{"embeddable":true,"href":"https:\/\/www.immobilienbusiness.ch\/de\/wp-json\/wp\/v2\/comments?post=43014"}],"version-history":[{"count":3,"href":"https:\/\/www.immobilienbusiness.ch\/de\/wp-json\/wp\/v2\/posts\/43014\/revisions"}],"predecessor-version":[{"id":43018,"href":"https:\/\/www.immobilienbusiness.ch\/de\/wp-json\/wp\/v2\/posts\/43014\/revisions\/43018"}],"wp:featuredmedia":[{"embeddable":true,"href":"https:\/\/www.immobilienbusiness.ch\/de\/wp-json\/wp\/v2\/media\/43015"}],"wp:attachment":[{"href":"https:\/\/www.immobilienbusiness.ch\/de\/wp-json\/wp\/v2\/media?parent=43014"}],"wp:term":[{"taxonomy":"category","embeddable":true,"href":"https:\/\/www.immobilienbusiness.ch\/de\/wp-json\/wp\/v2\/categories?post=43014"},{"taxonomy":"post_tag","embeddable":true,"href":"https:\/\/www.immobilienbusiness.ch\/de\/wp-json\/wp\/v2\/tags?post=43014"}],"curies":[{"name":"wp","href":"https:\/\/api.w.org\/{rel}","templated":true}]}}