{"id":42921,"date":"2022-06-16T08:50:58","date_gmt":"2022-06-16T06:50:58","guid":{"rendered":"https:\/\/www.immobilienbusiness.ch\/?p=42921"},"modified":"2022-06-16T08:50:58","modified_gmt":"2022-06-16T06:50:58","slug":"airesis-trennt-sich-vom-comunus-fonds","status":"publish","type":"post","link":"https:\/\/www.immobilienbusiness.ch\/de\/unternehmen\/2022-06-16\/airesis-trennt-sich-vom-comunus-fonds\/","title":{"rendered":"Airesis trennt sich vom Comunus-Fonds"},"content":{"rendered":"<figure id=\"attachment_42079\" aria-describedby=\"caption-attachment-42079\" style=\"width: 1145px\" class=\"wp-caption alignnone\"><a href=\"https:\/\/www.immobilienbusiness.ch\/wp-content\/uploads\/2022\/04\/architecture-1719526_1280.jpg\"><img loading=\"lazy\" decoding=\"async\" class=\"size-full wp-image-42079\" src=\"https:\/\/www.immobilienbusiness.ch\/wp-content\/uploads\/2022\/04\/architecture-1719526_1280.jpg\" alt=\"\" width=\"1145\" height=\"763\" srcset=\"https:\/\/www.immobilienbusiness.ch\/wp-content\/uploads\/2022\/04\/architecture-1719526_1280.jpg 1145w, https:\/\/www.immobilienbusiness.ch\/wp-content\/uploads\/2022\/04\/architecture-1719526_1280-300x200.jpg 300w, https:\/\/www.immobilienbusiness.ch\/wp-content\/uploads\/2022\/04\/architecture-1719526_1280-1024x682.jpg 1024w, https:\/\/www.immobilienbusiness.ch\/wp-content\/uploads\/2022\/04\/architecture-1719526_1280-768x512.jpg 768w, https:\/\/www.immobilienbusiness.ch\/wp-content\/uploads\/2022\/04\/architecture-1719526_1280-18x12.jpg 18w, https:\/\/www.immobilienbusiness.ch\/wp-content\/uploads\/2022\/04\/architecture-1719526_1280-263x175.jpg 263w, https:\/\/www.immobilienbusiness.ch\/wp-content\/uploads\/2022\/04\/architecture-1719526_1280-525x350.jpg 525w, https:\/\/www.immobilienbusiness.ch\/wp-content\/uploads\/2022\/04\/architecture-1719526_1280-920x613.jpg 920w\" sizes=\"auto, (max-width: 1145px) 100vw, 1145px\" \/><\/a><figcaption id=\"caption-attachment-42079\" class=\"wp-caption-text\">Anteile am Wohnimmobilienfonds Comunus stehen zum Verkauf (Bild: Michael Gaida &#8211; Pixabay)<\/figcaption><\/figure>\n<p>Der Immobilienfonds Comunus SICAV wurde 2013 von Marc Henri Beausire, CEO von Airesis, aufgelegt und investiert vorwiegend in Wohnliegenschaften in der Westschweiz. Das Gesamtverm\u00f6gen betr\u00e4gt 407 Mio. CHF, und im vergangenen Jahr hat der Fonds Airesis zufolge eine Performance von 12% erreicht.<\/p>\n<p>Nun will sich Airesis von der Beteiligung in H\u00f6he von 40% an Comunus trennen, um sich auf die Hauptaktivit\u00e4ten zu konzentrieren. Zum Markenportfolio der Gruppe geh\u00f6ren die Sportmarken Le Coq Sportif und Movement Group. Der Kaufpreis bel\u00e4uft sich nach Angaben der Beteiligungsgesellschaft auf rund 10 Mio. CHF und soll f\u00fcr Airesis zu einem Kapitalgewinn von 9,3 Mio. CHF f\u00fchren. Der Verkauf soll noch im Juni 2022 abgeschlossen sein. <em>(ah)<\/em><\/p>\n","protected":false},"excerpt":{"rendered":"<p>Die Investmentgesellschaft Airesis will ihre 40%-Beteiligung am Immobilienfonds Comunus ver\u00e4ussern. <\/p>\n","protected":false},"author":3,"featured_media":42079,"comment_status":"closed","ping_status":"closed","sticky":false,"template":"","format":"standard","meta":{"_acf_changed":false,"_yoast_wpseo_focuskw":"Comunus","_yoast_wpseo_title":"","_yoast_wpseo_metadesc":"Die Investmentgesellschaft Airesis will ihre 40%-Beteiligung am Immobilienfonds Comunus ver\u00e4ussern.","_yoast_wpseo_linkdex":60,"pgc_sgb_lightbox_settings":"","footnotes":""},"categories":[988],"tags":[1344,1830,1852,1863],"class_list":["post-42921","post","type-post","status-publish","format-standard","has-post-thumbnail","hentry","category-unternehmen","tag-immobilienfonds","tag-verkauf","tag-west-schweiz","tag-wohnimmobilien"],"acf":[],"yoast_head":"<!-- This site is optimized with the Yoast SEO plugin v27.4 - https:\/\/yoast.com\/product\/yoast-seo-wordpress\/ -->\n<title>Airesis trennt sich vom Comunus-Fonds - IMMOBILIEN Business<\/title>\n<meta name=\"description\" content=\"Die Investmentgesellschaft Airesis will ihre 40%-Beteiligung am Immobilienfonds Comunus ver\u00e4ussern.\" \/>\n<meta name=\"robots\" content=\"index, follow, max-snippet:-1, max-image-preview:large, max-video-preview:-1\" \/>\n<link rel=\"canonical\" href=\"https:\/\/www.immobilienbusiness.ch\/de\/unternehmen\/2022-06-16\/airesis-trennt-sich-vom-comunus-fonds\/\" \/>\n<meta property=\"og:locale\" content=\"de_DE\" \/>\n<meta property=\"og:type\" content=\"article\" \/>\n<meta property=\"og:title\" content=\"Airesis trennt sich vom Comunus-Fonds - IMMOBILIEN Business\" \/>\n<meta property=\"og:description\" content=\"Die Investmentgesellschaft Airesis will ihre 40%-Beteiligung am Immobilienfonds Comunus ver\u00e4ussern.\" \/>\n<meta property=\"og:url\" content=\"https:\/\/www.immobilienbusiness.ch\/de\/unternehmen\/2022-06-16\/airesis-trennt-sich-vom-comunus-fonds\/\" \/>\n<meta property=\"og:site_name\" content=\"IMMOBILIEN Business\" \/>\n<meta property=\"article:publisher\" content=\"https:\/\/www.facebook.com\/immobilienbusiness\/\" \/>\n<meta property=\"article:published_time\" content=\"2022-06-16T06:50:58+00:00\" \/>\n<meta property=\"og:image\" content=\"https:\/\/www.immobilienbusiness.ch\/wp-content\/uploads\/2022\/04\/architecture-1719526_1280.jpg\" \/>\n\t<meta property=\"og:image:width\" content=\"1145\" \/>\n\t<meta property=\"og:image:height\" content=\"763\" \/>\n\t<meta property=\"og:image:type\" content=\"image\/jpeg\" \/>\n<meta name=\"author\" content=\"anja.hall\" \/>\n<meta name=\"twitter:card\" content=\"summary_large_image\" \/>\n<meta name=\"twitter:image\" content=\"https:\/\/www.immobilienbusiness.ch\/wp-content\/uploads\/2022\/04\/architecture-1719526_1280.jpg\" \/>\n<script type=\"application\/ld+json\" class=\"yoast-schema-graph\">{\"@context\":\"https:\\\/\\\/schema.org\",\"@graph\":[{\"@type\":\"Article\",\"@id\":\"https:\\\/\\\/www.immobilienbusiness.ch\\\/de\\\/unternehmen\\\/2022-06-16\\\/airesis-trennt-sich-vom-comunus-fonds\\\/#article\",\"isPartOf\":{\"@id\":\"https:\\\/\\\/www.immobilienbusiness.ch\\\/de\\\/unternehmen\\\/2022-06-16\\\/airesis-trennt-sich-vom-comunus-fonds\\\/\"},\"author\":{\"name\":\"anja.hall\",\"@id\":\"https:\\\/\\\/www.immobilienbusiness.ch\\\/#\\\/schema\\\/person\\\/3fc036297b10b9f42d6db5ee932af8c8\"},\"headline\":\"Airesis trennt sich vom Comunus-Fonds\",\"datePublished\":\"2022-06-16T06:50:58+00:00\",\"mainEntityOfPage\":{\"@id\":\"https:\\\/\\\/www.immobilienbusiness.ch\\\/de\\\/unternehmen\\\/2022-06-16\\\/airesis-trennt-sich-vom-comunus-fonds\\\/\"},\"wordCount\":136,\"publisher\":{\"@id\":\"https:\\\/\\\/www.immobilienbusiness.ch\\\/#organization\"},\"image\":{\"@id\":\"https:\\\/\\\/www.immobilienbusiness.ch\\\/de\\\/unternehmen\\\/2022-06-16\\\/airesis-trennt-sich-vom-comunus-fonds\\\/#primaryimage\"},\"thumbnailUrl\":\"https:\\\/\\\/www.immobilienbusiness.ch\\\/wp-content\\\/uploads\\\/2022\\\/04\\\/architecture-1719526_1280.jpg\",\"keywords\":[\"Immobilienfonds\",\"Verkauf\",\"West-Schweiz\",\"Wohnimmobilien\"],\"articleSection\":[\"UNTERNEHMEN\"],\"inLanguage\":\"de\"},{\"@type\":\"WebPage\",\"@id\":\"https:\\\/\\\/www.immobilienbusiness.ch\\\/de\\\/unternehmen\\\/2022-06-16\\\/airesis-trennt-sich-vom-comunus-fonds\\\/\",\"url\":\"https:\\\/\\\/www.immobilienbusiness.ch\\\/de\\\/unternehmen\\\/2022-06-16\\\/airesis-trennt-sich-vom-comunus-fonds\\\/\",\"name\":\"Airesis trennt sich vom Comunus-Fonds - IMMOBILIEN Business\",\"isPartOf\":{\"@id\":\"https:\\\/\\\/www.immobilienbusiness.ch\\\/#website\"},\"primaryImageOfPage\":{\"@id\":\"https:\\\/\\\/www.immobilienbusiness.ch\\\/de\\\/unternehmen\\\/2022-06-16\\\/airesis-trennt-sich-vom-comunus-fonds\\\/#primaryimage\"},\"image\":{\"@id\":\"https:\\\/\\\/www.immobilienbusiness.ch\\\/de\\\/unternehmen\\\/2022-06-16\\\/airesis-trennt-sich-vom-comunus-fonds\\\/#primaryimage\"},\"thumbnailUrl\":\"https:\\\/\\\/www.immobilienbusiness.ch\\\/wp-content\\\/uploads\\\/2022\\\/04\\\/architecture-1719526_1280.jpg\",\"datePublished\":\"2022-06-16T06:50:58+00:00\",\"description\":\"Die Investmentgesellschaft Airesis will ihre 40%-Beteiligung am Immobilienfonds Comunus ver\u00e4ussern.\",\"breadcrumb\":{\"@id\":\"https:\\\/\\\/www.immobilienbusiness.ch\\\/de\\\/unternehmen\\\/2022-06-16\\\/airesis-trennt-sich-vom-comunus-fonds\\\/#breadcrumb\"},\"inLanguage\":\"de\",\"potentialAction\":[{\"@type\":\"ReadAction\",\"target\":[\"https:\\\/\\\/www.immobilienbusiness.ch\\\/de\\\/unternehmen\\\/2022-06-16\\\/airesis-trennt-sich-vom-comunus-fonds\\\/\"]}]},{\"@type\":\"ImageObject\",\"inLanguage\":\"de\",\"@id\":\"https:\\\/\\\/www.immobilienbusiness.ch\\\/de\\\/unternehmen\\\/2022-06-16\\\/airesis-trennt-sich-vom-comunus-fonds\\\/#primaryimage\",\"url\":\"https:\\\/\\\/www.immobilienbusiness.ch\\\/wp-content\\\/uploads\\\/2022\\\/04\\\/architecture-1719526_1280.jpg\",\"contentUrl\":\"https:\\\/\\\/www.immobilienbusiness.ch\\\/wp-content\\\/uploads\\\/2022\\\/04\\\/architecture-1719526_1280.jpg\",\"width\":1145,\"height\":763,\"caption\":\"Die Anlagegruppe hat mehrere Wohnliegenschaften erworben (Symbolbild: Michael Gaida - Pixabay).\"},{\"@type\":\"BreadcrumbList\",\"@id\":\"https:\\\/\\\/www.immobilienbusiness.ch\\\/de\\\/unternehmen\\\/2022-06-16\\\/airesis-trennt-sich-vom-comunus-fonds\\\/#breadcrumb\",\"itemListElement\":[{\"@type\":\"ListItem\",\"position\":1,\"name\":\"Home\",\"item\":\"https:\\\/\\\/www.immobilienbusiness.ch\\\/\"},{\"@type\":\"ListItem\",\"position\":2,\"name\":\"Airesis trennt sich vom Comunus-Fonds\"}]},{\"@type\":\"WebSite\",\"@id\":\"https:\\\/\\\/www.immobilienbusiness.ch\\\/#website\",\"url\":\"https:\\\/\\\/www.immobilienbusiness.ch\\\/\",\"name\":\"IMMOBILIEN Business\",\"description\":\"Unabh\u00e4ngiges Schweizer Wirtschaftsmagazin mit Fokus auf Immobilien, Architektur- und Bau sowie Investment- und Finanzierung.\",\"publisher\":{\"@id\":\"https:\\\/\\\/www.immobilienbusiness.ch\\\/#organization\"},\"potentialAction\":[{\"@type\":\"SearchAction\",\"target\":{\"@type\":\"EntryPoint\",\"urlTemplate\":\"https:\\\/\\\/www.immobilienbusiness.ch\\\/?s={search_term_string}\"},\"query-input\":{\"@type\":\"PropertyValueSpecification\",\"valueRequired\":true,\"valueName\":\"search_term_string\"}}],\"inLanguage\":\"de\"},{\"@type\":\"Organization\",\"@id\":\"https:\\\/\\\/www.immobilienbusiness.ch\\\/#organization\",\"name\":\"IMMOBILIEN Business\",\"url\":\"https:\\\/\\\/www.immobilienbusiness.ch\\\/\",\"logo\":{\"@type\":\"ImageObject\",\"inLanguage\":\"de\",\"@id\":\"https:\\\/\\\/www.immobilienbusiness.ch\\\/#\\\/schema\\\/logo\\\/image\\\/\",\"url\":\"https:\\\/\\\/www.immobilienbusiness.ch\\\/wp-content\\\/uploads\\\/2021\\\/07\\\/logo_ib.png\",\"contentUrl\":\"https:\\\/\\\/www.immobilienbusiness.ch\\\/wp-content\\\/uploads\\\/2021\\\/07\\\/logo_ib.png\",\"width\":800,\"height\":181,\"caption\":\"IMMOBILIEN Business\"},\"image\":{\"@id\":\"https:\\\/\\\/www.immobilienbusiness.ch\\\/#\\\/schema\\\/logo\\\/image\\\/\"},\"sameAs\":[\"https:\\\/\\\/www.facebook.com\\\/immobilienbusiness\\\/\"]},{\"@type\":\"Person\",\"@id\":\"https:\\\/\\\/www.immobilienbusiness.ch\\\/#\\\/schema\\\/person\\\/3fc036297b10b9f42d6db5ee932af8c8\",\"name\":\"anja.hall\",\"image\":{\"@type\":\"ImageObject\",\"inLanguage\":\"de\",\"@id\":\"https:\\\/\\\/secure.gravatar.com\\\/avatar\\\/066b5a0d447013502c71a5782f4f3469f03cfe595cc2329fb94652fe47511bfb?s=96&d=mm&r=g\",\"url\":\"https:\\\/\\\/secure.gravatar.com\\\/avatar\\\/066b5a0d447013502c71a5782f4f3469f03cfe595cc2329fb94652fe47511bfb?s=96&d=mm&r=g\",\"contentUrl\":\"https:\\\/\\\/secure.gravatar.com\\\/avatar\\\/066b5a0d447013502c71a5782f4f3469f03cfe595cc2329fb94652fe47511bfb?s=96&d=mm&r=g\",\"caption\":\"anja.hall\"},\"url\":\"https:\\\/\\\/www.immobilienbusiness.ch\\\/de\\\/author\\\/anja-hall\\\/\"}]}<\/script>\n<!-- \/ Yoast SEO plugin. -->","yoast_head_json":{"title":"Airesis trennt sich vom Comunus-Fonds - IMMOBILIEN Business","description":"Die Investmentgesellschaft Airesis will ihre 40%-Beteiligung am Immobilienfonds Comunus ver\u00e4ussern.","robots":{"index":"index","follow":"follow","max-snippet":"max-snippet:-1","max-image-preview":"max-image-preview:large","max-video-preview":"max-video-preview:-1"},"canonical":"https:\/\/www.immobilienbusiness.ch\/de\/unternehmen\/2022-06-16\/airesis-trennt-sich-vom-comunus-fonds\/","og_locale":"de_DE","og_type":"article","og_title":"Airesis trennt sich vom Comunus-Fonds - IMMOBILIEN Business","og_description":"Die Investmentgesellschaft Airesis will ihre 40%-Beteiligung am Immobilienfonds Comunus ver\u00e4ussern.","og_url":"https:\/\/www.immobilienbusiness.ch\/de\/unternehmen\/2022-06-16\/airesis-trennt-sich-vom-comunus-fonds\/","og_site_name":"IMMOBILIEN Business","article_publisher":"https:\/\/www.facebook.com\/immobilienbusiness\/","article_published_time":"2022-06-16T06:50:58+00:00","og_image":[{"width":1145,"height":763,"url":"https:\/\/www.immobilienbusiness.ch\/wp-content\/uploads\/2022\/04\/architecture-1719526_1280.jpg","type":"image\/jpeg"}],"author":"anja.hall","twitter_card":"summary_large_image","twitter_image":"https:\/\/www.immobilienbusiness.ch\/wp-content\/uploads\/2022\/04\/architecture-1719526_1280.jpg","schema":{"@context":"https:\/\/schema.org","@graph":[{"@type":"Article","@id":"https:\/\/www.immobilienbusiness.ch\/de\/unternehmen\/2022-06-16\/airesis-trennt-sich-vom-comunus-fonds\/#article","isPartOf":{"@id":"https:\/\/www.immobilienbusiness.ch\/de\/unternehmen\/2022-06-16\/airesis-trennt-sich-vom-comunus-fonds\/"},"author":{"name":"anja.hall","@id":"https:\/\/www.immobilienbusiness.ch\/#\/schema\/person\/3fc036297b10b9f42d6db5ee932af8c8"},"headline":"Airesis trennt sich vom Comunus-Fonds","datePublished":"2022-06-16T06:50:58+00:00","mainEntityOfPage":{"@id":"https:\/\/www.immobilienbusiness.ch\/de\/unternehmen\/2022-06-16\/airesis-trennt-sich-vom-comunus-fonds\/"},"wordCount":136,"publisher":{"@id":"https:\/\/www.immobilienbusiness.ch\/#organization"},"image":{"@id":"https:\/\/www.immobilienbusiness.ch\/de\/unternehmen\/2022-06-16\/airesis-trennt-sich-vom-comunus-fonds\/#primaryimage"},"thumbnailUrl":"https:\/\/www.immobilienbusiness.ch\/wp-content\/uploads\/2022\/04\/architecture-1719526_1280.jpg","keywords":["Immobilienfonds","Verkauf","West-Schweiz","Wohnimmobilien"],"articleSection":["UNTERNEHMEN"],"inLanguage":"de"},{"@type":"WebPage","@id":"https:\/\/www.immobilienbusiness.ch\/de\/unternehmen\/2022-06-16\/airesis-trennt-sich-vom-comunus-fonds\/","url":"https:\/\/www.immobilienbusiness.ch\/de\/unternehmen\/2022-06-16\/airesis-trennt-sich-vom-comunus-fonds\/","name":"Airesis trennt sich vom Comunus-Fonds - IMMOBILIEN Business","isPartOf":{"@id":"https:\/\/www.immobilienbusiness.ch\/#website"},"primaryImageOfPage":{"@id":"https:\/\/www.immobilienbusiness.ch\/de\/unternehmen\/2022-06-16\/airesis-trennt-sich-vom-comunus-fonds\/#primaryimage"},"image":{"@id":"https:\/\/www.immobilienbusiness.ch\/de\/unternehmen\/2022-06-16\/airesis-trennt-sich-vom-comunus-fonds\/#primaryimage"},"thumbnailUrl":"https:\/\/www.immobilienbusiness.ch\/wp-content\/uploads\/2022\/04\/architecture-1719526_1280.jpg","datePublished":"2022-06-16T06:50:58+00:00","description":"Die Investmentgesellschaft Airesis will ihre 40%-Beteiligung am Immobilienfonds Comunus ver\u00e4ussern.","breadcrumb":{"@id":"https:\/\/www.immobilienbusiness.ch\/de\/unternehmen\/2022-06-16\/airesis-trennt-sich-vom-comunus-fonds\/#breadcrumb"},"inLanguage":"de","potentialAction":[{"@type":"ReadAction","target":["https:\/\/www.immobilienbusiness.ch\/de\/unternehmen\/2022-06-16\/airesis-trennt-sich-vom-comunus-fonds\/"]}]},{"@type":"ImageObject","inLanguage":"de","@id":"https:\/\/www.immobilienbusiness.ch\/de\/unternehmen\/2022-06-16\/airesis-trennt-sich-vom-comunus-fonds\/#primaryimage","url":"https:\/\/www.immobilienbusiness.ch\/wp-content\/uploads\/2022\/04\/architecture-1719526_1280.jpg","contentUrl":"https:\/\/www.immobilienbusiness.ch\/wp-content\/uploads\/2022\/04\/architecture-1719526_1280.jpg","width":1145,"height":763,"caption":"Die Anlagegruppe hat mehrere Wohnliegenschaften erworben (Symbolbild: Michael Gaida - Pixabay)."},{"@type":"BreadcrumbList","@id":"https:\/\/www.immobilienbusiness.ch\/de\/unternehmen\/2022-06-16\/airesis-trennt-sich-vom-comunus-fonds\/#breadcrumb","itemListElement":[{"@type":"ListItem","position":1,"name":"Home","item":"https:\/\/www.immobilienbusiness.ch\/"},{"@type":"ListItem","position":2,"name":"Airesis trennt sich vom Comunus-Fonds"}]},{"@type":"WebSite","@id":"https:\/\/www.immobilienbusiness.ch\/#website","url":"https:\/\/www.immobilienbusiness.ch\/","name":"IMMOBILIEN Business","description":"Unabh\u00e4ngiges Schweizer Wirtschaftsmagazin mit Fokus auf Immobilien, Architektur- und Bau sowie Investment- und Finanzierung.","publisher":{"@id":"https:\/\/www.immobilienbusiness.ch\/#organization"},"potentialAction":[{"@type":"SearchAction","target":{"@type":"EntryPoint","urlTemplate":"https:\/\/www.immobilienbusiness.ch\/?s={search_term_string}"},"query-input":{"@type":"PropertyValueSpecification","valueRequired":true,"valueName":"search_term_string"}}],"inLanguage":"de"},{"@type":"Organization","@id":"https:\/\/www.immobilienbusiness.ch\/#organization","name":"IMMOBILIEN Business","url":"https:\/\/www.immobilienbusiness.ch\/","logo":{"@type":"ImageObject","inLanguage":"de","@id":"https:\/\/www.immobilienbusiness.ch\/#\/schema\/logo\/image\/","url":"https:\/\/www.immobilienbusiness.ch\/wp-content\/uploads\/2021\/07\/logo_ib.png","contentUrl":"https:\/\/www.immobilienbusiness.ch\/wp-content\/uploads\/2021\/07\/logo_ib.png","width":800,"height":181,"caption":"IMMOBILIEN Business"},"image":{"@id":"https:\/\/www.immobilienbusiness.ch\/#\/schema\/logo\/image\/"},"sameAs":["https:\/\/www.facebook.com\/immobilienbusiness\/"]},{"@type":"Person","@id":"https:\/\/www.immobilienbusiness.ch\/#\/schema\/person\/3fc036297b10b9f42d6db5ee932af8c8","name":"anja.hall","image":{"@type":"ImageObject","inLanguage":"de","@id":"https:\/\/secure.gravatar.com\/avatar\/066b5a0d447013502c71a5782f4f3469f03cfe595cc2329fb94652fe47511bfb?s=96&d=mm&r=g","url":"https:\/\/secure.gravatar.com\/avatar\/066b5a0d447013502c71a5782f4f3469f03cfe595cc2329fb94652fe47511bfb?s=96&d=mm&r=g","contentUrl":"https:\/\/secure.gravatar.com\/avatar\/066b5a0d447013502c71a5782f4f3469f03cfe595cc2329fb94652fe47511bfb?s=96&d=mm&r=g","caption":"anja.hall"},"url":"https:\/\/www.immobilienbusiness.ch\/de\/author\/anja-hall\/"}]}},"_links":{"self":[{"href":"https:\/\/www.immobilienbusiness.ch\/de\/wp-json\/wp\/v2\/posts\/42921","targetHints":{"allow":["GET"]}}],"collection":[{"href":"https:\/\/www.immobilienbusiness.ch\/de\/wp-json\/wp\/v2\/posts"}],"about":[{"href":"https:\/\/www.immobilienbusiness.ch\/de\/wp-json\/wp\/v2\/types\/post"}],"author":[{"embeddable":true,"href":"https:\/\/www.immobilienbusiness.ch\/de\/wp-json\/wp\/v2\/users\/3"}],"replies":[{"embeddable":true,"href":"https:\/\/www.immobilienbusiness.ch\/de\/wp-json\/wp\/v2\/comments?post=42921"}],"version-history":[{"count":2,"href":"https:\/\/www.immobilienbusiness.ch\/de\/wp-json\/wp\/v2\/posts\/42921\/revisions"}],"predecessor-version":[{"id":42930,"href":"https:\/\/www.immobilienbusiness.ch\/de\/wp-json\/wp\/v2\/posts\/42921\/revisions\/42930"}],"wp:featuredmedia":[{"embeddable":true,"href":"https:\/\/www.immobilienbusiness.ch\/de\/wp-json\/wp\/v2\/media\/42079"}],"wp:attachment":[{"href":"https:\/\/www.immobilienbusiness.ch\/de\/wp-json\/wp\/v2\/media?parent=42921"}],"wp:term":[{"taxonomy":"category","embeddable":true,"href":"https:\/\/www.immobilienbusiness.ch\/de\/wp-json\/wp\/v2\/categories?post=42921"},{"taxonomy":"post_tag","embeddable":true,"href":"https:\/\/www.immobilienbusiness.ch\/de\/wp-json\/wp\/v2\/tags?post=42921"}],"curies":[{"name":"wp","href":"https:\/\/api.w.org\/{rel}","templated":true}]}}