{"id":42865,"date":"2022-06-10T07:55:21","date_gmt":"2022-06-10T05:55:21","guid":{"rendered":"https:\/\/www.immobilienbusiness.ch\/?p=42865"},"modified":"2022-06-09T19:11:42","modified_gmt":"2022-06-09T17:11:42","slug":"laegern-wohnen-plant-ersatz-fuer-die-siedlung-klosterbruehl","status":"publish","type":"post","link":"https:\/\/www.immobilienbusiness.ch\/de\/regionen\/2022-06-10\/laegern-wohnen-plant-ersatz-fuer-die-siedlung-klosterbruehl\/","title":{"rendered":"L\u00e4gern Wohnen plant Ersatz f\u00fcr die Siedlung Klosterbr\u00fchl"},"content":{"rendered":"<figure id=\"attachment_42866\" aria-describedby=\"caption-attachment-42866\" style=\"width: 2393px\" class=\"wp-caption alignnone\"><a href=\"https:\/\/www.immobilienbusiness.ch\/wp-content\/uploads\/2022\/06\/laegern.jpg\"><img loading=\"lazy\" decoding=\"async\" class=\"size-full wp-image-42866\" src=\"https:\/\/www.immobilienbusiness.ch\/wp-content\/uploads\/2022\/06\/laegern.jpg\" alt=\"\" width=\"2393\" height=\"1595\" srcset=\"https:\/\/www.immobilienbusiness.ch\/wp-content\/uploads\/2022\/06\/laegern.jpg 1200w, https:\/\/www.immobilienbusiness.ch\/wp-content\/uploads\/2022\/06\/laegern-300x200.jpg 300w, https:\/\/www.immobilienbusiness.ch\/wp-content\/uploads\/2022\/06\/laegern-1024x683.jpg 1024w, https:\/\/www.immobilienbusiness.ch\/wp-content\/uploads\/2022\/06\/laegern-768x512.jpg 768w, https:\/\/www.immobilienbusiness.ch\/wp-content\/uploads\/2022\/06\/laegern-1536x1024.jpg 1536w, https:\/\/www.immobilienbusiness.ch\/wp-content\/uploads\/2022\/06\/laegern-2048x1365.jpg 2048w, https:\/\/www.immobilienbusiness.ch\/wp-content\/uploads\/2022\/06\/laegern-18x12.jpg 18w, https:\/\/www.immobilienbusiness.ch\/wp-content\/uploads\/2022\/06\/laegern-263x175.jpg 263w, https:\/\/www.immobilienbusiness.ch\/wp-content\/uploads\/2022\/06\/laegern-525x350.jpg 525w, https:\/\/www.immobilienbusiness.ch\/wp-content\/uploads\/2022\/06\/laegern-920x613.jpg 920w\" sizes=\"auto, (max-width: 2393px) 100vw, 2393px\" \/><\/a><figcaption id=\"caption-attachment-42866\" class=\"wp-caption-text\">Visualisierung des geplanten Neubaus in Wettingen (Quelle: L\u00e4gern Wohnen)<\/figcaption><\/figure>\n<p>Das Klosterbr\u00fchl in Wettingen (AG), eine der \u00e4ltesten Wohnsiedlungen von L\u00e4gern Wohnen, entspricht nicht mehr den heutigen Anspr\u00fcchen. Da eine Renovierung wirtschaftlich nicht sinnvoll ist, soll ein Ersatzneubau erstellt werden. Die Wohnbaugenossenschaft plant daf\u00fcr Investitionen von 110 Mio. CHF; den entsprechenden Kreditvertrag haben die Mitglieder inzwischen beschlossen.<\/p>\n<p>Konkret sollen insgesamt 127 alte Wohnungen abgerissen und 222 neue Wohneinheiten (2,5 bis 5,5 Zimmer) erstellt werden; die Mieten sollen um zehn bis 20 Prozent unter den markt\u00fcblichen Preisen liegen. Die erste Bauetappe ist von 2023 bis 2025 geplant, die zweite und letzte Etappe soll Ende 2027 fertiggestellt sein. In die neue Siedlung wird auch ein Kindergarten integriert. <em>(ah)<\/em><\/p>\n","protected":false},"excerpt":{"rendered":"<p>Die Wohnbaugenossenschaft L\u00e4gern Wohnen will im Klosterbr\u00fchl in Wettingen einen Ersatzneubau f\u00fcr ihre dortige Wohnsiedlung erstellen. <\/p>\n","protected":false},"author":3,"featured_media":42866,"comment_status":"closed","ping_status":"closed","sticky":false,"template":"","format":"standard","meta":{"_acf_changed":false,"_yoast_wpseo_focuskw":"L\u00e4gern","_yoast_wpseo_title":"","_yoast_wpseo_metadesc":"Die Wohnbaugenossenschaft L\u00e4gern Wohnen will im Klosterbr\u00fchl in Wettingen einen Ersatzneubau f\u00fcr ihre dortige Wohnsiedlung erstellen.","_yoast_wpseo_linkdex":60,"pgc_sgb_lightbox_settings":"","footnotes":""},"categories":[985],"tags":[1395,1600,1863],"class_list":["post-42865","post","type-post","status-publish","format-standard","has-post-thumbnail","hentry","category-regionen","tag-kanton-aargau","tag-projekt-in-planung","tag-wohnimmobilien"],"acf":[],"yoast_head":"<!-- This site is optimized with the Yoast SEO plugin v27.5 - https:\/\/yoast.com\/product\/yoast-seo-wordpress\/ -->\n<title>L\u00e4gern Wohnen plant Ersatz f\u00fcr die Siedlung Klosterbr\u00fchl - IMMOBILIEN Business<\/title>\n<meta name=\"description\" content=\"Die Wohnbaugenossenschaft L\u00e4gern Wohnen will im Klosterbr\u00fchl in Wettingen einen Ersatzneubau f\u00fcr ihre dortige Wohnsiedlung erstellen.\" \/>\n<meta name=\"robots\" content=\"index, follow, max-snippet:-1, max-image-preview:large, max-video-preview:-1\" \/>\n<link rel=\"canonical\" href=\"https:\/\/www.immobilienbusiness.ch\/de\/regionen\/2022-06-10\/laegern-wohnen-plant-ersatz-fuer-die-siedlung-klosterbruehl\/\" \/>\n<meta property=\"og:locale\" content=\"de_DE\" \/>\n<meta property=\"og:type\" content=\"article\" \/>\n<meta property=\"og:title\" content=\"L\u00e4gern Wohnen plant Ersatz f\u00fcr die Siedlung Klosterbr\u00fchl - IMMOBILIEN Business\" \/>\n<meta property=\"og:description\" content=\"Die Wohnbaugenossenschaft L\u00e4gern Wohnen will im Klosterbr\u00fchl in Wettingen einen Ersatzneubau f\u00fcr ihre dortige Wohnsiedlung erstellen.\" \/>\n<meta property=\"og:url\" content=\"https:\/\/www.immobilienbusiness.ch\/de\/regionen\/2022-06-10\/laegern-wohnen-plant-ersatz-fuer-die-siedlung-klosterbruehl\/\" \/>\n<meta property=\"og:site_name\" content=\"IMMOBILIEN Business\" \/>\n<meta property=\"article:publisher\" content=\"https:\/\/www.facebook.com\/immobilienbusiness\/\" \/>\n<meta property=\"article:published_time\" content=\"2022-06-10T05:55:21+00:00\" \/>\n<meta property=\"og:image\" content=\"https:\/\/www.immobilienbusiness.ch\/wp-content\/uploads\/2022\/06\/laegern.jpg\" \/>\n\t<meta property=\"og:image:width\" content=\"1200\" \/>\n\t<meta property=\"og:image:height\" content=\"800\" \/>\n\t<meta property=\"og:image:type\" content=\"image\/jpeg\" \/>\n<meta name=\"author\" content=\"anja.hall\" \/>\n<meta name=\"twitter:card\" content=\"summary_large_image\" \/>\n<meta name=\"twitter:image\" content=\"https:\/\/www.immobilienbusiness.ch\/wp-content\/uploads\/2022\/06\/laegern.jpg\" \/>\n<script type=\"application\/ld+json\" class=\"yoast-schema-graph\">{\"@context\":\"https:\\\/\\\/schema.org\",\"@graph\":[{\"@type\":\"Article\",\"@id\":\"https:\\\/\\\/www.immobilienbusiness.ch\\\/en\\\/regionen\\\/2022-06-10\\\/laegern-wohnen-plant-ersatz-fuer-die-siedlung-klosterbruehl\\\/#article\",\"isPartOf\":{\"@id\":\"https:\\\/\\\/www.immobilienbusiness.ch\\\/en\\\/regionen\\\/2022-06-10\\\/laegern-wohnen-plant-ersatz-fuer-die-siedlung-klosterbruehl\\\/\"},\"author\":{\"name\":\"anja.hall\",\"@id\":\"https:\\\/\\\/www.immobilienbusiness.ch\\\/#\\\/schema\\\/person\\\/3fc036297b10b9f42d6db5ee932af8c8\"},\"headline\":\"L\u00e4gern Wohnen plant Ersatz f\u00fcr die Siedlung Klosterbr\u00fchl\",\"datePublished\":\"2022-06-10T05:55:21+00:00\",\"mainEntityOfPage\":{\"@id\":\"https:\\\/\\\/www.immobilienbusiness.ch\\\/en\\\/regionen\\\/2022-06-10\\\/laegern-wohnen-plant-ersatz-fuer-die-siedlung-klosterbruehl\\\/\"},\"wordCount\":130,\"publisher\":{\"@id\":\"https:\\\/\\\/www.immobilienbusiness.ch\\\/#organization\"},\"image\":{\"@id\":\"https:\\\/\\\/www.immobilienbusiness.ch\\\/en\\\/regionen\\\/2022-06-10\\\/laegern-wohnen-plant-ersatz-fuer-die-siedlung-klosterbruehl\\\/#primaryimage\"},\"thumbnailUrl\":\"https:\\\/\\\/www.immobilienbusiness.ch\\\/wp-content\\\/uploads\\\/2022\\\/06\\\/laegern.jpg\",\"keywords\":[\"Kanton Aargau\",\"Projekt in Planung\",\"Wohnimmobilien\"],\"articleSection\":[\"REGIONEN\"],\"inLanguage\":\"de\"},{\"@type\":\"WebPage\",\"@id\":\"https:\\\/\\\/www.immobilienbusiness.ch\\\/en\\\/regionen\\\/2022-06-10\\\/laegern-wohnen-plant-ersatz-fuer-die-siedlung-klosterbruehl\\\/\",\"url\":\"https:\\\/\\\/www.immobilienbusiness.ch\\\/en\\\/regionen\\\/2022-06-10\\\/laegern-wohnen-plant-ersatz-fuer-die-siedlung-klosterbruehl\\\/\",\"name\":\"L\u00e4gern Wohnen plant Ersatz f\u00fcr die Siedlung Klosterbr\u00fchl - IMMOBILIEN Business\",\"isPartOf\":{\"@id\":\"https:\\\/\\\/www.immobilienbusiness.ch\\\/#website\"},\"primaryImageOfPage\":{\"@id\":\"https:\\\/\\\/www.immobilienbusiness.ch\\\/en\\\/regionen\\\/2022-06-10\\\/laegern-wohnen-plant-ersatz-fuer-die-siedlung-klosterbruehl\\\/#primaryimage\"},\"image\":{\"@id\":\"https:\\\/\\\/www.immobilienbusiness.ch\\\/en\\\/regionen\\\/2022-06-10\\\/laegern-wohnen-plant-ersatz-fuer-die-siedlung-klosterbruehl\\\/#primaryimage\"},\"thumbnailUrl\":\"https:\\\/\\\/www.immobilienbusiness.ch\\\/wp-content\\\/uploads\\\/2022\\\/06\\\/laegern.jpg\",\"datePublished\":\"2022-06-10T05:55:21+00:00\",\"description\":\"Die Wohnbaugenossenschaft L\u00e4gern Wohnen will im Klosterbr\u00fchl in Wettingen einen Ersatzneubau f\u00fcr ihre dortige Wohnsiedlung erstellen.\",\"breadcrumb\":{\"@id\":\"https:\\\/\\\/www.immobilienbusiness.ch\\\/en\\\/regionen\\\/2022-06-10\\\/laegern-wohnen-plant-ersatz-fuer-die-siedlung-klosterbruehl\\\/#breadcrumb\"},\"inLanguage\":\"de\",\"potentialAction\":[{\"@type\":\"ReadAction\",\"target\":[\"https:\\\/\\\/www.immobilienbusiness.ch\\\/en\\\/regionen\\\/2022-06-10\\\/laegern-wohnen-plant-ersatz-fuer-die-siedlung-klosterbruehl\\\/\"]}]},{\"@type\":\"ImageObject\",\"inLanguage\":\"de\",\"@id\":\"https:\\\/\\\/www.immobilienbusiness.ch\\\/en\\\/regionen\\\/2022-06-10\\\/laegern-wohnen-plant-ersatz-fuer-die-siedlung-klosterbruehl\\\/#primaryimage\",\"url\":\"https:\\\/\\\/www.immobilienbusiness.ch\\\/wp-content\\\/uploads\\\/2022\\\/06\\\/laegern.jpg\",\"contentUrl\":\"https:\\\/\\\/www.immobilienbusiness.ch\\\/wp-content\\\/uploads\\\/2022\\\/06\\\/laegern.jpg\",\"width\":1200,\"height\":800,\"caption\":\"Visualisierung des geplanten Neubaus in Wettingen (Quelle: L\u00e4gern Wohnen)\"},{\"@type\":\"BreadcrumbList\",\"@id\":\"https:\\\/\\\/www.immobilienbusiness.ch\\\/en\\\/regionen\\\/2022-06-10\\\/laegern-wohnen-plant-ersatz-fuer-die-siedlung-klosterbruehl\\\/#breadcrumb\",\"itemListElement\":[{\"@type\":\"ListItem\",\"position\":1,\"name\":\"Home\",\"item\":\"https:\\\/\\\/www.immobilienbusiness.ch\\\/\"},{\"@type\":\"ListItem\",\"position\":2,\"name\":\"L\u00e4gern Wohnen plant Ersatz f\u00fcr die Siedlung Klosterbr\u00fchl\"}]},{\"@type\":\"WebSite\",\"@id\":\"https:\\\/\\\/www.immobilienbusiness.ch\\\/#website\",\"url\":\"https:\\\/\\\/www.immobilienbusiness.ch\\\/\",\"name\":\"IMMOBILIEN Business\",\"description\":\"Unabh\u00e4ngiges Schweizer Wirtschaftsmagazin mit Fokus auf Immobilien, Architektur- und Bau sowie Investment- und Finanzierung.\",\"publisher\":{\"@id\":\"https:\\\/\\\/www.immobilienbusiness.ch\\\/#organization\"},\"potentialAction\":[{\"@type\":\"SearchAction\",\"target\":{\"@type\":\"EntryPoint\",\"urlTemplate\":\"https:\\\/\\\/www.immobilienbusiness.ch\\\/?s={search_term_string}\"},\"query-input\":{\"@type\":\"PropertyValueSpecification\",\"valueRequired\":true,\"valueName\":\"search_term_string\"}}],\"inLanguage\":\"de\"},{\"@type\":\"Organization\",\"@id\":\"https:\\\/\\\/www.immobilienbusiness.ch\\\/#organization\",\"name\":\"IMMOBILIEN Business\",\"url\":\"https:\\\/\\\/www.immobilienbusiness.ch\\\/\",\"logo\":{\"@type\":\"ImageObject\",\"inLanguage\":\"de\",\"@id\":\"https:\\\/\\\/www.immobilienbusiness.ch\\\/#\\\/schema\\\/logo\\\/image\\\/\",\"url\":\"https:\\\/\\\/www.immobilienbusiness.ch\\\/wp-content\\\/uploads\\\/2021\\\/07\\\/logo_ib.png\",\"contentUrl\":\"https:\\\/\\\/www.immobilienbusiness.ch\\\/wp-content\\\/uploads\\\/2021\\\/07\\\/logo_ib.png\",\"width\":800,\"height\":181,\"caption\":\"IMMOBILIEN Business\"},\"image\":{\"@id\":\"https:\\\/\\\/www.immobilienbusiness.ch\\\/#\\\/schema\\\/logo\\\/image\\\/\"},\"sameAs\":[\"https:\\\/\\\/www.facebook.com\\\/immobilienbusiness\\\/\"]},{\"@type\":\"Person\",\"@id\":\"https:\\\/\\\/www.immobilienbusiness.ch\\\/#\\\/schema\\\/person\\\/3fc036297b10b9f42d6db5ee932af8c8\",\"name\":\"anja.hall\",\"image\":{\"@type\":\"ImageObject\",\"inLanguage\":\"de\",\"@id\":\"https:\\\/\\\/secure.gravatar.com\\\/avatar\\\/066b5a0d447013502c71a5782f4f3469f03cfe595cc2329fb94652fe47511bfb?s=96&d=mm&r=g\",\"url\":\"https:\\\/\\\/secure.gravatar.com\\\/avatar\\\/066b5a0d447013502c71a5782f4f3469f03cfe595cc2329fb94652fe47511bfb?s=96&d=mm&r=g\",\"contentUrl\":\"https:\\\/\\\/secure.gravatar.com\\\/avatar\\\/066b5a0d447013502c71a5782f4f3469f03cfe595cc2329fb94652fe47511bfb?s=96&d=mm&r=g\",\"caption\":\"anja.hall\"},\"url\":\"https:\\\/\\\/www.immobilienbusiness.ch\\\/de\\\/author\\\/anja-hall\\\/\"}]}<\/script>\n<!-- \/ Yoast SEO plugin. -->","yoast_head_json":{"title":"L\u00e4gern Wohnen plant Ersatz f\u00fcr die Siedlung Klosterbr\u00fchl - IMMOBILIEN Business","description":"Die Wohnbaugenossenschaft L\u00e4gern Wohnen will im Klosterbr\u00fchl in Wettingen einen Ersatzneubau f\u00fcr ihre dortige Wohnsiedlung erstellen.","robots":{"index":"index","follow":"follow","max-snippet":"max-snippet:-1","max-image-preview":"max-image-preview:large","max-video-preview":"max-video-preview:-1"},"canonical":"https:\/\/www.immobilienbusiness.ch\/de\/regionen\/2022-06-10\/laegern-wohnen-plant-ersatz-fuer-die-siedlung-klosterbruehl\/","og_locale":"de_DE","og_type":"article","og_title":"L\u00e4gern Wohnen plant Ersatz f\u00fcr die Siedlung Klosterbr\u00fchl - IMMOBILIEN Business","og_description":"Die Wohnbaugenossenschaft L\u00e4gern Wohnen will im Klosterbr\u00fchl in Wettingen einen Ersatzneubau f\u00fcr ihre dortige Wohnsiedlung erstellen.","og_url":"https:\/\/www.immobilienbusiness.ch\/de\/regionen\/2022-06-10\/laegern-wohnen-plant-ersatz-fuer-die-siedlung-klosterbruehl\/","og_site_name":"IMMOBILIEN Business","article_publisher":"https:\/\/www.facebook.com\/immobilienbusiness\/","article_published_time":"2022-06-10T05:55:21+00:00","og_image":[{"width":1200,"height":800,"url":"https:\/\/www.immobilienbusiness.ch\/wp-content\/uploads\/2022\/06\/laegern.jpg","type":"image\/jpeg"}],"author":"anja.hall","twitter_card":"summary_large_image","twitter_image":"https:\/\/www.immobilienbusiness.ch\/wp-content\/uploads\/2022\/06\/laegern.jpg","schema":{"@context":"https:\/\/schema.org","@graph":[{"@type":"Article","@id":"https:\/\/www.immobilienbusiness.ch\/en\/regionen\/2022-06-10\/laegern-wohnen-plant-ersatz-fuer-die-siedlung-klosterbruehl\/#article","isPartOf":{"@id":"https:\/\/www.immobilienbusiness.ch\/en\/regionen\/2022-06-10\/laegern-wohnen-plant-ersatz-fuer-die-siedlung-klosterbruehl\/"},"author":{"name":"anja.hall","@id":"https:\/\/www.immobilienbusiness.ch\/#\/schema\/person\/3fc036297b10b9f42d6db5ee932af8c8"},"headline":"L\u00e4gern Wohnen plant Ersatz f\u00fcr die Siedlung Klosterbr\u00fchl","datePublished":"2022-06-10T05:55:21+00:00","mainEntityOfPage":{"@id":"https:\/\/www.immobilienbusiness.ch\/en\/regionen\/2022-06-10\/laegern-wohnen-plant-ersatz-fuer-die-siedlung-klosterbruehl\/"},"wordCount":130,"publisher":{"@id":"https:\/\/www.immobilienbusiness.ch\/#organization"},"image":{"@id":"https:\/\/www.immobilienbusiness.ch\/en\/regionen\/2022-06-10\/laegern-wohnen-plant-ersatz-fuer-die-siedlung-klosterbruehl\/#primaryimage"},"thumbnailUrl":"https:\/\/www.immobilienbusiness.ch\/wp-content\/uploads\/2022\/06\/laegern.jpg","keywords":["Kanton Aargau","Projekt in Planung","Wohnimmobilien"],"articleSection":["REGIONEN"],"inLanguage":"de"},{"@type":"WebPage","@id":"https:\/\/www.immobilienbusiness.ch\/en\/regionen\/2022-06-10\/laegern-wohnen-plant-ersatz-fuer-die-siedlung-klosterbruehl\/","url":"https:\/\/www.immobilienbusiness.ch\/en\/regionen\/2022-06-10\/laegern-wohnen-plant-ersatz-fuer-die-siedlung-klosterbruehl\/","name":"L\u00e4gern Wohnen plant Ersatz f\u00fcr die Siedlung Klosterbr\u00fchl - IMMOBILIEN Business","isPartOf":{"@id":"https:\/\/www.immobilienbusiness.ch\/#website"},"primaryImageOfPage":{"@id":"https:\/\/www.immobilienbusiness.ch\/en\/regionen\/2022-06-10\/laegern-wohnen-plant-ersatz-fuer-die-siedlung-klosterbruehl\/#primaryimage"},"image":{"@id":"https:\/\/www.immobilienbusiness.ch\/en\/regionen\/2022-06-10\/laegern-wohnen-plant-ersatz-fuer-die-siedlung-klosterbruehl\/#primaryimage"},"thumbnailUrl":"https:\/\/www.immobilienbusiness.ch\/wp-content\/uploads\/2022\/06\/laegern.jpg","datePublished":"2022-06-10T05:55:21+00:00","description":"Die Wohnbaugenossenschaft L\u00e4gern Wohnen will im Klosterbr\u00fchl in Wettingen einen Ersatzneubau f\u00fcr ihre dortige Wohnsiedlung erstellen.","breadcrumb":{"@id":"https:\/\/www.immobilienbusiness.ch\/en\/regionen\/2022-06-10\/laegern-wohnen-plant-ersatz-fuer-die-siedlung-klosterbruehl\/#breadcrumb"},"inLanguage":"de","potentialAction":[{"@type":"ReadAction","target":["https:\/\/www.immobilienbusiness.ch\/en\/regionen\/2022-06-10\/laegern-wohnen-plant-ersatz-fuer-die-siedlung-klosterbruehl\/"]}]},{"@type":"ImageObject","inLanguage":"de","@id":"https:\/\/www.immobilienbusiness.ch\/en\/regionen\/2022-06-10\/laegern-wohnen-plant-ersatz-fuer-die-siedlung-klosterbruehl\/#primaryimage","url":"https:\/\/www.immobilienbusiness.ch\/wp-content\/uploads\/2022\/06\/laegern.jpg","contentUrl":"https:\/\/www.immobilienbusiness.ch\/wp-content\/uploads\/2022\/06\/laegern.jpg","width":1200,"height":800,"caption":"Visualisierung des geplanten Neubaus in Wettingen (Quelle: L\u00e4gern Wohnen)"},{"@type":"BreadcrumbList","@id":"https:\/\/www.immobilienbusiness.ch\/en\/regionen\/2022-06-10\/laegern-wohnen-plant-ersatz-fuer-die-siedlung-klosterbruehl\/#breadcrumb","itemListElement":[{"@type":"ListItem","position":1,"name":"Home","item":"https:\/\/www.immobilienbusiness.ch\/"},{"@type":"ListItem","position":2,"name":"L\u00e4gern Wohnen plant Ersatz f\u00fcr die Siedlung Klosterbr\u00fchl"}]},{"@type":"WebSite","@id":"https:\/\/www.immobilienbusiness.ch\/#website","url":"https:\/\/www.immobilienbusiness.ch\/","name":"IMMOBILIEN Business","description":"Unabh\u00e4ngiges Schweizer Wirtschaftsmagazin mit Fokus auf Immobilien, Architektur- und Bau sowie Investment- und Finanzierung.","publisher":{"@id":"https:\/\/www.immobilienbusiness.ch\/#organization"},"potentialAction":[{"@type":"SearchAction","target":{"@type":"EntryPoint","urlTemplate":"https:\/\/www.immobilienbusiness.ch\/?s={search_term_string}"},"query-input":{"@type":"PropertyValueSpecification","valueRequired":true,"valueName":"search_term_string"}}],"inLanguage":"de"},{"@type":"Organization","@id":"https:\/\/www.immobilienbusiness.ch\/#organization","name":"IMMOBILIEN Business","url":"https:\/\/www.immobilienbusiness.ch\/","logo":{"@type":"ImageObject","inLanguage":"de","@id":"https:\/\/www.immobilienbusiness.ch\/#\/schema\/logo\/image\/","url":"https:\/\/www.immobilienbusiness.ch\/wp-content\/uploads\/2021\/07\/logo_ib.png","contentUrl":"https:\/\/www.immobilienbusiness.ch\/wp-content\/uploads\/2021\/07\/logo_ib.png","width":800,"height":181,"caption":"IMMOBILIEN Business"},"image":{"@id":"https:\/\/www.immobilienbusiness.ch\/#\/schema\/logo\/image\/"},"sameAs":["https:\/\/www.facebook.com\/immobilienbusiness\/"]},{"@type":"Person","@id":"https:\/\/www.immobilienbusiness.ch\/#\/schema\/person\/3fc036297b10b9f42d6db5ee932af8c8","name":"anja.hall","image":{"@type":"ImageObject","inLanguage":"de","@id":"https:\/\/secure.gravatar.com\/avatar\/066b5a0d447013502c71a5782f4f3469f03cfe595cc2329fb94652fe47511bfb?s=96&d=mm&r=g","url":"https:\/\/secure.gravatar.com\/avatar\/066b5a0d447013502c71a5782f4f3469f03cfe595cc2329fb94652fe47511bfb?s=96&d=mm&r=g","contentUrl":"https:\/\/secure.gravatar.com\/avatar\/066b5a0d447013502c71a5782f4f3469f03cfe595cc2329fb94652fe47511bfb?s=96&d=mm&r=g","caption":"anja.hall"},"url":"https:\/\/www.immobilienbusiness.ch\/de\/author\/anja-hall\/"}]}},"_links":{"self":[{"href":"https:\/\/www.immobilienbusiness.ch\/de\/wp-json\/wp\/v2\/posts\/42865","targetHints":{"allow":["GET"]}}],"collection":[{"href":"https:\/\/www.immobilienbusiness.ch\/de\/wp-json\/wp\/v2\/posts"}],"about":[{"href":"https:\/\/www.immobilienbusiness.ch\/de\/wp-json\/wp\/v2\/types\/post"}],"author":[{"embeddable":true,"href":"https:\/\/www.immobilienbusiness.ch\/de\/wp-json\/wp\/v2\/users\/3"}],"replies":[{"embeddable":true,"href":"https:\/\/www.immobilienbusiness.ch\/de\/wp-json\/wp\/v2\/comments?post=42865"}],"version-history":[{"count":1,"href":"https:\/\/www.immobilienbusiness.ch\/de\/wp-json\/wp\/v2\/posts\/42865\/revisions"}],"predecessor-version":[{"id":42867,"href":"https:\/\/www.immobilienbusiness.ch\/de\/wp-json\/wp\/v2\/posts\/42865\/revisions\/42867"}],"wp:featuredmedia":[{"embeddable":true,"href":"https:\/\/www.immobilienbusiness.ch\/de\/wp-json\/wp\/v2\/media\/42866"}],"wp:attachment":[{"href":"https:\/\/www.immobilienbusiness.ch\/de\/wp-json\/wp\/v2\/media?parent=42865"}],"wp:term":[{"taxonomy":"category","embeddable":true,"href":"https:\/\/www.immobilienbusiness.ch\/de\/wp-json\/wp\/v2\/categories?post=42865"},{"taxonomy":"post_tag","embeddable":true,"href":"https:\/\/www.immobilienbusiness.ch\/de\/wp-json\/wp\/v2\/tags?post=42865"}],"curies":[{"name":"wp","href":"https:\/\/api.w.org\/{rel}","templated":true}]}}