{"id":42831,"date":"2022-06-08T07:54:16","date_gmt":"2022-06-08T05:54:16","guid":{"rendered":"https:\/\/www.immobilienbusiness.ch\/?p=42831"},"modified":"2023-07-31T14:08:47","modified_gmt":"2023-07-31T12:08:47","slug":"emission-fuer-den-credit-suisse-logistikfonds-in-aussicht","status":"publish","type":"post","link":"https:\/\/www.immobilienbusiness.ch\/de\/unternehmen\/2022-06-08\/emission-fuer-den-credit-suisse-logistikfonds-in-aussicht\/","title":{"rendered":"Emission f\u00fcr den Credit-Suisse-Logistikfonds in Aussicht"},"content":{"rendered":"<figure id=\"attachment_6053\" aria-describedby=\"caption-attachment-6053\" style=\"width: 2000px\" class=\"wp-caption alignnone\"><a href=\"https:\/\/www.immobilienbusiness.ch\/wp-content\/uploads\/2017\/01\/Depositphotos_64056199_l-2015.jpg\"><img loading=\"lazy\" decoding=\"async\" class=\"wp-image-6053 size-full\" src=\"https:\/\/www.immobilienbusiness.ch\/wp-content\/uploads\/2017\/01\/Depositphotos_64056199_l-2015.jpg\" alt=\"CS REF\" width=\"2000\" height=\"1339\" srcset=\"https:\/\/www.immobilienbusiness.ch\/wp-content\/uploads\/2017\/01\/Depositphotos_64056199_l-2015.jpg 2000w, https:\/\/www.immobilienbusiness.ch\/wp-content\/uploads\/2017\/01\/Depositphotos_64056199_l-2015-300x201.jpg 300w, https:\/\/www.immobilienbusiness.ch\/wp-content\/uploads\/2017\/01\/Depositphotos_64056199_l-2015-1024x686.jpg 1024w, https:\/\/www.immobilienbusiness.ch\/wp-content\/uploads\/2017\/01\/Depositphotos_64056199_l-2015-768x514.jpg 768w, https:\/\/www.immobilienbusiness.ch\/wp-content\/uploads\/2017\/01\/Depositphotos_64056199_l-2015-1536x1028.jpg 1536w, https:\/\/www.immobilienbusiness.ch\/wp-content\/uploads\/2017\/01\/Depositphotos_64056199_l-2015-16x12.jpg 16w, https:\/\/www.immobilienbusiness.ch\/wp-content\/uploads\/2017\/01\/Depositphotos_64056199_l-2015-261x175.jpg 261w, https:\/\/www.immobilienbusiness.ch\/wp-content\/uploads\/2017\/01\/Depositphotos_64056199_l-2015-523x350.jpg 523w, https:\/\/www.immobilienbusiness.ch\/wp-content\/uploads\/2017\/01\/Depositphotos_64056199_l-2015-1195x800.jpg 1195w, https:\/\/www.immobilienbusiness.ch\/wp-content\/uploads\/2017\/01\/Depositphotos_64056199_l-2015-920x616.jpg 920w, https:\/\/www.immobilienbusiness.ch\/wp-content\/uploads\/2017\/01\/Depositphotos_64056199_l-2015-1400x937.jpg 1400w\" sizes=\"auto, (max-width: 2000px) 100vw, 2000px\" \/><\/a><figcaption id=\"caption-attachment-6053\" class=\"wp-caption-text\">Der CS REF Logisticsplus plant eine Kapitalerh\u00f6hung (Foto: valphoto &#8211; deposit photos)<\/figcaption><\/figure>\n<p>Wie Credit Suisse Asset Management mitteilt, wird eine Emission f\u00fcr den Credit Suisse Real Estate Fund Logisticsplus gepr\u00fcft. Die Kapitalmassnahme soll im dritten Quartal dieses Jahres durchgef\u00fchrt werden und dem Fonds 100 bis 150 Mio. CHF in die Kasse sp\u00fclen. Die Mittel sollen dazu verwendet werden, das Immobilienportfolio auszubauen und zu diversifizieren.<\/p>\n<p>Informationen zur Transaktion wie Volumen, Ausgabepreis und Bezugsverh\u00e4ltnis will Credit Suisse Asset Management kurz vor der Kapitalerh\u00f6hung bekanntgeben.<\/p>\n<p>Der CS REF Logisticsplus investiert in Logistik- und logistiknahe Immobilien in der Schweiz. Er richtet sich an private und institutionelle Anleger. <em>(ah)<\/em><\/p>\n","protected":false},"excerpt":{"rendered":"<p>F\u00fcr den Immobilienfonds Credit Suisse Real Estate Fund Logisticsplus soll im Herbst eine Kapitalerh\u00f6hung durchgef\u00fchrt werden. Das Volumen wird laut Fondsleitung zwischen 100 und 150 Mio. CHF liegen.<\/p>\n","protected":false},"author":3,"featured_media":8786,"comment_status":"closed","ping_status":"closed","sticky":false,"template":"","format":"standard","meta":{"_acf_changed":false,"_yoast_wpseo_focuskw":"CS REF","_yoast_wpseo_title":"","_yoast_wpseo_metadesc":"F\u00fcr den Immobilienfonds Credit Suisse Real Estate Fund Logisticsplus soll im Herbst eine Kapitalerh\u00f6hung durchgef\u00fchrt werden.","_yoast_wpseo_linkdex":50,"pgc_sgb_lightbox_settings":"","footnotes":""},"categories":[988],"tags":[1146,1344,1412,1452],"class_list":["post-42831","post","type-post","status-publish","format-standard","has-post-thumbnail","hentry","category-unternehmen","tag-credit-suisse","tag-immobilienfonds","tag-kapitalerhoehung","tag-logistikimmobilien"],"acf":[],"yoast_head":"<!-- This site is optimized with the Yoast SEO plugin v27.4 - https:\/\/yoast.com\/product\/yoast-seo-wordpress\/ -->\n<title>Emission f\u00fcr den Credit-Suisse-Logistikfonds in Aussicht - IMMOBILIEN Business<\/title>\n<meta name=\"description\" content=\"F\u00fcr den Immobilienfonds Credit Suisse Real Estate Fund Logisticsplus soll im Herbst eine Kapitalerh\u00f6hung durchgef\u00fchrt werden.\" \/>\n<meta name=\"robots\" content=\"index, follow, max-snippet:-1, max-image-preview:large, max-video-preview:-1\" \/>\n<link rel=\"canonical\" href=\"https:\/\/www.immobilienbusiness.ch\/de\/unternehmen\/2022-06-08\/emission-fuer-den-credit-suisse-logistikfonds-in-aussicht\/\" \/>\n<meta property=\"og:locale\" content=\"de_DE\" \/>\n<meta property=\"og:type\" content=\"article\" \/>\n<meta property=\"og:title\" content=\"Emission f\u00fcr den Credit-Suisse-Logistikfonds in Aussicht - IMMOBILIEN Business\" \/>\n<meta property=\"og:description\" content=\"F\u00fcr den Immobilienfonds Credit Suisse Real Estate Fund Logisticsplus soll im Herbst eine Kapitalerh\u00f6hung durchgef\u00fchrt werden.\" \/>\n<meta property=\"og:url\" content=\"https:\/\/www.immobilienbusiness.ch\/de\/unternehmen\/2022-06-08\/emission-fuer-den-credit-suisse-logistikfonds-in-aussicht\/\" \/>\n<meta property=\"og:site_name\" content=\"IMMOBILIEN Business\" \/>\n<meta property=\"article:publisher\" content=\"https:\/\/www.facebook.com\/immobilienbusiness\/\" \/>\n<meta property=\"article:published_time\" content=\"2022-06-08T05:54:16+00:00\" \/>\n<meta property=\"article:modified_time\" content=\"2023-07-31T12:08:47+00:00\" \/>\n<meta property=\"og:image\" content=\"https:\/\/www.immobilienbusiness.ch\/wp-content\/uploads\/2017\/08\/IB-News-22082017-SFPI-vorlaeufige-Halbjahreszahlen_Depositphotos_64056199.jpg\" \/>\n\t<meta property=\"og:image:width\" content=\"680\" \/>\n\t<meta property=\"og:image:height\" content=\"455\" \/>\n\t<meta property=\"og:image:type\" content=\"image\/jpeg\" \/>\n<meta name=\"author\" content=\"anja.hall\" \/>\n<meta name=\"twitter:card\" content=\"summary_large_image\" \/>\n<meta name=\"twitter:image\" content=\"https:\/\/www.immobilienbusiness.ch\/wp-content\/uploads\/2017\/08\/IB-News-22082017-SFPI-vorlaeufige-Halbjahreszahlen_Depositphotos_64056199.jpg\" \/>\n<script type=\"application\/ld+json\" class=\"yoast-schema-graph\">{\"@context\":\"https:\\\/\\\/schema.org\",\"@graph\":[{\"@type\":\"Article\",\"@id\":\"https:\\\/\\\/www.immobilienbusiness.ch\\\/unternehmen\\\/2022-06-08\\\/emission-fuer-den-credit-suisse-logistikfonds-in-aussicht\\\/#article\",\"isPartOf\":{\"@id\":\"https:\\\/\\\/www.immobilienbusiness.ch\\\/unternehmen\\\/2022-06-08\\\/emission-fuer-den-credit-suisse-logistikfonds-in-aussicht\\\/\"},\"author\":{\"name\":\"anja.hall\",\"@id\":\"https:\\\/\\\/www.immobilienbusiness.ch\\\/#\\\/schema\\\/person\\\/3fc036297b10b9f42d6db5ee932af8c8\"},\"headline\":\"Emission f\u00fcr den Credit-Suisse-Logistikfonds in Aussicht\",\"datePublished\":\"2022-06-08T05:54:16+00:00\",\"dateModified\":\"2023-07-31T12:08:47+00:00\",\"mainEntityOfPage\":{\"@id\":\"https:\\\/\\\/www.immobilienbusiness.ch\\\/unternehmen\\\/2022-06-08\\\/emission-fuer-den-credit-suisse-logistikfonds-in-aussicht\\\/\"},\"wordCount\":123,\"publisher\":{\"@id\":\"https:\\\/\\\/www.immobilienbusiness.ch\\\/#organization\"},\"image\":{\"@id\":\"https:\\\/\\\/www.immobilienbusiness.ch\\\/unternehmen\\\/2022-06-08\\\/emission-fuer-den-credit-suisse-logistikfonds-in-aussicht\\\/#primaryimage\"},\"thumbnailUrl\":\"https:\\\/\\\/www.immobilienbusiness.ch\\\/wp-content\\\/uploads\\\/2017\\\/08\\\/IB-News-22082017-SFPI-vorlaeufige-Halbjahreszahlen_Depositphotos_64056199.jpg\",\"keywords\":[\"Credit Suisse\",\"Immobilienfonds\",\"Kapitalerh\u00f6hung\",\"Logistikimmobilien\"],\"articleSection\":[\"UNTERNEHMEN\"],\"inLanguage\":\"de\"},{\"@type\":\"WebPage\",\"@id\":\"https:\\\/\\\/www.immobilienbusiness.ch\\\/unternehmen\\\/2022-06-08\\\/emission-fuer-den-credit-suisse-logistikfonds-in-aussicht\\\/\",\"url\":\"https:\\\/\\\/www.immobilienbusiness.ch\\\/unternehmen\\\/2022-06-08\\\/emission-fuer-den-credit-suisse-logistikfonds-in-aussicht\\\/\",\"name\":\"Emission f\u00fcr den Credit-Suisse-Logistikfonds in Aussicht - IMMOBILIEN Business\",\"isPartOf\":{\"@id\":\"https:\\\/\\\/www.immobilienbusiness.ch\\\/#website\"},\"primaryImageOfPage\":{\"@id\":\"https:\\\/\\\/www.immobilienbusiness.ch\\\/unternehmen\\\/2022-06-08\\\/emission-fuer-den-credit-suisse-logistikfonds-in-aussicht\\\/#primaryimage\"},\"image\":{\"@id\":\"https:\\\/\\\/www.immobilienbusiness.ch\\\/unternehmen\\\/2022-06-08\\\/emission-fuer-den-credit-suisse-logistikfonds-in-aussicht\\\/#primaryimage\"},\"thumbnailUrl\":\"https:\\\/\\\/www.immobilienbusiness.ch\\\/wp-content\\\/uploads\\\/2017\\\/08\\\/IB-News-22082017-SFPI-vorlaeufige-Halbjahreszahlen_Depositphotos_64056199.jpg\",\"datePublished\":\"2022-06-08T05:54:16+00:00\",\"dateModified\":\"2023-07-31T12:08:47+00:00\",\"description\":\"F\u00fcr den Immobilienfonds Credit Suisse Real Estate Fund Logisticsplus soll im Herbst eine Kapitalerh\u00f6hung durchgef\u00fchrt werden.\",\"breadcrumb\":{\"@id\":\"https:\\\/\\\/www.immobilienbusiness.ch\\\/unternehmen\\\/2022-06-08\\\/emission-fuer-den-credit-suisse-logistikfonds-in-aussicht\\\/#breadcrumb\"},\"inLanguage\":\"de\",\"potentialAction\":[{\"@type\":\"ReadAction\",\"target\":[\"https:\\\/\\\/www.immobilienbusiness.ch\\\/unternehmen\\\/2022-06-08\\\/emission-fuer-den-credit-suisse-logistikfonds-in-aussicht\\\/\"]}]},{\"@type\":\"ImageObject\",\"inLanguage\":\"de\",\"@id\":\"https:\\\/\\\/www.immobilienbusiness.ch\\\/unternehmen\\\/2022-06-08\\\/emission-fuer-den-credit-suisse-logistikfonds-in-aussicht\\\/#primaryimage\",\"url\":\"https:\\\/\\\/www.immobilienbusiness.ch\\\/wp-content\\\/uploads\\\/2017\\\/08\\\/IB-News-22082017-SFPI-vorlaeufige-Halbjahreszahlen_Depositphotos_64056199.jpg\",\"contentUrl\":\"https:\\\/\\\/www.immobilienbusiness.ch\\\/wp-content\\\/uploads\\\/2017\\\/08\\\/IB-News-22082017-SFPI-vorlaeufige-Halbjahreszahlen_Depositphotos_64056199.jpg\",\"width\":680,\"height\":455,\"caption\":\"Der Swiss Real Estate Fund von Patrimonium hat seine Jahreszahlen pr\u00e4sentiert (Foto: valphoto \u2013 deposit photos)\"},{\"@type\":\"BreadcrumbList\",\"@id\":\"https:\\\/\\\/www.immobilienbusiness.ch\\\/unternehmen\\\/2022-06-08\\\/emission-fuer-den-credit-suisse-logistikfonds-in-aussicht\\\/#breadcrumb\",\"itemListElement\":[{\"@type\":\"ListItem\",\"position\":1,\"name\":\"Home\",\"item\":\"https:\\\/\\\/www.immobilienbusiness.ch\\\/\"},{\"@type\":\"ListItem\",\"position\":2,\"name\":\"Emission f\u00fcr den Credit-Suisse-Logistikfonds in Aussicht\"}]},{\"@type\":\"WebSite\",\"@id\":\"https:\\\/\\\/www.immobilienbusiness.ch\\\/#website\",\"url\":\"https:\\\/\\\/www.immobilienbusiness.ch\\\/\",\"name\":\"IMMOBILIEN Business\",\"description\":\"Unabh\u00e4ngiges Schweizer Wirtschaftsmagazin mit Fokus auf Immobilien, Architektur- und Bau sowie Investment- und Finanzierung.\",\"publisher\":{\"@id\":\"https:\\\/\\\/www.immobilienbusiness.ch\\\/#organization\"},\"potentialAction\":[{\"@type\":\"SearchAction\",\"target\":{\"@type\":\"EntryPoint\",\"urlTemplate\":\"https:\\\/\\\/www.immobilienbusiness.ch\\\/?s={search_term_string}\"},\"query-input\":{\"@type\":\"PropertyValueSpecification\",\"valueRequired\":true,\"valueName\":\"search_term_string\"}}],\"inLanguage\":\"de\"},{\"@type\":\"Organization\",\"@id\":\"https:\\\/\\\/www.immobilienbusiness.ch\\\/#organization\",\"name\":\"IMMOBILIEN Business\",\"url\":\"https:\\\/\\\/www.immobilienbusiness.ch\\\/\",\"logo\":{\"@type\":\"ImageObject\",\"inLanguage\":\"de\",\"@id\":\"https:\\\/\\\/www.immobilienbusiness.ch\\\/#\\\/schema\\\/logo\\\/image\\\/\",\"url\":\"https:\\\/\\\/www.immobilienbusiness.ch\\\/wp-content\\\/uploads\\\/2021\\\/07\\\/logo_ib.png\",\"contentUrl\":\"https:\\\/\\\/www.immobilienbusiness.ch\\\/wp-content\\\/uploads\\\/2021\\\/07\\\/logo_ib.png\",\"width\":800,\"height\":181,\"caption\":\"IMMOBILIEN Business\"},\"image\":{\"@id\":\"https:\\\/\\\/www.immobilienbusiness.ch\\\/#\\\/schema\\\/logo\\\/image\\\/\"},\"sameAs\":[\"https:\\\/\\\/www.facebook.com\\\/immobilienbusiness\\\/\"]},{\"@type\":\"Person\",\"@id\":\"https:\\\/\\\/www.immobilienbusiness.ch\\\/#\\\/schema\\\/person\\\/3fc036297b10b9f42d6db5ee932af8c8\",\"name\":\"anja.hall\",\"image\":{\"@type\":\"ImageObject\",\"inLanguage\":\"de\",\"@id\":\"https:\\\/\\\/secure.gravatar.com\\\/avatar\\\/066b5a0d447013502c71a5782f4f3469f03cfe595cc2329fb94652fe47511bfb?s=96&d=mm&r=g\",\"url\":\"https:\\\/\\\/secure.gravatar.com\\\/avatar\\\/066b5a0d447013502c71a5782f4f3469f03cfe595cc2329fb94652fe47511bfb?s=96&d=mm&r=g\",\"contentUrl\":\"https:\\\/\\\/secure.gravatar.com\\\/avatar\\\/066b5a0d447013502c71a5782f4f3469f03cfe595cc2329fb94652fe47511bfb?s=96&d=mm&r=g\",\"caption\":\"anja.hall\"},\"url\":\"https:\\\/\\\/www.immobilienbusiness.ch\\\/de\\\/author\\\/anja-hall\\\/\"}]}<\/script>\n<!-- \/ Yoast SEO plugin. -->","yoast_head_json":{"title":"Emission f\u00fcr den Credit-Suisse-Logistikfonds in Aussicht - IMMOBILIEN Business","description":"F\u00fcr den Immobilienfonds Credit Suisse Real Estate Fund Logisticsplus soll im Herbst eine Kapitalerh\u00f6hung durchgef\u00fchrt werden.","robots":{"index":"index","follow":"follow","max-snippet":"max-snippet:-1","max-image-preview":"max-image-preview:large","max-video-preview":"max-video-preview:-1"},"canonical":"https:\/\/www.immobilienbusiness.ch\/de\/unternehmen\/2022-06-08\/emission-fuer-den-credit-suisse-logistikfonds-in-aussicht\/","og_locale":"de_DE","og_type":"article","og_title":"Emission f\u00fcr den Credit-Suisse-Logistikfonds in Aussicht - IMMOBILIEN Business","og_description":"F\u00fcr den Immobilienfonds Credit Suisse Real Estate Fund Logisticsplus soll im Herbst eine Kapitalerh\u00f6hung durchgef\u00fchrt werden.","og_url":"https:\/\/www.immobilienbusiness.ch\/de\/unternehmen\/2022-06-08\/emission-fuer-den-credit-suisse-logistikfonds-in-aussicht\/","og_site_name":"IMMOBILIEN Business","article_publisher":"https:\/\/www.facebook.com\/immobilienbusiness\/","article_published_time":"2022-06-08T05:54:16+00:00","article_modified_time":"2023-07-31T12:08:47+00:00","og_image":[{"width":680,"height":455,"url":"https:\/\/www.immobilienbusiness.ch\/wp-content\/uploads\/2017\/08\/IB-News-22082017-SFPI-vorlaeufige-Halbjahreszahlen_Depositphotos_64056199.jpg","type":"image\/jpeg"}],"author":"anja.hall","twitter_card":"summary_large_image","twitter_image":"https:\/\/www.immobilienbusiness.ch\/wp-content\/uploads\/2017\/08\/IB-News-22082017-SFPI-vorlaeufige-Halbjahreszahlen_Depositphotos_64056199.jpg","schema":{"@context":"https:\/\/schema.org","@graph":[{"@type":"Article","@id":"https:\/\/www.immobilienbusiness.ch\/unternehmen\/2022-06-08\/emission-fuer-den-credit-suisse-logistikfonds-in-aussicht\/#article","isPartOf":{"@id":"https:\/\/www.immobilienbusiness.ch\/unternehmen\/2022-06-08\/emission-fuer-den-credit-suisse-logistikfonds-in-aussicht\/"},"author":{"name":"anja.hall","@id":"https:\/\/www.immobilienbusiness.ch\/#\/schema\/person\/3fc036297b10b9f42d6db5ee932af8c8"},"headline":"Emission f\u00fcr den Credit-Suisse-Logistikfonds in Aussicht","datePublished":"2022-06-08T05:54:16+00:00","dateModified":"2023-07-31T12:08:47+00:00","mainEntityOfPage":{"@id":"https:\/\/www.immobilienbusiness.ch\/unternehmen\/2022-06-08\/emission-fuer-den-credit-suisse-logistikfonds-in-aussicht\/"},"wordCount":123,"publisher":{"@id":"https:\/\/www.immobilienbusiness.ch\/#organization"},"image":{"@id":"https:\/\/www.immobilienbusiness.ch\/unternehmen\/2022-06-08\/emission-fuer-den-credit-suisse-logistikfonds-in-aussicht\/#primaryimage"},"thumbnailUrl":"https:\/\/www.immobilienbusiness.ch\/wp-content\/uploads\/2017\/08\/IB-News-22082017-SFPI-vorlaeufige-Halbjahreszahlen_Depositphotos_64056199.jpg","keywords":["Credit Suisse","Immobilienfonds","Kapitalerh\u00f6hung","Logistikimmobilien"],"articleSection":["UNTERNEHMEN"],"inLanguage":"de"},{"@type":"WebPage","@id":"https:\/\/www.immobilienbusiness.ch\/unternehmen\/2022-06-08\/emission-fuer-den-credit-suisse-logistikfonds-in-aussicht\/","url":"https:\/\/www.immobilienbusiness.ch\/unternehmen\/2022-06-08\/emission-fuer-den-credit-suisse-logistikfonds-in-aussicht\/","name":"Emission f\u00fcr den Credit-Suisse-Logistikfonds in Aussicht - IMMOBILIEN Business","isPartOf":{"@id":"https:\/\/www.immobilienbusiness.ch\/#website"},"primaryImageOfPage":{"@id":"https:\/\/www.immobilienbusiness.ch\/unternehmen\/2022-06-08\/emission-fuer-den-credit-suisse-logistikfonds-in-aussicht\/#primaryimage"},"image":{"@id":"https:\/\/www.immobilienbusiness.ch\/unternehmen\/2022-06-08\/emission-fuer-den-credit-suisse-logistikfonds-in-aussicht\/#primaryimage"},"thumbnailUrl":"https:\/\/www.immobilienbusiness.ch\/wp-content\/uploads\/2017\/08\/IB-News-22082017-SFPI-vorlaeufige-Halbjahreszahlen_Depositphotos_64056199.jpg","datePublished":"2022-06-08T05:54:16+00:00","dateModified":"2023-07-31T12:08:47+00:00","description":"F\u00fcr den Immobilienfonds Credit Suisse Real Estate Fund Logisticsplus soll im Herbst eine Kapitalerh\u00f6hung durchgef\u00fchrt werden.","breadcrumb":{"@id":"https:\/\/www.immobilienbusiness.ch\/unternehmen\/2022-06-08\/emission-fuer-den-credit-suisse-logistikfonds-in-aussicht\/#breadcrumb"},"inLanguage":"de","potentialAction":[{"@type":"ReadAction","target":["https:\/\/www.immobilienbusiness.ch\/unternehmen\/2022-06-08\/emission-fuer-den-credit-suisse-logistikfonds-in-aussicht\/"]}]},{"@type":"ImageObject","inLanguage":"de","@id":"https:\/\/www.immobilienbusiness.ch\/unternehmen\/2022-06-08\/emission-fuer-den-credit-suisse-logistikfonds-in-aussicht\/#primaryimage","url":"https:\/\/www.immobilienbusiness.ch\/wp-content\/uploads\/2017\/08\/IB-News-22082017-SFPI-vorlaeufige-Halbjahreszahlen_Depositphotos_64056199.jpg","contentUrl":"https:\/\/www.immobilienbusiness.ch\/wp-content\/uploads\/2017\/08\/IB-News-22082017-SFPI-vorlaeufige-Halbjahreszahlen_Depositphotos_64056199.jpg","width":680,"height":455,"caption":"Der Swiss Real Estate Fund von Patrimonium hat seine Jahreszahlen pr\u00e4sentiert (Foto: valphoto \u2013 deposit photos)"},{"@type":"BreadcrumbList","@id":"https:\/\/www.immobilienbusiness.ch\/unternehmen\/2022-06-08\/emission-fuer-den-credit-suisse-logistikfonds-in-aussicht\/#breadcrumb","itemListElement":[{"@type":"ListItem","position":1,"name":"Home","item":"https:\/\/www.immobilienbusiness.ch\/"},{"@type":"ListItem","position":2,"name":"Emission f\u00fcr den Credit-Suisse-Logistikfonds in Aussicht"}]},{"@type":"WebSite","@id":"https:\/\/www.immobilienbusiness.ch\/#website","url":"https:\/\/www.immobilienbusiness.ch\/","name":"IMMOBILIEN Business","description":"Unabh\u00e4ngiges Schweizer Wirtschaftsmagazin mit Fokus auf Immobilien, Architektur- und Bau sowie Investment- und Finanzierung.","publisher":{"@id":"https:\/\/www.immobilienbusiness.ch\/#organization"},"potentialAction":[{"@type":"SearchAction","target":{"@type":"EntryPoint","urlTemplate":"https:\/\/www.immobilienbusiness.ch\/?s={search_term_string}"},"query-input":{"@type":"PropertyValueSpecification","valueRequired":true,"valueName":"search_term_string"}}],"inLanguage":"de"},{"@type":"Organization","@id":"https:\/\/www.immobilienbusiness.ch\/#organization","name":"IMMOBILIEN Business","url":"https:\/\/www.immobilienbusiness.ch\/","logo":{"@type":"ImageObject","inLanguage":"de","@id":"https:\/\/www.immobilienbusiness.ch\/#\/schema\/logo\/image\/","url":"https:\/\/www.immobilienbusiness.ch\/wp-content\/uploads\/2021\/07\/logo_ib.png","contentUrl":"https:\/\/www.immobilienbusiness.ch\/wp-content\/uploads\/2021\/07\/logo_ib.png","width":800,"height":181,"caption":"IMMOBILIEN Business"},"image":{"@id":"https:\/\/www.immobilienbusiness.ch\/#\/schema\/logo\/image\/"},"sameAs":["https:\/\/www.facebook.com\/immobilienbusiness\/"]},{"@type":"Person","@id":"https:\/\/www.immobilienbusiness.ch\/#\/schema\/person\/3fc036297b10b9f42d6db5ee932af8c8","name":"anja.hall","image":{"@type":"ImageObject","inLanguage":"de","@id":"https:\/\/secure.gravatar.com\/avatar\/066b5a0d447013502c71a5782f4f3469f03cfe595cc2329fb94652fe47511bfb?s=96&d=mm&r=g","url":"https:\/\/secure.gravatar.com\/avatar\/066b5a0d447013502c71a5782f4f3469f03cfe595cc2329fb94652fe47511bfb?s=96&d=mm&r=g","contentUrl":"https:\/\/secure.gravatar.com\/avatar\/066b5a0d447013502c71a5782f4f3469f03cfe595cc2329fb94652fe47511bfb?s=96&d=mm&r=g","caption":"anja.hall"},"url":"https:\/\/www.immobilienbusiness.ch\/de\/author\/anja-hall\/"}]}},"_links":{"self":[{"href":"https:\/\/www.immobilienbusiness.ch\/de\/wp-json\/wp\/v2\/posts\/42831","targetHints":{"allow":["GET"]}}],"collection":[{"href":"https:\/\/www.immobilienbusiness.ch\/de\/wp-json\/wp\/v2\/posts"}],"about":[{"href":"https:\/\/www.immobilienbusiness.ch\/de\/wp-json\/wp\/v2\/types\/post"}],"author":[{"embeddable":true,"href":"https:\/\/www.immobilienbusiness.ch\/de\/wp-json\/wp\/v2\/users\/3"}],"replies":[{"embeddable":true,"href":"https:\/\/www.immobilienbusiness.ch\/de\/wp-json\/wp\/v2\/comments?post=42831"}],"version-history":[{"count":2,"href":"https:\/\/www.immobilienbusiness.ch\/de\/wp-json\/wp\/v2\/posts\/42831\/revisions"}],"predecessor-version":[{"id":51514,"href":"https:\/\/www.immobilienbusiness.ch\/de\/wp-json\/wp\/v2\/posts\/42831\/revisions\/51514"}],"wp:featuredmedia":[{"embeddable":true,"href":"https:\/\/www.immobilienbusiness.ch\/de\/wp-json\/wp\/v2\/media\/8786"}],"wp:attachment":[{"href":"https:\/\/www.immobilienbusiness.ch\/de\/wp-json\/wp\/v2\/media?parent=42831"}],"wp:term":[{"taxonomy":"category","embeddable":true,"href":"https:\/\/www.immobilienbusiness.ch\/de\/wp-json\/wp\/v2\/categories?post=42831"},{"taxonomy":"post_tag","embeddable":true,"href":"https:\/\/www.immobilienbusiness.ch\/de\/wp-json\/wp\/v2\/tags?post=42831"}],"curies":[{"name":"wp","href":"https:\/\/api.w.org\/{rel}","templated":true}]}}