{"id":42761,"date":"2022-06-01T07:59:05","date_gmt":"2022-06-01T05:59:05","guid":{"rendered":"https:\/\/www.immobilienbusiness.ch\/?p=42761"},"modified":"2022-06-02T08:46:37","modified_gmt":"2022-06-02T06:46:37","slug":"ubs-fonds-investiert-in-niederhasli","status":"publish","type":"post","link":"https:\/\/www.immobilienbusiness.ch\/de\/regionen\/2022-06-01\/ubs-fonds-investiert-in-niederhasli\/","title":{"rendered":"UBS-Fonds investiert in Niederhasli"},"content":{"rendered":"<figure id=\"attachment_42762\" aria-describedby=\"caption-attachment-42762\" style=\"width: 1117px\" class=\"wp-caption alignnone\"><a href=\"https:\/\/www.immobilienbusiness.ch\/wp-content\/uploads\/2022\/06\/niederhasli.jpg\"><img loading=\"lazy\" decoding=\"async\" class=\"size-full wp-image-42762\" src=\"https:\/\/www.immobilienbusiness.ch\/wp-content\/uploads\/2022\/06\/niederhasli.jpg\" alt=\"\" width=\"1117\" height=\"746\" srcset=\"https:\/\/www.immobilienbusiness.ch\/wp-content\/uploads\/2022\/06\/niederhasli.jpg 1117w, https:\/\/www.immobilienbusiness.ch\/wp-content\/uploads\/2022\/06\/niederhasli-300x200.jpg 300w, https:\/\/www.immobilienbusiness.ch\/wp-content\/uploads\/2022\/06\/niederhasli-1024x684.jpg 1024w, https:\/\/www.immobilienbusiness.ch\/wp-content\/uploads\/2022\/06\/niederhasli-768x513.jpg 768w, https:\/\/www.immobilienbusiness.ch\/wp-content\/uploads\/2022\/06\/niederhasli-18x12.jpg 18w, https:\/\/www.immobilienbusiness.ch\/wp-content\/uploads\/2022\/06\/niederhasli-262x175.jpg 262w, https:\/\/www.immobilienbusiness.ch\/wp-content\/uploads\/2022\/06\/niederhasli-524x350.jpg 524w, https:\/\/www.immobilienbusiness.ch\/wp-content\/uploads\/2022\/06\/niederhasli-920x614.jpg 920w\" sizes=\"auto, (max-width: 1117px) 100vw, 1117px\" \/><\/a><figcaption id=\"caption-attachment-42762\" class=\"wp-caption-text\">Visualisierung der \u00dcberbauung in Niederhasli (Quelle: UBS Real Estate Schweiz)<\/figcaption><\/figure>\n<p>Im Zentrum von Niederhasli (ZH) soll eine hochwertige \u00dcberbauung realisiert werden, f\u00fcr welche die Baubewilligung inzwischen vorliegt. Geplant sind nach Angaben von UBS vier Neubauten, davon drei Wohnh\u00e4user mit Holzfassaden, die unterschiedliche, hofartige R\u00e4ume er\u00f6ffnen. Angrenzend an den Dorfplatz wird ein Wohn- und Gewerbegeb\u00e4ude erstellt, das sich zum Platz hin \u00f6ffnet. Im Erdgeschoss sind Gewerbefl\u00e4chen vorgesehen, in den oberen Geschossen soll vorwiegend gewohnt werden. Zum Gesamtprojekt geh\u00f6rt auch die Neugestaltung des Dorfplatzes; hier soll vor allem die Aufenthaltsqualit\u00e4t gesteigert werden. Insgesamt entstehen 65 Wohnungen und 67 Parkpl\u00e4tze in einer Einstellhalle.<\/p>\n<p>Mit dem Bau soll im Sommer 2022 begonnen werden, der Abschluss des Projekts wird f\u00fcr 2024 erwartet. Das Investitionsvolumen f\u00fcr das Gesamtprojekt bel\u00e4uft sich laut UBS auf rund 40 Mio. CHF. <em>(ah)<\/em><\/p>\n","protected":false},"excerpt":{"rendered":"<p>Im Sommer starten die Bauarbeiten f\u00fcr eine Zentrums\u00fcberbauung in Niederhasli nord\u00f6stlich von Z\u00fcrich. Investor ist der Immobilienfonds UBS Direct Residential.<\/p>\n","protected":false},"author":3,"featured_media":42762,"comment_status":"closed","ping_status":"closed","sticky":false,"template":"","format":"standard","meta":{"_acf_changed":false,"_yoast_wpseo_focuskw":"Niederhasli","_yoast_wpseo_title":"","_yoast_wpseo_metadesc":"Im Sommer starten die Bauarbeiten f\u00fcr eine Zentrums\u00fcberbauung in Niederhasli nord\u00f6stlich von Z\u00fcrich.","_yoast_wpseo_linkdex":58,"pgc_sgb_lightbox_settings":"","footnotes":""},"categories":[985],"tags":[1410,1599,1796,1989],"class_list":["post-42761","post","type-post","status-publish","format-standard","has-post-thumbnail","hentry","category-regionen","tag-kanton-zuerich","tag-projekt-in-bau","tag-ubs","tag-wohn-und-gewerbeimmobilie"],"acf":[],"yoast_head":"<!-- This site is optimized with the Yoast SEO plugin v27.4 - https:\/\/yoast.com\/product\/yoast-seo-wordpress\/ -->\n<title>UBS-Fonds investiert in Niederhasli - IMMOBILIEN Business<\/title>\n<meta name=\"description\" content=\"Im Sommer starten die Bauarbeiten f\u00fcr eine Zentrums\u00fcberbauung in Niederhasli nord\u00f6stlich von Z\u00fcrich.\" \/>\n<meta name=\"robots\" content=\"index, follow, max-snippet:-1, max-image-preview:large, max-video-preview:-1\" \/>\n<link rel=\"canonical\" href=\"https:\/\/www.immobilienbusiness.ch\/de\/regionen\/2022-06-01\/ubs-fonds-investiert-in-niederhasli\/\" \/>\n<meta property=\"og:locale\" content=\"de_DE\" \/>\n<meta property=\"og:type\" content=\"article\" \/>\n<meta property=\"og:title\" content=\"UBS-Fonds investiert in Niederhasli - IMMOBILIEN Business\" \/>\n<meta property=\"og:description\" content=\"Im Sommer starten die Bauarbeiten f\u00fcr eine Zentrums\u00fcberbauung in Niederhasli nord\u00f6stlich von Z\u00fcrich.\" \/>\n<meta property=\"og:url\" content=\"https:\/\/www.immobilienbusiness.ch\/de\/regionen\/2022-06-01\/ubs-fonds-investiert-in-niederhasli\/\" \/>\n<meta property=\"og:site_name\" content=\"IMMOBILIEN Business\" \/>\n<meta property=\"article:publisher\" content=\"https:\/\/www.facebook.com\/immobilienbusiness\/\" \/>\n<meta property=\"article:published_time\" content=\"2022-06-01T05:59:05+00:00\" \/>\n<meta property=\"article:modified_time\" content=\"2022-06-02T06:46:37+00:00\" \/>\n<meta property=\"og:image\" content=\"https:\/\/www.immobilienbusiness.ch\/wp-content\/uploads\/2022\/06\/niederhasli.jpg\" \/>\n\t<meta property=\"og:image:width\" content=\"1117\" \/>\n\t<meta property=\"og:image:height\" content=\"746\" \/>\n\t<meta property=\"og:image:type\" content=\"image\/jpeg\" \/>\n<meta name=\"author\" content=\"anja.hall\" \/>\n<meta name=\"twitter:card\" content=\"summary_large_image\" \/>\n<meta name=\"twitter:image\" content=\"https:\/\/www.immobilienbusiness.ch\/wp-content\/uploads\/2022\/06\/niederhasli.jpg\" \/>\n<script type=\"application\/ld+json\" class=\"yoast-schema-graph\">{\"@context\":\"https:\\\/\\\/schema.org\",\"@graph\":[{\"@type\":\"Article\",\"@id\":\"https:\\\/\\\/www.immobilienbusiness.ch\\\/de\\\/regionen\\\/2022-06-01\\\/ubs-fonds-investiert-in-niederhasli\\\/#article\",\"isPartOf\":{\"@id\":\"https:\\\/\\\/www.immobilienbusiness.ch\\\/de\\\/regionen\\\/2022-06-01\\\/ubs-fonds-investiert-in-niederhasli\\\/\"},\"author\":{\"name\":\"anja.hall\",\"@id\":\"https:\\\/\\\/www.immobilienbusiness.ch\\\/#\\\/schema\\\/person\\\/3fc036297b10b9f42d6db5ee932af8c8\"},\"headline\":\"UBS-Fonds investiert in Niederhasli\",\"datePublished\":\"2022-06-01T05:59:05+00:00\",\"dateModified\":\"2022-06-02T06:46:37+00:00\",\"mainEntityOfPage\":{\"@id\":\"https:\\\/\\\/www.immobilienbusiness.ch\\\/de\\\/regionen\\\/2022-06-01\\\/ubs-fonds-investiert-in-niederhasli\\\/\"},\"wordCount\":150,\"publisher\":{\"@id\":\"https:\\\/\\\/www.immobilienbusiness.ch\\\/#organization\"},\"image\":{\"@id\":\"https:\\\/\\\/www.immobilienbusiness.ch\\\/de\\\/regionen\\\/2022-06-01\\\/ubs-fonds-investiert-in-niederhasli\\\/#primaryimage\"},\"thumbnailUrl\":\"https:\\\/\\\/www.immobilienbusiness.ch\\\/wp-content\\\/uploads\\\/2022\\\/06\\\/niederhasli.jpg\",\"keywords\":[\"Kanton Z\u00fcrich\",\"Projekt in Bau\",\"UBS\",\"Wohn- und Gewerbeimmobilie\"],\"articleSection\":[\"REGIONEN\"],\"inLanguage\":\"de\"},{\"@type\":\"WebPage\",\"@id\":\"https:\\\/\\\/www.immobilienbusiness.ch\\\/de\\\/regionen\\\/2022-06-01\\\/ubs-fonds-investiert-in-niederhasli\\\/\",\"url\":\"https:\\\/\\\/www.immobilienbusiness.ch\\\/de\\\/regionen\\\/2022-06-01\\\/ubs-fonds-investiert-in-niederhasli\\\/\",\"name\":\"UBS-Fonds investiert in Niederhasli - IMMOBILIEN Business\",\"isPartOf\":{\"@id\":\"https:\\\/\\\/www.immobilienbusiness.ch\\\/#website\"},\"primaryImageOfPage\":{\"@id\":\"https:\\\/\\\/www.immobilienbusiness.ch\\\/de\\\/regionen\\\/2022-06-01\\\/ubs-fonds-investiert-in-niederhasli\\\/#primaryimage\"},\"image\":{\"@id\":\"https:\\\/\\\/www.immobilienbusiness.ch\\\/de\\\/regionen\\\/2022-06-01\\\/ubs-fonds-investiert-in-niederhasli\\\/#primaryimage\"},\"thumbnailUrl\":\"https:\\\/\\\/www.immobilienbusiness.ch\\\/wp-content\\\/uploads\\\/2022\\\/06\\\/niederhasli.jpg\",\"datePublished\":\"2022-06-01T05:59:05+00:00\",\"dateModified\":\"2022-06-02T06:46:37+00:00\",\"description\":\"Im Sommer starten die Bauarbeiten f\u00fcr eine Zentrums\u00fcberbauung in Niederhasli nord\u00f6stlich von Z\u00fcrich.\",\"breadcrumb\":{\"@id\":\"https:\\\/\\\/www.immobilienbusiness.ch\\\/de\\\/regionen\\\/2022-06-01\\\/ubs-fonds-investiert-in-niederhasli\\\/#breadcrumb\"},\"inLanguage\":\"de\",\"potentialAction\":[{\"@type\":\"ReadAction\",\"target\":[\"https:\\\/\\\/www.immobilienbusiness.ch\\\/de\\\/regionen\\\/2022-06-01\\\/ubs-fonds-investiert-in-niederhasli\\\/\"]}]},{\"@type\":\"ImageObject\",\"inLanguage\":\"de\",\"@id\":\"https:\\\/\\\/www.immobilienbusiness.ch\\\/de\\\/regionen\\\/2022-06-01\\\/ubs-fonds-investiert-in-niederhasli\\\/#primaryimage\",\"url\":\"https:\\\/\\\/www.immobilienbusiness.ch\\\/wp-content\\\/uploads\\\/2022\\\/06\\\/niederhasli.jpg\",\"contentUrl\":\"https:\\\/\\\/www.immobilienbusiness.ch\\\/wp-content\\\/uploads\\\/2022\\\/06\\\/niederhasli.jpg\",\"width\":1117,\"height\":746,\"caption\":\"Visualisierung der \u00dcberbauung in Niederhasli (Quelle: UBS Real Estate Schweiz)\"},{\"@type\":\"BreadcrumbList\",\"@id\":\"https:\\\/\\\/www.immobilienbusiness.ch\\\/de\\\/regionen\\\/2022-06-01\\\/ubs-fonds-investiert-in-niederhasli\\\/#breadcrumb\",\"itemListElement\":[{\"@type\":\"ListItem\",\"position\":1,\"name\":\"Home\",\"item\":\"https:\\\/\\\/www.immobilienbusiness.ch\\\/\"},{\"@type\":\"ListItem\",\"position\":2,\"name\":\"UBS-Fonds investiert in Niederhasli\"}]},{\"@type\":\"WebSite\",\"@id\":\"https:\\\/\\\/www.immobilienbusiness.ch\\\/#website\",\"url\":\"https:\\\/\\\/www.immobilienbusiness.ch\\\/\",\"name\":\"IMMOBILIEN Business\",\"description\":\"Unabh\u00e4ngiges Schweizer Wirtschaftsmagazin mit Fokus auf Immobilien, Architektur- und Bau sowie Investment- und Finanzierung.\",\"publisher\":{\"@id\":\"https:\\\/\\\/www.immobilienbusiness.ch\\\/#organization\"},\"potentialAction\":[{\"@type\":\"SearchAction\",\"target\":{\"@type\":\"EntryPoint\",\"urlTemplate\":\"https:\\\/\\\/www.immobilienbusiness.ch\\\/?s={search_term_string}\"},\"query-input\":{\"@type\":\"PropertyValueSpecification\",\"valueRequired\":true,\"valueName\":\"search_term_string\"}}],\"inLanguage\":\"de\"},{\"@type\":\"Organization\",\"@id\":\"https:\\\/\\\/www.immobilienbusiness.ch\\\/#organization\",\"name\":\"IMMOBILIEN Business\",\"url\":\"https:\\\/\\\/www.immobilienbusiness.ch\\\/\",\"logo\":{\"@type\":\"ImageObject\",\"inLanguage\":\"de\",\"@id\":\"https:\\\/\\\/www.immobilienbusiness.ch\\\/#\\\/schema\\\/logo\\\/image\\\/\",\"url\":\"https:\\\/\\\/www.immobilienbusiness.ch\\\/wp-content\\\/uploads\\\/2021\\\/07\\\/logo_ib.png\",\"contentUrl\":\"https:\\\/\\\/www.immobilienbusiness.ch\\\/wp-content\\\/uploads\\\/2021\\\/07\\\/logo_ib.png\",\"width\":800,\"height\":181,\"caption\":\"IMMOBILIEN Business\"},\"image\":{\"@id\":\"https:\\\/\\\/www.immobilienbusiness.ch\\\/#\\\/schema\\\/logo\\\/image\\\/\"},\"sameAs\":[\"https:\\\/\\\/www.facebook.com\\\/immobilienbusiness\\\/\"]},{\"@type\":\"Person\",\"@id\":\"https:\\\/\\\/www.immobilienbusiness.ch\\\/#\\\/schema\\\/person\\\/3fc036297b10b9f42d6db5ee932af8c8\",\"name\":\"anja.hall\",\"image\":{\"@type\":\"ImageObject\",\"inLanguage\":\"de\",\"@id\":\"https:\\\/\\\/secure.gravatar.com\\\/avatar\\\/066b5a0d447013502c71a5782f4f3469f03cfe595cc2329fb94652fe47511bfb?s=96&d=mm&r=g\",\"url\":\"https:\\\/\\\/secure.gravatar.com\\\/avatar\\\/066b5a0d447013502c71a5782f4f3469f03cfe595cc2329fb94652fe47511bfb?s=96&d=mm&r=g\",\"contentUrl\":\"https:\\\/\\\/secure.gravatar.com\\\/avatar\\\/066b5a0d447013502c71a5782f4f3469f03cfe595cc2329fb94652fe47511bfb?s=96&d=mm&r=g\",\"caption\":\"anja.hall\"},\"url\":\"https:\\\/\\\/www.immobilienbusiness.ch\\\/de\\\/author\\\/anja-hall\\\/\"}]}<\/script>\n<!-- \/ Yoast SEO plugin. -->","yoast_head_json":{"title":"UBS-Fonds investiert in Niederhasli - IMMOBILIEN Business","description":"Im Sommer starten die Bauarbeiten f\u00fcr eine Zentrums\u00fcberbauung in Niederhasli nord\u00f6stlich von Z\u00fcrich.","robots":{"index":"index","follow":"follow","max-snippet":"max-snippet:-1","max-image-preview":"max-image-preview:large","max-video-preview":"max-video-preview:-1"},"canonical":"https:\/\/www.immobilienbusiness.ch\/de\/regionen\/2022-06-01\/ubs-fonds-investiert-in-niederhasli\/","og_locale":"de_DE","og_type":"article","og_title":"UBS-Fonds investiert in Niederhasli - IMMOBILIEN Business","og_description":"Im Sommer starten die Bauarbeiten f\u00fcr eine Zentrums\u00fcberbauung in Niederhasli nord\u00f6stlich von Z\u00fcrich.","og_url":"https:\/\/www.immobilienbusiness.ch\/de\/regionen\/2022-06-01\/ubs-fonds-investiert-in-niederhasli\/","og_site_name":"IMMOBILIEN Business","article_publisher":"https:\/\/www.facebook.com\/immobilienbusiness\/","article_published_time":"2022-06-01T05:59:05+00:00","article_modified_time":"2022-06-02T06:46:37+00:00","og_image":[{"width":1117,"height":746,"url":"https:\/\/www.immobilienbusiness.ch\/wp-content\/uploads\/2022\/06\/niederhasli.jpg","type":"image\/jpeg"}],"author":"anja.hall","twitter_card":"summary_large_image","twitter_image":"https:\/\/www.immobilienbusiness.ch\/wp-content\/uploads\/2022\/06\/niederhasli.jpg","schema":{"@context":"https:\/\/schema.org","@graph":[{"@type":"Article","@id":"https:\/\/www.immobilienbusiness.ch\/de\/regionen\/2022-06-01\/ubs-fonds-investiert-in-niederhasli\/#article","isPartOf":{"@id":"https:\/\/www.immobilienbusiness.ch\/de\/regionen\/2022-06-01\/ubs-fonds-investiert-in-niederhasli\/"},"author":{"name":"anja.hall","@id":"https:\/\/www.immobilienbusiness.ch\/#\/schema\/person\/3fc036297b10b9f42d6db5ee932af8c8"},"headline":"UBS-Fonds investiert in Niederhasli","datePublished":"2022-06-01T05:59:05+00:00","dateModified":"2022-06-02T06:46:37+00:00","mainEntityOfPage":{"@id":"https:\/\/www.immobilienbusiness.ch\/de\/regionen\/2022-06-01\/ubs-fonds-investiert-in-niederhasli\/"},"wordCount":150,"publisher":{"@id":"https:\/\/www.immobilienbusiness.ch\/#organization"},"image":{"@id":"https:\/\/www.immobilienbusiness.ch\/de\/regionen\/2022-06-01\/ubs-fonds-investiert-in-niederhasli\/#primaryimage"},"thumbnailUrl":"https:\/\/www.immobilienbusiness.ch\/wp-content\/uploads\/2022\/06\/niederhasli.jpg","keywords":["Kanton Z\u00fcrich","Projekt in Bau","UBS","Wohn- und Gewerbeimmobilie"],"articleSection":["REGIONEN"],"inLanguage":"de"},{"@type":"WebPage","@id":"https:\/\/www.immobilienbusiness.ch\/de\/regionen\/2022-06-01\/ubs-fonds-investiert-in-niederhasli\/","url":"https:\/\/www.immobilienbusiness.ch\/de\/regionen\/2022-06-01\/ubs-fonds-investiert-in-niederhasli\/","name":"UBS-Fonds investiert in Niederhasli - IMMOBILIEN Business","isPartOf":{"@id":"https:\/\/www.immobilienbusiness.ch\/#website"},"primaryImageOfPage":{"@id":"https:\/\/www.immobilienbusiness.ch\/de\/regionen\/2022-06-01\/ubs-fonds-investiert-in-niederhasli\/#primaryimage"},"image":{"@id":"https:\/\/www.immobilienbusiness.ch\/de\/regionen\/2022-06-01\/ubs-fonds-investiert-in-niederhasli\/#primaryimage"},"thumbnailUrl":"https:\/\/www.immobilienbusiness.ch\/wp-content\/uploads\/2022\/06\/niederhasli.jpg","datePublished":"2022-06-01T05:59:05+00:00","dateModified":"2022-06-02T06:46:37+00:00","description":"Im Sommer starten die Bauarbeiten f\u00fcr eine Zentrums\u00fcberbauung in Niederhasli nord\u00f6stlich von Z\u00fcrich.","breadcrumb":{"@id":"https:\/\/www.immobilienbusiness.ch\/de\/regionen\/2022-06-01\/ubs-fonds-investiert-in-niederhasli\/#breadcrumb"},"inLanguage":"de","potentialAction":[{"@type":"ReadAction","target":["https:\/\/www.immobilienbusiness.ch\/de\/regionen\/2022-06-01\/ubs-fonds-investiert-in-niederhasli\/"]}]},{"@type":"ImageObject","inLanguage":"de","@id":"https:\/\/www.immobilienbusiness.ch\/de\/regionen\/2022-06-01\/ubs-fonds-investiert-in-niederhasli\/#primaryimage","url":"https:\/\/www.immobilienbusiness.ch\/wp-content\/uploads\/2022\/06\/niederhasli.jpg","contentUrl":"https:\/\/www.immobilienbusiness.ch\/wp-content\/uploads\/2022\/06\/niederhasli.jpg","width":1117,"height":746,"caption":"Visualisierung der \u00dcberbauung in Niederhasli (Quelle: UBS Real Estate Schweiz)"},{"@type":"BreadcrumbList","@id":"https:\/\/www.immobilienbusiness.ch\/de\/regionen\/2022-06-01\/ubs-fonds-investiert-in-niederhasli\/#breadcrumb","itemListElement":[{"@type":"ListItem","position":1,"name":"Home","item":"https:\/\/www.immobilienbusiness.ch\/"},{"@type":"ListItem","position":2,"name":"UBS-Fonds investiert in Niederhasli"}]},{"@type":"WebSite","@id":"https:\/\/www.immobilienbusiness.ch\/#website","url":"https:\/\/www.immobilienbusiness.ch\/","name":"IMMOBILIEN Business","description":"Unabh\u00e4ngiges Schweizer Wirtschaftsmagazin mit Fokus auf Immobilien, Architektur- und Bau sowie Investment- und Finanzierung.","publisher":{"@id":"https:\/\/www.immobilienbusiness.ch\/#organization"},"potentialAction":[{"@type":"SearchAction","target":{"@type":"EntryPoint","urlTemplate":"https:\/\/www.immobilienbusiness.ch\/?s={search_term_string}"},"query-input":{"@type":"PropertyValueSpecification","valueRequired":true,"valueName":"search_term_string"}}],"inLanguage":"de"},{"@type":"Organization","@id":"https:\/\/www.immobilienbusiness.ch\/#organization","name":"IMMOBILIEN Business","url":"https:\/\/www.immobilienbusiness.ch\/","logo":{"@type":"ImageObject","inLanguage":"de","@id":"https:\/\/www.immobilienbusiness.ch\/#\/schema\/logo\/image\/","url":"https:\/\/www.immobilienbusiness.ch\/wp-content\/uploads\/2021\/07\/logo_ib.png","contentUrl":"https:\/\/www.immobilienbusiness.ch\/wp-content\/uploads\/2021\/07\/logo_ib.png","width":800,"height":181,"caption":"IMMOBILIEN Business"},"image":{"@id":"https:\/\/www.immobilienbusiness.ch\/#\/schema\/logo\/image\/"},"sameAs":["https:\/\/www.facebook.com\/immobilienbusiness\/"]},{"@type":"Person","@id":"https:\/\/www.immobilienbusiness.ch\/#\/schema\/person\/3fc036297b10b9f42d6db5ee932af8c8","name":"anja.hall","image":{"@type":"ImageObject","inLanguage":"de","@id":"https:\/\/secure.gravatar.com\/avatar\/066b5a0d447013502c71a5782f4f3469f03cfe595cc2329fb94652fe47511bfb?s=96&d=mm&r=g","url":"https:\/\/secure.gravatar.com\/avatar\/066b5a0d447013502c71a5782f4f3469f03cfe595cc2329fb94652fe47511bfb?s=96&d=mm&r=g","contentUrl":"https:\/\/secure.gravatar.com\/avatar\/066b5a0d447013502c71a5782f4f3469f03cfe595cc2329fb94652fe47511bfb?s=96&d=mm&r=g","caption":"anja.hall"},"url":"https:\/\/www.immobilienbusiness.ch\/de\/author\/anja-hall\/"}]}},"_links":{"self":[{"href":"https:\/\/www.immobilienbusiness.ch\/de\/wp-json\/wp\/v2\/posts\/42761","targetHints":{"allow":["GET"]}}],"collection":[{"href":"https:\/\/www.immobilienbusiness.ch\/de\/wp-json\/wp\/v2\/posts"}],"about":[{"href":"https:\/\/www.immobilienbusiness.ch\/de\/wp-json\/wp\/v2\/types\/post"}],"author":[{"embeddable":true,"href":"https:\/\/www.immobilienbusiness.ch\/de\/wp-json\/wp\/v2\/users\/3"}],"replies":[{"embeddable":true,"href":"https:\/\/www.immobilienbusiness.ch\/de\/wp-json\/wp\/v2\/comments?post=42761"}],"version-history":[{"count":4,"href":"https:\/\/www.immobilienbusiness.ch\/de\/wp-json\/wp\/v2\/posts\/42761\/revisions"}],"predecessor-version":[{"id":42791,"href":"https:\/\/www.immobilienbusiness.ch\/de\/wp-json\/wp\/v2\/posts\/42761\/revisions\/42791"}],"wp:featuredmedia":[{"embeddable":true,"href":"https:\/\/www.immobilienbusiness.ch\/de\/wp-json\/wp\/v2\/media\/42762"}],"wp:attachment":[{"href":"https:\/\/www.immobilienbusiness.ch\/de\/wp-json\/wp\/v2\/media?parent=42761"}],"wp:term":[{"taxonomy":"category","embeddable":true,"href":"https:\/\/www.immobilienbusiness.ch\/de\/wp-json\/wp\/v2\/categories?post=42761"},{"taxonomy":"post_tag","embeddable":true,"href":"https:\/\/www.immobilienbusiness.ch\/de\/wp-json\/wp\/v2\/tags?post=42761"}],"curies":[{"name":"wp","href":"https:\/\/api.w.org\/{rel}","templated":true}]}}