{"id":42188,"date":"2022-04-19T09:04:50","date_gmt":"2022-04-19T07:04:50","guid":{"rendered":"https:\/\/www.immobilienbusiness.ch\/?p=42188"},"modified":"2022-04-21T14:57:45","modified_gmt":"2022-04-21T12:57:45","slug":"ubs-swissreal-investiert-in-dietikon-lausanne-und-muttenz","status":"publish","type":"post","link":"https:\/\/www.immobilienbusiness.ch\/de\/unternehmen\/2022-04-19\/ubs-swissreal-investiert-in-dietikon-lausanne-und-muttenz\/","title":{"rendered":"UBS Swissreal beginnt mit Kapitalerh\u00f6hung"},"content":{"rendered":"<figure id=\"attachment_13435\" aria-describedby=\"caption-attachment-13435\" style=\"width: 1000px\" class=\"wp-caption alignnone\"><a href=\"https:\/\/www.immobilienbusiness.ch\/wp-content\/uploads\/2018\/07\/Depositphotos_43336157_m-2015.jpg\"><img loading=\"lazy\" decoding=\"async\" class=\"size-full wp-image-13435\" src=\"https:\/\/www.immobilienbusiness.ch\/wp-content\/uploads\/2018\/07\/Depositphotos_43336157_m-2015.jpg\" alt=\"\" width=\"1000\" height=\"667\" srcset=\"https:\/\/www.immobilienbusiness.ch\/wp-content\/uploads\/2018\/07\/Depositphotos_43336157_m-2015.jpg 1000w, https:\/\/www.immobilienbusiness.ch\/wp-content\/uploads\/2018\/07\/Depositphotos_43336157_m-2015-300x200.jpg 300w, https:\/\/www.immobilienbusiness.ch\/wp-content\/uploads\/2018\/07\/Depositphotos_43336157_m-2015-768x512.jpg 768w, https:\/\/www.immobilienbusiness.ch\/wp-content\/uploads\/2018\/07\/Depositphotos_43336157_m-2015-16x12.jpg 16w, https:\/\/www.immobilienbusiness.ch\/wp-content\/uploads\/2018\/07\/Depositphotos_43336157_m-2015-262x175.jpg 262w, https:\/\/www.immobilienbusiness.ch\/wp-content\/uploads\/2018\/07\/Depositphotos_43336157_m-2015-525x350.jpg 525w, https:\/\/www.immobilienbusiness.ch\/wp-content\/uploads\/2018\/07\/Depositphotos_43336157_m-2015-920x614.jpg 920w\" sizes=\"auto, (max-width: 1000px) 100vw, 1000px\" \/><\/a><figcaption id=\"caption-attachment-13435\" class=\"wp-caption-text\">(Bild: weerapat &#8211; depositphotos)<\/figcaption><\/figure>\n<p>Der Immobilienfonds UBS Swissreal f\u00fchrt seine angek\u00fcndigte Kapitalerh\u00f6hung mit Bezugsrecht vom 28. April bis 6. Mai durch. Es werden maximal 1.759.985 neue Anteile ausgegeben, der Bezugspreis betr\u00e4gt 63.30 CHF. Akquisitionen und Bauprojekte an guten Lagen in den Regionen Basel, Lausanne und Z\u00fcrich erh\u00f6hen das Portfoliovolumen um insgesamt rund 111 Mio. CHF. <span lang=\"DE\">Ziel der Kapitalerh\u00f6hung ist die Gewinnung zus\u00e4tzlicher Mittel f\u00fcr den Kauf von Liegenschaften, die Finanzierung von Sanierungen und Bauprojekten sowie die R\u00fcckf\u00fchrung von Fremdfinanzierungen.<\/span><\/p>\n<p>Per Jahresende hat UBS Swissreal die Mietzinseinnahmen um 1,5% auf 100,8 Mio. CHF gesteigert, bei einer weiterhin tiefen Mietausfallrate von 5,7% (inklusive Covid-19 Erlassen). Die Aussch\u00fcttungsrendite betrug 3,5%. Der Marktwert des kommerziellen Fonds-Portfolios stieg per Jahresende auf rund CHF 2,1 Mrd, der Inventarwert pro Anteil erh\u00f6hte sich um 0,6% auf 63.27 CHF. <em>(aw)<\/em><\/p>\n","protected":false},"excerpt":{"rendered":"<p>Der Immobilienfonds UBS Swissreal beginnt am 28. April mit der angek\u00fcndigten Kapitalerh\u00f6hung. Die Mittel sollen in den Ausbau des Portfolios flie\u00dfen.<\/p>\n","protected":false},"author":102,"featured_media":13435,"comment_status":"closed","ping_status":"closed","sticky":false,"template":"","format":"standard","meta":{"_acf_changed":false,"_yoast_wpseo_focuskw":"Swissreal","_yoast_wpseo_title":"","_yoast_wpseo_metadesc":"Der Immobilienfonds UBS Swissreal meldet f\u00fcr das vergangene Jahr einen Zuwachs der Mietzinseinnahmen um 1,5 %. Die angek\u00fcndigte Kapitalerh\u00f6hung beginnt am 28. April.","_yoast_wpseo_linkdex":55,"pgc_sgb_lightbox_settings":"","footnotes":""},"categories":[988],"tags":[2022,1344,1348,1412,1438,2021,1769,1796],"class_list":["post-42188","post","type-post","status-publish","format-standard","has-post-thumbnail","hentry","category-unternehmen","tag-dietikon","tag-immobilienfonds","tag-immobilienkauf","tag-kapitalerhoehung","tag-lausanne","tag-muttenz","tag-swissreal","tag-ubs"],"acf":[],"yoast_head":"<!-- This site is optimized with the Yoast SEO plugin v27.4 - https:\/\/yoast.com\/product\/yoast-seo-wordpress\/ -->\n<title>UBS Swissreal beginnt mit Kapitalerh\u00f6hung - IMMOBILIEN Business<\/title>\n<meta name=\"description\" content=\"Der Immobilienfonds UBS Swissreal meldet f\u00fcr das vergangene Jahr einen Zuwachs der Mietzinseinnahmen um 1,5 %. Die angek\u00fcndigte Kapitalerh\u00f6hung beginnt am 28. April.\" \/>\n<meta name=\"robots\" content=\"index, follow, max-snippet:-1, max-image-preview:large, max-video-preview:-1\" \/>\n<link rel=\"canonical\" href=\"https:\/\/www.immobilienbusiness.ch\/de\/unternehmen\/2022-04-19\/ubs-swissreal-investiert-in-dietikon-lausanne-und-muttenz\/\" \/>\n<meta property=\"og:locale\" content=\"de_DE\" \/>\n<meta property=\"og:type\" content=\"article\" \/>\n<meta property=\"og:title\" content=\"UBS Swissreal beginnt mit Kapitalerh\u00f6hung - IMMOBILIEN Business\" \/>\n<meta property=\"og:description\" content=\"Der Immobilienfonds UBS Swissreal meldet f\u00fcr das vergangene Jahr einen Zuwachs der Mietzinseinnahmen um 1,5 %. Die angek\u00fcndigte Kapitalerh\u00f6hung beginnt am 28. April.\" \/>\n<meta property=\"og:url\" content=\"https:\/\/www.immobilienbusiness.ch\/de\/unternehmen\/2022-04-19\/ubs-swissreal-investiert-in-dietikon-lausanne-und-muttenz\/\" \/>\n<meta property=\"og:site_name\" content=\"IMMOBILIEN Business\" \/>\n<meta property=\"article:publisher\" content=\"https:\/\/www.facebook.com\/immobilienbusiness\/\" \/>\n<meta property=\"article:published_time\" content=\"2022-04-19T07:04:50+00:00\" \/>\n<meta property=\"article:modified_time\" content=\"2022-04-21T12:57:45+00:00\" \/>\n<meta property=\"og:image\" content=\"https:\/\/www.immobilienbusiness.ch\/wp-content\/uploads\/2018\/07\/Depositphotos_43336157_m-2015.jpg\" \/>\n\t<meta property=\"og:image:width\" content=\"1000\" \/>\n\t<meta property=\"og:image:height\" content=\"667\" \/>\n\t<meta property=\"og:image:type\" content=\"image\/jpeg\" \/>\n<meta name=\"author\" content=\"Alexander Wachter\" \/>\n<meta name=\"twitter:card\" content=\"summary_large_image\" \/>\n<script type=\"application\/ld+json\" class=\"yoast-schema-graph\">{\"@context\":\"https:\\\/\\\/schema.org\",\"@graph\":[{\"@type\":\"Article\",\"@id\":\"https:\\\/\\\/www.immobilienbusiness.ch\\\/fr\\\/unternehmen\\\/2022-04-19\\\/ubs-swissreal-investiert-in-dietikon-lausanne-und-muttenz\\\/#article\",\"isPartOf\":{\"@id\":\"https:\\\/\\\/www.immobilienbusiness.ch\\\/fr\\\/unternehmen\\\/2022-04-19\\\/ubs-swissreal-investiert-in-dietikon-lausanne-und-muttenz\\\/\"},\"author\":{\"name\":\"Alexander Wachter\",\"@id\":\"https:\\\/\\\/www.immobilienbusiness.ch\\\/#\\\/schema\\\/person\\\/aba8bea2db926aa0c24c08c43fe1fcd5\"},\"headline\":\"UBS Swissreal beginnt mit Kapitalerh\u00f6hung\",\"datePublished\":\"2022-04-19T07:04:50+00:00\",\"dateModified\":\"2022-04-21T12:57:45+00:00\",\"mainEntityOfPage\":{\"@id\":\"https:\\\/\\\/www.immobilienbusiness.ch\\\/fr\\\/unternehmen\\\/2022-04-19\\\/ubs-swissreal-investiert-in-dietikon-lausanne-und-muttenz\\\/\"},\"wordCount\":146,\"publisher\":{\"@id\":\"https:\\\/\\\/www.immobilienbusiness.ch\\\/#organization\"},\"image\":{\"@id\":\"https:\\\/\\\/www.immobilienbusiness.ch\\\/fr\\\/unternehmen\\\/2022-04-19\\\/ubs-swissreal-investiert-in-dietikon-lausanne-und-muttenz\\\/#primaryimage\"},\"thumbnailUrl\":\"https:\\\/\\\/www.immobilienbusiness.ch\\\/wp-content\\\/uploads\\\/2018\\\/07\\\/Depositphotos_43336157_m-2015.jpg\",\"keywords\":[\"Dietikon\",\"Immobilienfonds\",\"Immobilienkauf\",\"Kapitalerh\u00f6hung\",\"Lausanne\",\"Muttenz\",\"Swissreal\",\"UBS\"],\"articleSection\":[\"UNTERNEHMEN\"],\"inLanguage\":\"de\"},{\"@type\":\"WebPage\",\"@id\":\"https:\\\/\\\/www.immobilienbusiness.ch\\\/fr\\\/unternehmen\\\/2022-04-19\\\/ubs-swissreal-investiert-in-dietikon-lausanne-und-muttenz\\\/\",\"url\":\"https:\\\/\\\/www.immobilienbusiness.ch\\\/fr\\\/unternehmen\\\/2022-04-19\\\/ubs-swissreal-investiert-in-dietikon-lausanne-und-muttenz\\\/\",\"name\":\"UBS Swissreal beginnt mit Kapitalerh\u00f6hung - IMMOBILIEN Business\",\"isPartOf\":{\"@id\":\"https:\\\/\\\/www.immobilienbusiness.ch\\\/#website\"},\"primaryImageOfPage\":{\"@id\":\"https:\\\/\\\/www.immobilienbusiness.ch\\\/fr\\\/unternehmen\\\/2022-04-19\\\/ubs-swissreal-investiert-in-dietikon-lausanne-und-muttenz\\\/#primaryimage\"},\"image\":{\"@id\":\"https:\\\/\\\/www.immobilienbusiness.ch\\\/fr\\\/unternehmen\\\/2022-04-19\\\/ubs-swissreal-investiert-in-dietikon-lausanne-und-muttenz\\\/#primaryimage\"},\"thumbnailUrl\":\"https:\\\/\\\/www.immobilienbusiness.ch\\\/wp-content\\\/uploads\\\/2018\\\/07\\\/Depositphotos_43336157_m-2015.jpg\",\"datePublished\":\"2022-04-19T07:04:50+00:00\",\"dateModified\":\"2022-04-21T12:57:45+00:00\",\"description\":\"Der Immobilienfonds UBS Swissreal meldet f\u00fcr das vergangene Jahr einen Zuwachs der Mietzinseinnahmen um 1,5 %. Die angek\u00fcndigte Kapitalerh\u00f6hung beginnt am 28. April.\",\"breadcrumb\":{\"@id\":\"https:\\\/\\\/www.immobilienbusiness.ch\\\/fr\\\/unternehmen\\\/2022-04-19\\\/ubs-swissreal-investiert-in-dietikon-lausanne-und-muttenz\\\/#breadcrumb\"},\"inLanguage\":\"de\",\"potentialAction\":[{\"@type\":\"ReadAction\",\"target\":[\"https:\\\/\\\/www.immobilienbusiness.ch\\\/fr\\\/unternehmen\\\/2022-04-19\\\/ubs-swissreal-investiert-in-dietikon-lausanne-und-muttenz\\\/\"]}]},{\"@type\":\"ImageObject\",\"inLanguage\":\"de\",\"@id\":\"https:\\\/\\\/www.immobilienbusiness.ch\\\/fr\\\/unternehmen\\\/2022-04-19\\\/ubs-swissreal-investiert-in-dietikon-lausanne-und-muttenz\\\/#primaryimage\",\"url\":\"https:\\\/\\\/www.immobilienbusiness.ch\\\/wp-content\\\/uploads\\\/2018\\\/07\\\/Depositphotos_43336157_m-2015.jpg\",\"contentUrl\":\"https:\\\/\\\/www.immobilienbusiness.ch\\\/wp-content\\\/uploads\\\/2018\\\/07\\\/Depositphotos_43336157_m-2015.jpg\",\"width\":1000,\"height\":667,\"caption\":\"Eine neue Anlagegruppe will Immobilien gr\u00fcner machen (Bild: Depositphotos)\"},{\"@type\":\"BreadcrumbList\",\"@id\":\"https:\\\/\\\/www.immobilienbusiness.ch\\\/fr\\\/unternehmen\\\/2022-04-19\\\/ubs-swissreal-investiert-in-dietikon-lausanne-und-muttenz\\\/#breadcrumb\",\"itemListElement\":[{\"@type\":\"ListItem\",\"position\":1,\"name\":\"Home\",\"item\":\"https:\\\/\\\/www.immobilienbusiness.ch\\\/\"},{\"@type\":\"ListItem\",\"position\":2,\"name\":\"UBS Swissreal beginnt mit Kapitalerh\u00f6hung\"}]},{\"@type\":\"WebSite\",\"@id\":\"https:\\\/\\\/www.immobilienbusiness.ch\\\/#website\",\"url\":\"https:\\\/\\\/www.immobilienbusiness.ch\\\/\",\"name\":\"IMMOBILIEN Business\",\"description\":\"Unabh\u00e4ngiges Schweizer Wirtschaftsmagazin mit Fokus auf Immobilien, Architektur- und Bau sowie Investment- und Finanzierung.\",\"publisher\":{\"@id\":\"https:\\\/\\\/www.immobilienbusiness.ch\\\/#organization\"},\"potentialAction\":[{\"@type\":\"SearchAction\",\"target\":{\"@type\":\"EntryPoint\",\"urlTemplate\":\"https:\\\/\\\/www.immobilienbusiness.ch\\\/?s={search_term_string}\"},\"query-input\":{\"@type\":\"PropertyValueSpecification\",\"valueRequired\":true,\"valueName\":\"search_term_string\"}}],\"inLanguage\":\"de\"},{\"@type\":\"Organization\",\"@id\":\"https:\\\/\\\/www.immobilienbusiness.ch\\\/#organization\",\"name\":\"IMMOBILIEN Business\",\"url\":\"https:\\\/\\\/www.immobilienbusiness.ch\\\/\",\"logo\":{\"@type\":\"ImageObject\",\"inLanguage\":\"de\",\"@id\":\"https:\\\/\\\/www.immobilienbusiness.ch\\\/#\\\/schema\\\/logo\\\/image\\\/\",\"url\":\"https:\\\/\\\/www.immobilienbusiness.ch\\\/wp-content\\\/uploads\\\/2021\\\/07\\\/logo_ib.png\",\"contentUrl\":\"https:\\\/\\\/www.immobilienbusiness.ch\\\/wp-content\\\/uploads\\\/2021\\\/07\\\/logo_ib.png\",\"width\":800,\"height\":181,\"caption\":\"IMMOBILIEN Business\"},\"image\":{\"@id\":\"https:\\\/\\\/www.immobilienbusiness.ch\\\/#\\\/schema\\\/logo\\\/image\\\/\"},\"sameAs\":[\"https:\\\/\\\/www.facebook.com\\\/immobilienbusiness\\\/\"]},{\"@type\":\"Person\",\"@id\":\"https:\\\/\\\/www.immobilienbusiness.ch\\\/#\\\/schema\\\/person\\\/aba8bea2db926aa0c24c08c43fe1fcd5\",\"name\":\"Alexander Wachter\",\"image\":{\"@type\":\"ImageObject\",\"inLanguage\":\"de\",\"@id\":\"https:\\\/\\\/secure.gravatar.com\\\/avatar\\\/1a09e471f5389b0e0a6416eac287e0927c7c97a7b77f9e787eba3af7aee281dd?s=96&d=mm&r=g\",\"url\":\"https:\\\/\\\/secure.gravatar.com\\\/avatar\\\/1a09e471f5389b0e0a6416eac287e0927c7c97a7b77f9e787eba3af7aee281dd?s=96&d=mm&r=g\",\"contentUrl\":\"https:\\\/\\\/secure.gravatar.com\\\/avatar\\\/1a09e471f5389b0e0a6416eac287e0927c7c97a7b77f9e787eba3af7aee281dd?s=96&d=mm&r=g\",\"caption\":\"Alexander Wachter\"},\"url\":\"https:\\\/\\\/www.immobilienbusiness.ch\\\/de\\\/author\\\/alexander-wachter\\\/\"}]}<\/script>\n<!-- \/ Yoast SEO plugin. -->","yoast_head_json":{"title":"UBS Swissreal beginnt mit Kapitalerh\u00f6hung - IMMOBILIEN Business","description":"Der Immobilienfonds UBS Swissreal meldet f\u00fcr das vergangene Jahr einen Zuwachs der Mietzinseinnahmen um 1,5 %. Die angek\u00fcndigte Kapitalerh\u00f6hung beginnt am 28. April.","robots":{"index":"index","follow":"follow","max-snippet":"max-snippet:-1","max-image-preview":"max-image-preview:large","max-video-preview":"max-video-preview:-1"},"canonical":"https:\/\/www.immobilienbusiness.ch\/de\/unternehmen\/2022-04-19\/ubs-swissreal-investiert-in-dietikon-lausanne-und-muttenz\/","og_locale":"de_DE","og_type":"article","og_title":"UBS Swissreal beginnt mit Kapitalerh\u00f6hung - IMMOBILIEN Business","og_description":"Der Immobilienfonds UBS Swissreal meldet f\u00fcr das vergangene Jahr einen Zuwachs der Mietzinseinnahmen um 1,5 %. Die angek\u00fcndigte Kapitalerh\u00f6hung beginnt am 28. April.","og_url":"https:\/\/www.immobilienbusiness.ch\/de\/unternehmen\/2022-04-19\/ubs-swissreal-investiert-in-dietikon-lausanne-und-muttenz\/","og_site_name":"IMMOBILIEN Business","article_publisher":"https:\/\/www.facebook.com\/immobilienbusiness\/","article_published_time":"2022-04-19T07:04:50+00:00","article_modified_time":"2022-04-21T12:57:45+00:00","og_image":[{"width":1000,"height":667,"url":"https:\/\/www.immobilienbusiness.ch\/wp-content\/uploads\/2018\/07\/Depositphotos_43336157_m-2015.jpg","type":"image\/jpeg"}],"author":"Alexander Wachter","twitter_card":"summary_large_image","schema":{"@context":"https:\/\/schema.org","@graph":[{"@type":"Article","@id":"https:\/\/www.immobilienbusiness.ch\/fr\/unternehmen\/2022-04-19\/ubs-swissreal-investiert-in-dietikon-lausanne-und-muttenz\/#article","isPartOf":{"@id":"https:\/\/www.immobilienbusiness.ch\/fr\/unternehmen\/2022-04-19\/ubs-swissreal-investiert-in-dietikon-lausanne-und-muttenz\/"},"author":{"name":"Alexander Wachter","@id":"https:\/\/www.immobilienbusiness.ch\/#\/schema\/person\/aba8bea2db926aa0c24c08c43fe1fcd5"},"headline":"UBS Swissreal beginnt mit Kapitalerh\u00f6hung","datePublished":"2022-04-19T07:04:50+00:00","dateModified":"2022-04-21T12:57:45+00:00","mainEntityOfPage":{"@id":"https:\/\/www.immobilienbusiness.ch\/fr\/unternehmen\/2022-04-19\/ubs-swissreal-investiert-in-dietikon-lausanne-und-muttenz\/"},"wordCount":146,"publisher":{"@id":"https:\/\/www.immobilienbusiness.ch\/#organization"},"image":{"@id":"https:\/\/www.immobilienbusiness.ch\/fr\/unternehmen\/2022-04-19\/ubs-swissreal-investiert-in-dietikon-lausanne-und-muttenz\/#primaryimage"},"thumbnailUrl":"https:\/\/www.immobilienbusiness.ch\/wp-content\/uploads\/2018\/07\/Depositphotos_43336157_m-2015.jpg","keywords":["Dietikon","Immobilienfonds","Immobilienkauf","Kapitalerh\u00f6hung","Lausanne","Muttenz","Swissreal","UBS"],"articleSection":["UNTERNEHMEN"],"inLanguage":"de"},{"@type":"WebPage","@id":"https:\/\/www.immobilienbusiness.ch\/fr\/unternehmen\/2022-04-19\/ubs-swissreal-investiert-in-dietikon-lausanne-und-muttenz\/","url":"https:\/\/www.immobilienbusiness.ch\/fr\/unternehmen\/2022-04-19\/ubs-swissreal-investiert-in-dietikon-lausanne-und-muttenz\/","name":"UBS Swissreal beginnt mit Kapitalerh\u00f6hung - IMMOBILIEN Business","isPartOf":{"@id":"https:\/\/www.immobilienbusiness.ch\/#website"},"primaryImageOfPage":{"@id":"https:\/\/www.immobilienbusiness.ch\/fr\/unternehmen\/2022-04-19\/ubs-swissreal-investiert-in-dietikon-lausanne-und-muttenz\/#primaryimage"},"image":{"@id":"https:\/\/www.immobilienbusiness.ch\/fr\/unternehmen\/2022-04-19\/ubs-swissreal-investiert-in-dietikon-lausanne-und-muttenz\/#primaryimage"},"thumbnailUrl":"https:\/\/www.immobilienbusiness.ch\/wp-content\/uploads\/2018\/07\/Depositphotos_43336157_m-2015.jpg","datePublished":"2022-04-19T07:04:50+00:00","dateModified":"2022-04-21T12:57:45+00:00","description":"Der Immobilienfonds UBS Swissreal meldet f\u00fcr das vergangene Jahr einen Zuwachs der Mietzinseinnahmen um 1,5 %. Die angek\u00fcndigte Kapitalerh\u00f6hung beginnt am 28. April.","breadcrumb":{"@id":"https:\/\/www.immobilienbusiness.ch\/fr\/unternehmen\/2022-04-19\/ubs-swissreal-investiert-in-dietikon-lausanne-und-muttenz\/#breadcrumb"},"inLanguage":"de","potentialAction":[{"@type":"ReadAction","target":["https:\/\/www.immobilienbusiness.ch\/fr\/unternehmen\/2022-04-19\/ubs-swissreal-investiert-in-dietikon-lausanne-und-muttenz\/"]}]},{"@type":"ImageObject","inLanguage":"de","@id":"https:\/\/www.immobilienbusiness.ch\/fr\/unternehmen\/2022-04-19\/ubs-swissreal-investiert-in-dietikon-lausanne-und-muttenz\/#primaryimage","url":"https:\/\/www.immobilienbusiness.ch\/wp-content\/uploads\/2018\/07\/Depositphotos_43336157_m-2015.jpg","contentUrl":"https:\/\/www.immobilienbusiness.ch\/wp-content\/uploads\/2018\/07\/Depositphotos_43336157_m-2015.jpg","width":1000,"height":667,"caption":"Eine neue Anlagegruppe will Immobilien gr\u00fcner machen (Bild: Depositphotos)"},{"@type":"BreadcrumbList","@id":"https:\/\/www.immobilienbusiness.ch\/fr\/unternehmen\/2022-04-19\/ubs-swissreal-investiert-in-dietikon-lausanne-und-muttenz\/#breadcrumb","itemListElement":[{"@type":"ListItem","position":1,"name":"Home","item":"https:\/\/www.immobilienbusiness.ch\/"},{"@type":"ListItem","position":2,"name":"UBS Swissreal beginnt mit Kapitalerh\u00f6hung"}]},{"@type":"WebSite","@id":"https:\/\/www.immobilienbusiness.ch\/#website","url":"https:\/\/www.immobilienbusiness.ch\/","name":"IMMOBILIEN Business","description":"Unabh\u00e4ngiges Schweizer Wirtschaftsmagazin mit Fokus auf Immobilien, Architektur- und Bau sowie Investment- und Finanzierung.","publisher":{"@id":"https:\/\/www.immobilienbusiness.ch\/#organization"},"potentialAction":[{"@type":"SearchAction","target":{"@type":"EntryPoint","urlTemplate":"https:\/\/www.immobilienbusiness.ch\/?s={search_term_string}"},"query-input":{"@type":"PropertyValueSpecification","valueRequired":true,"valueName":"search_term_string"}}],"inLanguage":"de"},{"@type":"Organization","@id":"https:\/\/www.immobilienbusiness.ch\/#organization","name":"IMMOBILIEN Business","url":"https:\/\/www.immobilienbusiness.ch\/","logo":{"@type":"ImageObject","inLanguage":"de","@id":"https:\/\/www.immobilienbusiness.ch\/#\/schema\/logo\/image\/","url":"https:\/\/www.immobilienbusiness.ch\/wp-content\/uploads\/2021\/07\/logo_ib.png","contentUrl":"https:\/\/www.immobilienbusiness.ch\/wp-content\/uploads\/2021\/07\/logo_ib.png","width":800,"height":181,"caption":"IMMOBILIEN Business"},"image":{"@id":"https:\/\/www.immobilienbusiness.ch\/#\/schema\/logo\/image\/"},"sameAs":["https:\/\/www.facebook.com\/immobilienbusiness\/"]},{"@type":"Person","@id":"https:\/\/www.immobilienbusiness.ch\/#\/schema\/person\/aba8bea2db926aa0c24c08c43fe1fcd5","name":"Alexander Wachter","image":{"@type":"ImageObject","inLanguage":"de","@id":"https:\/\/secure.gravatar.com\/avatar\/1a09e471f5389b0e0a6416eac287e0927c7c97a7b77f9e787eba3af7aee281dd?s=96&d=mm&r=g","url":"https:\/\/secure.gravatar.com\/avatar\/1a09e471f5389b0e0a6416eac287e0927c7c97a7b77f9e787eba3af7aee281dd?s=96&d=mm&r=g","contentUrl":"https:\/\/secure.gravatar.com\/avatar\/1a09e471f5389b0e0a6416eac287e0927c7c97a7b77f9e787eba3af7aee281dd?s=96&d=mm&r=g","caption":"Alexander Wachter"},"url":"https:\/\/www.immobilienbusiness.ch\/de\/author\/alexander-wachter\/"}]}},"_links":{"self":[{"href":"https:\/\/www.immobilienbusiness.ch\/de\/wp-json\/wp\/v2\/posts\/42188","targetHints":{"allow":["GET"]}}],"collection":[{"href":"https:\/\/www.immobilienbusiness.ch\/de\/wp-json\/wp\/v2\/posts"}],"about":[{"href":"https:\/\/www.immobilienbusiness.ch\/de\/wp-json\/wp\/v2\/types\/post"}],"author":[{"embeddable":true,"href":"https:\/\/www.immobilienbusiness.ch\/de\/wp-json\/wp\/v2\/users\/102"}],"replies":[{"embeddable":true,"href":"https:\/\/www.immobilienbusiness.ch\/de\/wp-json\/wp\/v2\/comments?post=42188"}],"version-history":[{"count":26,"href":"https:\/\/www.immobilienbusiness.ch\/de\/wp-json\/wp\/v2\/posts\/42188\/revisions"}],"predecessor-version":[{"id":42337,"href":"https:\/\/www.immobilienbusiness.ch\/de\/wp-json\/wp\/v2\/posts\/42188\/revisions\/42337"}],"wp:featuredmedia":[{"embeddable":true,"href":"https:\/\/www.immobilienbusiness.ch\/de\/wp-json\/wp\/v2\/media\/13435"}],"wp:attachment":[{"href":"https:\/\/www.immobilienbusiness.ch\/de\/wp-json\/wp\/v2\/media?parent=42188"}],"wp:term":[{"taxonomy":"category","embeddable":true,"href":"https:\/\/www.immobilienbusiness.ch\/de\/wp-json\/wp\/v2\/categories?post=42188"},{"taxonomy":"post_tag","embeddable":true,"href":"https:\/\/www.immobilienbusiness.ch\/de\/wp-json\/wp\/v2\/tags?post=42188"}],"curies":[{"name":"wp","href":"https:\/\/api.w.org\/{rel}","templated":true}]}}