{"id":41995,"date":"2022-03-31T08:20:38","date_gmt":"2022-03-31T06:20:38","guid":{"rendered":"https:\/\/www.immobilienbusiness.ch\/?p=41995"},"modified":"2022-03-31T08:20:38","modified_gmt":"2022-03-31T06:20:38","slug":"stabuebergabe-bei-la-fonciere","status":"publish","type":"post","link":"https:\/\/www.immobilienbusiness.ch\/de\/personalia\/2022-03-31\/stabuebergabe-bei-la-fonciere\/","title":{"rendered":"Stab\u00fcbergabe bei La Fonci\u00e8re"},"content":{"rendered":"<figure id=\"attachment_41996\" aria-describedby=\"caption-attachment-41996\" style=\"width: 2560px\" class=\"wp-caption alignnone\"><a href=\"https:\/\/www.immobilienbusiness.ch\/wp-content\/uploads\/2022\/03\/Arnaud-de-Jamblinne-et-Michael-Loose-scaled.jpg\"><img loading=\"lazy\" decoding=\"async\" class=\"size-full wp-image-41996\" src=\"https:\/\/www.immobilienbusiness.ch\/wp-content\/uploads\/2022\/03\/Arnaud-de-Jamblinne-et-Michael-Loose-scaled.jpg\" alt=\"\" width=\"2560\" height=\"1709\" srcset=\"https:\/\/www.immobilienbusiness.ch\/wp-content\/uploads\/2022\/03\/Arnaud-de-Jamblinne-et-Michael-Loose-scaled.jpg 1200w, https:\/\/www.immobilienbusiness.ch\/wp-content\/uploads\/2022\/03\/Arnaud-de-Jamblinne-et-Michael-Loose-300x200.jpg 300w, https:\/\/www.immobilienbusiness.ch\/wp-content\/uploads\/2022\/03\/Arnaud-de-Jamblinne-et-Michael-Loose-1024x684.jpg 1024w, https:\/\/www.immobilienbusiness.ch\/wp-content\/uploads\/2022\/03\/Arnaud-de-Jamblinne-et-Michael-Loose-768x513.jpg 768w, https:\/\/www.immobilienbusiness.ch\/wp-content\/uploads\/2022\/03\/Arnaud-de-Jamblinne-et-Michael-Loose-1536x1025.jpg 1536w, https:\/\/www.immobilienbusiness.ch\/wp-content\/uploads\/2022\/03\/Arnaud-de-Jamblinne-et-Michael-Loose-2048x1367.jpg 2048w, https:\/\/www.immobilienbusiness.ch\/wp-content\/uploads\/2022\/03\/Arnaud-de-Jamblinne-et-Michael-Loose-18x12.jpg 18w, https:\/\/www.immobilienbusiness.ch\/wp-content\/uploads\/2022\/03\/Arnaud-de-Jamblinne-et-Michael-Loose-262x175.jpg 262w, https:\/\/www.immobilienbusiness.ch\/wp-content\/uploads\/2022\/03\/Arnaud-de-Jamblinne-et-Michael-Loose-524x350.jpg 524w, https:\/\/www.immobilienbusiness.ch\/wp-content\/uploads\/2022\/03\/Arnaud-de-Jamblinne-et-Michael-Loose-1198x800.jpg 1198w, https:\/\/www.immobilienbusiness.ch\/wp-content\/uploads\/2022\/03\/Arnaud-de-Jamblinne-et-Michael-Loose-920x614.jpg 920w\" sizes=\"auto, (max-width: 2560px) 100vw, 2560px\" \/><\/a><figcaption id=\"caption-attachment-41996\" class=\"wp-caption-text\">Arnaud de Jamblinne und Michael Loose (Quelle: Investissements Fonciers)<\/figcaption><\/figure>\n<p>Michael Loose \u00fcbernimmt seine neue Position als Generaldirektor bei La Fonci\u00e8re zum 31. M\u00e4rz 2022. Er folgt im Amt auf Arnaud de Jamblinne, der 25 Jahre lang als Generaldirektor t\u00e4tig war und f\u00fcr die Dienstleistungen des in Lausanne ans\u00e4ssigen Investmentmanagers Investissements Fonciers und die erfolgreiche Entwicklung des Investmentfonds La Fonci\u00e8re verantwortlich zeichnete: Die B\u00f6rsenkapitalisierung des 1954 gegr\u00fcndeten schweizerischen Immobilienanlagefonds betr\u00e4gt heute mehr als 2 Mrd. CHF.<\/p>\n<p>Michael Loose, diplomierter Architekt der EPFL, war in verschiedenen F\u00fchrungspositionen im Immobilienbereich im In- und Ausland t\u00e4tig, zuletzt als Managing Director bei Prime Living Management. Zuvor arbeitete er f\u00fcr die Unternehmen Siemens, UBS, die SBB und Coldwell Banker.<\/p>\n<p>\u00abIn Zusammenarbeit mit Herrn Thomas Vonaesch, dem f\u00fcr die Leitung des Immobilienportfolios zust\u00e4ndigen Direktor, wird Michael Loose \u00fcber alle Kompetenzen und die notwendige Unterst\u00fctzung verf\u00fcgen, um die von Arnaud de Jamblinne seit fast 25 Jahren erfolgreich gef\u00fchrte Strategie weiterzuf\u00fchren\u00bb, erkl\u00e4rte Albert Michel, Pr\u00e4sident des Verwaltungsrates von Investissements Fonciers SA, anl\u00e4sslich der Wahl des Nachfolgers von Arnaud de Jamblinne im vergangenen Herbst: \u00abMichael Loose wird unsere Firma und La Fonci\u00e8re weiterentwickeln und in ein f\u00fchrendes Kompetenzzentrum im Bereich der Immobilienanlagefonds in der Schweiz ausbauen k\u00f6nnen.\u00bb<\/p>\n<p>Die Direktion von Investissements Fonciers SA setzt sich ab dem 1. April 2022 wie folgt zusammen: Michael Loose, Generaldirektor, Thomas Vonaesch, Direktor Portfolio Management, Jean-Marie Pilloud, Direktor zust\u00e4ndig f\u00fcr Finanzen und Buchhaltung. <em>(bw)<\/em><\/p>\n","protected":false},"excerpt":{"rendered":"<p>Michael Loose ist neuer Generaldirektor des La Fonci\u00e8re. Er folgt auf Arnaud de Jamblinne, der seit 1997 an der Spitze des Fonds stand.<\/p>\n","protected":false},"author":3,"featured_media":41996,"comment_status":"closed","ping_status":"closed","sticky":false,"template":"","format":"standard","meta":{"_acf_changed":false,"_yoast_wpseo_focuskw":"Fonciere","_yoast_wpseo_title":"","_yoast_wpseo_metadesc":"Michael Loose ist neuer Generaldirektor des La Fonci\u00e8re. Er folgt auf Arnaud de Jamblinne, der seit 1997 an der Spitze des Fonds stand.","_yoast_wpseo_linkdex":49,"pgc_sgb_lightbox_settings":"","footnotes":""},"categories":[1912],"tags":[1344,1431,1563],"class_list":["post-41995","post","type-post","status-publish","format-standard","has-post-thumbnail","hentry","category-personalia","tag-immobilienfonds","tag-la-fonciere","tag-personalia"],"acf":[],"yoast_head":"<!-- This site is optimized with the Yoast SEO plugin v27.4 - https:\/\/yoast.com\/product\/yoast-seo-wordpress\/ -->\n<title>Stab\u00fcbergabe bei La Fonci\u00e8re - IMMOBILIEN Business<\/title>\n<meta name=\"description\" content=\"Michael Loose ist neuer Generaldirektor des La Fonci\u00e8re. Er folgt auf Arnaud de Jamblinne, der seit 1997 an der Spitze des Fonds stand.\" \/>\n<meta name=\"robots\" content=\"index, follow, max-snippet:-1, max-image-preview:large, max-video-preview:-1\" \/>\n<link rel=\"canonical\" href=\"https:\/\/www.immobilienbusiness.ch\/de\/personalia\/2022-03-31\/stabuebergabe-bei-la-fonciere\/\" \/>\n<meta property=\"og:locale\" content=\"de_DE\" \/>\n<meta property=\"og:type\" content=\"article\" \/>\n<meta property=\"og:title\" content=\"Stab\u00fcbergabe bei La Fonci\u00e8re - IMMOBILIEN Business\" \/>\n<meta property=\"og:description\" content=\"Michael Loose ist neuer Generaldirektor des La Fonci\u00e8re. Er folgt auf Arnaud de Jamblinne, der seit 1997 an der Spitze des Fonds stand.\" \/>\n<meta property=\"og:url\" content=\"https:\/\/www.immobilienbusiness.ch\/de\/personalia\/2022-03-31\/stabuebergabe-bei-la-fonciere\/\" \/>\n<meta property=\"og:site_name\" content=\"IMMOBILIEN Business\" \/>\n<meta property=\"article:publisher\" content=\"https:\/\/www.facebook.com\/immobilienbusiness\/\" \/>\n<meta property=\"article:published_time\" content=\"2022-03-31T06:20:38+00:00\" \/>\n<meta property=\"og:image\" content=\"https:\/\/www.immobilienbusiness.ch\/wp-content\/uploads\/2022\/03\/Arnaud-de-Jamblinne-et-Michael-Loose-scaled.jpg\" \/>\n\t<meta property=\"og:image:width\" content=\"1200\" \/>\n\t<meta property=\"og:image:height\" content=\"801\" \/>\n\t<meta property=\"og:image:type\" content=\"image\/jpeg\" \/>\n<meta name=\"author\" content=\"anja.hall\" \/>\n<meta name=\"twitter:card\" content=\"summary_large_image\" \/>\n<meta name=\"twitter:image\" content=\"https:\/\/www.immobilienbusiness.ch\/wp-content\/uploads\/2022\/03\/Arnaud-de-Jamblinne-et-Michael-Loose-scaled.jpg\" \/>\n<script type=\"application\/ld+json\" class=\"yoast-schema-graph\">{\"@context\":\"https:\\\/\\\/schema.org\",\"@graph\":[{\"@type\":\"Article\",\"@id\":\"https:\\\/\\\/www.immobilienbusiness.ch\\\/de\\\/personalia\\\/2022-03-31\\\/stabuebergabe-bei-la-fonciere\\\/#article\",\"isPartOf\":{\"@id\":\"https:\\\/\\\/www.immobilienbusiness.ch\\\/de\\\/personalia\\\/2022-03-31\\\/stabuebergabe-bei-la-fonciere\\\/\"},\"author\":{\"name\":\"anja.hall\",\"@id\":\"https:\\\/\\\/www.immobilienbusiness.ch\\\/#\\\/schema\\\/person\\\/3fc036297b10b9f42d6db5ee932af8c8\"},\"headline\":\"Stab\u00fcbergabe bei La Fonci\u00e8re\",\"datePublished\":\"2022-03-31T06:20:38+00:00\",\"mainEntityOfPage\":{\"@id\":\"https:\\\/\\\/www.immobilienbusiness.ch\\\/de\\\/personalia\\\/2022-03-31\\\/stabuebergabe-bei-la-fonciere\\\/\"},\"wordCount\":261,\"publisher\":{\"@id\":\"https:\\\/\\\/www.immobilienbusiness.ch\\\/#organization\"},\"image\":{\"@id\":\"https:\\\/\\\/www.immobilienbusiness.ch\\\/de\\\/personalia\\\/2022-03-31\\\/stabuebergabe-bei-la-fonciere\\\/#primaryimage\"},\"thumbnailUrl\":\"https:\\\/\\\/www.immobilienbusiness.ch\\\/wp-content\\\/uploads\\\/2022\\\/03\\\/Arnaud-de-Jamblinne-et-Michael-Loose-scaled.jpg\",\"keywords\":[\"Immobilienfonds\",\"La Fonci\u00e8re\",\"Personalia\"],\"articleSection\":[\"PERSONALIA\"],\"inLanguage\":\"de\"},{\"@type\":\"WebPage\",\"@id\":\"https:\\\/\\\/www.immobilienbusiness.ch\\\/de\\\/personalia\\\/2022-03-31\\\/stabuebergabe-bei-la-fonciere\\\/\",\"url\":\"https:\\\/\\\/www.immobilienbusiness.ch\\\/de\\\/personalia\\\/2022-03-31\\\/stabuebergabe-bei-la-fonciere\\\/\",\"name\":\"Stab\u00fcbergabe bei La Fonci\u00e8re - IMMOBILIEN Business\",\"isPartOf\":{\"@id\":\"https:\\\/\\\/www.immobilienbusiness.ch\\\/#website\"},\"primaryImageOfPage\":{\"@id\":\"https:\\\/\\\/www.immobilienbusiness.ch\\\/de\\\/personalia\\\/2022-03-31\\\/stabuebergabe-bei-la-fonciere\\\/#primaryimage\"},\"image\":{\"@id\":\"https:\\\/\\\/www.immobilienbusiness.ch\\\/de\\\/personalia\\\/2022-03-31\\\/stabuebergabe-bei-la-fonciere\\\/#primaryimage\"},\"thumbnailUrl\":\"https:\\\/\\\/www.immobilienbusiness.ch\\\/wp-content\\\/uploads\\\/2022\\\/03\\\/Arnaud-de-Jamblinne-et-Michael-Loose-scaled.jpg\",\"datePublished\":\"2022-03-31T06:20:38+00:00\",\"description\":\"Michael Loose ist neuer Generaldirektor des La Fonci\u00e8re. Er folgt auf Arnaud de Jamblinne, der seit 1997 an der Spitze des Fonds stand.\",\"breadcrumb\":{\"@id\":\"https:\\\/\\\/www.immobilienbusiness.ch\\\/de\\\/personalia\\\/2022-03-31\\\/stabuebergabe-bei-la-fonciere\\\/#breadcrumb\"},\"inLanguage\":\"de\",\"potentialAction\":[{\"@type\":\"ReadAction\",\"target\":[\"https:\\\/\\\/www.immobilienbusiness.ch\\\/de\\\/personalia\\\/2022-03-31\\\/stabuebergabe-bei-la-fonciere\\\/\"]}]},{\"@type\":\"ImageObject\",\"inLanguage\":\"de\",\"@id\":\"https:\\\/\\\/www.immobilienbusiness.ch\\\/de\\\/personalia\\\/2022-03-31\\\/stabuebergabe-bei-la-fonciere\\\/#primaryimage\",\"url\":\"https:\\\/\\\/www.immobilienbusiness.ch\\\/wp-content\\\/uploads\\\/2022\\\/03\\\/Arnaud-de-Jamblinne-et-Michael-Loose-scaled.jpg\",\"contentUrl\":\"https:\\\/\\\/www.immobilienbusiness.ch\\\/wp-content\\\/uploads\\\/2022\\\/03\\\/Arnaud-de-Jamblinne-et-Michael-Loose-scaled.jpg\",\"width\":1200,\"height\":801,\"caption\":\"Arnaud de Jamblinne und Michael Loose (Quelle: Investissements Fonciers)\"},{\"@type\":\"BreadcrumbList\",\"@id\":\"https:\\\/\\\/www.immobilienbusiness.ch\\\/de\\\/personalia\\\/2022-03-31\\\/stabuebergabe-bei-la-fonciere\\\/#breadcrumb\",\"itemListElement\":[{\"@type\":\"ListItem\",\"position\":1,\"name\":\"Home\",\"item\":\"https:\\\/\\\/www.immobilienbusiness.ch\\\/\"},{\"@type\":\"ListItem\",\"position\":2,\"name\":\"Stab\u00fcbergabe bei La Fonci\u00e8re\"}]},{\"@type\":\"WebSite\",\"@id\":\"https:\\\/\\\/www.immobilienbusiness.ch\\\/#website\",\"url\":\"https:\\\/\\\/www.immobilienbusiness.ch\\\/\",\"name\":\"IMMOBILIEN Business\",\"description\":\"Unabh\u00e4ngiges Schweizer Wirtschaftsmagazin mit Fokus auf Immobilien, Architektur- und Bau sowie Investment- und Finanzierung.\",\"publisher\":{\"@id\":\"https:\\\/\\\/www.immobilienbusiness.ch\\\/#organization\"},\"potentialAction\":[{\"@type\":\"SearchAction\",\"target\":{\"@type\":\"EntryPoint\",\"urlTemplate\":\"https:\\\/\\\/www.immobilienbusiness.ch\\\/?s={search_term_string}\"},\"query-input\":{\"@type\":\"PropertyValueSpecification\",\"valueRequired\":true,\"valueName\":\"search_term_string\"}}],\"inLanguage\":\"de\"},{\"@type\":\"Organization\",\"@id\":\"https:\\\/\\\/www.immobilienbusiness.ch\\\/#organization\",\"name\":\"IMMOBILIEN Business\",\"url\":\"https:\\\/\\\/www.immobilienbusiness.ch\\\/\",\"logo\":{\"@type\":\"ImageObject\",\"inLanguage\":\"de\",\"@id\":\"https:\\\/\\\/www.immobilienbusiness.ch\\\/#\\\/schema\\\/logo\\\/image\\\/\",\"url\":\"https:\\\/\\\/www.immobilienbusiness.ch\\\/wp-content\\\/uploads\\\/2021\\\/07\\\/logo_ib.png\",\"contentUrl\":\"https:\\\/\\\/www.immobilienbusiness.ch\\\/wp-content\\\/uploads\\\/2021\\\/07\\\/logo_ib.png\",\"width\":800,\"height\":181,\"caption\":\"IMMOBILIEN Business\"},\"image\":{\"@id\":\"https:\\\/\\\/www.immobilienbusiness.ch\\\/#\\\/schema\\\/logo\\\/image\\\/\"},\"sameAs\":[\"https:\\\/\\\/www.facebook.com\\\/immobilienbusiness\\\/\"]},{\"@type\":\"Person\",\"@id\":\"https:\\\/\\\/www.immobilienbusiness.ch\\\/#\\\/schema\\\/person\\\/3fc036297b10b9f42d6db5ee932af8c8\",\"name\":\"anja.hall\",\"image\":{\"@type\":\"ImageObject\",\"inLanguage\":\"de\",\"@id\":\"https:\\\/\\\/secure.gravatar.com\\\/avatar\\\/066b5a0d447013502c71a5782f4f3469f03cfe595cc2329fb94652fe47511bfb?s=96&d=mm&r=g\",\"url\":\"https:\\\/\\\/secure.gravatar.com\\\/avatar\\\/066b5a0d447013502c71a5782f4f3469f03cfe595cc2329fb94652fe47511bfb?s=96&d=mm&r=g\",\"contentUrl\":\"https:\\\/\\\/secure.gravatar.com\\\/avatar\\\/066b5a0d447013502c71a5782f4f3469f03cfe595cc2329fb94652fe47511bfb?s=96&d=mm&r=g\",\"caption\":\"anja.hall\"},\"url\":\"https:\\\/\\\/www.immobilienbusiness.ch\\\/de\\\/author\\\/anja-hall\\\/\"}]}<\/script>\n<!-- \/ Yoast SEO plugin. -->","yoast_head_json":{"title":"Stab\u00fcbergabe bei La Fonci\u00e8re - IMMOBILIEN Business","description":"Michael Loose ist neuer Generaldirektor des La Fonci\u00e8re. Er folgt auf Arnaud de Jamblinne, der seit 1997 an der Spitze des Fonds stand.","robots":{"index":"index","follow":"follow","max-snippet":"max-snippet:-1","max-image-preview":"max-image-preview:large","max-video-preview":"max-video-preview:-1"},"canonical":"https:\/\/www.immobilienbusiness.ch\/de\/personalia\/2022-03-31\/stabuebergabe-bei-la-fonciere\/","og_locale":"de_DE","og_type":"article","og_title":"Stab\u00fcbergabe bei La Fonci\u00e8re - IMMOBILIEN Business","og_description":"Michael Loose ist neuer Generaldirektor des La Fonci\u00e8re. Er folgt auf Arnaud de Jamblinne, der seit 1997 an der Spitze des Fonds stand.","og_url":"https:\/\/www.immobilienbusiness.ch\/de\/personalia\/2022-03-31\/stabuebergabe-bei-la-fonciere\/","og_site_name":"IMMOBILIEN Business","article_publisher":"https:\/\/www.facebook.com\/immobilienbusiness\/","article_published_time":"2022-03-31T06:20:38+00:00","og_image":[{"width":1200,"height":801,"url":"https:\/\/www.immobilienbusiness.ch\/wp-content\/uploads\/2022\/03\/Arnaud-de-Jamblinne-et-Michael-Loose-scaled.jpg","type":"image\/jpeg"}],"author":"anja.hall","twitter_card":"summary_large_image","twitter_image":"https:\/\/www.immobilienbusiness.ch\/wp-content\/uploads\/2022\/03\/Arnaud-de-Jamblinne-et-Michael-Loose-scaled.jpg","schema":{"@context":"https:\/\/schema.org","@graph":[{"@type":"Article","@id":"https:\/\/www.immobilienbusiness.ch\/de\/personalia\/2022-03-31\/stabuebergabe-bei-la-fonciere\/#article","isPartOf":{"@id":"https:\/\/www.immobilienbusiness.ch\/de\/personalia\/2022-03-31\/stabuebergabe-bei-la-fonciere\/"},"author":{"name":"anja.hall","@id":"https:\/\/www.immobilienbusiness.ch\/#\/schema\/person\/3fc036297b10b9f42d6db5ee932af8c8"},"headline":"Stab\u00fcbergabe bei La Fonci\u00e8re","datePublished":"2022-03-31T06:20:38+00:00","mainEntityOfPage":{"@id":"https:\/\/www.immobilienbusiness.ch\/de\/personalia\/2022-03-31\/stabuebergabe-bei-la-fonciere\/"},"wordCount":261,"publisher":{"@id":"https:\/\/www.immobilienbusiness.ch\/#organization"},"image":{"@id":"https:\/\/www.immobilienbusiness.ch\/de\/personalia\/2022-03-31\/stabuebergabe-bei-la-fonciere\/#primaryimage"},"thumbnailUrl":"https:\/\/www.immobilienbusiness.ch\/wp-content\/uploads\/2022\/03\/Arnaud-de-Jamblinne-et-Michael-Loose-scaled.jpg","keywords":["Immobilienfonds","La Fonci\u00e8re","Personalia"],"articleSection":["PERSONALIA"],"inLanguage":"de"},{"@type":"WebPage","@id":"https:\/\/www.immobilienbusiness.ch\/de\/personalia\/2022-03-31\/stabuebergabe-bei-la-fonciere\/","url":"https:\/\/www.immobilienbusiness.ch\/de\/personalia\/2022-03-31\/stabuebergabe-bei-la-fonciere\/","name":"Stab\u00fcbergabe bei La Fonci\u00e8re - IMMOBILIEN Business","isPartOf":{"@id":"https:\/\/www.immobilienbusiness.ch\/#website"},"primaryImageOfPage":{"@id":"https:\/\/www.immobilienbusiness.ch\/de\/personalia\/2022-03-31\/stabuebergabe-bei-la-fonciere\/#primaryimage"},"image":{"@id":"https:\/\/www.immobilienbusiness.ch\/de\/personalia\/2022-03-31\/stabuebergabe-bei-la-fonciere\/#primaryimage"},"thumbnailUrl":"https:\/\/www.immobilienbusiness.ch\/wp-content\/uploads\/2022\/03\/Arnaud-de-Jamblinne-et-Michael-Loose-scaled.jpg","datePublished":"2022-03-31T06:20:38+00:00","description":"Michael Loose ist neuer Generaldirektor des La Fonci\u00e8re. Er folgt auf Arnaud de Jamblinne, der seit 1997 an der Spitze des Fonds stand.","breadcrumb":{"@id":"https:\/\/www.immobilienbusiness.ch\/de\/personalia\/2022-03-31\/stabuebergabe-bei-la-fonciere\/#breadcrumb"},"inLanguage":"de","potentialAction":[{"@type":"ReadAction","target":["https:\/\/www.immobilienbusiness.ch\/de\/personalia\/2022-03-31\/stabuebergabe-bei-la-fonciere\/"]}]},{"@type":"ImageObject","inLanguage":"de","@id":"https:\/\/www.immobilienbusiness.ch\/de\/personalia\/2022-03-31\/stabuebergabe-bei-la-fonciere\/#primaryimage","url":"https:\/\/www.immobilienbusiness.ch\/wp-content\/uploads\/2022\/03\/Arnaud-de-Jamblinne-et-Michael-Loose-scaled.jpg","contentUrl":"https:\/\/www.immobilienbusiness.ch\/wp-content\/uploads\/2022\/03\/Arnaud-de-Jamblinne-et-Michael-Loose-scaled.jpg","width":1200,"height":801,"caption":"Arnaud de Jamblinne und Michael Loose (Quelle: Investissements Fonciers)"},{"@type":"BreadcrumbList","@id":"https:\/\/www.immobilienbusiness.ch\/de\/personalia\/2022-03-31\/stabuebergabe-bei-la-fonciere\/#breadcrumb","itemListElement":[{"@type":"ListItem","position":1,"name":"Home","item":"https:\/\/www.immobilienbusiness.ch\/"},{"@type":"ListItem","position":2,"name":"Stab\u00fcbergabe bei La Fonci\u00e8re"}]},{"@type":"WebSite","@id":"https:\/\/www.immobilienbusiness.ch\/#website","url":"https:\/\/www.immobilienbusiness.ch\/","name":"IMMOBILIEN Business","description":"Unabh\u00e4ngiges Schweizer Wirtschaftsmagazin mit Fokus auf Immobilien, Architektur- und Bau sowie Investment- und Finanzierung.","publisher":{"@id":"https:\/\/www.immobilienbusiness.ch\/#organization"},"potentialAction":[{"@type":"SearchAction","target":{"@type":"EntryPoint","urlTemplate":"https:\/\/www.immobilienbusiness.ch\/?s={search_term_string}"},"query-input":{"@type":"PropertyValueSpecification","valueRequired":true,"valueName":"search_term_string"}}],"inLanguage":"de"},{"@type":"Organization","@id":"https:\/\/www.immobilienbusiness.ch\/#organization","name":"IMMOBILIEN Business","url":"https:\/\/www.immobilienbusiness.ch\/","logo":{"@type":"ImageObject","inLanguage":"de","@id":"https:\/\/www.immobilienbusiness.ch\/#\/schema\/logo\/image\/","url":"https:\/\/www.immobilienbusiness.ch\/wp-content\/uploads\/2021\/07\/logo_ib.png","contentUrl":"https:\/\/www.immobilienbusiness.ch\/wp-content\/uploads\/2021\/07\/logo_ib.png","width":800,"height":181,"caption":"IMMOBILIEN Business"},"image":{"@id":"https:\/\/www.immobilienbusiness.ch\/#\/schema\/logo\/image\/"},"sameAs":["https:\/\/www.facebook.com\/immobilienbusiness\/"]},{"@type":"Person","@id":"https:\/\/www.immobilienbusiness.ch\/#\/schema\/person\/3fc036297b10b9f42d6db5ee932af8c8","name":"anja.hall","image":{"@type":"ImageObject","inLanguage":"de","@id":"https:\/\/secure.gravatar.com\/avatar\/066b5a0d447013502c71a5782f4f3469f03cfe595cc2329fb94652fe47511bfb?s=96&d=mm&r=g","url":"https:\/\/secure.gravatar.com\/avatar\/066b5a0d447013502c71a5782f4f3469f03cfe595cc2329fb94652fe47511bfb?s=96&d=mm&r=g","contentUrl":"https:\/\/secure.gravatar.com\/avatar\/066b5a0d447013502c71a5782f4f3469f03cfe595cc2329fb94652fe47511bfb?s=96&d=mm&r=g","caption":"anja.hall"},"url":"https:\/\/www.immobilienbusiness.ch\/de\/author\/anja-hall\/"}]}},"_links":{"self":[{"href":"https:\/\/www.immobilienbusiness.ch\/de\/wp-json\/wp\/v2\/posts\/41995","targetHints":{"allow":["GET"]}}],"collection":[{"href":"https:\/\/www.immobilienbusiness.ch\/de\/wp-json\/wp\/v2\/posts"}],"about":[{"href":"https:\/\/www.immobilienbusiness.ch\/de\/wp-json\/wp\/v2\/types\/post"}],"author":[{"embeddable":true,"href":"https:\/\/www.immobilienbusiness.ch\/de\/wp-json\/wp\/v2\/users\/3"}],"replies":[{"embeddable":true,"href":"https:\/\/www.immobilienbusiness.ch\/de\/wp-json\/wp\/v2\/comments?post=41995"}],"version-history":[{"count":2,"href":"https:\/\/www.immobilienbusiness.ch\/de\/wp-json\/wp\/v2\/posts\/41995\/revisions"}],"predecessor-version":[{"id":41998,"href":"https:\/\/www.immobilienbusiness.ch\/de\/wp-json\/wp\/v2\/posts\/41995\/revisions\/41998"}],"wp:featuredmedia":[{"embeddable":true,"href":"https:\/\/www.immobilienbusiness.ch\/de\/wp-json\/wp\/v2\/media\/41996"}],"wp:attachment":[{"href":"https:\/\/www.immobilienbusiness.ch\/de\/wp-json\/wp\/v2\/media?parent=41995"}],"wp:term":[{"taxonomy":"category","embeddable":true,"href":"https:\/\/www.immobilienbusiness.ch\/de\/wp-json\/wp\/v2\/categories?post=41995"},{"taxonomy":"post_tag","embeddable":true,"href":"https:\/\/www.immobilienbusiness.ch\/de\/wp-json\/wp\/v2\/tags?post=41995"}],"curies":[{"name":"wp","href":"https:\/\/api.w.org\/{rel}","templated":true}]}}