{"id":41275,"date":"2021-05-07T12:39:23","date_gmt":"2021-05-07T10:39:23","guid":{"rendered":"https:\/\/develop.immobilienbusiness.ch\/de\/allgemein\/2021-05-07\/dubendorf-start-fur-erweiterung-des-empa-eawag-forschungscampus\/"},"modified":"2023-07-01T15:28:47","modified_gmt":"2023-07-01T13:28:47","slug":"dubendorf-start-fur-erweiterung-des-empa-eawag-forschungscampus","status":"publish","type":"post","link":"https:\/\/www.immobilienbusiness.ch\/de\/ib\/2021-05-07\/dubendorf-start-fur-erweiterung-des-empa-eawag-forschungscampus\/","title":{"rendered":"D\u00fcbendorf: Start f\u00fcr Erweiterung des Empa-\/Eawag-Forschungscampus"},"content":{"rendered":"<div class=\"swpm-post-not-logged-in-msg\">Du musst angemeldet sein, um diesen Inhalt sehen zu k\u00f6nnen. Bitte <a class=\"swpm-login-link\" href=\"https:\/\/www.immobilienbusiness.ch\/login\/?swpm_redirect_to=https%3A%2F%2Fwww.immobilienbusiness.ch%2Fde%2Fwp-json%2Fwp%2Fv2%2Fposts%2F41275\">Einloggen<\/a>. Kein Mitglied? <a href=\"https:\/\/www.immobilienbusiness.ch\/registrieren\/\">Noch kein Mitglied? Registriere dich hier! <\/a><\/div>","protected":false},"excerpt":{"rendered":"<p><span><span><span><span><span>Die Eidgen\u00f6ssischen Forschungsanstalten\u00a0Empa und Eawag haben am 5. Mai den Startschuss f\u00fcr die Erweiterung ihres Campus an der \u00dcberlandstrasse in D\u00fcbendorf gegeben. Nach den Pl\u00e4nen von SAM Architekten entstehen\u00a0dort ein neues Laborgeb\u00e4ude sowie weitere\u00a0<\/span><\/span><\/span><\/span><\/span><span><span><span>Begegnungs-, B\u00fcro- und Versuchsfl\u00e4chen sowie ein Parkhaus.<\/span><\/span><\/span><\/p>\n","protected":false},"author":4,"featured_media":0,"comment_status":"closed","ping_status":"closed","sticky":false,"template":"","format":"standard","meta":{"_acf_changed":false,"_yoast_wpseo_focuskw":"Laborgeb\u00e4ude","_yoast_wpseo_title":"","_yoast_wpseo_metadesc":"Die Eidgen\u00f6ssischen Forschungsanstalten Empa und Eawag haben am 5. Mai den Startschuss f\u00fcr die Erweiterung ihres Campus an der \u00dcberlandstrasse in D\u00fcbendorf gegeben. Nach den Pl\u00e4nen von SAM Architekten entstehen dort ein neues Laborgeb\u00e4ude sowie weitere Begegnungs-, B\u00fcro- und Versuchsfl\u00e4chen sowie ein Parkhaus.","_yoast_wpseo_linkdex":56,"pgc_sgb_lightbox_settings":"","footnotes":""},"categories":[1951],"tags":[1118,1254,1964,1969,1515,1978],"class_list":["post-41275","post","type-post","status-publish","format-standard","hentry","category-ib","tag-buero","tag-gastronomie","tag-in-bau","tag-industrie","tag-nachhaltigkeit","tag-zh"],"acf":[],"yoast_head":"<!-- This site is optimized with the Yoast SEO plugin v27.4 - https:\/\/yoast.com\/product\/yoast-seo-wordpress\/ -->\n<title>D\u00fcbendorf: Start f\u00fcr Erweiterung des Empa-\/Eawag-Forschungscampus - IMMOBILIEN Business<\/title>\n<meta name=\"description\" content=\"Die Eidgen\u00f6ssischen Forschungsanstalten Empa und Eawag haben am 5. Mai den Startschuss f\u00fcr die Erweiterung ihres Campus an der \u00dcberlandstrasse in D\u00fcbendorf gegeben. Nach den Pl\u00e4nen von SAM Architekten entstehen dort ein neues Laborgeb\u00e4ude sowie weitere Begegnungs-, B\u00fcro- und Versuchsfl\u00e4chen sowie ein Parkhaus.\" \/>\n<meta name=\"robots\" content=\"index, follow, max-snippet:-1, max-image-preview:large, max-video-preview:-1\" \/>\n<link rel=\"canonical\" href=\"https:\/\/www.immobilienbusiness.ch\/de\/ib\/2021-05-07\/dubendorf-start-fur-erweiterung-des-empa-eawag-forschungscampus\/\" \/>\n<meta property=\"og:locale\" content=\"de_DE\" \/>\n<meta property=\"og:type\" content=\"article\" \/>\n<meta property=\"og:title\" content=\"D\u00fcbendorf: Start f\u00fcr Erweiterung des Empa-\/Eawag-Forschungscampus - IMMOBILIEN Business\" \/>\n<meta property=\"og:description\" content=\"Die Eidgen\u00f6ssischen Forschungsanstalten Empa und Eawag haben am 5. Mai den Startschuss f\u00fcr die Erweiterung ihres Campus an der \u00dcberlandstrasse in D\u00fcbendorf gegeben. Nach den Pl\u00e4nen von SAM Architekten entstehen dort ein neues Laborgeb\u00e4ude sowie weitere Begegnungs-, B\u00fcro- und Versuchsfl\u00e4chen sowie ein Parkhaus.\" \/>\n<meta property=\"og:url\" content=\"https:\/\/www.immobilienbusiness.ch\/de\/ib\/2021-05-07\/dubendorf-start-fur-erweiterung-des-empa-eawag-forschungscampus\/\" \/>\n<meta property=\"og:site_name\" content=\"IMMOBILIEN Business\" \/>\n<meta property=\"article:publisher\" content=\"https:\/\/www.facebook.com\/immobilienbusiness\/\" \/>\n<meta property=\"article:published_time\" content=\"2021-05-07T10:39:23+00:00\" \/>\n<meta property=\"article:modified_time\" content=\"2023-07-01T13:28:47+00:00\" \/>\n<meta name=\"author\" content=\"mathias.rinka\" \/>\n<meta name=\"twitter:card\" content=\"summary_large_image\" \/>\n<script type=\"application\/ld+json\" class=\"yoast-schema-graph\">{\"@context\":\"https:\\\/\\\/schema.org\",\"@graph\":[{\"@type\":\"Article\",\"@id\":\"https:\\\/\\\/www.immobilienbusiness.ch\\\/fr\\\/ib\\\/2021-05-07\\\/dubendorf-start-fur-erweiterung-des-empa-eawag-forschungscampus\\\/#article\",\"isPartOf\":{\"@id\":\"https:\\\/\\\/www.immobilienbusiness.ch\\\/fr\\\/ib\\\/2021-05-07\\\/dubendorf-start-fur-erweiterung-des-empa-eawag-forschungscampus\\\/\"},\"author\":{\"name\":\"mathias.rinka\",\"@id\":\"https:\\\/\\\/www.immobilienbusiness.ch\\\/#\\\/schema\\\/person\\\/31be7383261ea656cfe52cad71fdc211\"},\"headline\":\"D\u00fcbendorf: Start f\u00fcr Erweiterung des Empa-\\\/Eawag-Forschungscampus\",\"datePublished\":\"2021-05-07T10:39:23+00:00\",\"dateModified\":\"2023-07-01T13:28:47+00:00\",\"mainEntityOfPage\":{\"@id\":\"https:\\\/\\\/www.immobilienbusiness.ch\\\/fr\\\/ib\\\/2021-05-07\\\/dubendorf-start-fur-erweiterung-des-empa-eawag-forschungscampus\\\/\"},\"wordCount\":386,\"publisher\":{\"@id\":\"https:\\\/\\\/www.immobilienbusiness.ch\\\/#organization\"},\"keywords\":[\"B\u00fcro\",\"Gastronomie\",\"in Bau\",\"Industrie\",\"Nachhaltigkeit\",\"ZH\"],\"articleSection\":[\"IB+\"],\"inLanguage\":\"de\"},{\"@type\":\"WebPage\",\"@id\":\"https:\\\/\\\/www.immobilienbusiness.ch\\\/fr\\\/ib\\\/2021-05-07\\\/dubendorf-start-fur-erweiterung-des-empa-eawag-forschungscampus\\\/\",\"url\":\"https:\\\/\\\/www.immobilienbusiness.ch\\\/fr\\\/ib\\\/2021-05-07\\\/dubendorf-start-fur-erweiterung-des-empa-eawag-forschungscampus\\\/\",\"name\":\"D\u00fcbendorf: Start f\u00fcr Erweiterung des Empa-\\\/Eawag-Forschungscampus - IMMOBILIEN Business\",\"isPartOf\":{\"@id\":\"https:\\\/\\\/www.immobilienbusiness.ch\\\/#website\"},\"datePublished\":\"2021-05-07T10:39:23+00:00\",\"dateModified\":\"2023-07-01T13:28:47+00:00\",\"description\":\"Die Eidgen\u00f6ssischen Forschungsanstalten Empa und Eawag haben am 5. Mai den Startschuss f\u00fcr die Erweiterung ihres Campus an der \u00dcberlandstrasse in D\u00fcbendorf gegeben. Nach den Pl\u00e4nen von SAM Architekten entstehen dort ein neues Laborgeb\u00e4ude sowie weitere Begegnungs-, B\u00fcro- und Versuchsfl\u00e4chen sowie ein Parkhaus.\",\"breadcrumb\":{\"@id\":\"https:\\\/\\\/www.immobilienbusiness.ch\\\/fr\\\/ib\\\/2021-05-07\\\/dubendorf-start-fur-erweiterung-des-empa-eawag-forschungscampus\\\/#breadcrumb\"},\"inLanguage\":\"de\",\"potentialAction\":[{\"@type\":\"ReadAction\",\"target\":[\"https:\\\/\\\/www.immobilienbusiness.ch\\\/fr\\\/ib\\\/2021-05-07\\\/dubendorf-start-fur-erweiterung-des-empa-eawag-forschungscampus\\\/\"]}]},{\"@type\":\"BreadcrumbList\",\"@id\":\"https:\\\/\\\/www.immobilienbusiness.ch\\\/fr\\\/ib\\\/2021-05-07\\\/dubendorf-start-fur-erweiterung-des-empa-eawag-forschungscampus\\\/#breadcrumb\",\"itemListElement\":[{\"@type\":\"ListItem\",\"position\":1,\"name\":\"Home\",\"item\":\"https:\\\/\\\/www.immobilienbusiness.ch\\\/\"},{\"@type\":\"ListItem\",\"position\":2,\"name\":\"D\u00fcbendorf: Start f\u00fcr Erweiterung des Empa-\\\/Eawag-Forschungscampus\"}]},{\"@type\":\"WebSite\",\"@id\":\"https:\\\/\\\/www.immobilienbusiness.ch\\\/#website\",\"url\":\"https:\\\/\\\/www.immobilienbusiness.ch\\\/\",\"name\":\"IMMOBILIEN Business\",\"description\":\"Unabh\u00e4ngiges Schweizer Wirtschaftsmagazin mit Fokus auf Immobilien, Architektur- und Bau sowie Investment- und Finanzierung.\",\"publisher\":{\"@id\":\"https:\\\/\\\/www.immobilienbusiness.ch\\\/#organization\"},\"potentialAction\":[{\"@type\":\"SearchAction\",\"target\":{\"@type\":\"EntryPoint\",\"urlTemplate\":\"https:\\\/\\\/www.immobilienbusiness.ch\\\/?s={search_term_string}\"},\"query-input\":{\"@type\":\"PropertyValueSpecification\",\"valueRequired\":true,\"valueName\":\"search_term_string\"}}],\"inLanguage\":\"de\"},{\"@type\":\"Organization\",\"@id\":\"https:\\\/\\\/www.immobilienbusiness.ch\\\/#organization\",\"name\":\"IMMOBILIEN Business\",\"url\":\"https:\\\/\\\/www.immobilienbusiness.ch\\\/\",\"logo\":{\"@type\":\"ImageObject\",\"inLanguage\":\"de\",\"@id\":\"https:\\\/\\\/www.immobilienbusiness.ch\\\/#\\\/schema\\\/logo\\\/image\\\/\",\"url\":\"https:\\\/\\\/www.immobilienbusiness.ch\\\/wp-content\\\/uploads\\\/2021\\\/07\\\/logo_ib.png\",\"contentUrl\":\"https:\\\/\\\/www.immobilienbusiness.ch\\\/wp-content\\\/uploads\\\/2021\\\/07\\\/logo_ib.png\",\"width\":800,\"height\":181,\"caption\":\"IMMOBILIEN Business\"},\"image\":{\"@id\":\"https:\\\/\\\/www.immobilienbusiness.ch\\\/#\\\/schema\\\/logo\\\/image\\\/\"},\"sameAs\":[\"https:\\\/\\\/www.facebook.com\\\/immobilienbusiness\\\/\"]},{\"@type\":\"Person\",\"@id\":\"https:\\\/\\\/www.immobilienbusiness.ch\\\/#\\\/schema\\\/person\\\/31be7383261ea656cfe52cad71fdc211\",\"name\":\"mathias.rinka\",\"image\":{\"@type\":\"ImageObject\",\"inLanguage\":\"de\",\"@id\":\"https:\\\/\\\/secure.gravatar.com\\\/avatar\\\/?s=96&d=mm&r=g\",\"url\":\"https:\\\/\\\/secure.gravatar.com\\\/avatar\\\/?s=96&d=mm&r=g\",\"contentUrl\":\"https:\\\/\\\/secure.gravatar.com\\\/avatar\\\/?s=96&d=mm&r=g\",\"caption\":\"mathias.rinka\"},\"url\":\"https:\\\/\\\/www.immobilienbusiness.ch\\\/de\\\/author\\\/mathias-rinka\\\/\"}]}<\/script>\n<!-- \/ Yoast SEO plugin. -->","yoast_head_json":{"title":"D\u00fcbendorf: Start f\u00fcr Erweiterung des Empa-\/Eawag-Forschungscampus - IMMOBILIEN Business","description":"Die Eidgen\u00f6ssischen Forschungsanstalten Empa und Eawag haben am 5. Mai den Startschuss f\u00fcr die Erweiterung ihres Campus an der \u00dcberlandstrasse in D\u00fcbendorf gegeben. Nach den Pl\u00e4nen von SAM Architekten entstehen dort ein neues Laborgeb\u00e4ude sowie weitere Begegnungs-, B\u00fcro- und Versuchsfl\u00e4chen sowie ein Parkhaus.","robots":{"index":"index","follow":"follow","max-snippet":"max-snippet:-1","max-image-preview":"max-image-preview:large","max-video-preview":"max-video-preview:-1"},"canonical":"https:\/\/www.immobilienbusiness.ch\/de\/ib\/2021-05-07\/dubendorf-start-fur-erweiterung-des-empa-eawag-forschungscampus\/","og_locale":"de_DE","og_type":"article","og_title":"D\u00fcbendorf: Start f\u00fcr Erweiterung des Empa-\/Eawag-Forschungscampus - IMMOBILIEN Business","og_description":"Die Eidgen\u00f6ssischen Forschungsanstalten Empa und Eawag haben am 5. Mai den Startschuss f\u00fcr die Erweiterung ihres Campus an der \u00dcberlandstrasse in D\u00fcbendorf gegeben. Nach den Pl\u00e4nen von SAM Architekten entstehen dort ein neues Laborgeb\u00e4ude sowie weitere Begegnungs-, B\u00fcro- und Versuchsfl\u00e4chen sowie ein Parkhaus.","og_url":"https:\/\/www.immobilienbusiness.ch\/de\/ib\/2021-05-07\/dubendorf-start-fur-erweiterung-des-empa-eawag-forschungscampus\/","og_site_name":"IMMOBILIEN Business","article_publisher":"https:\/\/www.facebook.com\/immobilienbusiness\/","article_published_time":"2021-05-07T10:39:23+00:00","article_modified_time":"2023-07-01T13:28:47+00:00","author":"mathias.rinka","twitter_card":"summary_large_image","schema":{"@context":"https:\/\/schema.org","@graph":[{"@type":"Article","@id":"https:\/\/www.immobilienbusiness.ch\/fr\/ib\/2021-05-07\/dubendorf-start-fur-erweiterung-des-empa-eawag-forschungscampus\/#article","isPartOf":{"@id":"https:\/\/www.immobilienbusiness.ch\/fr\/ib\/2021-05-07\/dubendorf-start-fur-erweiterung-des-empa-eawag-forschungscampus\/"},"author":{"name":"mathias.rinka","@id":"https:\/\/www.immobilienbusiness.ch\/#\/schema\/person\/31be7383261ea656cfe52cad71fdc211"},"headline":"D\u00fcbendorf: Start f\u00fcr Erweiterung des Empa-\/Eawag-Forschungscampus","datePublished":"2021-05-07T10:39:23+00:00","dateModified":"2023-07-01T13:28:47+00:00","mainEntityOfPage":{"@id":"https:\/\/www.immobilienbusiness.ch\/fr\/ib\/2021-05-07\/dubendorf-start-fur-erweiterung-des-empa-eawag-forschungscampus\/"},"wordCount":386,"publisher":{"@id":"https:\/\/www.immobilienbusiness.ch\/#organization"},"keywords":["B\u00fcro","Gastronomie","in Bau","Industrie","Nachhaltigkeit","ZH"],"articleSection":["IB+"],"inLanguage":"de"},{"@type":"WebPage","@id":"https:\/\/www.immobilienbusiness.ch\/fr\/ib\/2021-05-07\/dubendorf-start-fur-erweiterung-des-empa-eawag-forschungscampus\/","url":"https:\/\/www.immobilienbusiness.ch\/fr\/ib\/2021-05-07\/dubendorf-start-fur-erweiterung-des-empa-eawag-forschungscampus\/","name":"D\u00fcbendorf: Start f\u00fcr Erweiterung des Empa-\/Eawag-Forschungscampus - IMMOBILIEN Business","isPartOf":{"@id":"https:\/\/www.immobilienbusiness.ch\/#website"},"datePublished":"2021-05-07T10:39:23+00:00","dateModified":"2023-07-01T13:28:47+00:00","description":"Die Eidgen\u00f6ssischen Forschungsanstalten Empa und Eawag haben am 5. Mai den Startschuss f\u00fcr die Erweiterung ihres Campus an der \u00dcberlandstrasse in D\u00fcbendorf gegeben. Nach den Pl\u00e4nen von SAM Architekten entstehen dort ein neues Laborgeb\u00e4ude sowie weitere Begegnungs-, B\u00fcro- und Versuchsfl\u00e4chen sowie ein Parkhaus.","breadcrumb":{"@id":"https:\/\/www.immobilienbusiness.ch\/fr\/ib\/2021-05-07\/dubendorf-start-fur-erweiterung-des-empa-eawag-forschungscampus\/#breadcrumb"},"inLanguage":"de","potentialAction":[{"@type":"ReadAction","target":["https:\/\/www.immobilienbusiness.ch\/fr\/ib\/2021-05-07\/dubendorf-start-fur-erweiterung-des-empa-eawag-forschungscampus\/"]}]},{"@type":"BreadcrumbList","@id":"https:\/\/www.immobilienbusiness.ch\/fr\/ib\/2021-05-07\/dubendorf-start-fur-erweiterung-des-empa-eawag-forschungscampus\/#breadcrumb","itemListElement":[{"@type":"ListItem","position":1,"name":"Home","item":"https:\/\/www.immobilienbusiness.ch\/"},{"@type":"ListItem","position":2,"name":"D\u00fcbendorf: Start f\u00fcr Erweiterung des Empa-\/Eawag-Forschungscampus"}]},{"@type":"WebSite","@id":"https:\/\/www.immobilienbusiness.ch\/#website","url":"https:\/\/www.immobilienbusiness.ch\/","name":"IMMOBILIEN Business","description":"Unabh\u00e4ngiges Schweizer Wirtschaftsmagazin mit Fokus auf Immobilien, Architektur- und Bau sowie Investment- und Finanzierung.","publisher":{"@id":"https:\/\/www.immobilienbusiness.ch\/#organization"},"potentialAction":[{"@type":"SearchAction","target":{"@type":"EntryPoint","urlTemplate":"https:\/\/www.immobilienbusiness.ch\/?s={search_term_string}"},"query-input":{"@type":"PropertyValueSpecification","valueRequired":true,"valueName":"search_term_string"}}],"inLanguage":"de"},{"@type":"Organization","@id":"https:\/\/www.immobilienbusiness.ch\/#organization","name":"IMMOBILIEN Business","url":"https:\/\/www.immobilienbusiness.ch\/","logo":{"@type":"ImageObject","inLanguage":"de","@id":"https:\/\/www.immobilienbusiness.ch\/#\/schema\/logo\/image\/","url":"https:\/\/www.immobilienbusiness.ch\/wp-content\/uploads\/2021\/07\/logo_ib.png","contentUrl":"https:\/\/www.immobilienbusiness.ch\/wp-content\/uploads\/2021\/07\/logo_ib.png","width":800,"height":181,"caption":"IMMOBILIEN Business"},"image":{"@id":"https:\/\/www.immobilienbusiness.ch\/#\/schema\/logo\/image\/"},"sameAs":["https:\/\/www.facebook.com\/immobilienbusiness\/"]},{"@type":"Person","@id":"https:\/\/www.immobilienbusiness.ch\/#\/schema\/person\/31be7383261ea656cfe52cad71fdc211","name":"mathias.rinka","image":{"@type":"ImageObject","inLanguage":"de","@id":"https:\/\/secure.gravatar.com\/avatar\/?s=96&d=mm&r=g","url":"https:\/\/secure.gravatar.com\/avatar\/?s=96&d=mm&r=g","contentUrl":"https:\/\/secure.gravatar.com\/avatar\/?s=96&d=mm&r=g","caption":"mathias.rinka"},"url":"https:\/\/www.immobilienbusiness.ch\/de\/author\/mathias-rinka\/"}]}},"_links":{"self":[{"href":"https:\/\/www.immobilienbusiness.ch\/de\/wp-json\/wp\/v2\/posts\/41275","targetHints":{"allow":["GET"]}}],"collection":[{"href":"https:\/\/www.immobilienbusiness.ch\/de\/wp-json\/wp\/v2\/posts"}],"about":[{"href":"https:\/\/www.immobilienbusiness.ch\/de\/wp-json\/wp\/v2\/types\/post"}],"author":[{"embeddable":true,"href":"https:\/\/www.immobilienbusiness.ch\/de\/wp-json\/wp\/v2\/users\/4"}],"replies":[{"embeddable":true,"href":"https:\/\/www.immobilienbusiness.ch\/de\/wp-json\/wp\/v2\/comments?post=41275"}],"version-history":[{"count":1,"href":"https:\/\/www.immobilienbusiness.ch\/de\/wp-json\/wp\/v2\/posts\/41275\/revisions"}],"predecessor-version":[{"id":49165,"href":"https:\/\/www.immobilienbusiness.ch\/de\/wp-json\/wp\/v2\/posts\/41275\/revisions\/49165"}],"wp:attachment":[{"href":"https:\/\/www.immobilienbusiness.ch\/de\/wp-json\/wp\/v2\/media?parent=41275"}],"wp:term":[{"taxonomy":"category","embeddable":true,"href":"https:\/\/www.immobilienbusiness.ch\/de\/wp-json\/wp\/v2\/categories?post=41275"},{"taxonomy":"post_tag","embeddable":true,"href":"https:\/\/www.immobilienbusiness.ch\/de\/wp-json\/wp\/v2\/tags?post=41275"}],"curies":[{"name":"wp","href":"https:\/\/api.w.org\/{rel}","templated":true}]}}