{"id":40932,"date":"2021-01-29T08:05:53","date_gmt":"2021-01-29T07:05:53","guid":{"rendered":"https:\/\/develop.immobilienbusiness.ch\/de\/allgemein\/2021-01-29\/zug-estates-ag-neues-mitglied-der-geschaftsleitung\/"},"modified":"2023-07-06T10:23:53","modified_gmt":"2023-07-06T08:23:53","slug":"zug-estates-ag-neues-mitglied-der-geschaftsleitung","status":"publish","type":"post","link":"https:\/\/www.immobilienbusiness.ch\/de\/ib\/2021-01-29\/zug-estates-ag-neues-mitglied-der-geschaftsleitung\/","title":{"rendered":"Zug Estates AG: Neues Mitglied der Gesch\u00e4ftsleitung"},"content":{"rendered":"<div class=\"swpm-post-not-logged-in-msg\">Du musst angemeldet sein, um diesen Inhalt sehen zu k\u00f6nnen. Bitte <a class=\"swpm-login-link\" href=\"https:\/\/www.immobilienbusiness.ch\/login\/?swpm_redirect_to=https%3A%2F%2Fwww.immobilienbusiness.ch%2Fde%2Fwp-json%2Fwp%2Fv2%2Fposts%2F40932\">Einloggen<\/a>. Kein Mitglied? <a href=\"https:\/\/www.immobilienbusiness.ch\/registrieren\/\">Noch kein Mitglied? Registriere dich hier! <\/a><\/div>","protected":false},"excerpt":{"rendered":"<p><span><span>Der Verwaltungsrat und die Gesch\u00e4ftsleitung der Zug Estates Holding AG haben Alain Baumgartner (40) als Leiter Portfoliomanagement und Mitglied der Gesch\u00e4ftsleitung der Zug Estates AG gew\u00e4hlt. Er wird seine T\u00e4tigkeit in der neu geschaffenen Position bei Zug Estates am 1. Mai 2021 aufnehmen.<\/span><\/span><\/p>\n","protected":false},"author":8,"featured_media":0,"comment_status":"closed","ping_status":"closed","sticky":false,"template":"","format":"standard","meta":{"_acf_changed":false,"_yoast_wpseo_focuskw":"Zug Estates AG","_yoast_wpseo_title":"","_yoast_wpseo_metadesc":"Der Verwaltungsrat und die Gesch\u00e4ftsleitung der Zug Estates Holding AG haben Alain Baumgartner (40) als Leiter Portfoliomanagement und Mitglied der Gesch\u00e4ftsleitung der Zug Estates AG gew\u00e4hlt. Er wird seine T\u00e4tigkeit in der neu geschaffenen Position bei Zug Estates am 1. Mai 2021 aufnehmen.","_yoast_wpseo_linkdex":43,"pgc_sgb_lightbox_settings":"","footnotes":""},"categories":[1951],"tags":[1329,1563],"class_list":["post-40932","post","type-post","status-publish","format-standard","hentry","category-ib","tag-immobilien-ag","tag-personalia"],"acf":[],"yoast_head":"<!-- This site is optimized with the Yoast SEO plugin v27.4 - https:\/\/yoast.com\/product\/yoast-seo-wordpress\/ -->\n<title>Zug Estates AG: Neues Mitglied der Gesch\u00e4ftsleitung - IMMOBILIEN Business<\/title>\n<meta name=\"description\" content=\"Der Verwaltungsrat und die Gesch\u00e4ftsleitung der Zug Estates Holding AG haben Alain Baumgartner (40) als Leiter Portfoliomanagement und Mitglied der Gesch\u00e4ftsleitung der Zug Estates AG gew\u00e4hlt. Er wird seine T\u00e4tigkeit in der neu geschaffenen Position bei Zug Estates am 1. Mai 2021 aufnehmen.\" \/>\n<meta name=\"robots\" content=\"index, follow, max-snippet:-1, max-image-preview:large, max-video-preview:-1\" \/>\n<link rel=\"canonical\" href=\"https:\/\/www.immobilienbusiness.ch\/de\/ib\/2021-01-29\/zug-estates-ag-neues-mitglied-der-geschaftsleitung\/\" \/>\n<meta property=\"og:locale\" content=\"de_DE\" \/>\n<meta property=\"og:type\" content=\"article\" \/>\n<meta property=\"og:title\" content=\"Zug Estates AG: Neues Mitglied der Gesch\u00e4ftsleitung - IMMOBILIEN Business\" \/>\n<meta property=\"og:description\" content=\"Der Verwaltungsrat und die Gesch\u00e4ftsleitung der Zug Estates Holding AG haben Alain Baumgartner (40) als Leiter Portfoliomanagement und Mitglied der Gesch\u00e4ftsleitung der Zug Estates AG gew\u00e4hlt. Er wird seine T\u00e4tigkeit in der neu geschaffenen Position bei Zug Estates am 1. Mai 2021 aufnehmen.\" \/>\n<meta property=\"og:url\" content=\"https:\/\/www.immobilienbusiness.ch\/de\/ib\/2021-01-29\/zug-estates-ag-neues-mitglied-der-geschaftsleitung\/\" \/>\n<meta property=\"og:site_name\" content=\"IMMOBILIEN Business\" \/>\n<meta property=\"article:publisher\" content=\"https:\/\/www.facebook.com\/immobilienbusiness\/\" \/>\n<meta property=\"article:published_time\" content=\"2021-01-29T07:05:53+00:00\" \/>\n<meta property=\"article:modified_time\" content=\"2023-07-06T08:23:53+00:00\" \/>\n<meta name=\"author\" content=\"birgitt.wuest\" \/>\n<meta name=\"twitter:card\" content=\"summary_large_image\" \/>\n<script type=\"application\/ld+json\" class=\"yoast-schema-graph\">{\"@context\":\"https:\\\/\\\/schema.org\",\"@graph\":[{\"@type\":\"Article\",\"@id\":\"https:\\\/\\\/www.immobilienbusiness.ch\\\/it\\\/ib\\\/2021-01-29\\\/zug-estates-ag-neues-mitglied-der-geschaftsleitung\\\/#article\",\"isPartOf\":{\"@id\":\"https:\\\/\\\/www.immobilienbusiness.ch\\\/it\\\/ib\\\/2021-01-29\\\/zug-estates-ag-neues-mitglied-der-geschaftsleitung\\\/\"},\"author\":{\"name\":\"birgitt.wuest\",\"@id\":\"https:\\\/\\\/www.immobilienbusiness.ch\\\/#\\\/schema\\\/person\\\/9071de3b430793052e78768378adb039\"},\"headline\":\"Zug Estates AG: Neues Mitglied der Gesch\u00e4ftsleitung\",\"datePublished\":\"2021-01-29T07:05:53+00:00\",\"dateModified\":\"2023-07-06T08:23:53+00:00\",\"mainEntityOfPage\":{\"@id\":\"https:\\\/\\\/www.immobilienbusiness.ch\\\/it\\\/ib\\\/2021-01-29\\\/zug-estates-ag-neues-mitglied-der-geschaftsleitung\\\/\"},\"wordCount\":101,\"publisher\":{\"@id\":\"https:\\\/\\\/www.immobilienbusiness.ch\\\/#organization\"},\"keywords\":[\"Immobilien-AG\",\"Personalia\"],\"articleSection\":[\"IB+\"],\"inLanguage\":\"de\"},{\"@type\":\"WebPage\",\"@id\":\"https:\\\/\\\/www.immobilienbusiness.ch\\\/it\\\/ib\\\/2021-01-29\\\/zug-estates-ag-neues-mitglied-der-geschaftsleitung\\\/\",\"url\":\"https:\\\/\\\/www.immobilienbusiness.ch\\\/it\\\/ib\\\/2021-01-29\\\/zug-estates-ag-neues-mitglied-der-geschaftsleitung\\\/\",\"name\":\"Zug Estates AG: Neues Mitglied der Gesch\u00e4ftsleitung - IMMOBILIEN Business\",\"isPartOf\":{\"@id\":\"https:\\\/\\\/www.immobilienbusiness.ch\\\/#website\"},\"datePublished\":\"2021-01-29T07:05:53+00:00\",\"dateModified\":\"2023-07-06T08:23:53+00:00\",\"description\":\"Der Verwaltungsrat und die Gesch\u00e4ftsleitung der Zug Estates Holding AG haben Alain Baumgartner (40) als Leiter Portfoliomanagement und Mitglied der Gesch\u00e4ftsleitung der Zug Estates AG gew\u00e4hlt. Er wird seine T\u00e4tigkeit in der neu geschaffenen Position bei Zug Estates am 1. Mai 2021 aufnehmen.\",\"breadcrumb\":{\"@id\":\"https:\\\/\\\/www.immobilienbusiness.ch\\\/it\\\/ib\\\/2021-01-29\\\/zug-estates-ag-neues-mitglied-der-geschaftsleitung\\\/#breadcrumb\"},\"inLanguage\":\"de\",\"potentialAction\":[{\"@type\":\"ReadAction\",\"target\":[\"https:\\\/\\\/www.immobilienbusiness.ch\\\/it\\\/ib\\\/2021-01-29\\\/zug-estates-ag-neues-mitglied-der-geschaftsleitung\\\/\"]}]},{\"@type\":\"BreadcrumbList\",\"@id\":\"https:\\\/\\\/www.immobilienbusiness.ch\\\/it\\\/ib\\\/2021-01-29\\\/zug-estates-ag-neues-mitglied-der-geschaftsleitung\\\/#breadcrumb\",\"itemListElement\":[{\"@type\":\"ListItem\",\"position\":1,\"name\":\"Home\",\"item\":\"https:\\\/\\\/www.immobilienbusiness.ch\\\/\"},{\"@type\":\"ListItem\",\"position\":2,\"name\":\"Zug Estates AG: Neues Mitglied der Gesch\u00e4ftsleitung\"}]},{\"@type\":\"WebSite\",\"@id\":\"https:\\\/\\\/www.immobilienbusiness.ch\\\/#website\",\"url\":\"https:\\\/\\\/www.immobilienbusiness.ch\\\/\",\"name\":\"IMMOBILIEN Business\",\"description\":\"Unabh\u00e4ngiges Schweizer Wirtschaftsmagazin mit Fokus auf Immobilien, Architektur- und Bau sowie Investment- und Finanzierung.\",\"publisher\":{\"@id\":\"https:\\\/\\\/www.immobilienbusiness.ch\\\/#organization\"},\"potentialAction\":[{\"@type\":\"SearchAction\",\"target\":{\"@type\":\"EntryPoint\",\"urlTemplate\":\"https:\\\/\\\/www.immobilienbusiness.ch\\\/?s={search_term_string}\"},\"query-input\":{\"@type\":\"PropertyValueSpecification\",\"valueRequired\":true,\"valueName\":\"search_term_string\"}}],\"inLanguage\":\"de\"},{\"@type\":\"Organization\",\"@id\":\"https:\\\/\\\/www.immobilienbusiness.ch\\\/#organization\",\"name\":\"IMMOBILIEN Business\",\"url\":\"https:\\\/\\\/www.immobilienbusiness.ch\\\/\",\"logo\":{\"@type\":\"ImageObject\",\"inLanguage\":\"de\",\"@id\":\"https:\\\/\\\/www.immobilienbusiness.ch\\\/#\\\/schema\\\/logo\\\/image\\\/\",\"url\":\"https:\\\/\\\/www.immobilienbusiness.ch\\\/wp-content\\\/uploads\\\/2021\\\/07\\\/logo_ib.png\",\"contentUrl\":\"https:\\\/\\\/www.immobilienbusiness.ch\\\/wp-content\\\/uploads\\\/2021\\\/07\\\/logo_ib.png\",\"width\":800,\"height\":181,\"caption\":\"IMMOBILIEN Business\"},\"image\":{\"@id\":\"https:\\\/\\\/www.immobilienbusiness.ch\\\/#\\\/schema\\\/logo\\\/image\\\/\"},\"sameAs\":[\"https:\\\/\\\/www.facebook.com\\\/immobilienbusiness\\\/\"]},{\"@type\":\"Person\",\"@id\":\"https:\\\/\\\/www.immobilienbusiness.ch\\\/#\\\/schema\\\/person\\\/9071de3b430793052e78768378adb039\",\"name\":\"birgitt.wuest\",\"image\":{\"@type\":\"ImageObject\",\"inLanguage\":\"de\",\"@id\":\"https:\\\/\\\/secure.gravatar.com\\\/avatar\\\/938f7e46a2aa35420af239a36e5ed08a1034598c7d4a6d4dccff5f20b49eefca?s=96&d=mm&r=g\",\"url\":\"https:\\\/\\\/secure.gravatar.com\\\/avatar\\\/938f7e46a2aa35420af239a36e5ed08a1034598c7d4a6d4dccff5f20b49eefca?s=96&d=mm&r=g\",\"contentUrl\":\"https:\\\/\\\/secure.gravatar.com\\\/avatar\\\/938f7e46a2aa35420af239a36e5ed08a1034598c7d4a6d4dccff5f20b49eefca?s=96&d=mm&r=g\",\"caption\":\"birgitt.wuest\"},\"url\":\"https:\\\/\\\/www.immobilienbusiness.ch\\\/de\\\/author\\\/birgitt-wuest\\\/\"}]}<\/script>\n<!-- \/ Yoast SEO plugin. -->","yoast_head_json":{"title":"Zug Estates AG: Neues Mitglied der Gesch\u00e4ftsleitung - IMMOBILIEN Business","description":"Der Verwaltungsrat und die Gesch\u00e4ftsleitung der Zug Estates Holding AG haben Alain Baumgartner (40) als Leiter Portfoliomanagement und Mitglied der Gesch\u00e4ftsleitung der Zug Estates AG gew\u00e4hlt. Er wird seine T\u00e4tigkeit in der neu geschaffenen Position bei Zug Estates am 1. Mai 2021 aufnehmen.","robots":{"index":"index","follow":"follow","max-snippet":"max-snippet:-1","max-image-preview":"max-image-preview:large","max-video-preview":"max-video-preview:-1"},"canonical":"https:\/\/www.immobilienbusiness.ch\/de\/ib\/2021-01-29\/zug-estates-ag-neues-mitglied-der-geschaftsleitung\/","og_locale":"de_DE","og_type":"article","og_title":"Zug Estates AG: Neues Mitglied der Gesch\u00e4ftsleitung - IMMOBILIEN Business","og_description":"Der Verwaltungsrat und die Gesch\u00e4ftsleitung der Zug Estates Holding AG haben Alain Baumgartner (40) als Leiter Portfoliomanagement und Mitglied der Gesch\u00e4ftsleitung der Zug Estates AG gew\u00e4hlt. Er wird seine T\u00e4tigkeit in der neu geschaffenen Position bei Zug Estates am 1. Mai 2021 aufnehmen.","og_url":"https:\/\/www.immobilienbusiness.ch\/de\/ib\/2021-01-29\/zug-estates-ag-neues-mitglied-der-geschaftsleitung\/","og_site_name":"IMMOBILIEN Business","article_publisher":"https:\/\/www.facebook.com\/immobilienbusiness\/","article_published_time":"2021-01-29T07:05:53+00:00","article_modified_time":"2023-07-06T08:23:53+00:00","author":"birgitt.wuest","twitter_card":"summary_large_image","schema":{"@context":"https:\/\/schema.org","@graph":[{"@type":"Article","@id":"https:\/\/www.immobilienbusiness.ch\/it\/ib\/2021-01-29\/zug-estates-ag-neues-mitglied-der-geschaftsleitung\/#article","isPartOf":{"@id":"https:\/\/www.immobilienbusiness.ch\/it\/ib\/2021-01-29\/zug-estates-ag-neues-mitglied-der-geschaftsleitung\/"},"author":{"name":"birgitt.wuest","@id":"https:\/\/www.immobilienbusiness.ch\/#\/schema\/person\/9071de3b430793052e78768378adb039"},"headline":"Zug Estates AG: Neues Mitglied der Gesch\u00e4ftsleitung","datePublished":"2021-01-29T07:05:53+00:00","dateModified":"2023-07-06T08:23:53+00:00","mainEntityOfPage":{"@id":"https:\/\/www.immobilienbusiness.ch\/it\/ib\/2021-01-29\/zug-estates-ag-neues-mitglied-der-geschaftsleitung\/"},"wordCount":101,"publisher":{"@id":"https:\/\/www.immobilienbusiness.ch\/#organization"},"keywords":["Immobilien-AG","Personalia"],"articleSection":["IB+"],"inLanguage":"de"},{"@type":"WebPage","@id":"https:\/\/www.immobilienbusiness.ch\/it\/ib\/2021-01-29\/zug-estates-ag-neues-mitglied-der-geschaftsleitung\/","url":"https:\/\/www.immobilienbusiness.ch\/it\/ib\/2021-01-29\/zug-estates-ag-neues-mitglied-der-geschaftsleitung\/","name":"Zug Estates AG: Neues Mitglied der Gesch\u00e4ftsleitung - IMMOBILIEN Business","isPartOf":{"@id":"https:\/\/www.immobilienbusiness.ch\/#website"},"datePublished":"2021-01-29T07:05:53+00:00","dateModified":"2023-07-06T08:23:53+00:00","description":"Der Verwaltungsrat und die Gesch\u00e4ftsleitung der Zug Estates Holding AG haben Alain Baumgartner (40) als Leiter Portfoliomanagement und Mitglied der Gesch\u00e4ftsleitung der Zug Estates AG gew\u00e4hlt. Er wird seine T\u00e4tigkeit in der neu geschaffenen Position bei Zug Estates am 1. Mai 2021 aufnehmen.","breadcrumb":{"@id":"https:\/\/www.immobilienbusiness.ch\/it\/ib\/2021-01-29\/zug-estates-ag-neues-mitglied-der-geschaftsleitung\/#breadcrumb"},"inLanguage":"de","potentialAction":[{"@type":"ReadAction","target":["https:\/\/www.immobilienbusiness.ch\/it\/ib\/2021-01-29\/zug-estates-ag-neues-mitglied-der-geschaftsleitung\/"]}]},{"@type":"BreadcrumbList","@id":"https:\/\/www.immobilienbusiness.ch\/it\/ib\/2021-01-29\/zug-estates-ag-neues-mitglied-der-geschaftsleitung\/#breadcrumb","itemListElement":[{"@type":"ListItem","position":1,"name":"Home","item":"https:\/\/www.immobilienbusiness.ch\/"},{"@type":"ListItem","position":2,"name":"Zug Estates AG: Neues Mitglied der Gesch\u00e4ftsleitung"}]},{"@type":"WebSite","@id":"https:\/\/www.immobilienbusiness.ch\/#website","url":"https:\/\/www.immobilienbusiness.ch\/","name":"IMMOBILIEN Business","description":"Unabh\u00e4ngiges Schweizer Wirtschaftsmagazin mit Fokus auf Immobilien, Architektur- und Bau sowie Investment- und Finanzierung.","publisher":{"@id":"https:\/\/www.immobilienbusiness.ch\/#organization"},"potentialAction":[{"@type":"SearchAction","target":{"@type":"EntryPoint","urlTemplate":"https:\/\/www.immobilienbusiness.ch\/?s={search_term_string}"},"query-input":{"@type":"PropertyValueSpecification","valueRequired":true,"valueName":"search_term_string"}}],"inLanguage":"de"},{"@type":"Organization","@id":"https:\/\/www.immobilienbusiness.ch\/#organization","name":"IMMOBILIEN Business","url":"https:\/\/www.immobilienbusiness.ch\/","logo":{"@type":"ImageObject","inLanguage":"de","@id":"https:\/\/www.immobilienbusiness.ch\/#\/schema\/logo\/image\/","url":"https:\/\/www.immobilienbusiness.ch\/wp-content\/uploads\/2021\/07\/logo_ib.png","contentUrl":"https:\/\/www.immobilienbusiness.ch\/wp-content\/uploads\/2021\/07\/logo_ib.png","width":800,"height":181,"caption":"IMMOBILIEN Business"},"image":{"@id":"https:\/\/www.immobilienbusiness.ch\/#\/schema\/logo\/image\/"},"sameAs":["https:\/\/www.facebook.com\/immobilienbusiness\/"]},{"@type":"Person","@id":"https:\/\/www.immobilienbusiness.ch\/#\/schema\/person\/9071de3b430793052e78768378adb039","name":"birgitt.wuest","image":{"@type":"ImageObject","inLanguage":"de","@id":"https:\/\/secure.gravatar.com\/avatar\/938f7e46a2aa35420af239a36e5ed08a1034598c7d4a6d4dccff5f20b49eefca?s=96&d=mm&r=g","url":"https:\/\/secure.gravatar.com\/avatar\/938f7e46a2aa35420af239a36e5ed08a1034598c7d4a6d4dccff5f20b49eefca?s=96&d=mm&r=g","contentUrl":"https:\/\/secure.gravatar.com\/avatar\/938f7e46a2aa35420af239a36e5ed08a1034598c7d4a6d4dccff5f20b49eefca?s=96&d=mm&r=g","caption":"birgitt.wuest"},"url":"https:\/\/www.immobilienbusiness.ch\/de\/author\/birgitt-wuest\/"}]}},"_links":{"self":[{"href":"https:\/\/www.immobilienbusiness.ch\/de\/wp-json\/wp\/v2\/posts\/40932","targetHints":{"allow":["GET"]}}],"collection":[{"href":"https:\/\/www.immobilienbusiness.ch\/de\/wp-json\/wp\/v2\/posts"}],"about":[{"href":"https:\/\/www.immobilienbusiness.ch\/de\/wp-json\/wp\/v2\/types\/post"}],"author":[{"embeddable":true,"href":"https:\/\/www.immobilienbusiness.ch\/de\/wp-json\/wp\/v2\/users\/8"}],"replies":[{"embeddable":true,"href":"https:\/\/www.immobilienbusiness.ch\/de\/wp-json\/wp\/v2\/comments?post=40932"}],"version-history":[{"count":1,"href":"https:\/\/www.immobilienbusiness.ch\/de\/wp-json\/wp\/v2\/posts\/40932\/revisions"}],"predecessor-version":[{"id":49855,"href":"https:\/\/www.immobilienbusiness.ch\/de\/wp-json\/wp\/v2\/posts\/40932\/revisions\/49855"}],"wp:attachment":[{"href":"https:\/\/www.immobilienbusiness.ch\/de\/wp-json\/wp\/v2\/media?parent=40932"}],"wp:term":[{"taxonomy":"category","embeddable":true,"href":"https:\/\/www.immobilienbusiness.ch\/de\/wp-json\/wp\/v2\/categories?post=40932"},{"taxonomy":"post_tag","embeddable":true,"href":"https:\/\/www.immobilienbusiness.ch\/de\/wp-json\/wp\/v2\/tags?post=40932"}],"curies":[{"name":"wp","href":"https:\/\/api.w.org\/{rel}","templated":true}]}}