{"id":40788,"date":"2020-08-28T14:14:19","date_gmt":"2020-08-28T12:14:19","guid":{"rendered":"https:\/\/develop.immobilienbusiness.ch\/de\/allgemein\/2020-08-28\/bauvertragsrecht-bundesrat-eroffnet-vernehmlassung-fur-revision\/"},"modified":"2023-07-15T12:24:32","modified_gmt":"2023-07-15T10:24:32","slug":"bauvertragsrecht-bundesrat-eroffnet-vernehmlassung-fur-revision","status":"publish","type":"post","link":"https:\/\/www.immobilienbusiness.ch\/de\/ib\/2020-08-28\/bauvertragsrecht-bundesrat-eroffnet-vernehmlassung-fur-revision\/","title":{"rendered":"Bauvertragsrecht: Bundesrat er\u00f6ffnet Vernehmlassung f\u00fcr Revision\u00a0"},"content":{"rendered":"<div class=\"swpm-post-not-logged-in-msg\">Du musst angemeldet sein, um diesen Inhalt sehen zu k\u00f6nnen. Bitte <a class=\"swpm-login-link\" href=\"https:\/\/www.immobilienbusiness.ch\/login\/?swpm_redirect_to=https%3A%2F%2Fwww.immobilienbusiness.ch%2Fde%2Fwp-json%2Fwp%2Fv2%2Fposts%2F40788\">Einloggen<\/a>. Kein Mitglied? <a href=\"https:\/\/www.immobilienbusiness.ch\/registrieren\/\">Noch kein Mitglied? Registriere dich hier! <\/a><\/div>","protected":false},"excerpt":{"rendered":"<p>Zur Verbesserung der Situation der Bauherrschaft und insbesondere der Haus- und Stockwerkeigent\u00fcmer hat der Bundesrat am 19. August 2020 das Vernehmlassungsverfahren f\u00fcr die Revision des Bauvertragsrechts er\u00f6ffnet. Anstoss dazu gaben mehrere parlamentarische Vorst\u00f6sse, mittels welchen insbesondere die Anpassung der Haftung f\u00fcr Baum\u00e4ngel verlangt wurde, teilt die Kanzlei Froriep Lawyers mit.<br \/>\n\u00a0<\/p>\n","protected":false},"author":8,"featured_media":0,"comment_status":"closed","ping_status":"closed","sticky":false,"template":"","format":"standard","meta":{"_acf_changed":false,"_yoast_wpseo_focuskw":"Verbesserung","_yoast_wpseo_title":"","_yoast_wpseo_metadesc":"Zur Verbesserung der Situation der Bauherrschaft und insbesondere der Haus- und Stockwerkeigent\u00fcmer hat der Bundesrat am 19. August 2020 das Vernehmlassungsverfahren f\u00fcr die Revision des Bauvertragsrechts er\u00f6ffnet. Anstoss dazu gaben mehrere parlamentarische Vorst\u00f6sse, mittels welchen insbesondere die Anpassung der Haftung f\u00fcr Baum\u00e4ngel verlangt wurde, teilt die Kanzlei Froriep Lawyers mit.","_yoast_wpseo_linkdex":54,"pgc_sgb_lightbox_settings":"","footnotes":""},"categories":[1951],"tags":[1996],"class_list":["post-40788","post","type-post","status-publish","format-standard","hentry","category-ib","tag-gesetze-urteile"],"acf":[],"yoast_head":"<!-- This site is optimized with the Yoast SEO plugin v27.5 - https:\/\/yoast.com\/product\/yoast-seo-wordpress\/ -->\n<title>Bauvertragsrecht: Bundesrat er\u00f6ffnet Vernehmlassung f\u00fcr Revision\u00a0 - IMMOBILIEN Business<\/title>\n<meta name=\"description\" content=\"Zur Verbesserung der Situation der Bauherrschaft und insbesondere der Haus- und Stockwerkeigent\u00fcmer hat der Bundesrat am 19. August 2020 das Vernehmlassungsverfahren f\u00fcr die Revision des Bauvertragsrechts er\u00f6ffnet. Anstoss dazu gaben mehrere parlamentarische Vorst\u00f6sse, mittels welchen insbesondere die Anpassung der Haftung f\u00fcr Baum\u00e4ngel verlangt wurde, teilt die Kanzlei Froriep Lawyers mit.\" \/>\n<meta name=\"robots\" content=\"index, follow, max-snippet:-1, max-image-preview:large, max-video-preview:-1\" \/>\n<link rel=\"canonical\" href=\"https:\/\/www.immobilienbusiness.ch\/de\/ib\/2020-08-28\/bauvertragsrecht-bundesrat-eroffnet-vernehmlassung-fur-revision\/\" \/>\n<meta property=\"og:locale\" content=\"de_DE\" \/>\n<meta property=\"og:type\" content=\"article\" \/>\n<meta property=\"og:title\" content=\"Bauvertragsrecht: Bundesrat er\u00f6ffnet Vernehmlassung f\u00fcr Revision\u00a0 - IMMOBILIEN Business\" \/>\n<meta property=\"og:description\" content=\"Zur Verbesserung der Situation der Bauherrschaft und insbesondere der Haus- und Stockwerkeigent\u00fcmer hat der Bundesrat am 19. August 2020 das Vernehmlassungsverfahren f\u00fcr die Revision des Bauvertragsrechts er\u00f6ffnet. Anstoss dazu gaben mehrere parlamentarische Vorst\u00f6sse, mittels welchen insbesondere die Anpassung der Haftung f\u00fcr Baum\u00e4ngel verlangt wurde, teilt die Kanzlei Froriep Lawyers mit.\" \/>\n<meta property=\"og:url\" content=\"https:\/\/www.immobilienbusiness.ch\/de\/ib\/2020-08-28\/bauvertragsrecht-bundesrat-eroffnet-vernehmlassung-fur-revision\/\" \/>\n<meta property=\"og:site_name\" content=\"IMMOBILIEN Business\" \/>\n<meta property=\"article:publisher\" content=\"https:\/\/www.facebook.com\/immobilienbusiness\/\" \/>\n<meta property=\"article:published_time\" content=\"2020-08-28T12:14:19+00:00\" \/>\n<meta property=\"article:modified_time\" content=\"2023-07-15T10:24:32+00:00\" \/>\n<meta name=\"author\" content=\"birgitt.wuest\" \/>\n<meta name=\"twitter:card\" content=\"summary_large_image\" \/>\n<script type=\"application\/ld+json\" class=\"yoast-schema-graph\">{\"@context\":\"https:\\\/\\\/schema.org\",\"@graph\":[{\"@type\":\"Article\",\"@id\":\"https:\\\/\\\/www.immobilienbusiness.ch\\\/fr\\\/ib\\\/2020-08-28\\\/bauvertragsrecht-bundesrat-eroffnet-vernehmlassung-fur-revision\\\/#article\",\"isPartOf\":{\"@id\":\"https:\\\/\\\/www.immobilienbusiness.ch\\\/fr\\\/ib\\\/2020-08-28\\\/bauvertragsrecht-bundesrat-eroffnet-vernehmlassung-fur-revision\\\/\"},\"author\":{\"name\":\"birgitt.wuest\",\"@id\":\"https:\\\/\\\/www.immobilienbusiness.ch\\\/#\\\/schema\\\/person\\\/9071de3b430793052e78768378adb039\"},\"headline\":\"Bauvertragsrecht: Bundesrat er\u00f6ffnet Vernehmlassung f\u00fcr Revision\u00a0\",\"datePublished\":\"2020-08-28T12:14:19+00:00\",\"dateModified\":\"2023-07-15T10:24:32+00:00\",\"mainEntityOfPage\":{\"@id\":\"https:\\\/\\\/www.immobilienbusiness.ch\\\/fr\\\/ib\\\/2020-08-28\\\/bauvertragsrecht-bundesrat-eroffnet-vernehmlassung-fur-revision\\\/\"},\"wordCount\":304,\"publisher\":{\"@id\":\"https:\\\/\\\/www.immobilienbusiness.ch\\\/#organization\"},\"keywords\":[\"Gesetze \\\/ Urteile\"],\"articleSection\":[\"IB+\"],\"inLanguage\":\"de\"},{\"@type\":\"WebPage\",\"@id\":\"https:\\\/\\\/www.immobilienbusiness.ch\\\/fr\\\/ib\\\/2020-08-28\\\/bauvertragsrecht-bundesrat-eroffnet-vernehmlassung-fur-revision\\\/\",\"url\":\"https:\\\/\\\/www.immobilienbusiness.ch\\\/fr\\\/ib\\\/2020-08-28\\\/bauvertragsrecht-bundesrat-eroffnet-vernehmlassung-fur-revision\\\/\",\"name\":\"Bauvertragsrecht: Bundesrat er\u00f6ffnet Vernehmlassung f\u00fcr Revision\u00a0 - IMMOBILIEN Business\",\"isPartOf\":{\"@id\":\"https:\\\/\\\/www.immobilienbusiness.ch\\\/#website\"},\"datePublished\":\"2020-08-28T12:14:19+00:00\",\"dateModified\":\"2023-07-15T10:24:32+00:00\",\"description\":\"Zur Verbesserung der Situation der Bauherrschaft und insbesondere der Haus- und Stockwerkeigent\u00fcmer hat der Bundesrat am 19. August 2020 das Vernehmlassungsverfahren f\u00fcr die Revision des Bauvertragsrechts er\u00f6ffnet. Anstoss dazu gaben mehrere parlamentarische Vorst\u00f6sse, mittels welchen insbesondere die Anpassung der Haftung f\u00fcr Baum\u00e4ngel verlangt wurde, teilt die Kanzlei Froriep Lawyers mit.\",\"breadcrumb\":{\"@id\":\"https:\\\/\\\/www.immobilienbusiness.ch\\\/fr\\\/ib\\\/2020-08-28\\\/bauvertragsrecht-bundesrat-eroffnet-vernehmlassung-fur-revision\\\/#breadcrumb\"},\"inLanguage\":\"de\",\"potentialAction\":[{\"@type\":\"ReadAction\",\"target\":[\"https:\\\/\\\/www.immobilienbusiness.ch\\\/fr\\\/ib\\\/2020-08-28\\\/bauvertragsrecht-bundesrat-eroffnet-vernehmlassung-fur-revision\\\/\"]}]},{\"@type\":\"BreadcrumbList\",\"@id\":\"https:\\\/\\\/www.immobilienbusiness.ch\\\/fr\\\/ib\\\/2020-08-28\\\/bauvertragsrecht-bundesrat-eroffnet-vernehmlassung-fur-revision\\\/#breadcrumb\",\"itemListElement\":[{\"@type\":\"ListItem\",\"position\":1,\"name\":\"Home\",\"item\":\"https:\\\/\\\/www.immobilienbusiness.ch\\\/\"},{\"@type\":\"ListItem\",\"position\":2,\"name\":\"Bauvertragsrecht: Bundesrat er\u00f6ffnet Vernehmlassung f\u00fcr Revision\u00a0\"}]},{\"@type\":\"WebSite\",\"@id\":\"https:\\\/\\\/www.immobilienbusiness.ch\\\/#website\",\"url\":\"https:\\\/\\\/www.immobilienbusiness.ch\\\/\",\"name\":\"IMMOBILIEN Business\",\"description\":\"Unabh\u00e4ngiges Schweizer Wirtschaftsmagazin mit Fokus auf Immobilien, Architektur- und Bau sowie Investment- und Finanzierung.\",\"publisher\":{\"@id\":\"https:\\\/\\\/www.immobilienbusiness.ch\\\/#organization\"},\"potentialAction\":[{\"@type\":\"SearchAction\",\"target\":{\"@type\":\"EntryPoint\",\"urlTemplate\":\"https:\\\/\\\/www.immobilienbusiness.ch\\\/?s={search_term_string}\"},\"query-input\":{\"@type\":\"PropertyValueSpecification\",\"valueRequired\":true,\"valueName\":\"search_term_string\"}}],\"inLanguage\":\"de\"},{\"@type\":\"Organization\",\"@id\":\"https:\\\/\\\/www.immobilienbusiness.ch\\\/#organization\",\"name\":\"IMMOBILIEN Business\",\"url\":\"https:\\\/\\\/www.immobilienbusiness.ch\\\/\",\"logo\":{\"@type\":\"ImageObject\",\"inLanguage\":\"de\",\"@id\":\"https:\\\/\\\/www.immobilienbusiness.ch\\\/#\\\/schema\\\/logo\\\/image\\\/\",\"url\":\"https:\\\/\\\/www.immobilienbusiness.ch\\\/wp-content\\\/uploads\\\/2021\\\/07\\\/logo_ib.png\",\"contentUrl\":\"https:\\\/\\\/www.immobilienbusiness.ch\\\/wp-content\\\/uploads\\\/2021\\\/07\\\/logo_ib.png\",\"width\":800,\"height\":181,\"caption\":\"IMMOBILIEN Business\"},\"image\":{\"@id\":\"https:\\\/\\\/www.immobilienbusiness.ch\\\/#\\\/schema\\\/logo\\\/image\\\/\"},\"sameAs\":[\"https:\\\/\\\/www.facebook.com\\\/immobilienbusiness\\\/\"]},{\"@type\":\"Person\",\"@id\":\"https:\\\/\\\/www.immobilienbusiness.ch\\\/#\\\/schema\\\/person\\\/9071de3b430793052e78768378adb039\",\"name\":\"birgitt.wuest\",\"image\":{\"@type\":\"ImageObject\",\"inLanguage\":\"de\",\"@id\":\"https:\\\/\\\/secure.gravatar.com\\\/avatar\\\/938f7e46a2aa35420af239a36e5ed08a1034598c7d4a6d4dccff5f20b49eefca?s=96&d=mm&r=g\",\"url\":\"https:\\\/\\\/secure.gravatar.com\\\/avatar\\\/938f7e46a2aa35420af239a36e5ed08a1034598c7d4a6d4dccff5f20b49eefca?s=96&d=mm&r=g\",\"contentUrl\":\"https:\\\/\\\/secure.gravatar.com\\\/avatar\\\/938f7e46a2aa35420af239a36e5ed08a1034598c7d4a6d4dccff5f20b49eefca?s=96&d=mm&r=g\",\"caption\":\"birgitt.wuest\"},\"url\":\"https:\\\/\\\/www.immobilienbusiness.ch\\\/de\\\/author\\\/birgitt-wuest\\\/\"}]}<\/script>\n<!-- \/ Yoast SEO plugin. -->","yoast_head_json":{"title":"Bauvertragsrecht: Bundesrat er\u00f6ffnet Vernehmlassung f\u00fcr Revision\u00a0 - IMMOBILIEN Business","description":"Zur Verbesserung der Situation der Bauherrschaft und insbesondere der Haus- und Stockwerkeigent\u00fcmer hat der Bundesrat am 19. August 2020 das Vernehmlassungsverfahren f\u00fcr die Revision des Bauvertragsrechts er\u00f6ffnet. Anstoss dazu gaben mehrere parlamentarische Vorst\u00f6sse, mittels welchen insbesondere die Anpassung der Haftung f\u00fcr Baum\u00e4ngel verlangt wurde, teilt die Kanzlei Froriep Lawyers mit.","robots":{"index":"index","follow":"follow","max-snippet":"max-snippet:-1","max-image-preview":"max-image-preview:large","max-video-preview":"max-video-preview:-1"},"canonical":"https:\/\/www.immobilienbusiness.ch\/de\/ib\/2020-08-28\/bauvertragsrecht-bundesrat-eroffnet-vernehmlassung-fur-revision\/","og_locale":"de_DE","og_type":"article","og_title":"Bauvertragsrecht: Bundesrat er\u00f6ffnet Vernehmlassung f\u00fcr Revision\u00a0 - IMMOBILIEN Business","og_description":"Zur Verbesserung der Situation der Bauherrschaft und insbesondere der Haus- und Stockwerkeigent\u00fcmer hat der Bundesrat am 19. August 2020 das Vernehmlassungsverfahren f\u00fcr die Revision des Bauvertragsrechts er\u00f6ffnet. Anstoss dazu gaben mehrere parlamentarische Vorst\u00f6sse, mittels welchen insbesondere die Anpassung der Haftung f\u00fcr Baum\u00e4ngel verlangt wurde, teilt die Kanzlei Froriep Lawyers mit.","og_url":"https:\/\/www.immobilienbusiness.ch\/de\/ib\/2020-08-28\/bauvertragsrecht-bundesrat-eroffnet-vernehmlassung-fur-revision\/","og_site_name":"IMMOBILIEN Business","article_publisher":"https:\/\/www.facebook.com\/immobilienbusiness\/","article_published_time":"2020-08-28T12:14:19+00:00","article_modified_time":"2023-07-15T10:24:32+00:00","author":"birgitt.wuest","twitter_card":"summary_large_image","schema":{"@context":"https:\/\/schema.org","@graph":[{"@type":"Article","@id":"https:\/\/www.immobilienbusiness.ch\/fr\/ib\/2020-08-28\/bauvertragsrecht-bundesrat-eroffnet-vernehmlassung-fur-revision\/#article","isPartOf":{"@id":"https:\/\/www.immobilienbusiness.ch\/fr\/ib\/2020-08-28\/bauvertragsrecht-bundesrat-eroffnet-vernehmlassung-fur-revision\/"},"author":{"name":"birgitt.wuest","@id":"https:\/\/www.immobilienbusiness.ch\/#\/schema\/person\/9071de3b430793052e78768378adb039"},"headline":"Bauvertragsrecht: Bundesrat er\u00f6ffnet Vernehmlassung f\u00fcr Revision\u00a0","datePublished":"2020-08-28T12:14:19+00:00","dateModified":"2023-07-15T10:24:32+00:00","mainEntityOfPage":{"@id":"https:\/\/www.immobilienbusiness.ch\/fr\/ib\/2020-08-28\/bauvertragsrecht-bundesrat-eroffnet-vernehmlassung-fur-revision\/"},"wordCount":304,"publisher":{"@id":"https:\/\/www.immobilienbusiness.ch\/#organization"},"keywords":["Gesetze \/ Urteile"],"articleSection":["IB+"],"inLanguage":"de"},{"@type":"WebPage","@id":"https:\/\/www.immobilienbusiness.ch\/fr\/ib\/2020-08-28\/bauvertragsrecht-bundesrat-eroffnet-vernehmlassung-fur-revision\/","url":"https:\/\/www.immobilienbusiness.ch\/fr\/ib\/2020-08-28\/bauvertragsrecht-bundesrat-eroffnet-vernehmlassung-fur-revision\/","name":"Bauvertragsrecht: Bundesrat er\u00f6ffnet Vernehmlassung f\u00fcr Revision\u00a0 - IMMOBILIEN Business","isPartOf":{"@id":"https:\/\/www.immobilienbusiness.ch\/#website"},"datePublished":"2020-08-28T12:14:19+00:00","dateModified":"2023-07-15T10:24:32+00:00","description":"Zur Verbesserung der Situation der Bauherrschaft und insbesondere der Haus- und Stockwerkeigent\u00fcmer hat der Bundesrat am 19. August 2020 das Vernehmlassungsverfahren f\u00fcr die Revision des Bauvertragsrechts er\u00f6ffnet. Anstoss dazu gaben mehrere parlamentarische Vorst\u00f6sse, mittels welchen insbesondere die Anpassung der Haftung f\u00fcr Baum\u00e4ngel verlangt wurde, teilt die Kanzlei Froriep Lawyers mit.","breadcrumb":{"@id":"https:\/\/www.immobilienbusiness.ch\/fr\/ib\/2020-08-28\/bauvertragsrecht-bundesrat-eroffnet-vernehmlassung-fur-revision\/#breadcrumb"},"inLanguage":"de","potentialAction":[{"@type":"ReadAction","target":["https:\/\/www.immobilienbusiness.ch\/fr\/ib\/2020-08-28\/bauvertragsrecht-bundesrat-eroffnet-vernehmlassung-fur-revision\/"]}]},{"@type":"BreadcrumbList","@id":"https:\/\/www.immobilienbusiness.ch\/fr\/ib\/2020-08-28\/bauvertragsrecht-bundesrat-eroffnet-vernehmlassung-fur-revision\/#breadcrumb","itemListElement":[{"@type":"ListItem","position":1,"name":"Home","item":"https:\/\/www.immobilienbusiness.ch\/"},{"@type":"ListItem","position":2,"name":"Bauvertragsrecht: Bundesrat er\u00f6ffnet Vernehmlassung f\u00fcr Revision\u00a0"}]},{"@type":"WebSite","@id":"https:\/\/www.immobilienbusiness.ch\/#website","url":"https:\/\/www.immobilienbusiness.ch\/","name":"IMMOBILIEN Business","description":"Unabh\u00e4ngiges Schweizer Wirtschaftsmagazin mit Fokus auf Immobilien, Architektur- und Bau sowie Investment- und Finanzierung.","publisher":{"@id":"https:\/\/www.immobilienbusiness.ch\/#organization"},"potentialAction":[{"@type":"SearchAction","target":{"@type":"EntryPoint","urlTemplate":"https:\/\/www.immobilienbusiness.ch\/?s={search_term_string}"},"query-input":{"@type":"PropertyValueSpecification","valueRequired":true,"valueName":"search_term_string"}}],"inLanguage":"de"},{"@type":"Organization","@id":"https:\/\/www.immobilienbusiness.ch\/#organization","name":"IMMOBILIEN Business","url":"https:\/\/www.immobilienbusiness.ch\/","logo":{"@type":"ImageObject","inLanguage":"de","@id":"https:\/\/www.immobilienbusiness.ch\/#\/schema\/logo\/image\/","url":"https:\/\/www.immobilienbusiness.ch\/wp-content\/uploads\/2021\/07\/logo_ib.png","contentUrl":"https:\/\/www.immobilienbusiness.ch\/wp-content\/uploads\/2021\/07\/logo_ib.png","width":800,"height":181,"caption":"IMMOBILIEN Business"},"image":{"@id":"https:\/\/www.immobilienbusiness.ch\/#\/schema\/logo\/image\/"},"sameAs":["https:\/\/www.facebook.com\/immobilienbusiness\/"]},{"@type":"Person","@id":"https:\/\/www.immobilienbusiness.ch\/#\/schema\/person\/9071de3b430793052e78768378adb039","name":"birgitt.wuest","image":{"@type":"ImageObject","inLanguage":"de","@id":"https:\/\/secure.gravatar.com\/avatar\/938f7e46a2aa35420af239a36e5ed08a1034598c7d4a6d4dccff5f20b49eefca?s=96&d=mm&r=g","url":"https:\/\/secure.gravatar.com\/avatar\/938f7e46a2aa35420af239a36e5ed08a1034598c7d4a6d4dccff5f20b49eefca?s=96&d=mm&r=g","contentUrl":"https:\/\/secure.gravatar.com\/avatar\/938f7e46a2aa35420af239a36e5ed08a1034598c7d4a6d4dccff5f20b49eefca?s=96&d=mm&r=g","caption":"birgitt.wuest"},"url":"https:\/\/www.immobilienbusiness.ch\/de\/author\/birgitt-wuest\/"}]}},"_links":{"self":[{"href":"https:\/\/www.immobilienbusiness.ch\/de\/wp-json\/wp\/v2\/posts\/40788","targetHints":{"allow":["GET"]}}],"collection":[{"href":"https:\/\/www.immobilienbusiness.ch\/de\/wp-json\/wp\/v2\/posts"}],"about":[{"href":"https:\/\/www.immobilienbusiness.ch\/de\/wp-json\/wp\/v2\/types\/post"}],"author":[{"embeddable":true,"href":"https:\/\/www.immobilienbusiness.ch\/de\/wp-json\/wp\/v2\/users\/8"}],"replies":[{"embeddable":true,"href":"https:\/\/www.immobilienbusiness.ch\/de\/wp-json\/wp\/v2\/comments?post=40788"}],"version-history":[{"count":1,"href":"https:\/\/www.immobilienbusiness.ch\/de\/wp-json\/wp\/v2\/posts\/40788\/revisions"}],"predecessor-version":[{"id":50469,"href":"https:\/\/www.immobilienbusiness.ch\/de\/wp-json\/wp\/v2\/posts\/40788\/revisions\/50469"}],"wp:attachment":[{"href":"https:\/\/www.immobilienbusiness.ch\/de\/wp-json\/wp\/v2\/media?parent=40788"}],"wp:term":[{"taxonomy":"category","embeddable":true,"href":"https:\/\/www.immobilienbusiness.ch\/de\/wp-json\/wp\/v2\/categories?post=40788"},{"taxonomy":"post_tag","embeddable":true,"href":"https:\/\/www.immobilienbusiness.ch\/de\/wp-json\/wp\/v2\/tags?post=40788"}],"curies":[{"name":"wp","href":"https:\/\/api.w.org\/{rel}","templated":true}]}}