{"id":40634,"date":"2020-05-11T12:39:08","date_gmt":"2020-05-11T10:39:08","guid":{"rendered":"https:\/\/develop.immobilienbusiness.ch\/de\/allgemein\/2020-05-11\/genf-confederation-centre-wird-renoviert\/"},"modified":"2023-07-22T20:18:48","modified_gmt":"2023-07-22T18:18:48","slug":"genf-confederation-centre-wird-renoviert-2","status":"publish","type":"post","link":"https:\/\/www.immobilienbusiness.ch\/de\/ib\/2020-05-11\/genf-confederation-centre-wird-renoviert-2\/","title":{"rendered":"Genf: Conf\u00e9d\u00e9ration Centre wird renoviert"},"content":{"rendered":"<div class=\"swpm-post-not-logged-in-msg\">Du musst angemeldet sein, um diesen Inhalt sehen zu k\u00f6nnen. Bitte <a class=\"swpm-login-link\" href=\"https:\/\/www.immobilienbusiness.ch\/login\/?swpm_redirect_to=https%3A%2F%2Fwww.immobilienbusiness.ch%2Fde%2Fwp-json%2Fwp%2Fv2%2Fposts%2F40634\">Einloggen<\/a>. Kein Mitglied? <a href=\"https:\/\/www.immobilienbusiness.ch\/registrieren\/\">Noch kein Mitglied? Registriere dich hier! <\/a><\/div>","protected":false},"excerpt":{"rendered":"<p>Die vor 30 Jahren er\u00f6ffnete Einkaufspassage im Genfer Conf\u00e9d\u00e9ration Centre soll f\u00fcr 60 Millionen CHF erneuert werden. Die drei Eigent\u00fcmer haben gemeinsam mit der CSA Real Estate Switzerland, einer Anlagegruppe der Credit Suisse Anlagestiftung, das Baugesuch eingereicht.<\/p>\n","protected":false},"author":4,"featured_media":0,"comment_status":"closed","ping_status":"closed","sticky":false,"template":"","format":"standard","meta":{"_acf_changed":false,"_yoast_wpseo_focuskw":"Conf\u00e9d\u00e9ration","_yoast_wpseo_title":"","_yoast_wpseo_metadesc":"Die vor 30 Jahren er\u00f6ffnete Einkaufspassage im Genfer Conf\u00e9d\u00e9ration Centre soll f\u00fcr 60 Millionen CHF erneuert werden. Die drei Eigent\u00fcmer haben gemeinsam mit der CSA Real Estate Switzerland, einer Anlagegruppe der Credit Suisse Anlagestiftung, das Baugesuch eingereicht.","_yoast_wpseo_linkdex":41,"pgc_sgb_lightbox_settings":"","footnotes":""},"categories":[1951],"tags":[1976,1988,1957,1643],"class_list":["post-40634","post","type-post","status-publish","format-standard","hentry","category-ib","tag-ast-und-anlagegruppen","tag-ge","tag-in-planung","tag-retail"],"acf":[],"yoast_head":"<!-- This site is optimized with the Yoast SEO plugin v27.5 - https:\/\/yoast.com\/product\/yoast-seo-wordpress\/ -->\n<title>Genf: Conf\u00e9d\u00e9ration Centre wird renoviert - IMMOBILIEN Business<\/title>\n<meta name=\"description\" content=\"Die vor 30 Jahren er\u00f6ffnete Einkaufspassage im Genfer Conf\u00e9d\u00e9ration Centre soll f\u00fcr 60 Millionen CHF erneuert werden. Die drei Eigent\u00fcmer haben gemeinsam mit der CSA Real Estate Switzerland, einer Anlagegruppe der Credit Suisse Anlagestiftung, das Baugesuch eingereicht.\" \/>\n<meta name=\"robots\" content=\"index, follow, max-snippet:-1, max-image-preview:large, max-video-preview:-1\" \/>\n<link rel=\"canonical\" href=\"https:\/\/www.immobilienbusiness.ch\/de\/ib\/2020-05-11\/genf-confederation-centre-wird-renoviert-2\/\" \/>\n<meta property=\"og:locale\" content=\"de_DE\" \/>\n<meta property=\"og:type\" content=\"article\" \/>\n<meta property=\"og:title\" content=\"Genf: Conf\u00e9d\u00e9ration Centre wird renoviert - IMMOBILIEN Business\" \/>\n<meta property=\"og:description\" content=\"Die vor 30 Jahren er\u00f6ffnete Einkaufspassage im Genfer Conf\u00e9d\u00e9ration Centre soll f\u00fcr 60 Millionen CHF erneuert werden. Die drei Eigent\u00fcmer haben gemeinsam mit der CSA Real Estate Switzerland, einer Anlagegruppe der Credit Suisse Anlagestiftung, das Baugesuch eingereicht.\" \/>\n<meta property=\"og:url\" content=\"https:\/\/www.immobilienbusiness.ch\/de\/ib\/2020-05-11\/genf-confederation-centre-wird-renoviert-2\/\" \/>\n<meta property=\"og:site_name\" content=\"IMMOBILIEN Business\" \/>\n<meta property=\"article:publisher\" content=\"https:\/\/www.facebook.com\/immobilienbusiness\/\" \/>\n<meta property=\"article:published_time\" content=\"2020-05-11T10:39:08+00:00\" \/>\n<meta property=\"article:modified_time\" content=\"2023-07-22T18:18:48+00:00\" \/>\n<meta name=\"author\" content=\"mathias.rinka\" \/>\n<meta name=\"twitter:card\" content=\"summary_large_image\" \/>\n<script type=\"application\/ld+json\" class=\"yoast-schema-graph\">{\"@context\":\"https:\\\/\\\/schema.org\",\"@graph\":[{\"@type\":\"Article\",\"@id\":\"https:\\\/\\\/www.immobilienbusiness.ch\\\/ib\\\/2020-05-11\\\/genf-confederation-centre-wird-renoviert-2\\\/#article\",\"isPartOf\":{\"@id\":\"https:\\\/\\\/www.immobilienbusiness.ch\\\/ib\\\/2020-05-11\\\/genf-confederation-centre-wird-renoviert-2\\\/\"},\"author\":{\"name\":\"mathias.rinka\",\"@id\":\"https:\\\/\\\/www.immobilienbusiness.ch\\\/#\\\/schema\\\/person\\\/31be7383261ea656cfe52cad71fdc211\"},\"headline\":\"Genf: Conf\u00e9d\u00e9ration Centre wird renoviert\",\"datePublished\":\"2020-05-11T10:39:08+00:00\",\"dateModified\":\"2023-07-22T18:18:48+00:00\",\"mainEntityOfPage\":{\"@id\":\"https:\\\/\\\/www.immobilienbusiness.ch\\\/ib\\\/2020-05-11\\\/genf-confederation-centre-wird-renoviert-2\\\/\"},\"wordCount\":104,\"publisher\":{\"@id\":\"https:\\\/\\\/www.immobilienbusiness.ch\\\/#organization\"},\"keywords\":[\"AST und Anlagegruppen\",\"GE\",\"in Planung\",\"Retail\"],\"articleSection\":[\"IB+\"],\"inLanguage\":\"de\"},{\"@type\":\"WebPage\",\"@id\":\"https:\\\/\\\/www.immobilienbusiness.ch\\\/ib\\\/2020-05-11\\\/genf-confederation-centre-wird-renoviert-2\\\/\",\"url\":\"https:\\\/\\\/www.immobilienbusiness.ch\\\/ib\\\/2020-05-11\\\/genf-confederation-centre-wird-renoviert-2\\\/\",\"name\":\"Genf: Conf\u00e9d\u00e9ration Centre wird renoviert - IMMOBILIEN Business\",\"isPartOf\":{\"@id\":\"https:\\\/\\\/www.immobilienbusiness.ch\\\/#website\"},\"datePublished\":\"2020-05-11T10:39:08+00:00\",\"dateModified\":\"2023-07-22T18:18:48+00:00\",\"description\":\"Die vor 30 Jahren er\u00f6ffnete Einkaufspassage im Genfer Conf\u00e9d\u00e9ration Centre soll f\u00fcr 60 Millionen CHF erneuert werden. Die drei Eigent\u00fcmer haben gemeinsam mit der CSA Real Estate Switzerland, einer Anlagegruppe der Credit Suisse Anlagestiftung, das Baugesuch eingereicht.\",\"breadcrumb\":{\"@id\":\"https:\\\/\\\/www.immobilienbusiness.ch\\\/ib\\\/2020-05-11\\\/genf-confederation-centre-wird-renoviert-2\\\/#breadcrumb\"},\"inLanguage\":\"de\",\"potentialAction\":[{\"@type\":\"ReadAction\",\"target\":[\"https:\\\/\\\/www.immobilienbusiness.ch\\\/ib\\\/2020-05-11\\\/genf-confederation-centre-wird-renoviert-2\\\/\"]}]},{\"@type\":\"BreadcrumbList\",\"@id\":\"https:\\\/\\\/www.immobilienbusiness.ch\\\/ib\\\/2020-05-11\\\/genf-confederation-centre-wird-renoviert-2\\\/#breadcrumb\",\"itemListElement\":[{\"@type\":\"ListItem\",\"position\":1,\"name\":\"Home\",\"item\":\"https:\\\/\\\/www.immobilienbusiness.ch\\\/\"},{\"@type\":\"ListItem\",\"position\":2,\"name\":\"Genf: Conf\u00e9d\u00e9ration Centre wird renoviert\"}]},{\"@type\":\"WebSite\",\"@id\":\"https:\\\/\\\/www.immobilienbusiness.ch\\\/#website\",\"url\":\"https:\\\/\\\/www.immobilienbusiness.ch\\\/\",\"name\":\"IMMOBILIEN Business\",\"description\":\"Unabh\u00e4ngiges Schweizer Wirtschaftsmagazin mit Fokus auf Immobilien, Architektur- und Bau sowie Investment- und Finanzierung.\",\"publisher\":{\"@id\":\"https:\\\/\\\/www.immobilienbusiness.ch\\\/#organization\"},\"potentialAction\":[{\"@type\":\"SearchAction\",\"target\":{\"@type\":\"EntryPoint\",\"urlTemplate\":\"https:\\\/\\\/www.immobilienbusiness.ch\\\/?s={search_term_string}\"},\"query-input\":{\"@type\":\"PropertyValueSpecification\",\"valueRequired\":true,\"valueName\":\"search_term_string\"}}],\"inLanguage\":\"de\"},{\"@type\":\"Organization\",\"@id\":\"https:\\\/\\\/www.immobilienbusiness.ch\\\/#organization\",\"name\":\"IMMOBILIEN Business\",\"url\":\"https:\\\/\\\/www.immobilienbusiness.ch\\\/\",\"logo\":{\"@type\":\"ImageObject\",\"inLanguage\":\"de\",\"@id\":\"https:\\\/\\\/www.immobilienbusiness.ch\\\/#\\\/schema\\\/logo\\\/image\\\/\",\"url\":\"https:\\\/\\\/www.immobilienbusiness.ch\\\/wp-content\\\/uploads\\\/2021\\\/07\\\/logo_ib.png\",\"contentUrl\":\"https:\\\/\\\/www.immobilienbusiness.ch\\\/wp-content\\\/uploads\\\/2021\\\/07\\\/logo_ib.png\",\"width\":800,\"height\":181,\"caption\":\"IMMOBILIEN Business\"},\"image\":{\"@id\":\"https:\\\/\\\/www.immobilienbusiness.ch\\\/#\\\/schema\\\/logo\\\/image\\\/\"},\"sameAs\":[\"https:\\\/\\\/www.facebook.com\\\/immobilienbusiness\\\/\"]},{\"@type\":\"Person\",\"@id\":\"https:\\\/\\\/www.immobilienbusiness.ch\\\/#\\\/schema\\\/person\\\/31be7383261ea656cfe52cad71fdc211\",\"name\":\"mathias.rinka\",\"image\":{\"@type\":\"ImageObject\",\"inLanguage\":\"de\",\"@id\":\"https:\\\/\\\/secure.gravatar.com\\\/avatar\\\/?s=96&d=mm&r=g\",\"url\":\"https:\\\/\\\/secure.gravatar.com\\\/avatar\\\/?s=96&d=mm&r=g\",\"contentUrl\":\"https:\\\/\\\/secure.gravatar.com\\\/avatar\\\/?s=96&d=mm&r=g\",\"caption\":\"mathias.rinka\"},\"url\":\"https:\\\/\\\/www.immobilienbusiness.ch\\\/de\\\/author\\\/mathias-rinka\\\/\"}]}<\/script>\n<!-- \/ Yoast SEO plugin. -->","yoast_head_json":{"title":"Genf: Conf\u00e9d\u00e9ration Centre wird renoviert - IMMOBILIEN Business","description":"Die vor 30 Jahren er\u00f6ffnete Einkaufspassage im Genfer Conf\u00e9d\u00e9ration Centre soll f\u00fcr 60 Millionen CHF erneuert werden. Die drei Eigent\u00fcmer haben gemeinsam mit der CSA Real Estate Switzerland, einer Anlagegruppe der Credit Suisse Anlagestiftung, das Baugesuch eingereicht.","robots":{"index":"index","follow":"follow","max-snippet":"max-snippet:-1","max-image-preview":"max-image-preview:large","max-video-preview":"max-video-preview:-1"},"canonical":"https:\/\/www.immobilienbusiness.ch\/de\/ib\/2020-05-11\/genf-confederation-centre-wird-renoviert-2\/","og_locale":"de_DE","og_type":"article","og_title":"Genf: Conf\u00e9d\u00e9ration Centre wird renoviert - IMMOBILIEN Business","og_description":"Die vor 30 Jahren er\u00f6ffnete Einkaufspassage im Genfer Conf\u00e9d\u00e9ration Centre soll f\u00fcr 60 Millionen CHF erneuert werden. Die drei Eigent\u00fcmer haben gemeinsam mit der CSA Real Estate Switzerland, einer Anlagegruppe der Credit Suisse Anlagestiftung, das Baugesuch eingereicht.","og_url":"https:\/\/www.immobilienbusiness.ch\/de\/ib\/2020-05-11\/genf-confederation-centre-wird-renoviert-2\/","og_site_name":"IMMOBILIEN Business","article_publisher":"https:\/\/www.facebook.com\/immobilienbusiness\/","article_published_time":"2020-05-11T10:39:08+00:00","article_modified_time":"2023-07-22T18:18:48+00:00","author":"mathias.rinka","twitter_card":"summary_large_image","schema":{"@context":"https:\/\/schema.org","@graph":[{"@type":"Article","@id":"https:\/\/www.immobilienbusiness.ch\/ib\/2020-05-11\/genf-confederation-centre-wird-renoviert-2\/#article","isPartOf":{"@id":"https:\/\/www.immobilienbusiness.ch\/ib\/2020-05-11\/genf-confederation-centre-wird-renoviert-2\/"},"author":{"name":"mathias.rinka","@id":"https:\/\/www.immobilienbusiness.ch\/#\/schema\/person\/31be7383261ea656cfe52cad71fdc211"},"headline":"Genf: Conf\u00e9d\u00e9ration Centre wird renoviert","datePublished":"2020-05-11T10:39:08+00:00","dateModified":"2023-07-22T18:18:48+00:00","mainEntityOfPage":{"@id":"https:\/\/www.immobilienbusiness.ch\/ib\/2020-05-11\/genf-confederation-centre-wird-renoviert-2\/"},"wordCount":104,"publisher":{"@id":"https:\/\/www.immobilienbusiness.ch\/#organization"},"keywords":["AST und Anlagegruppen","GE","in Planung","Retail"],"articleSection":["IB+"],"inLanguage":"de"},{"@type":"WebPage","@id":"https:\/\/www.immobilienbusiness.ch\/ib\/2020-05-11\/genf-confederation-centre-wird-renoviert-2\/","url":"https:\/\/www.immobilienbusiness.ch\/ib\/2020-05-11\/genf-confederation-centre-wird-renoviert-2\/","name":"Genf: Conf\u00e9d\u00e9ration Centre wird renoviert - IMMOBILIEN Business","isPartOf":{"@id":"https:\/\/www.immobilienbusiness.ch\/#website"},"datePublished":"2020-05-11T10:39:08+00:00","dateModified":"2023-07-22T18:18:48+00:00","description":"Die vor 30 Jahren er\u00f6ffnete Einkaufspassage im Genfer Conf\u00e9d\u00e9ration Centre soll f\u00fcr 60 Millionen CHF erneuert werden. Die drei Eigent\u00fcmer haben gemeinsam mit der CSA Real Estate Switzerland, einer Anlagegruppe der Credit Suisse Anlagestiftung, das Baugesuch eingereicht.","breadcrumb":{"@id":"https:\/\/www.immobilienbusiness.ch\/ib\/2020-05-11\/genf-confederation-centre-wird-renoviert-2\/#breadcrumb"},"inLanguage":"de","potentialAction":[{"@type":"ReadAction","target":["https:\/\/www.immobilienbusiness.ch\/ib\/2020-05-11\/genf-confederation-centre-wird-renoviert-2\/"]}]},{"@type":"BreadcrumbList","@id":"https:\/\/www.immobilienbusiness.ch\/ib\/2020-05-11\/genf-confederation-centre-wird-renoviert-2\/#breadcrumb","itemListElement":[{"@type":"ListItem","position":1,"name":"Home","item":"https:\/\/www.immobilienbusiness.ch\/"},{"@type":"ListItem","position":2,"name":"Genf: Conf\u00e9d\u00e9ration Centre wird renoviert"}]},{"@type":"WebSite","@id":"https:\/\/www.immobilienbusiness.ch\/#website","url":"https:\/\/www.immobilienbusiness.ch\/","name":"IMMOBILIEN Business","description":"Unabh\u00e4ngiges Schweizer Wirtschaftsmagazin mit Fokus auf Immobilien, Architektur- und Bau sowie Investment- und Finanzierung.","publisher":{"@id":"https:\/\/www.immobilienbusiness.ch\/#organization"},"potentialAction":[{"@type":"SearchAction","target":{"@type":"EntryPoint","urlTemplate":"https:\/\/www.immobilienbusiness.ch\/?s={search_term_string}"},"query-input":{"@type":"PropertyValueSpecification","valueRequired":true,"valueName":"search_term_string"}}],"inLanguage":"de"},{"@type":"Organization","@id":"https:\/\/www.immobilienbusiness.ch\/#organization","name":"IMMOBILIEN Business","url":"https:\/\/www.immobilienbusiness.ch\/","logo":{"@type":"ImageObject","inLanguage":"de","@id":"https:\/\/www.immobilienbusiness.ch\/#\/schema\/logo\/image\/","url":"https:\/\/www.immobilienbusiness.ch\/wp-content\/uploads\/2021\/07\/logo_ib.png","contentUrl":"https:\/\/www.immobilienbusiness.ch\/wp-content\/uploads\/2021\/07\/logo_ib.png","width":800,"height":181,"caption":"IMMOBILIEN Business"},"image":{"@id":"https:\/\/www.immobilienbusiness.ch\/#\/schema\/logo\/image\/"},"sameAs":["https:\/\/www.facebook.com\/immobilienbusiness\/"]},{"@type":"Person","@id":"https:\/\/www.immobilienbusiness.ch\/#\/schema\/person\/31be7383261ea656cfe52cad71fdc211","name":"mathias.rinka","image":{"@type":"ImageObject","inLanguage":"de","@id":"https:\/\/secure.gravatar.com\/avatar\/?s=96&d=mm&r=g","url":"https:\/\/secure.gravatar.com\/avatar\/?s=96&d=mm&r=g","contentUrl":"https:\/\/secure.gravatar.com\/avatar\/?s=96&d=mm&r=g","caption":"mathias.rinka"},"url":"https:\/\/www.immobilienbusiness.ch\/de\/author\/mathias-rinka\/"}]}},"_links":{"self":[{"href":"https:\/\/www.immobilienbusiness.ch\/de\/wp-json\/wp\/v2\/posts\/40634","targetHints":{"allow":["GET"]}}],"collection":[{"href":"https:\/\/www.immobilienbusiness.ch\/de\/wp-json\/wp\/v2\/posts"}],"about":[{"href":"https:\/\/www.immobilienbusiness.ch\/de\/wp-json\/wp\/v2\/types\/post"}],"author":[{"embeddable":true,"href":"https:\/\/www.immobilienbusiness.ch\/de\/wp-json\/wp\/v2\/users\/4"}],"replies":[{"embeddable":true,"href":"https:\/\/www.immobilienbusiness.ch\/de\/wp-json\/wp\/v2\/comments?post=40634"}],"version-history":[{"count":1,"href":"https:\/\/www.immobilienbusiness.ch\/de\/wp-json\/wp\/v2\/posts\/40634\/revisions"}],"predecessor-version":[{"id":51035,"href":"https:\/\/www.immobilienbusiness.ch\/de\/wp-json\/wp\/v2\/posts\/40634\/revisions\/51035"}],"wp:attachment":[{"href":"https:\/\/www.immobilienbusiness.ch\/de\/wp-json\/wp\/v2\/media?parent=40634"}],"wp:term":[{"taxonomy":"category","embeddable":true,"href":"https:\/\/www.immobilienbusiness.ch\/de\/wp-json\/wp\/v2\/categories?post=40634"},{"taxonomy":"post_tag","embeddable":true,"href":"https:\/\/www.immobilienbusiness.ch\/de\/wp-json\/wp\/v2\/tags?post=40634"}],"curies":[{"name":"wp","href":"https:\/\/api.w.org\/{rel}","templated":true}]}}