{"id":40491,"date":"2022-03-30T07:00:43","date_gmt":"2022-03-30T05:00:43","guid":{"rendered":"https:\/\/www.immobilienbusiness.ch\/?p=40491"},"modified":"2022-03-30T07:55:02","modified_gmt":"2022-03-30T05:55:02","slug":"sf-retail-properties-fund-legt-zu","status":"publish","type":"post","link":"https:\/\/www.immobilienbusiness.ch\/de\/unternehmen\/2022-03-30\/sf-retail-properties-fund-legt-zu\/","title":{"rendered":"SF Retail Properties Fund legt zu"},"content":{"rendered":"<figure id=\"attachment_7837\" aria-describedby=\"caption-attachment-7837\" style=\"width: 999px\" class=\"wp-caption alignnone\"><a href=\"https:\/\/www.immobilienbusiness.ch\/wp-content\/uploads\/2017\/06\/Depositphotos_80066026_m-2015.jpg\"><img loading=\"lazy\" decoding=\"async\" class=\"size-full wp-image-7837\" src=\"https:\/\/www.immobilienbusiness.ch\/wp-content\/uploads\/2017\/06\/Depositphotos_80066026_m-2015.jpg\" alt=\"\" width=\"999\" height=\"657\" srcset=\"https:\/\/www.immobilienbusiness.ch\/wp-content\/uploads\/2017\/06\/Depositphotos_80066026_m-2015.jpg 999w, https:\/\/www.immobilienbusiness.ch\/wp-content\/uploads\/2017\/06\/Depositphotos_80066026_m-2015-300x197.jpg 300w, https:\/\/www.immobilienbusiness.ch\/wp-content\/uploads\/2017\/06\/Depositphotos_80066026_m-2015-768x505.jpg 768w, https:\/\/www.immobilienbusiness.ch\/wp-content\/uploads\/2017\/06\/Depositphotos_80066026_m-2015-16x12.jpg 16w, https:\/\/www.immobilienbusiness.ch\/wp-content\/uploads\/2017\/06\/Depositphotos_80066026_m-2015-266x175.jpg 266w, https:\/\/www.immobilienbusiness.ch\/wp-content\/uploads\/2017\/06\/Depositphotos_80066026_m-2015-532x350.jpg 532w, https:\/\/www.immobilienbusiness.ch\/wp-content\/uploads\/2017\/06\/Depositphotos_80066026_m-2015-920x605.jpg 920w\" sizes=\"auto, (max-width: 999px) 100vw, 999px\" \/><\/a><figcaption id=\"caption-attachment-7837\" class=\"wp-caption-text\">Der SF Retail Properties Fund hat seine Einnahmen erh\u00f6ht (Bild: Melpomene &#8211; depositphotos)<\/figcaption><\/figure>\n<p>Swiss Finance &amp; Property Funds meldet f\u00fcr den SF Retail Properties Fund ein Gesamtfondsverm\u00f6gen von 883,6 Mio. CHF, das ist ein Zuwachs von 8,1% gegen\u00fcber dem Vorjahr. Das Nettofondsverm\u00f6gen hat sich um 12,2 Mio. auf 632,9 Mio. erh\u00f6ht. Die Mieteinnahmen wuchsen ebenfalls um 8,1% auf 42,8 Mio. Die Leerstandsquote sei um 1,6 Prozentpunkte auf 5,5% und die Mietzinsausfallrate um 2,1 Prozentpunkte auf 6,3% zur\u00fcck, so die Fondsleitung. Zur Reduktion des Leerstandes habe die Vermietung von verf\u00fcgbaren Fl\u00e4chen an verschiedenen Standorten, u.a. in Bioggio, Del\u00e9mont und Zwingen, beigetragen. Zudem wurde ein leerstehendes Objekt in M\u00fcnsingen verkauft. Die durchschnittliche Laufzeit der Mietvertr\u00e4ge (WAULT) liegt bei einem Wert von 6,5 Jahren. Der Nettoertrag bel\u00e4uft sich den Angaben zufolge auf 27,6 Mio.<\/p>\n<p>Das Portfolio des SF Retail Properties Fund umfasst 91 Liegenschaften in 20 Kantonen und weist einen Soll-Mietertrag von 47,1 Mio. aus. Es hat eine vermietbare Fl\u00e4che von 233.912 qm und einen Marktwert von 869,4 Mio. (+64,5 Mio.). Gut drei Viertel der Fl\u00e4chen entfallen auf die Verkaufsnutzung, gefolgt von den B\u00fcro- und Gewerber\u00e4umen (10,7%) und Lager-\/Nebenr\u00e4umen (6,5%). Die gr\u00f6ssten Mieter sind Coop, Migros, MediaMarkt, Aldi Suisse, Lidl Schweiz und Denner.<\/p>\n<p>Im n\u00e4chsten Gesch\u00e4ftsjahr will der SF Retail Properties Fund sein Portfolio vergr\u00f6ssern und weiterentwickeln \u2013 insbesondere durch die Erschliessung von Ausn\u00fctzungsreserven und durch Akquisitionen. <em>(ah)<\/em><\/p>\n","protected":false},"excerpt":{"rendered":"<p>Der SF Retail Properties Fund zeigt sich mit dem Verlauf des Gesch\u00e4ftsjahres zufrieden. Die Mieteinnahmen erh\u00f6hten sich, und der Leerstand ging zur\u00fcck.<\/p>\n","protected":false},"author":3,"featured_media":7837,"comment_status":"closed","ping_status":"closed","sticky":false,"template":"","format":"standard","meta":{"_acf_changed":false,"_yoast_wpseo_focuskw":"SF Retail","_yoast_wpseo_title":"","_yoast_wpseo_metadesc":"Der SF Retail Properties Fund zeigt sich mit dem Verlauf des Gesch\u00e4ftsjahres zufrieden. Die Mieteinnahmen erh\u00f6hten sich, und der Leerstand ging zur\u00fcck.","_yoast_wpseo_linkdex":65,"pgc_sgb_lightbox_settings":"","footnotes":""},"categories":[988],"tags":[1344,1389,1753],"class_list":["post-40491","post","type-post","status-publish","format-standard","has-post-thumbnail","hentry","category-unternehmen","tag-immobilienfonds","tag-jahresergebnis","tag-swiss-finance-property"],"acf":[],"yoast_head":"<!-- This site is optimized with the Yoast SEO plugin v27.4 - https:\/\/yoast.com\/product\/yoast-seo-wordpress\/ -->\n<title>SF Retail Properties Fund legt zu - IMMOBILIEN Business<\/title>\n<meta name=\"description\" content=\"Der SF Retail Properties Fund zeigt sich mit dem Verlauf des Gesch\u00e4ftsjahres zufrieden. Die Mieteinnahmen erh\u00f6hten sich, und der Leerstand ging zur\u00fcck.\" \/>\n<meta name=\"robots\" content=\"index, follow, max-snippet:-1, max-image-preview:large, max-video-preview:-1\" \/>\n<link rel=\"canonical\" href=\"https:\/\/www.immobilienbusiness.ch\/de\/unternehmen\/2022-03-30\/sf-retail-properties-fund-legt-zu\/\" \/>\n<meta property=\"og:locale\" content=\"de_DE\" \/>\n<meta property=\"og:type\" content=\"article\" \/>\n<meta property=\"og:title\" content=\"SF Retail Properties Fund legt zu - IMMOBILIEN Business\" \/>\n<meta property=\"og:description\" content=\"Der SF Retail Properties Fund zeigt sich mit dem Verlauf des Gesch\u00e4ftsjahres zufrieden. Die Mieteinnahmen erh\u00f6hten sich, und der Leerstand ging zur\u00fcck.\" \/>\n<meta property=\"og:url\" content=\"https:\/\/www.immobilienbusiness.ch\/de\/unternehmen\/2022-03-30\/sf-retail-properties-fund-legt-zu\/\" \/>\n<meta property=\"og:site_name\" content=\"IMMOBILIEN Business\" \/>\n<meta property=\"article:publisher\" content=\"https:\/\/www.facebook.com\/immobilienbusiness\/\" \/>\n<meta property=\"article:published_time\" content=\"2022-03-30T05:00:43+00:00\" \/>\n<meta property=\"article:modified_time\" content=\"2022-03-30T05:55:02+00:00\" \/>\n<meta property=\"og:image\" content=\"https:\/\/www.immobilienbusiness.ch\/wp-content\/uploads\/2017\/06\/Depositphotos_80066026_m-2015.jpg\" \/>\n\t<meta property=\"og:image:width\" content=\"999\" \/>\n\t<meta property=\"og:image:height\" content=\"657\" \/>\n\t<meta property=\"og:image:type\" content=\"image\/jpeg\" \/>\n<meta name=\"author\" content=\"anja.hall\" \/>\n<meta name=\"twitter:card\" content=\"summary_large_image\" \/>\n<meta name=\"twitter:image\" content=\"https:\/\/www.immobilienbusiness.ch\/wp-content\/uploads\/2017\/06\/Depositphotos_80066026_m-2015.jpg\" \/>\n<script type=\"application\/ld+json\" class=\"yoast-schema-graph\">{\"@context\":\"https:\\\/\\\/schema.org\",\"@graph\":[{\"@type\":\"Article\",\"@id\":\"https:\\\/\\\/www.immobilienbusiness.ch\\\/unternehmen\\\/2022-03-30\\\/sf-retail-properties-fund-legt-zu\\\/#article\",\"isPartOf\":{\"@id\":\"https:\\\/\\\/www.immobilienbusiness.ch\\\/unternehmen\\\/2022-03-30\\\/sf-retail-properties-fund-legt-zu\\\/\"},\"author\":{\"name\":\"anja.hall\",\"@id\":\"https:\\\/\\\/www.immobilienbusiness.ch\\\/#\\\/schema\\\/person\\\/3fc036297b10b9f42d6db5ee932af8c8\"},\"headline\":\"SF Retail Properties Fund legt zu\",\"datePublished\":\"2022-03-30T05:00:43+00:00\",\"dateModified\":\"2022-03-30T05:55:02+00:00\",\"mainEntityOfPage\":{\"@id\":\"https:\\\/\\\/www.immobilienbusiness.ch\\\/unternehmen\\\/2022-03-30\\\/sf-retail-properties-fund-legt-zu\\\/\"},\"wordCount\":242,\"publisher\":{\"@id\":\"https:\\\/\\\/www.immobilienbusiness.ch\\\/#organization\"},\"image\":{\"@id\":\"https:\\\/\\\/www.immobilienbusiness.ch\\\/unternehmen\\\/2022-03-30\\\/sf-retail-properties-fund-legt-zu\\\/#primaryimage\"},\"thumbnailUrl\":\"https:\\\/\\\/www.immobilienbusiness.ch\\\/wp-content\\\/uploads\\\/2017\\\/06\\\/Depositphotos_80066026_m-2015.jpg\",\"keywords\":[\"Immobilienfonds\",\"Jahresergebnis\",\"Swiss Finance &amp; Property\"],\"articleSection\":[\"UNTERNEHMEN\"],\"inLanguage\":\"de\"},{\"@type\":\"WebPage\",\"@id\":\"https:\\\/\\\/www.immobilienbusiness.ch\\\/unternehmen\\\/2022-03-30\\\/sf-retail-properties-fund-legt-zu\\\/\",\"url\":\"https:\\\/\\\/www.immobilienbusiness.ch\\\/unternehmen\\\/2022-03-30\\\/sf-retail-properties-fund-legt-zu\\\/\",\"name\":\"SF Retail Properties Fund legt zu - IMMOBILIEN Business\",\"isPartOf\":{\"@id\":\"https:\\\/\\\/www.immobilienbusiness.ch\\\/#website\"},\"primaryImageOfPage\":{\"@id\":\"https:\\\/\\\/www.immobilienbusiness.ch\\\/unternehmen\\\/2022-03-30\\\/sf-retail-properties-fund-legt-zu\\\/#primaryimage\"},\"image\":{\"@id\":\"https:\\\/\\\/www.immobilienbusiness.ch\\\/unternehmen\\\/2022-03-30\\\/sf-retail-properties-fund-legt-zu\\\/#primaryimage\"},\"thumbnailUrl\":\"https:\\\/\\\/www.immobilienbusiness.ch\\\/wp-content\\\/uploads\\\/2017\\\/06\\\/Depositphotos_80066026_m-2015.jpg\",\"datePublished\":\"2022-03-30T05:00:43+00:00\",\"dateModified\":\"2022-03-30T05:55:02+00:00\",\"description\":\"Der SF Retail Properties Fund zeigt sich mit dem Verlauf des Gesch\u00e4ftsjahres zufrieden. Die Mieteinnahmen erh\u00f6hten sich, und der Leerstand ging zur\u00fcck.\",\"breadcrumb\":{\"@id\":\"https:\\\/\\\/www.immobilienbusiness.ch\\\/unternehmen\\\/2022-03-30\\\/sf-retail-properties-fund-legt-zu\\\/#breadcrumb\"},\"inLanguage\":\"de\",\"potentialAction\":[{\"@type\":\"ReadAction\",\"target\":[\"https:\\\/\\\/www.immobilienbusiness.ch\\\/unternehmen\\\/2022-03-30\\\/sf-retail-properties-fund-legt-zu\\\/\"]}]},{\"@type\":\"ImageObject\",\"inLanguage\":\"de\",\"@id\":\"https:\\\/\\\/www.immobilienbusiness.ch\\\/unternehmen\\\/2022-03-30\\\/sf-retail-properties-fund-legt-zu\\\/#primaryimage\",\"url\":\"https:\\\/\\\/www.immobilienbusiness.ch\\\/wp-content\\\/uploads\\\/2017\\\/06\\\/Depositphotos_80066026_m-2015.jpg\",\"contentUrl\":\"https:\\\/\\\/www.immobilienbusiness.ch\\\/wp-content\\\/uploads\\\/2017\\\/06\\\/Depositphotos_80066026_m-2015.jpg\",\"width\":999,\"height\":657,\"caption\":\"Die M\u00f6belhersteller Haworth und Cappellini er\u00f6ffnen einen gemeinsamen Showroom (Symbolbild: Melpomene - depositphotos)\"},{\"@type\":\"BreadcrumbList\",\"@id\":\"https:\\\/\\\/www.immobilienbusiness.ch\\\/unternehmen\\\/2022-03-30\\\/sf-retail-properties-fund-legt-zu\\\/#breadcrumb\",\"itemListElement\":[{\"@type\":\"ListItem\",\"position\":1,\"name\":\"Home\",\"item\":\"https:\\\/\\\/www.immobilienbusiness.ch\\\/\"},{\"@type\":\"ListItem\",\"position\":2,\"name\":\"SF Retail Properties Fund legt zu\"}]},{\"@type\":\"WebSite\",\"@id\":\"https:\\\/\\\/www.immobilienbusiness.ch\\\/#website\",\"url\":\"https:\\\/\\\/www.immobilienbusiness.ch\\\/\",\"name\":\"IMMOBILIEN Business\",\"description\":\"Unabh\u00e4ngiges Schweizer Wirtschaftsmagazin mit Fokus auf Immobilien, Architektur- und Bau sowie Investment- und Finanzierung.\",\"publisher\":{\"@id\":\"https:\\\/\\\/www.immobilienbusiness.ch\\\/#organization\"},\"potentialAction\":[{\"@type\":\"SearchAction\",\"target\":{\"@type\":\"EntryPoint\",\"urlTemplate\":\"https:\\\/\\\/www.immobilienbusiness.ch\\\/?s={search_term_string}\"},\"query-input\":{\"@type\":\"PropertyValueSpecification\",\"valueRequired\":true,\"valueName\":\"search_term_string\"}}],\"inLanguage\":\"de\"},{\"@type\":\"Organization\",\"@id\":\"https:\\\/\\\/www.immobilienbusiness.ch\\\/#organization\",\"name\":\"IMMOBILIEN Business\",\"url\":\"https:\\\/\\\/www.immobilienbusiness.ch\\\/\",\"logo\":{\"@type\":\"ImageObject\",\"inLanguage\":\"de\",\"@id\":\"https:\\\/\\\/www.immobilienbusiness.ch\\\/#\\\/schema\\\/logo\\\/image\\\/\",\"url\":\"https:\\\/\\\/www.immobilienbusiness.ch\\\/wp-content\\\/uploads\\\/2021\\\/07\\\/logo_ib.png\",\"contentUrl\":\"https:\\\/\\\/www.immobilienbusiness.ch\\\/wp-content\\\/uploads\\\/2021\\\/07\\\/logo_ib.png\",\"width\":800,\"height\":181,\"caption\":\"IMMOBILIEN Business\"},\"image\":{\"@id\":\"https:\\\/\\\/www.immobilienbusiness.ch\\\/#\\\/schema\\\/logo\\\/image\\\/\"},\"sameAs\":[\"https:\\\/\\\/www.facebook.com\\\/immobilienbusiness\\\/\"]},{\"@type\":\"Person\",\"@id\":\"https:\\\/\\\/www.immobilienbusiness.ch\\\/#\\\/schema\\\/person\\\/3fc036297b10b9f42d6db5ee932af8c8\",\"name\":\"anja.hall\",\"image\":{\"@type\":\"ImageObject\",\"inLanguage\":\"de\",\"@id\":\"https:\\\/\\\/secure.gravatar.com\\\/avatar\\\/066b5a0d447013502c71a5782f4f3469f03cfe595cc2329fb94652fe47511bfb?s=96&d=mm&r=g\",\"url\":\"https:\\\/\\\/secure.gravatar.com\\\/avatar\\\/066b5a0d447013502c71a5782f4f3469f03cfe595cc2329fb94652fe47511bfb?s=96&d=mm&r=g\",\"contentUrl\":\"https:\\\/\\\/secure.gravatar.com\\\/avatar\\\/066b5a0d447013502c71a5782f4f3469f03cfe595cc2329fb94652fe47511bfb?s=96&d=mm&r=g\",\"caption\":\"anja.hall\"},\"url\":\"https:\\\/\\\/www.immobilienbusiness.ch\\\/de\\\/author\\\/anja-hall\\\/\"}]}<\/script>\n<!-- \/ Yoast SEO plugin. -->","yoast_head_json":{"title":"SF Retail Properties Fund legt zu - IMMOBILIEN Business","description":"Der SF Retail Properties Fund zeigt sich mit dem Verlauf des Gesch\u00e4ftsjahres zufrieden. Die Mieteinnahmen erh\u00f6hten sich, und der Leerstand ging zur\u00fcck.","robots":{"index":"index","follow":"follow","max-snippet":"max-snippet:-1","max-image-preview":"max-image-preview:large","max-video-preview":"max-video-preview:-1"},"canonical":"https:\/\/www.immobilienbusiness.ch\/de\/unternehmen\/2022-03-30\/sf-retail-properties-fund-legt-zu\/","og_locale":"de_DE","og_type":"article","og_title":"SF Retail Properties Fund legt zu - IMMOBILIEN Business","og_description":"Der SF Retail Properties Fund zeigt sich mit dem Verlauf des Gesch\u00e4ftsjahres zufrieden. Die Mieteinnahmen erh\u00f6hten sich, und der Leerstand ging zur\u00fcck.","og_url":"https:\/\/www.immobilienbusiness.ch\/de\/unternehmen\/2022-03-30\/sf-retail-properties-fund-legt-zu\/","og_site_name":"IMMOBILIEN Business","article_publisher":"https:\/\/www.facebook.com\/immobilienbusiness\/","article_published_time":"2022-03-30T05:00:43+00:00","article_modified_time":"2022-03-30T05:55:02+00:00","og_image":[{"width":999,"height":657,"url":"https:\/\/www.immobilienbusiness.ch\/wp-content\/uploads\/2017\/06\/Depositphotos_80066026_m-2015.jpg","type":"image\/jpeg"}],"author":"anja.hall","twitter_card":"summary_large_image","twitter_image":"https:\/\/www.immobilienbusiness.ch\/wp-content\/uploads\/2017\/06\/Depositphotos_80066026_m-2015.jpg","schema":{"@context":"https:\/\/schema.org","@graph":[{"@type":"Article","@id":"https:\/\/www.immobilienbusiness.ch\/unternehmen\/2022-03-30\/sf-retail-properties-fund-legt-zu\/#article","isPartOf":{"@id":"https:\/\/www.immobilienbusiness.ch\/unternehmen\/2022-03-30\/sf-retail-properties-fund-legt-zu\/"},"author":{"name":"anja.hall","@id":"https:\/\/www.immobilienbusiness.ch\/#\/schema\/person\/3fc036297b10b9f42d6db5ee932af8c8"},"headline":"SF Retail Properties Fund legt zu","datePublished":"2022-03-30T05:00:43+00:00","dateModified":"2022-03-30T05:55:02+00:00","mainEntityOfPage":{"@id":"https:\/\/www.immobilienbusiness.ch\/unternehmen\/2022-03-30\/sf-retail-properties-fund-legt-zu\/"},"wordCount":242,"publisher":{"@id":"https:\/\/www.immobilienbusiness.ch\/#organization"},"image":{"@id":"https:\/\/www.immobilienbusiness.ch\/unternehmen\/2022-03-30\/sf-retail-properties-fund-legt-zu\/#primaryimage"},"thumbnailUrl":"https:\/\/www.immobilienbusiness.ch\/wp-content\/uploads\/2017\/06\/Depositphotos_80066026_m-2015.jpg","keywords":["Immobilienfonds","Jahresergebnis","Swiss Finance &amp; Property"],"articleSection":["UNTERNEHMEN"],"inLanguage":"de"},{"@type":"WebPage","@id":"https:\/\/www.immobilienbusiness.ch\/unternehmen\/2022-03-30\/sf-retail-properties-fund-legt-zu\/","url":"https:\/\/www.immobilienbusiness.ch\/unternehmen\/2022-03-30\/sf-retail-properties-fund-legt-zu\/","name":"SF Retail Properties Fund legt zu - IMMOBILIEN Business","isPartOf":{"@id":"https:\/\/www.immobilienbusiness.ch\/#website"},"primaryImageOfPage":{"@id":"https:\/\/www.immobilienbusiness.ch\/unternehmen\/2022-03-30\/sf-retail-properties-fund-legt-zu\/#primaryimage"},"image":{"@id":"https:\/\/www.immobilienbusiness.ch\/unternehmen\/2022-03-30\/sf-retail-properties-fund-legt-zu\/#primaryimage"},"thumbnailUrl":"https:\/\/www.immobilienbusiness.ch\/wp-content\/uploads\/2017\/06\/Depositphotos_80066026_m-2015.jpg","datePublished":"2022-03-30T05:00:43+00:00","dateModified":"2022-03-30T05:55:02+00:00","description":"Der SF Retail Properties Fund zeigt sich mit dem Verlauf des Gesch\u00e4ftsjahres zufrieden. Die Mieteinnahmen erh\u00f6hten sich, und der Leerstand ging zur\u00fcck.","breadcrumb":{"@id":"https:\/\/www.immobilienbusiness.ch\/unternehmen\/2022-03-30\/sf-retail-properties-fund-legt-zu\/#breadcrumb"},"inLanguage":"de","potentialAction":[{"@type":"ReadAction","target":["https:\/\/www.immobilienbusiness.ch\/unternehmen\/2022-03-30\/sf-retail-properties-fund-legt-zu\/"]}]},{"@type":"ImageObject","inLanguage":"de","@id":"https:\/\/www.immobilienbusiness.ch\/unternehmen\/2022-03-30\/sf-retail-properties-fund-legt-zu\/#primaryimage","url":"https:\/\/www.immobilienbusiness.ch\/wp-content\/uploads\/2017\/06\/Depositphotos_80066026_m-2015.jpg","contentUrl":"https:\/\/www.immobilienbusiness.ch\/wp-content\/uploads\/2017\/06\/Depositphotos_80066026_m-2015.jpg","width":999,"height":657,"caption":"Die M\u00f6belhersteller Haworth und Cappellini er\u00f6ffnen einen gemeinsamen Showroom (Symbolbild: Melpomene - depositphotos)"},{"@type":"BreadcrumbList","@id":"https:\/\/www.immobilienbusiness.ch\/unternehmen\/2022-03-30\/sf-retail-properties-fund-legt-zu\/#breadcrumb","itemListElement":[{"@type":"ListItem","position":1,"name":"Home","item":"https:\/\/www.immobilienbusiness.ch\/"},{"@type":"ListItem","position":2,"name":"SF Retail Properties Fund legt zu"}]},{"@type":"WebSite","@id":"https:\/\/www.immobilienbusiness.ch\/#website","url":"https:\/\/www.immobilienbusiness.ch\/","name":"IMMOBILIEN Business","description":"Unabh\u00e4ngiges Schweizer Wirtschaftsmagazin mit Fokus auf Immobilien, Architektur- und Bau sowie Investment- und Finanzierung.","publisher":{"@id":"https:\/\/www.immobilienbusiness.ch\/#organization"},"potentialAction":[{"@type":"SearchAction","target":{"@type":"EntryPoint","urlTemplate":"https:\/\/www.immobilienbusiness.ch\/?s={search_term_string}"},"query-input":{"@type":"PropertyValueSpecification","valueRequired":true,"valueName":"search_term_string"}}],"inLanguage":"de"},{"@type":"Organization","@id":"https:\/\/www.immobilienbusiness.ch\/#organization","name":"IMMOBILIEN Business","url":"https:\/\/www.immobilienbusiness.ch\/","logo":{"@type":"ImageObject","inLanguage":"de","@id":"https:\/\/www.immobilienbusiness.ch\/#\/schema\/logo\/image\/","url":"https:\/\/www.immobilienbusiness.ch\/wp-content\/uploads\/2021\/07\/logo_ib.png","contentUrl":"https:\/\/www.immobilienbusiness.ch\/wp-content\/uploads\/2021\/07\/logo_ib.png","width":800,"height":181,"caption":"IMMOBILIEN Business"},"image":{"@id":"https:\/\/www.immobilienbusiness.ch\/#\/schema\/logo\/image\/"},"sameAs":["https:\/\/www.facebook.com\/immobilienbusiness\/"]},{"@type":"Person","@id":"https:\/\/www.immobilienbusiness.ch\/#\/schema\/person\/3fc036297b10b9f42d6db5ee932af8c8","name":"anja.hall","image":{"@type":"ImageObject","inLanguage":"de","@id":"https:\/\/secure.gravatar.com\/avatar\/066b5a0d447013502c71a5782f4f3469f03cfe595cc2329fb94652fe47511bfb?s=96&d=mm&r=g","url":"https:\/\/secure.gravatar.com\/avatar\/066b5a0d447013502c71a5782f4f3469f03cfe595cc2329fb94652fe47511bfb?s=96&d=mm&r=g","contentUrl":"https:\/\/secure.gravatar.com\/avatar\/066b5a0d447013502c71a5782f4f3469f03cfe595cc2329fb94652fe47511bfb?s=96&d=mm&r=g","caption":"anja.hall"},"url":"https:\/\/www.immobilienbusiness.ch\/de\/author\/anja-hall\/"}]}},"_links":{"self":[{"href":"https:\/\/www.immobilienbusiness.ch\/de\/wp-json\/wp\/v2\/posts\/40491","targetHints":{"allow":["GET"]}}],"collection":[{"href":"https:\/\/www.immobilienbusiness.ch\/de\/wp-json\/wp\/v2\/posts"}],"about":[{"href":"https:\/\/www.immobilienbusiness.ch\/de\/wp-json\/wp\/v2\/types\/post"}],"author":[{"embeddable":true,"href":"https:\/\/www.immobilienbusiness.ch\/de\/wp-json\/wp\/v2\/users\/3"}],"replies":[{"embeddable":true,"href":"https:\/\/www.immobilienbusiness.ch\/de\/wp-json\/wp\/v2\/comments?post=40491"}],"version-history":[{"count":1,"href":"https:\/\/www.immobilienbusiness.ch\/de\/wp-json\/wp\/v2\/posts\/40491\/revisions"}],"predecessor-version":[{"id":40492,"href":"https:\/\/www.immobilienbusiness.ch\/de\/wp-json\/wp\/v2\/posts\/40491\/revisions\/40492"}],"wp:featuredmedia":[{"embeddable":true,"href":"https:\/\/www.immobilienbusiness.ch\/de\/wp-json\/wp\/v2\/media\/7837"}],"wp:attachment":[{"href":"https:\/\/www.immobilienbusiness.ch\/de\/wp-json\/wp\/v2\/media?parent=40491"}],"wp:term":[{"taxonomy":"category","embeddable":true,"href":"https:\/\/www.immobilienbusiness.ch\/de\/wp-json\/wp\/v2\/categories?post=40491"},{"taxonomy":"post_tag","embeddable":true,"href":"https:\/\/www.immobilienbusiness.ch\/de\/wp-json\/wp\/v2\/tags?post=40491"}],"curies":[{"name":"wp","href":"https:\/\/api.w.org\/{rel}","templated":true}]}}