{"id":4042,"date":"2016-09-22T08:58:17","date_gmt":"2016-09-22T06:58:17","guid":{"rendered":"http:\/\/dev.immobilienbusiness.ch\/?p=4042"},"modified":"2016-09-22T08:58:17","modified_gmt":"2016-09-22T06:58:17","slug":"bern-verwaltungsgebaeude-wird-wohnhaus","status":"publish","type":"post","link":"https:\/\/www.immobilienbusiness.ch\/de\/buero\/2016-09-22\/bern-verwaltungsgebaeude-wird-wohnhaus\/","title":{"rendered":"Bern: Verwaltungsgeb\u00e4ude wird Wohnhaus"},"content":{"rendered":"<figure id=\"attachment_4043\" aria-describedby=\"caption-attachment-4043\" style=\"width: 680px\" class=\"wp-caption alignnone\"><img loading=\"lazy\" decoding=\"async\" class=\"size-medium wp-image-4043\" src=\"https:\/\/immobilienbusiness.ch\/wp-content\/uploads\/2016\/12\/Bern-Verwaltungsgeb\u00e4ude-wird-Wohnhaus-immobilien-business.jpg\" alt=\"Der Berner Gemeinderat erwirbt eine Bundesliegenschaft und nutzt sie um (Foto: Pixabay)\" width=\"680\" height=\"452\" \/><figcaption id=\"caption-attachment-4043\" class=\"wp-caption-text\">Der Berner Gemeinderat erwirbt eine Bundesliegenschaft und nutzt sie um (Foto: Pixabay)<\/figcaption><\/figure>\n<p>Der Kaufpreis f\u00fcr die Liegenschaft betr\u00e4gt 3,856 Millionen CHF, teilt die Stadt Bern mit. Das f\u00fcnfst\u00f6ckige Geb\u00e4ude wurde in den Jahren 1933 und 1934 als Wohnhaus erbaut, seit einer Gesamtsanierung im Jahr 1994 wird es aber als B\u00fcrohaus f\u00fcr die Bundesverwaltung genutzt. Das Haus befinde sich in einem guten Zustand ohne gr\u00f6sseren Instandhaltungsbedarf, so die Stadt Bern.<\/p>\n<p>Die Nutzung als B\u00fcrogeb\u00e4ude soll nur noch mittelfristig fortgef\u00fchrt werden, im Rahmen der n\u00e4chsten gr\u00f6sseren Sanierung will man die urspr\u00fcngliche Wohnnutzung wieder aufleben lassen. Geplant sind zw\u00f6lf neuen Wohnungen &#8211; dies w\u00fcrde zus\u00e4tzlichen Wohnraum an zentraler Lage schaffen, heisst es im Berner Gemeinderat. (ah)<\/p>\n","protected":false},"excerpt":{"rendered":"<p>Der Berner Gemeinderat kauft dem Bund die Liegenschaft an der Effingerstrasse 43 ab. Das Verwaltungsgeb\u00e4ude soll zu einem Wohnhaus umgenutzt werden.<\/p>\n","protected":false},"author":1,"featured_media":4043,"comment_status":"open","ping_status":"open","sticky":false,"template":"","format":"standard","meta":{"_acf_changed":false,"_yoast_wpseo_focuskw":"Verwaltungsgeb\u00e4ude wird Wohnhaus","_yoast_wpseo_title":"","_yoast_wpseo_metadesc":"Verwaltungsgeb\u00e4ude wird Wohnhaus: Der Gemeinderat kauft dem Bund die Liegenschaft an der Effingerstrasse 43 ab. Das Verwaltungsgeb\u00e4ude soll umgenutzt werden","_yoast_wpseo_linkdex":59,"pgc_sgb_lightbox_settings":"","footnotes":""},"categories":[983,986],"tags":[1091,1118,1639,1862],"class_list":["post-4042","post","type-post","status-publish","format-standard","has-post-thumbnail","hentry","category-buero","category-residential","tag-bern","tag-buero","tag-residential","tag-wohnen"],"acf":[],"yoast_head":"<!-- This site is optimized with the Yoast SEO plugin v27.4 - https:\/\/yoast.com\/product\/yoast-seo-wordpress\/ -->\n<title>Bern: Verwaltungsgeb\u00e4ude wird Wohnhaus - IMMOBILIEN Business<\/title>\n<meta name=\"description\" content=\"Verwaltungsgeb\u00e4ude wird Wohnhaus: Der Gemeinderat kauft dem Bund die Liegenschaft an der Effingerstrasse 43 ab. Das Verwaltungsgeb\u00e4ude soll umgenutzt werden\" \/>\n<meta name=\"robots\" content=\"index, follow, max-snippet:-1, max-image-preview:large, max-video-preview:-1\" \/>\n<link rel=\"canonical\" href=\"https:\/\/www.immobilienbusiness.ch\/de\/buero\/2016-09-22\/bern-verwaltungsgebaeude-wird-wohnhaus\/\" \/>\n<meta property=\"og:locale\" content=\"de_DE\" \/>\n<meta property=\"og:type\" content=\"article\" \/>\n<meta property=\"og:title\" content=\"Bern: Verwaltungsgeb\u00e4ude wird Wohnhaus\" \/>\n<meta property=\"og:description\" content=\"Der Berner Gemeinderat kauft dem Bund die Liegenschaft an der Effingerstrasse 43 ab. Das Verwaltungsgeb\u00e4ude soll zu einem Wohnhaus umgenutzt werden.\" \/>\n<meta property=\"og:url\" content=\"https:\/\/www.immobilienbusiness.ch\/de\/buero\/2016-09-22\/bern-verwaltungsgebaeude-wird-wohnhaus\/\" \/>\n<meta property=\"og:site_name\" content=\"IMMOBILIEN Business\" \/>\n<meta property=\"article:publisher\" content=\"https:\/\/www.facebook.com\/immobilienbusiness\/\" \/>\n<meta property=\"article:published_time\" content=\"2016-09-22T06:58:17+00:00\" \/>\n<meta name=\"author\" content=\"Redaktion\" \/>\n<meta name=\"twitter:card\" content=\"summary_large_image\" \/>\n<meta name=\"twitter:image\" content=\"https:\/\/www.immobilienbusiness.ch\/wp-content\/uploads\/2016\/12\/Bern-Verwaltungsgebaeude-wird-Wohnhaus-immobilien-business.jpg\" \/>\n<script type=\"application\/ld+json\" class=\"yoast-schema-graph\">{\"@context\":\"https:\\\/\\\/schema.org\",\"@graph\":[{\"@type\":\"Article\",\"@id\":\"https:\\\/\\\/www.immobilienbusiness.ch\\\/buero\\\/2016-09-22\\\/bern-verwaltungsgebaeude-wird-wohnhaus\\\/#article\",\"isPartOf\":{\"@id\":\"https:\\\/\\\/www.immobilienbusiness.ch\\\/buero\\\/2016-09-22\\\/bern-verwaltungsgebaeude-wird-wohnhaus\\\/\"},\"author\":{\"name\":\"Redaktion\",\"@id\":\"https:\\\/\\\/www.immobilienbusiness.ch\\\/#\\\/schema\\\/person\\\/aa2bace6c5c5aad60102004a50c4eb1c\"},\"headline\":\"Bern: Verwaltungsgeb\u00e4ude wird Wohnhaus\",\"datePublished\":\"2016-09-22T06:58:17+00:00\",\"mainEntityOfPage\":{\"@id\":\"https:\\\/\\\/www.immobilienbusiness.ch\\\/buero\\\/2016-09-22\\\/bern-verwaltungsgebaeude-wird-wohnhaus\\\/\"},\"wordCount\":138,\"commentCount\":1,\"publisher\":{\"@id\":\"https:\\\/\\\/www.immobilienbusiness.ch\\\/#organization\"},\"image\":{\"@id\":\"https:\\\/\\\/www.immobilienbusiness.ch\\\/buero\\\/2016-09-22\\\/bern-verwaltungsgebaeude-wird-wohnhaus\\\/#primaryimage\"},\"thumbnailUrl\":\"https:\\\/\\\/www.immobilienbusiness.ch\\\/wp-content\\\/uploads\\\/2016\\\/12\\\/Bern-Verwaltungsgebaeude-wird-Wohnhaus-immobilien-business.jpg\",\"keywords\":[\"Bern\",\"B\u00fcro\",\"Residential\",\"Wohnen\"],\"articleSection\":[\"B\u00dcRO\",\"RESIDENTIAL\"],\"inLanguage\":\"de\"},{\"@type\":\"WebPage\",\"@id\":\"https:\\\/\\\/www.immobilienbusiness.ch\\\/buero\\\/2016-09-22\\\/bern-verwaltungsgebaeude-wird-wohnhaus\\\/\",\"url\":\"https:\\\/\\\/www.immobilienbusiness.ch\\\/buero\\\/2016-09-22\\\/bern-verwaltungsgebaeude-wird-wohnhaus\\\/\",\"name\":\"Bern: Verwaltungsgeb\u00e4ude wird Wohnhaus - IMMOBILIEN Business\",\"isPartOf\":{\"@id\":\"https:\\\/\\\/www.immobilienbusiness.ch\\\/#website\"},\"primaryImageOfPage\":{\"@id\":\"https:\\\/\\\/www.immobilienbusiness.ch\\\/buero\\\/2016-09-22\\\/bern-verwaltungsgebaeude-wird-wohnhaus\\\/#primaryimage\"},\"image\":{\"@id\":\"https:\\\/\\\/www.immobilienbusiness.ch\\\/buero\\\/2016-09-22\\\/bern-verwaltungsgebaeude-wird-wohnhaus\\\/#primaryimage\"},\"thumbnailUrl\":\"https:\\\/\\\/www.immobilienbusiness.ch\\\/wp-content\\\/uploads\\\/2016\\\/12\\\/Bern-Verwaltungsgebaeude-wird-Wohnhaus-immobilien-business.jpg\",\"datePublished\":\"2016-09-22T06:58:17+00:00\",\"description\":\"Verwaltungsgeb\u00e4ude wird Wohnhaus: Der Gemeinderat kauft dem Bund die Liegenschaft an der Effingerstrasse 43 ab. Das Verwaltungsgeb\u00e4ude soll umgenutzt werden\",\"breadcrumb\":{\"@id\":\"https:\\\/\\\/www.immobilienbusiness.ch\\\/buero\\\/2016-09-22\\\/bern-verwaltungsgebaeude-wird-wohnhaus\\\/#breadcrumb\"},\"inLanguage\":\"de\",\"potentialAction\":[{\"@type\":\"ReadAction\",\"target\":[\"https:\\\/\\\/www.immobilienbusiness.ch\\\/buero\\\/2016-09-22\\\/bern-verwaltungsgebaeude-wird-wohnhaus\\\/\"]}]},{\"@type\":\"ImageObject\",\"inLanguage\":\"de\",\"@id\":\"https:\\\/\\\/www.immobilienbusiness.ch\\\/buero\\\/2016-09-22\\\/bern-verwaltungsgebaeude-wird-wohnhaus\\\/#primaryimage\",\"url\":\"https:\\\/\\\/www.immobilienbusiness.ch\\\/wp-content\\\/uploads\\\/2016\\\/12\\\/Bern-Verwaltungsgebaeude-wird-Wohnhaus-immobilien-business.jpg\",\"contentUrl\":\"https:\\\/\\\/www.immobilienbusiness.ch\\\/wp-content\\\/uploads\\\/2016\\\/12\\\/Bern-Verwaltungsgebaeude-wird-Wohnhaus-immobilien-business.jpg\",\"width\":1280,\"height\":850,\"caption\":\"Der Berner Gemeinderat erwirbt eine Bundesliegenschaft und nutzt sie um (Foto: Pixabay)\"},{\"@type\":\"BreadcrumbList\",\"@id\":\"https:\\\/\\\/www.immobilienbusiness.ch\\\/buero\\\/2016-09-22\\\/bern-verwaltungsgebaeude-wird-wohnhaus\\\/#breadcrumb\",\"itemListElement\":[{\"@type\":\"ListItem\",\"position\":1,\"name\":\"Home\",\"item\":\"https:\\\/\\\/www.immobilienbusiness.ch\\\/\"},{\"@type\":\"ListItem\",\"position\":2,\"name\":\"Bern: Verwaltungsgeb\u00e4ude wird Wohnhaus\"}]},{\"@type\":\"WebSite\",\"@id\":\"https:\\\/\\\/www.immobilienbusiness.ch\\\/#website\",\"url\":\"https:\\\/\\\/www.immobilienbusiness.ch\\\/\",\"name\":\"IMMOBILIEN Business\",\"description\":\"Unabh\u00e4ngiges Schweizer Wirtschaftsmagazin mit Fokus auf Immobilien, Architektur- und Bau sowie Investment- und Finanzierung.\",\"publisher\":{\"@id\":\"https:\\\/\\\/www.immobilienbusiness.ch\\\/#organization\"},\"potentialAction\":[{\"@type\":\"SearchAction\",\"target\":{\"@type\":\"EntryPoint\",\"urlTemplate\":\"https:\\\/\\\/www.immobilienbusiness.ch\\\/?s={search_term_string}\"},\"query-input\":{\"@type\":\"PropertyValueSpecification\",\"valueRequired\":true,\"valueName\":\"search_term_string\"}}],\"inLanguage\":\"de\"},{\"@type\":\"Organization\",\"@id\":\"https:\\\/\\\/www.immobilienbusiness.ch\\\/#organization\",\"name\":\"IMMOBILIEN Business\",\"url\":\"https:\\\/\\\/www.immobilienbusiness.ch\\\/\",\"logo\":{\"@type\":\"ImageObject\",\"inLanguage\":\"de\",\"@id\":\"https:\\\/\\\/www.immobilienbusiness.ch\\\/#\\\/schema\\\/logo\\\/image\\\/\",\"url\":\"https:\\\/\\\/www.immobilienbusiness.ch\\\/wp-content\\\/uploads\\\/2021\\\/07\\\/logo_ib.png\",\"contentUrl\":\"https:\\\/\\\/www.immobilienbusiness.ch\\\/wp-content\\\/uploads\\\/2021\\\/07\\\/logo_ib.png\",\"width\":800,\"height\":181,\"caption\":\"IMMOBILIEN Business\"},\"image\":{\"@id\":\"https:\\\/\\\/www.immobilienbusiness.ch\\\/#\\\/schema\\\/logo\\\/image\\\/\"},\"sameAs\":[\"https:\\\/\\\/www.facebook.com\\\/immobilienbusiness\\\/\"]},{\"@type\":\"Person\",\"@id\":\"https:\\\/\\\/www.immobilienbusiness.ch\\\/#\\\/schema\\\/person\\\/aa2bace6c5c5aad60102004a50c4eb1c\",\"name\":\"Redaktion\",\"image\":{\"@type\":\"ImageObject\",\"inLanguage\":\"de\",\"@id\":\"https:\\\/\\\/secure.gravatar.com\\\/avatar\\\/ae2f4d718e6c49043e314ce431e7e645d646302a24a5ef5a8bc8e3f5a032e319?s=96&d=mm&r=g\",\"url\":\"https:\\\/\\\/secure.gravatar.com\\\/avatar\\\/ae2f4d718e6c49043e314ce431e7e645d646302a24a5ef5a8bc8e3f5a032e319?s=96&d=mm&r=g\",\"contentUrl\":\"https:\\\/\\\/secure.gravatar.com\\\/avatar\\\/ae2f4d718e6c49043e314ce431e7e645d646302a24a5ef5a8bc8e3f5a032e319?s=96&d=mm&r=g\",\"caption\":\"Redaktion\"},\"sameAs\":[\"http:\\\/\\\/develop.organisator.galledia.ch\"],\"url\":\"https:\\\/\\\/www.immobilienbusiness.ch\\\/de\\\/author\\\/admin\\\/\"}]}<\/script>\n<!-- \/ Yoast SEO plugin. -->","yoast_head_json":{"title":"Bern: Verwaltungsgeb\u00e4ude wird Wohnhaus - IMMOBILIEN Business","description":"Verwaltungsgeb\u00e4ude wird Wohnhaus: Der Gemeinderat kauft dem Bund die Liegenschaft an der Effingerstrasse 43 ab. Das Verwaltungsgeb\u00e4ude soll umgenutzt werden","robots":{"index":"index","follow":"follow","max-snippet":"max-snippet:-1","max-image-preview":"max-image-preview:large","max-video-preview":"max-video-preview:-1"},"canonical":"https:\/\/www.immobilienbusiness.ch\/de\/buero\/2016-09-22\/bern-verwaltungsgebaeude-wird-wohnhaus\/","og_locale":"de_DE","og_type":"article","og_title":"Bern: Verwaltungsgeb\u00e4ude wird Wohnhaus","og_description":"Der Berner Gemeinderat kauft dem Bund die Liegenschaft an der Effingerstrasse 43 ab. Das Verwaltungsgeb\u00e4ude soll zu einem Wohnhaus umgenutzt werden.","og_url":"https:\/\/www.immobilienbusiness.ch\/de\/buero\/2016-09-22\/bern-verwaltungsgebaeude-wird-wohnhaus\/","og_site_name":"IMMOBILIEN Business","article_publisher":"https:\/\/www.facebook.com\/immobilienbusiness\/","article_published_time":"2016-09-22T06:58:17+00:00","author":"Redaktion","twitter_card":"summary_large_image","twitter_image":"https:\/\/www.immobilienbusiness.ch\/wp-content\/uploads\/2016\/12\/Bern-Verwaltungsgebaeude-wird-Wohnhaus-immobilien-business.jpg","schema":{"@context":"https:\/\/schema.org","@graph":[{"@type":"Article","@id":"https:\/\/www.immobilienbusiness.ch\/buero\/2016-09-22\/bern-verwaltungsgebaeude-wird-wohnhaus\/#article","isPartOf":{"@id":"https:\/\/www.immobilienbusiness.ch\/buero\/2016-09-22\/bern-verwaltungsgebaeude-wird-wohnhaus\/"},"author":{"name":"Redaktion","@id":"https:\/\/www.immobilienbusiness.ch\/#\/schema\/person\/aa2bace6c5c5aad60102004a50c4eb1c"},"headline":"Bern: Verwaltungsgeb\u00e4ude wird Wohnhaus","datePublished":"2016-09-22T06:58:17+00:00","mainEntityOfPage":{"@id":"https:\/\/www.immobilienbusiness.ch\/buero\/2016-09-22\/bern-verwaltungsgebaeude-wird-wohnhaus\/"},"wordCount":138,"commentCount":1,"publisher":{"@id":"https:\/\/www.immobilienbusiness.ch\/#organization"},"image":{"@id":"https:\/\/www.immobilienbusiness.ch\/buero\/2016-09-22\/bern-verwaltungsgebaeude-wird-wohnhaus\/#primaryimage"},"thumbnailUrl":"https:\/\/www.immobilienbusiness.ch\/wp-content\/uploads\/2016\/12\/Bern-Verwaltungsgebaeude-wird-Wohnhaus-immobilien-business.jpg","keywords":["Bern","B\u00fcro","Residential","Wohnen"],"articleSection":["B\u00dcRO","RESIDENTIAL"],"inLanguage":"de"},{"@type":"WebPage","@id":"https:\/\/www.immobilienbusiness.ch\/buero\/2016-09-22\/bern-verwaltungsgebaeude-wird-wohnhaus\/","url":"https:\/\/www.immobilienbusiness.ch\/buero\/2016-09-22\/bern-verwaltungsgebaeude-wird-wohnhaus\/","name":"Bern: Verwaltungsgeb\u00e4ude wird Wohnhaus - IMMOBILIEN Business","isPartOf":{"@id":"https:\/\/www.immobilienbusiness.ch\/#website"},"primaryImageOfPage":{"@id":"https:\/\/www.immobilienbusiness.ch\/buero\/2016-09-22\/bern-verwaltungsgebaeude-wird-wohnhaus\/#primaryimage"},"image":{"@id":"https:\/\/www.immobilienbusiness.ch\/buero\/2016-09-22\/bern-verwaltungsgebaeude-wird-wohnhaus\/#primaryimage"},"thumbnailUrl":"https:\/\/www.immobilienbusiness.ch\/wp-content\/uploads\/2016\/12\/Bern-Verwaltungsgebaeude-wird-Wohnhaus-immobilien-business.jpg","datePublished":"2016-09-22T06:58:17+00:00","description":"Verwaltungsgeb\u00e4ude wird Wohnhaus: Der Gemeinderat kauft dem Bund die Liegenschaft an der Effingerstrasse 43 ab. Das Verwaltungsgeb\u00e4ude soll umgenutzt werden","breadcrumb":{"@id":"https:\/\/www.immobilienbusiness.ch\/buero\/2016-09-22\/bern-verwaltungsgebaeude-wird-wohnhaus\/#breadcrumb"},"inLanguage":"de","potentialAction":[{"@type":"ReadAction","target":["https:\/\/www.immobilienbusiness.ch\/buero\/2016-09-22\/bern-verwaltungsgebaeude-wird-wohnhaus\/"]}]},{"@type":"ImageObject","inLanguage":"de","@id":"https:\/\/www.immobilienbusiness.ch\/buero\/2016-09-22\/bern-verwaltungsgebaeude-wird-wohnhaus\/#primaryimage","url":"https:\/\/www.immobilienbusiness.ch\/wp-content\/uploads\/2016\/12\/Bern-Verwaltungsgebaeude-wird-Wohnhaus-immobilien-business.jpg","contentUrl":"https:\/\/www.immobilienbusiness.ch\/wp-content\/uploads\/2016\/12\/Bern-Verwaltungsgebaeude-wird-Wohnhaus-immobilien-business.jpg","width":1280,"height":850,"caption":"Der Berner Gemeinderat erwirbt eine Bundesliegenschaft und nutzt sie um (Foto: Pixabay)"},{"@type":"BreadcrumbList","@id":"https:\/\/www.immobilienbusiness.ch\/buero\/2016-09-22\/bern-verwaltungsgebaeude-wird-wohnhaus\/#breadcrumb","itemListElement":[{"@type":"ListItem","position":1,"name":"Home","item":"https:\/\/www.immobilienbusiness.ch\/"},{"@type":"ListItem","position":2,"name":"Bern: Verwaltungsgeb\u00e4ude wird Wohnhaus"}]},{"@type":"WebSite","@id":"https:\/\/www.immobilienbusiness.ch\/#website","url":"https:\/\/www.immobilienbusiness.ch\/","name":"IMMOBILIEN Business","description":"Unabh\u00e4ngiges Schweizer Wirtschaftsmagazin mit Fokus auf Immobilien, Architektur- und Bau sowie Investment- und Finanzierung.","publisher":{"@id":"https:\/\/www.immobilienbusiness.ch\/#organization"},"potentialAction":[{"@type":"SearchAction","target":{"@type":"EntryPoint","urlTemplate":"https:\/\/www.immobilienbusiness.ch\/?s={search_term_string}"},"query-input":{"@type":"PropertyValueSpecification","valueRequired":true,"valueName":"search_term_string"}}],"inLanguage":"de"},{"@type":"Organization","@id":"https:\/\/www.immobilienbusiness.ch\/#organization","name":"IMMOBILIEN Business","url":"https:\/\/www.immobilienbusiness.ch\/","logo":{"@type":"ImageObject","inLanguage":"de","@id":"https:\/\/www.immobilienbusiness.ch\/#\/schema\/logo\/image\/","url":"https:\/\/www.immobilienbusiness.ch\/wp-content\/uploads\/2021\/07\/logo_ib.png","contentUrl":"https:\/\/www.immobilienbusiness.ch\/wp-content\/uploads\/2021\/07\/logo_ib.png","width":800,"height":181,"caption":"IMMOBILIEN Business"},"image":{"@id":"https:\/\/www.immobilienbusiness.ch\/#\/schema\/logo\/image\/"},"sameAs":["https:\/\/www.facebook.com\/immobilienbusiness\/"]},{"@type":"Person","@id":"https:\/\/www.immobilienbusiness.ch\/#\/schema\/person\/aa2bace6c5c5aad60102004a50c4eb1c","name":"Redaktion","image":{"@type":"ImageObject","inLanguage":"de","@id":"https:\/\/secure.gravatar.com\/avatar\/ae2f4d718e6c49043e314ce431e7e645d646302a24a5ef5a8bc8e3f5a032e319?s=96&d=mm&r=g","url":"https:\/\/secure.gravatar.com\/avatar\/ae2f4d718e6c49043e314ce431e7e645d646302a24a5ef5a8bc8e3f5a032e319?s=96&d=mm&r=g","contentUrl":"https:\/\/secure.gravatar.com\/avatar\/ae2f4d718e6c49043e314ce431e7e645d646302a24a5ef5a8bc8e3f5a032e319?s=96&d=mm&r=g","caption":"Redaktion"},"sameAs":["http:\/\/develop.organisator.galledia.ch"],"url":"https:\/\/www.immobilienbusiness.ch\/de\/author\/admin\/"}]}},"_links":{"self":[{"href":"https:\/\/www.immobilienbusiness.ch\/de\/wp-json\/wp\/v2\/posts\/4042","targetHints":{"allow":["GET"]}}],"collection":[{"href":"https:\/\/www.immobilienbusiness.ch\/de\/wp-json\/wp\/v2\/posts"}],"about":[{"href":"https:\/\/www.immobilienbusiness.ch\/de\/wp-json\/wp\/v2\/types\/post"}],"author":[{"embeddable":true,"href":"https:\/\/www.immobilienbusiness.ch\/de\/wp-json\/wp\/v2\/users\/1"}],"replies":[{"embeddable":true,"href":"https:\/\/www.immobilienbusiness.ch\/de\/wp-json\/wp\/v2\/comments?post=4042"}],"version-history":[{"count":0,"href":"https:\/\/www.immobilienbusiness.ch\/de\/wp-json\/wp\/v2\/posts\/4042\/revisions"}],"wp:featuredmedia":[{"embeddable":true,"href":"https:\/\/www.immobilienbusiness.ch\/de\/wp-json\/wp\/v2\/media\/4043"}],"wp:attachment":[{"href":"https:\/\/www.immobilienbusiness.ch\/de\/wp-json\/wp\/v2\/media?parent=4042"}],"wp:term":[{"taxonomy":"category","embeddable":true,"href":"https:\/\/www.immobilienbusiness.ch\/de\/wp-json\/wp\/v2\/categories?post=4042"},{"taxonomy":"post_tag","embeddable":true,"href":"https:\/\/www.immobilienbusiness.ch\/de\/wp-json\/wp\/v2\/tags?post=4042"}],"curies":[{"name":"wp","href":"https:\/\/api.w.org\/{rel}","templated":true}]}}