{"id":40308,"date":"2022-03-10T09:06:41","date_gmt":"2022-03-10T08:06:41","guid":{"rendered":"https:\/\/www.immobilienbusiness.ch\/?p=40308"},"modified":"2022-03-10T09:06:41","modified_gmt":"2022-03-10T08:06:41","slug":"neuer-nutzer-fuer-das-dnk1-zentrum-in-daeniken","status":"publish","type":"post","link":"https:\/\/www.immobilienbusiness.ch\/de\/regionen\/2022-03-10\/neuer-nutzer-fuer-das-dnk1-zentrum-in-daeniken\/","title":{"rendered":"Neuer Nutzer f\u00fcr das DNK1-Zentrum in D\u00e4niken"},"content":{"rendered":"<figure id=\"attachment_40309\" aria-describedby=\"caption-attachment-40309\" style=\"width: 682px\" class=\"wp-caption alignnone\"><a href=\"https:\/\/www.immobilienbusiness.ch\/wp-content\/uploads\/2022\/03\/Planzer.png\"><img loading=\"lazy\" decoding=\"async\" class=\"size-full wp-image-40309\" src=\"https:\/\/www.immobilienbusiness.ch\/wp-content\/uploads\/2022\/03\/Planzer.png\" alt=\"\" width=\"682\" height=\"455\" srcset=\"https:\/\/www.immobilienbusiness.ch\/wp-content\/uploads\/2022\/03\/Planzer.png 682w, https:\/\/www.immobilienbusiness.ch\/wp-content\/uploads\/2022\/03\/Planzer-300x200.png 300w, https:\/\/www.immobilienbusiness.ch\/wp-content\/uploads\/2022\/03\/Planzer-18x12.png 18w, https:\/\/www.immobilienbusiness.ch\/wp-content\/uploads\/2022\/03\/Planzer-262x175.png 262w, https:\/\/www.immobilienbusiness.ch\/wp-content\/uploads\/2022\/03\/Planzer-525x350.png 525w\" sizes=\"auto, (max-width: 682px) 100vw, 682px\" \/><\/a><figcaption id=\"caption-attachment-40309\" class=\"wp-caption-text\">Das DNK1-Geb\u00e4ude in D\u00e4niken (Quelle: Stoneweg)<\/figcaption><\/figure>\n<p>Planzer will in dem DNK1-Geb\u00e4ude in D\u00e4niken (SO) ab Anfang 2024 seinen Logistik-Hub f\u00fcr die Nordostschweiz einrichten, teilt Stoneweg mit. Varia Swiss Realtech Properties (VSRP), ein Joint Venture von Stoneweg und Decalia, hat das 50.000 qm grosse Geb\u00e4ude im Rahmen einer Sale-and Leaseback-Transaktion im Jahr 2015 von seinem derzeitigen Mieter Meier Tobler erworben. Meier Tobler wird die R\u00e4umlichkeiten am 31. Dezember 2023 verlassen, anschliessend soll Planzer einziehen.<\/p>\n<p>Das DNK1 war urspr\u00fcnglich ein Postzentrum und bietet 35 Laderampen und grosse Lagerkapazit\u00e4ten. Es liegt zwischen der Bahnstrecke und der Kantonsstrasse auf der Achse, die den Osten und den Westen der Schweiz verbindet. W+P Weber und Partner hat Stoneweg vom Kauf bis zur Repositionierung der Liegenschaft unterst\u00fctzt. <em>(ah)<\/em><\/p>\n","protected":false},"excerpt":{"rendered":"<p>Das Logistikunternehmen Planzer mietet das DNK1-Geb\u00e4ude in D\u00e4niken. Eigent\u00fcmerin der Logistikliegenschaft ist Varia Swiss Realtech Properties.<\/p>\n","protected":false},"author":3,"featured_media":40309,"comment_status":"closed","ping_status":"closed","sticky":false,"template":"","format":"standard","meta":{"_acf_changed":false,"_yoast_wpseo_focuskw":"DNK1","_yoast_wpseo_title":"","_yoast_wpseo_metadesc":"Das Logistikunternehmen Planzer mietet das DNK1-Geb\u00e4ude in D\u00e4niken. Eigent\u00fcmerin der Logistikliegenschaft ist Varia Swiss Realtech Properties.","_yoast_wpseo_linkdex":58,"pgc_sgb_lightbox_settings":"","footnotes":""},"categories":[985],"tags":[1404,1452,1832],"class_list":["post-40308","post","type-post","status-publish","format-standard","has-post-thumbnail","hentry","category-regionen","tag-kanton-solothurn","tag-logistikimmobilien","tag-vermietung"],"acf":[],"yoast_head":"<!-- This site is optimized with the Yoast SEO plugin v27.4 - https:\/\/yoast.com\/product\/yoast-seo-wordpress\/ -->\n<title>Neuer Nutzer f\u00fcr das DNK1-Zentrum in D\u00e4niken - IMMOBILIEN Business<\/title>\n<meta name=\"description\" content=\"Das Logistikunternehmen Planzer mietet das DNK1-Geb\u00e4ude in D\u00e4niken. Eigent\u00fcmerin der Logistikliegenschaft ist Varia Swiss Realtech Properties.\" \/>\n<meta name=\"robots\" content=\"index, follow, max-snippet:-1, max-image-preview:large, max-video-preview:-1\" \/>\n<link rel=\"canonical\" href=\"https:\/\/www.immobilienbusiness.ch\/de\/regionen\/2022-03-10\/neuer-nutzer-fuer-das-dnk1-zentrum-in-daeniken\/\" \/>\n<meta property=\"og:locale\" content=\"de_DE\" \/>\n<meta property=\"og:type\" content=\"article\" \/>\n<meta property=\"og:title\" content=\"Neuer Nutzer f\u00fcr das DNK1-Zentrum in D\u00e4niken - IMMOBILIEN Business\" \/>\n<meta property=\"og:description\" content=\"Das Logistikunternehmen Planzer mietet das DNK1-Geb\u00e4ude in D\u00e4niken. Eigent\u00fcmerin der Logistikliegenschaft ist Varia Swiss Realtech Properties.\" \/>\n<meta property=\"og:url\" content=\"https:\/\/www.immobilienbusiness.ch\/de\/regionen\/2022-03-10\/neuer-nutzer-fuer-das-dnk1-zentrum-in-daeniken\/\" \/>\n<meta property=\"og:site_name\" content=\"IMMOBILIEN Business\" \/>\n<meta property=\"article:publisher\" content=\"https:\/\/www.facebook.com\/immobilienbusiness\/\" \/>\n<meta property=\"article:published_time\" content=\"2022-03-10T08:06:41+00:00\" \/>\n<meta property=\"og:image\" content=\"https:\/\/www.immobilienbusiness.ch\/wp-content\/uploads\/2022\/03\/Planzer.png\" \/>\n\t<meta property=\"og:image:width\" content=\"682\" \/>\n\t<meta property=\"og:image:height\" content=\"455\" \/>\n\t<meta property=\"og:image:type\" content=\"image\/png\" \/>\n<meta name=\"author\" content=\"anja.hall\" \/>\n<meta name=\"twitter:card\" content=\"summary_large_image\" \/>\n<meta name=\"twitter:image\" content=\"https:\/\/www.immobilienbusiness.ch\/wp-content\/uploads\/2022\/03\/Planzer.png\" \/>\n<script type=\"application\/ld+json\" class=\"yoast-schema-graph\">{\"@context\":\"https:\\\/\\\/schema.org\",\"@graph\":[{\"@type\":\"Article\",\"@id\":\"https:\\\/\\\/www.immobilienbusiness.ch\\\/de\\\/regionen\\\/2022-03-10\\\/neuer-nutzer-fuer-das-dnk1-zentrum-in-daeniken\\\/#article\",\"isPartOf\":{\"@id\":\"https:\\\/\\\/www.immobilienbusiness.ch\\\/de\\\/regionen\\\/2022-03-10\\\/neuer-nutzer-fuer-das-dnk1-zentrum-in-daeniken\\\/\"},\"author\":{\"name\":\"anja.hall\",\"@id\":\"https:\\\/\\\/www.immobilienbusiness.ch\\\/#\\\/schema\\\/person\\\/3fc036297b10b9f42d6db5ee932af8c8\"},\"headline\":\"Neuer Nutzer f\u00fcr das DNK1-Zentrum in D\u00e4niken\",\"datePublished\":\"2022-03-10T08:06:41+00:00\",\"mainEntityOfPage\":{\"@id\":\"https:\\\/\\\/www.immobilienbusiness.ch\\\/de\\\/regionen\\\/2022-03-10\\\/neuer-nutzer-fuer-das-dnk1-zentrum-in-daeniken\\\/\"},\"wordCount\":145,\"publisher\":{\"@id\":\"https:\\\/\\\/www.immobilienbusiness.ch\\\/#organization\"},\"image\":{\"@id\":\"https:\\\/\\\/www.immobilienbusiness.ch\\\/de\\\/regionen\\\/2022-03-10\\\/neuer-nutzer-fuer-das-dnk1-zentrum-in-daeniken\\\/#primaryimage\"},\"thumbnailUrl\":\"https:\\\/\\\/www.immobilienbusiness.ch\\\/wp-content\\\/uploads\\\/2022\\\/03\\\/Planzer.png\",\"keywords\":[\"Kanton Solothurn\",\"Logistikimmobilien\",\"Vermietung\"],\"articleSection\":[\"REGIONEN\"],\"inLanguage\":\"de\"},{\"@type\":\"WebPage\",\"@id\":\"https:\\\/\\\/www.immobilienbusiness.ch\\\/de\\\/regionen\\\/2022-03-10\\\/neuer-nutzer-fuer-das-dnk1-zentrum-in-daeniken\\\/\",\"url\":\"https:\\\/\\\/www.immobilienbusiness.ch\\\/de\\\/regionen\\\/2022-03-10\\\/neuer-nutzer-fuer-das-dnk1-zentrum-in-daeniken\\\/\",\"name\":\"Neuer Nutzer f\u00fcr das DNK1-Zentrum in D\u00e4niken - IMMOBILIEN Business\",\"isPartOf\":{\"@id\":\"https:\\\/\\\/www.immobilienbusiness.ch\\\/#website\"},\"primaryImageOfPage\":{\"@id\":\"https:\\\/\\\/www.immobilienbusiness.ch\\\/de\\\/regionen\\\/2022-03-10\\\/neuer-nutzer-fuer-das-dnk1-zentrum-in-daeniken\\\/#primaryimage\"},\"image\":{\"@id\":\"https:\\\/\\\/www.immobilienbusiness.ch\\\/de\\\/regionen\\\/2022-03-10\\\/neuer-nutzer-fuer-das-dnk1-zentrum-in-daeniken\\\/#primaryimage\"},\"thumbnailUrl\":\"https:\\\/\\\/www.immobilienbusiness.ch\\\/wp-content\\\/uploads\\\/2022\\\/03\\\/Planzer.png\",\"datePublished\":\"2022-03-10T08:06:41+00:00\",\"description\":\"Das Logistikunternehmen Planzer mietet das DNK1-Geb\u00e4ude in D\u00e4niken. Eigent\u00fcmerin der Logistikliegenschaft ist Varia Swiss Realtech Properties.\",\"breadcrumb\":{\"@id\":\"https:\\\/\\\/www.immobilienbusiness.ch\\\/de\\\/regionen\\\/2022-03-10\\\/neuer-nutzer-fuer-das-dnk1-zentrum-in-daeniken\\\/#breadcrumb\"},\"inLanguage\":\"de\",\"potentialAction\":[{\"@type\":\"ReadAction\",\"target\":[\"https:\\\/\\\/www.immobilienbusiness.ch\\\/de\\\/regionen\\\/2022-03-10\\\/neuer-nutzer-fuer-das-dnk1-zentrum-in-daeniken\\\/\"]}]},{\"@type\":\"ImageObject\",\"inLanguage\":\"de\",\"@id\":\"https:\\\/\\\/www.immobilienbusiness.ch\\\/de\\\/regionen\\\/2022-03-10\\\/neuer-nutzer-fuer-das-dnk1-zentrum-in-daeniken\\\/#primaryimage\",\"url\":\"https:\\\/\\\/www.immobilienbusiness.ch\\\/wp-content\\\/uploads\\\/2022\\\/03\\\/Planzer.png\",\"contentUrl\":\"https:\\\/\\\/www.immobilienbusiness.ch\\\/wp-content\\\/uploads\\\/2022\\\/03\\\/Planzer.png\",\"width\":682,\"height\":455,\"caption\":\"Das DNK1-Geb\u00e4ude in D\u00e4niken (Quelle: Stoneweg)\"},{\"@type\":\"BreadcrumbList\",\"@id\":\"https:\\\/\\\/www.immobilienbusiness.ch\\\/de\\\/regionen\\\/2022-03-10\\\/neuer-nutzer-fuer-das-dnk1-zentrum-in-daeniken\\\/#breadcrumb\",\"itemListElement\":[{\"@type\":\"ListItem\",\"position\":1,\"name\":\"Home\",\"item\":\"https:\\\/\\\/www.immobilienbusiness.ch\\\/\"},{\"@type\":\"ListItem\",\"position\":2,\"name\":\"Neuer Nutzer f\u00fcr das DNK1-Zentrum in D\u00e4niken\"}]},{\"@type\":\"WebSite\",\"@id\":\"https:\\\/\\\/www.immobilienbusiness.ch\\\/#website\",\"url\":\"https:\\\/\\\/www.immobilienbusiness.ch\\\/\",\"name\":\"IMMOBILIEN Business\",\"description\":\"Unabh\u00e4ngiges Schweizer Wirtschaftsmagazin mit Fokus auf Immobilien, Architektur- und Bau sowie Investment- und Finanzierung.\",\"publisher\":{\"@id\":\"https:\\\/\\\/www.immobilienbusiness.ch\\\/#organization\"},\"potentialAction\":[{\"@type\":\"SearchAction\",\"target\":{\"@type\":\"EntryPoint\",\"urlTemplate\":\"https:\\\/\\\/www.immobilienbusiness.ch\\\/?s={search_term_string}\"},\"query-input\":{\"@type\":\"PropertyValueSpecification\",\"valueRequired\":true,\"valueName\":\"search_term_string\"}}],\"inLanguage\":\"de\"},{\"@type\":\"Organization\",\"@id\":\"https:\\\/\\\/www.immobilienbusiness.ch\\\/#organization\",\"name\":\"IMMOBILIEN Business\",\"url\":\"https:\\\/\\\/www.immobilienbusiness.ch\\\/\",\"logo\":{\"@type\":\"ImageObject\",\"inLanguage\":\"de\",\"@id\":\"https:\\\/\\\/www.immobilienbusiness.ch\\\/#\\\/schema\\\/logo\\\/image\\\/\",\"url\":\"https:\\\/\\\/www.immobilienbusiness.ch\\\/wp-content\\\/uploads\\\/2021\\\/07\\\/logo_ib.png\",\"contentUrl\":\"https:\\\/\\\/www.immobilienbusiness.ch\\\/wp-content\\\/uploads\\\/2021\\\/07\\\/logo_ib.png\",\"width\":800,\"height\":181,\"caption\":\"IMMOBILIEN Business\"},\"image\":{\"@id\":\"https:\\\/\\\/www.immobilienbusiness.ch\\\/#\\\/schema\\\/logo\\\/image\\\/\"},\"sameAs\":[\"https:\\\/\\\/www.facebook.com\\\/immobilienbusiness\\\/\"]},{\"@type\":\"Person\",\"@id\":\"https:\\\/\\\/www.immobilienbusiness.ch\\\/#\\\/schema\\\/person\\\/3fc036297b10b9f42d6db5ee932af8c8\",\"name\":\"anja.hall\",\"image\":{\"@type\":\"ImageObject\",\"inLanguage\":\"de\",\"@id\":\"https:\\\/\\\/secure.gravatar.com\\\/avatar\\\/066b5a0d447013502c71a5782f4f3469f03cfe595cc2329fb94652fe47511bfb?s=96&d=mm&r=g\",\"url\":\"https:\\\/\\\/secure.gravatar.com\\\/avatar\\\/066b5a0d447013502c71a5782f4f3469f03cfe595cc2329fb94652fe47511bfb?s=96&d=mm&r=g\",\"contentUrl\":\"https:\\\/\\\/secure.gravatar.com\\\/avatar\\\/066b5a0d447013502c71a5782f4f3469f03cfe595cc2329fb94652fe47511bfb?s=96&d=mm&r=g\",\"caption\":\"anja.hall\"},\"url\":\"https:\\\/\\\/www.immobilienbusiness.ch\\\/de\\\/author\\\/anja-hall\\\/\"}]}<\/script>\n<!-- \/ Yoast SEO plugin. -->","yoast_head_json":{"title":"Neuer Nutzer f\u00fcr das DNK1-Zentrum in D\u00e4niken - IMMOBILIEN Business","description":"Das Logistikunternehmen Planzer mietet das DNK1-Geb\u00e4ude in D\u00e4niken. Eigent\u00fcmerin der Logistikliegenschaft ist Varia Swiss Realtech Properties.","robots":{"index":"index","follow":"follow","max-snippet":"max-snippet:-1","max-image-preview":"max-image-preview:large","max-video-preview":"max-video-preview:-1"},"canonical":"https:\/\/www.immobilienbusiness.ch\/de\/regionen\/2022-03-10\/neuer-nutzer-fuer-das-dnk1-zentrum-in-daeniken\/","og_locale":"de_DE","og_type":"article","og_title":"Neuer Nutzer f\u00fcr das DNK1-Zentrum in D\u00e4niken - IMMOBILIEN Business","og_description":"Das Logistikunternehmen Planzer mietet das DNK1-Geb\u00e4ude in D\u00e4niken. Eigent\u00fcmerin der Logistikliegenschaft ist Varia Swiss Realtech Properties.","og_url":"https:\/\/www.immobilienbusiness.ch\/de\/regionen\/2022-03-10\/neuer-nutzer-fuer-das-dnk1-zentrum-in-daeniken\/","og_site_name":"IMMOBILIEN Business","article_publisher":"https:\/\/www.facebook.com\/immobilienbusiness\/","article_published_time":"2022-03-10T08:06:41+00:00","og_image":[{"width":682,"height":455,"url":"https:\/\/www.immobilienbusiness.ch\/wp-content\/uploads\/2022\/03\/Planzer.png","type":"image\/png"}],"author":"anja.hall","twitter_card":"summary_large_image","twitter_image":"https:\/\/www.immobilienbusiness.ch\/wp-content\/uploads\/2022\/03\/Planzer.png","schema":{"@context":"https:\/\/schema.org","@graph":[{"@type":"Article","@id":"https:\/\/www.immobilienbusiness.ch\/de\/regionen\/2022-03-10\/neuer-nutzer-fuer-das-dnk1-zentrum-in-daeniken\/#article","isPartOf":{"@id":"https:\/\/www.immobilienbusiness.ch\/de\/regionen\/2022-03-10\/neuer-nutzer-fuer-das-dnk1-zentrum-in-daeniken\/"},"author":{"name":"anja.hall","@id":"https:\/\/www.immobilienbusiness.ch\/#\/schema\/person\/3fc036297b10b9f42d6db5ee932af8c8"},"headline":"Neuer Nutzer f\u00fcr das DNK1-Zentrum in D\u00e4niken","datePublished":"2022-03-10T08:06:41+00:00","mainEntityOfPage":{"@id":"https:\/\/www.immobilienbusiness.ch\/de\/regionen\/2022-03-10\/neuer-nutzer-fuer-das-dnk1-zentrum-in-daeniken\/"},"wordCount":145,"publisher":{"@id":"https:\/\/www.immobilienbusiness.ch\/#organization"},"image":{"@id":"https:\/\/www.immobilienbusiness.ch\/de\/regionen\/2022-03-10\/neuer-nutzer-fuer-das-dnk1-zentrum-in-daeniken\/#primaryimage"},"thumbnailUrl":"https:\/\/www.immobilienbusiness.ch\/wp-content\/uploads\/2022\/03\/Planzer.png","keywords":["Kanton Solothurn","Logistikimmobilien","Vermietung"],"articleSection":["REGIONEN"],"inLanguage":"de"},{"@type":"WebPage","@id":"https:\/\/www.immobilienbusiness.ch\/de\/regionen\/2022-03-10\/neuer-nutzer-fuer-das-dnk1-zentrum-in-daeniken\/","url":"https:\/\/www.immobilienbusiness.ch\/de\/regionen\/2022-03-10\/neuer-nutzer-fuer-das-dnk1-zentrum-in-daeniken\/","name":"Neuer Nutzer f\u00fcr das DNK1-Zentrum in D\u00e4niken - IMMOBILIEN Business","isPartOf":{"@id":"https:\/\/www.immobilienbusiness.ch\/#website"},"primaryImageOfPage":{"@id":"https:\/\/www.immobilienbusiness.ch\/de\/regionen\/2022-03-10\/neuer-nutzer-fuer-das-dnk1-zentrum-in-daeniken\/#primaryimage"},"image":{"@id":"https:\/\/www.immobilienbusiness.ch\/de\/regionen\/2022-03-10\/neuer-nutzer-fuer-das-dnk1-zentrum-in-daeniken\/#primaryimage"},"thumbnailUrl":"https:\/\/www.immobilienbusiness.ch\/wp-content\/uploads\/2022\/03\/Planzer.png","datePublished":"2022-03-10T08:06:41+00:00","description":"Das Logistikunternehmen Planzer mietet das DNK1-Geb\u00e4ude in D\u00e4niken. Eigent\u00fcmerin der Logistikliegenschaft ist Varia Swiss Realtech Properties.","breadcrumb":{"@id":"https:\/\/www.immobilienbusiness.ch\/de\/regionen\/2022-03-10\/neuer-nutzer-fuer-das-dnk1-zentrum-in-daeniken\/#breadcrumb"},"inLanguage":"de","potentialAction":[{"@type":"ReadAction","target":["https:\/\/www.immobilienbusiness.ch\/de\/regionen\/2022-03-10\/neuer-nutzer-fuer-das-dnk1-zentrum-in-daeniken\/"]}]},{"@type":"ImageObject","inLanguage":"de","@id":"https:\/\/www.immobilienbusiness.ch\/de\/regionen\/2022-03-10\/neuer-nutzer-fuer-das-dnk1-zentrum-in-daeniken\/#primaryimage","url":"https:\/\/www.immobilienbusiness.ch\/wp-content\/uploads\/2022\/03\/Planzer.png","contentUrl":"https:\/\/www.immobilienbusiness.ch\/wp-content\/uploads\/2022\/03\/Planzer.png","width":682,"height":455,"caption":"Das DNK1-Geb\u00e4ude in D\u00e4niken (Quelle: Stoneweg)"},{"@type":"BreadcrumbList","@id":"https:\/\/www.immobilienbusiness.ch\/de\/regionen\/2022-03-10\/neuer-nutzer-fuer-das-dnk1-zentrum-in-daeniken\/#breadcrumb","itemListElement":[{"@type":"ListItem","position":1,"name":"Home","item":"https:\/\/www.immobilienbusiness.ch\/"},{"@type":"ListItem","position":2,"name":"Neuer Nutzer f\u00fcr das DNK1-Zentrum in D\u00e4niken"}]},{"@type":"WebSite","@id":"https:\/\/www.immobilienbusiness.ch\/#website","url":"https:\/\/www.immobilienbusiness.ch\/","name":"IMMOBILIEN Business","description":"Unabh\u00e4ngiges Schweizer Wirtschaftsmagazin mit Fokus auf Immobilien, Architektur- und Bau sowie Investment- und Finanzierung.","publisher":{"@id":"https:\/\/www.immobilienbusiness.ch\/#organization"},"potentialAction":[{"@type":"SearchAction","target":{"@type":"EntryPoint","urlTemplate":"https:\/\/www.immobilienbusiness.ch\/?s={search_term_string}"},"query-input":{"@type":"PropertyValueSpecification","valueRequired":true,"valueName":"search_term_string"}}],"inLanguage":"de"},{"@type":"Organization","@id":"https:\/\/www.immobilienbusiness.ch\/#organization","name":"IMMOBILIEN Business","url":"https:\/\/www.immobilienbusiness.ch\/","logo":{"@type":"ImageObject","inLanguage":"de","@id":"https:\/\/www.immobilienbusiness.ch\/#\/schema\/logo\/image\/","url":"https:\/\/www.immobilienbusiness.ch\/wp-content\/uploads\/2021\/07\/logo_ib.png","contentUrl":"https:\/\/www.immobilienbusiness.ch\/wp-content\/uploads\/2021\/07\/logo_ib.png","width":800,"height":181,"caption":"IMMOBILIEN Business"},"image":{"@id":"https:\/\/www.immobilienbusiness.ch\/#\/schema\/logo\/image\/"},"sameAs":["https:\/\/www.facebook.com\/immobilienbusiness\/"]},{"@type":"Person","@id":"https:\/\/www.immobilienbusiness.ch\/#\/schema\/person\/3fc036297b10b9f42d6db5ee932af8c8","name":"anja.hall","image":{"@type":"ImageObject","inLanguage":"de","@id":"https:\/\/secure.gravatar.com\/avatar\/066b5a0d447013502c71a5782f4f3469f03cfe595cc2329fb94652fe47511bfb?s=96&d=mm&r=g","url":"https:\/\/secure.gravatar.com\/avatar\/066b5a0d447013502c71a5782f4f3469f03cfe595cc2329fb94652fe47511bfb?s=96&d=mm&r=g","contentUrl":"https:\/\/secure.gravatar.com\/avatar\/066b5a0d447013502c71a5782f4f3469f03cfe595cc2329fb94652fe47511bfb?s=96&d=mm&r=g","caption":"anja.hall"},"url":"https:\/\/www.immobilienbusiness.ch\/de\/author\/anja-hall\/"}]}},"_links":{"self":[{"href":"https:\/\/www.immobilienbusiness.ch\/de\/wp-json\/wp\/v2\/posts\/40308","targetHints":{"allow":["GET"]}}],"collection":[{"href":"https:\/\/www.immobilienbusiness.ch\/de\/wp-json\/wp\/v2\/posts"}],"about":[{"href":"https:\/\/www.immobilienbusiness.ch\/de\/wp-json\/wp\/v2\/types\/post"}],"author":[{"embeddable":true,"href":"https:\/\/www.immobilienbusiness.ch\/de\/wp-json\/wp\/v2\/users\/3"}],"replies":[{"embeddable":true,"href":"https:\/\/www.immobilienbusiness.ch\/de\/wp-json\/wp\/v2\/comments?post=40308"}],"version-history":[{"count":1,"href":"https:\/\/www.immobilienbusiness.ch\/de\/wp-json\/wp\/v2\/posts\/40308\/revisions"}],"predecessor-version":[{"id":40310,"href":"https:\/\/www.immobilienbusiness.ch\/de\/wp-json\/wp\/v2\/posts\/40308\/revisions\/40310"}],"wp:featuredmedia":[{"embeddable":true,"href":"https:\/\/www.immobilienbusiness.ch\/de\/wp-json\/wp\/v2\/media\/40309"}],"wp:attachment":[{"href":"https:\/\/www.immobilienbusiness.ch\/de\/wp-json\/wp\/v2\/media?parent=40308"}],"wp:term":[{"taxonomy":"category","embeddable":true,"href":"https:\/\/www.immobilienbusiness.ch\/de\/wp-json\/wp\/v2\/categories?post=40308"},{"taxonomy":"post_tag","embeddable":true,"href":"https:\/\/www.immobilienbusiness.ch\/de\/wp-json\/wp\/v2\/tags?post=40308"}],"curies":[{"name":"wp","href":"https:\/\/api.w.org\/{rel}","templated":true}]}}