{"id":4002,"date":"2016-09-19T08:06:43","date_gmt":"2016-09-19T06:06:43","guid":{"rendered":"http:\/\/dev.immobilienbusiness.ch\/?p=4002"},"modified":"2016-09-19T08:06:43","modified_gmt":"2016-09-19T06:06:43","slug":"flamatt-spatenstich-fuer-neubau-der-comet","status":"publish","type":"post","link":"https:\/\/www.immobilienbusiness.ch\/de\/allgemein\/2016-09-19\/flamatt-spatenstich-fuer-neubau-der-comet\/","title":{"rendered":"Flamatt: Spatenstich f\u00fcr Neubau der Comet"},"content":{"rendered":"<figure id=\"attachment_4003\" aria-describedby=\"caption-attachment-4003\" style=\"width: 680px\" class=\"wp-caption alignnone\"><img loading=\"lazy\" decoding=\"async\" class=\"size-medium wp-image-4003\" src=\"https:\/\/immobilienbusiness.ch\/wp-content\/uploads\/2016\/12\/Flamatt-Spatenstich-f\u00fcr-Neubau-der-Comet-immobilien-business.jpg\" alt=\"Spatenstich f\u00fcr den Neubau der Comet Group in Flammt (Foto: Comet Group)\" width=\"680\" height=\"453\" \/><figcaption id=\"caption-attachment-4003\" class=\"wp-caption-text\">Spatenstich f\u00fcr den Neubau der Comet Group in Flammt (Foto: Comet Group)<\/figcaption><\/figure>\n<p>Comet investiert 60 Millionen CHF in das Vorhaben. Das Projekt wird von Burckhardt+Partner AG als Generalplaner und Architekt begleitet, f\u00fcr die Realisierung wurde die HRS Real Estate AG als Generalunternehmerin beauftragt. Der Abschluss der Bauarbeiten ist f\u00fcr Mitte 2018 geplant.<\/p>\n<p>\u00abAufgrund des starken Wachstums der vergangenen Jahre ist unser Unternehmen in Flamatt an die Grenzen seiner Produktionskapazit\u00e4ten gestossen\u00bb, sagt Ronald Fehlmann, CEO der Comet Group anl\u00e4sslich des Spatenstichs. Der Erweiterungsbau schaffe dringend ben\u00f6tigten Raum f\u00fcr das wachsende R\u00f6ntgen- und ebeam-Gesch\u00e4ft des Unternehmens. Die Flamatter Technologiegruppe vergr\u00f6ssert mit dem Neubau ihre Kapazit\u00e4ten auf neu \u00fcber 37.000 qm. L\u00e4ngerfristig sollen bis zu 250 zus\u00e4tzliche Mitarbeitende dort Platz finden.\u00a0(ah)<\/p>\n","protected":false},"excerpt":{"rendered":"<p>Am 13.September wurde der Spatenstich f\u00fcr den Erweiterungsbau der Comet Group in Flamatt gefeiert. Der Neubau schafft rund 20.000 Quadratmeter zus\u00e4tzliche Produktionsfl\u00e4che f\u00fcr das Technologieunternehmen.<\/p>\n","protected":false},"author":1,"featured_media":4003,"comment_status":"open","ping_status":"open","sticky":false,"template":"","format":"standard","meta":{"_acf_changed":false,"_yoast_wpseo_focuskw":"Spatenstich","_yoast_wpseo_title":"","_yoast_wpseo_metadesc":"Am 13.September wurde der Spatenstich f\u00fcr den Erweiterungsbau der Comet Group in Flamatt gefeiert. Er schafft rund 20.000 qm zus\u00e4tzliche Produktionsfl\u00e4che.","_yoast_wpseo_linkdex":74,"pgc_sgb_lightbox_settings":"","footnotes":""},"categories":[1],"tags":[1205],"class_list":["post-4002","post","type-post","status-publish","format-standard","has-post-thumbnail","hentry","category-allgemein","tag-espace-mittelland"],"acf":[],"yoast_head":"<!-- This site is optimized with the Yoast SEO plugin v27.5 - https:\/\/yoast.com\/product\/yoast-seo-wordpress\/ -->\n<title>Flamatt: Spatenstich f\u00fcr Neubau der Comet - IMMOBILIEN Business<\/title>\n<meta name=\"description\" content=\"Am 13.September wurde der Spatenstich f\u00fcr den Erweiterungsbau der Comet Group in Flamatt gefeiert. Er schafft rund 20.000 qm zus\u00e4tzliche Produktionsfl\u00e4che.\" \/>\n<meta name=\"robots\" content=\"index, follow, max-snippet:-1, max-image-preview:large, max-video-preview:-1\" \/>\n<link rel=\"canonical\" href=\"https:\/\/www.immobilienbusiness.ch\/de\/allgemein\/2016-09-19\/flamatt-spatenstich-fuer-neubau-der-comet\/\" \/>\n<meta property=\"og:locale\" content=\"de_DE\" \/>\n<meta property=\"og:type\" content=\"article\" \/>\n<meta property=\"og:title\" content=\"Flamatt: Spatenstich f\u00fcr Neubau der Comet\" \/>\n<meta property=\"og:description\" content=\"Am 13.September wurde der Spatenstich f\u00fcr den Erweiterungsbau der Comet Group in Flamatt gefeiert. Der Neubau schafft rund 20.000 Quadratmeter zus\u00e4tzliche Produktionsfl\u00e4che f\u00fcr das Technologieunternehmen.\" \/>\n<meta property=\"og:url\" content=\"https:\/\/www.immobilienbusiness.ch\/de\/allgemein\/2016-09-19\/flamatt-spatenstich-fuer-neubau-der-comet\/\" \/>\n<meta property=\"og:site_name\" content=\"IMMOBILIEN Business\" \/>\n<meta property=\"article:publisher\" content=\"https:\/\/www.facebook.com\/immobilienbusiness\/\" \/>\n<meta property=\"article:published_time\" content=\"2016-09-19T06:06:43+00:00\" \/>\n<meta name=\"author\" content=\"Redaktion\" \/>\n<meta name=\"twitter:card\" content=\"summary_large_image\" \/>\n<meta name=\"twitter:image\" content=\"https:\/\/www.immobilienbusiness.ch\/wp-content\/uploads\/2016\/12\/Flamatt-Spatenstich-fuer-Neubau-der-Comet-immobilien-business.jpg\" \/>\n<script type=\"application\/ld+json\" class=\"yoast-schema-graph\">{\"@context\":\"https:\\\/\\\/schema.org\",\"@graph\":[{\"@type\":\"Article\",\"@id\":\"https:\\\/\\\/www.immobilienbusiness.ch\\\/allgemein\\\/2016-09-19\\\/flamatt-spatenstich-fuer-neubau-der-comet\\\/#article\",\"isPartOf\":{\"@id\":\"https:\\\/\\\/www.immobilienbusiness.ch\\\/allgemein\\\/2016-09-19\\\/flamatt-spatenstich-fuer-neubau-der-comet\\\/\"},\"author\":{\"name\":\"Redaktion\",\"@id\":\"https:\\\/\\\/www.immobilienbusiness.ch\\\/#\\\/schema\\\/person\\\/aa2bace6c5c5aad60102004a50c4eb1c\"},\"headline\":\"Flamatt: Spatenstich f\u00fcr Neubau der Comet\",\"datePublished\":\"2016-09-19T06:06:43+00:00\",\"mainEntityOfPage\":{\"@id\":\"https:\\\/\\\/www.immobilienbusiness.ch\\\/allgemein\\\/2016-09-19\\\/flamatt-spatenstich-fuer-neubau-der-comet\\\/\"},\"wordCount\":143,\"commentCount\":0,\"publisher\":{\"@id\":\"https:\\\/\\\/www.immobilienbusiness.ch\\\/#organization\"},\"image\":{\"@id\":\"https:\\\/\\\/www.immobilienbusiness.ch\\\/allgemein\\\/2016-09-19\\\/flamatt-spatenstich-fuer-neubau-der-comet\\\/#primaryimage\"},\"thumbnailUrl\":\"https:\\\/\\\/www.immobilienbusiness.ch\\\/wp-content\\\/uploads\\\/2016\\\/12\\\/Flamatt-Spatenstich-fuer-Neubau-der-Comet-immobilien-business.jpg\",\"keywords\":[\"Espace Mittelland\"],\"inLanguage\":\"de\"},{\"@type\":\"WebPage\",\"@id\":\"https:\\\/\\\/www.immobilienbusiness.ch\\\/allgemein\\\/2016-09-19\\\/flamatt-spatenstich-fuer-neubau-der-comet\\\/\",\"url\":\"https:\\\/\\\/www.immobilienbusiness.ch\\\/allgemein\\\/2016-09-19\\\/flamatt-spatenstich-fuer-neubau-der-comet\\\/\",\"name\":\"Flamatt: Spatenstich f\u00fcr Neubau der Comet - IMMOBILIEN Business\",\"isPartOf\":{\"@id\":\"https:\\\/\\\/www.immobilienbusiness.ch\\\/#website\"},\"primaryImageOfPage\":{\"@id\":\"https:\\\/\\\/www.immobilienbusiness.ch\\\/allgemein\\\/2016-09-19\\\/flamatt-spatenstich-fuer-neubau-der-comet\\\/#primaryimage\"},\"image\":{\"@id\":\"https:\\\/\\\/www.immobilienbusiness.ch\\\/allgemein\\\/2016-09-19\\\/flamatt-spatenstich-fuer-neubau-der-comet\\\/#primaryimage\"},\"thumbnailUrl\":\"https:\\\/\\\/www.immobilienbusiness.ch\\\/wp-content\\\/uploads\\\/2016\\\/12\\\/Flamatt-Spatenstich-fuer-Neubau-der-Comet-immobilien-business.jpg\",\"datePublished\":\"2016-09-19T06:06:43+00:00\",\"description\":\"Am 13.September wurde der Spatenstich f\u00fcr den Erweiterungsbau der Comet Group in Flamatt gefeiert. Er schafft rund 20.000 qm zus\u00e4tzliche Produktionsfl\u00e4che.\",\"breadcrumb\":{\"@id\":\"https:\\\/\\\/www.immobilienbusiness.ch\\\/allgemein\\\/2016-09-19\\\/flamatt-spatenstich-fuer-neubau-der-comet\\\/#breadcrumb\"},\"inLanguage\":\"de\",\"potentialAction\":[{\"@type\":\"ReadAction\",\"target\":[\"https:\\\/\\\/www.immobilienbusiness.ch\\\/allgemein\\\/2016-09-19\\\/flamatt-spatenstich-fuer-neubau-der-comet\\\/\"]}]},{\"@type\":\"ImageObject\",\"inLanguage\":\"de\",\"@id\":\"https:\\\/\\\/www.immobilienbusiness.ch\\\/allgemein\\\/2016-09-19\\\/flamatt-spatenstich-fuer-neubau-der-comet\\\/#primaryimage\",\"url\":\"https:\\\/\\\/www.immobilienbusiness.ch\\\/wp-content\\\/uploads\\\/2016\\\/12\\\/Flamatt-Spatenstich-fuer-Neubau-der-Comet-immobilien-business.jpg\",\"contentUrl\":\"https:\\\/\\\/www.immobilienbusiness.ch\\\/wp-content\\\/uploads\\\/2016\\\/12\\\/Flamatt-Spatenstich-fuer-Neubau-der-Comet-immobilien-business.jpg\",\"width\":2560,\"height\":1706,\"caption\":\"Spatenstich f\u00fcr den Neubau der Comet Group in Flammt (Foto: Comet Group)\"},{\"@type\":\"BreadcrumbList\",\"@id\":\"https:\\\/\\\/www.immobilienbusiness.ch\\\/allgemein\\\/2016-09-19\\\/flamatt-spatenstich-fuer-neubau-der-comet\\\/#breadcrumb\",\"itemListElement\":[{\"@type\":\"ListItem\",\"position\":1,\"name\":\"Home\",\"item\":\"https:\\\/\\\/www.immobilienbusiness.ch\\\/\"},{\"@type\":\"ListItem\",\"position\":2,\"name\":\"Flamatt: Spatenstich f\u00fcr Neubau der Comet\"}]},{\"@type\":\"WebSite\",\"@id\":\"https:\\\/\\\/www.immobilienbusiness.ch\\\/#website\",\"url\":\"https:\\\/\\\/www.immobilienbusiness.ch\\\/\",\"name\":\"IMMOBILIEN Business\",\"description\":\"Unabh\u00e4ngiges Schweizer Wirtschaftsmagazin mit Fokus auf Immobilien, Architektur- und Bau sowie Investment- und Finanzierung.\",\"publisher\":{\"@id\":\"https:\\\/\\\/www.immobilienbusiness.ch\\\/#organization\"},\"potentialAction\":[{\"@type\":\"SearchAction\",\"target\":{\"@type\":\"EntryPoint\",\"urlTemplate\":\"https:\\\/\\\/www.immobilienbusiness.ch\\\/?s={search_term_string}\"},\"query-input\":{\"@type\":\"PropertyValueSpecification\",\"valueRequired\":true,\"valueName\":\"search_term_string\"}}],\"inLanguage\":\"de\"},{\"@type\":\"Organization\",\"@id\":\"https:\\\/\\\/www.immobilienbusiness.ch\\\/#organization\",\"name\":\"IMMOBILIEN Business\",\"url\":\"https:\\\/\\\/www.immobilienbusiness.ch\\\/\",\"logo\":{\"@type\":\"ImageObject\",\"inLanguage\":\"de\",\"@id\":\"https:\\\/\\\/www.immobilienbusiness.ch\\\/#\\\/schema\\\/logo\\\/image\\\/\",\"url\":\"https:\\\/\\\/www.immobilienbusiness.ch\\\/wp-content\\\/uploads\\\/2021\\\/07\\\/logo_ib.png\",\"contentUrl\":\"https:\\\/\\\/www.immobilienbusiness.ch\\\/wp-content\\\/uploads\\\/2021\\\/07\\\/logo_ib.png\",\"width\":800,\"height\":181,\"caption\":\"IMMOBILIEN Business\"},\"image\":{\"@id\":\"https:\\\/\\\/www.immobilienbusiness.ch\\\/#\\\/schema\\\/logo\\\/image\\\/\"},\"sameAs\":[\"https:\\\/\\\/www.facebook.com\\\/immobilienbusiness\\\/\"]},{\"@type\":\"Person\",\"@id\":\"https:\\\/\\\/www.immobilienbusiness.ch\\\/#\\\/schema\\\/person\\\/aa2bace6c5c5aad60102004a50c4eb1c\",\"name\":\"Redaktion\",\"image\":{\"@type\":\"ImageObject\",\"inLanguage\":\"de\",\"@id\":\"https:\\\/\\\/secure.gravatar.com\\\/avatar\\\/ae2f4d718e6c49043e314ce431e7e645d646302a24a5ef5a8bc8e3f5a032e319?s=96&d=mm&r=g\",\"url\":\"https:\\\/\\\/secure.gravatar.com\\\/avatar\\\/ae2f4d718e6c49043e314ce431e7e645d646302a24a5ef5a8bc8e3f5a032e319?s=96&d=mm&r=g\",\"contentUrl\":\"https:\\\/\\\/secure.gravatar.com\\\/avatar\\\/ae2f4d718e6c49043e314ce431e7e645d646302a24a5ef5a8bc8e3f5a032e319?s=96&d=mm&r=g\",\"caption\":\"Redaktion\"},\"sameAs\":[\"http:\\\/\\\/develop.organisator.galledia.ch\"],\"url\":\"https:\\\/\\\/www.immobilienbusiness.ch\\\/de\\\/author\\\/admin\\\/\"}]}<\/script>\n<!-- \/ Yoast SEO plugin. -->","yoast_head_json":{"title":"Flamatt: Spatenstich f\u00fcr Neubau der Comet - IMMOBILIEN Business","description":"Am 13.September wurde der Spatenstich f\u00fcr den Erweiterungsbau der Comet Group in Flamatt gefeiert. Er schafft rund 20.000 qm zus\u00e4tzliche Produktionsfl\u00e4che.","robots":{"index":"index","follow":"follow","max-snippet":"max-snippet:-1","max-image-preview":"max-image-preview:large","max-video-preview":"max-video-preview:-1"},"canonical":"https:\/\/www.immobilienbusiness.ch\/de\/allgemein\/2016-09-19\/flamatt-spatenstich-fuer-neubau-der-comet\/","og_locale":"de_DE","og_type":"article","og_title":"Flamatt: Spatenstich f\u00fcr Neubau der Comet","og_description":"Am 13.September wurde der Spatenstich f\u00fcr den Erweiterungsbau der Comet Group in Flamatt gefeiert. Der Neubau schafft rund 20.000 Quadratmeter zus\u00e4tzliche Produktionsfl\u00e4che f\u00fcr das Technologieunternehmen.","og_url":"https:\/\/www.immobilienbusiness.ch\/de\/allgemein\/2016-09-19\/flamatt-spatenstich-fuer-neubau-der-comet\/","og_site_name":"IMMOBILIEN Business","article_publisher":"https:\/\/www.facebook.com\/immobilienbusiness\/","article_published_time":"2016-09-19T06:06:43+00:00","author":"Redaktion","twitter_card":"summary_large_image","twitter_image":"https:\/\/www.immobilienbusiness.ch\/wp-content\/uploads\/2016\/12\/Flamatt-Spatenstich-fuer-Neubau-der-Comet-immobilien-business.jpg","schema":{"@context":"https:\/\/schema.org","@graph":[{"@type":"Article","@id":"https:\/\/www.immobilienbusiness.ch\/allgemein\/2016-09-19\/flamatt-spatenstich-fuer-neubau-der-comet\/#article","isPartOf":{"@id":"https:\/\/www.immobilienbusiness.ch\/allgemein\/2016-09-19\/flamatt-spatenstich-fuer-neubau-der-comet\/"},"author":{"name":"Redaktion","@id":"https:\/\/www.immobilienbusiness.ch\/#\/schema\/person\/aa2bace6c5c5aad60102004a50c4eb1c"},"headline":"Flamatt: Spatenstich f\u00fcr Neubau der Comet","datePublished":"2016-09-19T06:06:43+00:00","mainEntityOfPage":{"@id":"https:\/\/www.immobilienbusiness.ch\/allgemein\/2016-09-19\/flamatt-spatenstich-fuer-neubau-der-comet\/"},"wordCount":143,"commentCount":0,"publisher":{"@id":"https:\/\/www.immobilienbusiness.ch\/#organization"},"image":{"@id":"https:\/\/www.immobilienbusiness.ch\/allgemein\/2016-09-19\/flamatt-spatenstich-fuer-neubau-der-comet\/#primaryimage"},"thumbnailUrl":"https:\/\/www.immobilienbusiness.ch\/wp-content\/uploads\/2016\/12\/Flamatt-Spatenstich-fuer-Neubau-der-Comet-immobilien-business.jpg","keywords":["Espace Mittelland"],"inLanguage":"de"},{"@type":"WebPage","@id":"https:\/\/www.immobilienbusiness.ch\/allgemein\/2016-09-19\/flamatt-spatenstich-fuer-neubau-der-comet\/","url":"https:\/\/www.immobilienbusiness.ch\/allgemein\/2016-09-19\/flamatt-spatenstich-fuer-neubau-der-comet\/","name":"Flamatt: Spatenstich f\u00fcr Neubau der Comet - IMMOBILIEN Business","isPartOf":{"@id":"https:\/\/www.immobilienbusiness.ch\/#website"},"primaryImageOfPage":{"@id":"https:\/\/www.immobilienbusiness.ch\/allgemein\/2016-09-19\/flamatt-spatenstich-fuer-neubau-der-comet\/#primaryimage"},"image":{"@id":"https:\/\/www.immobilienbusiness.ch\/allgemein\/2016-09-19\/flamatt-spatenstich-fuer-neubau-der-comet\/#primaryimage"},"thumbnailUrl":"https:\/\/www.immobilienbusiness.ch\/wp-content\/uploads\/2016\/12\/Flamatt-Spatenstich-fuer-Neubau-der-Comet-immobilien-business.jpg","datePublished":"2016-09-19T06:06:43+00:00","description":"Am 13.September wurde der Spatenstich f\u00fcr den Erweiterungsbau der Comet Group in Flamatt gefeiert. Er schafft rund 20.000 qm zus\u00e4tzliche Produktionsfl\u00e4che.","breadcrumb":{"@id":"https:\/\/www.immobilienbusiness.ch\/allgemein\/2016-09-19\/flamatt-spatenstich-fuer-neubau-der-comet\/#breadcrumb"},"inLanguage":"de","potentialAction":[{"@type":"ReadAction","target":["https:\/\/www.immobilienbusiness.ch\/allgemein\/2016-09-19\/flamatt-spatenstich-fuer-neubau-der-comet\/"]}]},{"@type":"ImageObject","inLanguage":"de","@id":"https:\/\/www.immobilienbusiness.ch\/allgemein\/2016-09-19\/flamatt-spatenstich-fuer-neubau-der-comet\/#primaryimage","url":"https:\/\/www.immobilienbusiness.ch\/wp-content\/uploads\/2016\/12\/Flamatt-Spatenstich-fuer-Neubau-der-Comet-immobilien-business.jpg","contentUrl":"https:\/\/www.immobilienbusiness.ch\/wp-content\/uploads\/2016\/12\/Flamatt-Spatenstich-fuer-Neubau-der-Comet-immobilien-business.jpg","width":2560,"height":1706,"caption":"Spatenstich f\u00fcr den Neubau der Comet Group in Flammt (Foto: Comet Group)"},{"@type":"BreadcrumbList","@id":"https:\/\/www.immobilienbusiness.ch\/allgemein\/2016-09-19\/flamatt-spatenstich-fuer-neubau-der-comet\/#breadcrumb","itemListElement":[{"@type":"ListItem","position":1,"name":"Home","item":"https:\/\/www.immobilienbusiness.ch\/"},{"@type":"ListItem","position":2,"name":"Flamatt: Spatenstich f\u00fcr Neubau der Comet"}]},{"@type":"WebSite","@id":"https:\/\/www.immobilienbusiness.ch\/#website","url":"https:\/\/www.immobilienbusiness.ch\/","name":"IMMOBILIEN Business","description":"Unabh\u00e4ngiges Schweizer Wirtschaftsmagazin mit Fokus auf Immobilien, Architektur- und Bau sowie Investment- und Finanzierung.","publisher":{"@id":"https:\/\/www.immobilienbusiness.ch\/#organization"},"potentialAction":[{"@type":"SearchAction","target":{"@type":"EntryPoint","urlTemplate":"https:\/\/www.immobilienbusiness.ch\/?s={search_term_string}"},"query-input":{"@type":"PropertyValueSpecification","valueRequired":true,"valueName":"search_term_string"}}],"inLanguage":"de"},{"@type":"Organization","@id":"https:\/\/www.immobilienbusiness.ch\/#organization","name":"IMMOBILIEN Business","url":"https:\/\/www.immobilienbusiness.ch\/","logo":{"@type":"ImageObject","inLanguage":"de","@id":"https:\/\/www.immobilienbusiness.ch\/#\/schema\/logo\/image\/","url":"https:\/\/www.immobilienbusiness.ch\/wp-content\/uploads\/2021\/07\/logo_ib.png","contentUrl":"https:\/\/www.immobilienbusiness.ch\/wp-content\/uploads\/2021\/07\/logo_ib.png","width":800,"height":181,"caption":"IMMOBILIEN Business"},"image":{"@id":"https:\/\/www.immobilienbusiness.ch\/#\/schema\/logo\/image\/"},"sameAs":["https:\/\/www.facebook.com\/immobilienbusiness\/"]},{"@type":"Person","@id":"https:\/\/www.immobilienbusiness.ch\/#\/schema\/person\/aa2bace6c5c5aad60102004a50c4eb1c","name":"Redaktion","image":{"@type":"ImageObject","inLanguage":"de","@id":"https:\/\/secure.gravatar.com\/avatar\/ae2f4d718e6c49043e314ce431e7e645d646302a24a5ef5a8bc8e3f5a032e319?s=96&d=mm&r=g","url":"https:\/\/secure.gravatar.com\/avatar\/ae2f4d718e6c49043e314ce431e7e645d646302a24a5ef5a8bc8e3f5a032e319?s=96&d=mm&r=g","contentUrl":"https:\/\/secure.gravatar.com\/avatar\/ae2f4d718e6c49043e314ce431e7e645d646302a24a5ef5a8bc8e3f5a032e319?s=96&d=mm&r=g","caption":"Redaktion"},"sameAs":["http:\/\/develop.organisator.galledia.ch"],"url":"https:\/\/www.immobilienbusiness.ch\/de\/author\/admin\/"}]}},"_links":{"self":[{"href":"https:\/\/www.immobilienbusiness.ch\/de\/wp-json\/wp\/v2\/posts\/4002","targetHints":{"allow":["GET"]}}],"collection":[{"href":"https:\/\/www.immobilienbusiness.ch\/de\/wp-json\/wp\/v2\/posts"}],"about":[{"href":"https:\/\/www.immobilienbusiness.ch\/de\/wp-json\/wp\/v2\/types\/post"}],"author":[{"embeddable":true,"href":"https:\/\/www.immobilienbusiness.ch\/de\/wp-json\/wp\/v2\/users\/1"}],"replies":[{"embeddable":true,"href":"https:\/\/www.immobilienbusiness.ch\/de\/wp-json\/wp\/v2\/comments?post=4002"}],"version-history":[{"count":0,"href":"https:\/\/www.immobilienbusiness.ch\/de\/wp-json\/wp\/v2\/posts\/4002\/revisions"}],"wp:featuredmedia":[{"embeddable":true,"href":"https:\/\/www.immobilienbusiness.ch\/de\/wp-json\/wp\/v2\/media\/4003"}],"wp:attachment":[{"href":"https:\/\/www.immobilienbusiness.ch\/de\/wp-json\/wp\/v2\/media?parent=4002"}],"wp:term":[{"taxonomy":"category","embeddable":true,"href":"https:\/\/www.immobilienbusiness.ch\/de\/wp-json\/wp\/v2\/categories?post=4002"},{"taxonomy":"post_tag","embeddable":true,"href":"https:\/\/www.immobilienbusiness.ch\/de\/wp-json\/wp\/v2\/tags?post=4002"}],"curies":[{"name":"wp","href":"https:\/\/api.w.org\/{rel}","templated":true}]}}