{"id":3999,"date":"2016-09-16T09:25:37","date_gmt":"2016-09-16T07:25:37","guid":{"rendered":"http:\/\/dev.immobilienbusiness.ch\/?p=3999"},"modified":"2016-09-16T09:25:37","modified_gmt":"2016-09-16T07:25:37","slug":"romont-kanton-erwirbt-tetra-pak-areal","status":"publish","type":"post","link":"https:\/\/www.immobilienbusiness.ch\/de\/allgemein\/2016-09-16\/romont-kanton-erwirbt-tetra-pak-areal\/","title":{"rendered":"Romont: Kanton erwirbt Tetra-Pak-Areal"},"content":{"rendered":"<figure id=\"attachment_4000\" aria-describedby=\"caption-attachment-4000\" style=\"width: 680px\" class=\"wp-caption alignnone\"><img loading=\"lazy\" decoding=\"async\" class=\"size-medium wp-image-4000\" src=\"https:\/\/immobilienbusiness.ch\/wp-content\/uploads\/2016\/12\/Romont-Kanton-erwirbt-Tetra-Pak-Areal-immobilien-business.jpg\" alt=\"Das Industriegebiet von Romont (Foto: \u00a9 Terfili, CC BY-SA 3.0, Wikimedia Commons)\" width=\"680\" height=\"510\" srcset=\"https:\/\/www.immobilienbusiness.ch\/wp-content\/uploads\/2016\/12\/Romont-Kanton-erwirbt-Tetra-Pak-Areal-immobilien-business.jpg 2560w, https:\/\/www.immobilienbusiness.ch\/wp-content\/uploads\/2016\/12\/Romont-Kanton-erwirbt-Tetra-Pak-Areal-immobilien-business-300x225.jpg 300w, https:\/\/www.immobilienbusiness.ch\/wp-content\/uploads\/2016\/12\/Romont-Kanton-erwirbt-Tetra-Pak-Areal-immobilien-business-1024x768.jpg 1024w, https:\/\/www.immobilienbusiness.ch\/wp-content\/uploads\/2016\/12\/Romont-Kanton-erwirbt-Tetra-Pak-Areal-immobilien-business-768x576.jpg 768w, https:\/\/www.immobilienbusiness.ch\/wp-content\/uploads\/2016\/12\/Romont-Kanton-erwirbt-Tetra-Pak-Areal-immobilien-business-1536x1152.jpg 1536w, https:\/\/www.immobilienbusiness.ch\/wp-content\/uploads\/2016\/12\/Romont-Kanton-erwirbt-Tetra-Pak-Areal-immobilien-business-2048x1536.jpg 2048w, https:\/\/www.immobilienbusiness.ch\/wp-content\/uploads\/2016\/12\/Romont-Kanton-erwirbt-Tetra-Pak-Areal-immobilien-business-16x12.jpg 16w, https:\/\/www.immobilienbusiness.ch\/wp-content\/uploads\/2016\/12\/Romont-Kanton-erwirbt-Tetra-Pak-Areal-immobilien-business-233x175.jpg 233w, https:\/\/www.immobilienbusiness.ch\/wp-content\/uploads\/2016\/12\/Romont-Kanton-erwirbt-Tetra-Pak-Areal-immobilien-business-467x350.jpg 467w, https:\/\/www.immobilienbusiness.ch\/wp-content\/uploads\/2016\/12\/Romont-Kanton-erwirbt-Tetra-Pak-Areal-immobilien-business-1067x800.jpg 1067w, https:\/\/www.immobilienbusiness.ch\/wp-content\/uploads\/2016\/12\/Romont-Kanton-erwirbt-Tetra-Pak-Areal-immobilien-business-920x690.jpg 920w, https:\/\/www.immobilienbusiness.ch\/wp-content\/uploads\/2016\/12\/Romont-Kanton-erwirbt-Tetra-Pak-Areal-immobilien-business-1400x1050.jpg 1400w, https:\/\/www.immobilienbusiness.ch\/wp-content\/uploads\/2016\/12\/Romont-Kanton-erwirbt-Tetra-Pak-Areal-immobilien-business-1867x1400.jpg 1867w\" sizes=\"auto, (max-width: 680px) 100vw, 680px\" \/><figcaption id=\"caption-attachment-4000\" class=\"wp-caption-text\">Das Industriegebiet von Romont (Foto: \u00a9 Terfili, CC BY-SA 3.0, Wikimedia Commons)<\/figcaption><\/figure>\n<p>Die Geb\u00e4ude auf dem Tetra-Pak-Areal seien \u00abvon ausgezeichneter Qualit\u00e4t\u00bb, so dass die Chancen gut st\u00fcnden, nach dem Wegzug von Tetra Pak neue Wirtschaftst\u00e4tigkeiten mit hoher Wertsch\u00f6pfung in Romont anzusiedeln, schreibt der Staatsrat in einer Mitteilung. Angesichts der Gr\u00f6sse des Areals werde man voraussichtlich Teilfl\u00e4chen an mehrere Unternehmen vermieten.<\/p>\n<p>Da es sich beim Areal gem\u00e4ss kantonalem Richtplan um eine strategische Zone handele, halte es der Staatsrat f\u00fcr wichtig, dass der Staat ausnahmsweise eingreife, heisst es in der Mitteilung weiter. Es sei zu bef\u00fcrchten, dass der Markt kurzfristig keine Nutzung gew\u00e4hrleisten k\u00f6nne, die den Interessen der Allgemeinheit in der Region und im Kanton entspr\u00e4chen. Der Eingriff des Staats sei als aktive Bodenpolitik zu werten. Er sei vor\u00fcbergehend, ausserordentlich und m\u00fcsse es erlauben, neue Industriet\u00e4tigkeiten an diesem Vorzeigestandort des Kantons zu lancieren.<\/p>\n<p>Sofern der Grosse Rat seine Einwilligung gibt, wird der Staat Freiburg das Areal auf Ende des ersten Quartals 2017 erwerben. Der Kaufpreis bel\u00e4uft sich nach Informationen von <em>SRF <\/em>auf 21 Millionen CHF. (ah)<\/p>\n","protected":false},"excerpt":{"rendered":"<p>Der Staatsrat des Kantons Freiburg will das Areal des Tetra-Pak-Konzerns in Romont erwerben. Die Regierung geht davon aus, dass sich neue Mieter auf dem frei werdenden Industrie-Areal ansiedeln.<\/p>\n","protected":false},"author":1,"featured_media":4000,"comment_status":"open","ping_status":"open","sticky":false,"template":"","format":"standard","meta":{"_acf_changed":false,"_yoast_wpseo_focuskw":"Tetra-Pak-Areal","_yoast_wpseo_title":"","_yoast_wpseo_metadesc":"Der Staatsrat des Kantons Freiburg will das Tetra-Pak-Areal in Romont erwerben. Er geht davon aus, dass sich neue Mieter auf dem Industrie-Areal ansiedeln.","_yoast_wpseo_linkdex":64,"pgc_sgb_lightbox_settings":"","footnotes":""},"categories":[1],"tags":[1205],"class_list":["post-3999","post","type-post","status-publish","format-standard","has-post-thumbnail","hentry","category-allgemein","tag-espace-mittelland"],"acf":[],"yoast_head":"<!-- This site is optimized with the Yoast SEO plugin v27.4 - https:\/\/yoast.com\/product\/yoast-seo-wordpress\/ -->\n<title>Romont: Kanton erwirbt Tetra-Pak-Areal - IMMOBILIEN Business<\/title>\n<meta name=\"description\" content=\"Der Staatsrat des Kantons Freiburg will das Tetra-Pak-Areal in Romont erwerben. Er geht davon aus, dass sich neue Mieter auf dem Industrie-Areal ansiedeln.\" \/>\n<meta name=\"robots\" content=\"index, follow, max-snippet:-1, max-image-preview:large, max-video-preview:-1\" \/>\n<link rel=\"canonical\" href=\"https:\/\/www.immobilienbusiness.ch\/de\/allgemein\/2016-09-16\/romont-kanton-erwirbt-tetra-pak-areal\/\" \/>\n<meta property=\"og:locale\" content=\"de_DE\" \/>\n<meta property=\"og:type\" content=\"article\" \/>\n<meta property=\"og:title\" content=\"Romont: Kanton erwirbt Tetra-Pak-Areal\" \/>\n<meta property=\"og:description\" content=\"Der Staatsrat des Kantons Freiburg will das Areal des Tetra-Pak-Konzerns in Romont erwerben. Die Regierung geht davon aus, dass sich neue Mieter auf dem frei werdenden Industrie-Areal ansiedeln.\" \/>\n<meta property=\"og:url\" content=\"https:\/\/www.immobilienbusiness.ch\/de\/allgemein\/2016-09-16\/romont-kanton-erwirbt-tetra-pak-areal\/\" \/>\n<meta property=\"og:site_name\" content=\"IMMOBILIEN Business\" \/>\n<meta property=\"article:publisher\" content=\"https:\/\/www.facebook.com\/immobilienbusiness\/\" \/>\n<meta property=\"article:published_time\" content=\"2016-09-16T07:25:37+00:00\" \/>\n<meta name=\"author\" content=\"Redaktion\" \/>\n<meta name=\"twitter:card\" content=\"summary_large_image\" \/>\n<meta name=\"twitter:image\" content=\"https:\/\/www.immobilienbusiness.ch\/wp-content\/uploads\/2016\/12\/Romont-Kanton-erwirbt-Tetra-Pak-Areal-immobilien-business.jpg\" \/>\n<script type=\"application\/ld+json\" class=\"yoast-schema-graph\">{\"@context\":\"https:\\\/\\\/schema.org\",\"@graph\":[{\"@type\":\"Article\",\"@id\":\"https:\\\/\\\/www.immobilienbusiness.ch\\\/allgemein\\\/2016-09-16\\\/romont-kanton-erwirbt-tetra-pak-areal\\\/#article\",\"isPartOf\":{\"@id\":\"https:\\\/\\\/www.immobilienbusiness.ch\\\/allgemein\\\/2016-09-16\\\/romont-kanton-erwirbt-tetra-pak-areal\\\/\"},\"author\":{\"name\":\"Redaktion\",\"@id\":\"https:\\\/\\\/www.immobilienbusiness.ch\\\/#\\\/schema\\\/person\\\/aa2bace6c5c5aad60102004a50c4eb1c\"},\"headline\":\"Romont: Kanton erwirbt Tetra-Pak-Areal\",\"datePublished\":\"2016-09-16T07:25:37+00:00\",\"mainEntityOfPage\":{\"@id\":\"https:\\\/\\\/www.immobilienbusiness.ch\\\/allgemein\\\/2016-09-16\\\/romont-kanton-erwirbt-tetra-pak-areal\\\/\"},\"wordCount\":198,\"commentCount\":0,\"publisher\":{\"@id\":\"https:\\\/\\\/www.immobilienbusiness.ch\\\/#organization\"},\"image\":{\"@id\":\"https:\\\/\\\/www.immobilienbusiness.ch\\\/allgemein\\\/2016-09-16\\\/romont-kanton-erwirbt-tetra-pak-areal\\\/#primaryimage\"},\"thumbnailUrl\":\"https:\\\/\\\/www.immobilienbusiness.ch\\\/wp-content\\\/uploads\\\/2016\\\/12\\\/Romont-Kanton-erwirbt-Tetra-Pak-Areal-immobilien-business.jpg\",\"keywords\":[\"Espace Mittelland\"],\"inLanguage\":\"de\"},{\"@type\":\"WebPage\",\"@id\":\"https:\\\/\\\/www.immobilienbusiness.ch\\\/allgemein\\\/2016-09-16\\\/romont-kanton-erwirbt-tetra-pak-areal\\\/\",\"url\":\"https:\\\/\\\/www.immobilienbusiness.ch\\\/allgemein\\\/2016-09-16\\\/romont-kanton-erwirbt-tetra-pak-areal\\\/\",\"name\":\"Romont: Kanton erwirbt Tetra-Pak-Areal - IMMOBILIEN Business\",\"isPartOf\":{\"@id\":\"https:\\\/\\\/www.immobilienbusiness.ch\\\/#website\"},\"primaryImageOfPage\":{\"@id\":\"https:\\\/\\\/www.immobilienbusiness.ch\\\/allgemein\\\/2016-09-16\\\/romont-kanton-erwirbt-tetra-pak-areal\\\/#primaryimage\"},\"image\":{\"@id\":\"https:\\\/\\\/www.immobilienbusiness.ch\\\/allgemein\\\/2016-09-16\\\/romont-kanton-erwirbt-tetra-pak-areal\\\/#primaryimage\"},\"thumbnailUrl\":\"https:\\\/\\\/www.immobilienbusiness.ch\\\/wp-content\\\/uploads\\\/2016\\\/12\\\/Romont-Kanton-erwirbt-Tetra-Pak-Areal-immobilien-business.jpg\",\"datePublished\":\"2016-09-16T07:25:37+00:00\",\"description\":\"Der Staatsrat des Kantons Freiburg will das Tetra-Pak-Areal in Romont erwerben. Er geht davon aus, dass sich neue Mieter auf dem Industrie-Areal ansiedeln.\",\"breadcrumb\":{\"@id\":\"https:\\\/\\\/www.immobilienbusiness.ch\\\/allgemein\\\/2016-09-16\\\/romont-kanton-erwirbt-tetra-pak-areal\\\/#breadcrumb\"},\"inLanguage\":\"de\",\"potentialAction\":[{\"@type\":\"ReadAction\",\"target\":[\"https:\\\/\\\/www.immobilienbusiness.ch\\\/allgemein\\\/2016-09-16\\\/romont-kanton-erwirbt-tetra-pak-areal\\\/\"]}]},{\"@type\":\"ImageObject\",\"inLanguage\":\"de\",\"@id\":\"https:\\\/\\\/www.immobilienbusiness.ch\\\/allgemein\\\/2016-09-16\\\/romont-kanton-erwirbt-tetra-pak-areal\\\/#primaryimage\",\"url\":\"https:\\\/\\\/www.immobilienbusiness.ch\\\/wp-content\\\/uploads\\\/2016\\\/12\\\/Romont-Kanton-erwirbt-Tetra-Pak-Areal-immobilien-business.jpg\",\"contentUrl\":\"https:\\\/\\\/www.immobilienbusiness.ch\\\/wp-content\\\/uploads\\\/2016\\\/12\\\/Romont-Kanton-erwirbt-Tetra-Pak-Areal-immobilien-business.jpg\",\"width\":2560,\"height\":1920,\"caption\":\"Das Industriegebiet von Romont (Foto: \u00a9 Terfili, CC BY-SA 3.0, Wikimedia Commons)\"},{\"@type\":\"BreadcrumbList\",\"@id\":\"https:\\\/\\\/www.immobilienbusiness.ch\\\/allgemein\\\/2016-09-16\\\/romont-kanton-erwirbt-tetra-pak-areal\\\/#breadcrumb\",\"itemListElement\":[{\"@type\":\"ListItem\",\"position\":1,\"name\":\"Home\",\"item\":\"https:\\\/\\\/www.immobilienbusiness.ch\\\/\"},{\"@type\":\"ListItem\",\"position\":2,\"name\":\"Romont: Kanton erwirbt Tetra-Pak-Areal\"}]},{\"@type\":\"WebSite\",\"@id\":\"https:\\\/\\\/www.immobilienbusiness.ch\\\/#website\",\"url\":\"https:\\\/\\\/www.immobilienbusiness.ch\\\/\",\"name\":\"IMMOBILIEN Business\",\"description\":\"Unabh\u00e4ngiges Schweizer Wirtschaftsmagazin mit Fokus auf Immobilien, Architektur- und Bau sowie Investment- und Finanzierung.\",\"publisher\":{\"@id\":\"https:\\\/\\\/www.immobilienbusiness.ch\\\/#organization\"},\"potentialAction\":[{\"@type\":\"SearchAction\",\"target\":{\"@type\":\"EntryPoint\",\"urlTemplate\":\"https:\\\/\\\/www.immobilienbusiness.ch\\\/?s={search_term_string}\"},\"query-input\":{\"@type\":\"PropertyValueSpecification\",\"valueRequired\":true,\"valueName\":\"search_term_string\"}}],\"inLanguage\":\"de\"},{\"@type\":\"Organization\",\"@id\":\"https:\\\/\\\/www.immobilienbusiness.ch\\\/#organization\",\"name\":\"IMMOBILIEN Business\",\"url\":\"https:\\\/\\\/www.immobilienbusiness.ch\\\/\",\"logo\":{\"@type\":\"ImageObject\",\"inLanguage\":\"de\",\"@id\":\"https:\\\/\\\/www.immobilienbusiness.ch\\\/#\\\/schema\\\/logo\\\/image\\\/\",\"url\":\"https:\\\/\\\/www.immobilienbusiness.ch\\\/wp-content\\\/uploads\\\/2021\\\/07\\\/logo_ib.png\",\"contentUrl\":\"https:\\\/\\\/www.immobilienbusiness.ch\\\/wp-content\\\/uploads\\\/2021\\\/07\\\/logo_ib.png\",\"width\":800,\"height\":181,\"caption\":\"IMMOBILIEN Business\"},\"image\":{\"@id\":\"https:\\\/\\\/www.immobilienbusiness.ch\\\/#\\\/schema\\\/logo\\\/image\\\/\"},\"sameAs\":[\"https:\\\/\\\/www.facebook.com\\\/immobilienbusiness\\\/\"]},{\"@type\":\"Person\",\"@id\":\"https:\\\/\\\/www.immobilienbusiness.ch\\\/#\\\/schema\\\/person\\\/aa2bace6c5c5aad60102004a50c4eb1c\",\"name\":\"Redaktion\",\"image\":{\"@type\":\"ImageObject\",\"inLanguage\":\"de\",\"@id\":\"https:\\\/\\\/secure.gravatar.com\\\/avatar\\\/ae2f4d718e6c49043e314ce431e7e645d646302a24a5ef5a8bc8e3f5a032e319?s=96&d=mm&r=g\",\"url\":\"https:\\\/\\\/secure.gravatar.com\\\/avatar\\\/ae2f4d718e6c49043e314ce431e7e645d646302a24a5ef5a8bc8e3f5a032e319?s=96&d=mm&r=g\",\"contentUrl\":\"https:\\\/\\\/secure.gravatar.com\\\/avatar\\\/ae2f4d718e6c49043e314ce431e7e645d646302a24a5ef5a8bc8e3f5a032e319?s=96&d=mm&r=g\",\"caption\":\"Redaktion\"},\"sameAs\":[\"http:\\\/\\\/develop.organisator.galledia.ch\"],\"url\":\"https:\\\/\\\/www.immobilienbusiness.ch\\\/de\\\/author\\\/admin\\\/\"}]}<\/script>\n<!-- \/ Yoast SEO plugin. -->","yoast_head_json":{"title":"Romont: Kanton erwirbt Tetra-Pak-Areal - IMMOBILIEN Business","description":"Der Staatsrat des Kantons Freiburg will das Tetra-Pak-Areal in Romont erwerben. Er geht davon aus, dass sich neue Mieter auf dem Industrie-Areal ansiedeln.","robots":{"index":"index","follow":"follow","max-snippet":"max-snippet:-1","max-image-preview":"max-image-preview:large","max-video-preview":"max-video-preview:-1"},"canonical":"https:\/\/www.immobilienbusiness.ch\/de\/allgemein\/2016-09-16\/romont-kanton-erwirbt-tetra-pak-areal\/","og_locale":"de_DE","og_type":"article","og_title":"Romont: Kanton erwirbt Tetra-Pak-Areal","og_description":"Der Staatsrat des Kantons Freiburg will das Areal des Tetra-Pak-Konzerns in Romont erwerben. Die Regierung geht davon aus, dass sich neue Mieter auf dem frei werdenden Industrie-Areal ansiedeln.","og_url":"https:\/\/www.immobilienbusiness.ch\/de\/allgemein\/2016-09-16\/romont-kanton-erwirbt-tetra-pak-areal\/","og_site_name":"IMMOBILIEN Business","article_publisher":"https:\/\/www.facebook.com\/immobilienbusiness\/","article_published_time":"2016-09-16T07:25:37+00:00","author":"Redaktion","twitter_card":"summary_large_image","twitter_image":"https:\/\/www.immobilienbusiness.ch\/wp-content\/uploads\/2016\/12\/Romont-Kanton-erwirbt-Tetra-Pak-Areal-immobilien-business.jpg","schema":{"@context":"https:\/\/schema.org","@graph":[{"@type":"Article","@id":"https:\/\/www.immobilienbusiness.ch\/allgemein\/2016-09-16\/romont-kanton-erwirbt-tetra-pak-areal\/#article","isPartOf":{"@id":"https:\/\/www.immobilienbusiness.ch\/allgemein\/2016-09-16\/romont-kanton-erwirbt-tetra-pak-areal\/"},"author":{"name":"Redaktion","@id":"https:\/\/www.immobilienbusiness.ch\/#\/schema\/person\/aa2bace6c5c5aad60102004a50c4eb1c"},"headline":"Romont: Kanton erwirbt Tetra-Pak-Areal","datePublished":"2016-09-16T07:25:37+00:00","mainEntityOfPage":{"@id":"https:\/\/www.immobilienbusiness.ch\/allgemein\/2016-09-16\/romont-kanton-erwirbt-tetra-pak-areal\/"},"wordCount":198,"commentCount":0,"publisher":{"@id":"https:\/\/www.immobilienbusiness.ch\/#organization"},"image":{"@id":"https:\/\/www.immobilienbusiness.ch\/allgemein\/2016-09-16\/romont-kanton-erwirbt-tetra-pak-areal\/#primaryimage"},"thumbnailUrl":"https:\/\/www.immobilienbusiness.ch\/wp-content\/uploads\/2016\/12\/Romont-Kanton-erwirbt-Tetra-Pak-Areal-immobilien-business.jpg","keywords":["Espace Mittelland"],"inLanguage":"de"},{"@type":"WebPage","@id":"https:\/\/www.immobilienbusiness.ch\/allgemein\/2016-09-16\/romont-kanton-erwirbt-tetra-pak-areal\/","url":"https:\/\/www.immobilienbusiness.ch\/allgemein\/2016-09-16\/romont-kanton-erwirbt-tetra-pak-areal\/","name":"Romont: Kanton erwirbt Tetra-Pak-Areal - IMMOBILIEN Business","isPartOf":{"@id":"https:\/\/www.immobilienbusiness.ch\/#website"},"primaryImageOfPage":{"@id":"https:\/\/www.immobilienbusiness.ch\/allgemein\/2016-09-16\/romont-kanton-erwirbt-tetra-pak-areal\/#primaryimage"},"image":{"@id":"https:\/\/www.immobilienbusiness.ch\/allgemein\/2016-09-16\/romont-kanton-erwirbt-tetra-pak-areal\/#primaryimage"},"thumbnailUrl":"https:\/\/www.immobilienbusiness.ch\/wp-content\/uploads\/2016\/12\/Romont-Kanton-erwirbt-Tetra-Pak-Areal-immobilien-business.jpg","datePublished":"2016-09-16T07:25:37+00:00","description":"Der Staatsrat des Kantons Freiburg will das Tetra-Pak-Areal in Romont erwerben. Er geht davon aus, dass sich neue Mieter auf dem Industrie-Areal ansiedeln.","breadcrumb":{"@id":"https:\/\/www.immobilienbusiness.ch\/allgemein\/2016-09-16\/romont-kanton-erwirbt-tetra-pak-areal\/#breadcrumb"},"inLanguage":"de","potentialAction":[{"@type":"ReadAction","target":["https:\/\/www.immobilienbusiness.ch\/allgemein\/2016-09-16\/romont-kanton-erwirbt-tetra-pak-areal\/"]}]},{"@type":"ImageObject","inLanguage":"de","@id":"https:\/\/www.immobilienbusiness.ch\/allgemein\/2016-09-16\/romont-kanton-erwirbt-tetra-pak-areal\/#primaryimage","url":"https:\/\/www.immobilienbusiness.ch\/wp-content\/uploads\/2016\/12\/Romont-Kanton-erwirbt-Tetra-Pak-Areal-immobilien-business.jpg","contentUrl":"https:\/\/www.immobilienbusiness.ch\/wp-content\/uploads\/2016\/12\/Romont-Kanton-erwirbt-Tetra-Pak-Areal-immobilien-business.jpg","width":2560,"height":1920,"caption":"Das Industriegebiet von Romont (Foto: \u00a9 Terfili, CC BY-SA 3.0, Wikimedia Commons)"},{"@type":"BreadcrumbList","@id":"https:\/\/www.immobilienbusiness.ch\/allgemein\/2016-09-16\/romont-kanton-erwirbt-tetra-pak-areal\/#breadcrumb","itemListElement":[{"@type":"ListItem","position":1,"name":"Home","item":"https:\/\/www.immobilienbusiness.ch\/"},{"@type":"ListItem","position":2,"name":"Romont: Kanton erwirbt Tetra-Pak-Areal"}]},{"@type":"WebSite","@id":"https:\/\/www.immobilienbusiness.ch\/#website","url":"https:\/\/www.immobilienbusiness.ch\/","name":"IMMOBILIEN Business","description":"Unabh\u00e4ngiges Schweizer Wirtschaftsmagazin mit Fokus auf Immobilien, Architektur- und Bau sowie Investment- und Finanzierung.","publisher":{"@id":"https:\/\/www.immobilienbusiness.ch\/#organization"},"potentialAction":[{"@type":"SearchAction","target":{"@type":"EntryPoint","urlTemplate":"https:\/\/www.immobilienbusiness.ch\/?s={search_term_string}"},"query-input":{"@type":"PropertyValueSpecification","valueRequired":true,"valueName":"search_term_string"}}],"inLanguage":"de"},{"@type":"Organization","@id":"https:\/\/www.immobilienbusiness.ch\/#organization","name":"IMMOBILIEN Business","url":"https:\/\/www.immobilienbusiness.ch\/","logo":{"@type":"ImageObject","inLanguage":"de","@id":"https:\/\/www.immobilienbusiness.ch\/#\/schema\/logo\/image\/","url":"https:\/\/www.immobilienbusiness.ch\/wp-content\/uploads\/2021\/07\/logo_ib.png","contentUrl":"https:\/\/www.immobilienbusiness.ch\/wp-content\/uploads\/2021\/07\/logo_ib.png","width":800,"height":181,"caption":"IMMOBILIEN Business"},"image":{"@id":"https:\/\/www.immobilienbusiness.ch\/#\/schema\/logo\/image\/"},"sameAs":["https:\/\/www.facebook.com\/immobilienbusiness\/"]},{"@type":"Person","@id":"https:\/\/www.immobilienbusiness.ch\/#\/schema\/person\/aa2bace6c5c5aad60102004a50c4eb1c","name":"Redaktion","image":{"@type":"ImageObject","inLanguage":"de","@id":"https:\/\/secure.gravatar.com\/avatar\/ae2f4d718e6c49043e314ce431e7e645d646302a24a5ef5a8bc8e3f5a032e319?s=96&d=mm&r=g","url":"https:\/\/secure.gravatar.com\/avatar\/ae2f4d718e6c49043e314ce431e7e645d646302a24a5ef5a8bc8e3f5a032e319?s=96&d=mm&r=g","contentUrl":"https:\/\/secure.gravatar.com\/avatar\/ae2f4d718e6c49043e314ce431e7e645d646302a24a5ef5a8bc8e3f5a032e319?s=96&d=mm&r=g","caption":"Redaktion"},"sameAs":["http:\/\/develop.organisator.galledia.ch"],"url":"https:\/\/www.immobilienbusiness.ch\/de\/author\/admin\/"}]}},"_links":{"self":[{"href":"https:\/\/www.immobilienbusiness.ch\/de\/wp-json\/wp\/v2\/posts\/3999","targetHints":{"allow":["GET"]}}],"collection":[{"href":"https:\/\/www.immobilienbusiness.ch\/de\/wp-json\/wp\/v2\/posts"}],"about":[{"href":"https:\/\/www.immobilienbusiness.ch\/de\/wp-json\/wp\/v2\/types\/post"}],"author":[{"embeddable":true,"href":"https:\/\/www.immobilienbusiness.ch\/de\/wp-json\/wp\/v2\/users\/1"}],"replies":[{"embeddable":true,"href":"https:\/\/www.immobilienbusiness.ch\/de\/wp-json\/wp\/v2\/comments?post=3999"}],"version-history":[{"count":0,"href":"https:\/\/www.immobilienbusiness.ch\/de\/wp-json\/wp\/v2\/posts\/3999\/revisions"}],"wp:featuredmedia":[{"embeddable":true,"href":"https:\/\/www.immobilienbusiness.ch\/de\/wp-json\/wp\/v2\/media\/4000"}],"wp:attachment":[{"href":"https:\/\/www.immobilienbusiness.ch\/de\/wp-json\/wp\/v2\/media?parent=3999"}],"wp:term":[{"taxonomy":"category","embeddable":true,"href":"https:\/\/www.immobilienbusiness.ch\/de\/wp-json\/wp\/v2\/categories?post=3999"},{"taxonomy":"post_tag","embeddable":true,"href":"https:\/\/www.immobilienbusiness.ch\/de\/wp-json\/wp\/v2\/tags?post=3999"}],"curies":[{"name":"wp","href":"https:\/\/api.w.org\/{rel}","templated":true}]}}