{"id":39848,"date":"2022-01-28T08:27:55","date_gmt":"2022-01-28T07:27:55","guid":{"rendered":"https:\/\/www.immobilienbusiness.ch\/?p=39848"},"modified":"2022-01-28T09:07:41","modified_gmt":"2022-01-28T08:07:41","slug":"swiss-life-am-kauft-in-den-niederlanden-zu","status":"publish","type":"post","link":"https:\/\/www.immobilienbusiness.ch\/de\/unternehmen\/2022-01-28\/swiss-life-am-kauft-in-den-niederlanden-zu\/","title":{"rendered":"Swiss Life AM kauft in den Niederlanden zu"},"content":{"rendered":"<figure id=\"attachment_39849\" aria-describedby=\"caption-attachment-39849\" style=\"width: 2500px\" class=\"wp-caption alignnone\"><img loading=\"lazy\" decoding=\"async\" class=\"wp-image-39849 size-full\" src=\"https:\/\/www.immobilienbusiness.ch\/wp-content\/uploads\/2022\/01\/Logistikimmobilie-Rhenen_Colliers_3.jpg\" alt=\"\" width=\"2500\" height=\"1665\" srcset=\"https:\/\/www.immobilienbusiness.ch\/wp-content\/uploads\/2022\/01\/Logistikimmobilie-Rhenen_Colliers_3.jpg 1200w, https:\/\/www.immobilienbusiness.ch\/wp-content\/uploads\/2022\/01\/Logistikimmobilie-Rhenen_Colliers_3-300x200.jpg 300w, https:\/\/www.immobilienbusiness.ch\/wp-content\/uploads\/2022\/01\/Logistikimmobilie-Rhenen_Colliers_3-1024x682.jpg 1024w, https:\/\/www.immobilienbusiness.ch\/wp-content\/uploads\/2022\/01\/Logistikimmobilie-Rhenen_Colliers_3-768x511.jpg 768w, https:\/\/www.immobilienbusiness.ch\/wp-content\/uploads\/2022\/01\/Logistikimmobilie-Rhenen_Colliers_3-1536x1023.jpg 1536w, https:\/\/www.immobilienbusiness.ch\/wp-content\/uploads\/2022\/01\/Logistikimmobilie-Rhenen_Colliers_3-2048x1364.jpg 2048w, https:\/\/www.immobilienbusiness.ch\/wp-content\/uploads\/2022\/01\/Logistikimmobilie-Rhenen_Colliers_3-18x12.jpg 18w, https:\/\/www.immobilienbusiness.ch\/wp-content\/uploads\/2022\/01\/Logistikimmobilie-Rhenen_Colliers_3-263x175.jpg 263w, https:\/\/www.immobilienbusiness.ch\/wp-content\/uploads\/2022\/01\/Logistikimmobilie-Rhenen_Colliers_3-526x350.jpg 526w, https:\/\/www.immobilienbusiness.ch\/wp-content\/uploads\/2022\/01\/Logistikimmobilie-Rhenen_Colliers_3-920x613.jpg 920w\" sizes=\"auto, (max-width: 2500px) 100vw, 2500px\" \/><figcaption id=\"caption-attachment-39849\" class=\"wp-caption-text\">Swiss Life Asset Managers hat in den Niederlanden investiert (Quelle: Colliers)<\/figcaption><\/figure>\n<p>Bei dem Neuzugang im Portfolio des ESG European Thematic Income &amp; Growth (TIGR) handelt es sich um eine 2019 erstellte Logistikimmobilie zwischen Utrecht und Arnheim. Verk\u00e4uferin des Objekts ist eine Tochtergesellschaft der Arbon Holding, die von Colliers beraten wurde. \u00dcber den Kaufpreis sei Stillschweigen vereinbart worden, so Swiss Life AM.<\/p>\n<p>Die Immobilie an der Utrechtsestraatweg 230 in Rhenen verf\u00fcgt \u00fcber 19.240 qm Mietfl\u00e4che, die vollst\u00e4ndig an sechs Unternehmen vermietet ist. Das Logistikobjekt zeichne sich durch eine positive Energiebilanz aus und \u00fcberzeuge daher auch aus ESG-Sicht, so der Asset Manager. Der Anteil an erneuerbarer Energie betrage aufgrund einer Photovoltaikanlage auf dem Dach und einer W\u00e4rmepumpe rund 120%.<\/p>\n<p>Es handelt sich um den ersten Ankauf einer Logistikimmobilie f\u00fcr einen Swiss-Life-Fonds in den Niederlanden, teilt der Asset Manager weiter mit. Weitere Transaktionen sollen folgen. <em>(ah)<\/em><\/p>\n","protected":false},"excerpt":{"rendered":"<p>Swiss Life Asset Managers und Beos haben f\u00fcr den Fonds ESG European Thematic Income &#038; Growth (TIGR) eine Logistikimmobilie in den Niederlanden erworben.<\/p>\n","protected":false},"author":3,"featured_media":39849,"comment_status":"closed","ping_status":"closed","sticky":false,"template":"","format":"standard","meta":{"_acf_changed":false,"_yoast_wpseo_focuskw":"Niederlande","_yoast_wpseo_title":"","_yoast_wpseo_metadesc":"Swiss Life Asset Managers und Beos haben f\u00fcr den Fonds ESG European Thematic Income & Growth (TIGR) eine Logistikimmobilie in den Niederlanden erworben.","_yoast_wpseo_linkdex":41,"pgc_sgb_lightbox_settings":"","footnotes":""},"categories":[988],"tags":[1344,1348,1452,1527,1758],"class_list":["post-39848","post","type-post","status-publish","format-standard","has-post-thumbnail","hentry","category-unternehmen","tag-immobilienfonds","tag-immobilienkauf","tag-logistikimmobilien","tag-niederlande","tag-swiss-life-asset-managers"],"acf":[],"yoast_head":"<!-- This site is optimized with the Yoast SEO plugin v27.5 - https:\/\/yoast.com\/product\/yoast-seo-wordpress\/ -->\n<title>Swiss Life AM kauft in den Niederlanden zu - IMMOBILIEN Business<\/title>\n<meta name=\"description\" content=\"Swiss Life Asset Managers und Beos haben f\u00fcr den Fonds ESG European Thematic Income &amp; Growth (TIGR) eine Logistikimmobilie in den Niederlanden erworben.\" \/>\n<meta name=\"robots\" content=\"index, follow, max-snippet:-1, max-image-preview:large, max-video-preview:-1\" \/>\n<link rel=\"canonical\" href=\"https:\/\/www.immobilienbusiness.ch\/de\/unternehmen\/2022-01-28\/swiss-life-am-kauft-in-den-niederlanden-zu\/\" \/>\n<meta property=\"og:locale\" content=\"de_DE\" \/>\n<meta property=\"og:type\" content=\"article\" \/>\n<meta property=\"og:title\" content=\"Swiss Life AM kauft in den Niederlanden zu - IMMOBILIEN Business\" \/>\n<meta property=\"og:description\" content=\"Swiss Life Asset Managers und Beos haben f\u00fcr den Fonds ESG European Thematic Income &amp; Growth (TIGR) eine Logistikimmobilie in den Niederlanden erworben.\" \/>\n<meta property=\"og:url\" content=\"https:\/\/www.immobilienbusiness.ch\/de\/unternehmen\/2022-01-28\/swiss-life-am-kauft-in-den-niederlanden-zu\/\" \/>\n<meta property=\"og:site_name\" content=\"IMMOBILIEN Business\" \/>\n<meta property=\"article:publisher\" content=\"https:\/\/www.facebook.com\/immobilienbusiness\/\" \/>\n<meta property=\"article:published_time\" content=\"2022-01-28T07:27:55+00:00\" \/>\n<meta property=\"article:modified_time\" content=\"2022-01-28T08:07:41+00:00\" \/>\n<meta property=\"og:image\" content=\"https:\/\/www.immobilienbusiness.ch\/wp-content\/uploads\/2022\/01\/Logistikimmobilie-Rhenen_Colliers_3.jpg\" \/>\n\t<meta property=\"og:image:width\" content=\"1200\" \/>\n\t<meta property=\"og:image:height\" content=\"799\" \/>\n\t<meta property=\"og:image:type\" content=\"image\/jpeg\" \/>\n<meta name=\"author\" content=\"anja.hall\" \/>\n<meta name=\"twitter:card\" content=\"summary_large_image\" \/>\n<meta name=\"twitter:image\" content=\"https:\/\/www.immobilienbusiness.ch\/wp-content\/uploads\/2022\/01\/Logistikimmobilie-Rhenen_Colliers_3.jpg\" \/>\n<script type=\"application\/ld+json\" class=\"yoast-schema-graph\">{\"@context\":\"https:\\\/\\\/schema.org\",\"@graph\":[{\"@type\":\"Article\",\"@id\":\"https:\\\/\\\/www.immobilienbusiness.ch\\\/unternehmen\\\/2022-01-28\\\/swiss-life-am-kauft-in-den-niederlanden-zu\\\/#article\",\"isPartOf\":{\"@id\":\"https:\\\/\\\/www.immobilienbusiness.ch\\\/unternehmen\\\/2022-01-28\\\/swiss-life-am-kauft-in-den-niederlanden-zu\\\/\"},\"author\":{\"name\":\"anja.hall\",\"@id\":\"https:\\\/\\\/www.immobilienbusiness.ch\\\/#\\\/schema\\\/person\\\/3fc036297b10b9f42d6db5ee932af8c8\"},\"headline\":\"Swiss Life AM kauft in den Niederlanden zu\",\"datePublished\":\"2022-01-28T07:27:55+00:00\",\"dateModified\":\"2022-01-28T08:07:41+00:00\",\"mainEntityOfPage\":{\"@id\":\"https:\\\/\\\/www.immobilienbusiness.ch\\\/unternehmen\\\/2022-01-28\\\/swiss-life-am-kauft-in-den-niederlanden-zu\\\/\"},\"wordCount\":160,\"publisher\":{\"@id\":\"https:\\\/\\\/www.immobilienbusiness.ch\\\/#organization\"},\"image\":{\"@id\":\"https:\\\/\\\/www.immobilienbusiness.ch\\\/unternehmen\\\/2022-01-28\\\/swiss-life-am-kauft-in-den-niederlanden-zu\\\/#primaryimage\"},\"thumbnailUrl\":\"https:\\\/\\\/www.immobilienbusiness.ch\\\/wp-content\\\/uploads\\\/2022\\\/01\\\/Logistikimmobilie-Rhenen_Colliers_3.jpg\",\"keywords\":[\"Immobilienfonds\",\"Immobilienkauf\",\"Logistikimmobilien\",\"Niederlande\",\"Swiss Life Asset Managers\"],\"articleSection\":[\"UNTERNEHMEN\"],\"inLanguage\":\"de\"},{\"@type\":\"WebPage\",\"@id\":\"https:\\\/\\\/www.immobilienbusiness.ch\\\/unternehmen\\\/2022-01-28\\\/swiss-life-am-kauft-in-den-niederlanden-zu\\\/\",\"url\":\"https:\\\/\\\/www.immobilienbusiness.ch\\\/unternehmen\\\/2022-01-28\\\/swiss-life-am-kauft-in-den-niederlanden-zu\\\/\",\"name\":\"Swiss Life AM kauft in den Niederlanden zu - IMMOBILIEN Business\",\"isPartOf\":{\"@id\":\"https:\\\/\\\/www.immobilienbusiness.ch\\\/#website\"},\"primaryImageOfPage\":{\"@id\":\"https:\\\/\\\/www.immobilienbusiness.ch\\\/unternehmen\\\/2022-01-28\\\/swiss-life-am-kauft-in-den-niederlanden-zu\\\/#primaryimage\"},\"image\":{\"@id\":\"https:\\\/\\\/www.immobilienbusiness.ch\\\/unternehmen\\\/2022-01-28\\\/swiss-life-am-kauft-in-den-niederlanden-zu\\\/#primaryimage\"},\"thumbnailUrl\":\"https:\\\/\\\/www.immobilienbusiness.ch\\\/wp-content\\\/uploads\\\/2022\\\/01\\\/Logistikimmobilie-Rhenen_Colliers_3.jpg\",\"datePublished\":\"2022-01-28T07:27:55+00:00\",\"dateModified\":\"2022-01-28T08:07:41+00:00\",\"description\":\"Swiss Life Asset Managers und Beos haben f\u00fcr den Fonds ESG European Thematic Income & Growth (TIGR) eine Logistikimmobilie in den Niederlanden erworben.\",\"breadcrumb\":{\"@id\":\"https:\\\/\\\/www.immobilienbusiness.ch\\\/unternehmen\\\/2022-01-28\\\/swiss-life-am-kauft-in-den-niederlanden-zu\\\/#breadcrumb\"},\"inLanguage\":\"de\",\"potentialAction\":[{\"@type\":\"ReadAction\",\"target\":[\"https:\\\/\\\/www.immobilienbusiness.ch\\\/unternehmen\\\/2022-01-28\\\/swiss-life-am-kauft-in-den-niederlanden-zu\\\/\"]}]},{\"@type\":\"ImageObject\",\"inLanguage\":\"de\",\"@id\":\"https:\\\/\\\/www.immobilienbusiness.ch\\\/unternehmen\\\/2022-01-28\\\/swiss-life-am-kauft-in-den-niederlanden-zu\\\/#primaryimage\",\"url\":\"https:\\\/\\\/www.immobilienbusiness.ch\\\/wp-content\\\/uploads\\\/2022\\\/01\\\/Logistikimmobilie-Rhenen_Colliers_3.jpg\",\"contentUrl\":\"https:\\\/\\\/www.immobilienbusiness.ch\\\/wp-content\\\/uploads\\\/2022\\\/01\\\/Logistikimmobilie-Rhenen_Colliers_3.jpg\",\"width\":1200,\"height\":799,\"caption\":\"Logistikimmobilie Rhenen_(Quelle: Colliers)\"},{\"@type\":\"BreadcrumbList\",\"@id\":\"https:\\\/\\\/www.immobilienbusiness.ch\\\/unternehmen\\\/2022-01-28\\\/swiss-life-am-kauft-in-den-niederlanden-zu\\\/#breadcrumb\",\"itemListElement\":[{\"@type\":\"ListItem\",\"position\":1,\"name\":\"Home\",\"item\":\"https:\\\/\\\/www.immobilienbusiness.ch\\\/\"},{\"@type\":\"ListItem\",\"position\":2,\"name\":\"Swiss Life AM kauft in den Niederlanden zu\"}]},{\"@type\":\"WebSite\",\"@id\":\"https:\\\/\\\/www.immobilienbusiness.ch\\\/#website\",\"url\":\"https:\\\/\\\/www.immobilienbusiness.ch\\\/\",\"name\":\"IMMOBILIEN Business\",\"description\":\"Unabh\u00e4ngiges Schweizer Wirtschaftsmagazin mit Fokus auf Immobilien, Architektur- und Bau sowie Investment- und Finanzierung.\",\"publisher\":{\"@id\":\"https:\\\/\\\/www.immobilienbusiness.ch\\\/#organization\"},\"potentialAction\":[{\"@type\":\"SearchAction\",\"target\":{\"@type\":\"EntryPoint\",\"urlTemplate\":\"https:\\\/\\\/www.immobilienbusiness.ch\\\/?s={search_term_string}\"},\"query-input\":{\"@type\":\"PropertyValueSpecification\",\"valueRequired\":true,\"valueName\":\"search_term_string\"}}],\"inLanguage\":\"de\"},{\"@type\":\"Organization\",\"@id\":\"https:\\\/\\\/www.immobilienbusiness.ch\\\/#organization\",\"name\":\"IMMOBILIEN Business\",\"url\":\"https:\\\/\\\/www.immobilienbusiness.ch\\\/\",\"logo\":{\"@type\":\"ImageObject\",\"inLanguage\":\"de\",\"@id\":\"https:\\\/\\\/www.immobilienbusiness.ch\\\/#\\\/schema\\\/logo\\\/image\\\/\",\"url\":\"https:\\\/\\\/www.immobilienbusiness.ch\\\/wp-content\\\/uploads\\\/2021\\\/07\\\/logo_ib.png\",\"contentUrl\":\"https:\\\/\\\/www.immobilienbusiness.ch\\\/wp-content\\\/uploads\\\/2021\\\/07\\\/logo_ib.png\",\"width\":800,\"height\":181,\"caption\":\"IMMOBILIEN Business\"},\"image\":{\"@id\":\"https:\\\/\\\/www.immobilienbusiness.ch\\\/#\\\/schema\\\/logo\\\/image\\\/\"},\"sameAs\":[\"https:\\\/\\\/www.facebook.com\\\/immobilienbusiness\\\/\"]},{\"@type\":\"Person\",\"@id\":\"https:\\\/\\\/www.immobilienbusiness.ch\\\/#\\\/schema\\\/person\\\/3fc036297b10b9f42d6db5ee932af8c8\",\"name\":\"anja.hall\",\"image\":{\"@type\":\"ImageObject\",\"inLanguage\":\"de\",\"@id\":\"https:\\\/\\\/secure.gravatar.com\\\/avatar\\\/066b5a0d447013502c71a5782f4f3469f03cfe595cc2329fb94652fe47511bfb?s=96&d=mm&r=g\",\"url\":\"https:\\\/\\\/secure.gravatar.com\\\/avatar\\\/066b5a0d447013502c71a5782f4f3469f03cfe595cc2329fb94652fe47511bfb?s=96&d=mm&r=g\",\"contentUrl\":\"https:\\\/\\\/secure.gravatar.com\\\/avatar\\\/066b5a0d447013502c71a5782f4f3469f03cfe595cc2329fb94652fe47511bfb?s=96&d=mm&r=g\",\"caption\":\"anja.hall\"},\"url\":\"https:\\\/\\\/www.immobilienbusiness.ch\\\/de\\\/author\\\/anja-hall\\\/\"}]}<\/script>\n<!-- \/ Yoast SEO plugin. -->","yoast_head_json":{"title":"Swiss Life AM kauft in den Niederlanden zu - IMMOBILIEN Business","description":"Swiss Life Asset Managers und Beos haben f\u00fcr den Fonds ESG European Thematic Income & Growth (TIGR) eine Logistikimmobilie in den Niederlanden erworben.","robots":{"index":"index","follow":"follow","max-snippet":"max-snippet:-1","max-image-preview":"max-image-preview:large","max-video-preview":"max-video-preview:-1"},"canonical":"https:\/\/www.immobilienbusiness.ch\/de\/unternehmen\/2022-01-28\/swiss-life-am-kauft-in-den-niederlanden-zu\/","og_locale":"de_DE","og_type":"article","og_title":"Swiss Life AM kauft in den Niederlanden zu - IMMOBILIEN Business","og_description":"Swiss Life Asset Managers und Beos haben f\u00fcr den Fonds ESG European Thematic Income & Growth (TIGR) eine Logistikimmobilie in den Niederlanden erworben.","og_url":"https:\/\/www.immobilienbusiness.ch\/de\/unternehmen\/2022-01-28\/swiss-life-am-kauft-in-den-niederlanden-zu\/","og_site_name":"IMMOBILIEN Business","article_publisher":"https:\/\/www.facebook.com\/immobilienbusiness\/","article_published_time":"2022-01-28T07:27:55+00:00","article_modified_time":"2022-01-28T08:07:41+00:00","og_image":[{"width":1200,"height":799,"url":"https:\/\/www.immobilienbusiness.ch\/wp-content\/uploads\/2022\/01\/Logistikimmobilie-Rhenen_Colliers_3.jpg","type":"image\/jpeg"}],"author":"anja.hall","twitter_card":"summary_large_image","twitter_image":"https:\/\/www.immobilienbusiness.ch\/wp-content\/uploads\/2022\/01\/Logistikimmobilie-Rhenen_Colliers_3.jpg","schema":{"@context":"https:\/\/schema.org","@graph":[{"@type":"Article","@id":"https:\/\/www.immobilienbusiness.ch\/unternehmen\/2022-01-28\/swiss-life-am-kauft-in-den-niederlanden-zu\/#article","isPartOf":{"@id":"https:\/\/www.immobilienbusiness.ch\/unternehmen\/2022-01-28\/swiss-life-am-kauft-in-den-niederlanden-zu\/"},"author":{"name":"anja.hall","@id":"https:\/\/www.immobilienbusiness.ch\/#\/schema\/person\/3fc036297b10b9f42d6db5ee932af8c8"},"headline":"Swiss Life AM kauft in den Niederlanden zu","datePublished":"2022-01-28T07:27:55+00:00","dateModified":"2022-01-28T08:07:41+00:00","mainEntityOfPage":{"@id":"https:\/\/www.immobilienbusiness.ch\/unternehmen\/2022-01-28\/swiss-life-am-kauft-in-den-niederlanden-zu\/"},"wordCount":160,"publisher":{"@id":"https:\/\/www.immobilienbusiness.ch\/#organization"},"image":{"@id":"https:\/\/www.immobilienbusiness.ch\/unternehmen\/2022-01-28\/swiss-life-am-kauft-in-den-niederlanden-zu\/#primaryimage"},"thumbnailUrl":"https:\/\/www.immobilienbusiness.ch\/wp-content\/uploads\/2022\/01\/Logistikimmobilie-Rhenen_Colliers_3.jpg","keywords":["Immobilienfonds","Immobilienkauf","Logistikimmobilien","Niederlande","Swiss Life Asset Managers"],"articleSection":["UNTERNEHMEN"],"inLanguage":"de"},{"@type":"WebPage","@id":"https:\/\/www.immobilienbusiness.ch\/unternehmen\/2022-01-28\/swiss-life-am-kauft-in-den-niederlanden-zu\/","url":"https:\/\/www.immobilienbusiness.ch\/unternehmen\/2022-01-28\/swiss-life-am-kauft-in-den-niederlanden-zu\/","name":"Swiss Life AM kauft in den Niederlanden zu - IMMOBILIEN Business","isPartOf":{"@id":"https:\/\/www.immobilienbusiness.ch\/#website"},"primaryImageOfPage":{"@id":"https:\/\/www.immobilienbusiness.ch\/unternehmen\/2022-01-28\/swiss-life-am-kauft-in-den-niederlanden-zu\/#primaryimage"},"image":{"@id":"https:\/\/www.immobilienbusiness.ch\/unternehmen\/2022-01-28\/swiss-life-am-kauft-in-den-niederlanden-zu\/#primaryimage"},"thumbnailUrl":"https:\/\/www.immobilienbusiness.ch\/wp-content\/uploads\/2022\/01\/Logistikimmobilie-Rhenen_Colliers_3.jpg","datePublished":"2022-01-28T07:27:55+00:00","dateModified":"2022-01-28T08:07:41+00:00","description":"Swiss Life Asset Managers und Beos haben f\u00fcr den Fonds ESG European Thematic Income & Growth (TIGR) eine Logistikimmobilie in den Niederlanden erworben.","breadcrumb":{"@id":"https:\/\/www.immobilienbusiness.ch\/unternehmen\/2022-01-28\/swiss-life-am-kauft-in-den-niederlanden-zu\/#breadcrumb"},"inLanguage":"de","potentialAction":[{"@type":"ReadAction","target":["https:\/\/www.immobilienbusiness.ch\/unternehmen\/2022-01-28\/swiss-life-am-kauft-in-den-niederlanden-zu\/"]}]},{"@type":"ImageObject","inLanguage":"de","@id":"https:\/\/www.immobilienbusiness.ch\/unternehmen\/2022-01-28\/swiss-life-am-kauft-in-den-niederlanden-zu\/#primaryimage","url":"https:\/\/www.immobilienbusiness.ch\/wp-content\/uploads\/2022\/01\/Logistikimmobilie-Rhenen_Colliers_3.jpg","contentUrl":"https:\/\/www.immobilienbusiness.ch\/wp-content\/uploads\/2022\/01\/Logistikimmobilie-Rhenen_Colliers_3.jpg","width":1200,"height":799,"caption":"Logistikimmobilie Rhenen_(Quelle: Colliers)"},{"@type":"BreadcrumbList","@id":"https:\/\/www.immobilienbusiness.ch\/unternehmen\/2022-01-28\/swiss-life-am-kauft-in-den-niederlanden-zu\/#breadcrumb","itemListElement":[{"@type":"ListItem","position":1,"name":"Home","item":"https:\/\/www.immobilienbusiness.ch\/"},{"@type":"ListItem","position":2,"name":"Swiss Life AM kauft in den Niederlanden zu"}]},{"@type":"WebSite","@id":"https:\/\/www.immobilienbusiness.ch\/#website","url":"https:\/\/www.immobilienbusiness.ch\/","name":"IMMOBILIEN Business","description":"Unabh\u00e4ngiges Schweizer Wirtschaftsmagazin mit Fokus auf Immobilien, Architektur- und Bau sowie Investment- und Finanzierung.","publisher":{"@id":"https:\/\/www.immobilienbusiness.ch\/#organization"},"potentialAction":[{"@type":"SearchAction","target":{"@type":"EntryPoint","urlTemplate":"https:\/\/www.immobilienbusiness.ch\/?s={search_term_string}"},"query-input":{"@type":"PropertyValueSpecification","valueRequired":true,"valueName":"search_term_string"}}],"inLanguage":"de"},{"@type":"Organization","@id":"https:\/\/www.immobilienbusiness.ch\/#organization","name":"IMMOBILIEN Business","url":"https:\/\/www.immobilienbusiness.ch\/","logo":{"@type":"ImageObject","inLanguage":"de","@id":"https:\/\/www.immobilienbusiness.ch\/#\/schema\/logo\/image\/","url":"https:\/\/www.immobilienbusiness.ch\/wp-content\/uploads\/2021\/07\/logo_ib.png","contentUrl":"https:\/\/www.immobilienbusiness.ch\/wp-content\/uploads\/2021\/07\/logo_ib.png","width":800,"height":181,"caption":"IMMOBILIEN Business"},"image":{"@id":"https:\/\/www.immobilienbusiness.ch\/#\/schema\/logo\/image\/"},"sameAs":["https:\/\/www.facebook.com\/immobilienbusiness\/"]},{"@type":"Person","@id":"https:\/\/www.immobilienbusiness.ch\/#\/schema\/person\/3fc036297b10b9f42d6db5ee932af8c8","name":"anja.hall","image":{"@type":"ImageObject","inLanguage":"de","@id":"https:\/\/secure.gravatar.com\/avatar\/066b5a0d447013502c71a5782f4f3469f03cfe595cc2329fb94652fe47511bfb?s=96&d=mm&r=g","url":"https:\/\/secure.gravatar.com\/avatar\/066b5a0d447013502c71a5782f4f3469f03cfe595cc2329fb94652fe47511bfb?s=96&d=mm&r=g","contentUrl":"https:\/\/secure.gravatar.com\/avatar\/066b5a0d447013502c71a5782f4f3469f03cfe595cc2329fb94652fe47511bfb?s=96&d=mm&r=g","caption":"anja.hall"},"url":"https:\/\/www.immobilienbusiness.ch\/de\/author\/anja-hall\/"}]}},"_links":{"self":[{"href":"https:\/\/www.immobilienbusiness.ch\/de\/wp-json\/wp\/v2\/posts\/39848","targetHints":{"allow":["GET"]}}],"collection":[{"href":"https:\/\/www.immobilienbusiness.ch\/de\/wp-json\/wp\/v2\/posts"}],"about":[{"href":"https:\/\/www.immobilienbusiness.ch\/de\/wp-json\/wp\/v2\/types\/post"}],"author":[{"embeddable":true,"href":"https:\/\/www.immobilienbusiness.ch\/de\/wp-json\/wp\/v2\/users\/3"}],"replies":[{"embeddable":true,"href":"https:\/\/www.immobilienbusiness.ch\/de\/wp-json\/wp\/v2\/comments?post=39848"}],"version-history":[{"count":2,"href":"https:\/\/www.immobilienbusiness.ch\/de\/wp-json\/wp\/v2\/posts\/39848\/revisions"}],"predecessor-version":[{"id":39855,"href":"https:\/\/www.immobilienbusiness.ch\/de\/wp-json\/wp\/v2\/posts\/39848\/revisions\/39855"}],"wp:featuredmedia":[{"embeddable":true,"href":"https:\/\/www.immobilienbusiness.ch\/de\/wp-json\/wp\/v2\/media\/39849"}],"wp:attachment":[{"href":"https:\/\/www.immobilienbusiness.ch\/de\/wp-json\/wp\/v2\/media?parent=39848"}],"wp:term":[{"taxonomy":"category","embeddable":true,"href":"https:\/\/www.immobilienbusiness.ch\/de\/wp-json\/wp\/v2\/categories?post=39848"},{"taxonomy":"post_tag","embeddable":true,"href":"https:\/\/www.immobilienbusiness.ch\/de\/wp-json\/wp\/v2\/tags?post=39848"}],"curies":[{"name":"wp","href":"https:\/\/api.w.org\/{rel}","templated":true}]}}