{"id":39730,"date":"2022-01-20T08:15:33","date_gmt":"2022-01-20T07:15:33","guid":{"rendered":"https:\/\/www.immobilienbusiness.ch\/?p=39730"},"modified":"2022-01-20T09:28:23","modified_gmt":"2022-01-20T08:28:23","slug":"bspf-kauft-gesundheitsimmobilien-in-basel","status":"publish","type":"post","link":"https:\/\/www.immobilienbusiness.ch\/de\/regionen\/2022-01-20\/bspf-kauft-gesundheitsimmobilien-in-basel\/","title":{"rendered":"BSPF kauft Gesundheitsimmobilien in Basel"},"content":{"rendered":"<figure id=\"attachment_15184\" aria-describedby=\"caption-attachment-15184\" style=\"width: 999px\" class=\"wp-caption alignnone\"><img loading=\"lazy\" decoding=\"async\" class=\"wp-image-15184 size-full\" src=\"https:\/\/www.immobilienbusiness.ch\/wp-content\/uploads\/2018\/12\/Depositphotos_102733216_m-2015.jpg\" alt=\"\" width=\"999\" height=\"645\" srcset=\"https:\/\/www.immobilienbusiness.ch\/wp-content\/uploads\/2018\/12\/Depositphotos_102733216_m-2015.jpg 999w, https:\/\/www.immobilienbusiness.ch\/wp-content\/uploads\/2018\/12\/Depositphotos_102733216_m-2015-300x194.jpg 300w, https:\/\/www.immobilienbusiness.ch\/wp-content\/uploads\/2018\/12\/Depositphotos_102733216_m-2015-768x496.jpg 768w, https:\/\/www.immobilienbusiness.ch\/wp-content\/uploads\/2018\/12\/Depositphotos_102733216_m-2015-16x10.jpg 16w, https:\/\/www.immobilienbusiness.ch\/wp-content\/uploads\/2018\/12\/Depositphotos_102733216_m-2015-271x175.jpg 271w, https:\/\/www.immobilienbusiness.ch\/wp-content\/uploads\/2018\/12\/Depositphotos_102733216_m-2015-542x350.jpg 542w, https:\/\/www.immobilienbusiness.ch\/wp-content\/uploads\/2018\/12\/Depositphotos_102733216_m-2015-920x594.jpg 920w\" sizes=\"auto, (max-width: 999px) 100vw, 999px\" \/><figcaption id=\"caption-attachment-15184\" class=\"wp-caption-text\">Basel (Bild: happyalex &#8211; depositphotos)<\/figcaption><\/figure>\n<p>In den drei Immobilien w\u00fcrden spezialisierte medizinische Dienstleistungen \u00aban exzellenter Lage\u00bb in Basel mit kurzer Fussdistanz zu \u00f6ffentlichen Verkehrsmitteln angeboten, teilt Baloise Asset Management mit. Der Einzelmieter und die Fondsleitung des Baloise Swiss Property Fund (BSPF) haben einen Mietvertrag mit einer Festlaufzeit von 20 Jahren unterzeichnet, der zudem verl\u00e4ngert werden kann. Aufgrund ihrer Grundrissdisposition und Lagequalit\u00e4t k\u00f6nnten die Objekte zudem in B\u00fcro- bzw. Wohnraum umgenutzt werden.<\/p>\n<p>Die Liegenschaften seien in den letzten f\u00fcnf bis zehn Jahren grosszyklisch saniert und an das Fernw\u00e4rmenetz angeschlossen worden, gr\u00f6ssere Instandhaltungs- und Instandsetzungsarbeiten seien daher erst in ca. 15 bis 20 Jahren notwendig, so Baloise Asset Management. Was den Instandhaltungs- und Instandsetzungsaufwand betreffe, h\u00e4tten die Mietvertragsparteien zudem eine sogenannte Dach-und-Fach-Klausel abgeschlossen. Damit tr\u00e4gt die Fondsleitung ausschliesslich den Instandhaltungs- und Instandsetzungsaufwand f\u00fcr die konstruktiven Teile der Liegenschaften wie Dachsubstanz, Fassade, Fenster und tragende Teile.<\/p>\n<p>Beurkundet wurde der Asset-Deal den Angaben zufolge im November 2021, die Eigentums\u00fcbertragung sowie der \u00dcbergang von Nutzen und Gefahr erfolgte per 1. Januar 2022. Der Kauf sei zu rund drei Vierteln durch Fremdkapital und zu rund einem Viertel aus dem Liquidit\u00e4tsbestand des BSPF finanziert worden, so die Fondsleitung. <em>(ah)<\/em><\/p>\n","protected":false},"excerpt":{"rendered":"<p>Der Baloise Swiss Property Fund hat per Sale-and-Rent-back-Transaktion Liegenschaften in der Basler City erworben, in denen Gesundheitsdienstleistungen erbracht werden.<\/p>\n","protected":false},"author":3,"featured_media":15184,"comment_status":"closed","ping_status":"closed","sticky":false,"template":"","format":"standard","meta":{"_acf_changed":false,"_yoast_wpseo_focuskw":"Basel","_yoast_wpseo_title":"","_yoast_wpseo_metadesc":"Der Baloise Swiss Property Fund hat per Sale-and-Rent-back-Transaktion drei Liegenschaften in der Basler City erworben.","_yoast_wpseo_linkdex":44,"pgc_sgb_lightbox_settings":"","footnotes":""},"categories":[985],"tags":[1065,1069,1269,1344,1348],"class_list":["post-39730","post","type-post","status-publish","format-standard","has-post-thumbnail","hentry","category-regionen","tag-baloise","tag-basel","tag-gesundheitsimmobilien","tag-immobilienfonds","tag-immobilienkauf"],"acf":[],"yoast_head":"<!-- This site is optimized with the Yoast SEO plugin v27.4 - https:\/\/yoast.com\/product\/yoast-seo-wordpress\/ -->\n<title>BSPF kauft Gesundheitsimmobilien in Basel - IMMOBILIEN Business<\/title>\n<meta name=\"description\" content=\"Der Baloise Swiss Property Fund hat per Sale-and-Rent-back-Transaktion drei Liegenschaften in der Basler City erworben.\" \/>\n<meta name=\"robots\" content=\"index, follow, max-snippet:-1, max-image-preview:large, max-video-preview:-1\" \/>\n<link rel=\"canonical\" href=\"https:\/\/www.immobilienbusiness.ch\/de\/regionen\/2022-01-20\/bspf-kauft-gesundheitsimmobilien-in-basel\/\" \/>\n<meta property=\"og:locale\" content=\"de_DE\" \/>\n<meta property=\"og:type\" content=\"article\" \/>\n<meta property=\"og:title\" content=\"BSPF kauft Gesundheitsimmobilien in Basel - IMMOBILIEN Business\" \/>\n<meta property=\"og:description\" content=\"Der Baloise Swiss Property Fund hat per Sale-and-Rent-back-Transaktion drei Liegenschaften in der Basler City erworben.\" \/>\n<meta property=\"og:url\" content=\"https:\/\/www.immobilienbusiness.ch\/de\/regionen\/2022-01-20\/bspf-kauft-gesundheitsimmobilien-in-basel\/\" \/>\n<meta property=\"og:site_name\" content=\"IMMOBILIEN Business\" \/>\n<meta property=\"article:publisher\" content=\"https:\/\/www.facebook.com\/immobilienbusiness\/\" \/>\n<meta property=\"article:published_time\" content=\"2022-01-20T07:15:33+00:00\" \/>\n<meta property=\"article:modified_time\" content=\"2022-01-20T08:28:23+00:00\" \/>\n<meta property=\"og:image\" content=\"https:\/\/www.immobilienbusiness.ch\/wp-content\/uploads\/2018\/12\/Depositphotos_102733216_m-2015.jpg\" \/>\n\t<meta property=\"og:image:width\" content=\"999\" \/>\n\t<meta property=\"og:image:height\" content=\"645\" \/>\n\t<meta property=\"og:image:type\" content=\"image\/jpeg\" \/>\n<meta name=\"author\" content=\"anja.hall\" \/>\n<meta name=\"twitter:card\" content=\"summary_large_image\" \/>\n<meta name=\"twitter:image\" content=\"https:\/\/www.immobilienbusiness.ch\/wp-content\/uploads\/2018\/12\/Depositphotos_102733216_m-2015.jpg\" \/>\n<script type=\"application\/ld+json\" class=\"yoast-schema-graph\">{\"@context\":\"https:\\\/\\\/schema.org\",\"@graph\":[{\"@type\":\"Article\",\"@id\":\"https:\\\/\\\/www.immobilienbusiness.ch\\\/en\\\/regionen\\\/2022-01-20\\\/bspf-kauft-gesundheitsimmobilien-in-basel\\\/#article\",\"isPartOf\":{\"@id\":\"https:\\\/\\\/www.immobilienbusiness.ch\\\/en\\\/regionen\\\/2022-01-20\\\/bspf-kauft-gesundheitsimmobilien-in-basel\\\/\"},\"author\":{\"name\":\"anja.hall\",\"@id\":\"https:\\\/\\\/www.immobilienbusiness.ch\\\/#\\\/schema\\\/person\\\/3fc036297b10b9f42d6db5ee932af8c8\"},\"headline\":\"BSPF kauft Gesundheitsimmobilien in Basel\",\"datePublished\":\"2022-01-20T07:15:33+00:00\",\"dateModified\":\"2022-01-20T08:28:23+00:00\",\"mainEntityOfPage\":{\"@id\":\"https:\\\/\\\/www.immobilienbusiness.ch\\\/en\\\/regionen\\\/2022-01-20\\\/bspf-kauft-gesundheitsimmobilien-in-basel\\\/\"},\"wordCount\":211,\"publisher\":{\"@id\":\"https:\\\/\\\/www.immobilienbusiness.ch\\\/#organization\"},\"image\":{\"@id\":\"https:\\\/\\\/www.immobilienbusiness.ch\\\/en\\\/regionen\\\/2022-01-20\\\/bspf-kauft-gesundheitsimmobilien-in-basel\\\/#primaryimage\"},\"thumbnailUrl\":\"https:\\\/\\\/www.immobilienbusiness.ch\\\/wp-content\\\/uploads\\\/2018\\\/12\\\/Depositphotos_102733216_m-2015.jpg\",\"keywords\":[\"Baloise\",\"Basel\",\"Gesundheitsimmobilien\",\"Immobilienfonds\",\"Immobilienkauf\"],\"articleSection\":[\"REGIONEN\"],\"inLanguage\":\"de\"},{\"@type\":\"WebPage\",\"@id\":\"https:\\\/\\\/www.immobilienbusiness.ch\\\/en\\\/regionen\\\/2022-01-20\\\/bspf-kauft-gesundheitsimmobilien-in-basel\\\/\",\"url\":\"https:\\\/\\\/www.immobilienbusiness.ch\\\/en\\\/regionen\\\/2022-01-20\\\/bspf-kauft-gesundheitsimmobilien-in-basel\\\/\",\"name\":\"BSPF kauft Gesundheitsimmobilien in Basel - IMMOBILIEN Business\",\"isPartOf\":{\"@id\":\"https:\\\/\\\/www.immobilienbusiness.ch\\\/#website\"},\"primaryImageOfPage\":{\"@id\":\"https:\\\/\\\/www.immobilienbusiness.ch\\\/en\\\/regionen\\\/2022-01-20\\\/bspf-kauft-gesundheitsimmobilien-in-basel\\\/#primaryimage\"},\"image\":{\"@id\":\"https:\\\/\\\/www.immobilienbusiness.ch\\\/en\\\/regionen\\\/2022-01-20\\\/bspf-kauft-gesundheitsimmobilien-in-basel\\\/#primaryimage\"},\"thumbnailUrl\":\"https:\\\/\\\/www.immobilienbusiness.ch\\\/wp-content\\\/uploads\\\/2018\\\/12\\\/Depositphotos_102733216_m-2015.jpg\",\"datePublished\":\"2022-01-20T07:15:33+00:00\",\"dateModified\":\"2022-01-20T08:28:23+00:00\",\"description\":\"Der Baloise Swiss Property Fund hat per Sale-and-Rent-back-Transaktion drei Liegenschaften in der Basler City erworben.\",\"breadcrumb\":{\"@id\":\"https:\\\/\\\/www.immobilienbusiness.ch\\\/en\\\/regionen\\\/2022-01-20\\\/bspf-kauft-gesundheitsimmobilien-in-basel\\\/#breadcrumb\"},\"inLanguage\":\"de\",\"potentialAction\":[{\"@type\":\"ReadAction\",\"target\":[\"https:\\\/\\\/www.immobilienbusiness.ch\\\/en\\\/regionen\\\/2022-01-20\\\/bspf-kauft-gesundheitsimmobilien-in-basel\\\/\"]}]},{\"@type\":\"ImageObject\",\"inLanguage\":\"de\",\"@id\":\"https:\\\/\\\/www.immobilienbusiness.ch\\\/en\\\/regionen\\\/2022-01-20\\\/bspf-kauft-gesundheitsimmobilien-in-basel\\\/#primaryimage\",\"url\":\"https:\\\/\\\/www.immobilienbusiness.ch\\\/wp-content\\\/uploads\\\/2018\\\/12\\\/Depositphotos_102733216_m-2015.jpg\",\"contentUrl\":\"https:\\\/\\\/www.immobilienbusiness.ch\\\/wp-content\\\/uploads\\\/2018\\\/12\\\/Depositphotos_102733216_m-2015.jpg\",\"width\":999,\"height\":645,\"caption\":\"Basel (Bild: happyalex - depositphotos)\"},{\"@type\":\"BreadcrumbList\",\"@id\":\"https:\\\/\\\/www.immobilienbusiness.ch\\\/en\\\/regionen\\\/2022-01-20\\\/bspf-kauft-gesundheitsimmobilien-in-basel\\\/#breadcrumb\",\"itemListElement\":[{\"@type\":\"ListItem\",\"position\":1,\"name\":\"Home\",\"item\":\"https:\\\/\\\/www.immobilienbusiness.ch\\\/\"},{\"@type\":\"ListItem\",\"position\":2,\"name\":\"BSPF kauft Gesundheitsimmobilien in Basel\"}]},{\"@type\":\"WebSite\",\"@id\":\"https:\\\/\\\/www.immobilienbusiness.ch\\\/#website\",\"url\":\"https:\\\/\\\/www.immobilienbusiness.ch\\\/\",\"name\":\"IMMOBILIEN Business\",\"description\":\"Unabh\u00e4ngiges Schweizer Wirtschaftsmagazin mit Fokus auf Immobilien, Architektur- und Bau sowie Investment- und Finanzierung.\",\"publisher\":{\"@id\":\"https:\\\/\\\/www.immobilienbusiness.ch\\\/#organization\"},\"potentialAction\":[{\"@type\":\"SearchAction\",\"target\":{\"@type\":\"EntryPoint\",\"urlTemplate\":\"https:\\\/\\\/www.immobilienbusiness.ch\\\/?s={search_term_string}\"},\"query-input\":{\"@type\":\"PropertyValueSpecification\",\"valueRequired\":true,\"valueName\":\"search_term_string\"}}],\"inLanguage\":\"de\"},{\"@type\":\"Organization\",\"@id\":\"https:\\\/\\\/www.immobilienbusiness.ch\\\/#organization\",\"name\":\"IMMOBILIEN Business\",\"url\":\"https:\\\/\\\/www.immobilienbusiness.ch\\\/\",\"logo\":{\"@type\":\"ImageObject\",\"inLanguage\":\"de\",\"@id\":\"https:\\\/\\\/www.immobilienbusiness.ch\\\/#\\\/schema\\\/logo\\\/image\\\/\",\"url\":\"https:\\\/\\\/www.immobilienbusiness.ch\\\/wp-content\\\/uploads\\\/2021\\\/07\\\/logo_ib.png\",\"contentUrl\":\"https:\\\/\\\/www.immobilienbusiness.ch\\\/wp-content\\\/uploads\\\/2021\\\/07\\\/logo_ib.png\",\"width\":800,\"height\":181,\"caption\":\"IMMOBILIEN Business\"},\"image\":{\"@id\":\"https:\\\/\\\/www.immobilienbusiness.ch\\\/#\\\/schema\\\/logo\\\/image\\\/\"},\"sameAs\":[\"https:\\\/\\\/www.facebook.com\\\/immobilienbusiness\\\/\"]},{\"@type\":\"Person\",\"@id\":\"https:\\\/\\\/www.immobilienbusiness.ch\\\/#\\\/schema\\\/person\\\/3fc036297b10b9f42d6db5ee932af8c8\",\"name\":\"anja.hall\",\"image\":{\"@type\":\"ImageObject\",\"inLanguage\":\"de\",\"@id\":\"https:\\\/\\\/secure.gravatar.com\\\/avatar\\\/066b5a0d447013502c71a5782f4f3469f03cfe595cc2329fb94652fe47511bfb?s=96&d=mm&r=g\",\"url\":\"https:\\\/\\\/secure.gravatar.com\\\/avatar\\\/066b5a0d447013502c71a5782f4f3469f03cfe595cc2329fb94652fe47511bfb?s=96&d=mm&r=g\",\"contentUrl\":\"https:\\\/\\\/secure.gravatar.com\\\/avatar\\\/066b5a0d447013502c71a5782f4f3469f03cfe595cc2329fb94652fe47511bfb?s=96&d=mm&r=g\",\"caption\":\"anja.hall\"},\"url\":\"https:\\\/\\\/www.immobilienbusiness.ch\\\/de\\\/author\\\/anja-hall\\\/\"}]}<\/script>\n<!-- \/ Yoast SEO plugin. -->","yoast_head_json":{"title":"BSPF kauft Gesundheitsimmobilien in Basel - IMMOBILIEN Business","description":"Der Baloise Swiss Property Fund hat per Sale-and-Rent-back-Transaktion drei Liegenschaften in der Basler City erworben.","robots":{"index":"index","follow":"follow","max-snippet":"max-snippet:-1","max-image-preview":"max-image-preview:large","max-video-preview":"max-video-preview:-1"},"canonical":"https:\/\/www.immobilienbusiness.ch\/de\/regionen\/2022-01-20\/bspf-kauft-gesundheitsimmobilien-in-basel\/","og_locale":"de_DE","og_type":"article","og_title":"BSPF kauft Gesundheitsimmobilien in Basel - IMMOBILIEN Business","og_description":"Der Baloise Swiss Property Fund hat per Sale-and-Rent-back-Transaktion drei Liegenschaften in der Basler City erworben.","og_url":"https:\/\/www.immobilienbusiness.ch\/de\/regionen\/2022-01-20\/bspf-kauft-gesundheitsimmobilien-in-basel\/","og_site_name":"IMMOBILIEN Business","article_publisher":"https:\/\/www.facebook.com\/immobilienbusiness\/","article_published_time":"2022-01-20T07:15:33+00:00","article_modified_time":"2022-01-20T08:28:23+00:00","og_image":[{"width":999,"height":645,"url":"https:\/\/www.immobilienbusiness.ch\/wp-content\/uploads\/2018\/12\/Depositphotos_102733216_m-2015.jpg","type":"image\/jpeg"}],"author":"anja.hall","twitter_card":"summary_large_image","twitter_image":"https:\/\/www.immobilienbusiness.ch\/wp-content\/uploads\/2018\/12\/Depositphotos_102733216_m-2015.jpg","schema":{"@context":"https:\/\/schema.org","@graph":[{"@type":"Article","@id":"https:\/\/www.immobilienbusiness.ch\/en\/regionen\/2022-01-20\/bspf-kauft-gesundheitsimmobilien-in-basel\/#article","isPartOf":{"@id":"https:\/\/www.immobilienbusiness.ch\/en\/regionen\/2022-01-20\/bspf-kauft-gesundheitsimmobilien-in-basel\/"},"author":{"name":"anja.hall","@id":"https:\/\/www.immobilienbusiness.ch\/#\/schema\/person\/3fc036297b10b9f42d6db5ee932af8c8"},"headline":"BSPF kauft Gesundheitsimmobilien in Basel","datePublished":"2022-01-20T07:15:33+00:00","dateModified":"2022-01-20T08:28:23+00:00","mainEntityOfPage":{"@id":"https:\/\/www.immobilienbusiness.ch\/en\/regionen\/2022-01-20\/bspf-kauft-gesundheitsimmobilien-in-basel\/"},"wordCount":211,"publisher":{"@id":"https:\/\/www.immobilienbusiness.ch\/#organization"},"image":{"@id":"https:\/\/www.immobilienbusiness.ch\/en\/regionen\/2022-01-20\/bspf-kauft-gesundheitsimmobilien-in-basel\/#primaryimage"},"thumbnailUrl":"https:\/\/www.immobilienbusiness.ch\/wp-content\/uploads\/2018\/12\/Depositphotos_102733216_m-2015.jpg","keywords":["Baloise","Basel","Gesundheitsimmobilien","Immobilienfonds","Immobilienkauf"],"articleSection":["REGIONEN"],"inLanguage":"de"},{"@type":"WebPage","@id":"https:\/\/www.immobilienbusiness.ch\/en\/regionen\/2022-01-20\/bspf-kauft-gesundheitsimmobilien-in-basel\/","url":"https:\/\/www.immobilienbusiness.ch\/en\/regionen\/2022-01-20\/bspf-kauft-gesundheitsimmobilien-in-basel\/","name":"BSPF kauft Gesundheitsimmobilien in Basel - IMMOBILIEN Business","isPartOf":{"@id":"https:\/\/www.immobilienbusiness.ch\/#website"},"primaryImageOfPage":{"@id":"https:\/\/www.immobilienbusiness.ch\/en\/regionen\/2022-01-20\/bspf-kauft-gesundheitsimmobilien-in-basel\/#primaryimage"},"image":{"@id":"https:\/\/www.immobilienbusiness.ch\/en\/regionen\/2022-01-20\/bspf-kauft-gesundheitsimmobilien-in-basel\/#primaryimage"},"thumbnailUrl":"https:\/\/www.immobilienbusiness.ch\/wp-content\/uploads\/2018\/12\/Depositphotos_102733216_m-2015.jpg","datePublished":"2022-01-20T07:15:33+00:00","dateModified":"2022-01-20T08:28:23+00:00","description":"Der Baloise Swiss Property Fund hat per Sale-and-Rent-back-Transaktion drei Liegenschaften in der Basler City erworben.","breadcrumb":{"@id":"https:\/\/www.immobilienbusiness.ch\/en\/regionen\/2022-01-20\/bspf-kauft-gesundheitsimmobilien-in-basel\/#breadcrumb"},"inLanguage":"de","potentialAction":[{"@type":"ReadAction","target":["https:\/\/www.immobilienbusiness.ch\/en\/regionen\/2022-01-20\/bspf-kauft-gesundheitsimmobilien-in-basel\/"]}]},{"@type":"ImageObject","inLanguage":"de","@id":"https:\/\/www.immobilienbusiness.ch\/en\/regionen\/2022-01-20\/bspf-kauft-gesundheitsimmobilien-in-basel\/#primaryimage","url":"https:\/\/www.immobilienbusiness.ch\/wp-content\/uploads\/2018\/12\/Depositphotos_102733216_m-2015.jpg","contentUrl":"https:\/\/www.immobilienbusiness.ch\/wp-content\/uploads\/2018\/12\/Depositphotos_102733216_m-2015.jpg","width":999,"height":645,"caption":"Basel (Bild: happyalex - depositphotos)"},{"@type":"BreadcrumbList","@id":"https:\/\/www.immobilienbusiness.ch\/en\/regionen\/2022-01-20\/bspf-kauft-gesundheitsimmobilien-in-basel\/#breadcrumb","itemListElement":[{"@type":"ListItem","position":1,"name":"Home","item":"https:\/\/www.immobilienbusiness.ch\/"},{"@type":"ListItem","position":2,"name":"BSPF kauft Gesundheitsimmobilien in Basel"}]},{"@type":"WebSite","@id":"https:\/\/www.immobilienbusiness.ch\/#website","url":"https:\/\/www.immobilienbusiness.ch\/","name":"IMMOBILIEN Business","description":"Unabh\u00e4ngiges Schweizer Wirtschaftsmagazin mit Fokus auf Immobilien, Architektur- und Bau sowie Investment- und Finanzierung.","publisher":{"@id":"https:\/\/www.immobilienbusiness.ch\/#organization"},"potentialAction":[{"@type":"SearchAction","target":{"@type":"EntryPoint","urlTemplate":"https:\/\/www.immobilienbusiness.ch\/?s={search_term_string}"},"query-input":{"@type":"PropertyValueSpecification","valueRequired":true,"valueName":"search_term_string"}}],"inLanguage":"de"},{"@type":"Organization","@id":"https:\/\/www.immobilienbusiness.ch\/#organization","name":"IMMOBILIEN Business","url":"https:\/\/www.immobilienbusiness.ch\/","logo":{"@type":"ImageObject","inLanguage":"de","@id":"https:\/\/www.immobilienbusiness.ch\/#\/schema\/logo\/image\/","url":"https:\/\/www.immobilienbusiness.ch\/wp-content\/uploads\/2021\/07\/logo_ib.png","contentUrl":"https:\/\/www.immobilienbusiness.ch\/wp-content\/uploads\/2021\/07\/logo_ib.png","width":800,"height":181,"caption":"IMMOBILIEN Business"},"image":{"@id":"https:\/\/www.immobilienbusiness.ch\/#\/schema\/logo\/image\/"},"sameAs":["https:\/\/www.facebook.com\/immobilienbusiness\/"]},{"@type":"Person","@id":"https:\/\/www.immobilienbusiness.ch\/#\/schema\/person\/3fc036297b10b9f42d6db5ee932af8c8","name":"anja.hall","image":{"@type":"ImageObject","inLanguage":"de","@id":"https:\/\/secure.gravatar.com\/avatar\/066b5a0d447013502c71a5782f4f3469f03cfe595cc2329fb94652fe47511bfb?s=96&d=mm&r=g","url":"https:\/\/secure.gravatar.com\/avatar\/066b5a0d447013502c71a5782f4f3469f03cfe595cc2329fb94652fe47511bfb?s=96&d=mm&r=g","contentUrl":"https:\/\/secure.gravatar.com\/avatar\/066b5a0d447013502c71a5782f4f3469f03cfe595cc2329fb94652fe47511bfb?s=96&d=mm&r=g","caption":"anja.hall"},"url":"https:\/\/www.immobilienbusiness.ch\/de\/author\/anja-hall\/"}]}},"_links":{"self":[{"href":"https:\/\/www.immobilienbusiness.ch\/de\/wp-json\/wp\/v2\/posts\/39730","targetHints":{"allow":["GET"]}}],"collection":[{"href":"https:\/\/www.immobilienbusiness.ch\/de\/wp-json\/wp\/v2\/posts"}],"about":[{"href":"https:\/\/www.immobilienbusiness.ch\/de\/wp-json\/wp\/v2\/types\/post"}],"author":[{"embeddable":true,"href":"https:\/\/www.immobilienbusiness.ch\/de\/wp-json\/wp\/v2\/users\/3"}],"replies":[{"embeddable":true,"href":"https:\/\/www.immobilienbusiness.ch\/de\/wp-json\/wp\/v2\/comments?post=39730"}],"version-history":[{"count":3,"href":"https:\/\/www.immobilienbusiness.ch\/de\/wp-json\/wp\/v2\/posts\/39730\/revisions"}],"predecessor-version":[{"id":39746,"href":"https:\/\/www.immobilienbusiness.ch\/de\/wp-json\/wp\/v2\/posts\/39730\/revisions\/39746"}],"wp:featuredmedia":[{"embeddable":true,"href":"https:\/\/www.immobilienbusiness.ch\/de\/wp-json\/wp\/v2\/media\/15184"}],"wp:attachment":[{"href":"https:\/\/www.immobilienbusiness.ch\/de\/wp-json\/wp\/v2\/media?parent=39730"}],"wp:term":[{"taxonomy":"category","embeddable":true,"href":"https:\/\/www.immobilienbusiness.ch\/de\/wp-json\/wp\/v2\/categories?post=39730"},{"taxonomy":"post_tag","embeddable":true,"href":"https:\/\/www.immobilienbusiness.ch\/de\/wp-json\/wp\/v2\/tags?post=39730"}],"curies":[{"name":"wp","href":"https:\/\/api.w.org\/{rel}","templated":true}]}}