{"id":39567,"date":"2022-01-03T08:51:50","date_gmt":"2022-01-03T07:51:50","guid":{"rendered":"https:\/\/www.immobilienbusiness.ch\/?p=39567"},"modified":"2022-01-03T08:51:50","modified_gmt":"2022-01-03T07:51:50","slug":"abau-plant-ersatzneubau-in-der-telli-in-aarau","status":"publish","type":"post","link":"https:\/\/www.immobilienbusiness.ch\/de\/regionen\/2022-01-03\/abau-plant-ersatzneubau-in-der-telli-in-aarau\/","title":{"rendered":"Abau plant Ersatzneubau in der Telli in Aarau"},"content":{"rendered":"<div class=\"quickedit-field\" data-quickedit-field-id=\"node\/6644\/field_content\/de\/full\">\n<div>\n<div class=\"paragraph paragraph--type--text paragraph--view-mode--default\" data-quickedit-entity-id=\"paragraph\/6824\" data-quickedit-entity-instance-id=\"0\">\n<div data-quickedit-field-id=\"paragraph\/6824\/field_text\/de\/default\">\n<figure id=\"attachment_17423\" aria-describedby=\"caption-attachment-17423\" style=\"width: 648px\" class=\"wp-caption alignnone\"><img loading=\"lazy\" decoding=\"async\" class=\"wp-image-17423 size-full\" src=\"https:\/\/www.immobilienbusiness.ch\/wp-content\/uploads\/2019\/06\/Coverbild-neu-Schweizer-Immobilienbrief-282.jpg\" alt=\"\" width=\"648\" height=\"432\" srcset=\"https:\/\/www.immobilienbusiness.ch\/wp-content\/uploads\/2019\/06\/Coverbild-neu-Schweizer-Immobilienbrief-282.jpg 648w, https:\/\/www.immobilienbusiness.ch\/wp-content\/uploads\/2019\/06\/Coverbild-neu-Schweizer-Immobilienbrief-282-300x200.jpg 300w, https:\/\/www.immobilienbusiness.ch\/wp-content\/uploads\/2019\/06\/Coverbild-neu-Schweizer-Immobilienbrief-282-16x12.jpg 16w, https:\/\/www.immobilienbusiness.ch\/wp-content\/uploads\/2019\/06\/Coverbild-neu-Schweizer-Immobilienbrief-282-263x175.jpg 263w, https:\/\/www.immobilienbusiness.ch\/wp-content\/uploads\/2019\/06\/Coverbild-neu-Schweizer-Immobilienbrief-282-525x350.jpg 525w\" sizes=\"auto, (max-width: 648px) 100vw, 648px\" \/><figcaption id=\"caption-attachment-17423\" class=\"wp-caption-text\">Die Abau plant Ersatzneubauten f\u00fcr ihre Siedlung Telli in Aarau (Bild: Minervastock\/Depositphotos)<\/figcaption><\/figure>\n<p>Die Siedlung Telli der Genossenschaft Abau liegt zwischen Girixweg, Maienzugstrasse, Eversweg und Aurorastrasse und wird vom M\u00fchlbergweg durchschnitten. Die Abau hat den M\u00fchlbergweg von der Stadt Aarau erworben und will ihn autofrei gestalten, um die Einheit der Siedlung zu st\u00e4rken. Doch es sind weitere Neuerungen geplant: Ausgangspunkt der Siedlungsentwicklung war ein Ersatzneubau aus dem Jahr 2003 in der S\u00fcdwestecke am Eversweg 2. Nun l\u00e4utet die Abau die n\u00e4chste Phase ein: Die Wohnbauten aus den fr\u00fchen 1950er Jahren westlich des M\u00fchlbergwegs sollen durch einen Neubau ersetzt.<\/p>\n<p>Das Projekt sieht zwei viergeschossige Bauk\u00f6rper vor, die \u00fcber einen verbindenden Laubengang einen Gr\u00fcnraum im Herzen der Siedlung schaffen. Hier soll u.a. ein Gemeinschaftshaus entstehen. Insgesamt werden 42 Wohnungen mit Gr\u00f6ssen von 2,5 bis 6,5 Zimmern erstellt. Vorgesehen sind ferner eine Einstellhalle und eine erdgeschossige, gedeckte Halle f\u00fcr Zweir\u00e4der.<\/p>\n<p>Die Baubewilligung wird f\u00fcr den Fr\u00fchling 2022 erwartet, Baustart soll im Winter 2022 sein. Im Sommer 2024 sind die Wohnungen voraussichtlich bezugsbereit. Die Anlagekosten liegen laut Abau bei 18,29 Mio. CHF. Ab 2045 will die Genossenschaft weiterbauen und dann die drei \u00f6stlichen Wohnzeilen ersetzen. <em>(ah)<\/em><\/p>\n<\/div>\n<\/div>\n<\/div>\n<\/div>\n","protected":false},"excerpt":{"rendered":"<p>Die Abau Allgemeine Wohnbaugenossenschaft Aarau und Umgebung will ihre Siedlung Telli entwickeln und die Wohnbauten westlich des M\u00fchlbergwegs durch einen Neubau ersetzen.<\/p>\n","protected":false},"author":3,"featured_media":17423,"comment_status":"closed","ping_status":"closed","sticky":false,"template":"","format":"standard","meta":{"_acf_changed":false,"_yoast_wpseo_focuskw":"Telli","_yoast_wpseo_title":"","_yoast_wpseo_metadesc":"Die Abau Allgemeine Wohnbaugenossenschaft Aarau und Umgebung will ihre Siedlung Telli entwickeln und einen Neubau erstellen.","_yoast_wpseo_linkdex":53,"pgc_sgb_lightbox_settings":"","footnotes":""},"categories":[985],"tags":[992,1600,1863],"class_list":["post-39567","post","type-post","status-publish","format-standard","has-post-thumbnail","hentry","category-regionen","tag-aarau","tag-projekt-in-planung","tag-wohnimmobilien"],"acf":[],"yoast_head":"<!-- This site is optimized with the Yoast SEO plugin v27.5 - https:\/\/yoast.com\/product\/yoast-seo-wordpress\/ -->\n<title>Abau plant Ersatzneubau in der Telli in Aarau - IMMOBILIEN Business<\/title>\n<meta name=\"description\" content=\"Die Abau Allgemeine Wohnbaugenossenschaft Aarau und Umgebung will ihre Siedlung Telli entwickeln und einen Neubau erstellen.\" \/>\n<meta name=\"robots\" content=\"index, follow, max-snippet:-1, max-image-preview:large, max-video-preview:-1\" \/>\n<link rel=\"canonical\" href=\"https:\/\/www.immobilienbusiness.ch\/de\/regionen\/2022-01-03\/abau-plant-ersatzneubau-in-der-telli-in-aarau\/\" \/>\n<meta property=\"og:locale\" content=\"de_DE\" \/>\n<meta property=\"og:type\" content=\"article\" \/>\n<meta property=\"og:title\" content=\"Abau plant Ersatzneubau in der Telli in Aarau - IMMOBILIEN Business\" \/>\n<meta property=\"og:description\" content=\"Die Abau Allgemeine Wohnbaugenossenschaft Aarau und Umgebung will ihre Siedlung Telli entwickeln und einen Neubau erstellen.\" \/>\n<meta property=\"og:url\" content=\"https:\/\/www.immobilienbusiness.ch\/de\/regionen\/2022-01-03\/abau-plant-ersatzneubau-in-der-telli-in-aarau\/\" \/>\n<meta property=\"og:site_name\" content=\"IMMOBILIEN Business\" \/>\n<meta property=\"article:publisher\" content=\"https:\/\/www.facebook.com\/immobilienbusiness\/\" \/>\n<meta property=\"article:published_time\" content=\"2022-01-03T07:51:50+00:00\" \/>\n<meta property=\"og:image\" content=\"https:\/\/www.immobilienbusiness.ch\/wp-content\/uploads\/2019\/06\/Coverbild-neu-Schweizer-Immobilienbrief-282.jpg\" \/>\n\t<meta property=\"og:image:width\" content=\"648\" \/>\n\t<meta property=\"og:image:height\" content=\"432\" \/>\n\t<meta property=\"og:image:type\" content=\"image\/jpeg\" \/>\n<meta name=\"author\" content=\"anja.hall\" \/>\n<meta name=\"twitter:card\" content=\"summary_large_image\" \/>\n<meta name=\"twitter:image\" content=\"https:\/\/www.immobilienbusiness.ch\/wp-content\/uploads\/2019\/06\/Coverbild-Schweizer-Immobilienbrief-282.jpg\" \/>\n<script type=\"application\/ld+json\" class=\"yoast-schema-graph\">{\"@context\":\"https:\\\/\\\/schema.org\",\"@graph\":[{\"@type\":\"Article\",\"@id\":\"https:\\\/\\\/www.immobilienbusiness.ch\\\/regionen\\\/2022-01-03\\\/abau-plant-ersatzneubau-in-der-telli-in-aarau\\\/#article\",\"isPartOf\":{\"@id\":\"https:\\\/\\\/www.immobilienbusiness.ch\\\/regionen\\\/2022-01-03\\\/abau-plant-ersatzneubau-in-der-telli-in-aarau\\\/\"},\"author\":{\"name\":\"anja.hall\",\"@id\":\"https:\\\/\\\/www.immobilienbusiness.ch\\\/#\\\/schema\\\/person\\\/3fc036297b10b9f42d6db5ee932af8c8\"},\"headline\":\"Abau plant Ersatzneubau in der Telli in Aarau\",\"datePublished\":\"2022-01-03T07:51:50+00:00\",\"mainEntityOfPage\":{\"@id\":\"https:\\\/\\\/www.immobilienbusiness.ch\\\/regionen\\\/2022-01-03\\\/abau-plant-ersatzneubau-in-der-telli-in-aarau\\\/\"},\"wordCount\":214,\"publisher\":{\"@id\":\"https:\\\/\\\/www.immobilienbusiness.ch\\\/#organization\"},\"image\":{\"@id\":\"https:\\\/\\\/www.immobilienbusiness.ch\\\/regionen\\\/2022-01-03\\\/abau-plant-ersatzneubau-in-der-telli-in-aarau\\\/#primaryimage\"},\"thumbnailUrl\":\"https:\\\/\\\/www.immobilienbusiness.ch\\\/wp-content\\\/uploads\\\/2019\\\/06\\\/Coverbild-neu-Schweizer-Immobilienbrief-282.jpg\",\"keywords\":[\"Aarau\",\"Projekt in Planung\",\"Wohnimmobilien\"],\"articleSection\":[\"REGIONEN\"],\"inLanguage\":\"de\"},{\"@type\":\"WebPage\",\"@id\":\"https:\\\/\\\/www.immobilienbusiness.ch\\\/regionen\\\/2022-01-03\\\/abau-plant-ersatzneubau-in-der-telli-in-aarau\\\/\",\"url\":\"https:\\\/\\\/www.immobilienbusiness.ch\\\/regionen\\\/2022-01-03\\\/abau-plant-ersatzneubau-in-der-telli-in-aarau\\\/\",\"name\":\"Abau plant Ersatzneubau in der Telli in Aarau - IMMOBILIEN Business\",\"isPartOf\":{\"@id\":\"https:\\\/\\\/www.immobilienbusiness.ch\\\/#website\"},\"primaryImageOfPage\":{\"@id\":\"https:\\\/\\\/www.immobilienbusiness.ch\\\/regionen\\\/2022-01-03\\\/abau-plant-ersatzneubau-in-der-telli-in-aarau\\\/#primaryimage\"},\"image\":{\"@id\":\"https:\\\/\\\/www.immobilienbusiness.ch\\\/regionen\\\/2022-01-03\\\/abau-plant-ersatzneubau-in-der-telli-in-aarau\\\/#primaryimage\"},\"thumbnailUrl\":\"https:\\\/\\\/www.immobilienbusiness.ch\\\/wp-content\\\/uploads\\\/2019\\\/06\\\/Coverbild-neu-Schweizer-Immobilienbrief-282.jpg\",\"datePublished\":\"2022-01-03T07:51:50+00:00\",\"description\":\"Die Abau Allgemeine Wohnbaugenossenschaft Aarau und Umgebung will ihre Siedlung Telli entwickeln und einen Neubau erstellen.\",\"breadcrumb\":{\"@id\":\"https:\\\/\\\/www.immobilienbusiness.ch\\\/regionen\\\/2022-01-03\\\/abau-plant-ersatzneubau-in-der-telli-in-aarau\\\/#breadcrumb\"},\"inLanguage\":\"de\",\"potentialAction\":[{\"@type\":\"ReadAction\",\"target\":[\"https:\\\/\\\/www.immobilienbusiness.ch\\\/regionen\\\/2022-01-03\\\/abau-plant-ersatzneubau-in-der-telli-in-aarau\\\/\"]}]},{\"@type\":\"ImageObject\",\"inLanguage\":\"de\",\"@id\":\"https:\\\/\\\/www.immobilienbusiness.ch\\\/regionen\\\/2022-01-03\\\/abau-plant-ersatzneubau-in-der-telli-in-aarau\\\/#primaryimage\",\"url\":\"https:\\\/\\\/www.immobilienbusiness.ch\\\/wp-content\\\/uploads\\\/2019\\\/06\\\/Coverbild-neu-Schweizer-Immobilienbrief-282.jpg\",\"contentUrl\":\"https:\\\/\\\/www.immobilienbusiness.ch\\\/wp-content\\\/uploads\\\/2019\\\/06\\\/Coverbild-neu-Schweizer-Immobilienbrief-282.jpg\",\"width\":648,\"height\":432,\"caption\":\"In Bern beginnt die n\u00e4chste Phase f\u00fcr ein geplantes Wohngebiet (Bild: Minervastock\\\/Depositphotos)\"},{\"@type\":\"BreadcrumbList\",\"@id\":\"https:\\\/\\\/www.immobilienbusiness.ch\\\/regionen\\\/2022-01-03\\\/abau-plant-ersatzneubau-in-der-telli-in-aarau\\\/#breadcrumb\",\"itemListElement\":[{\"@type\":\"ListItem\",\"position\":1,\"name\":\"Home\",\"item\":\"https:\\\/\\\/www.immobilienbusiness.ch\\\/\"},{\"@type\":\"ListItem\",\"position\":2,\"name\":\"Abau plant Ersatzneubau in der Telli in Aarau\"}]},{\"@type\":\"WebSite\",\"@id\":\"https:\\\/\\\/www.immobilienbusiness.ch\\\/#website\",\"url\":\"https:\\\/\\\/www.immobilienbusiness.ch\\\/\",\"name\":\"IMMOBILIEN Business\",\"description\":\"Unabh\u00e4ngiges Schweizer Wirtschaftsmagazin mit Fokus auf Immobilien, Architektur- und Bau sowie Investment- und Finanzierung.\",\"publisher\":{\"@id\":\"https:\\\/\\\/www.immobilienbusiness.ch\\\/#organization\"},\"potentialAction\":[{\"@type\":\"SearchAction\",\"target\":{\"@type\":\"EntryPoint\",\"urlTemplate\":\"https:\\\/\\\/www.immobilienbusiness.ch\\\/?s={search_term_string}\"},\"query-input\":{\"@type\":\"PropertyValueSpecification\",\"valueRequired\":true,\"valueName\":\"search_term_string\"}}],\"inLanguage\":\"de\"},{\"@type\":\"Organization\",\"@id\":\"https:\\\/\\\/www.immobilienbusiness.ch\\\/#organization\",\"name\":\"IMMOBILIEN Business\",\"url\":\"https:\\\/\\\/www.immobilienbusiness.ch\\\/\",\"logo\":{\"@type\":\"ImageObject\",\"inLanguage\":\"de\",\"@id\":\"https:\\\/\\\/www.immobilienbusiness.ch\\\/#\\\/schema\\\/logo\\\/image\\\/\",\"url\":\"https:\\\/\\\/www.immobilienbusiness.ch\\\/wp-content\\\/uploads\\\/2021\\\/07\\\/logo_ib.png\",\"contentUrl\":\"https:\\\/\\\/www.immobilienbusiness.ch\\\/wp-content\\\/uploads\\\/2021\\\/07\\\/logo_ib.png\",\"width\":800,\"height\":181,\"caption\":\"IMMOBILIEN Business\"},\"image\":{\"@id\":\"https:\\\/\\\/www.immobilienbusiness.ch\\\/#\\\/schema\\\/logo\\\/image\\\/\"},\"sameAs\":[\"https:\\\/\\\/www.facebook.com\\\/immobilienbusiness\\\/\"]},{\"@type\":\"Person\",\"@id\":\"https:\\\/\\\/www.immobilienbusiness.ch\\\/#\\\/schema\\\/person\\\/3fc036297b10b9f42d6db5ee932af8c8\",\"name\":\"anja.hall\",\"image\":{\"@type\":\"ImageObject\",\"inLanguage\":\"de\",\"@id\":\"https:\\\/\\\/secure.gravatar.com\\\/avatar\\\/066b5a0d447013502c71a5782f4f3469f03cfe595cc2329fb94652fe47511bfb?s=96&d=mm&r=g\",\"url\":\"https:\\\/\\\/secure.gravatar.com\\\/avatar\\\/066b5a0d447013502c71a5782f4f3469f03cfe595cc2329fb94652fe47511bfb?s=96&d=mm&r=g\",\"contentUrl\":\"https:\\\/\\\/secure.gravatar.com\\\/avatar\\\/066b5a0d447013502c71a5782f4f3469f03cfe595cc2329fb94652fe47511bfb?s=96&d=mm&r=g\",\"caption\":\"anja.hall\"},\"url\":\"https:\\\/\\\/www.immobilienbusiness.ch\\\/de\\\/author\\\/anja-hall\\\/\"}]}<\/script>\n<!-- \/ Yoast SEO plugin. -->","yoast_head_json":{"title":"Abau plant Ersatzneubau in der Telli in Aarau - IMMOBILIEN Business","description":"Die Abau Allgemeine Wohnbaugenossenschaft Aarau und Umgebung will ihre Siedlung Telli entwickeln und einen Neubau erstellen.","robots":{"index":"index","follow":"follow","max-snippet":"max-snippet:-1","max-image-preview":"max-image-preview:large","max-video-preview":"max-video-preview:-1"},"canonical":"https:\/\/www.immobilienbusiness.ch\/de\/regionen\/2022-01-03\/abau-plant-ersatzneubau-in-der-telli-in-aarau\/","og_locale":"de_DE","og_type":"article","og_title":"Abau plant Ersatzneubau in der Telli in Aarau - IMMOBILIEN Business","og_description":"Die Abau Allgemeine Wohnbaugenossenschaft Aarau und Umgebung will ihre Siedlung Telli entwickeln und einen Neubau erstellen.","og_url":"https:\/\/www.immobilienbusiness.ch\/de\/regionen\/2022-01-03\/abau-plant-ersatzneubau-in-der-telli-in-aarau\/","og_site_name":"IMMOBILIEN Business","article_publisher":"https:\/\/www.facebook.com\/immobilienbusiness\/","article_published_time":"2022-01-03T07:51:50+00:00","og_image":[{"width":648,"height":432,"url":"https:\/\/www.immobilienbusiness.ch\/wp-content\/uploads\/2019\/06\/Coverbild-neu-Schweizer-Immobilienbrief-282.jpg","type":"image\/jpeg"}],"author":"anja.hall","twitter_card":"summary_large_image","twitter_image":"https:\/\/www.immobilienbusiness.ch\/wp-content\/uploads\/2019\/06\/Coverbild-Schweizer-Immobilienbrief-282.jpg","schema":{"@context":"https:\/\/schema.org","@graph":[{"@type":"Article","@id":"https:\/\/www.immobilienbusiness.ch\/regionen\/2022-01-03\/abau-plant-ersatzneubau-in-der-telli-in-aarau\/#article","isPartOf":{"@id":"https:\/\/www.immobilienbusiness.ch\/regionen\/2022-01-03\/abau-plant-ersatzneubau-in-der-telli-in-aarau\/"},"author":{"name":"anja.hall","@id":"https:\/\/www.immobilienbusiness.ch\/#\/schema\/person\/3fc036297b10b9f42d6db5ee932af8c8"},"headline":"Abau plant Ersatzneubau in der Telli in Aarau","datePublished":"2022-01-03T07:51:50+00:00","mainEntityOfPage":{"@id":"https:\/\/www.immobilienbusiness.ch\/regionen\/2022-01-03\/abau-plant-ersatzneubau-in-der-telli-in-aarau\/"},"wordCount":214,"publisher":{"@id":"https:\/\/www.immobilienbusiness.ch\/#organization"},"image":{"@id":"https:\/\/www.immobilienbusiness.ch\/regionen\/2022-01-03\/abau-plant-ersatzneubau-in-der-telli-in-aarau\/#primaryimage"},"thumbnailUrl":"https:\/\/www.immobilienbusiness.ch\/wp-content\/uploads\/2019\/06\/Coverbild-neu-Schweizer-Immobilienbrief-282.jpg","keywords":["Aarau","Projekt in Planung","Wohnimmobilien"],"articleSection":["REGIONEN"],"inLanguage":"de"},{"@type":"WebPage","@id":"https:\/\/www.immobilienbusiness.ch\/regionen\/2022-01-03\/abau-plant-ersatzneubau-in-der-telli-in-aarau\/","url":"https:\/\/www.immobilienbusiness.ch\/regionen\/2022-01-03\/abau-plant-ersatzneubau-in-der-telli-in-aarau\/","name":"Abau plant Ersatzneubau in der Telli in Aarau - IMMOBILIEN Business","isPartOf":{"@id":"https:\/\/www.immobilienbusiness.ch\/#website"},"primaryImageOfPage":{"@id":"https:\/\/www.immobilienbusiness.ch\/regionen\/2022-01-03\/abau-plant-ersatzneubau-in-der-telli-in-aarau\/#primaryimage"},"image":{"@id":"https:\/\/www.immobilienbusiness.ch\/regionen\/2022-01-03\/abau-plant-ersatzneubau-in-der-telli-in-aarau\/#primaryimage"},"thumbnailUrl":"https:\/\/www.immobilienbusiness.ch\/wp-content\/uploads\/2019\/06\/Coverbild-neu-Schweizer-Immobilienbrief-282.jpg","datePublished":"2022-01-03T07:51:50+00:00","description":"Die Abau Allgemeine Wohnbaugenossenschaft Aarau und Umgebung will ihre Siedlung Telli entwickeln und einen Neubau erstellen.","breadcrumb":{"@id":"https:\/\/www.immobilienbusiness.ch\/regionen\/2022-01-03\/abau-plant-ersatzneubau-in-der-telli-in-aarau\/#breadcrumb"},"inLanguage":"de","potentialAction":[{"@type":"ReadAction","target":["https:\/\/www.immobilienbusiness.ch\/regionen\/2022-01-03\/abau-plant-ersatzneubau-in-der-telli-in-aarau\/"]}]},{"@type":"ImageObject","inLanguage":"de","@id":"https:\/\/www.immobilienbusiness.ch\/regionen\/2022-01-03\/abau-plant-ersatzneubau-in-der-telli-in-aarau\/#primaryimage","url":"https:\/\/www.immobilienbusiness.ch\/wp-content\/uploads\/2019\/06\/Coverbild-neu-Schweizer-Immobilienbrief-282.jpg","contentUrl":"https:\/\/www.immobilienbusiness.ch\/wp-content\/uploads\/2019\/06\/Coverbild-neu-Schweizer-Immobilienbrief-282.jpg","width":648,"height":432,"caption":"In Bern beginnt die n\u00e4chste Phase f\u00fcr ein geplantes Wohngebiet (Bild: Minervastock\/Depositphotos)"},{"@type":"BreadcrumbList","@id":"https:\/\/www.immobilienbusiness.ch\/regionen\/2022-01-03\/abau-plant-ersatzneubau-in-der-telli-in-aarau\/#breadcrumb","itemListElement":[{"@type":"ListItem","position":1,"name":"Home","item":"https:\/\/www.immobilienbusiness.ch\/"},{"@type":"ListItem","position":2,"name":"Abau plant Ersatzneubau in der Telli in Aarau"}]},{"@type":"WebSite","@id":"https:\/\/www.immobilienbusiness.ch\/#website","url":"https:\/\/www.immobilienbusiness.ch\/","name":"IMMOBILIEN Business","description":"Unabh\u00e4ngiges Schweizer Wirtschaftsmagazin mit Fokus auf Immobilien, Architektur- und Bau sowie Investment- und Finanzierung.","publisher":{"@id":"https:\/\/www.immobilienbusiness.ch\/#organization"},"potentialAction":[{"@type":"SearchAction","target":{"@type":"EntryPoint","urlTemplate":"https:\/\/www.immobilienbusiness.ch\/?s={search_term_string}"},"query-input":{"@type":"PropertyValueSpecification","valueRequired":true,"valueName":"search_term_string"}}],"inLanguage":"de"},{"@type":"Organization","@id":"https:\/\/www.immobilienbusiness.ch\/#organization","name":"IMMOBILIEN Business","url":"https:\/\/www.immobilienbusiness.ch\/","logo":{"@type":"ImageObject","inLanguage":"de","@id":"https:\/\/www.immobilienbusiness.ch\/#\/schema\/logo\/image\/","url":"https:\/\/www.immobilienbusiness.ch\/wp-content\/uploads\/2021\/07\/logo_ib.png","contentUrl":"https:\/\/www.immobilienbusiness.ch\/wp-content\/uploads\/2021\/07\/logo_ib.png","width":800,"height":181,"caption":"IMMOBILIEN Business"},"image":{"@id":"https:\/\/www.immobilienbusiness.ch\/#\/schema\/logo\/image\/"},"sameAs":["https:\/\/www.facebook.com\/immobilienbusiness\/"]},{"@type":"Person","@id":"https:\/\/www.immobilienbusiness.ch\/#\/schema\/person\/3fc036297b10b9f42d6db5ee932af8c8","name":"anja.hall","image":{"@type":"ImageObject","inLanguage":"de","@id":"https:\/\/secure.gravatar.com\/avatar\/066b5a0d447013502c71a5782f4f3469f03cfe595cc2329fb94652fe47511bfb?s=96&d=mm&r=g","url":"https:\/\/secure.gravatar.com\/avatar\/066b5a0d447013502c71a5782f4f3469f03cfe595cc2329fb94652fe47511bfb?s=96&d=mm&r=g","contentUrl":"https:\/\/secure.gravatar.com\/avatar\/066b5a0d447013502c71a5782f4f3469f03cfe595cc2329fb94652fe47511bfb?s=96&d=mm&r=g","caption":"anja.hall"},"url":"https:\/\/www.immobilienbusiness.ch\/de\/author\/anja-hall\/"}]}},"_links":{"self":[{"href":"https:\/\/www.immobilienbusiness.ch\/de\/wp-json\/wp\/v2\/posts\/39567","targetHints":{"allow":["GET"]}}],"collection":[{"href":"https:\/\/www.immobilienbusiness.ch\/de\/wp-json\/wp\/v2\/posts"}],"about":[{"href":"https:\/\/www.immobilienbusiness.ch\/de\/wp-json\/wp\/v2\/types\/post"}],"author":[{"embeddable":true,"href":"https:\/\/www.immobilienbusiness.ch\/de\/wp-json\/wp\/v2\/users\/3"}],"replies":[{"embeddable":true,"href":"https:\/\/www.immobilienbusiness.ch\/de\/wp-json\/wp\/v2\/comments?post=39567"}],"version-history":[{"count":1,"href":"https:\/\/www.immobilienbusiness.ch\/de\/wp-json\/wp\/v2\/posts\/39567\/revisions"}],"predecessor-version":[{"id":39568,"href":"https:\/\/www.immobilienbusiness.ch\/de\/wp-json\/wp\/v2\/posts\/39567\/revisions\/39568"}],"wp:featuredmedia":[{"embeddable":true,"href":"https:\/\/www.immobilienbusiness.ch\/de\/wp-json\/wp\/v2\/media\/17423"}],"wp:attachment":[{"href":"https:\/\/www.immobilienbusiness.ch\/de\/wp-json\/wp\/v2\/media?parent=39567"}],"wp:term":[{"taxonomy":"category","embeddable":true,"href":"https:\/\/www.immobilienbusiness.ch\/de\/wp-json\/wp\/v2\/categories?post=39567"},{"taxonomy":"post_tag","embeddable":true,"href":"https:\/\/www.immobilienbusiness.ch\/de\/wp-json\/wp\/v2\/tags?post=39567"}],"curies":[{"name":"wp","href":"https:\/\/api.w.org\/{rel}","templated":true}]}}