{"id":3942,"date":"2016-09-13T10:05:30","date_gmt":"2016-09-13T08:05:30","guid":{"rendered":"http:\/\/dev.immobilienbusiness.ch\/?p=3942"},"modified":"2016-09-13T10:05:30","modified_gmt":"2016-09-13T08:05:30","slug":"luzern-aus-fuer-salle-modulable","status":"publish","type":"post","link":"https:\/\/www.immobilienbusiness.ch\/de\/allgemein\/2016-09-13\/luzern-aus-fuer-salle-modulable\/","title":{"rendered":"Luzern: Aus f\u00fcr Salle Modulable"},"content":{"rendered":"<figure id=\"attachment_3945\" aria-describedby=\"caption-attachment-3945\" style=\"width: 680px\" class=\"wp-caption alignnone\"><img loading=\"lazy\" decoding=\"async\" class=\"size-medium wp-image-3945\" src=\"https:\/\/immobilienbusiness.ch\/wp-content\/uploads\/2016\/12\/Luzern-Aus-f\u00fcr-Salle-Modulable-immobilien-business.jpg\" alt=\"Die Salle Modulable auf dem Inseli wird nicht realisiert (Visualisierung: sallemodulable.ch)\" width=\"680\" height=\"385\" \/><figcaption id=\"caption-attachment-3945\" class=\"wp-caption-text\">Die Salle Modulable auf dem Inseli wird nicht realisiert (Visualisierung: sallemodulable.ch)<\/figcaption><\/figure>\n<p>Laut Medienberichten argumentierten die Gegner v.a. mit den hohen Kosten von 208 Millionen CHF. Zudem sei der Trust, der das Verm\u00f6gen des M\u00e4zens Christoph Engelhorn verwaltet und 80 Millionen CHF beisteuern will, \u00abintransparent\u00bb und \u00abundemokratisch\u00bb. Die Bef\u00fcrworter sprachen von einer einmaligen Chance f\u00fcr den Kultur- und Tourismusstandort Luzern.<\/p>\n<p><a href=\"https:\/\/immobilien-business.hamster.ch\/inseli-in-luzern-wird-theater-standort\" target=\"_blank\" rel=\"noreferrer noopener\" data-cke-saved-href=\"https:\/\/immobilien-business.hamster.ch\/inseli-in-luzern-wird-theater-standort\">Das neue Theater sollte einen flexiblen grossen Saal, einen kleineren Auff\u00fchrungssaal sowie vier Studios umfassen. Gem\u00e4ss Machbarkeitsstudie war geplant, den gesamte Inseli-Park zu einem \u00aburbanen Raum mit kultureller Ausrichtung\u00bb aufzuwerten.<\/a><\/p>\n<p>Die Stiftung Salle Modulable bedauert den Projektabbruch und gibt sich entt\u00e4uscht. \u00abDer Entscheid ist leider kurzsichtig und mutlos\u00bb, l\u00e4sst sich Stiftungsratspr\u00e4sident Hubert Achermann in einer Medienmitteilung zitieren. Das Projekt h\u00e4tte es verdient gehabt, dass man die offenen Fragen kl\u00e4re und nach der Projektierung die Bev\u00f6lkerung entscheiden lasse, meint er. (ah)<\/p>\n","protected":false},"excerpt":{"rendered":"<p>Der Luzerner Kantonsrat hat den Planungskredit f\u00fcr das geplante Theater Salle Modulable abgelehnt. Damit wird das Grossprojekt auf dem Inseli neben dem Konzerthaus KKL nicht realisiert.<\/p>\n","protected":false},"author":1,"featured_media":3945,"comment_status":"open","ping_status":"open","sticky":false,"template":"","format":"standard","meta":{"_acf_changed":false,"_yoast_wpseo_focuskw":"Salle Modulable","_yoast_wpseo_title":"","_yoast_wpseo_metadesc":"Der Luzerner Kantonsrat hat den Planungskredit f\u00fcr das geplante Theater Salle Modulable abgelehnt. Damit wird das Grossprojekt nicht realisiert.","_yoast_wpseo_linkdex":78,"pgc_sgb_lightbox_settings":"","footnotes":""},"categories":[1],"tags":[1459],"class_list":["post-3942","post","type-post","status-publish","format-standard","has-post-thumbnail","hentry","category-allgemein","tag-luzern"],"acf":[],"yoast_head":"<!-- This site is optimized with the Yoast SEO plugin v27.4 - https:\/\/yoast.com\/product\/yoast-seo-wordpress\/ -->\n<title>Luzern: Aus f\u00fcr Salle Modulable - IMMOBILIEN Business<\/title>\n<meta name=\"description\" content=\"Der Luzerner Kantonsrat hat den Planungskredit f\u00fcr das geplante Theater Salle Modulable abgelehnt. Damit wird das Grossprojekt nicht realisiert.\" \/>\n<meta name=\"robots\" content=\"index, follow, max-snippet:-1, max-image-preview:large, max-video-preview:-1\" \/>\n<link rel=\"canonical\" href=\"https:\/\/www.immobilienbusiness.ch\/de\/allgemein\/2016-09-13\/luzern-aus-fuer-salle-modulable\/\" \/>\n<meta property=\"og:locale\" content=\"de_DE\" \/>\n<meta property=\"og:type\" content=\"article\" \/>\n<meta property=\"og:title\" content=\"Luzern: Aus f\u00fcr Salle Modulable\" \/>\n<meta property=\"og:description\" content=\"Der Luzerner Kantonsrat hat den Planungskredit f\u00fcr das geplante Theater Salle Modulable abgelehnt. Damit wird das Grossprojekt auf dem Inseli neben dem Konzerthaus KKL nicht realisiert.\" \/>\n<meta property=\"og:url\" content=\"https:\/\/www.immobilienbusiness.ch\/de\/allgemein\/2016-09-13\/luzern-aus-fuer-salle-modulable\/\" \/>\n<meta property=\"og:site_name\" content=\"IMMOBILIEN Business\" \/>\n<meta property=\"article:publisher\" content=\"https:\/\/www.facebook.com\/immobilienbusiness\/\" \/>\n<meta property=\"article:published_time\" content=\"2016-09-13T08:05:30+00:00\" \/>\n<meta name=\"author\" content=\"Redaktion\" \/>\n<meta name=\"twitter:card\" content=\"summary_large_image\" \/>\n<meta name=\"twitter:image\" content=\"https:\/\/www.immobilienbusiness.ch\/wp-content\/uploads\/2016\/12\/Luzern-Aus-fuer-Salle-Modulable-immobilien-business.jpg\" \/>\n<script type=\"application\/ld+json\" class=\"yoast-schema-graph\">{\"@context\":\"https:\\\/\\\/schema.org\",\"@graph\":[{\"@type\":\"Article\",\"@id\":\"https:\\\/\\\/www.immobilienbusiness.ch\\\/de\\\/allgemein\\\/2016-09-13\\\/luzern-aus-fuer-salle-modulable\\\/#article\",\"isPartOf\":{\"@id\":\"https:\\\/\\\/www.immobilienbusiness.ch\\\/de\\\/allgemein\\\/2016-09-13\\\/luzern-aus-fuer-salle-modulable\\\/\"},\"author\":{\"name\":\"Redaktion\",\"@id\":\"https:\\\/\\\/www.immobilienbusiness.ch\\\/#\\\/schema\\\/person\\\/aa2bace6c5c5aad60102004a50c4eb1c\"},\"headline\":\"Luzern: Aus f\u00fcr Salle Modulable\",\"datePublished\":\"2016-09-13T08:05:30+00:00\",\"mainEntityOfPage\":{\"@id\":\"https:\\\/\\\/www.immobilienbusiness.ch\\\/de\\\/allgemein\\\/2016-09-13\\\/luzern-aus-fuer-salle-modulable\\\/\"},\"wordCount\":164,\"commentCount\":0,\"publisher\":{\"@id\":\"https:\\\/\\\/www.immobilienbusiness.ch\\\/#organization\"},\"image\":{\"@id\":\"https:\\\/\\\/www.immobilienbusiness.ch\\\/de\\\/allgemein\\\/2016-09-13\\\/luzern-aus-fuer-salle-modulable\\\/#primaryimage\"},\"thumbnailUrl\":\"https:\\\/\\\/www.immobilienbusiness.ch\\\/wp-content\\\/uploads\\\/2016\\\/12\\\/Luzern-Aus-fuer-Salle-Modulable-immobilien-business.jpg\",\"keywords\":[\"Luzern\"],\"inLanguage\":\"de\"},{\"@type\":\"WebPage\",\"@id\":\"https:\\\/\\\/www.immobilienbusiness.ch\\\/de\\\/allgemein\\\/2016-09-13\\\/luzern-aus-fuer-salle-modulable\\\/\",\"url\":\"https:\\\/\\\/www.immobilienbusiness.ch\\\/de\\\/allgemein\\\/2016-09-13\\\/luzern-aus-fuer-salle-modulable\\\/\",\"name\":\"Luzern: Aus f\u00fcr Salle Modulable - IMMOBILIEN Business\",\"isPartOf\":{\"@id\":\"https:\\\/\\\/www.immobilienbusiness.ch\\\/#website\"},\"primaryImageOfPage\":{\"@id\":\"https:\\\/\\\/www.immobilienbusiness.ch\\\/de\\\/allgemein\\\/2016-09-13\\\/luzern-aus-fuer-salle-modulable\\\/#primaryimage\"},\"image\":{\"@id\":\"https:\\\/\\\/www.immobilienbusiness.ch\\\/de\\\/allgemein\\\/2016-09-13\\\/luzern-aus-fuer-salle-modulable\\\/#primaryimage\"},\"thumbnailUrl\":\"https:\\\/\\\/www.immobilienbusiness.ch\\\/wp-content\\\/uploads\\\/2016\\\/12\\\/Luzern-Aus-fuer-Salle-Modulable-immobilien-business.jpg\",\"datePublished\":\"2016-09-13T08:05:30+00:00\",\"description\":\"Der Luzerner Kantonsrat hat den Planungskredit f\u00fcr das geplante Theater Salle Modulable abgelehnt. Damit wird das Grossprojekt nicht realisiert.\",\"breadcrumb\":{\"@id\":\"https:\\\/\\\/www.immobilienbusiness.ch\\\/de\\\/allgemein\\\/2016-09-13\\\/luzern-aus-fuer-salle-modulable\\\/#breadcrumb\"},\"inLanguage\":\"de\",\"potentialAction\":[{\"@type\":\"ReadAction\",\"target\":[\"https:\\\/\\\/www.immobilienbusiness.ch\\\/de\\\/allgemein\\\/2016-09-13\\\/luzern-aus-fuer-salle-modulable\\\/\"]}]},{\"@type\":\"ImageObject\",\"inLanguage\":\"de\",\"@id\":\"https:\\\/\\\/www.immobilienbusiness.ch\\\/de\\\/allgemein\\\/2016-09-13\\\/luzern-aus-fuer-salle-modulable\\\/#primaryimage\",\"url\":\"https:\\\/\\\/www.immobilienbusiness.ch\\\/wp-content\\\/uploads\\\/2016\\\/12\\\/Luzern-Aus-fuer-Salle-Modulable-immobilien-business.jpg\",\"contentUrl\":\"https:\\\/\\\/www.immobilienbusiness.ch\\\/wp-content\\\/uploads\\\/2016\\\/12\\\/Luzern-Aus-fuer-Salle-Modulable-immobilien-business.jpg\",\"width\":1237,\"height\":701,\"caption\":\"Die Salle Modulable auf dem Inseli wird nicht realisiert (Visualisierung: sallemodulable.ch)\"},{\"@type\":\"BreadcrumbList\",\"@id\":\"https:\\\/\\\/www.immobilienbusiness.ch\\\/de\\\/allgemein\\\/2016-09-13\\\/luzern-aus-fuer-salle-modulable\\\/#breadcrumb\",\"itemListElement\":[{\"@type\":\"ListItem\",\"position\":1,\"name\":\"Home\",\"item\":\"https:\\\/\\\/www.immobilienbusiness.ch\\\/\"},{\"@type\":\"ListItem\",\"position\":2,\"name\":\"Luzern: Aus f\u00fcr Salle Modulable\"}]},{\"@type\":\"WebSite\",\"@id\":\"https:\\\/\\\/www.immobilienbusiness.ch\\\/#website\",\"url\":\"https:\\\/\\\/www.immobilienbusiness.ch\\\/\",\"name\":\"IMMOBILIEN Business\",\"description\":\"Unabh\u00e4ngiges Schweizer Wirtschaftsmagazin mit Fokus auf Immobilien, Architektur- und Bau sowie Investment- und Finanzierung.\",\"publisher\":{\"@id\":\"https:\\\/\\\/www.immobilienbusiness.ch\\\/#organization\"},\"potentialAction\":[{\"@type\":\"SearchAction\",\"target\":{\"@type\":\"EntryPoint\",\"urlTemplate\":\"https:\\\/\\\/www.immobilienbusiness.ch\\\/?s={search_term_string}\"},\"query-input\":{\"@type\":\"PropertyValueSpecification\",\"valueRequired\":true,\"valueName\":\"search_term_string\"}}],\"inLanguage\":\"de\"},{\"@type\":\"Organization\",\"@id\":\"https:\\\/\\\/www.immobilienbusiness.ch\\\/#organization\",\"name\":\"IMMOBILIEN Business\",\"url\":\"https:\\\/\\\/www.immobilienbusiness.ch\\\/\",\"logo\":{\"@type\":\"ImageObject\",\"inLanguage\":\"de\",\"@id\":\"https:\\\/\\\/www.immobilienbusiness.ch\\\/#\\\/schema\\\/logo\\\/image\\\/\",\"url\":\"https:\\\/\\\/www.immobilienbusiness.ch\\\/wp-content\\\/uploads\\\/2021\\\/07\\\/logo_ib.png\",\"contentUrl\":\"https:\\\/\\\/www.immobilienbusiness.ch\\\/wp-content\\\/uploads\\\/2021\\\/07\\\/logo_ib.png\",\"width\":800,\"height\":181,\"caption\":\"IMMOBILIEN Business\"},\"image\":{\"@id\":\"https:\\\/\\\/www.immobilienbusiness.ch\\\/#\\\/schema\\\/logo\\\/image\\\/\"},\"sameAs\":[\"https:\\\/\\\/www.facebook.com\\\/immobilienbusiness\\\/\"]},{\"@type\":\"Person\",\"@id\":\"https:\\\/\\\/www.immobilienbusiness.ch\\\/#\\\/schema\\\/person\\\/aa2bace6c5c5aad60102004a50c4eb1c\",\"name\":\"Redaktion\",\"image\":{\"@type\":\"ImageObject\",\"inLanguage\":\"de\",\"@id\":\"https:\\\/\\\/secure.gravatar.com\\\/avatar\\\/ae2f4d718e6c49043e314ce431e7e645d646302a24a5ef5a8bc8e3f5a032e319?s=96&d=mm&r=g\",\"url\":\"https:\\\/\\\/secure.gravatar.com\\\/avatar\\\/ae2f4d718e6c49043e314ce431e7e645d646302a24a5ef5a8bc8e3f5a032e319?s=96&d=mm&r=g\",\"contentUrl\":\"https:\\\/\\\/secure.gravatar.com\\\/avatar\\\/ae2f4d718e6c49043e314ce431e7e645d646302a24a5ef5a8bc8e3f5a032e319?s=96&d=mm&r=g\",\"caption\":\"Redaktion\"},\"sameAs\":[\"http:\\\/\\\/develop.organisator.galledia.ch\"],\"url\":\"https:\\\/\\\/www.immobilienbusiness.ch\\\/de\\\/author\\\/admin\\\/\"}]}<\/script>\n<!-- \/ Yoast SEO plugin. -->","yoast_head_json":{"title":"Luzern: Aus f\u00fcr Salle Modulable - IMMOBILIEN Business","description":"Der Luzerner Kantonsrat hat den Planungskredit f\u00fcr das geplante Theater Salle Modulable abgelehnt. Damit wird das Grossprojekt nicht realisiert.","robots":{"index":"index","follow":"follow","max-snippet":"max-snippet:-1","max-image-preview":"max-image-preview:large","max-video-preview":"max-video-preview:-1"},"canonical":"https:\/\/www.immobilienbusiness.ch\/de\/allgemein\/2016-09-13\/luzern-aus-fuer-salle-modulable\/","og_locale":"de_DE","og_type":"article","og_title":"Luzern: Aus f\u00fcr Salle Modulable","og_description":"Der Luzerner Kantonsrat hat den Planungskredit f\u00fcr das geplante Theater Salle Modulable abgelehnt. Damit wird das Grossprojekt auf dem Inseli neben dem Konzerthaus KKL nicht realisiert.","og_url":"https:\/\/www.immobilienbusiness.ch\/de\/allgemein\/2016-09-13\/luzern-aus-fuer-salle-modulable\/","og_site_name":"IMMOBILIEN Business","article_publisher":"https:\/\/www.facebook.com\/immobilienbusiness\/","article_published_time":"2016-09-13T08:05:30+00:00","author":"Redaktion","twitter_card":"summary_large_image","twitter_image":"https:\/\/www.immobilienbusiness.ch\/wp-content\/uploads\/2016\/12\/Luzern-Aus-fuer-Salle-Modulable-immobilien-business.jpg","schema":{"@context":"https:\/\/schema.org","@graph":[{"@type":"Article","@id":"https:\/\/www.immobilienbusiness.ch\/de\/allgemein\/2016-09-13\/luzern-aus-fuer-salle-modulable\/#article","isPartOf":{"@id":"https:\/\/www.immobilienbusiness.ch\/de\/allgemein\/2016-09-13\/luzern-aus-fuer-salle-modulable\/"},"author":{"name":"Redaktion","@id":"https:\/\/www.immobilienbusiness.ch\/#\/schema\/person\/aa2bace6c5c5aad60102004a50c4eb1c"},"headline":"Luzern: Aus f\u00fcr Salle Modulable","datePublished":"2016-09-13T08:05:30+00:00","mainEntityOfPage":{"@id":"https:\/\/www.immobilienbusiness.ch\/de\/allgemein\/2016-09-13\/luzern-aus-fuer-salle-modulable\/"},"wordCount":164,"commentCount":0,"publisher":{"@id":"https:\/\/www.immobilienbusiness.ch\/#organization"},"image":{"@id":"https:\/\/www.immobilienbusiness.ch\/de\/allgemein\/2016-09-13\/luzern-aus-fuer-salle-modulable\/#primaryimage"},"thumbnailUrl":"https:\/\/www.immobilienbusiness.ch\/wp-content\/uploads\/2016\/12\/Luzern-Aus-fuer-Salle-Modulable-immobilien-business.jpg","keywords":["Luzern"],"inLanguage":"de"},{"@type":"WebPage","@id":"https:\/\/www.immobilienbusiness.ch\/de\/allgemein\/2016-09-13\/luzern-aus-fuer-salle-modulable\/","url":"https:\/\/www.immobilienbusiness.ch\/de\/allgemein\/2016-09-13\/luzern-aus-fuer-salle-modulable\/","name":"Luzern: Aus f\u00fcr Salle Modulable - IMMOBILIEN Business","isPartOf":{"@id":"https:\/\/www.immobilienbusiness.ch\/#website"},"primaryImageOfPage":{"@id":"https:\/\/www.immobilienbusiness.ch\/de\/allgemein\/2016-09-13\/luzern-aus-fuer-salle-modulable\/#primaryimage"},"image":{"@id":"https:\/\/www.immobilienbusiness.ch\/de\/allgemein\/2016-09-13\/luzern-aus-fuer-salle-modulable\/#primaryimage"},"thumbnailUrl":"https:\/\/www.immobilienbusiness.ch\/wp-content\/uploads\/2016\/12\/Luzern-Aus-fuer-Salle-Modulable-immobilien-business.jpg","datePublished":"2016-09-13T08:05:30+00:00","description":"Der Luzerner Kantonsrat hat den Planungskredit f\u00fcr das geplante Theater Salle Modulable abgelehnt. Damit wird das Grossprojekt nicht realisiert.","breadcrumb":{"@id":"https:\/\/www.immobilienbusiness.ch\/de\/allgemein\/2016-09-13\/luzern-aus-fuer-salle-modulable\/#breadcrumb"},"inLanguage":"de","potentialAction":[{"@type":"ReadAction","target":["https:\/\/www.immobilienbusiness.ch\/de\/allgemein\/2016-09-13\/luzern-aus-fuer-salle-modulable\/"]}]},{"@type":"ImageObject","inLanguage":"de","@id":"https:\/\/www.immobilienbusiness.ch\/de\/allgemein\/2016-09-13\/luzern-aus-fuer-salle-modulable\/#primaryimage","url":"https:\/\/www.immobilienbusiness.ch\/wp-content\/uploads\/2016\/12\/Luzern-Aus-fuer-Salle-Modulable-immobilien-business.jpg","contentUrl":"https:\/\/www.immobilienbusiness.ch\/wp-content\/uploads\/2016\/12\/Luzern-Aus-fuer-Salle-Modulable-immobilien-business.jpg","width":1237,"height":701,"caption":"Die Salle Modulable auf dem Inseli wird nicht realisiert (Visualisierung: sallemodulable.ch)"},{"@type":"BreadcrumbList","@id":"https:\/\/www.immobilienbusiness.ch\/de\/allgemein\/2016-09-13\/luzern-aus-fuer-salle-modulable\/#breadcrumb","itemListElement":[{"@type":"ListItem","position":1,"name":"Home","item":"https:\/\/www.immobilienbusiness.ch\/"},{"@type":"ListItem","position":2,"name":"Luzern: Aus f\u00fcr Salle Modulable"}]},{"@type":"WebSite","@id":"https:\/\/www.immobilienbusiness.ch\/#website","url":"https:\/\/www.immobilienbusiness.ch\/","name":"IMMOBILIEN Business","description":"Unabh\u00e4ngiges Schweizer Wirtschaftsmagazin mit Fokus auf Immobilien, Architektur- und Bau sowie Investment- und Finanzierung.","publisher":{"@id":"https:\/\/www.immobilienbusiness.ch\/#organization"},"potentialAction":[{"@type":"SearchAction","target":{"@type":"EntryPoint","urlTemplate":"https:\/\/www.immobilienbusiness.ch\/?s={search_term_string}"},"query-input":{"@type":"PropertyValueSpecification","valueRequired":true,"valueName":"search_term_string"}}],"inLanguage":"de"},{"@type":"Organization","@id":"https:\/\/www.immobilienbusiness.ch\/#organization","name":"IMMOBILIEN Business","url":"https:\/\/www.immobilienbusiness.ch\/","logo":{"@type":"ImageObject","inLanguage":"de","@id":"https:\/\/www.immobilienbusiness.ch\/#\/schema\/logo\/image\/","url":"https:\/\/www.immobilienbusiness.ch\/wp-content\/uploads\/2021\/07\/logo_ib.png","contentUrl":"https:\/\/www.immobilienbusiness.ch\/wp-content\/uploads\/2021\/07\/logo_ib.png","width":800,"height":181,"caption":"IMMOBILIEN Business"},"image":{"@id":"https:\/\/www.immobilienbusiness.ch\/#\/schema\/logo\/image\/"},"sameAs":["https:\/\/www.facebook.com\/immobilienbusiness\/"]},{"@type":"Person","@id":"https:\/\/www.immobilienbusiness.ch\/#\/schema\/person\/aa2bace6c5c5aad60102004a50c4eb1c","name":"Redaktion","image":{"@type":"ImageObject","inLanguage":"de","@id":"https:\/\/secure.gravatar.com\/avatar\/ae2f4d718e6c49043e314ce431e7e645d646302a24a5ef5a8bc8e3f5a032e319?s=96&d=mm&r=g","url":"https:\/\/secure.gravatar.com\/avatar\/ae2f4d718e6c49043e314ce431e7e645d646302a24a5ef5a8bc8e3f5a032e319?s=96&d=mm&r=g","contentUrl":"https:\/\/secure.gravatar.com\/avatar\/ae2f4d718e6c49043e314ce431e7e645d646302a24a5ef5a8bc8e3f5a032e319?s=96&d=mm&r=g","caption":"Redaktion"},"sameAs":["http:\/\/develop.organisator.galledia.ch"],"url":"https:\/\/www.immobilienbusiness.ch\/de\/author\/admin\/"}]}},"_links":{"self":[{"href":"https:\/\/www.immobilienbusiness.ch\/de\/wp-json\/wp\/v2\/posts\/3942","targetHints":{"allow":["GET"]}}],"collection":[{"href":"https:\/\/www.immobilienbusiness.ch\/de\/wp-json\/wp\/v2\/posts"}],"about":[{"href":"https:\/\/www.immobilienbusiness.ch\/de\/wp-json\/wp\/v2\/types\/post"}],"author":[{"embeddable":true,"href":"https:\/\/www.immobilienbusiness.ch\/de\/wp-json\/wp\/v2\/users\/1"}],"replies":[{"embeddable":true,"href":"https:\/\/www.immobilienbusiness.ch\/de\/wp-json\/wp\/v2\/comments?post=3942"}],"version-history":[{"count":0,"href":"https:\/\/www.immobilienbusiness.ch\/de\/wp-json\/wp\/v2\/posts\/3942\/revisions"}],"wp:featuredmedia":[{"embeddable":true,"href":"https:\/\/www.immobilienbusiness.ch\/de\/wp-json\/wp\/v2\/media\/3945"}],"wp:attachment":[{"href":"https:\/\/www.immobilienbusiness.ch\/de\/wp-json\/wp\/v2\/media?parent=3942"}],"wp:term":[{"taxonomy":"category","embeddable":true,"href":"https:\/\/www.immobilienbusiness.ch\/de\/wp-json\/wp\/v2\/categories?post=3942"},{"taxonomy":"post_tag","embeddable":true,"href":"https:\/\/www.immobilienbusiness.ch\/de\/wp-json\/wp\/v2\/tags?post=3942"}],"curies":[{"name":"wp","href":"https:\/\/api.w.org\/{rel}","templated":true}]}}