{"id":39304,"date":"2021-12-01T08:18:57","date_gmt":"2021-12-01T07:18:57","guid":{"rendered":"https:\/\/www.immobilienbusiness.ch\/?p=39304"},"modified":"2021-12-02T09:30:19","modified_gmt":"2021-12-02T08:30:19","slug":"zuerich-eine-sphinx-fuer-den-triemliplatz","status":"publish","type":"post","link":"https:\/\/www.immobilienbusiness.ch\/de\/regionen\/2021-12-01\/zuerich-eine-sphinx-fuer-den-triemliplatz\/","title":{"rendered":"Z\u00fcrich: Eine \u00abSphinx\u00bb f\u00fcr den Triemliplatz"},"content":{"rendered":"<figure id=\"attachment_39305\" aria-describedby=\"caption-attachment-39305\" style=\"width: 2200px\" class=\"wp-caption alignnone\"><img loading=\"lazy\" decoding=\"async\" class=\"wp-image-39305 size-full\" src=\"https:\/\/www.immobilienbusiness.ch\/wp-content\/uploads\/2021\/12\/CC_2020-06-08_Birmensdorferstrasse_Vogelperspektive.jpg\" alt=\"\" width=\"2200\" height=\"1468\" srcset=\"https:\/\/www.immobilienbusiness.ch\/wp-content\/uploads\/2021\/12\/CC_2020-06-08_Birmensdorferstrasse_Vogelperspektive.jpg 1200w, https:\/\/www.immobilienbusiness.ch\/wp-content\/uploads\/2021\/12\/CC_2020-06-08_Birmensdorferstrasse_Vogelperspektive-300x200.jpg 300w, https:\/\/www.immobilienbusiness.ch\/wp-content\/uploads\/2021\/12\/CC_2020-06-08_Birmensdorferstrasse_Vogelperspektive-1024x683.jpg 1024w, https:\/\/www.immobilienbusiness.ch\/wp-content\/uploads\/2021\/12\/CC_2020-06-08_Birmensdorferstrasse_Vogelperspektive-768x512.jpg 768w, https:\/\/www.immobilienbusiness.ch\/wp-content\/uploads\/2021\/12\/CC_2020-06-08_Birmensdorferstrasse_Vogelperspektive-1536x1025.jpg 1536w, https:\/\/www.immobilienbusiness.ch\/wp-content\/uploads\/2021\/12\/CC_2020-06-08_Birmensdorferstrasse_Vogelperspektive-2048x1367.jpg 2048w, https:\/\/www.immobilienbusiness.ch\/wp-content\/uploads\/2021\/12\/CC_2020-06-08_Birmensdorferstrasse_Vogelperspektive-16x12.jpg 16w, https:\/\/www.immobilienbusiness.ch\/wp-content\/uploads\/2021\/12\/CC_2020-06-08_Birmensdorferstrasse_Vogelperspektive-262x175.jpg 262w, https:\/\/www.immobilienbusiness.ch\/wp-content\/uploads\/2021\/12\/CC_2020-06-08_Birmensdorferstrasse_Vogelperspektive-525x350.jpg 525w, https:\/\/www.immobilienbusiness.ch\/wp-content\/uploads\/2021\/12\/CC_2020-06-08_Birmensdorferstrasse_Vogelperspektive-1199x800.jpg 1199w, https:\/\/www.immobilienbusiness.ch\/wp-content\/uploads\/2021\/12\/CC_2020-06-08_Birmensdorferstrasse_Vogelperspektive-920x614.jpg 920w\" sizes=\"auto, (max-width: 2200px) 100vw, 2200px\" \/><figcaption id=\"caption-attachment-39305\" class=\"wp-caption-text\">Blick auf den Triemli Platz mit dem Hochhaus Sphinx (Bild: zVg)<\/figcaption><\/figure>\n<p>Dem filigranen Neubau wurde die Rechtskraftbescheinigung erteilt, nachdem keine Einsprachen dagegen eingegangen sind. Das 40 Meter hohe Geb\u00e4ude wird voraussichtlich 2025 fertiggestellt und umfasst auf seinen 14 Geschossen neben den Wohnungen auch Fl\u00e4chen f\u00fcr publikumsorientiertes Gewerbe im Erdgeschoss zum Triemliplatz. Wie Senn mitteilt, werden Grundrisse und Wohnungsgr\u00f6ssen je nach Lage variieren und ein diversifiziertes Angebot schaffen.<\/p>\n<p>Der Triemliplatz besetzt eine wichtige Stelle im st\u00e4dtebaulichen Gef\u00fcge der Stadt Z\u00fcrich. Er liegt am Fuss des Uetliberges, hier geht die \u00abStadt des Talbodens\u00bb \u00fcber in eine offenere Hangbebauung. Vom Uetliberg herkommend markiert der Platz einen wichtigen Eingang in die Stadt. \u00dcber das Hochhaus wird dieser \u00dcbergang gem\u00e4ss dem Baukollegium der Stadt Z\u00fcrich st\u00e4dtebaulich ad\u00e4quat ausgebildet. Das Projekt entsteht in unmittelbarer N\u00e4he der \u00d6V-Drehscheibe Triemliplatz sowie des gr\u00f6ssten Spitals von Z\u00fcrich und in der N\u00e4he zum Running-, Wander- und Mountainbikeparadies Uetliberg. <em>(bw)<\/em><\/p>\n","protected":false},"excerpt":{"rendered":"<p>Die Senn  Development AG plant am Z\u00fcrcher Triemliplatz einen 40 Meter hohen Neubau. Das Hochhaus \u00abSphinx\u00bb aus der Feder von Edelaar Mosayebi Inderbitzin Architekten soll in erster Linie Wohnraum bieten.<\/p>\n","protected":false},"author":3,"featured_media":39305,"comment_status":"closed","ping_status":"closed","sticky":false,"template":"","format":"standard","meta":{"_acf_changed":false,"_yoast_wpseo_focuskw":"Sphinx","_yoast_wpseo_title":"","_yoast_wpseo_metadesc":"Senn Development plant am Z\u00fcrcher Triemliplatz einen 40 Meter hohen Neubau. Das Hochhaus \u00abSphinx\u00bb soll in erster Linie Wohnraum bieten.","_yoast_wpseo_linkdex":48,"pgc_sgb_lightbox_settings":"","footnotes":""},"categories":[985],"tags":[1600,1863,1888],"class_list":["post-39304","post","type-post","status-publish","format-standard","has-post-thumbnail","hentry","category-regionen","tag-projekt-in-planung","tag-wohnimmobilien","tag-zuerich"],"acf":[],"yoast_head":"<!-- This site is optimized with the Yoast SEO plugin v27.4 - https:\/\/yoast.com\/product\/yoast-seo-wordpress\/ -->\n<title>Z\u00fcrich: Eine \u00abSphinx\u00bb f\u00fcr den Triemliplatz - IMMOBILIEN Business<\/title>\n<meta name=\"description\" content=\"Senn Development plant am Z\u00fcrcher Triemliplatz einen 40 Meter hohen Neubau. Das Hochhaus \u00abSphinx\u00bb soll in erster Linie Wohnraum bieten.\" \/>\n<meta name=\"robots\" content=\"index, follow, max-snippet:-1, max-image-preview:large, max-video-preview:-1\" \/>\n<link rel=\"canonical\" href=\"https:\/\/www.immobilienbusiness.ch\/de\/regionen\/2021-12-01\/zuerich-eine-sphinx-fuer-den-triemliplatz\/\" \/>\n<meta property=\"og:locale\" content=\"de_DE\" \/>\n<meta property=\"og:type\" content=\"article\" \/>\n<meta property=\"og:title\" content=\"Z\u00fcrich: Eine \u00abSphinx\u00bb f\u00fcr den Triemliplatz - IMMOBILIEN Business\" \/>\n<meta property=\"og:description\" content=\"Senn Development plant am Z\u00fcrcher Triemliplatz einen 40 Meter hohen Neubau. Das Hochhaus \u00abSphinx\u00bb soll in erster Linie Wohnraum bieten.\" \/>\n<meta property=\"og:url\" content=\"https:\/\/www.immobilienbusiness.ch\/de\/regionen\/2021-12-01\/zuerich-eine-sphinx-fuer-den-triemliplatz\/\" \/>\n<meta property=\"og:site_name\" content=\"IMMOBILIEN Business\" \/>\n<meta property=\"article:publisher\" content=\"https:\/\/www.facebook.com\/immobilienbusiness\/\" \/>\n<meta property=\"article:published_time\" content=\"2021-12-01T07:18:57+00:00\" \/>\n<meta property=\"article:modified_time\" content=\"2021-12-02T08:30:19+00:00\" \/>\n<meta property=\"og:image\" content=\"https:\/\/www.immobilienbusiness.ch\/wp-content\/uploads\/2021\/12\/CC_2020-06-08_Birmensdorferstrasse_Vogelperspektive.jpg\" \/>\n\t<meta property=\"og:image:width\" content=\"1200\" \/>\n\t<meta property=\"og:image:height\" content=\"801\" \/>\n\t<meta property=\"og:image:type\" content=\"image\/jpeg\" \/>\n<meta name=\"author\" content=\"anja.hall\" \/>\n<meta name=\"twitter:card\" content=\"summary_large_image\" \/>\n<meta name=\"twitter:image\" content=\"https:\/\/www.immobilienbusiness.ch\/wp-content\/uploads\/2021\/12\/CC_2020-06-08_Birmensdorferstrasse_Vogelperspektive.jpg\" \/>\n<script type=\"application\/ld+json\" class=\"yoast-schema-graph\">{\"@context\":\"https:\\\/\\\/schema.org\",\"@graph\":[{\"@type\":\"Article\",\"@id\":\"https:\\\/\\\/www.immobilienbusiness.ch\\\/regionen\\\/2021-12-01\\\/zuerich-eine-sphinx-fuer-den-triemliplatz\\\/#article\",\"isPartOf\":{\"@id\":\"https:\\\/\\\/www.immobilienbusiness.ch\\\/regionen\\\/2021-12-01\\\/zuerich-eine-sphinx-fuer-den-triemliplatz\\\/\"},\"author\":{\"name\":\"anja.hall\",\"@id\":\"https:\\\/\\\/www.immobilienbusiness.ch\\\/#\\\/schema\\\/person\\\/3fc036297b10b9f42d6db5ee932af8c8\"},\"headline\":\"Z\u00fcrich: Eine \u00abSphinx\u00bb f\u00fcr den Triemliplatz\",\"datePublished\":\"2021-12-01T07:18:57+00:00\",\"dateModified\":\"2021-12-02T08:30:19+00:00\",\"mainEntityOfPage\":{\"@id\":\"https:\\\/\\\/www.immobilienbusiness.ch\\\/regionen\\\/2021-12-01\\\/zuerich-eine-sphinx-fuer-den-triemliplatz\\\/\"},\"wordCount\":176,\"publisher\":{\"@id\":\"https:\\\/\\\/www.immobilienbusiness.ch\\\/#organization\"},\"image\":{\"@id\":\"https:\\\/\\\/www.immobilienbusiness.ch\\\/regionen\\\/2021-12-01\\\/zuerich-eine-sphinx-fuer-den-triemliplatz\\\/#primaryimage\"},\"thumbnailUrl\":\"https:\\\/\\\/www.immobilienbusiness.ch\\\/wp-content\\\/uploads\\\/2021\\\/12\\\/CC_2020-06-08_Birmensdorferstrasse_Vogelperspektive.jpg\",\"keywords\":[\"Projekt in Planung\",\"Wohnimmobilien\",\"Z\u00fcrich\"],\"articleSection\":[\"REGIONEN\"],\"inLanguage\":\"de\"},{\"@type\":\"WebPage\",\"@id\":\"https:\\\/\\\/www.immobilienbusiness.ch\\\/regionen\\\/2021-12-01\\\/zuerich-eine-sphinx-fuer-den-triemliplatz\\\/\",\"url\":\"https:\\\/\\\/www.immobilienbusiness.ch\\\/regionen\\\/2021-12-01\\\/zuerich-eine-sphinx-fuer-den-triemliplatz\\\/\",\"name\":\"Z\u00fcrich: Eine \u00abSphinx\u00bb f\u00fcr den Triemliplatz - IMMOBILIEN Business\",\"isPartOf\":{\"@id\":\"https:\\\/\\\/www.immobilienbusiness.ch\\\/#website\"},\"primaryImageOfPage\":{\"@id\":\"https:\\\/\\\/www.immobilienbusiness.ch\\\/regionen\\\/2021-12-01\\\/zuerich-eine-sphinx-fuer-den-triemliplatz\\\/#primaryimage\"},\"image\":{\"@id\":\"https:\\\/\\\/www.immobilienbusiness.ch\\\/regionen\\\/2021-12-01\\\/zuerich-eine-sphinx-fuer-den-triemliplatz\\\/#primaryimage\"},\"thumbnailUrl\":\"https:\\\/\\\/www.immobilienbusiness.ch\\\/wp-content\\\/uploads\\\/2021\\\/12\\\/CC_2020-06-08_Birmensdorferstrasse_Vogelperspektive.jpg\",\"datePublished\":\"2021-12-01T07:18:57+00:00\",\"dateModified\":\"2021-12-02T08:30:19+00:00\",\"description\":\"Senn Development plant am Z\u00fcrcher Triemliplatz einen 40 Meter hohen Neubau. Das Hochhaus \u00abSphinx\u00bb soll in erster Linie Wohnraum bieten.\",\"breadcrumb\":{\"@id\":\"https:\\\/\\\/www.immobilienbusiness.ch\\\/regionen\\\/2021-12-01\\\/zuerich-eine-sphinx-fuer-den-triemliplatz\\\/#breadcrumb\"},\"inLanguage\":\"de\",\"potentialAction\":[{\"@type\":\"ReadAction\",\"target\":[\"https:\\\/\\\/www.immobilienbusiness.ch\\\/regionen\\\/2021-12-01\\\/zuerich-eine-sphinx-fuer-den-triemliplatz\\\/\"]}]},{\"@type\":\"ImageObject\",\"inLanguage\":\"de\",\"@id\":\"https:\\\/\\\/www.immobilienbusiness.ch\\\/regionen\\\/2021-12-01\\\/zuerich-eine-sphinx-fuer-den-triemliplatz\\\/#primaryimage\",\"url\":\"https:\\\/\\\/www.immobilienbusiness.ch\\\/wp-content\\\/uploads\\\/2021\\\/12\\\/CC_2020-06-08_Birmensdorferstrasse_Vogelperspektive.jpg\",\"contentUrl\":\"https:\\\/\\\/www.immobilienbusiness.ch\\\/wp-content\\\/uploads\\\/2021\\\/12\\\/CC_2020-06-08_Birmensdorferstrasse_Vogelperspektive.jpg\",\"width\":1200,\"height\":801,\"caption\":\"Blick auf den Triemli Platz mit dem Hochhaus Sphinx (Bild: zVg)\"},{\"@type\":\"BreadcrumbList\",\"@id\":\"https:\\\/\\\/www.immobilienbusiness.ch\\\/regionen\\\/2021-12-01\\\/zuerich-eine-sphinx-fuer-den-triemliplatz\\\/#breadcrumb\",\"itemListElement\":[{\"@type\":\"ListItem\",\"position\":1,\"name\":\"Home\",\"item\":\"https:\\\/\\\/www.immobilienbusiness.ch\\\/\"},{\"@type\":\"ListItem\",\"position\":2,\"name\":\"Z\u00fcrich: Eine \u00abSphinx\u00bb f\u00fcr den Triemliplatz\"}]},{\"@type\":\"WebSite\",\"@id\":\"https:\\\/\\\/www.immobilienbusiness.ch\\\/#website\",\"url\":\"https:\\\/\\\/www.immobilienbusiness.ch\\\/\",\"name\":\"IMMOBILIEN Business\",\"description\":\"Unabh\u00e4ngiges Schweizer Wirtschaftsmagazin mit Fokus auf Immobilien, Architektur- und Bau sowie Investment- und Finanzierung.\",\"publisher\":{\"@id\":\"https:\\\/\\\/www.immobilienbusiness.ch\\\/#organization\"},\"potentialAction\":[{\"@type\":\"SearchAction\",\"target\":{\"@type\":\"EntryPoint\",\"urlTemplate\":\"https:\\\/\\\/www.immobilienbusiness.ch\\\/?s={search_term_string}\"},\"query-input\":{\"@type\":\"PropertyValueSpecification\",\"valueRequired\":true,\"valueName\":\"search_term_string\"}}],\"inLanguage\":\"de\"},{\"@type\":\"Organization\",\"@id\":\"https:\\\/\\\/www.immobilienbusiness.ch\\\/#organization\",\"name\":\"IMMOBILIEN Business\",\"url\":\"https:\\\/\\\/www.immobilienbusiness.ch\\\/\",\"logo\":{\"@type\":\"ImageObject\",\"inLanguage\":\"de\",\"@id\":\"https:\\\/\\\/www.immobilienbusiness.ch\\\/#\\\/schema\\\/logo\\\/image\\\/\",\"url\":\"https:\\\/\\\/www.immobilienbusiness.ch\\\/wp-content\\\/uploads\\\/2021\\\/07\\\/logo_ib.png\",\"contentUrl\":\"https:\\\/\\\/www.immobilienbusiness.ch\\\/wp-content\\\/uploads\\\/2021\\\/07\\\/logo_ib.png\",\"width\":800,\"height\":181,\"caption\":\"IMMOBILIEN Business\"},\"image\":{\"@id\":\"https:\\\/\\\/www.immobilienbusiness.ch\\\/#\\\/schema\\\/logo\\\/image\\\/\"},\"sameAs\":[\"https:\\\/\\\/www.facebook.com\\\/immobilienbusiness\\\/\"]},{\"@type\":\"Person\",\"@id\":\"https:\\\/\\\/www.immobilienbusiness.ch\\\/#\\\/schema\\\/person\\\/3fc036297b10b9f42d6db5ee932af8c8\",\"name\":\"anja.hall\",\"image\":{\"@type\":\"ImageObject\",\"inLanguage\":\"de\",\"@id\":\"https:\\\/\\\/secure.gravatar.com\\\/avatar\\\/066b5a0d447013502c71a5782f4f3469f03cfe595cc2329fb94652fe47511bfb?s=96&d=mm&r=g\",\"url\":\"https:\\\/\\\/secure.gravatar.com\\\/avatar\\\/066b5a0d447013502c71a5782f4f3469f03cfe595cc2329fb94652fe47511bfb?s=96&d=mm&r=g\",\"contentUrl\":\"https:\\\/\\\/secure.gravatar.com\\\/avatar\\\/066b5a0d447013502c71a5782f4f3469f03cfe595cc2329fb94652fe47511bfb?s=96&d=mm&r=g\",\"caption\":\"anja.hall\"},\"url\":\"https:\\\/\\\/www.immobilienbusiness.ch\\\/de\\\/author\\\/anja-hall\\\/\"}]}<\/script>\n<!-- \/ Yoast SEO plugin. -->","yoast_head_json":{"title":"Z\u00fcrich: Eine \u00abSphinx\u00bb f\u00fcr den Triemliplatz - IMMOBILIEN Business","description":"Senn Development plant am Z\u00fcrcher Triemliplatz einen 40 Meter hohen Neubau. Das Hochhaus \u00abSphinx\u00bb soll in erster Linie Wohnraum bieten.","robots":{"index":"index","follow":"follow","max-snippet":"max-snippet:-1","max-image-preview":"max-image-preview:large","max-video-preview":"max-video-preview:-1"},"canonical":"https:\/\/www.immobilienbusiness.ch\/de\/regionen\/2021-12-01\/zuerich-eine-sphinx-fuer-den-triemliplatz\/","og_locale":"de_DE","og_type":"article","og_title":"Z\u00fcrich: Eine \u00abSphinx\u00bb f\u00fcr den Triemliplatz - IMMOBILIEN Business","og_description":"Senn Development plant am Z\u00fcrcher Triemliplatz einen 40 Meter hohen Neubau. Das Hochhaus \u00abSphinx\u00bb soll in erster Linie Wohnraum bieten.","og_url":"https:\/\/www.immobilienbusiness.ch\/de\/regionen\/2021-12-01\/zuerich-eine-sphinx-fuer-den-triemliplatz\/","og_site_name":"IMMOBILIEN Business","article_publisher":"https:\/\/www.facebook.com\/immobilienbusiness\/","article_published_time":"2021-12-01T07:18:57+00:00","article_modified_time":"2021-12-02T08:30:19+00:00","og_image":[{"width":1200,"height":801,"url":"https:\/\/www.immobilienbusiness.ch\/wp-content\/uploads\/2021\/12\/CC_2020-06-08_Birmensdorferstrasse_Vogelperspektive.jpg","type":"image\/jpeg"}],"author":"anja.hall","twitter_card":"summary_large_image","twitter_image":"https:\/\/www.immobilienbusiness.ch\/wp-content\/uploads\/2021\/12\/CC_2020-06-08_Birmensdorferstrasse_Vogelperspektive.jpg","schema":{"@context":"https:\/\/schema.org","@graph":[{"@type":"Article","@id":"https:\/\/www.immobilienbusiness.ch\/regionen\/2021-12-01\/zuerich-eine-sphinx-fuer-den-triemliplatz\/#article","isPartOf":{"@id":"https:\/\/www.immobilienbusiness.ch\/regionen\/2021-12-01\/zuerich-eine-sphinx-fuer-den-triemliplatz\/"},"author":{"name":"anja.hall","@id":"https:\/\/www.immobilienbusiness.ch\/#\/schema\/person\/3fc036297b10b9f42d6db5ee932af8c8"},"headline":"Z\u00fcrich: Eine \u00abSphinx\u00bb f\u00fcr den Triemliplatz","datePublished":"2021-12-01T07:18:57+00:00","dateModified":"2021-12-02T08:30:19+00:00","mainEntityOfPage":{"@id":"https:\/\/www.immobilienbusiness.ch\/regionen\/2021-12-01\/zuerich-eine-sphinx-fuer-den-triemliplatz\/"},"wordCount":176,"publisher":{"@id":"https:\/\/www.immobilienbusiness.ch\/#organization"},"image":{"@id":"https:\/\/www.immobilienbusiness.ch\/regionen\/2021-12-01\/zuerich-eine-sphinx-fuer-den-triemliplatz\/#primaryimage"},"thumbnailUrl":"https:\/\/www.immobilienbusiness.ch\/wp-content\/uploads\/2021\/12\/CC_2020-06-08_Birmensdorferstrasse_Vogelperspektive.jpg","keywords":["Projekt in Planung","Wohnimmobilien","Z\u00fcrich"],"articleSection":["REGIONEN"],"inLanguage":"de"},{"@type":"WebPage","@id":"https:\/\/www.immobilienbusiness.ch\/regionen\/2021-12-01\/zuerich-eine-sphinx-fuer-den-triemliplatz\/","url":"https:\/\/www.immobilienbusiness.ch\/regionen\/2021-12-01\/zuerich-eine-sphinx-fuer-den-triemliplatz\/","name":"Z\u00fcrich: Eine \u00abSphinx\u00bb f\u00fcr den Triemliplatz - IMMOBILIEN Business","isPartOf":{"@id":"https:\/\/www.immobilienbusiness.ch\/#website"},"primaryImageOfPage":{"@id":"https:\/\/www.immobilienbusiness.ch\/regionen\/2021-12-01\/zuerich-eine-sphinx-fuer-den-triemliplatz\/#primaryimage"},"image":{"@id":"https:\/\/www.immobilienbusiness.ch\/regionen\/2021-12-01\/zuerich-eine-sphinx-fuer-den-triemliplatz\/#primaryimage"},"thumbnailUrl":"https:\/\/www.immobilienbusiness.ch\/wp-content\/uploads\/2021\/12\/CC_2020-06-08_Birmensdorferstrasse_Vogelperspektive.jpg","datePublished":"2021-12-01T07:18:57+00:00","dateModified":"2021-12-02T08:30:19+00:00","description":"Senn Development plant am Z\u00fcrcher Triemliplatz einen 40 Meter hohen Neubau. Das Hochhaus \u00abSphinx\u00bb soll in erster Linie Wohnraum bieten.","breadcrumb":{"@id":"https:\/\/www.immobilienbusiness.ch\/regionen\/2021-12-01\/zuerich-eine-sphinx-fuer-den-triemliplatz\/#breadcrumb"},"inLanguage":"de","potentialAction":[{"@type":"ReadAction","target":["https:\/\/www.immobilienbusiness.ch\/regionen\/2021-12-01\/zuerich-eine-sphinx-fuer-den-triemliplatz\/"]}]},{"@type":"ImageObject","inLanguage":"de","@id":"https:\/\/www.immobilienbusiness.ch\/regionen\/2021-12-01\/zuerich-eine-sphinx-fuer-den-triemliplatz\/#primaryimage","url":"https:\/\/www.immobilienbusiness.ch\/wp-content\/uploads\/2021\/12\/CC_2020-06-08_Birmensdorferstrasse_Vogelperspektive.jpg","contentUrl":"https:\/\/www.immobilienbusiness.ch\/wp-content\/uploads\/2021\/12\/CC_2020-06-08_Birmensdorferstrasse_Vogelperspektive.jpg","width":1200,"height":801,"caption":"Blick auf den Triemli Platz mit dem Hochhaus Sphinx (Bild: zVg)"},{"@type":"BreadcrumbList","@id":"https:\/\/www.immobilienbusiness.ch\/regionen\/2021-12-01\/zuerich-eine-sphinx-fuer-den-triemliplatz\/#breadcrumb","itemListElement":[{"@type":"ListItem","position":1,"name":"Home","item":"https:\/\/www.immobilienbusiness.ch\/"},{"@type":"ListItem","position":2,"name":"Z\u00fcrich: Eine \u00abSphinx\u00bb f\u00fcr den Triemliplatz"}]},{"@type":"WebSite","@id":"https:\/\/www.immobilienbusiness.ch\/#website","url":"https:\/\/www.immobilienbusiness.ch\/","name":"IMMOBILIEN Business","description":"Unabh\u00e4ngiges Schweizer Wirtschaftsmagazin mit Fokus auf Immobilien, Architektur- und Bau sowie Investment- und Finanzierung.","publisher":{"@id":"https:\/\/www.immobilienbusiness.ch\/#organization"},"potentialAction":[{"@type":"SearchAction","target":{"@type":"EntryPoint","urlTemplate":"https:\/\/www.immobilienbusiness.ch\/?s={search_term_string}"},"query-input":{"@type":"PropertyValueSpecification","valueRequired":true,"valueName":"search_term_string"}}],"inLanguage":"de"},{"@type":"Organization","@id":"https:\/\/www.immobilienbusiness.ch\/#organization","name":"IMMOBILIEN Business","url":"https:\/\/www.immobilienbusiness.ch\/","logo":{"@type":"ImageObject","inLanguage":"de","@id":"https:\/\/www.immobilienbusiness.ch\/#\/schema\/logo\/image\/","url":"https:\/\/www.immobilienbusiness.ch\/wp-content\/uploads\/2021\/07\/logo_ib.png","contentUrl":"https:\/\/www.immobilienbusiness.ch\/wp-content\/uploads\/2021\/07\/logo_ib.png","width":800,"height":181,"caption":"IMMOBILIEN Business"},"image":{"@id":"https:\/\/www.immobilienbusiness.ch\/#\/schema\/logo\/image\/"},"sameAs":["https:\/\/www.facebook.com\/immobilienbusiness\/"]},{"@type":"Person","@id":"https:\/\/www.immobilienbusiness.ch\/#\/schema\/person\/3fc036297b10b9f42d6db5ee932af8c8","name":"anja.hall","image":{"@type":"ImageObject","inLanguage":"de","@id":"https:\/\/secure.gravatar.com\/avatar\/066b5a0d447013502c71a5782f4f3469f03cfe595cc2329fb94652fe47511bfb?s=96&d=mm&r=g","url":"https:\/\/secure.gravatar.com\/avatar\/066b5a0d447013502c71a5782f4f3469f03cfe595cc2329fb94652fe47511bfb?s=96&d=mm&r=g","contentUrl":"https:\/\/secure.gravatar.com\/avatar\/066b5a0d447013502c71a5782f4f3469f03cfe595cc2329fb94652fe47511bfb?s=96&d=mm&r=g","caption":"anja.hall"},"url":"https:\/\/www.immobilienbusiness.ch\/de\/author\/anja-hall\/"}]}},"_links":{"self":[{"href":"https:\/\/www.immobilienbusiness.ch\/de\/wp-json\/wp\/v2\/posts\/39304","targetHints":{"allow":["GET"]}}],"collection":[{"href":"https:\/\/www.immobilienbusiness.ch\/de\/wp-json\/wp\/v2\/posts"}],"about":[{"href":"https:\/\/www.immobilienbusiness.ch\/de\/wp-json\/wp\/v2\/types\/post"}],"author":[{"embeddable":true,"href":"https:\/\/www.immobilienbusiness.ch\/de\/wp-json\/wp\/v2\/users\/3"}],"replies":[{"embeddable":true,"href":"https:\/\/www.immobilienbusiness.ch\/de\/wp-json\/wp\/v2\/comments?post=39304"}],"version-history":[{"count":2,"href":"https:\/\/www.immobilienbusiness.ch\/de\/wp-json\/wp\/v2\/posts\/39304\/revisions"}],"predecessor-version":[{"id":39328,"href":"https:\/\/www.immobilienbusiness.ch\/de\/wp-json\/wp\/v2\/posts\/39304\/revisions\/39328"}],"wp:featuredmedia":[{"embeddable":true,"href":"https:\/\/www.immobilienbusiness.ch\/de\/wp-json\/wp\/v2\/media\/39305"}],"wp:attachment":[{"href":"https:\/\/www.immobilienbusiness.ch\/de\/wp-json\/wp\/v2\/media?parent=39304"}],"wp:term":[{"taxonomy":"category","embeddable":true,"href":"https:\/\/www.immobilienbusiness.ch\/de\/wp-json\/wp\/v2\/categories?post=39304"},{"taxonomy":"post_tag","embeddable":true,"href":"https:\/\/www.immobilienbusiness.ch\/de\/wp-json\/wp\/v2\/tags?post=39304"}],"curies":[{"name":"wp","href":"https:\/\/api.w.org\/{rel}","templated":true}]}}