{"id":39280,"date":"2021-11-26T08:33:01","date_gmt":"2021-11-26T07:33:01","guid":{"rendered":"https:\/\/www.immobilienbusiness.ch\/?p=39280"},"modified":"2021-12-02T09:38:27","modified_gmt":"2021-12-02T08:38:27","slug":"thomasgraf-kooperation-mit-trioninvest-wird-enger","status":"publish","type":"post","link":"https:\/\/www.immobilienbusiness.ch\/de\/unternehmen\/2021-11-26\/thomasgraf-kooperation-mit-trioninvest-wird-enger\/","title":{"rendered":"Thomasgraf: Kooperation mit Trioninvest wird enger"},"content":{"rendered":"<figure id=\"attachment_9343\" aria-describedby=\"caption-attachment-9343\" style=\"width: 680px\" class=\"wp-caption alignnone\"><img loading=\"lazy\" decoding=\"async\" class=\"wp-image-9343 size-full\" src=\"https:\/\/www.immobilienbusiness.ch\/wp-content\/uploads\/2017\/09\/IB-News-20170927-Procimmo-Fonds-Dividende-Managerwechsel_Gajus-Images-\u2013-depositphotos.jpg\" alt=\"\" width=\"680\" height=\"449\" srcset=\"https:\/\/www.immobilienbusiness.ch\/wp-content\/uploads\/2017\/09\/IB-News-20170927-Procimmo-Fonds-Dividende-Managerwechsel_Gajus-Images-\u2013-depositphotos.jpg 680w, https:\/\/www.immobilienbusiness.ch\/wp-content\/uploads\/2017\/09\/IB-News-20170927-Procimmo-Fonds-Dividende-Managerwechsel_Gajus-Images-\u2013-depositphotos-300x198.jpg 300w, https:\/\/www.immobilienbusiness.ch\/wp-content\/uploads\/2017\/09\/IB-News-20170927-Procimmo-Fonds-Dividende-Managerwechsel_Gajus-Images-\u2013-depositphotos-16x12.jpg 16w, https:\/\/www.immobilienbusiness.ch\/wp-content\/uploads\/2017\/09\/IB-News-20170927-Procimmo-Fonds-Dividende-Managerwechsel_Gajus-Images-\u2013-depositphotos-265x175.jpg 265w, https:\/\/www.immobilienbusiness.ch\/wp-content\/uploads\/2017\/09\/IB-News-20170927-Procimmo-Fonds-Dividende-Managerwechsel_Gajus-Images-\u2013-depositphotos-530x350.jpg 530w\" sizes=\"auto, (max-width: 680px) 100vw, 680px\" \/><figcaption id=\"caption-attachment-9343\" class=\"wp-caption-text\">Thomasgraf und Trioninvest spannen zusammen (Bild: Gajus-Images-depositphotos)<\/figcaption><\/figure>\n<p>Ziel der Kooperation sei es, die Nachfrage nach Qualit\u00e4tsdienstleistungen im Bereich Verm\u00f6gen, Immobilien und Family-Office mit spezialisiertem Fachwissen und gesamtheitlichem Fokus optimal abzudecken, teilen die beiden Berner Unternehmen mit.<\/p>\n<p>Die Thomasgraf AG ist in den Regionen Bern, Z\u00fcrich und Zug als Immobiliendienstleisterin t\u00e4tig, w\u00e4hrend Trioninvest Kundschaft in der ganzen Schweiz im Bereich Verm\u00f6gensl\u00f6sungen und Family-Office-Dienstleistungen betreut. Die beiden Firmen haben bisher bereits projektbezogen zusammengearbeitet. Ab Dezember 2021 soll diese Partnerschaft verst\u00e4rkt werden. Daniel Wirz, Partner und Verwaltungsrat der Trioninvest, wird dazu \u2013 zus\u00e4tzlich zu seinen bestehenden Aufgaben und Kundenmandaten &#8211; operativ t\u00e4tiger Verwaltungsrat bei Thomasgraf.<\/p>\n<p>Von der Kooperation versprechen sich die beiden Unternehmen den exklusiven Zugang zum Fachwissen und Netzwerk des jeweils anderen Partners. Sie wollen k\u00fcnftig gemeinsam Verm\u00f6gens- und Immobilienl\u00f6sungen anbieten. <em>(ah)<\/em><\/p>\n","protected":false},"excerpt":{"rendered":"<p>Der Immobiliendienstleister Thomasgraf und der Verm\u00f6gensverwalter Trioninvest intensivieren die bislang projektbezogene Zusammenarbeit.<\/p>\n","protected":false},"author":3,"featured_media":9343,"comment_status":"closed","ping_status":"closed","sticky":false,"template":"","format":"standard","meta":{"_acf_changed":false,"_yoast_wpseo_focuskw":"Thomasgraf","_yoast_wpseo_title":"","_yoast_wpseo_metadesc":"Der Immobiliendienstleister Thomasgraf und der Verm\u00f6gensverwalter Trioninvest intensivieren die Zusammenarbeit.","_yoast_wpseo_linkdex":45,"pgc_sgb_lightbox_settings":"","footnotes":""},"categories":[988],"tags":[1046,1422,1460],"class_list":["post-39280","post","type-post","status-publish","format-standard","has-post-thumbnail","hentry","category-unternehmen","tag-asset-manager","tag-kooperation","tag-makler"],"acf":[],"yoast_head":"<!-- This site is optimized with the Yoast SEO plugin v27.4 - https:\/\/yoast.com\/product\/yoast-seo-wordpress\/ -->\n<title>Thomasgraf: Kooperation mit Trioninvest wird enger - IMMOBILIEN Business<\/title>\n<meta name=\"description\" content=\"Der Immobiliendienstleister Thomasgraf und der Verm\u00f6gensverwalter Trioninvest intensivieren die Zusammenarbeit.\" \/>\n<meta name=\"robots\" content=\"index, follow, max-snippet:-1, max-image-preview:large, max-video-preview:-1\" \/>\n<link rel=\"canonical\" href=\"https:\/\/www.immobilienbusiness.ch\/de\/unternehmen\/2021-11-26\/thomasgraf-kooperation-mit-trioninvest-wird-enger\/\" \/>\n<meta property=\"og:locale\" content=\"de_DE\" \/>\n<meta property=\"og:type\" content=\"article\" \/>\n<meta property=\"og:title\" content=\"Thomasgraf: Kooperation mit Trioninvest wird enger - IMMOBILIEN Business\" \/>\n<meta property=\"og:description\" content=\"Der Immobiliendienstleister Thomasgraf und der Verm\u00f6gensverwalter Trioninvest intensivieren die Zusammenarbeit.\" \/>\n<meta property=\"og:url\" content=\"https:\/\/www.immobilienbusiness.ch\/de\/unternehmen\/2021-11-26\/thomasgraf-kooperation-mit-trioninvest-wird-enger\/\" \/>\n<meta property=\"og:site_name\" content=\"IMMOBILIEN Business\" \/>\n<meta property=\"article:publisher\" content=\"https:\/\/www.facebook.com\/immobilienbusiness\/\" \/>\n<meta property=\"article:published_time\" content=\"2021-11-26T07:33:01+00:00\" \/>\n<meta property=\"article:modified_time\" content=\"2021-12-02T08:38:27+00:00\" \/>\n<meta property=\"og:image\" content=\"https:\/\/www.immobilienbusiness.ch\/wp-content\/uploads\/2017\/09\/IB-News-20170927-Procimmo-Fonds-Dividende-Managerwechsel_Gajus-Images-\u2013-depositphotos.jpg\" \/>\n\t<meta property=\"og:image:width\" content=\"680\" \/>\n\t<meta property=\"og:image:height\" content=\"449\" \/>\n\t<meta property=\"og:image:type\" content=\"image\/jpeg\" \/>\n<meta name=\"author\" content=\"anja.hall\" \/>\n<meta name=\"twitter:card\" content=\"summary_large_image\" \/>\n<meta name=\"twitter:image\" content=\"https:\/\/www.immobilienbusiness.ch\/wp-content\/uploads\/2017\/09\/IB-News-20170927-Procimmo-Fonds-Dividende-Managerwechsel_Gajus-Images-\u2013-depositphotos.jpg\" \/>\n<script type=\"application\/ld+json\" class=\"yoast-schema-graph\">{\"@context\":\"https:\\\/\\\/schema.org\",\"@graph\":[{\"@type\":\"Article\",\"@id\":\"https:\\\/\\\/www.immobilienbusiness.ch\\\/de\\\/unternehmen\\\/2021-11-26\\\/thomasgraf-kooperation-mit-trioninvest-wird-enger\\\/#article\",\"isPartOf\":{\"@id\":\"https:\\\/\\\/www.immobilienbusiness.ch\\\/de\\\/unternehmen\\\/2021-11-26\\\/thomasgraf-kooperation-mit-trioninvest-wird-enger\\\/\"},\"author\":{\"name\":\"anja.hall\",\"@id\":\"https:\\\/\\\/www.immobilienbusiness.ch\\\/#\\\/schema\\\/person\\\/3fc036297b10b9f42d6db5ee932af8c8\"},\"headline\":\"Thomasgraf: Kooperation mit Trioninvest wird enger\",\"datePublished\":\"2021-11-26T07:33:01+00:00\",\"dateModified\":\"2021-12-02T08:38:27+00:00\",\"mainEntityOfPage\":{\"@id\":\"https:\\\/\\\/www.immobilienbusiness.ch\\\/de\\\/unternehmen\\\/2021-11-26\\\/thomasgraf-kooperation-mit-trioninvest-wird-enger\\\/\"},\"wordCount\":154,\"publisher\":{\"@id\":\"https:\\\/\\\/www.immobilienbusiness.ch\\\/#organization\"},\"image\":{\"@id\":\"https:\\\/\\\/www.immobilienbusiness.ch\\\/de\\\/unternehmen\\\/2021-11-26\\\/thomasgraf-kooperation-mit-trioninvest-wird-enger\\\/#primaryimage\"},\"thumbnailUrl\":\"https:\\\/\\\/www.immobilienbusiness.ch\\\/wp-content\\\/uploads\\\/2017\\\/09\\\/IB-News-20170927-Procimmo-Fonds-Dividende-Managerwechsel_Gajus-Images-\u2013-depositphotos.jpg\",\"keywords\":[\"Asset Manager\",\"Kooperation\",\"Makler\"],\"articleSection\":[\"UNTERNEHMEN\"],\"inLanguage\":\"de\"},{\"@type\":\"WebPage\",\"@id\":\"https:\\\/\\\/www.immobilienbusiness.ch\\\/de\\\/unternehmen\\\/2021-11-26\\\/thomasgraf-kooperation-mit-trioninvest-wird-enger\\\/\",\"url\":\"https:\\\/\\\/www.immobilienbusiness.ch\\\/de\\\/unternehmen\\\/2021-11-26\\\/thomasgraf-kooperation-mit-trioninvest-wird-enger\\\/\",\"name\":\"Thomasgraf: Kooperation mit Trioninvest wird enger - IMMOBILIEN Business\",\"isPartOf\":{\"@id\":\"https:\\\/\\\/www.immobilienbusiness.ch\\\/#website\"},\"primaryImageOfPage\":{\"@id\":\"https:\\\/\\\/www.immobilienbusiness.ch\\\/de\\\/unternehmen\\\/2021-11-26\\\/thomasgraf-kooperation-mit-trioninvest-wird-enger\\\/#primaryimage\"},\"image\":{\"@id\":\"https:\\\/\\\/www.immobilienbusiness.ch\\\/de\\\/unternehmen\\\/2021-11-26\\\/thomasgraf-kooperation-mit-trioninvest-wird-enger\\\/#primaryimage\"},\"thumbnailUrl\":\"https:\\\/\\\/www.immobilienbusiness.ch\\\/wp-content\\\/uploads\\\/2017\\\/09\\\/IB-News-20170927-Procimmo-Fonds-Dividende-Managerwechsel_Gajus-Images-\u2013-depositphotos.jpg\",\"datePublished\":\"2021-11-26T07:33:01+00:00\",\"dateModified\":\"2021-12-02T08:38:27+00:00\",\"description\":\"Der Immobiliendienstleister Thomasgraf und der Verm\u00f6gensverwalter Trioninvest intensivieren die Zusammenarbeit.\",\"breadcrumb\":{\"@id\":\"https:\\\/\\\/www.immobilienbusiness.ch\\\/de\\\/unternehmen\\\/2021-11-26\\\/thomasgraf-kooperation-mit-trioninvest-wird-enger\\\/#breadcrumb\"},\"inLanguage\":\"de\",\"potentialAction\":[{\"@type\":\"ReadAction\",\"target\":[\"https:\\\/\\\/www.immobilienbusiness.ch\\\/de\\\/unternehmen\\\/2021-11-26\\\/thomasgraf-kooperation-mit-trioninvest-wird-enger\\\/\"]}]},{\"@type\":\"ImageObject\",\"inLanguage\":\"de\",\"@id\":\"https:\\\/\\\/www.immobilienbusiness.ch\\\/de\\\/unternehmen\\\/2021-11-26\\\/thomasgraf-kooperation-mit-trioninvest-wird-enger\\\/#primaryimage\",\"url\":\"https:\\\/\\\/www.immobilienbusiness.ch\\\/wp-content\\\/uploads\\\/2017\\\/09\\\/IB-News-20170927-Procimmo-Fonds-Dividende-Managerwechsel_Gajus-Images-\u2013-depositphotos.jpg\",\"contentUrl\":\"https:\\\/\\\/www.immobilienbusiness.ch\\\/wp-content\\\/uploads\\\/2017\\\/09\\\/IB-News-20170927-Procimmo-Fonds-Dividende-Managerwechsel_Gajus-Images-\u2013-depositphotos.jpg\",\"width\":680,\"height\":449,\"caption\":\"Der \u00abProcimmo Swiss Commercial Fund\u00bb legt Zahlen vor und erh\u00e4lt einen neuen Fondsmanager (Bild: Gajus-Images-depositphotos)\"},{\"@type\":\"BreadcrumbList\",\"@id\":\"https:\\\/\\\/www.immobilienbusiness.ch\\\/de\\\/unternehmen\\\/2021-11-26\\\/thomasgraf-kooperation-mit-trioninvest-wird-enger\\\/#breadcrumb\",\"itemListElement\":[{\"@type\":\"ListItem\",\"position\":1,\"name\":\"Home\",\"item\":\"https:\\\/\\\/www.immobilienbusiness.ch\\\/\"},{\"@type\":\"ListItem\",\"position\":2,\"name\":\"Thomasgraf: Kooperation mit Trioninvest wird enger\"}]},{\"@type\":\"WebSite\",\"@id\":\"https:\\\/\\\/www.immobilienbusiness.ch\\\/#website\",\"url\":\"https:\\\/\\\/www.immobilienbusiness.ch\\\/\",\"name\":\"IMMOBILIEN Business\",\"description\":\"Unabh\u00e4ngiges Schweizer Wirtschaftsmagazin mit Fokus auf Immobilien, Architektur- und Bau sowie Investment- und Finanzierung.\",\"publisher\":{\"@id\":\"https:\\\/\\\/www.immobilienbusiness.ch\\\/#organization\"},\"potentialAction\":[{\"@type\":\"SearchAction\",\"target\":{\"@type\":\"EntryPoint\",\"urlTemplate\":\"https:\\\/\\\/www.immobilienbusiness.ch\\\/?s={search_term_string}\"},\"query-input\":{\"@type\":\"PropertyValueSpecification\",\"valueRequired\":true,\"valueName\":\"search_term_string\"}}],\"inLanguage\":\"de\"},{\"@type\":\"Organization\",\"@id\":\"https:\\\/\\\/www.immobilienbusiness.ch\\\/#organization\",\"name\":\"IMMOBILIEN Business\",\"url\":\"https:\\\/\\\/www.immobilienbusiness.ch\\\/\",\"logo\":{\"@type\":\"ImageObject\",\"inLanguage\":\"de\",\"@id\":\"https:\\\/\\\/www.immobilienbusiness.ch\\\/#\\\/schema\\\/logo\\\/image\\\/\",\"url\":\"https:\\\/\\\/www.immobilienbusiness.ch\\\/wp-content\\\/uploads\\\/2021\\\/07\\\/logo_ib.png\",\"contentUrl\":\"https:\\\/\\\/www.immobilienbusiness.ch\\\/wp-content\\\/uploads\\\/2021\\\/07\\\/logo_ib.png\",\"width\":800,\"height\":181,\"caption\":\"IMMOBILIEN Business\"},\"image\":{\"@id\":\"https:\\\/\\\/www.immobilienbusiness.ch\\\/#\\\/schema\\\/logo\\\/image\\\/\"},\"sameAs\":[\"https:\\\/\\\/www.facebook.com\\\/immobilienbusiness\\\/\"]},{\"@type\":\"Person\",\"@id\":\"https:\\\/\\\/www.immobilienbusiness.ch\\\/#\\\/schema\\\/person\\\/3fc036297b10b9f42d6db5ee932af8c8\",\"name\":\"anja.hall\",\"image\":{\"@type\":\"ImageObject\",\"inLanguage\":\"de\",\"@id\":\"https:\\\/\\\/secure.gravatar.com\\\/avatar\\\/066b5a0d447013502c71a5782f4f3469f03cfe595cc2329fb94652fe47511bfb?s=96&d=mm&r=g\",\"url\":\"https:\\\/\\\/secure.gravatar.com\\\/avatar\\\/066b5a0d447013502c71a5782f4f3469f03cfe595cc2329fb94652fe47511bfb?s=96&d=mm&r=g\",\"contentUrl\":\"https:\\\/\\\/secure.gravatar.com\\\/avatar\\\/066b5a0d447013502c71a5782f4f3469f03cfe595cc2329fb94652fe47511bfb?s=96&d=mm&r=g\",\"caption\":\"anja.hall\"},\"url\":\"https:\\\/\\\/www.immobilienbusiness.ch\\\/de\\\/author\\\/anja-hall\\\/\"}]}<\/script>\n<!-- \/ Yoast SEO plugin. -->","yoast_head_json":{"title":"Thomasgraf: Kooperation mit Trioninvest wird enger - IMMOBILIEN Business","description":"Der Immobiliendienstleister Thomasgraf und der Verm\u00f6gensverwalter Trioninvest intensivieren die Zusammenarbeit.","robots":{"index":"index","follow":"follow","max-snippet":"max-snippet:-1","max-image-preview":"max-image-preview:large","max-video-preview":"max-video-preview:-1"},"canonical":"https:\/\/www.immobilienbusiness.ch\/de\/unternehmen\/2021-11-26\/thomasgraf-kooperation-mit-trioninvest-wird-enger\/","og_locale":"de_DE","og_type":"article","og_title":"Thomasgraf: Kooperation mit Trioninvest wird enger - IMMOBILIEN Business","og_description":"Der Immobiliendienstleister Thomasgraf und der Verm\u00f6gensverwalter Trioninvest intensivieren die Zusammenarbeit.","og_url":"https:\/\/www.immobilienbusiness.ch\/de\/unternehmen\/2021-11-26\/thomasgraf-kooperation-mit-trioninvest-wird-enger\/","og_site_name":"IMMOBILIEN Business","article_publisher":"https:\/\/www.facebook.com\/immobilienbusiness\/","article_published_time":"2021-11-26T07:33:01+00:00","article_modified_time":"2021-12-02T08:38:27+00:00","og_image":[{"width":680,"height":449,"url":"https:\/\/www.immobilienbusiness.ch\/wp-content\/uploads\/2017\/09\/IB-News-20170927-Procimmo-Fonds-Dividende-Managerwechsel_Gajus-Images-\u2013-depositphotos.jpg","type":"image\/jpeg"}],"author":"anja.hall","twitter_card":"summary_large_image","twitter_image":"https:\/\/www.immobilienbusiness.ch\/wp-content\/uploads\/2017\/09\/IB-News-20170927-Procimmo-Fonds-Dividende-Managerwechsel_Gajus-Images-\u2013-depositphotos.jpg","schema":{"@context":"https:\/\/schema.org","@graph":[{"@type":"Article","@id":"https:\/\/www.immobilienbusiness.ch\/de\/unternehmen\/2021-11-26\/thomasgraf-kooperation-mit-trioninvest-wird-enger\/#article","isPartOf":{"@id":"https:\/\/www.immobilienbusiness.ch\/de\/unternehmen\/2021-11-26\/thomasgraf-kooperation-mit-trioninvest-wird-enger\/"},"author":{"name":"anja.hall","@id":"https:\/\/www.immobilienbusiness.ch\/#\/schema\/person\/3fc036297b10b9f42d6db5ee932af8c8"},"headline":"Thomasgraf: Kooperation mit Trioninvest wird enger","datePublished":"2021-11-26T07:33:01+00:00","dateModified":"2021-12-02T08:38:27+00:00","mainEntityOfPage":{"@id":"https:\/\/www.immobilienbusiness.ch\/de\/unternehmen\/2021-11-26\/thomasgraf-kooperation-mit-trioninvest-wird-enger\/"},"wordCount":154,"publisher":{"@id":"https:\/\/www.immobilienbusiness.ch\/#organization"},"image":{"@id":"https:\/\/www.immobilienbusiness.ch\/de\/unternehmen\/2021-11-26\/thomasgraf-kooperation-mit-trioninvest-wird-enger\/#primaryimage"},"thumbnailUrl":"https:\/\/www.immobilienbusiness.ch\/wp-content\/uploads\/2017\/09\/IB-News-20170927-Procimmo-Fonds-Dividende-Managerwechsel_Gajus-Images-\u2013-depositphotos.jpg","keywords":["Asset Manager","Kooperation","Makler"],"articleSection":["UNTERNEHMEN"],"inLanguage":"de"},{"@type":"WebPage","@id":"https:\/\/www.immobilienbusiness.ch\/de\/unternehmen\/2021-11-26\/thomasgraf-kooperation-mit-trioninvest-wird-enger\/","url":"https:\/\/www.immobilienbusiness.ch\/de\/unternehmen\/2021-11-26\/thomasgraf-kooperation-mit-trioninvest-wird-enger\/","name":"Thomasgraf: Kooperation mit Trioninvest wird enger - IMMOBILIEN Business","isPartOf":{"@id":"https:\/\/www.immobilienbusiness.ch\/#website"},"primaryImageOfPage":{"@id":"https:\/\/www.immobilienbusiness.ch\/de\/unternehmen\/2021-11-26\/thomasgraf-kooperation-mit-trioninvest-wird-enger\/#primaryimage"},"image":{"@id":"https:\/\/www.immobilienbusiness.ch\/de\/unternehmen\/2021-11-26\/thomasgraf-kooperation-mit-trioninvest-wird-enger\/#primaryimage"},"thumbnailUrl":"https:\/\/www.immobilienbusiness.ch\/wp-content\/uploads\/2017\/09\/IB-News-20170927-Procimmo-Fonds-Dividende-Managerwechsel_Gajus-Images-\u2013-depositphotos.jpg","datePublished":"2021-11-26T07:33:01+00:00","dateModified":"2021-12-02T08:38:27+00:00","description":"Der Immobiliendienstleister Thomasgraf und der Verm\u00f6gensverwalter Trioninvest intensivieren die Zusammenarbeit.","breadcrumb":{"@id":"https:\/\/www.immobilienbusiness.ch\/de\/unternehmen\/2021-11-26\/thomasgraf-kooperation-mit-trioninvest-wird-enger\/#breadcrumb"},"inLanguage":"de","potentialAction":[{"@type":"ReadAction","target":["https:\/\/www.immobilienbusiness.ch\/de\/unternehmen\/2021-11-26\/thomasgraf-kooperation-mit-trioninvest-wird-enger\/"]}]},{"@type":"ImageObject","inLanguage":"de","@id":"https:\/\/www.immobilienbusiness.ch\/de\/unternehmen\/2021-11-26\/thomasgraf-kooperation-mit-trioninvest-wird-enger\/#primaryimage","url":"https:\/\/www.immobilienbusiness.ch\/wp-content\/uploads\/2017\/09\/IB-News-20170927-Procimmo-Fonds-Dividende-Managerwechsel_Gajus-Images-\u2013-depositphotos.jpg","contentUrl":"https:\/\/www.immobilienbusiness.ch\/wp-content\/uploads\/2017\/09\/IB-News-20170927-Procimmo-Fonds-Dividende-Managerwechsel_Gajus-Images-\u2013-depositphotos.jpg","width":680,"height":449,"caption":"Der \u00abProcimmo Swiss Commercial Fund\u00bb legt Zahlen vor und erh\u00e4lt einen neuen Fondsmanager (Bild: Gajus-Images-depositphotos)"},{"@type":"BreadcrumbList","@id":"https:\/\/www.immobilienbusiness.ch\/de\/unternehmen\/2021-11-26\/thomasgraf-kooperation-mit-trioninvest-wird-enger\/#breadcrumb","itemListElement":[{"@type":"ListItem","position":1,"name":"Home","item":"https:\/\/www.immobilienbusiness.ch\/"},{"@type":"ListItem","position":2,"name":"Thomasgraf: Kooperation mit Trioninvest wird enger"}]},{"@type":"WebSite","@id":"https:\/\/www.immobilienbusiness.ch\/#website","url":"https:\/\/www.immobilienbusiness.ch\/","name":"IMMOBILIEN Business","description":"Unabh\u00e4ngiges Schweizer Wirtschaftsmagazin mit Fokus auf Immobilien, Architektur- und Bau sowie Investment- und Finanzierung.","publisher":{"@id":"https:\/\/www.immobilienbusiness.ch\/#organization"},"potentialAction":[{"@type":"SearchAction","target":{"@type":"EntryPoint","urlTemplate":"https:\/\/www.immobilienbusiness.ch\/?s={search_term_string}"},"query-input":{"@type":"PropertyValueSpecification","valueRequired":true,"valueName":"search_term_string"}}],"inLanguage":"de"},{"@type":"Organization","@id":"https:\/\/www.immobilienbusiness.ch\/#organization","name":"IMMOBILIEN Business","url":"https:\/\/www.immobilienbusiness.ch\/","logo":{"@type":"ImageObject","inLanguage":"de","@id":"https:\/\/www.immobilienbusiness.ch\/#\/schema\/logo\/image\/","url":"https:\/\/www.immobilienbusiness.ch\/wp-content\/uploads\/2021\/07\/logo_ib.png","contentUrl":"https:\/\/www.immobilienbusiness.ch\/wp-content\/uploads\/2021\/07\/logo_ib.png","width":800,"height":181,"caption":"IMMOBILIEN Business"},"image":{"@id":"https:\/\/www.immobilienbusiness.ch\/#\/schema\/logo\/image\/"},"sameAs":["https:\/\/www.facebook.com\/immobilienbusiness\/"]},{"@type":"Person","@id":"https:\/\/www.immobilienbusiness.ch\/#\/schema\/person\/3fc036297b10b9f42d6db5ee932af8c8","name":"anja.hall","image":{"@type":"ImageObject","inLanguage":"de","@id":"https:\/\/secure.gravatar.com\/avatar\/066b5a0d447013502c71a5782f4f3469f03cfe595cc2329fb94652fe47511bfb?s=96&d=mm&r=g","url":"https:\/\/secure.gravatar.com\/avatar\/066b5a0d447013502c71a5782f4f3469f03cfe595cc2329fb94652fe47511bfb?s=96&d=mm&r=g","contentUrl":"https:\/\/secure.gravatar.com\/avatar\/066b5a0d447013502c71a5782f4f3469f03cfe595cc2329fb94652fe47511bfb?s=96&d=mm&r=g","caption":"anja.hall"},"url":"https:\/\/www.immobilienbusiness.ch\/de\/author\/anja-hall\/"}]}},"_links":{"self":[{"href":"https:\/\/www.immobilienbusiness.ch\/de\/wp-json\/wp\/v2\/posts\/39280","targetHints":{"allow":["GET"]}}],"collection":[{"href":"https:\/\/www.immobilienbusiness.ch\/de\/wp-json\/wp\/v2\/posts"}],"about":[{"href":"https:\/\/www.immobilienbusiness.ch\/de\/wp-json\/wp\/v2\/types\/post"}],"author":[{"embeddable":true,"href":"https:\/\/www.immobilienbusiness.ch\/de\/wp-json\/wp\/v2\/users\/3"}],"replies":[{"embeddable":true,"href":"https:\/\/www.immobilienbusiness.ch\/de\/wp-json\/wp\/v2\/comments?post=39280"}],"version-history":[{"count":3,"href":"https:\/\/www.immobilienbusiness.ch\/de\/wp-json\/wp\/v2\/posts\/39280\/revisions"}],"predecessor-version":[{"id":39333,"href":"https:\/\/www.immobilienbusiness.ch\/de\/wp-json\/wp\/v2\/posts\/39280\/revisions\/39333"}],"wp:featuredmedia":[{"embeddable":true,"href":"https:\/\/www.immobilienbusiness.ch\/de\/wp-json\/wp\/v2\/media\/9343"}],"wp:attachment":[{"href":"https:\/\/www.immobilienbusiness.ch\/de\/wp-json\/wp\/v2\/media?parent=39280"}],"wp:term":[{"taxonomy":"category","embeddable":true,"href":"https:\/\/www.immobilienbusiness.ch\/de\/wp-json\/wp\/v2\/categories?post=39280"},{"taxonomy":"post_tag","embeddable":true,"href":"https:\/\/www.immobilienbusiness.ch\/de\/wp-json\/wp\/v2\/tags?post=39280"}],"curies":[{"name":"wp","href":"https:\/\/api.w.org\/{rel}","templated":true}]}}