{"id":39021,"date":"2021-11-09T08:06:01","date_gmt":"2021-11-09T07:06:01","guid":{"rendered":"https:\/\/www.immobilienbusiness.ch\/?p=39021"},"modified":"2021-11-15T15:03:15","modified_gmt":"2021-11-15T14:03:15","slug":"swisscanto-responsible-swiss-commercial-zwei-zukaeufe","status":"publish","type":"post","link":"https:\/\/www.immobilienbusiness.ch\/de\/regionen\/2021-11-09\/swisscanto-responsible-swiss-commercial-zwei-zukaeufe\/","title":{"rendered":"Swisscanto Responsible Swiss Commercial: Zwei Zuk\u00e4ufe f\u00fcr den Fonds"},"content":{"rendered":"<figure id=\"attachment_39022\" aria-describedby=\"caption-attachment-39022\" style=\"width: 378px\" class=\"wp-caption alignnone\"><img loading=\"lazy\" decoding=\"async\" class=\"wp-image-39022 size-full\" src=\"https:\/\/www.immobilienbusiness.ch\/wp-content\/uploads\/2021\/11\/swisscanto.png\" alt=\"\" width=\"378\" height=\"251\" srcset=\"https:\/\/www.immobilienbusiness.ch\/wp-content\/uploads\/2021\/11\/swisscanto.png 378w, https:\/\/www.immobilienbusiness.ch\/wp-content\/uploads\/2021\/11\/swisscanto-300x199.png 300w, https:\/\/www.immobilienbusiness.ch\/wp-content\/uploads\/2021\/11\/swisscanto-16x12.png 16w, https:\/\/www.immobilienbusiness.ch\/wp-content\/uploads\/2021\/11\/swisscanto-264x175.png 264w\" sizes=\"auto, (max-width: 378px) 100vw, 378px\" \/><figcaption id=\"caption-attachment-39022\" class=\"wp-caption-text\">Das Nahversorgungszentrum Seepark in Kreuzlingen (Quelle: Swisscanto Invest)<\/figcaption><\/figure>\n<p><a href=\"https:\/\/www.immobilienbusiness.ch\/de\/asset-manager\/2021-10-14\/swisscanto-responsible-swiss-commercial-nimmt-fast-50-millionen-auf\/\">Im Nachgang zu der k\u00fcrzlich durchgef\u00fchrten Kapitalerh\u00f6hung<\/a> hat der Swisscanto (CH) Real Estate Fund Responsible Swiss Commercial zwei Liegenschaften in den Gemeinden Kreuzlingen (TG) und Suhr (AG) mit einem Marktwert von insgesamt 61 Mio. CHF gekauft. Dies entspreche einer Bruttorendite auf dem Kaufpreis von rund 4,5%, teilt Swisscanto mit. Damit sei der gesamte mit der Kapitalerh\u00f6hung geschaffene Spielraum f\u00fcr Investitionen zeitnah platziert worden.<\/p>\n<p>Bei der Liegenschaft in Kreuzlingen handelt sich um das Nahversorgungszentrum Seepark. Das Einkaufszentrum wurde 1976 er\u00f6ffnet und in diesem Jahr umfassend revitalisiert und hinsichtlich des Mietermixes neu ausgerichtet. Der Ankermieter, ein bekannter Lebensmitteldetailh\u00e4ndler, hat ein langfristiges Mietverh\u00e4ltnis abgeschlossen; weitere Mieter stammen aus den Bereichen Fitness und Food. Das Nahversorgungszentrum ist nach Angaben von Swisscanto beinahe vollvermietet, verf\u00fcgt \u00fcber einen WAULT von \u00fcber elf Jahren und befindet sich in einem neuwertigen Zustand. Der Besitzesantritt ist per 1. Januar 2022 vereinbart.<\/p>\n<p>Die Liegenschaft Bernstrasse Ost 24 in Suhr liegt laut Swisscanto in einem Haupteinkaufs- und Logistikcluster in der N\u00e4he von Aarau mit sehr gutem Autobahnanschluss. Das Geb\u00e4ude stammt aus dem Jahr 2000 und befindet sich in einem guten Zustand. Es beheimatet eine Filiale eines M\u00f6belfachmarkts. Die Fl\u00e4chen sind multitenantf\u00e4hig und langfristig vermietet. Das Objekt weist einen WAULT von \u00fcber zw\u00f6lf Jahren auf. Der Besitzesantritt ist per 1. November erfolgt. <em>(ah)<\/em><\/p>\n","protected":false},"excerpt":{"rendered":"<p>Der Immobilienfonds Swisscanto (CH) Real Estate Fund Responsible Swiss Commercial hat zwei kommerzielle Liegenschaften in Kreuzlingen und Suhr erworben. <\/p>\n","protected":false},"author":3,"featured_media":39022,"comment_status":"closed","ping_status":"closed","sticky":false,"template":"","format":"standard","meta":{"_acf_changed":false,"_yoast_wpseo_focuskw":"Swisscanto","_yoast_wpseo_title":"","_yoast_wpseo_metadesc":"Der Immobilienfonds Swisscanto (CH) Real Estate Fund Responsible Swiss Commercial hat zwei kommerzielle Liegenschaften in Kreuzlingen und Suhr erworben.","_yoast_wpseo_linkdex":61,"pgc_sgb_lightbox_settings":"","footnotes":""},"categories":[985],"tags":[1344,1348,1645,1765],"class_list":["post-39021","post","type-post","status-publish","format-standard","has-post-thumbnail","hentry","category-regionen","tag-immobilienfonds","tag-immobilienkauf","tag-retailflaechen","tag-swisscanto"],"acf":[],"yoast_head":"<!-- This site is optimized with the Yoast SEO plugin v27.5 - https:\/\/yoast.com\/product\/yoast-seo-wordpress\/ -->\n<title>Swisscanto Responsible Swiss Commercial: Zwei Zuk\u00e4ufe f\u00fcr den Fonds - IMMOBILIEN Business<\/title>\n<meta name=\"description\" content=\"Der Immobilienfonds Swisscanto (CH) Real Estate Fund Responsible Swiss Commercial hat zwei kommerzielle Liegenschaften in Kreuzlingen und Suhr erworben.\" \/>\n<meta name=\"robots\" content=\"index, follow, max-snippet:-1, max-image-preview:large, max-video-preview:-1\" \/>\n<link rel=\"canonical\" href=\"https:\/\/www.immobilienbusiness.ch\/de\/regionen\/2021-11-09\/swisscanto-responsible-swiss-commercial-zwei-zukaeufe\/\" \/>\n<meta property=\"og:locale\" content=\"de_DE\" \/>\n<meta property=\"og:type\" content=\"article\" \/>\n<meta property=\"og:title\" content=\"Swisscanto Responsible Swiss Commercial: Zwei Zuk\u00e4ufe f\u00fcr den Fonds - IMMOBILIEN Business\" \/>\n<meta property=\"og:description\" content=\"Der Immobilienfonds Swisscanto (CH) Real Estate Fund Responsible Swiss Commercial hat zwei kommerzielle Liegenschaften in Kreuzlingen und Suhr erworben.\" \/>\n<meta property=\"og:url\" content=\"https:\/\/www.immobilienbusiness.ch\/de\/regionen\/2021-11-09\/swisscanto-responsible-swiss-commercial-zwei-zukaeufe\/\" \/>\n<meta property=\"og:site_name\" content=\"IMMOBILIEN Business\" \/>\n<meta property=\"article:publisher\" content=\"https:\/\/www.facebook.com\/immobilienbusiness\/\" \/>\n<meta property=\"article:published_time\" content=\"2021-11-09T07:06:01+00:00\" \/>\n<meta property=\"article:modified_time\" content=\"2021-11-15T14:03:15+00:00\" \/>\n<meta property=\"og:image\" content=\"https:\/\/www.immobilienbusiness.ch\/wp-content\/uploads\/2021\/11\/swisscanto.png\" \/>\n\t<meta property=\"og:image:width\" content=\"378\" \/>\n\t<meta property=\"og:image:height\" content=\"251\" \/>\n\t<meta property=\"og:image:type\" content=\"image\/png\" \/>\n<meta name=\"author\" content=\"anja.hall\" \/>\n<meta name=\"twitter:card\" content=\"summary_large_image\" \/>\n<meta name=\"twitter:image\" content=\"https:\/\/www.immobilienbusiness.ch\/wp-content\/uploads\/2021\/11\/swisscanto.png\" \/>\n<script type=\"application\/ld+json\" class=\"yoast-schema-graph\">{\"@context\":\"https:\\\/\\\/schema.org\",\"@graph\":[{\"@type\":\"Article\",\"@id\":\"https:\\\/\\\/www.immobilienbusiness.ch\\\/en\\\/regionen\\\/2021-11-09\\\/swisscanto-responsible-swiss-commercial-zwei-zukaeufe\\\/#article\",\"isPartOf\":{\"@id\":\"https:\\\/\\\/www.immobilienbusiness.ch\\\/en\\\/regionen\\\/2021-11-09\\\/swisscanto-responsible-swiss-commercial-zwei-zukaeufe\\\/\"},\"author\":{\"name\":\"anja.hall\",\"@id\":\"https:\\\/\\\/www.immobilienbusiness.ch\\\/#\\\/schema\\\/person\\\/3fc036297b10b9f42d6db5ee932af8c8\"},\"headline\":\"Swisscanto Responsible Swiss Commercial: Zwei Zuk\u00e4ufe f\u00fcr den Fonds\",\"datePublished\":\"2021-11-09T07:06:01+00:00\",\"dateModified\":\"2021-11-15T14:03:15+00:00\",\"mainEntityOfPage\":{\"@id\":\"https:\\\/\\\/www.immobilienbusiness.ch\\\/en\\\/regionen\\\/2021-11-09\\\/swisscanto-responsible-swiss-commercial-zwei-zukaeufe\\\/\"},\"wordCount\":244,\"publisher\":{\"@id\":\"https:\\\/\\\/www.immobilienbusiness.ch\\\/#organization\"},\"image\":{\"@id\":\"https:\\\/\\\/www.immobilienbusiness.ch\\\/en\\\/regionen\\\/2021-11-09\\\/swisscanto-responsible-swiss-commercial-zwei-zukaeufe\\\/#primaryimage\"},\"thumbnailUrl\":\"https:\\\/\\\/www.immobilienbusiness.ch\\\/wp-content\\\/uploads\\\/2021\\\/11\\\/swisscanto.png\",\"keywords\":[\"Immobilienfonds\",\"Immobilienkauf\",\"Retailfl\u00e4chen\",\"Swisscanto\"],\"articleSection\":[\"REGIONEN\"],\"inLanguage\":\"de\"},{\"@type\":\"WebPage\",\"@id\":\"https:\\\/\\\/www.immobilienbusiness.ch\\\/en\\\/regionen\\\/2021-11-09\\\/swisscanto-responsible-swiss-commercial-zwei-zukaeufe\\\/\",\"url\":\"https:\\\/\\\/www.immobilienbusiness.ch\\\/en\\\/regionen\\\/2021-11-09\\\/swisscanto-responsible-swiss-commercial-zwei-zukaeufe\\\/\",\"name\":\"Swisscanto Responsible Swiss Commercial: Zwei Zuk\u00e4ufe f\u00fcr den Fonds - IMMOBILIEN Business\",\"isPartOf\":{\"@id\":\"https:\\\/\\\/www.immobilienbusiness.ch\\\/#website\"},\"primaryImageOfPage\":{\"@id\":\"https:\\\/\\\/www.immobilienbusiness.ch\\\/en\\\/regionen\\\/2021-11-09\\\/swisscanto-responsible-swiss-commercial-zwei-zukaeufe\\\/#primaryimage\"},\"image\":{\"@id\":\"https:\\\/\\\/www.immobilienbusiness.ch\\\/en\\\/regionen\\\/2021-11-09\\\/swisscanto-responsible-swiss-commercial-zwei-zukaeufe\\\/#primaryimage\"},\"thumbnailUrl\":\"https:\\\/\\\/www.immobilienbusiness.ch\\\/wp-content\\\/uploads\\\/2021\\\/11\\\/swisscanto.png\",\"datePublished\":\"2021-11-09T07:06:01+00:00\",\"dateModified\":\"2021-11-15T14:03:15+00:00\",\"description\":\"Der Immobilienfonds Swisscanto (CH) Real Estate Fund Responsible Swiss Commercial hat zwei kommerzielle Liegenschaften in Kreuzlingen und Suhr erworben.\",\"breadcrumb\":{\"@id\":\"https:\\\/\\\/www.immobilienbusiness.ch\\\/en\\\/regionen\\\/2021-11-09\\\/swisscanto-responsible-swiss-commercial-zwei-zukaeufe\\\/#breadcrumb\"},\"inLanguage\":\"de\",\"potentialAction\":[{\"@type\":\"ReadAction\",\"target\":[\"https:\\\/\\\/www.immobilienbusiness.ch\\\/en\\\/regionen\\\/2021-11-09\\\/swisscanto-responsible-swiss-commercial-zwei-zukaeufe\\\/\"]}]},{\"@type\":\"ImageObject\",\"inLanguage\":\"de\",\"@id\":\"https:\\\/\\\/www.immobilienbusiness.ch\\\/en\\\/regionen\\\/2021-11-09\\\/swisscanto-responsible-swiss-commercial-zwei-zukaeufe\\\/#primaryimage\",\"url\":\"https:\\\/\\\/www.immobilienbusiness.ch\\\/wp-content\\\/uploads\\\/2021\\\/11\\\/swisscanto.png\",\"contentUrl\":\"https:\\\/\\\/www.immobilienbusiness.ch\\\/wp-content\\\/uploads\\\/2021\\\/11\\\/swisscanto.png\",\"width\":378,\"height\":251},{\"@type\":\"BreadcrumbList\",\"@id\":\"https:\\\/\\\/www.immobilienbusiness.ch\\\/en\\\/regionen\\\/2021-11-09\\\/swisscanto-responsible-swiss-commercial-zwei-zukaeufe\\\/#breadcrumb\",\"itemListElement\":[{\"@type\":\"ListItem\",\"position\":1,\"name\":\"Home\",\"item\":\"https:\\\/\\\/www.immobilienbusiness.ch\\\/\"},{\"@type\":\"ListItem\",\"position\":2,\"name\":\"Swisscanto Responsible Swiss Commercial: Zwei Zuk\u00e4ufe f\u00fcr den Fonds\"}]},{\"@type\":\"WebSite\",\"@id\":\"https:\\\/\\\/www.immobilienbusiness.ch\\\/#website\",\"url\":\"https:\\\/\\\/www.immobilienbusiness.ch\\\/\",\"name\":\"IMMOBILIEN Business\",\"description\":\"Unabh\u00e4ngiges Schweizer Wirtschaftsmagazin mit Fokus auf Immobilien, Architektur- und Bau sowie Investment- und Finanzierung.\",\"publisher\":{\"@id\":\"https:\\\/\\\/www.immobilienbusiness.ch\\\/#organization\"},\"potentialAction\":[{\"@type\":\"SearchAction\",\"target\":{\"@type\":\"EntryPoint\",\"urlTemplate\":\"https:\\\/\\\/www.immobilienbusiness.ch\\\/?s={search_term_string}\"},\"query-input\":{\"@type\":\"PropertyValueSpecification\",\"valueRequired\":true,\"valueName\":\"search_term_string\"}}],\"inLanguage\":\"de\"},{\"@type\":\"Organization\",\"@id\":\"https:\\\/\\\/www.immobilienbusiness.ch\\\/#organization\",\"name\":\"IMMOBILIEN Business\",\"url\":\"https:\\\/\\\/www.immobilienbusiness.ch\\\/\",\"logo\":{\"@type\":\"ImageObject\",\"inLanguage\":\"de\",\"@id\":\"https:\\\/\\\/www.immobilienbusiness.ch\\\/#\\\/schema\\\/logo\\\/image\\\/\",\"url\":\"https:\\\/\\\/www.immobilienbusiness.ch\\\/wp-content\\\/uploads\\\/2021\\\/07\\\/logo_ib.png\",\"contentUrl\":\"https:\\\/\\\/www.immobilienbusiness.ch\\\/wp-content\\\/uploads\\\/2021\\\/07\\\/logo_ib.png\",\"width\":800,\"height\":181,\"caption\":\"IMMOBILIEN Business\"},\"image\":{\"@id\":\"https:\\\/\\\/www.immobilienbusiness.ch\\\/#\\\/schema\\\/logo\\\/image\\\/\"},\"sameAs\":[\"https:\\\/\\\/www.facebook.com\\\/immobilienbusiness\\\/\"]},{\"@type\":\"Person\",\"@id\":\"https:\\\/\\\/www.immobilienbusiness.ch\\\/#\\\/schema\\\/person\\\/3fc036297b10b9f42d6db5ee932af8c8\",\"name\":\"anja.hall\",\"image\":{\"@type\":\"ImageObject\",\"inLanguage\":\"de\",\"@id\":\"https:\\\/\\\/secure.gravatar.com\\\/avatar\\\/066b5a0d447013502c71a5782f4f3469f03cfe595cc2329fb94652fe47511bfb?s=96&d=mm&r=g\",\"url\":\"https:\\\/\\\/secure.gravatar.com\\\/avatar\\\/066b5a0d447013502c71a5782f4f3469f03cfe595cc2329fb94652fe47511bfb?s=96&d=mm&r=g\",\"contentUrl\":\"https:\\\/\\\/secure.gravatar.com\\\/avatar\\\/066b5a0d447013502c71a5782f4f3469f03cfe595cc2329fb94652fe47511bfb?s=96&d=mm&r=g\",\"caption\":\"anja.hall\"},\"url\":\"https:\\\/\\\/www.immobilienbusiness.ch\\\/de\\\/author\\\/anja-hall\\\/\"}]}<\/script>\n<!-- \/ Yoast SEO plugin. -->","yoast_head_json":{"title":"Swisscanto Responsible Swiss Commercial: Zwei Zuk\u00e4ufe f\u00fcr den Fonds - IMMOBILIEN Business","description":"Der Immobilienfonds Swisscanto (CH) Real Estate Fund Responsible Swiss Commercial hat zwei kommerzielle Liegenschaften in Kreuzlingen und Suhr erworben.","robots":{"index":"index","follow":"follow","max-snippet":"max-snippet:-1","max-image-preview":"max-image-preview:large","max-video-preview":"max-video-preview:-1"},"canonical":"https:\/\/www.immobilienbusiness.ch\/de\/regionen\/2021-11-09\/swisscanto-responsible-swiss-commercial-zwei-zukaeufe\/","og_locale":"de_DE","og_type":"article","og_title":"Swisscanto Responsible Swiss Commercial: Zwei Zuk\u00e4ufe f\u00fcr den Fonds - IMMOBILIEN Business","og_description":"Der Immobilienfonds Swisscanto (CH) Real Estate Fund Responsible Swiss Commercial hat zwei kommerzielle Liegenschaften in Kreuzlingen und Suhr erworben.","og_url":"https:\/\/www.immobilienbusiness.ch\/de\/regionen\/2021-11-09\/swisscanto-responsible-swiss-commercial-zwei-zukaeufe\/","og_site_name":"IMMOBILIEN Business","article_publisher":"https:\/\/www.facebook.com\/immobilienbusiness\/","article_published_time":"2021-11-09T07:06:01+00:00","article_modified_time":"2021-11-15T14:03:15+00:00","og_image":[{"width":378,"height":251,"url":"https:\/\/www.immobilienbusiness.ch\/wp-content\/uploads\/2021\/11\/swisscanto.png","type":"image\/png"}],"author":"anja.hall","twitter_card":"summary_large_image","twitter_image":"https:\/\/www.immobilienbusiness.ch\/wp-content\/uploads\/2021\/11\/swisscanto.png","schema":{"@context":"https:\/\/schema.org","@graph":[{"@type":"Article","@id":"https:\/\/www.immobilienbusiness.ch\/en\/regionen\/2021-11-09\/swisscanto-responsible-swiss-commercial-zwei-zukaeufe\/#article","isPartOf":{"@id":"https:\/\/www.immobilienbusiness.ch\/en\/regionen\/2021-11-09\/swisscanto-responsible-swiss-commercial-zwei-zukaeufe\/"},"author":{"name":"anja.hall","@id":"https:\/\/www.immobilienbusiness.ch\/#\/schema\/person\/3fc036297b10b9f42d6db5ee932af8c8"},"headline":"Swisscanto Responsible Swiss Commercial: Zwei Zuk\u00e4ufe f\u00fcr den Fonds","datePublished":"2021-11-09T07:06:01+00:00","dateModified":"2021-11-15T14:03:15+00:00","mainEntityOfPage":{"@id":"https:\/\/www.immobilienbusiness.ch\/en\/regionen\/2021-11-09\/swisscanto-responsible-swiss-commercial-zwei-zukaeufe\/"},"wordCount":244,"publisher":{"@id":"https:\/\/www.immobilienbusiness.ch\/#organization"},"image":{"@id":"https:\/\/www.immobilienbusiness.ch\/en\/regionen\/2021-11-09\/swisscanto-responsible-swiss-commercial-zwei-zukaeufe\/#primaryimage"},"thumbnailUrl":"https:\/\/www.immobilienbusiness.ch\/wp-content\/uploads\/2021\/11\/swisscanto.png","keywords":["Immobilienfonds","Immobilienkauf","Retailfl\u00e4chen","Swisscanto"],"articleSection":["REGIONEN"],"inLanguage":"de"},{"@type":"WebPage","@id":"https:\/\/www.immobilienbusiness.ch\/en\/regionen\/2021-11-09\/swisscanto-responsible-swiss-commercial-zwei-zukaeufe\/","url":"https:\/\/www.immobilienbusiness.ch\/en\/regionen\/2021-11-09\/swisscanto-responsible-swiss-commercial-zwei-zukaeufe\/","name":"Swisscanto Responsible Swiss Commercial: Zwei Zuk\u00e4ufe f\u00fcr den Fonds - IMMOBILIEN Business","isPartOf":{"@id":"https:\/\/www.immobilienbusiness.ch\/#website"},"primaryImageOfPage":{"@id":"https:\/\/www.immobilienbusiness.ch\/en\/regionen\/2021-11-09\/swisscanto-responsible-swiss-commercial-zwei-zukaeufe\/#primaryimage"},"image":{"@id":"https:\/\/www.immobilienbusiness.ch\/en\/regionen\/2021-11-09\/swisscanto-responsible-swiss-commercial-zwei-zukaeufe\/#primaryimage"},"thumbnailUrl":"https:\/\/www.immobilienbusiness.ch\/wp-content\/uploads\/2021\/11\/swisscanto.png","datePublished":"2021-11-09T07:06:01+00:00","dateModified":"2021-11-15T14:03:15+00:00","description":"Der Immobilienfonds Swisscanto (CH) Real Estate Fund Responsible Swiss Commercial hat zwei kommerzielle Liegenschaften in Kreuzlingen und Suhr erworben.","breadcrumb":{"@id":"https:\/\/www.immobilienbusiness.ch\/en\/regionen\/2021-11-09\/swisscanto-responsible-swiss-commercial-zwei-zukaeufe\/#breadcrumb"},"inLanguage":"de","potentialAction":[{"@type":"ReadAction","target":["https:\/\/www.immobilienbusiness.ch\/en\/regionen\/2021-11-09\/swisscanto-responsible-swiss-commercial-zwei-zukaeufe\/"]}]},{"@type":"ImageObject","inLanguage":"de","@id":"https:\/\/www.immobilienbusiness.ch\/en\/regionen\/2021-11-09\/swisscanto-responsible-swiss-commercial-zwei-zukaeufe\/#primaryimage","url":"https:\/\/www.immobilienbusiness.ch\/wp-content\/uploads\/2021\/11\/swisscanto.png","contentUrl":"https:\/\/www.immobilienbusiness.ch\/wp-content\/uploads\/2021\/11\/swisscanto.png","width":378,"height":251},{"@type":"BreadcrumbList","@id":"https:\/\/www.immobilienbusiness.ch\/en\/regionen\/2021-11-09\/swisscanto-responsible-swiss-commercial-zwei-zukaeufe\/#breadcrumb","itemListElement":[{"@type":"ListItem","position":1,"name":"Home","item":"https:\/\/www.immobilienbusiness.ch\/"},{"@type":"ListItem","position":2,"name":"Swisscanto Responsible Swiss Commercial: Zwei Zuk\u00e4ufe f\u00fcr den Fonds"}]},{"@type":"WebSite","@id":"https:\/\/www.immobilienbusiness.ch\/#website","url":"https:\/\/www.immobilienbusiness.ch\/","name":"IMMOBILIEN Business","description":"Unabh\u00e4ngiges Schweizer Wirtschaftsmagazin mit Fokus auf Immobilien, Architektur- und Bau sowie Investment- und Finanzierung.","publisher":{"@id":"https:\/\/www.immobilienbusiness.ch\/#organization"},"potentialAction":[{"@type":"SearchAction","target":{"@type":"EntryPoint","urlTemplate":"https:\/\/www.immobilienbusiness.ch\/?s={search_term_string}"},"query-input":{"@type":"PropertyValueSpecification","valueRequired":true,"valueName":"search_term_string"}}],"inLanguage":"de"},{"@type":"Organization","@id":"https:\/\/www.immobilienbusiness.ch\/#organization","name":"IMMOBILIEN Business","url":"https:\/\/www.immobilienbusiness.ch\/","logo":{"@type":"ImageObject","inLanguage":"de","@id":"https:\/\/www.immobilienbusiness.ch\/#\/schema\/logo\/image\/","url":"https:\/\/www.immobilienbusiness.ch\/wp-content\/uploads\/2021\/07\/logo_ib.png","contentUrl":"https:\/\/www.immobilienbusiness.ch\/wp-content\/uploads\/2021\/07\/logo_ib.png","width":800,"height":181,"caption":"IMMOBILIEN Business"},"image":{"@id":"https:\/\/www.immobilienbusiness.ch\/#\/schema\/logo\/image\/"},"sameAs":["https:\/\/www.facebook.com\/immobilienbusiness\/"]},{"@type":"Person","@id":"https:\/\/www.immobilienbusiness.ch\/#\/schema\/person\/3fc036297b10b9f42d6db5ee932af8c8","name":"anja.hall","image":{"@type":"ImageObject","inLanguage":"de","@id":"https:\/\/secure.gravatar.com\/avatar\/066b5a0d447013502c71a5782f4f3469f03cfe595cc2329fb94652fe47511bfb?s=96&d=mm&r=g","url":"https:\/\/secure.gravatar.com\/avatar\/066b5a0d447013502c71a5782f4f3469f03cfe595cc2329fb94652fe47511bfb?s=96&d=mm&r=g","contentUrl":"https:\/\/secure.gravatar.com\/avatar\/066b5a0d447013502c71a5782f4f3469f03cfe595cc2329fb94652fe47511bfb?s=96&d=mm&r=g","caption":"anja.hall"},"url":"https:\/\/www.immobilienbusiness.ch\/de\/author\/anja-hall\/"}]}},"_links":{"self":[{"href":"https:\/\/www.immobilienbusiness.ch\/de\/wp-json\/wp\/v2\/posts\/39021","targetHints":{"allow":["GET"]}}],"collection":[{"href":"https:\/\/www.immobilienbusiness.ch\/de\/wp-json\/wp\/v2\/posts"}],"about":[{"href":"https:\/\/www.immobilienbusiness.ch\/de\/wp-json\/wp\/v2\/types\/post"}],"author":[{"embeddable":true,"href":"https:\/\/www.immobilienbusiness.ch\/de\/wp-json\/wp\/v2\/users\/3"}],"replies":[{"embeddable":true,"href":"https:\/\/www.immobilienbusiness.ch\/de\/wp-json\/wp\/v2\/comments?post=39021"}],"version-history":[{"count":4,"href":"https:\/\/www.immobilienbusiness.ch\/de\/wp-json\/wp\/v2\/posts\/39021\/revisions"}],"predecessor-version":[{"id":39077,"href":"https:\/\/www.immobilienbusiness.ch\/de\/wp-json\/wp\/v2\/posts\/39021\/revisions\/39077"}],"wp:featuredmedia":[{"embeddable":true,"href":"https:\/\/www.immobilienbusiness.ch\/de\/wp-json\/wp\/v2\/media\/39022"}],"wp:attachment":[{"href":"https:\/\/www.immobilienbusiness.ch\/de\/wp-json\/wp\/v2\/media?parent=39021"}],"wp:term":[{"taxonomy":"category","embeddable":true,"href":"https:\/\/www.immobilienbusiness.ch\/de\/wp-json\/wp\/v2\/categories?post=39021"},{"taxonomy":"post_tag","embeddable":true,"href":"https:\/\/www.immobilienbusiness.ch\/de\/wp-json\/wp\/v2\/tags?post=39021"}],"curies":[{"name":"wp","href":"https:\/\/api.w.org\/{rel}","templated":true}]}}