{"id":38873,"date":"2021-11-02T08:52:32","date_gmt":"2021-11-02T07:52:32","guid":{"rendered":"https:\/\/www.immobilienbusiness.ch\/?p=38873"},"modified":"2021-11-15T15:03:25","modified_gmt":"2021-11-15T14:03:25","slug":"affoltern-am-albis-quantus-kauft-fachmarktzentrum","status":"publish","type":"post","link":"https:\/\/www.immobilienbusiness.ch\/de\/regionen\/2021-11-02\/affoltern-am-albis-quantus-kauft-fachmarktzentrum\/","title":{"rendered":"Affoltern am Albis: Quantus kauft Fachmarktzentrum"},"content":{"rendered":"<figure id=\"attachment_38874\" aria-describedby=\"caption-attachment-38874\" style=\"width: 800px\" class=\"wp-caption alignnone\"><img loading=\"lazy\" decoding=\"async\" class=\"wp-image-38874 size-full\" src=\"https:\/\/www.immobilienbusiness.ch\/wp-content\/uploads\/2021\/11\/affoltern.jpg\" alt=\"\" width=\"800\" height=\"534\" srcset=\"https:\/\/www.immobilienbusiness.ch\/wp-content\/uploads\/2021\/11\/affoltern.jpg 800w, https:\/\/www.immobilienbusiness.ch\/wp-content\/uploads\/2021\/11\/affoltern-300x200.jpg 300w, https:\/\/www.immobilienbusiness.ch\/wp-content\/uploads\/2021\/11\/affoltern-768x513.jpg 768w, https:\/\/www.immobilienbusiness.ch\/wp-content\/uploads\/2021\/11\/affoltern-16x12.jpg 16w, https:\/\/www.immobilienbusiness.ch\/wp-content\/uploads\/2021\/11\/affoltern-262x175.jpg 262w, https:\/\/www.immobilienbusiness.ch\/wp-content\/uploads\/2021\/11\/affoltern-524x350.jpg 524w\" sizes=\"auto, (max-width: 800px) 100vw, 800px\" \/><figcaption id=\"caption-attachment-38874\" class=\"wp-caption-text\">Das Fachmarktzentrum in Affoltern am Albis hat einen neuen Eigent\u00fcmer (Quelle: Quantus Real Estate)<\/figcaption><\/figure>\n<p>Der Fachmarkt in Affoltern am Albis ist vor kurzem fertiggestellt worden und umfasst rund 30.000 qm Verkaufs- und Nebenfl\u00e4chen. Auf knapp der H\u00e4lfte der Fl\u00e4chen hat die Migros Z\u00fcrich Ende Oktober einen Obi-Baumarkt mit Gartencenter er\u00f6ffnet. Auf der anderen H\u00e4lfte wird die XXXLutz-Gruppe Mitte November eine M\u00f6bel-Pfister-Filiale er\u00f6ffnen. Zu dem M\u00f6belhaus wird eines der gr\u00f6ssten K\u00fcchenstudios der Schweiz und ein eigenes Gastronomiekonzept geh\u00f6ren. Beide Betreiber verf\u00fcgen \u00fcber langfristige Mietvertr\u00e4ge, teilt Quantus Real Estate mit.<\/p>\n<p>Realisiert wurde das Projekt von der Genossenschaft Migros Z\u00fcrich und dem Bau- und Immobiliendienstleister Leuthard. Quantus Real Estate hat das Projekt nach eigenen Angaben f\u00fcr ein privates Anlagegef\u00e4ss erworben. <em>(ah)<\/em><\/p>\n","protected":false},"excerpt":{"rendered":"<p>Der Investment-Manager Quantus Real Estate hat den Fachmarkt Albis-Park in Affoltern am Albis erworben. <\/p>\n","protected":false},"author":3,"featured_media":38874,"comment_status":"closed","ping_status":"closed","sticky":false,"template":"","format":"standard","meta":{"_acf_changed":false,"_yoast_wpseo_focuskw":"Affoltern","_yoast_wpseo_title":"","_yoast_wpseo_metadesc":"Der Investment-Manager Quantus Real Estate hat den Fachmarkt Albis-Park in Affoltern am Albis erworben.","_yoast_wpseo_linkdex":46,"pgc_sgb_lightbox_settings":"","footnotes":""},"categories":[985],"tags":[1215,1410,1659],"class_list":["post-38873","post","type-post","status-publish","format-standard","has-post-thumbnail","hentry","category-regionen","tag-fachmarktzentrum","tag-kanton-zuerich","tag-sale-and-lease-back"],"acf":[],"yoast_head":"<!-- This site is optimized with the Yoast SEO plugin v27.4 - https:\/\/yoast.com\/product\/yoast-seo-wordpress\/ -->\n<title>Affoltern am Albis: Quantus kauft Fachmarktzentrum - IMMOBILIEN Business<\/title>\n<meta name=\"description\" content=\"Der Investment-Manager Quantus Real Estate hat den Fachmarkt Albis-Park in Affoltern am Albis erworben.\" \/>\n<meta name=\"robots\" content=\"index, follow, max-snippet:-1, max-image-preview:large, max-video-preview:-1\" \/>\n<link rel=\"canonical\" href=\"https:\/\/www.immobilienbusiness.ch\/de\/regionen\/2021-11-02\/affoltern-am-albis-quantus-kauft-fachmarktzentrum\/\" \/>\n<meta property=\"og:locale\" content=\"de_DE\" \/>\n<meta property=\"og:type\" content=\"article\" \/>\n<meta property=\"og:title\" content=\"Affoltern am Albis: Quantus kauft Fachmarktzentrum - IMMOBILIEN Business\" \/>\n<meta property=\"og:description\" content=\"Der Investment-Manager Quantus Real Estate hat den Fachmarkt Albis-Park in Affoltern am Albis erworben.\" \/>\n<meta property=\"og:url\" content=\"https:\/\/www.immobilienbusiness.ch\/de\/regionen\/2021-11-02\/affoltern-am-albis-quantus-kauft-fachmarktzentrum\/\" \/>\n<meta property=\"og:site_name\" content=\"IMMOBILIEN Business\" \/>\n<meta property=\"article:publisher\" content=\"https:\/\/www.facebook.com\/immobilienbusiness\/\" \/>\n<meta property=\"article:published_time\" content=\"2021-11-02T07:52:32+00:00\" \/>\n<meta property=\"article:modified_time\" content=\"2021-11-15T14:03:25+00:00\" \/>\n<meta property=\"og:image\" content=\"https:\/\/www.immobilienbusiness.ch\/wp-content\/uploads\/2021\/11\/affoltern.jpg\" \/>\n\t<meta property=\"og:image:width\" content=\"800\" \/>\n\t<meta property=\"og:image:height\" content=\"534\" \/>\n\t<meta property=\"og:image:type\" content=\"image\/jpeg\" \/>\n<meta name=\"author\" content=\"anja.hall\" \/>\n<meta name=\"twitter:card\" content=\"summary_large_image\" \/>\n<meta name=\"twitter:image\" content=\"https:\/\/www.immobilienbusiness.ch\/wp-content\/uploads\/2021\/11\/affoltern.jpg\" \/>\n<script type=\"application\/ld+json\" class=\"yoast-schema-graph\">{\"@context\":\"https:\\\/\\\/schema.org\",\"@graph\":[{\"@type\":\"Article\",\"@id\":\"https:\\\/\\\/www.immobilienbusiness.ch\\\/de\\\/regionen\\\/2021-11-02\\\/affoltern-am-albis-quantus-kauft-fachmarktzentrum\\\/#article\",\"isPartOf\":{\"@id\":\"https:\\\/\\\/www.immobilienbusiness.ch\\\/de\\\/regionen\\\/2021-11-02\\\/affoltern-am-albis-quantus-kauft-fachmarktzentrum\\\/\"},\"author\":{\"name\":\"anja.hall\",\"@id\":\"https:\\\/\\\/www.immobilienbusiness.ch\\\/#\\\/schema\\\/person\\\/3fc036297b10b9f42d6db5ee932af8c8\"},\"headline\":\"Affoltern am Albis: Quantus kauft Fachmarktzentrum\",\"datePublished\":\"2021-11-02T07:52:32+00:00\",\"dateModified\":\"2021-11-15T14:03:25+00:00\",\"mainEntityOfPage\":{\"@id\":\"https:\\\/\\\/www.immobilienbusiness.ch\\\/de\\\/regionen\\\/2021-11-02\\\/affoltern-am-albis-quantus-kauft-fachmarktzentrum\\\/\"},\"wordCount\":148,\"publisher\":{\"@id\":\"https:\\\/\\\/www.immobilienbusiness.ch\\\/#organization\"},\"image\":{\"@id\":\"https:\\\/\\\/www.immobilienbusiness.ch\\\/de\\\/regionen\\\/2021-11-02\\\/affoltern-am-albis-quantus-kauft-fachmarktzentrum\\\/#primaryimage\"},\"thumbnailUrl\":\"https:\\\/\\\/www.immobilienbusiness.ch\\\/wp-content\\\/uploads\\\/2021\\\/11\\\/affoltern.jpg\",\"keywords\":[\"Fachmarktzentrum\",\"Kanton Z\u00fcrich\",\"Sale-and-lease-back\"],\"articleSection\":[\"REGIONEN\"],\"inLanguage\":\"de\"},{\"@type\":\"WebPage\",\"@id\":\"https:\\\/\\\/www.immobilienbusiness.ch\\\/de\\\/regionen\\\/2021-11-02\\\/affoltern-am-albis-quantus-kauft-fachmarktzentrum\\\/\",\"url\":\"https:\\\/\\\/www.immobilienbusiness.ch\\\/de\\\/regionen\\\/2021-11-02\\\/affoltern-am-albis-quantus-kauft-fachmarktzentrum\\\/\",\"name\":\"Affoltern am Albis: Quantus kauft Fachmarktzentrum - IMMOBILIEN Business\",\"isPartOf\":{\"@id\":\"https:\\\/\\\/www.immobilienbusiness.ch\\\/#website\"},\"primaryImageOfPage\":{\"@id\":\"https:\\\/\\\/www.immobilienbusiness.ch\\\/de\\\/regionen\\\/2021-11-02\\\/affoltern-am-albis-quantus-kauft-fachmarktzentrum\\\/#primaryimage\"},\"image\":{\"@id\":\"https:\\\/\\\/www.immobilienbusiness.ch\\\/de\\\/regionen\\\/2021-11-02\\\/affoltern-am-albis-quantus-kauft-fachmarktzentrum\\\/#primaryimage\"},\"thumbnailUrl\":\"https:\\\/\\\/www.immobilienbusiness.ch\\\/wp-content\\\/uploads\\\/2021\\\/11\\\/affoltern.jpg\",\"datePublished\":\"2021-11-02T07:52:32+00:00\",\"dateModified\":\"2021-11-15T14:03:25+00:00\",\"description\":\"Der Investment-Manager Quantus Real Estate hat den Fachmarkt Albis-Park in Affoltern am Albis erworben.\",\"breadcrumb\":{\"@id\":\"https:\\\/\\\/www.immobilienbusiness.ch\\\/de\\\/regionen\\\/2021-11-02\\\/affoltern-am-albis-quantus-kauft-fachmarktzentrum\\\/#breadcrumb\"},\"inLanguage\":\"de\",\"potentialAction\":[{\"@type\":\"ReadAction\",\"target\":[\"https:\\\/\\\/www.immobilienbusiness.ch\\\/de\\\/regionen\\\/2021-11-02\\\/affoltern-am-albis-quantus-kauft-fachmarktzentrum\\\/\"]}]},{\"@type\":\"ImageObject\",\"inLanguage\":\"de\",\"@id\":\"https:\\\/\\\/www.immobilienbusiness.ch\\\/de\\\/regionen\\\/2021-11-02\\\/affoltern-am-albis-quantus-kauft-fachmarktzentrum\\\/#primaryimage\",\"url\":\"https:\\\/\\\/www.immobilienbusiness.ch\\\/wp-content\\\/uploads\\\/2021\\\/11\\\/affoltern.jpg\",\"contentUrl\":\"https:\\\/\\\/www.immobilienbusiness.ch\\\/wp-content\\\/uploads\\\/2021\\\/11\\\/affoltern.jpg\",\"width\":800,\"height\":534,\"caption\":\"Das Fachmarktzentrum in Affoltern am Albis hat einen neuen Eigent\u00fcmer (Quelle: Quantus Real Estate)\"},{\"@type\":\"BreadcrumbList\",\"@id\":\"https:\\\/\\\/www.immobilienbusiness.ch\\\/de\\\/regionen\\\/2021-11-02\\\/affoltern-am-albis-quantus-kauft-fachmarktzentrum\\\/#breadcrumb\",\"itemListElement\":[{\"@type\":\"ListItem\",\"position\":1,\"name\":\"Home\",\"item\":\"https:\\\/\\\/www.immobilienbusiness.ch\\\/\"},{\"@type\":\"ListItem\",\"position\":2,\"name\":\"Affoltern am Albis: Quantus kauft Fachmarktzentrum\"}]},{\"@type\":\"WebSite\",\"@id\":\"https:\\\/\\\/www.immobilienbusiness.ch\\\/#website\",\"url\":\"https:\\\/\\\/www.immobilienbusiness.ch\\\/\",\"name\":\"IMMOBILIEN Business\",\"description\":\"Unabh\u00e4ngiges Schweizer Wirtschaftsmagazin mit Fokus auf Immobilien, Architektur- und Bau sowie Investment- und Finanzierung.\",\"publisher\":{\"@id\":\"https:\\\/\\\/www.immobilienbusiness.ch\\\/#organization\"},\"potentialAction\":[{\"@type\":\"SearchAction\",\"target\":{\"@type\":\"EntryPoint\",\"urlTemplate\":\"https:\\\/\\\/www.immobilienbusiness.ch\\\/?s={search_term_string}\"},\"query-input\":{\"@type\":\"PropertyValueSpecification\",\"valueRequired\":true,\"valueName\":\"search_term_string\"}}],\"inLanguage\":\"de\"},{\"@type\":\"Organization\",\"@id\":\"https:\\\/\\\/www.immobilienbusiness.ch\\\/#organization\",\"name\":\"IMMOBILIEN Business\",\"url\":\"https:\\\/\\\/www.immobilienbusiness.ch\\\/\",\"logo\":{\"@type\":\"ImageObject\",\"inLanguage\":\"de\",\"@id\":\"https:\\\/\\\/www.immobilienbusiness.ch\\\/#\\\/schema\\\/logo\\\/image\\\/\",\"url\":\"https:\\\/\\\/www.immobilienbusiness.ch\\\/wp-content\\\/uploads\\\/2021\\\/07\\\/logo_ib.png\",\"contentUrl\":\"https:\\\/\\\/www.immobilienbusiness.ch\\\/wp-content\\\/uploads\\\/2021\\\/07\\\/logo_ib.png\",\"width\":800,\"height\":181,\"caption\":\"IMMOBILIEN Business\"},\"image\":{\"@id\":\"https:\\\/\\\/www.immobilienbusiness.ch\\\/#\\\/schema\\\/logo\\\/image\\\/\"},\"sameAs\":[\"https:\\\/\\\/www.facebook.com\\\/immobilienbusiness\\\/\"]},{\"@type\":\"Person\",\"@id\":\"https:\\\/\\\/www.immobilienbusiness.ch\\\/#\\\/schema\\\/person\\\/3fc036297b10b9f42d6db5ee932af8c8\",\"name\":\"anja.hall\",\"image\":{\"@type\":\"ImageObject\",\"inLanguage\":\"de\",\"@id\":\"https:\\\/\\\/secure.gravatar.com\\\/avatar\\\/066b5a0d447013502c71a5782f4f3469f03cfe595cc2329fb94652fe47511bfb?s=96&d=mm&r=g\",\"url\":\"https:\\\/\\\/secure.gravatar.com\\\/avatar\\\/066b5a0d447013502c71a5782f4f3469f03cfe595cc2329fb94652fe47511bfb?s=96&d=mm&r=g\",\"contentUrl\":\"https:\\\/\\\/secure.gravatar.com\\\/avatar\\\/066b5a0d447013502c71a5782f4f3469f03cfe595cc2329fb94652fe47511bfb?s=96&d=mm&r=g\",\"caption\":\"anja.hall\"},\"url\":\"https:\\\/\\\/www.immobilienbusiness.ch\\\/de\\\/author\\\/anja-hall\\\/\"}]}<\/script>\n<!-- \/ Yoast SEO plugin. -->","yoast_head_json":{"title":"Affoltern am Albis: Quantus kauft Fachmarktzentrum - IMMOBILIEN Business","description":"Der Investment-Manager Quantus Real Estate hat den Fachmarkt Albis-Park in Affoltern am Albis erworben.","robots":{"index":"index","follow":"follow","max-snippet":"max-snippet:-1","max-image-preview":"max-image-preview:large","max-video-preview":"max-video-preview:-1"},"canonical":"https:\/\/www.immobilienbusiness.ch\/de\/regionen\/2021-11-02\/affoltern-am-albis-quantus-kauft-fachmarktzentrum\/","og_locale":"de_DE","og_type":"article","og_title":"Affoltern am Albis: Quantus kauft Fachmarktzentrum - IMMOBILIEN Business","og_description":"Der Investment-Manager Quantus Real Estate hat den Fachmarkt Albis-Park in Affoltern am Albis erworben.","og_url":"https:\/\/www.immobilienbusiness.ch\/de\/regionen\/2021-11-02\/affoltern-am-albis-quantus-kauft-fachmarktzentrum\/","og_site_name":"IMMOBILIEN Business","article_publisher":"https:\/\/www.facebook.com\/immobilienbusiness\/","article_published_time":"2021-11-02T07:52:32+00:00","article_modified_time":"2021-11-15T14:03:25+00:00","og_image":[{"width":800,"height":534,"url":"https:\/\/www.immobilienbusiness.ch\/wp-content\/uploads\/2021\/11\/affoltern.jpg","type":"image\/jpeg"}],"author":"anja.hall","twitter_card":"summary_large_image","twitter_image":"https:\/\/www.immobilienbusiness.ch\/wp-content\/uploads\/2021\/11\/affoltern.jpg","schema":{"@context":"https:\/\/schema.org","@graph":[{"@type":"Article","@id":"https:\/\/www.immobilienbusiness.ch\/de\/regionen\/2021-11-02\/affoltern-am-albis-quantus-kauft-fachmarktzentrum\/#article","isPartOf":{"@id":"https:\/\/www.immobilienbusiness.ch\/de\/regionen\/2021-11-02\/affoltern-am-albis-quantus-kauft-fachmarktzentrum\/"},"author":{"name":"anja.hall","@id":"https:\/\/www.immobilienbusiness.ch\/#\/schema\/person\/3fc036297b10b9f42d6db5ee932af8c8"},"headline":"Affoltern am Albis: Quantus kauft Fachmarktzentrum","datePublished":"2021-11-02T07:52:32+00:00","dateModified":"2021-11-15T14:03:25+00:00","mainEntityOfPage":{"@id":"https:\/\/www.immobilienbusiness.ch\/de\/regionen\/2021-11-02\/affoltern-am-albis-quantus-kauft-fachmarktzentrum\/"},"wordCount":148,"publisher":{"@id":"https:\/\/www.immobilienbusiness.ch\/#organization"},"image":{"@id":"https:\/\/www.immobilienbusiness.ch\/de\/regionen\/2021-11-02\/affoltern-am-albis-quantus-kauft-fachmarktzentrum\/#primaryimage"},"thumbnailUrl":"https:\/\/www.immobilienbusiness.ch\/wp-content\/uploads\/2021\/11\/affoltern.jpg","keywords":["Fachmarktzentrum","Kanton Z\u00fcrich","Sale-and-lease-back"],"articleSection":["REGIONEN"],"inLanguage":"de"},{"@type":"WebPage","@id":"https:\/\/www.immobilienbusiness.ch\/de\/regionen\/2021-11-02\/affoltern-am-albis-quantus-kauft-fachmarktzentrum\/","url":"https:\/\/www.immobilienbusiness.ch\/de\/regionen\/2021-11-02\/affoltern-am-albis-quantus-kauft-fachmarktzentrum\/","name":"Affoltern am Albis: Quantus kauft Fachmarktzentrum - IMMOBILIEN Business","isPartOf":{"@id":"https:\/\/www.immobilienbusiness.ch\/#website"},"primaryImageOfPage":{"@id":"https:\/\/www.immobilienbusiness.ch\/de\/regionen\/2021-11-02\/affoltern-am-albis-quantus-kauft-fachmarktzentrum\/#primaryimage"},"image":{"@id":"https:\/\/www.immobilienbusiness.ch\/de\/regionen\/2021-11-02\/affoltern-am-albis-quantus-kauft-fachmarktzentrum\/#primaryimage"},"thumbnailUrl":"https:\/\/www.immobilienbusiness.ch\/wp-content\/uploads\/2021\/11\/affoltern.jpg","datePublished":"2021-11-02T07:52:32+00:00","dateModified":"2021-11-15T14:03:25+00:00","description":"Der Investment-Manager Quantus Real Estate hat den Fachmarkt Albis-Park in Affoltern am Albis erworben.","breadcrumb":{"@id":"https:\/\/www.immobilienbusiness.ch\/de\/regionen\/2021-11-02\/affoltern-am-albis-quantus-kauft-fachmarktzentrum\/#breadcrumb"},"inLanguage":"de","potentialAction":[{"@type":"ReadAction","target":["https:\/\/www.immobilienbusiness.ch\/de\/regionen\/2021-11-02\/affoltern-am-albis-quantus-kauft-fachmarktzentrum\/"]}]},{"@type":"ImageObject","inLanguage":"de","@id":"https:\/\/www.immobilienbusiness.ch\/de\/regionen\/2021-11-02\/affoltern-am-albis-quantus-kauft-fachmarktzentrum\/#primaryimage","url":"https:\/\/www.immobilienbusiness.ch\/wp-content\/uploads\/2021\/11\/affoltern.jpg","contentUrl":"https:\/\/www.immobilienbusiness.ch\/wp-content\/uploads\/2021\/11\/affoltern.jpg","width":800,"height":534,"caption":"Das Fachmarktzentrum in Affoltern am Albis hat einen neuen Eigent\u00fcmer (Quelle: Quantus Real Estate)"},{"@type":"BreadcrumbList","@id":"https:\/\/www.immobilienbusiness.ch\/de\/regionen\/2021-11-02\/affoltern-am-albis-quantus-kauft-fachmarktzentrum\/#breadcrumb","itemListElement":[{"@type":"ListItem","position":1,"name":"Home","item":"https:\/\/www.immobilienbusiness.ch\/"},{"@type":"ListItem","position":2,"name":"Affoltern am Albis: Quantus kauft Fachmarktzentrum"}]},{"@type":"WebSite","@id":"https:\/\/www.immobilienbusiness.ch\/#website","url":"https:\/\/www.immobilienbusiness.ch\/","name":"IMMOBILIEN Business","description":"Unabh\u00e4ngiges Schweizer Wirtschaftsmagazin mit Fokus auf Immobilien, Architektur- und Bau sowie Investment- und Finanzierung.","publisher":{"@id":"https:\/\/www.immobilienbusiness.ch\/#organization"},"potentialAction":[{"@type":"SearchAction","target":{"@type":"EntryPoint","urlTemplate":"https:\/\/www.immobilienbusiness.ch\/?s={search_term_string}"},"query-input":{"@type":"PropertyValueSpecification","valueRequired":true,"valueName":"search_term_string"}}],"inLanguage":"de"},{"@type":"Organization","@id":"https:\/\/www.immobilienbusiness.ch\/#organization","name":"IMMOBILIEN Business","url":"https:\/\/www.immobilienbusiness.ch\/","logo":{"@type":"ImageObject","inLanguage":"de","@id":"https:\/\/www.immobilienbusiness.ch\/#\/schema\/logo\/image\/","url":"https:\/\/www.immobilienbusiness.ch\/wp-content\/uploads\/2021\/07\/logo_ib.png","contentUrl":"https:\/\/www.immobilienbusiness.ch\/wp-content\/uploads\/2021\/07\/logo_ib.png","width":800,"height":181,"caption":"IMMOBILIEN Business"},"image":{"@id":"https:\/\/www.immobilienbusiness.ch\/#\/schema\/logo\/image\/"},"sameAs":["https:\/\/www.facebook.com\/immobilienbusiness\/"]},{"@type":"Person","@id":"https:\/\/www.immobilienbusiness.ch\/#\/schema\/person\/3fc036297b10b9f42d6db5ee932af8c8","name":"anja.hall","image":{"@type":"ImageObject","inLanguage":"de","@id":"https:\/\/secure.gravatar.com\/avatar\/066b5a0d447013502c71a5782f4f3469f03cfe595cc2329fb94652fe47511bfb?s=96&d=mm&r=g","url":"https:\/\/secure.gravatar.com\/avatar\/066b5a0d447013502c71a5782f4f3469f03cfe595cc2329fb94652fe47511bfb?s=96&d=mm&r=g","contentUrl":"https:\/\/secure.gravatar.com\/avatar\/066b5a0d447013502c71a5782f4f3469f03cfe595cc2329fb94652fe47511bfb?s=96&d=mm&r=g","caption":"anja.hall"},"url":"https:\/\/www.immobilienbusiness.ch\/de\/author\/anja-hall\/"}]}},"_links":{"self":[{"href":"https:\/\/www.immobilienbusiness.ch\/de\/wp-json\/wp\/v2\/posts\/38873","targetHints":{"allow":["GET"]}}],"collection":[{"href":"https:\/\/www.immobilienbusiness.ch\/de\/wp-json\/wp\/v2\/posts"}],"about":[{"href":"https:\/\/www.immobilienbusiness.ch\/de\/wp-json\/wp\/v2\/types\/post"}],"author":[{"embeddable":true,"href":"https:\/\/www.immobilienbusiness.ch\/de\/wp-json\/wp\/v2\/users\/3"}],"replies":[{"embeddable":true,"href":"https:\/\/www.immobilienbusiness.ch\/de\/wp-json\/wp\/v2\/comments?post=38873"}],"version-history":[{"count":2,"href":"https:\/\/www.immobilienbusiness.ch\/de\/wp-json\/wp\/v2\/posts\/38873\/revisions"}],"predecessor-version":[{"id":38915,"href":"https:\/\/www.immobilienbusiness.ch\/de\/wp-json\/wp\/v2\/posts\/38873\/revisions\/38915"}],"wp:featuredmedia":[{"embeddable":true,"href":"https:\/\/www.immobilienbusiness.ch\/de\/wp-json\/wp\/v2\/media\/38874"}],"wp:attachment":[{"href":"https:\/\/www.immobilienbusiness.ch\/de\/wp-json\/wp\/v2\/media?parent=38873"}],"wp:term":[{"taxonomy":"category","embeddable":true,"href":"https:\/\/www.immobilienbusiness.ch\/de\/wp-json\/wp\/v2\/categories?post=38873"},{"taxonomy":"post_tag","embeddable":true,"href":"https:\/\/www.immobilienbusiness.ch\/de\/wp-json\/wp\/v2\/tags?post=38873"}],"curies":[{"name":"wp","href":"https:\/\/api.w.org\/{rel}","templated":true}]}}