{"id":38829,"date":"2021-11-01T08:30:44","date_gmt":"2021-11-01T07:30:44","guid":{"rendered":"https:\/\/www.immobilienbusiness.ch\/?p=38829"},"modified":"2023-08-08T20:33:03","modified_gmt":"2023-08-08T18:33:03","slug":"igg-glattpark-fiona-scherkamp-ist-neue-praesidentin","status":"publish","type":"post","link":"https:\/\/www.immobilienbusiness.ch\/de\/regionen\/2021-11-01\/igg-glattpark-fiona-scherkamp-ist-neue-praesidentin\/","title":{"rendered":"IGG Glattpark: Fiona Scherkamp ist neue Pr\u00e4sidentin"},"content":{"rendered":"<figure id=\"attachment_38830\" aria-describedby=\"caption-attachment-38830\" style=\"width: 1280px\" class=\"wp-caption alignnone\"><img loading=\"lazy\" decoding=\"async\" class=\"wp-image-38830 size-full\" src=\"https:\/\/www.immobilienbusiness.ch\/wp-content\/uploads\/2021\/10\/Pra\u0308sidentenwechsel-der-IGG-Glattpark-im-Joyn-in-2.jpeg\" alt=\"IGG Glattpark\" width=\"1280\" height=\"853\" srcset=\"https:\/\/www.immobilienbusiness.ch\/wp-content\/uploads\/2021\/10\/Pra\u0308sidentenwechsel-der-IGG-Glattpark-im-Joyn-in-2.jpeg 1280w, https:\/\/www.immobilienbusiness.ch\/wp-content\/uploads\/2021\/10\/Pra\u0308sidentenwechsel-der-IGG-Glattpark-im-Joyn-in-2-300x200.jpeg 300w, https:\/\/www.immobilienbusiness.ch\/wp-content\/uploads\/2021\/10\/Pra\u0308sidentenwechsel-der-IGG-Glattpark-im-Joyn-in-2-1024x682.jpeg 1024w, https:\/\/www.immobilienbusiness.ch\/wp-content\/uploads\/2021\/10\/Pra\u0308sidentenwechsel-der-IGG-Glattpark-im-Joyn-in-2-768x512.jpeg 768w, https:\/\/www.immobilienbusiness.ch\/wp-content\/uploads\/2021\/10\/Pra\u0308sidentenwechsel-der-IGG-Glattpark-im-Joyn-in-2-16x12.jpeg 16w, https:\/\/www.immobilienbusiness.ch\/wp-content\/uploads\/2021\/10\/Pra\u0308sidentenwechsel-der-IGG-Glattpark-im-Joyn-in-2-263x175.jpeg 263w, https:\/\/www.immobilienbusiness.ch\/wp-content\/uploads\/2021\/10\/Pra\u0308sidentenwechsel-der-IGG-Glattpark-im-Joyn-in-2-525x350.jpeg 525w, https:\/\/www.immobilienbusiness.ch\/wp-content\/uploads\/2021\/10\/Pra\u0308sidentenwechsel-der-IGG-Glattpark-im-Joyn-in-2-1200x800.jpeg 1200w, https:\/\/www.immobilienbusiness.ch\/wp-content\/uploads\/2021\/10\/Pra\u0308sidentenwechsel-der-IGG-Glattpark-im-Joyn-in-2-920x613.jpeg 920w\" sizes=\"auto, (max-width: 1280px) 100vw, 1280px\" \/><figcaption id=\"caption-attachment-38830\" class=\"wp-caption-text\">Pr\u00e4sidentenwechsel in der IGG Glattpark: Tino Margadant, Fiona Scherkamp und Beny Ruhstaller (von rechts nach links; Quelle: IGG Glattpark\/Foto: Stadtanzeiger Opfikon)<\/figcaption><\/figure>\n<p>Fiona Scherkamp tritt als Pr\u00e4sidentin der IGG Glattpark die Nachfolge von Tino Margadant an, Partner und Immobilien-Entwickler bei der Mettler2Invest AG. Die IGG ist ein Zusammenschluss der Grundeigent\u00fcmer des Glattparks in Opfikon, wo mittlerweile 6.500 Menschen wohnen und 4.000 Besch\u00e4ftigte arbeiten.<\/p>\n<p>Der Pr\u00e4sidiumswechsel spiegele die Entwicklung des Glattparks: \u00abDass nun eine erfahrene Portfolio-Managerin Pr\u00e4sidentin wird, zeigt, dass der Glattpark eine neue Entwicklungsstufe erreicht hat\u00bb, erkl\u00e4rt Beny Ruhstaller, der die Grundeigent\u00fcmervereinigung seit ihrer Gr\u00fcndung 2002 als Gesch\u00e4ftsf\u00fchrer leitet. \u00abDer Glattpark ist praktisch fertig gebaut, die Priorit\u00e4ten sind ganze andere als noch vor wenigen Jahren. Der Fokus liegt jetzt auf der Konsolidierung: Die IGG Glattpark muss den Puls des neuen Stadtteils f\u00fchlen und darauf reagieren\u00bb, so Ruhstaller. Mit Fiona Scherkamp als neuer Pr\u00e4sidentin sei die Organisation f\u00fcr diese Aufgaben bestens ger\u00fcstet. <em>(ua)<\/em><\/p>\n","protected":false},"excerpt":{"rendered":"<p>Die Mitglieder der IGG Glattpark haben Fiona Scherkamp, Portfoliomanagerin bei der Pensimo Management AG, zur neuen Pr\u00e4sidentin der Vereinigung gew\u00e4hlt.<\/p>\n","protected":false},"author":3,"featured_media":38830,"comment_status":"closed","ping_status":"closed","sticky":false,"template":"","format":"standard","meta":{"_acf_changed":false,"_yoast_wpseo_focuskw":"IGG Glattpark","_yoast_wpseo_title":"","_yoast_wpseo_metadesc":"Die Mitglieder der IGG Glattpark haben Fiona Scherkamp, Portfoliomanagerin bei der Pensimo Management AG, zur neuen Pr\u00e4sidentin der Vereinigung gew\u00e4hlt.","_yoast_wpseo_linkdex":46,"pgc_sgb_lightbox_settings":"","footnotes":""},"categories":[985],"tags":[1277,1563],"class_list":["post-38829","post","type-post","status-publish","format-standard","has-post-thumbnail","hentry","category-regionen","tag-glattpark","tag-personalia"],"acf":[],"yoast_head":"<!-- This site is optimized with the Yoast SEO plugin v27.4 - https:\/\/yoast.com\/product\/yoast-seo-wordpress\/ -->\n<title>IGG Glattpark: Fiona Scherkamp ist neue Pr\u00e4sidentin - IMMOBILIEN Business<\/title>\n<meta name=\"description\" content=\"Die Mitglieder der IGG Glattpark haben Fiona Scherkamp, Portfoliomanagerin bei der Pensimo Management AG, zur neuen Pr\u00e4sidentin der Vereinigung gew\u00e4hlt.\" \/>\n<meta name=\"robots\" content=\"index, follow, max-snippet:-1, max-image-preview:large, max-video-preview:-1\" \/>\n<link rel=\"canonical\" href=\"https:\/\/www.immobilienbusiness.ch\/de\/regionen\/2021-11-01\/igg-glattpark-fiona-scherkamp-ist-neue-praesidentin\/\" \/>\n<meta property=\"og:locale\" content=\"de_DE\" \/>\n<meta property=\"og:type\" content=\"article\" \/>\n<meta property=\"og:title\" content=\"IGG Glattpark: Fiona Scherkamp ist neue Pr\u00e4sidentin - IMMOBILIEN Business\" \/>\n<meta property=\"og:description\" content=\"Die Mitglieder der IGG Glattpark haben Fiona Scherkamp, Portfoliomanagerin bei der Pensimo Management AG, zur neuen Pr\u00e4sidentin der Vereinigung gew\u00e4hlt.\" \/>\n<meta property=\"og:url\" content=\"https:\/\/www.immobilienbusiness.ch\/de\/regionen\/2021-11-01\/igg-glattpark-fiona-scherkamp-ist-neue-praesidentin\/\" \/>\n<meta property=\"og:site_name\" content=\"IMMOBILIEN Business\" \/>\n<meta property=\"article:publisher\" content=\"https:\/\/www.facebook.com\/immobilienbusiness\/\" \/>\n<meta property=\"article:published_time\" content=\"2021-11-01T07:30:44+00:00\" \/>\n<meta property=\"article:modified_time\" content=\"2023-08-08T18:33:03+00:00\" \/>\n<meta property=\"og:image\" content=\"https:\/\/www.immobilienbusiness.ch\/wp-content\/uploads\/2021\/10\/Pra\u0308sidentenwechsel-der-IGG-Glattpark-im-Joyn-in-2.jpeg\" \/>\n\t<meta property=\"og:image:width\" content=\"1280\" \/>\n\t<meta property=\"og:image:height\" content=\"853\" \/>\n\t<meta property=\"og:image:type\" content=\"image\/jpeg\" \/>\n<meta name=\"author\" content=\"anja.hall\" \/>\n<meta name=\"twitter:card\" content=\"summary_large_image\" \/>\n<meta name=\"twitter:image\" content=\"https:\/\/www.immobilienbusiness.ch\/wp-content\/uploads\/2021\/10\/Pra\u0308sidentenwechsel-der-IGG-Glattpark-im-Joyn-in-2.jpeg\" \/>\n<script type=\"application\/ld+json\" class=\"yoast-schema-graph\">{\"@context\":\"https:\\\/\\\/schema.org\",\"@graph\":[{\"@type\":\"Article\",\"@id\":\"https:\\\/\\\/www.immobilienbusiness.ch\\\/it\\\/regionen\\\/2021-11-01\\\/igg-glattpark-fiona-scherkamp-ist-neue-praesidentin\\\/#article\",\"isPartOf\":{\"@id\":\"https:\\\/\\\/www.immobilienbusiness.ch\\\/it\\\/regionen\\\/2021-11-01\\\/igg-glattpark-fiona-scherkamp-ist-neue-praesidentin\\\/\"},\"author\":{\"name\":\"anja.hall\",\"@id\":\"https:\\\/\\\/www.immobilienbusiness.ch\\\/#\\\/schema\\\/person\\\/3fc036297b10b9f42d6db5ee932af8c8\"},\"headline\":\"IGG Glattpark: Fiona Scherkamp ist neue Pr\u00e4sidentin\",\"datePublished\":\"2021-11-01T07:30:44+00:00\",\"dateModified\":\"2023-08-08T18:33:03+00:00\",\"mainEntityOfPage\":{\"@id\":\"https:\\\/\\\/www.immobilienbusiness.ch\\\/it\\\/regionen\\\/2021-11-01\\\/igg-glattpark-fiona-scherkamp-ist-neue-praesidentin\\\/\"},\"wordCount\":181,\"publisher\":{\"@id\":\"https:\\\/\\\/www.immobilienbusiness.ch\\\/#organization\"},\"image\":{\"@id\":\"https:\\\/\\\/www.immobilienbusiness.ch\\\/it\\\/regionen\\\/2021-11-01\\\/igg-glattpark-fiona-scherkamp-ist-neue-praesidentin\\\/#primaryimage\"},\"thumbnailUrl\":\"https:\\\/\\\/www.immobilienbusiness.ch\\\/wp-content\\\/uploads\\\/2021\\\/10\\\/Pra\u0308sidentenwechsel-der-IGG-Glattpark-im-Joyn-in-2.jpeg\",\"keywords\":[\"Glattpark\",\"Personalia\"],\"articleSection\":[\"REGIONEN\"],\"inLanguage\":\"de\"},{\"@type\":\"WebPage\",\"@id\":\"https:\\\/\\\/www.immobilienbusiness.ch\\\/it\\\/regionen\\\/2021-11-01\\\/igg-glattpark-fiona-scherkamp-ist-neue-praesidentin\\\/\",\"url\":\"https:\\\/\\\/www.immobilienbusiness.ch\\\/it\\\/regionen\\\/2021-11-01\\\/igg-glattpark-fiona-scherkamp-ist-neue-praesidentin\\\/\",\"name\":\"IGG Glattpark: Fiona Scherkamp ist neue Pr\u00e4sidentin - IMMOBILIEN Business\",\"isPartOf\":{\"@id\":\"https:\\\/\\\/www.immobilienbusiness.ch\\\/#website\"},\"primaryImageOfPage\":{\"@id\":\"https:\\\/\\\/www.immobilienbusiness.ch\\\/it\\\/regionen\\\/2021-11-01\\\/igg-glattpark-fiona-scherkamp-ist-neue-praesidentin\\\/#primaryimage\"},\"image\":{\"@id\":\"https:\\\/\\\/www.immobilienbusiness.ch\\\/it\\\/regionen\\\/2021-11-01\\\/igg-glattpark-fiona-scherkamp-ist-neue-praesidentin\\\/#primaryimage\"},\"thumbnailUrl\":\"https:\\\/\\\/www.immobilienbusiness.ch\\\/wp-content\\\/uploads\\\/2021\\\/10\\\/Pra\u0308sidentenwechsel-der-IGG-Glattpark-im-Joyn-in-2.jpeg\",\"datePublished\":\"2021-11-01T07:30:44+00:00\",\"dateModified\":\"2023-08-08T18:33:03+00:00\",\"description\":\"Die Mitglieder der IGG Glattpark haben Fiona Scherkamp, Portfoliomanagerin bei der Pensimo Management AG, zur neuen Pr\u00e4sidentin der Vereinigung gew\u00e4hlt.\",\"breadcrumb\":{\"@id\":\"https:\\\/\\\/www.immobilienbusiness.ch\\\/it\\\/regionen\\\/2021-11-01\\\/igg-glattpark-fiona-scherkamp-ist-neue-praesidentin\\\/#breadcrumb\"},\"inLanguage\":\"de\",\"potentialAction\":[{\"@type\":\"ReadAction\",\"target\":[\"https:\\\/\\\/www.immobilienbusiness.ch\\\/it\\\/regionen\\\/2021-11-01\\\/igg-glattpark-fiona-scherkamp-ist-neue-praesidentin\\\/\"]}]},{\"@type\":\"ImageObject\",\"inLanguage\":\"de\",\"@id\":\"https:\\\/\\\/www.immobilienbusiness.ch\\\/it\\\/regionen\\\/2021-11-01\\\/igg-glattpark-fiona-scherkamp-ist-neue-praesidentin\\\/#primaryimage\",\"url\":\"https:\\\/\\\/www.immobilienbusiness.ch\\\/wp-content\\\/uploads\\\/2021\\\/10\\\/Pra\u0308sidentenwechsel-der-IGG-Glattpark-im-Joyn-in-2.jpeg\",\"contentUrl\":\"https:\\\/\\\/www.immobilienbusiness.ch\\\/wp-content\\\/uploads\\\/2021\\\/10\\\/Pra\u0308sidentenwechsel-der-IGG-Glattpark-im-Joyn-in-2.jpeg\",\"width\":1280,\"height\":853,\"caption\":\"Pr\u00e4sidentenwechsel der IGG Glattpark: Pr\u00e4sidentenwechsel in der IGG Glattpark: Tino Margadant, Fiona Scherkamp und Beny Ruhstaller (von rechts nach links; Quelle: IGG Glattpark - Foto: Stadtanzeiger Opfikon)\"},{\"@type\":\"BreadcrumbList\",\"@id\":\"https:\\\/\\\/www.immobilienbusiness.ch\\\/it\\\/regionen\\\/2021-11-01\\\/igg-glattpark-fiona-scherkamp-ist-neue-praesidentin\\\/#breadcrumb\",\"itemListElement\":[{\"@type\":\"ListItem\",\"position\":1,\"name\":\"Home\",\"item\":\"https:\\\/\\\/www.immobilienbusiness.ch\\\/\"},{\"@type\":\"ListItem\",\"position\":2,\"name\":\"IGG Glattpark: Fiona Scherkamp ist neue Pr\u00e4sidentin\"}]},{\"@type\":\"WebSite\",\"@id\":\"https:\\\/\\\/www.immobilienbusiness.ch\\\/#website\",\"url\":\"https:\\\/\\\/www.immobilienbusiness.ch\\\/\",\"name\":\"IMMOBILIEN Business\",\"description\":\"Unabh\u00e4ngiges Schweizer Wirtschaftsmagazin mit Fokus auf Immobilien, Architektur- und Bau sowie Investment- und Finanzierung.\",\"publisher\":{\"@id\":\"https:\\\/\\\/www.immobilienbusiness.ch\\\/#organization\"},\"potentialAction\":[{\"@type\":\"SearchAction\",\"target\":{\"@type\":\"EntryPoint\",\"urlTemplate\":\"https:\\\/\\\/www.immobilienbusiness.ch\\\/?s={search_term_string}\"},\"query-input\":{\"@type\":\"PropertyValueSpecification\",\"valueRequired\":true,\"valueName\":\"search_term_string\"}}],\"inLanguage\":\"de\"},{\"@type\":\"Organization\",\"@id\":\"https:\\\/\\\/www.immobilienbusiness.ch\\\/#organization\",\"name\":\"IMMOBILIEN Business\",\"url\":\"https:\\\/\\\/www.immobilienbusiness.ch\\\/\",\"logo\":{\"@type\":\"ImageObject\",\"inLanguage\":\"de\",\"@id\":\"https:\\\/\\\/www.immobilienbusiness.ch\\\/#\\\/schema\\\/logo\\\/image\\\/\",\"url\":\"https:\\\/\\\/www.immobilienbusiness.ch\\\/wp-content\\\/uploads\\\/2021\\\/07\\\/logo_ib.png\",\"contentUrl\":\"https:\\\/\\\/www.immobilienbusiness.ch\\\/wp-content\\\/uploads\\\/2021\\\/07\\\/logo_ib.png\",\"width\":800,\"height\":181,\"caption\":\"IMMOBILIEN Business\"},\"image\":{\"@id\":\"https:\\\/\\\/www.immobilienbusiness.ch\\\/#\\\/schema\\\/logo\\\/image\\\/\"},\"sameAs\":[\"https:\\\/\\\/www.facebook.com\\\/immobilienbusiness\\\/\"]},{\"@type\":\"Person\",\"@id\":\"https:\\\/\\\/www.immobilienbusiness.ch\\\/#\\\/schema\\\/person\\\/3fc036297b10b9f42d6db5ee932af8c8\",\"name\":\"anja.hall\",\"image\":{\"@type\":\"ImageObject\",\"inLanguage\":\"de\",\"@id\":\"https:\\\/\\\/secure.gravatar.com\\\/avatar\\\/066b5a0d447013502c71a5782f4f3469f03cfe595cc2329fb94652fe47511bfb?s=96&d=mm&r=g\",\"url\":\"https:\\\/\\\/secure.gravatar.com\\\/avatar\\\/066b5a0d447013502c71a5782f4f3469f03cfe595cc2329fb94652fe47511bfb?s=96&d=mm&r=g\",\"contentUrl\":\"https:\\\/\\\/secure.gravatar.com\\\/avatar\\\/066b5a0d447013502c71a5782f4f3469f03cfe595cc2329fb94652fe47511bfb?s=96&d=mm&r=g\",\"caption\":\"anja.hall\"},\"url\":\"https:\\\/\\\/www.immobilienbusiness.ch\\\/de\\\/author\\\/anja-hall\\\/\"}]}<\/script>\n<!-- \/ Yoast SEO plugin. -->","yoast_head_json":{"title":"IGG Glattpark: Fiona Scherkamp ist neue Pr\u00e4sidentin - IMMOBILIEN Business","description":"Die Mitglieder der IGG Glattpark haben Fiona Scherkamp, Portfoliomanagerin bei der Pensimo Management AG, zur neuen Pr\u00e4sidentin der Vereinigung gew\u00e4hlt.","robots":{"index":"index","follow":"follow","max-snippet":"max-snippet:-1","max-image-preview":"max-image-preview:large","max-video-preview":"max-video-preview:-1"},"canonical":"https:\/\/www.immobilienbusiness.ch\/de\/regionen\/2021-11-01\/igg-glattpark-fiona-scherkamp-ist-neue-praesidentin\/","og_locale":"de_DE","og_type":"article","og_title":"IGG Glattpark: Fiona Scherkamp ist neue Pr\u00e4sidentin - IMMOBILIEN Business","og_description":"Die Mitglieder der IGG Glattpark haben Fiona Scherkamp, Portfoliomanagerin bei der Pensimo Management AG, zur neuen Pr\u00e4sidentin der Vereinigung gew\u00e4hlt.","og_url":"https:\/\/www.immobilienbusiness.ch\/de\/regionen\/2021-11-01\/igg-glattpark-fiona-scherkamp-ist-neue-praesidentin\/","og_site_name":"IMMOBILIEN Business","article_publisher":"https:\/\/www.facebook.com\/immobilienbusiness\/","article_published_time":"2021-11-01T07:30:44+00:00","article_modified_time":"2023-08-08T18:33:03+00:00","og_image":[{"width":1280,"height":853,"url":"https:\/\/www.immobilienbusiness.ch\/wp-content\/uploads\/2021\/10\/Pra\u0308sidentenwechsel-der-IGG-Glattpark-im-Joyn-in-2.jpeg","type":"image\/jpeg"}],"author":"anja.hall","twitter_card":"summary_large_image","twitter_image":"https:\/\/www.immobilienbusiness.ch\/wp-content\/uploads\/2021\/10\/Pra\u0308sidentenwechsel-der-IGG-Glattpark-im-Joyn-in-2.jpeg","schema":{"@context":"https:\/\/schema.org","@graph":[{"@type":"Article","@id":"https:\/\/www.immobilienbusiness.ch\/it\/regionen\/2021-11-01\/igg-glattpark-fiona-scherkamp-ist-neue-praesidentin\/#article","isPartOf":{"@id":"https:\/\/www.immobilienbusiness.ch\/it\/regionen\/2021-11-01\/igg-glattpark-fiona-scherkamp-ist-neue-praesidentin\/"},"author":{"name":"anja.hall","@id":"https:\/\/www.immobilienbusiness.ch\/#\/schema\/person\/3fc036297b10b9f42d6db5ee932af8c8"},"headline":"IGG Glattpark: Fiona Scherkamp ist neue Pr\u00e4sidentin","datePublished":"2021-11-01T07:30:44+00:00","dateModified":"2023-08-08T18:33:03+00:00","mainEntityOfPage":{"@id":"https:\/\/www.immobilienbusiness.ch\/it\/regionen\/2021-11-01\/igg-glattpark-fiona-scherkamp-ist-neue-praesidentin\/"},"wordCount":181,"publisher":{"@id":"https:\/\/www.immobilienbusiness.ch\/#organization"},"image":{"@id":"https:\/\/www.immobilienbusiness.ch\/it\/regionen\/2021-11-01\/igg-glattpark-fiona-scherkamp-ist-neue-praesidentin\/#primaryimage"},"thumbnailUrl":"https:\/\/www.immobilienbusiness.ch\/wp-content\/uploads\/2021\/10\/Pra\u0308sidentenwechsel-der-IGG-Glattpark-im-Joyn-in-2.jpeg","keywords":["Glattpark","Personalia"],"articleSection":["REGIONEN"],"inLanguage":"de"},{"@type":"WebPage","@id":"https:\/\/www.immobilienbusiness.ch\/it\/regionen\/2021-11-01\/igg-glattpark-fiona-scherkamp-ist-neue-praesidentin\/","url":"https:\/\/www.immobilienbusiness.ch\/it\/regionen\/2021-11-01\/igg-glattpark-fiona-scherkamp-ist-neue-praesidentin\/","name":"IGG Glattpark: Fiona Scherkamp ist neue Pr\u00e4sidentin - IMMOBILIEN Business","isPartOf":{"@id":"https:\/\/www.immobilienbusiness.ch\/#website"},"primaryImageOfPage":{"@id":"https:\/\/www.immobilienbusiness.ch\/it\/regionen\/2021-11-01\/igg-glattpark-fiona-scherkamp-ist-neue-praesidentin\/#primaryimage"},"image":{"@id":"https:\/\/www.immobilienbusiness.ch\/it\/regionen\/2021-11-01\/igg-glattpark-fiona-scherkamp-ist-neue-praesidentin\/#primaryimage"},"thumbnailUrl":"https:\/\/www.immobilienbusiness.ch\/wp-content\/uploads\/2021\/10\/Pra\u0308sidentenwechsel-der-IGG-Glattpark-im-Joyn-in-2.jpeg","datePublished":"2021-11-01T07:30:44+00:00","dateModified":"2023-08-08T18:33:03+00:00","description":"Die Mitglieder der IGG Glattpark haben Fiona Scherkamp, Portfoliomanagerin bei der Pensimo Management AG, zur neuen Pr\u00e4sidentin der Vereinigung gew\u00e4hlt.","breadcrumb":{"@id":"https:\/\/www.immobilienbusiness.ch\/it\/regionen\/2021-11-01\/igg-glattpark-fiona-scherkamp-ist-neue-praesidentin\/#breadcrumb"},"inLanguage":"de","potentialAction":[{"@type":"ReadAction","target":["https:\/\/www.immobilienbusiness.ch\/it\/regionen\/2021-11-01\/igg-glattpark-fiona-scherkamp-ist-neue-praesidentin\/"]}]},{"@type":"ImageObject","inLanguage":"de","@id":"https:\/\/www.immobilienbusiness.ch\/it\/regionen\/2021-11-01\/igg-glattpark-fiona-scherkamp-ist-neue-praesidentin\/#primaryimage","url":"https:\/\/www.immobilienbusiness.ch\/wp-content\/uploads\/2021\/10\/Pra\u0308sidentenwechsel-der-IGG-Glattpark-im-Joyn-in-2.jpeg","contentUrl":"https:\/\/www.immobilienbusiness.ch\/wp-content\/uploads\/2021\/10\/Pra\u0308sidentenwechsel-der-IGG-Glattpark-im-Joyn-in-2.jpeg","width":1280,"height":853,"caption":"Pr\u00e4sidentenwechsel der IGG Glattpark: Pr\u00e4sidentenwechsel in der IGG Glattpark: Tino Margadant, Fiona Scherkamp und Beny Ruhstaller (von rechts nach links; Quelle: IGG Glattpark - Foto: Stadtanzeiger Opfikon)"},{"@type":"BreadcrumbList","@id":"https:\/\/www.immobilienbusiness.ch\/it\/regionen\/2021-11-01\/igg-glattpark-fiona-scherkamp-ist-neue-praesidentin\/#breadcrumb","itemListElement":[{"@type":"ListItem","position":1,"name":"Home","item":"https:\/\/www.immobilienbusiness.ch\/"},{"@type":"ListItem","position":2,"name":"IGG Glattpark: Fiona Scherkamp ist neue Pr\u00e4sidentin"}]},{"@type":"WebSite","@id":"https:\/\/www.immobilienbusiness.ch\/#website","url":"https:\/\/www.immobilienbusiness.ch\/","name":"IMMOBILIEN Business","description":"Unabh\u00e4ngiges Schweizer Wirtschaftsmagazin mit Fokus auf Immobilien, Architektur- und Bau sowie Investment- und Finanzierung.","publisher":{"@id":"https:\/\/www.immobilienbusiness.ch\/#organization"},"potentialAction":[{"@type":"SearchAction","target":{"@type":"EntryPoint","urlTemplate":"https:\/\/www.immobilienbusiness.ch\/?s={search_term_string}"},"query-input":{"@type":"PropertyValueSpecification","valueRequired":true,"valueName":"search_term_string"}}],"inLanguage":"de"},{"@type":"Organization","@id":"https:\/\/www.immobilienbusiness.ch\/#organization","name":"IMMOBILIEN Business","url":"https:\/\/www.immobilienbusiness.ch\/","logo":{"@type":"ImageObject","inLanguage":"de","@id":"https:\/\/www.immobilienbusiness.ch\/#\/schema\/logo\/image\/","url":"https:\/\/www.immobilienbusiness.ch\/wp-content\/uploads\/2021\/07\/logo_ib.png","contentUrl":"https:\/\/www.immobilienbusiness.ch\/wp-content\/uploads\/2021\/07\/logo_ib.png","width":800,"height":181,"caption":"IMMOBILIEN Business"},"image":{"@id":"https:\/\/www.immobilienbusiness.ch\/#\/schema\/logo\/image\/"},"sameAs":["https:\/\/www.facebook.com\/immobilienbusiness\/"]},{"@type":"Person","@id":"https:\/\/www.immobilienbusiness.ch\/#\/schema\/person\/3fc036297b10b9f42d6db5ee932af8c8","name":"anja.hall","image":{"@type":"ImageObject","inLanguage":"de","@id":"https:\/\/secure.gravatar.com\/avatar\/066b5a0d447013502c71a5782f4f3469f03cfe595cc2329fb94652fe47511bfb?s=96&d=mm&r=g","url":"https:\/\/secure.gravatar.com\/avatar\/066b5a0d447013502c71a5782f4f3469f03cfe595cc2329fb94652fe47511bfb?s=96&d=mm&r=g","contentUrl":"https:\/\/secure.gravatar.com\/avatar\/066b5a0d447013502c71a5782f4f3469f03cfe595cc2329fb94652fe47511bfb?s=96&d=mm&r=g","caption":"anja.hall"},"url":"https:\/\/www.immobilienbusiness.ch\/de\/author\/anja-hall\/"}]}},"_links":{"self":[{"href":"https:\/\/www.immobilienbusiness.ch\/de\/wp-json\/wp\/v2\/posts\/38829","targetHints":{"allow":["GET"]}}],"collection":[{"href":"https:\/\/www.immobilienbusiness.ch\/de\/wp-json\/wp\/v2\/posts"}],"about":[{"href":"https:\/\/www.immobilienbusiness.ch\/de\/wp-json\/wp\/v2\/types\/post"}],"author":[{"embeddable":true,"href":"https:\/\/www.immobilienbusiness.ch\/de\/wp-json\/wp\/v2\/users\/3"}],"replies":[{"embeddable":true,"href":"https:\/\/www.immobilienbusiness.ch\/de\/wp-json\/wp\/v2\/comments?post=38829"}],"version-history":[{"count":4,"href":"https:\/\/www.immobilienbusiness.ch\/de\/wp-json\/wp\/v2\/posts\/38829\/revisions"}],"predecessor-version":[{"id":51634,"href":"https:\/\/www.immobilienbusiness.ch\/de\/wp-json\/wp\/v2\/posts\/38829\/revisions\/51634"}],"wp:featuredmedia":[{"embeddable":true,"href":"https:\/\/www.immobilienbusiness.ch\/de\/wp-json\/wp\/v2\/media\/38830"}],"wp:attachment":[{"href":"https:\/\/www.immobilienbusiness.ch\/de\/wp-json\/wp\/v2\/media?parent=38829"}],"wp:term":[{"taxonomy":"category","embeddable":true,"href":"https:\/\/www.immobilienbusiness.ch\/de\/wp-json\/wp\/v2\/categories?post=38829"},{"taxonomy":"post_tag","embeddable":true,"href":"https:\/\/www.immobilienbusiness.ch\/de\/wp-json\/wp\/v2\/tags?post=38829"}],"curies":[{"name":"wp","href":"https:\/\/api.w.org\/{rel}","templated":true}]}}