{"id":38759,"date":"2021-10-25T07:30:21","date_gmt":"2021-10-25T05:30:21","guid":{"rendered":"https:\/\/www.immobilienbusiness.ch\/?p=38759"},"modified":"2021-10-28T10:14:43","modified_gmt":"2021-10-28T08:14:43","slug":"baden-bauten-fuer-kultur-und-baederstadt-werden-bald-eroeffnet","status":"publish","type":"post","link":"https:\/\/www.immobilienbusiness.ch\/de\/regionen\/2021-10-25\/baden-bauten-fuer-kultur-und-baederstadt-werden-bald-eroeffnet\/","title":{"rendered":"Baden: Bauten f\u00fcr Kultur- und B\u00e4derstadt werden bald er\u00f6ffnet"},"content":{"rendered":"<figure id=\"attachment_38760\" aria-describedby=\"caption-attachment-38760\" style=\"width: 2560px\" class=\"wp-caption alignnone\"><img loading=\"lazy\" decoding=\"async\" class=\"wp-image-38760 size-full\" src=\"https:\/\/www.immobilienbusiness.ch\/wp-content\/uploads\/2021\/10\/Aussenaufnahme-WellnThermalBaden-AG-scaled.jpg\" alt=\"\" width=\"2560\" height=\"1706\" srcset=\"https:\/\/www.immobilienbusiness.ch\/wp-content\/uploads\/2021\/10\/Aussenaufnahme-WellnThermalBaden-AG-scaled.jpg 2560w, https:\/\/www.immobilienbusiness.ch\/wp-content\/uploads\/2021\/10\/Aussenaufnahme-WellnThermalBaden-AG-300x200.jpg 300w, https:\/\/www.immobilienbusiness.ch\/wp-content\/uploads\/2021\/10\/Aussenaufnahme-WellnThermalBaden-AG-1024x682.jpg 1024w, https:\/\/www.immobilienbusiness.ch\/wp-content\/uploads\/2021\/10\/Aussenaufnahme-WellnThermalBaden-AG-768x512.jpg 768w, https:\/\/www.immobilienbusiness.ch\/wp-content\/uploads\/2021\/10\/Aussenaufnahme-WellnThermalBaden-AG-1536x1024.jpg 1536w, https:\/\/www.immobilienbusiness.ch\/wp-content\/uploads\/2021\/10\/Aussenaufnahme-WellnThermalBaden-AG-2048x1365.jpg 2048w, https:\/\/www.immobilienbusiness.ch\/wp-content\/uploads\/2021\/10\/Aussenaufnahme-WellnThermalBaden-AG-16x12.jpg 16w, https:\/\/www.immobilienbusiness.ch\/wp-content\/uploads\/2021\/10\/Aussenaufnahme-WellnThermalBaden-AG-263x175.jpg 263w, https:\/\/www.immobilienbusiness.ch\/wp-content\/uploads\/2021\/10\/Aussenaufnahme-WellnThermalBaden-AG-525x350.jpg 525w, https:\/\/www.immobilienbusiness.ch\/wp-content\/uploads\/2021\/10\/Aussenaufnahme-WellnThermalBaden-AG-1200x800.jpg 1200w, https:\/\/www.immobilienbusiness.ch\/wp-content\/uploads\/2021\/10\/Aussenaufnahme-WellnThermalBaden-AG-920x613.jpg 920w, https:\/\/www.immobilienbusiness.ch\/wp-content\/uploads\/2021\/10\/Aussenaufnahme-WellnThermalBaden-AG-1400x933.jpg 1400w\" sizes=\"auto, (max-width: 2560px) 100vw, 2560px\" \/><figcaption id=\"caption-attachment-38760\" class=\"wp-caption-text\">Aussenaufnahme der Wellness-Therme Fortyseven (\u00a9 ThermalBaden AG)<\/figcaption><\/figure>\n<p>Die Wellness-Therme Fortyseven gilt als Herzst\u00fcck des B\u00e4derquartiers in Baden. Das 4.400 qm grosse Thermalbad besteht aus einem 160 Meter langen Hauptk\u00f6rper mit vorgelagertem Flachbau und wurde von dem bekannten Architekten Mario Botta gestaltet. Es verf\u00fcgt \u00fcber zahlreiche Innen- und Aussenbecken, eine grosse Saunalandschaft, diverse Ruhe- und Entspannungszonen, R\u00e4ume f\u00fcr K\u00f6rper- und Gesichtsbehandlungen sowie ein Gastronomieangebot. Am 20. November \u00f6ffnet es f\u00fcr Besucherinnen und Besucher.<\/p>\n<p>Bereits Anfang November werden zwei vom Verein Bagni Popolari konzipierte \u00f6ffentliche Brunnen in Betrieb genommen. In diesen \u00abHeissen Brunnen\u00bb kann gebadet werden. Auch die neue Limmatpromenade steht ab Anfang November zur Verf\u00fcgung. Bis Ende Oktober wird zudem der Kurplatz neugestaltet; der Platz soll zum Begegnungsort werden. Dabei will die Stadt dem \u00abGrossen Heissen Stein\u00bb seine urspr\u00fcngliche Bedeutung zur\u00fcckgegeben: Die Steinplatte \u00fcber der gleichnamigen Quelle erw\u00e4rmt sich durch den Dampf des aufsteigenden, heissen Quellwassers und soll wieder als Sitzgelegenheit dienen. Die Doppelquelle Grosser und Kleiner Heisser Stein ist die Hauptquelle der insgesamt 19 warmen Quellen in den B\u00e4dern und liegt mitten auf dem Kurplatz. <em>(ah)<\/em><\/p>\n","protected":false},"excerpt":{"rendered":"<p>In Baden werden in K\u00fcrze die ersten Bauten des Projekts Kultur- und B\u00e4derstadt Baden &#038; Region der \u00d6ffentlichkeit \u00fcbergeben \u2013 darunter die Wellness-Therme Fortyseven.<\/p>\n","protected":false},"author":3,"featured_media":38760,"comment_status":"closed","ping_status":"closed","sticky":false,"template":"","format":"standard","meta":{"_acf_changed":false,"_yoast_wpseo_focuskw":"Baden","_yoast_wpseo_title":"","_yoast_wpseo_metadesc":"In Baden (AG) werden bald die ersten Bauten des Projekts Kultur- und B\u00e4derstadt Baden & Region er\u00f6ffnet \u2013 darunter die Wellness-Therme Fortyseven.","_yoast_wpseo_linkdex":44,"pgc_sgb_lightbox_settings":"","footnotes":""},"categories":[985],"tags":[1219,1246,1395],"class_list":["post-38759","post","type-post","status-publish","format-standard","has-post-thumbnail","hentry","category-regionen","tag-fertigstellung","tag-freizeitimmobilien","tag-kanton-aargau"],"acf":[],"yoast_head":"<!-- This site is optimized with the Yoast SEO plugin v27.4 - https:\/\/yoast.com\/product\/yoast-seo-wordpress\/ -->\n<title>Baden: Bauten f\u00fcr Kultur- und B\u00e4derstadt werden bald er\u00f6ffnet - IMMOBILIEN Business<\/title>\n<meta name=\"description\" content=\"In Baden (AG) werden bald die ersten Bauten des Projekts Kultur- und B\u00e4derstadt Baden &amp; Region er\u00f6ffnet \u2013 darunter die Wellness-Therme Fortyseven.\" \/>\n<meta name=\"robots\" content=\"index, follow, max-snippet:-1, max-image-preview:large, max-video-preview:-1\" \/>\n<link rel=\"canonical\" href=\"https:\/\/www.immobilienbusiness.ch\/de\/regionen\/2021-10-25\/baden-bauten-fuer-kultur-und-baederstadt-werden-bald-eroeffnet\/\" \/>\n<meta property=\"og:locale\" content=\"de_DE\" \/>\n<meta property=\"og:type\" content=\"article\" \/>\n<meta property=\"og:title\" content=\"Baden: Bauten f\u00fcr Kultur- und B\u00e4derstadt werden bald er\u00f6ffnet - IMMOBILIEN Business\" \/>\n<meta property=\"og:description\" content=\"In Baden (AG) werden bald die ersten Bauten des Projekts Kultur- und B\u00e4derstadt Baden &amp; Region er\u00f6ffnet \u2013 darunter die Wellness-Therme Fortyseven.\" \/>\n<meta property=\"og:url\" content=\"https:\/\/www.immobilienbusiness.ch\/de\/regionen\/2021-10-25\/baden-bauten-fuer-kultur-und-baederstadt-werden-bald-eroeffnet\/\" \/>\n<meta property=\"og:site_name\" content=\"IMMOBILIEN Business\" \/>\n<meta property=\"article:publisher\" content=\"https:\/\/www.facebook.com\/immobilienbusiness\/\" \/>\n<meta property=\"article:published_time\" content=\"2021-10-25T05:30:21+00:00\" \/>\n<meta property=\"article:modified_time\" content=\"2021-10-28T08:14:43+00:00\" \/>\n<meta property=\"og:image\" content=\"https:\/\/www.immobilienbusiness.ch\/wp-content\/uploads\/2021\/10\/Aussenaufnahme-WellnThermalBaden-AG-scaled.jpg\" \/>\n\t<meta property=\"og:image:width\" content=\"2560\" \/>\n\t<meta property=\"og:image:height\" content=\"1706\" \/>\n\t<meta property=\"og:image:type\" content=\"image\/jpeg\" \/>\n<meta name=\"author\" content=\"anja.hall\" \/>\n<meta name=\"twitter:card\" content=\"summary_large_image\" \/>\n<meta name=\"twitter:image\" content=\"https:\/\/www.immobilienbusiness.ch\/wp-content\/uploads\/2021\/10\/Aussenaufnahme-WellnThermalBaden-AG-scaled.jpg\" \/>\n<script type=\"application\/ld+json\" class=\"yoast-schema-graph\">{\"@context\":\"https:\\\/\\\/schema.org\",\"@graph\":[{\"@type\":\"Article\",\"@id\":\"https:\\\/\\\/www.immobilienbusiness.ch\\\/en\\\/regionen\\\/2021-10-25\\\/baden-bauten-fuer-kultur-und-baederstadt-werden-bald-eroeffnet\\\/#article\",\"isPartOf\":{\"@id\":\"https:\\\/\\\/www.immobilienbusiness.ch\\\/en\\\/regionen\\\/2021-10-25\\\/baden-bauten-fuer-kultur-und-baederstadt-werden-bald-eroeffnet\\\/\"},\"author\":{\"name\":\"anja.hall\",\"@id\":\"https:\\\/\\\/www.immobilienbusiness.ch\\\/#\\\/schema\\\/person\\\/3fc036297b10b9f42d6db5ee932af8c8\"},\"headline\":\"Baden: Bauten f\u00fcr Kultur- und B\u00e4derstadt werden bald er\u00f6ffnet\",\"datePublished\":\"2021-10-25T05:30:21+00:00\",\"dateModified\":\"2021-10-28T08:14:43+00:00\",\"mainEntityOfPage\":{\"@id\":\"https:\\\/\\\/www.immobilienbusiness.ch\\\/en\\\/regionen\\\/2021-10-25\\\/baden-bauten-fuer-kultur-und-baederstadt-werden-bald-eroeffnet\\\/\"},\"wordCount\":203,\"publisher\":{\"@id\":\"https:\\\/\\\/www.immobilienbusiness.ch\\\/#organization\"},\"image\":{\"@id\":\"https:\\\/\\\/www.immobilienbusiness.ch\\\/en\\\/regionen\\\/2021-10-25\\\/baden-bauten-fuer-kultur-und-baederstadt-werden-bald-eroeffnet\\\/#primaryimage\"},\"thumbnailUrl\":\"https:\\\/\\\/www.immobilienbusiness.ch\\\/wp-content\\\/uploads\\\/2021\\\/10\\\/Aussenaufnahme-WellnThermalBaden-AG-scaled.jpg\",\"keywords\":[\"Fertigstellung\",\"Freizeitimmobilien\",\"Kanton Aargau\"],\"articleSection\":[\"REGIONEN\"],\"inLanguage\":\"de\"},{\"@type\":\"WebPage\",\"@id\":\"https:\\\/\\\/www.immobilienbusiness.ch\\\/en\\\/regionen\\\/2021-10-25\\\/baden-bauten-fuer-kultur-und-baederstadt-werden-bald-eroeffnet\\\/\",\"url\":\"https:\\\/\\\/www.immobilienbusiness.ch\\\/en\\\/regionen\\\/2021-10-25\\\/baden-bauten-fuer-kultur-und-baederstadt-werden-bald-eroeffnet\\\/\",\"name\":\"Baden: Bauten f\u00fcr Kultur- und B\u00e4derstadt werden bald er\u00f6ffnet - IMMOBILIEN Business\",\"isPartOf\":{\"@id\":\"https:\\\/\\\/www.immobilienbusiness.ch\\\/#website\"},\"primaryImageOfPage\":{\"@id\":\"https:\\\/\\\/www.immobilienbusiness.ch\\\/en\\\/regionen\\\/2021-10-25\\\/baden-bauten-fuer-kultur-und-baederstadt-werden-bald-eroeffnet\\\/#primaryimage\"},\"image\":{\"@id\":\"https:\\\/\\\/www.immobilienbusiness.ch\\\/en\\\/regionen\\\/2021-10-25\\\/baden-bauten-fuer-kultur-und-baederstadt-werden-bald-eroeffnet\\\/#primaryimage\"},\"thumbnailUrl\":\"https:\\\/\\\/www.immobilienbusiness.ch\\\/wp-content\\\/uploads\\\/2021\\\/10\\\/Aussenaufnahme-WellnThermalBaden-AG-scaled.jpg\",\"datePublished\":\"2021-10-25T05:30:21+00:00\",\"dateModified\":\"2021-10-28T08:14:43+00:00\",\"description\":\"In Baden (AG) werden bald die ersten Bauten des Projekts Kultur- und B\u00e4derstadt Baden & Region er\u00f6ffnet \u2013 darunter die Wellness-Therme Fortyseven.\",\"breadcrumb\":{\"@id\":\"https:\\\/\\\/www.immobilienbusiness.ch\\\/en\\\/regionen\\\/2021-10-25\\\/baden-bauten-fuer-kultur-und-baederstadt-werden-bald-eroeffnet\\\/#breadcrumb\"},\"inLanguage\":\"de\",\"potentialAction\":[{\"@type\":\"ReadAction\",\"target\":[\"https:\\\/\\\/www.immobilienbusiness.ch\\\/en\\\/regionen\\\/2021-10-25\\\/baden-bauten-fuer-kultur-und-baederstadt-werden-bald-eroeffnet\\\/\"]}]},{\"@type\":\"ImageObject\",\"inLanguage\":\"de\",\"@id\":\"https:\\\/\\\/www.immobilienbusiness.ch\\\/en\\\/regionen\\\/2021-10-25\\\/baden-bauten-fuer-kultur-und-baederstadt-werden-bald-eroeffnet\\\/#primaryimage\",\"url\":\"https:\\\/\\\/www.immobilienbusiness.ch\\\/wp-content\\\/uploads\\\/2021\\\/10\\\/Aussenaufnahme-WellnThermalBaden-AG-scaled.jpg\",\"contentUrl\":\"https:\\\/\\\/www.immobilienbusiness.ch\\\/wp-content\\\/uploads\\\/2021\\\/10\\\/Aussenaufnahme-WellnThermalBaden-AG-scaled.jpg\",\"width\":2560,\"height\":1706,\"caption\":\"Aussenaufnahme der Wellness-Therme Fortyseven (Quelle: ThermalBaden AG)\"},{\"@type\":\"BreadcrumbList\",\"@id\":\"https:\\\/\\\/www.immobilienbusiness.ch\\\/en\\\/regionen\\\/2021-10-25\\\/baden-bauten-fuer-kultur-und-baederstadt-werden-bald-eroeffnet\\\/#breadcrumb\",\"itemListElement\":[{\"@type\":\"ListItem\",\"position\":1,\"name\":\"Home\",\"item\":\"https:\\\/\\\/www.immobilienbusiness.ch\\\/\"},{\"@type\":\"ListItem\",\"position\":2,\"name\":\"Baden: Bauten f\u00fcr Kultur- und B\u00e4derstadt werden bald er\u00f6ffnet\"}]},{\"@type\":\"WebSite\",\"@id\":\"https:\\\/\\\/www.immobilienbusiness.ch\\\/#website\",\"url\":\"https:\\\/\\\/www.immobilienbusiness.ch\\\/\",\"name\":\"IMMOBILIEN Business\",\"description\":\"Unabh\u00e4ngiges Schweizer Wirtschaftsmagazin mit Fokus auf Immobilien, Architektur- und Bau sowie Investment- und Finanzierung.\",\"publisher\":{\"@id\":\"https:\\\/\\\/www.immobilienbusiness.ch\\\/#organization\"},\"potentialAction\":[{\"@type\":\"SearchAction\",\"target\":{\"@type\":\"EntryPoint\",\"urlTemplate\":\"https:\\\/\\\/www.immobilienbusiness.ch\\\/?s={search_term_string}\"},\"query-input\":{\"@type\":\"PropertyValueSpecification\",\"valueRequired\":true,\"valueName\":\"search_term_string\"}}],\"inLanguage\":\"de\"},{\"@type\":\"Organization\",\"@id\":\"https:\\\/\\\/www.immobilienbusiness.ch\\\/#organization\",\"name\":\"IMMOBILIEN Business\",\"url\":\"https:\\\/\\\/www.immobilienbusiness.ch\\\/\",\"logo\":{\"@type\":\"ImageObject\",\"inLanguage\":\"de\",\"@id\":\"https:\\\/\\\/www.immobilienbusiness.ch\\\/#\\\/schema\\\/logo\\\/image\\\/\",\"url\":\"https:\\\/\\\/www.immobilienbusiness.ch\\\/wp-content\\\/uploads\\\/2021\\\/07\\\/logo_ib.png\",\"contentUrl\":\"https:\\\/\\\/www.immobilienbusiness.ch\\\/wp-content\\\/uploads\\\/2021\\\/07\\\/logo_ib.png\",\"width\":800,\"height\":181,\"caption\":\"IMMOBILIEN Business\"},\"image\":{\"@id\":\"https:\\\/\\\/www.immobilienbusiness.ch\\\/#\\\/schema\\\/logo\\\/image\\\/\"},\"sameAs\":[\"https:\\\/\\\/www.facebook.com\\\/immobilienbusiness\\\/\"]},{\"@type\":\"Person\",\"@id\":\"https:\\\/\\\/www.immobilienbusiness.ch\\\/#\\\/schema\\\/person\\\/3fc036297b10b9f42d6db5ee932af8c8\",\"name\":\"anja.hall\",\"image\":{\"@type\":\"ImageObject\",\"inLanguage\":\"de\",\"@id\":\"https:\\\/\\\/secure.gravatar.com\\\/avatar\\\/066b5a0d447013502c71a5782f4f3469f03cfe595cc2329fb94652fe47511bfb?s=96&d=mm&r=g\",\"url\":\"https:\\\/\\\/secure.gravatar.com\\\/avatar\\\/066b5a0d447013502c71a5782f4f3469f03cfe595cc2329fb94652fe47511bfb?s=96&d=mm&r=g\",\"contentUrl\":\"https:\\\/\\\/secure.gravatar.com\\\/avatar\\\/066b5a0d447013502c71a5782f4f3469f03cfe595cc2329fb94652fe47511bfb?s=96&d=mm&r=g\",\"caption\":\"anja.hall\"},\"url\":\"https:\\\/\\\/www.immobilienbusiness.ch\\\/de\\\/author\\\/anja-hall\\\/\"}]}<\/script>\n<!-- \/ Yoast SEO plugin. -->","yoast_head_json":{"title":"Baden: Bauten f\u00fcr Kultur- und B\u00e4derstadt werden bald er\u00f6ffnet - IMMOBILIEN Business","description":"In Baden (AG) werden bald die ersten Bauten des Projekts Kultur- und B\u00e4derstadt Baden & Region er\u00f6ffnet \u2013 darunter die Wellness-Therme Fortyseven.","robots":{"index":"index","follow":"follow","max-snippet":"max-snippet:-1","max-image-preview":"max-image-preview:large","max-video-preview":"max-video-preview:-1"},"canonical":"https:\/\/www.immobilienbusiness.ch\/de\/regionen\/2021-10-25\/baden-bauten-fuer-kultur-und-baederstadt-werden-bald-eroeffnet\/","og_locale":"de_DE","og_type":"article","og_title":"Baden: Bauten f\u00fcr Kultur- und B\u00e4derstadt werden bald er\u00f6ffnet - IMMOBILIEN Business","og_description":"In Baden (AG) werden bald die ersten Bauten des Projekts Kultur- und B\u00e4derstadt Baden & Region er\u00f6ffnet \u2013 darunter die Wellness-Therme Fortyseven.","og_url":"https:\/\/www.immobilienbusiness.ch\/de\/regionen\/2021-10-25\/baden-bauten-fuer-kultur-und-baederstadt-werden-bald-eroeffnet\/","og_site_name":"IMMOBILIEN Business","article_publisher":"https:\/\/www.facebook.com\/immobilienbusiness\/","article_published_time":"2021-10-25T05:30:21+00:00","article_modified_time":"2021-10-28T08:14:43+00:00","og_image":[{"width":2560,"height":1706,"url":"https:\/\/www.immobilienbusiness.ch\/wp-content\/uploads\/2021\/10\/Aussenaufnahme-WellnThermalBaden-AG-scaled.jpg","type":"image\/jpeg"}],"author":"anja.hall","twitter_card":"summary_large_image","twitter_image":"https:\/\/www.immobilienbusiness.ch\/wp-content\/uploads\/2021\/10\/Aussenaufnahme-WellnThermalBaden-AG-scaled.jpg","schema":{"@context":"https:\/\/schema.org","@graph":[{"@type":"Article","@id":"https:\/\/www.immobilienbusiness.ch\/en\/regionen\/2021-10-25\/baden-bauten-fuer-kultur-und-baederstadt-werden-bald-eroeffnet\/#article","isPartOf":{"@id":"https:\/\/www.immobilienbusiness.ch\/en\/regionen\/2021-10-25\/baden-bauten-fuer-kultur-und-baederstadt-werden-bald-eroeffnet\/"},"author":{"name":"anja.hall","@id":"https:\/\/www.immobilienbusiness.ch\/#\/schema\/person\/3fc036297b10b9f42d6db5ee932af8c8"},"headline":"Baden: Bauten f\u00fcr Kultur- und B\u00e4derstadt werden bald er\u00f6ffnet","datePublished":"2021-10-25T05:30:21+00:00","dateModified":"2021-10-28T08:14:43+00:00","mainEntityOfPage":{"@id":"https:\/\/www.immobilienbusiness.ch\/en\/regionen\/2021-10-25\/baden-bauten-fuer-kultur-und-baederstadt-werden-bald-eroeffnet\/"},"wordCount":203,"publisher":{"@id":"https:\/\/www.immobilienbusiness.ch\/#organization"},"image":{"@id":"https:\/\/www.immobilienbusiness.ch\/en\/regionen\/2021-10-25\/baden-bauten-fuer-kultur-und-baederstadt-werden-bald-eroeffnet\/#primaryimage"},"thumbnailUrl":"https:\/\/www.immobilienbusiness.ch\/wp-content\/uploads\/2021\/10\/Aussenaufnahme-WellnThermalBaden-AG-scaled.jpg","keywords":["Fertigstellung","Freizeitimmobilien","Kanton Aargau"],"articleSection":["REGIONEN"],"inLanguage":"de"},{"@type":"WebPage","@id":"https:\/\/www.immobilienbusiness.ch\/en\/regionen\/2021-10-25\/baden-bauten-fuer-kultur-und-baederstadt-werden-bald-eroeffnet\/","url":"https:\/\/www.immobilienbusiness.ch\/en\/regionen\/2021-10-25\/baden-bauten-fuer-kultur-und-baederstadt-werden-bald-eroeffnet\/","name":"Baden: Bauten f\u00fcr Kultur- und B\u00e4derstadt werden bald er\u00f6ffnet - IMMOBILIEN Business","isPartOf":{"@id":"https:\/\/www.immobilienbusiness.ch\/#website"},"primaryImageOfPage":{"@id":"https:\/\/www.immobilienbusiness.ch\/en\/regionen\/2021-10-25\/baden-bauten-fuer-kultur-und-baederstadt-werden-bald-eroeffnet\/#primaryimage"},"image":{"@id":"https:\/\/www.immobilienbusiness.ch\/en\/regionen\/2021-10-25\/baden-bauten-fuer-kultur-und-baederstadt-werden-bald-eroeffnet\/#primaryimage"},"thumbnailUrl":"https:\/\/www.immobilienbusiness.ch\/wp-content\/uploads\/2021\/10\/Aussenaufnahme-WellnThermalBaden-AG-scaled.jpg","datePublished":"2021-10-25T05:30:21+00:00","dateModified":"2021-10-28T08:14:43+00:00","description":"In Baden (AG) werden bald die ersten Bauten des Projekts Kultur- und B\u00e4derstadt Baden & Region er\u00f6ffnet \u2013 darunter die Wellness-Therme Fortyseven.","breadcrumb":{"@id":"https:\/\/www.immobilienbusiness.ch\/en\/regionen\/2021-10-25\/baden-bauten-fuer-kultur-und-baederstadt-werden-bald-eroeffnet\/#breadcrumb"},"inLanguage":"de","potentialAction":[{"@type":"ReadAction","target":["https:\/\/www.immobilienbusiness.ch\/en\/regionen\/2021-10-25\/baden-bauten-fuer-kultur-und-baederstadt-werden-bald-eroeffnet\/"]}]},{"@type":"ImageObject","inLanguage":"de","@id":"https:\/\/www.immobilienbusiness.ch\/en\/regionen\/2021-10-25\/baden-bauten-fuer-kultur-und-baederstadt-werden-bald-eroeffnet\/#primaryimage","url":"https:\/\/www.immobilienbusiness.ch\/wp-content\/uploads\/2021\/10\/Aussenaufnahme-WellnThermalBaden-AG-scaled.jpg","contentUrl":"https:\/\/www.immobilienbusiness.ch\/wp-content\/uploads\/2021\/10\/Aussenaufnahme-WellnThermalBaden-AG-scaled.jpg","width":2560,"height":1706,"caption":"Aussenaufnahme der Wellness-Therme Fortyseven (Quelle: ThermalBaden AG)"},{"@type":"BreadcrumbList","@id":"https:\/\/www.immobilienbusiness.ch\/en\/regionen\/2021-10-25\/baden-bauten-fuer-kultur-und-baederstadt-werden-bald-eroeffnet\/#breadcrumb","itemListElement":[{"@type":"ListItem","position":1,"name":"Home","item":"https:\/\/www.immobilienbusiness.ch\/"},{"@type":"ListItem","position":2,"name":"Baden: Bauten f\u00fcr Kultur- und B\u00e4derstadt werden bald er\u00f6ffnet"}]},{"@type":"WebSite","@id":"https:\/\/www.immobilienbusiness.ch\/#website","url":"https:\/\/www.immobilienbusiness.ch\/","name":"IMMOBILIEN Business","description":"Unabh\u00e4ngiges Schweizer Wirtschaftsmagazin mit Fokus auf Immobilien, Architektur- und Bau sowie Investment- und Finanzierung.","publisher":{"@id":"https:\/\/www.immobilienbusiness.ch\/#organization"},"potentialAction":[{"@type":"SearchAction","target":{"@type":"EntryPoint","urlTemplate":"https:\/\/www.immobilienbusiness.ch\/?s={search_term_string}"},"query-input":{"@type":"PropertyValueSpecification","valueRequired":true,"valueName":"search_term_string"}}],"inLanguage":"de"},{"@type":"Organization","@id":"https:\/\/www.immobilienbusiness.ch\/#organization","name":"IMMOBILIEN Business","url":"https:\/\/www.immobilienbusiness.ch\/","logo":{"@type":"ImageObject","inLanguage":"de","@id":"https:\/\/www.immobilienbusiness.ch\/#\/schema\/logo\/image\/","url":"https:\/\/www.immobilienbusiness.ch\/wp-content\/uploads\/2021\/07\/logo_ib.png","contentUrl":"https:\/\/www.immobilienbusiness.ch\/wp-content\/uploads\/2021\/07\/logo_ib.png","width":800,"height":181,"caption":"IMMOBILIEN Business"},"image":{"@id":"https:\/\/www.immobilienbusiness.ch\/#\/schema\/logo\/image\/"},"sameAs":["https:\/\/www.facebook.com\/immobilienbusiness\/"]},{"@type":"Person","@id":"https:\/\/www.immobilienbusiness.ch\/#\/schema\/person\/3fc036297b10b9f42d6db5ee932af8c8","name":"anja.hall","image":{"@type":"ImageObject","inLanguage":"de","@id":"https:\/\/secure.gravatar.com\/avatar\/066b5a0d447013502c71a5782f4f3469f03cfe595cc2329fb94652fe47511bfb?s=96&d=mm&r=g","url":"https:\/\/secure.gravatar.com\/avatar\/066b5a0d447013502c71a5782f4f3469f03cfe595cc2329fb94652fe47511bfb?s=96&d=mm&r=g","contentUrl":"https:\/\/secure.gravatar.com\/avatar\/066b5a0d447013502c71a5782f4f3469f03cfe595cc2329fb94652fe47511bfb?s=96&d=mm&r=g","caption":"anja.hall"},"url":"https:\/\/www.immobilienbusiness.ch\/de\/author\/anja-hall\/"}]}},"_links":{"self":[{"href":"https:\/\/www.immobilienbusiness.ch\/de\/wp-json\/wp\/v2\/posts\/38759","targetHints":{"allow":["GET"]}}],"collection":[{"href":"https:\/\/www.immobilienbusiness.ch\/de\/wp-json\/wp\/v2\/posts"}],"about":[{"href":"https:\/\/www.immobilienbusiness.ch\/de\/wp-json\/wp\/v2\/types\/post"}],"author":[{"embeddable":true,"href":"https:\/\/www.immobilienbusiness.ch\/de\/wp-json\/wp\/v2\/users\/3"}],"replies":[{"embeddable":true,"href":"https:\/\/www.immobilienbusiness.ch\/de\/wp-json\/wp\/v2\/comments?post=38759"}],"version-history":[{"count":3,"href":"https:\/\/www.immobilienbusiness.ch\/de\/wp-json\/wp\/v2\/posts\/38759\/revisions"}],"predecessor-version":[{"id":38809,"href":"https:\/\/www.immobilienbusiness.ch\/de\/wp-json\/wp\/v2\/posts\/38759\/revisions\/38809"}],"wp:featuredmedia":[{"embeddable":true,"href":"https:\/\/www.immobilienbusiness.ch\/de\/wp-json\/wp\/v2\/media\/38760"}],"wp:attachment":[{"href":"https:\/\/www.immobilienbusiness.ch\/de\/wp-json\/wp\/v2\/media?parent=38759"}],"wp:term":[{"taxonomy":"category","embeddable":true,"href":"https:\/\/www.immobilienbusiness.ch\/de\/wp-json\/wp\/v2\/categories?post=38759"},{"taxonomy":"post_tag","embeddable":true,"href":"https:\/\/www.immobilienbusiness.ch\/de\/wp-json\/wp\/v2\/tags?post=38759"}],"curies":[{"name":"wp","href":"https:\/\/api.w.org\/{rel}","templated":true}]}}