{"id":38754,"date":"2021-10-22T09:30:20","date_gmt":"2021-10-22T07:30:20","guid":{"rendered":"https:\/\/www.immobilienbusiness.ch\/?p=38754"},"modified":"2021-10-28T10:17:10","modified_gmt":"2021-10-28T08:17:10","slug":"basel-sbb-plant-stadtquartier-am-gueterbahnhof-wolf","status":"publish","type":"post","link":"https:\/\/www.immobilienbusiness.ch\/de\/regionen\/2021-10-22\/basel-sbb-plant-stadtquartier-am-gueterbahnhof-wolf\/","title":{"rendered":"Basel: SBB plant Stadtquartier am G\u00fcterbahnhof Wolf"},"content":{"rendered":"<figure id=\"attachment_38755\" aria-describedby=\"caption-attachment-38755\" style=\"width: 2560px\" class=\"wp-caption alignnone\"><img loading=\"lazy\" decoding=\"async\" class=\"wp-image-38755 size-full\" src=\"https:\/\/www.immobilienbusiness.ch\/wp-content\/uploads\/2021\/10\/Visualisierung-Gewerbehof-_\u00a9PONNIE-Images-scaled.jpg\" alt=\"\" width=\"2560\" height=\"1707\" srcset=\"https:\/\/www.immobilienbusiness.ch\/wp-content\/uploads\/2021\/10\/Visualisierung-Gewerbehof-_\u00a9PONNIE-Images-scaled.jpg 2560w, https:\/\/www.immobilienbusiness.ch\/wp-content\/uploads\/2021\/10\/Visualisierung-Gewerbehof-_\u00a9PONNIE-Images-300x200.jpg 300w, https:\/\/www.immobilienbusiness.ch\/wp-content\/uploads\/2021\/10\/Visualisierung-Gewerbehof-_\u00a9PONNIE-Images-1024x683.jpg 1024w, https:\/\/www.immobilienbusiness.ch\/wp-content\/uploads\/2021\/10\/Visualisierung-Gewerbehof-_\u00a9PONNIE-Images-768x512.jpg 768w, https:\/\/www.immobilienbusiness.ch\/wp-content\/uploads\/2021\/10\/Visualisierung-Gewerbehof-_\u00a9PONNIE-Images-1536x1024.jpg 1536w, https:\/\/www.immobilienbusiness.ch\/wp-content\/uploads\/2021\/10\/Visualisierung-Gewerbehof-_\u00a9PONNIE-Images-2048x1365.jpg 2048w, https:\/\/www.immobilienbusiness.ch\/wp-content\/uploads\/2021\/10\/Visualisierung-Gewerbehof-_\u00a9PONNIE-Images-16x12.jpg 16w, https:\/\/www.immobilienbusiness.ch\/wp-content\/uploads\/2021\/10\/Visualisierung-Gewerbehof-_\u00a9PONNIE-Images-263x175.jpg 263w, https:\/\/www.immobilienbusiness.ch\/wp-content\/uploads\/2021\/10\/Visualisierung-Gewerbehof-_\u00a9PONNIE-Images-525x350.jpg 525w, https:\/\/www.immobilienbusiness.ch\/wp-content\/uploads\/2021\/10\/Visualisierung-Gewerbehof-_\u00a9PONNIE-Images-1200x800.jpg 1200w, https:\/\/www.immobilienbusiness.ch\/wp-content\/uploads\/2021\/10\/Visualisierung-Gewerbehof-_\u00a9PONNIE-Images-920x613.jpg 920w, https:\/\/www.immobilienbusiness.ch\/wp-content\/uploads\/2021\/10\/Visualisierung-Gewerbehof-_\u00a9PONNIE-Images-1400x933.jpg 1400w\" sizes=\"auto, (max-width: 2560px) 100vw, 2560px\" \/><figcaption id=\"caption-attachment-38755\" class=\"wp-caption-text\">Visualisierung des geplanten Gewerbehofs im Areal Wolf (\u00a9PONNIE Images)<\/figcaption><\/figure>\n<p>Das rund 16 Hektaren grosse Areal des G\u00fcterbahnhof Wolf geh\u00f6rt der SBB und dient derzeit noch dem G\u00fcterumschlag. Da sich die Logistik teilweise nach Basel-Nord verlagern wird, wird Raum frei f\u00fcr die Entwicklung eines gemischtgenutzten Stadtquartiers. Die Planung sieht eine geschlossene Hofrandbebauung vor, die aus baulich zusammenh\u00e4ngenden einzelnen Geb\u00e4uden besteht. Die Bebauung gliedert sich in einen \u00abWohnhof\u00bb, einen \u00abGewerbehof\u00bb und ein \u00abhistorisches Zentrum\u00bb.<\/p>\n<p>Im Wohnhof sollen rund 550 Wohnungen entstehen, mindestens ein Drittel davon preisg\u00fcnstig. Der Gewerbehof befindet sich im \u00f6stlichen Teil des Areals und grenzt an das bestehende Umschlagsgeb\u00e4ude und die verbleibende Logistik an. Hier sind Gewerbe- und B\u00fcronutzungen geplant. Im historischen Zentrum in der Arealmitte werden in den bestehenden Hallen und im Dienstgeb\u00e4ude \u00f6ffentliche Nutzungen realisiert, z.B. Gastronomie, Kultur, Trendsport, aber auch Co-Working-Fl\u00e4chen oder Gesundheitsdienstleistungen.<\/p>\n<p>Das Richtprojekt f\u00fcr die Arealentwicklung entstand auf der Basis der Entw\u00fcrfe der Architekturb\u00fcros Christ &amp; Gantenbein aus Basel und EM2N Architekten aus Z\u00fcrich. Bei der \u00f6ffentlichen Planauflage zur Nutzungsplanung sind nach Angaben des Kantons Basel-Stadt eine Einsprache und f\u00fcnf Stellungnahmen eingegangen. Die Einsprache sei zur\u00fcckgezogen worden, und die Stellungnahmen habe man, wo m\u00f6glich, ber\u00fccksichtigt. Nun wird sich der Grosse Rat mit den nutzungsplanerischen \u00c4nderungen befassen. Neben dem neuen Bebauungsplan sind dies eine Zonen\u00e4nderung, eine \u00c4nderung der L\u00e4rmempfindlichkeitsstufe, eine \u00c4nderung des Wohnanteilplans sowie \u00c4nderungen von Bau- und Strassenlinien im Bereich St. Jakobs-Strasse. <em>(ah)<\/em><\/p>\n","protected":false},"excerpt":{"rendered":"<p>Auf dem n\u00f6rdlichen Teil des G\u00fcterbahnhofs Wolf in Basel soll ein neues Stadtquartier mit Wohnraum f\u00fcr 1.200 Menschen und Arbeitspl\u00e4tzen f\u00fcr rund 1.000 Besch\u00e4ftigte entstehen. <\/p>\n","protected":false},"author":3,"featured_media":38755,"comment_status":"closed","ping_status":"closed","sticky":false,"template":"","format":"standard","meta":{"_acf_changed":false,"_yoast_wpseo_focuskw":"Wolf","_yoast_wpseo_title":"","_yoast_wpseo_metadesc":"Auf dem n\u00f6rdlichen Teil des G\u00fcterbahnhofs Wolf in Basel soll ein neues Stadtquartier mit Wohnraum f\u00fcr 1.200 Menschen und 1.000 Arbeitspl\u00e4tzen entstehen.","_yoast_wpseo_linkdex":55,"pgc_sgb_lightbox_settings":"","footnotes":""},"categories":[985],"tags":[1069,1272,1600,1863],"class_list":["post-38754","post","type-post","status-publish","format-standard","has-post-thumbnail","hentry","category-regionen","tag-basel","tag-gewerbeimmobilien","tag-projekt-in-planung","tag-wohnimmobilien"],"acf":[],"yoast_head":"<!-- This site is optimized with the Yoast SEO plugin v27.4 - https:\/\/yoast.com\/product\/yoast-seo-wordpress\/ -->\n<title>Basel: SBB plant Stadtquartier am G\u00fcterbahnhof Wolf - IMMOBILIEN Business<\/title>\n<meta name=\"description\" content=\"Auf dem n\u00f6rdlichen Teil des G\u00fcterbahnhofs Wolf in Basel soll ein neues Stadtquartier mit Wohnraum f\u00fcr 1.200 Menschen und 1.000 Arbeitspl\u00e4tzen entstehen.\" \/>\n<meta name=\"robots\" content=\"index, follow, max-snippet:-1, max-image-preview:large, max-video-preview:-1\" \/>\n<link rel=\"canonical\" href=\"https:\/\/www.immobilienbusiness.ch\/de\/regionen\/2021-10-22\/basel-sbb-plant-stadtquartier-am-gueterbahnhof-wolf\/\" \/>\n<meta property=\"og:locale\" content=\"de_DE\" \/>\n<meta property=\"og:type\" content=\"article\" \/>\n<meta property=\"og:title\" content=\"Basel: SBB plant Stadtquartier am G\u00fcterbahnhof Wolf - IMMOBILIEN Business\" \/>\n<meta property=\"og:description\" content=\"Auf dem n\u00f6rdlichen Teil des G\u00fcterbahnhofs Wolf in Basel soll ein neues Stadtquartier mit Wohnraum f\u00fcr 1.200 Menschen und 1.000 Arbeitspl\u00e4tzen entstehen.\" \/>\n<meta property=\"og:url\" content=\"https:\/\/www.immobilienbusiness.ch\/de\/regionen\/2021-10-22\/basel-sbb-plant-stadtquartier-am-gueterbahnhof-wolf\/\" \/>\n<meta property=\"og:site_name\" content=\"IMMOBILIEN Business\" \/>\n<meta property=\"article:publisher\" content=\"https:\/\/www.facebook.com\/immobilienbusiness\/\" \/>\n<meta property=\"article:published_time\" content=\"2021-10-22T07:30:20+00:00\" \/>\n<meta property=\"article:modified_time\" content=\"2021-10-28T08:17:10+00:00\" \/>\n<meta property=\"og:image\" content=\"https:\/\/www.immobilienbusiness.ch\/wp-content\/uploads\/2021\/10\/Visualisierung-Gewerbehof-_\u00a9PONNIE-Images-scaled.jpg\" \/>\n\t<meta property=\"og:image:width\" content=\"2560\" \/>\n\t<meta property=\"og:image:height\" content=\"1707\" \/>\n\t<meta property=\"og:image:type\" content=\"image\/jpeg\" \/>\n<meta name=\"author\" content=\"anja.hall\" \/>\n<meta name=\"twitter:card\" content=\"summary_large_image\" \/>\n<meta name=\"twitter:image\" content=\"https:\/\/www.immobilienbusiness.ch\/wp-content\/uploads\/2021\/10\/Visualisierung-Gewerbehof-_\u00a9PONNIE-Images-scaled.jpg\" \/>\n<script type=\"application\/ld+json\" class=\"yoast-schema-graph\">{\"@context\":\"https:\\\/\\\/schema.org\",\"@graph\":[{\"@type\":\"Article\",\"@id\":\"https:\\\/\\\/www.immobilienbusiness.ch\\\/fr\\\/regionen\\\/2021-10-22\\\/basel-sbb-plant-stadtquartier-am-gueterbahnhof-wolf\\\/#article\",\"isPartOf\":{\"@id\":\"https:\\\/\\\/www.immobilienbusiness.ch\\\/fr\\\/regionen\\\/2021-10-22\\\/basel-sbb-plant-stadtquartier-am-gueterbahnhof-wolf\\\/\"},\"author\":{\"name\":\"anja.hall\",\"@id\":\"https:\\\/\\\/www.immobilienbusiness.ch\\\/#\\\/schema\\\/person\\\/3fc036297b10b9f42d6db5ee932af8c8\"},\"headline\":\"Basel: SBB plant Stadtquartier am G\u00fcterbahnhof Wolf\",\"datePublished\":\"2021-10-22T07:30:20+00:00\",\"dateModified\":\"2021-10-28T08:17:10+00:00\",\"mainEntityOfPage\":{\"@id\":\"https:\\\/\\\/www.immobilienbusiness.ch\\\/fr\\\/regionen\\\/2021-10-22\\\/basel-sbb-plant-stadtquartier-am-gueterbahnhof-wolf\\\/\"},\"wordCount\":264,\"publisher\":{\"@id\":\"https:\\\/\\\/www.immobilienbusiness.ch\\\/#organization\"},\"image\":{\"@id\":\"https:\\\/\\\/www.immobilienbusiness.ch\\\/fr\\\/regionen\\\/2021-10-22\\\/basel-sbb-plant-stadtquartier-am-gueterbahnhof-wolf\\\/#primaryimage\"},\"thumbnailUrl\":\"https:\\\/\\\/www.immobilienbusiness.ch\\\/wp-content\\\/uploads\\\/2021\\\/10\\\/Visualisierung-Gewerbehof-_\u00a9PONNIE-Images-scaled.jpg\",\"keywords\":[\"Basel\",\"Gewerbeimmobilien\",\"Projekt in Planung\",\"Wohnimmobilien\"],\"articleSection\":[\"REGIONEN\"],\"inLanguage\":\"de\"},{\"@type\":\"WebPage\",\"@id\":\"https:\\\/\\\/www.immobilienbusiness.ch\\\/fr\\\/regionen\\\/2021-10-22\\\/basel-sbb-plant-stadtquartier-am-gueterbahnhof-wolf\\\/\",\"url\":\"https:\\\/\\\/www.immobilienbusiness.ch\\\/fr\\\/regionen\\\/2021-10-22\\\/basel-sbb-plant-stadtquartier-am-gueterbahnhof-wolf\\\/\",\"name\":\"Basel: SBB plant Stadtquartier am G\u00fcterbahnhof Wolf - IMMOBILIEN Business\",\"isPartOf\":{\"@id\":\"https:\\\/\\\/www.immobilienbusiness.ch\\\/#website\"},\"primaryImageOfPage\":{\"@id\":\"https:\\\/\\\/www.immobilienbusiness.ch\\\/fr\\\/regionen\\\/2021-10-22\\\/basel-sbb-plant-stadtquartier-am-gueterbahnhof-wolf\\\/#primaryimage\"},\"image\":{\"@id\":\"https:\\\/\\\/www.immobilienbusiness.ch\\\/fr\\\/regionen\\\/2021-10-22\\\/basel-sbb-plant-stadtquartier-am-gueterbahnhof-wolf\\\/#primaryimage\"},\"thumbnailUrl\":\"https:\\\/\\\/www.immobilienbusiness.ch\\\/wp-content\\\/uploads\\\/2021\\\/10\\\/Visualisierung-Gewerbehof-_\u00a9PONNIE-Images-scaled.jpg\",\"datePublished\":\"2021-10-22T07:30:20+00:00\",\"dateModified\":\"2021-10-28T08:17:10+00:00\",\"description\":\"Auf dem n\u00f6rdlichen Teil des G\u00fcterbahnhofs Wolf in Basel soll ein neues Stadtquartier mit Wohnraum f\u00fcr 1.200 Menschen und 1.000 Arbeitspl\u00e4tzen entstehen.\",\"breadcrumb\":{\"@id\":\"https:\\\/\\\/www.immobilienbusiness.ch\\\/fr\\\/regionen\\\/2021-10-22\\\/basel-sbb-plant-stadtquartier-am-gueterbahnhof-wolf\\\/#breadcrumb\"},\"inLanguage\":\"de\",\"potentialAction\":[{\"@type\":\"ReadAction\",\"target\":[\"https:\\\/\\\/www.immobilienbusiness.ch\\\/fr\\\/regionen\\\/2021-10-22\\\/basel-sbb-plant-stadtquartier-am-gueterbahnhof-wolf\\\/\"]}]},{\"@type\":\"ImageObject\",\"inLanguage\":\"de\",\"@id\":\"https:\\\/\\\/www.immobilienbusiness.ch\\\/fr\\\/regionen\\\/2021-10-22\\\/basel-sbb-plant-stadtquartier-am-gueterbahnhof-wolf\\\/#primaryimage\",\"url\":\"https:\\\/\\\/www.immobilienbusiness.ch\\\/wp-content\\\/uploads\\\/2021\\\/10\\\/Visualisierung-Gewerbehof-_\u00a9PONNIE-Images-scaled.jpg\",\"contentUrl\":\"https:\\\/\\\/www.immobilienbusiness.ch\\\/wp-content\\\/uploads\\\/2021\\\/10\\\/Visualisierung-Gewerbehof-_\u00a9PONNIE-Images-scaled.jpg\",\"width\":2560,\"height\":1707,\"caption\":\"Visualisierung des Gewerbehofs im Areal Wolf (\u00a9PONNIE Images)\"},{\"@type\":\"BreadcrumbList\",\"@id\":\"https:\\\/\\\/www.immobilienbusiness.ch\\\/fr\\\/regionen\\\/2021-10-22\\\/basel-sbb-plant-stadtquartier-am-gueterbahnhof-wolf\\\/#breadcrumb\",\"itemListElement\":[{\"@type\":\"ListItem\",\"position\":1,\"name\":\"Home\",\"item\":\"https:\\\/\\\/www.immobilienbusiness.ch\\\/\"},{\"@type\":\"ListItem\",\"position\":2,\"name\":\"Basel: SBB plant Stadtquartier am G\u00fcterbahnhof Wolf\"}]},{\"@type\":\"WebSite\",\"@id\":\"https:\\\/\\\/www.immobilienbusiness.ch\\\/#website\",\"url\":\"https:\\\/\\\/www.immobilienbusiness.ch\\\/\",\"name\":\"IMMOBILIEN Business\",\"description\":\"Unabh\u00e4ngiges Schweizer Wirtschaftsmagazin mit Fokus auf Immobilien, Architektur- und Bau sowie Investment- und Finanzierung.\",\"publisher\":{\"@id\":\"https:\\\/\\\/www.immobilienbusiness.ch\\\/#organization\"},\"potentialAction\":[{\"@type\":\"SearchAction\",\"target\":{\"@type\":\"EntryPoint\",\"urlTemplate\":\"https:\\\/\\\/www.immobilienbusiness.ch\\\/?s={search_term_string}\"},\"query-input\":{\"@type\":\"PropertyValueSpecification\",\"valueRequired\":true,\"valueName\":\"search_term_string\"}}],\"inLanguage\":\"de\"},{\"@type\":\"Organization\",\"@id\":\"https:\\\/\\\/www.immobilienbusiness.ch\\\/#organization\",\"name\":\"IMMOBILIEN Business\",\"url\":\"https:\\\/\\\/www.immobilienbusiness.ch\\\/\",\"logo\":{\"@type\":\"ImageObject\",\"inLanguage\":\"de\",\"@id\":\"https:\\\/\\\/www.immobilienbusiness.ch\\\/#\\\/schema\\\/logo\\\/image\\\/\",\"url\":\"https:\\\/\\\/www.immobilienbusiness.ch\\\/wp-content\\\/uploads\\\/2021\\\/07\\\/logo_ib.png\",\"contentUrl\":\"https:\\\/\\\/www.immobilienbusiness.ch\\\/wp-content\\\/uploads\\\/2021\\\/07\\\/logo_ib.png\",\"width\":800,\"height\":181,\"caption\":\"IMMOBILIEN Business\"},\"image\":{\"@id\":\"https:\\\/\\\/www.immobilienbusiness.ch\\\/#\\\/schema\\\/logo\\\/image\\\/\"},\"sameAs\":[\"https:\\\/\\\/www.facebook.com\\\/immobilienbusiness\\\/\"]},{\"@type\":\"Person\",\"@id\":\"https:\\\/\\\/www.immobilienbusiness.ch\\\/#\\\/schema\\\/person\\\/3fc036297b10b9f42d6db5ee932af8c8\",\"name\":\"anja.hall\",\"image\":{\"@type\":\"ImageObject\",\"inLanguage\":\"de\",\"@id\":\"https:\\\/\\\/secure.gravatar.com\\\/avatar\\\/066b5a0d447013502c71a5782f4f3469f03cfe595cc2329fb94652fe47511bfb?s=96&d=mm&r=g\",\"url\":\"https:\\\/\\\/secure.gravatar.com\\\/avatar\\\/066b5a0d447013502c71a5782f4f3469f03cfe595cc2329fb94652fe47511bfb?s=96&d=mm&r=g\",\"contentUrl\":\"https:\\\/\\\/secure.gravatar.com\\\/avatar\\\/066b5a0d447013502c71a5782f4f3469f03cfe595cc2329fb94652fe47511bfb?s=96&d=mm&r=g\",\"caption\":\"anja.hall\"},\"url\":\"https:\\\/\\\/www.immobilienbusiness.ch\\\/de\\\/author\\\/anja-hall\\\/\"}]}<\/script>\n<!-- \/ Yoast SEO plugin. -->","yoast_head_json":{"title":"Basel: SBB plant Stadtquartier am G\u00fcterbahnhof Wolf - IMMOBILIEN Business","description":"Auf dem n\u00f6rdlichen Teil des G\u00fcterbahnhofs Wolf in Basel soll ein neues Stadtquartier mit Wohnraum f\u00fcr 1.200 Menschen und 1.000 Arbeitspl\u00e4tzen entstehen.","robots":{"index":"index","follow":"follow","max-snippet":"max-snippet:-1","max-image-preview":"max-image-preview:large","max-video-preview":"max-video-preview:-1"},"canonical":"https:\/\/www.immobilienbusiness.ch\/de\/regionen\/2021-10-22\/basel-sbb-plant-stadtquartier-am-gueterbahnhof-wolf\/","og_locale":"de_DE","og_type":"article","og_title":"Basel: SBB plant Stadtquartier am G\u00fcterbahnhof Wolf - IMMOBILIEN Business","og_description":"Auf dem n\u00f6rdlichen Teil des G\u00fcterbahnhofs Wolf in Basel soll ein neues Stadtquartier mit Wohnraum f\u00fcr 1.200 Menschen und 1.000 Arbeitspl\u00e4tzen entstehen.","og_url":"https:\/\/www.immobilienbusiness.ch\/de\/regionen\/2021-10-22\/basel-sbb-plant-stadtquartier-am-gueterbahnhof-wolf\/","og_site_name":"IMMOBILIEN Business","article_publisher":"https:\/\/www.facebook.com\/immobilienbusiness\/","article_published_time":"2021-10-22T07:30:20+00:00","article_modified_time":"2021-10-28T08:17:10+00:00","og_image":[{"width":2560,"height":1707,"url":"https:\/\/www.immobilienbusiness.ch\/wp-content\/uploads\/2021\/10\/Visualisierung-Gewerbehof-_\u00a9PONNIE-Images-scaled.jpg","type":"image\/jpeg"}],"author":"anja.hall","twitter_card":"summary_large_image","twitter_image":"https:\/\/www.immobilienbusiness.ch\/wp-content\/uploads\/2021\/10\/Visualisierung-Gewerbehof-_\u00a9PONNIE-Images-scaled.jpg","schema":{"@context":"https:\/\/schema.org","@graph":[{"@type":"Article","@id":"https:\/\/www.immobilienbusiness.ch\/fr\/regionen\/2021-10-22\/basel-sbb-plant-stadtquartier-am-gueterbahnhof-wolf\/#article","isPartOf":{"@id":"https:\/\/www.immobilienbusiness.ch\/fr\/regionen\/2021-10-22\/basel-sbb-plant-stadtquartier-am-gueterbahnhof-wolf\/"},"author":{"name":"anja.hall","@id":"https:\/\/www.immobilienbusiness.ch\/#\/schema\/person\/3fc036297b10b9f42d6db5ee932af8c8"},"headline":"Basel: SBB plant Stadtquartier am G\u00fcterbahnhof Wolf","datePublished":"2021-10-22T07:30:20+00:00","dateModified":"2021-10-28T08:17:10+00:00","mainEntityOfPage":{"@id":"https:\/\/www.immobilienbusiness.ch\/fr\/regionen\/2021-10-22\/basel-sbb-plant-stadtquartier-am-gueterbahnhof-wolf\/"},"wordCount":264,"publisher":{"@id":"https:\/\/www.immobilienbusiness.ch\/#organization"},"image":{"@id":"https:\/\/www.immobilienbusiness.ch\/fr\/regionen\/2021-10-22\/basel-sbb-plant-stadtquartier-am-gueterbahnhof-wolf\/#primaryimage"},"thumbnailUrl":"https:\/\/www.immobilienbusiness.ch\/wp-content\/uploads\/2021\/10\/Visualisierung-Gewerbehof-_\u00a9PONNIE-Images-scaled.jpg","keywords":["Basel","Gewerbeimmobilien","Projekt in Planung","Wohnimmobilien"],"articleSection":["REGIONEN"],"inLanguage":"de"},{"@type":"WebPage","@id":"https:\/\/www.immobilienbusiness.ch\/fr\/regionen\/2021-10-22\/basel-sbb-plant-stadtquartier-am-gueterbahnhof-wolf\/","url":"https:\/\/www.immobilienbusiness.ch\/fr\/regionen\/2021-10-22\/basel-sbb-plant-stadtquartier-am-gueterbahnhof-wolf\/","name":"Basel: SBB plant Stadtquartier am G\u00fcterbahnhof Wolf - IMMOBILIEN Business","isPartOf":{"@id":"https:\/\/www.immobilienbusiness.ch\/#website"},"primaryImageOfPage":{"@id":"https:\/\/www.immobilienbusiness.ch\/fr\/regionen\/2021-10-22\/basel-sbb-plant-stadtquartier-am-gueterbahnhof-wolf\/#primaryimage"},"image":{"@id":"https:\/\/www.immobilienbusiness.ch\/fr\/regionen\/2021-10-22\/basel-sbb-plant-stadtquartier-am-gueterbahnhof-wolf\/#primaryimage"},"thumbnailUrl":"https:\/\/www.immobilienbusiness.ch\/wp-content\/uploads\/2021\/10\/Visualisierung-Gewerbehof-_\u00a9PONNIE-Images-scaled.jpg","datePublished":"2021-10-22T07:30:20+00:00","dateModified":"2021-10-28T08:17:10+00:00","description":"Auf dem n\u00f6rdlichen Teil des G\u00fcterbahnhofs Wolf in Basel soll ein neues Stadtquartier mit Wohnraum f\u00fcr 1.200 Menschen und 1.000 Arbeitspl\u00e4tzen entstehen.","breadcrumb":{"@id":"https:\/\/www.immobilienbusiness.ch\/fr\/regionen\/2021-10-22\/basel-sbb-plant-stadtquartier-am-gueterbahnhof-wolf\/#breadcrumb"},"inLanguage":"de","potentialAction":[{"@type":"ReadAction","target":["https:\/\/www.immobilienbusiness.ch\/fr\/regionen\/2021-10-22\/basel-sbb-plant-stadtquartier-am-gueterbahnhof-wolf\/"]}]},{"@type":"ImageObject","inLanguage":"de","@id":"https:\/\/www.immobilienbusiness.ch\/fr\/regionen\/2021-10-22\/basel-sbb-plant-stadtquartier-am-gueterbahnhof-wolf\/#primaryimage","url":"https:\/\/www.immobilienbusiness.ch\/wp-content\/uploads\/2021\/10\/Visualisierung-Gewerbehof-_\u00a9PONNIE-Images-scaled.jpg","contentUrl":"https:\/\/www.immobilienbusiness.ch\/wp-content\/uploads\/2021\/10\/Visualisierung-Gewerbehof-_\u00a9PONNIE-Images-scaled.jpg","width":2560,"height":1707,"caption":"Visualisierung des Gewerbehofs im Areal Wolf (\u00a9PONNIE Images)"},{"@type":"BreadcrumbList","@id":"https:\/\/www.immobilienbusiness.ch\/fr\/regionen\/2021-10-22\/basel-sbb-plant-stadtquartier-am-gueterbahnhof-wolf\/#breadcrumb","itemListElement":[{"@type":"ListItem","position":1,"name":"Home","item":"https:\/\/www.immobilienbusiness.ch\/"},{"@type":"ListItem","position":2,"name":"Basel: SBB plant Stadtquartier am G\u00fcterbahnhof Wolf"}]},{"@type":"WebSite","@id":"https:\/\/www.immobilienbusiness.ch\/#website","url":"https:\/\/www.immobilienbusiness.ch\/","name":"IMMOBILIEN Business","description":"Unabh\u00e4ngiges Schweizer Wirtschaftsmagazin mit Fokus auf Immobilien, Architektur- und Bau sowie Investment- und Finanzierung.","publisher":{"@id":"https:\/\/www.immobilienbusiness.ch\/#organization"},"potentialAction":[{"@type":"SearchAction","target":{"@type":"EntryPoint","urlTemplate":"https:\/\/www.immobilienbusiness.ch\/?s={search_term_string}"},"query-input":{"@type":"PropertyValueSpecification","valueRequired":true,"valueName":"search_term_string"}}],"inLanguage":"de"},{"@type":"Organization","@id":"https:\/\/www.immobilienbusiness.ch\/#organization","name":"IMMOBILIEN Business","url":"https:\/\/www.immobilienbusiness.ch\/","logo":{"@type":"ImageObject","inLanguage":"de","@id":"https:\/\/www.immobilienbusiness.ch\/#\/schema\/logo\/image\/","url":"https:\/\/www.immobilienbusiness.ch\/wp-content\/uploads\/2021\/07\/logo_ib.png","contentUrl":"https:\/\/www.immobilienbusiness.ch\/wp-content\/uploads\/2021\/07\/logo_ib.png","width":800,"height":181,"caption":"IMMOBILIEN Business"},"image":{"@id":"https:\/\/www.immobilienbusiness.ch\/#\/schema\/logo\/image\/"},"sameAs":["https:\/\/www.facebook.com\/immobilienbusiness\/"]},{"@type":"Person","@id":"https:\/\/www.immobilienbusiness.ch\/#\/schema\/person\/3fc036297b10b9f42d6db5ee932af8c8","name":"anja.hall","image":{"@type":"ImageObject","inLanguage":"de","@id":"https:\/\/secure.gravatar.com\/avatar\/066b5a0d447013502c71a5782f4f3469f03cfe595cc2329fb94652fe47511bfb?s=96&d=mm&r=g","url":"https:\/\/secure.gravatar.com\/avatar\/066b5a0d447013502c71a5782f4f3469f03cfe595cc2329fb94652fe47511bfb?s=96&d=mm&r=g","contentUrl":"https:\/\/secure.gravatar.com\/avatar\/066b5a0d447013502c71a5782f4f3469f03cfe595cc2329fb94652fe47511bfb?s=96&d=mm&r=g","caption":"anja.hall"},"url":"https:\/\/www.immobilienbusiness.ch\/de\/author\/anja-hall\/"}]}},"_links":{"self":[{"href":"https:\/\/www.immobilienbusiness.ch\/de\/wp-json\/wp\/v2\/posts\/38754","targetHints":{"allow":["GET"]}}],"collection":[{"href":"https:\/\/www.immobilienbusiness.ch\/de\/wp-json\/wp\/v2\/posts"}],"about":[{"href":"https:\/\/www.immobilienbusiness.ch\/de\/wp-json\/wp\/v2\/types\/post"}],"author":[{"embeddable":true,"href":"https:\/\/www.immobilienbusiness.ch\/de\/wp-json\/wp\/v2\/users\/3"}],"replies":[{"embeddable":true,"href":"https:\/\/www.immobilienbusiness.ch\/de\/wp-json\/wp\/v2\/comments?post=38754"}],"version-history":[{"count":2,"href":"https:\/\/www.immobilienbusiness.ch\/de\/wp-json\/wp\/v2\/posts\/38754\/revisions"}],"predecessor-version":[{"id":38810,"href":"https:\/\/www.immobilienbusiness.ch\/de\/wp-json\/wp\/v2\/posts\/38754\/revisions\/38810"}],"wp:featuredmedia":[{"embeddable":true,"href":"https:\/\/www.immobilienbusiness.ch\/de\/wp-json\/wp\/v2\/media\/38755"}],"wp:attachment":[{"href":"https:\/\/www.immobilienbusiness.ch\/de\/wp-json\/wp\/v2\/media?parent=38754"}],"wp:term":[{"taxonomy":"category","embeddable":true,"href":"https:\/\/www.immobilienbusiness.ch\/de\/wp-json\/wp\/v2\/categories?post=38754"},{"taxonomy":"post_tag","embeddable":true,"href":"https:\/\/www.immobilienbusiness.ch\/de\/wp-json\/wp\/v2\/tags?post=38754"}],"curies":[{"name":"wp","href":"https:\/\/api.w.org\/{rel}","templated":true}]}}