{"id":38724,"date":"2021-10-20T08:29:23","date_gmt":"2021-10-20T06:29:23","guid":{"rendered":"https:\/\/www.immobilienbusiness.ch\/?p=38724"},"modified":"2023-08-08T20:39:44","modified_gmt":"2023-08-08T18:39:44","slug":"akara-funds-kapitalerhoehung-fuer-den-diversity-pk","status":"publish","type":"post","link":"https:\/\/www.immobilienbusiness.ch\/de\/unternehmen\/2021-10-20\/akara-funds-kapitalerhoehung-fuer-den-diversity-pk\/","title":{"rendered":"Akara Funds: Kapitalerh\u00f6hung f\u00fcr den Diversity PK"},"content":{"rendered":"<figure id=\"attachment_14189\" aria-describedby=\"caption-attachment-14189\" style=\"width: 1000px\" class=\"wp-caption alignnone\"><img loading=\"lazy\" decoding=\"async\" class=\"wp-image-14189 size-full\" src=\"https:\/\/www.immobilienbusiness.ch\/wp-content\/uploads\/2018\/09\/Depositphotos_2461374_m-2015.jpg\" alt=\"\" width=\"1000\" height=\"667\" srcset=\"https:\/\/www.immobilienbusiness.ch\/wp-content\/uploads\/2018\/09\/Depositphotos_2461374_m-2015.jpg 1000w, https:\/\/www.immobilienbusiness.ch\/wp-content\/uploads\/2018\/09\/Depositphotos_2461374_m-2015-300x200.jpg 300w, https:\/\/www.immobilienbusiness.ch\/wp-content\/uploads\/2018\/09\/Depositphotos_2461374_m-2015-768x512.jpg 768w, https:\/\/www.immobilienbusiness.ch\/wp-content\/uploads\/2018\/09\/Depositphotos_2461374_m-2015-16x12.jpg 16w, https:\/\/www.immobilienbusiness.ch\/wp-content\/uploads\/2018\/09\/Depositphotos_2461374_m-2015-262x175.jpg 262w, https:\/\/www.immobilienbusiness.ch\/wp-content\/uploads\/2018\/09\/Depositphotos_2461374_m-2015-525x350.jpg 525w, https:\/\/www.immobilienbusiness.ch\/wp-content\/uploads\/2018\/09\/Depositphotos_2461374_m-2015-920x614.jpg 920w\" sizes=\"auto, (max-width: 1000px) 100vw, 1000px\" \/><figcaption id=\"caption-attachment-14189\" class=\"wp-caption-text\">Der Akara Diversity PK sucht frisches Kapital (Bild: shirotie &#8211; depositphotos)<\/figcaption><\/figure>\n<p>Die Zeichnungsfrist f\u00fcr die Emission des Akara Diversity PK (Akara Swiss Diversity Property Fund PK) hat am 19. Oktober begonnen und endet am 19. November. Es sollen maximal 288.887 neue Anteile ausgegeben werden, wobei vier bisherige Anteile zum Bezug von einem neuen Anteil berechtigen. Der Ausgabepreis je Anteil betr\u00e4gt 1.162 CHF netto. Die Emission hat damit ein Volumen von mehr als 335 Mio. CHF.<\/p>\n<p>Mit dem Emissionserl\u00f6s will Akara Funds die anstehenden Bauprojekte des Akara Diversity PK finanzieren und das Fondsportfolio mit Liegenschaften aus der Immobilienpipeline erweitern. Ausserdem soll der Investorenkreis breiter abgest\u00fctzt werden, um die Liquidit\u00e4t der Titel zu erh\u00f6hen.<\/p>\n<p>Die Emission werde auf \u00abbest effort basis\u00bb im Rahmen eines Bezugsangebots durchgef\u00fchrt, teilt Akara Funds mit. Die Fondsleitung will die Anleger sp\u00e4testens am 3. Dezember \u00fcber die definitive Anzahl der neu zu emittierenden Anteile informieren. Die Liberierung der neuen Anteile soll am 10. Dezember erfolgen. <em>(ah)<\/em><\/p>\n","protected":false},"excerpt":{"rendered":"<p>Akara Funds f\u00fchrt die mittlerweile achte Kapitalerh\u00f6hung f\u00fcr den Immobilienfonds Akara Diversity PK durch. Das Volumen soll bei mehr als 335 Mio. CHF liegen. <\/p>\n","protected":false},"author":3,"featured_media":14189,"comment_status":"closed","ping_status":"closed","sticky":false,"template":"","format":"standard","meta":{"_acf_changed":false,"_yoast_wpseo_focuskw":"Akara","_yoast_wpseo_title":"","_yoast_wpseo_metadesc":"Akara Funds f\u00fchrt die mittlerweile achte Kapitalerh\u00f6hung f\u00fcr den Fonds Akara Diversity PK durch. Das Volumen soll bei mehr als 335 Mio. CHF liegen.","_yoast_wpseo_linkdex":41,"pgc_sgb_lightbox_settings":"","footnotes":""},"categories":[988],"tags":[1009,1344,1412],"class_list":["post-38724","post","type-post","status-publish","format-standard","has-post-thumbnail","hentry","category-unternehmen","tag-akara-funds","tag-immobilienfonds","tag-kapitalerhoehung"],"acf":[],"yoast_head":"<!-- This site is optimized with the Yoast SEO plugin v27.4 - https:\/\/yoast.com\/product\/yoast-seo-wordpress\/ -->\n<title>Akara Funds: Kapitalerh\u00f6hung f\u00fcr den Diversity PK - IMMOBILIEN Business<\/title>\n<meta name=\"description\" content=\"Akara Funds f\u00fchrt die mittlerweile achte Kapitalerh\u00f6hung f\u00fcr den Fonds Akara Diversity PK durch. Das Volumen soll bei mehr als 335 Mio. CHF liegen.\" \/>\n<meta name=\"robots\" content=\"index, follow, max-snippet:-1, max-image-preview:large, max-video-preview:-1\" \/>\n<link rel=\"canonical\" href=\"https:\/\/www.immobilienbusiness.ch\/de\/unternehmen\/2021-10-20\/akara-funds-kapitalerhoehung-fuer-den-diversity-pk\/\" \/>\n<meta property=\"og:locale\" content=\"de_DE\" \/>\n<meta property=\"og:type\" content=\"article\" \/>\n<meta property=\"og:title\" content=\"Akara Funds: Kapitalerh\u00f6hung f\u00fcr den Diversity PK - IMMOBILIEN Business\" \/>\n<meta property=\"og:description\" content=\"Akara Funds f\u00fchrt die mittlerweile achte Kapitalerh\u00f6hung f\u00fcr den Fonds Akara Diversity PK durch. Das Volumen soll bei mehr als 335 Mio. CHF liegen.\" \/>\n<meta property=\"og:url\" content=\"https:\/\/www.immobilienbusiness.ch\/de\/unternehmen\/2021-10-20\/akara-funds-kapitalerhoehung-fuer-den-diversity-pk\/\" \/>\n<meta property=\"og:site_name\" content=\"IMMOBILIEN Business\" \/>\n<meta property=\"article:publisher\" content=\"https:\/\/www.facebook.com\/immobilienbusiness\/\" \/>\n<meta property=\"article:published_time\" content=\"2021-10-20T06:29:23+00:00\" \/>\n<meta property=\"article:modified_time\" content=\"2023-08-08T18:39:44+00:00\" \/>\n<meta property=\"og:image\" content=\"https:\/\/www.immobilienbusiness.ch\/wp-content\/uploads\/2018\/09\/Depositphotos_2461374_m-2015.jpg\" \/>\n\t<meta property=\"og:image:width\" content=\"1000\" \/>\n\t<meta property=\"og:image:height\" content=\"667\" \/>\n\t<meta property=\"og:image:type\" content=\"image\/jpeg\" \/>\n<meta name=\"author\" content=\"anja.hall\" \/>\n<meta name=\"twitter:card\" content=\"summary_large_image\" \/>\n<meta name=\"twitter:image\" content=\"https:\/\/www.immobilienbusiness.ch\/wp-content\/uploads\/2018\/09\/Depositphotos_2461374_m-2015.jpg\" \/>\n<script type=\"application\/ld+json\" class=\"yoast-schema-graph\">{\"@context\":\"https:\\\/\\\/schema.org\",\"@graph\":[{\"@type\":\"Article\",\"@id\":\"https:\\\/\\\/www.immobilienbusiness.ch\\\/en\\\/unternehmen\\\/2021-10-20\\\/akara-funds-kapitalerhoehung-fuer-den-diversity-pk\\\/#article\",\"isPartOf\":{\"@id\":\"https:\\\/\\\/www.immobilienbusiness.ch\\\/en\\\/unternehmen\\\/2021-10-20\\\/akara-funds-kapitalerhoehung-fuer-den-diversity-pk\\\/\"},\"author\":{\"name\":\"anja.hall\",\"@id\":\"https:\\\/\\\/www.immobilienbusiness.ch\\\/#\\\/schema\\\/person\\\/3fc036297b10b9f42d6db5ee932af8c8\"},\"headline\":\"Akara Funds: Kapitalerh\u00f6hung f\u00fcr den Diversity PK\",\"datePublished\":\"2021-10-20T06:29:23+00:00\",\"dateModified\":\"2023-08-08T18:39:44+00:00\",\"mainEntityOfPage\":{\"@id\":\"https:\\\/\\\/www.immobilienbusiness.ch\\\/en\\\/unternehmen\\\/2021-10-20\\\/akara-funds-kapitalerhoehung-fuer-den-diversity-pk\\\/\"},\"wordCount\":175,\"publisher\":{\"@id\":\"https:\\\/\\\/www.immobilienbusiness.ch\\\/#organization\"},\"image\":{\"@id\":\"https:\\\/\\\/www.immobilienbusiness.ch\\\/en\\\/unternehmen\\\/2021-10-20\\\/akara-funds-kapitalerhoehung-fuer-den-diversity-pk\\\/#primaryimage\"},\"thumbnailUrl\":\"https:\\\/\\\/www.immobilienbusiness.ch\\\/wp-content\\\/uploads\\\/2018\\\/09\\\/Depositphotos_2461374_m-2015.jpg\",\"keywords\":[\"Akara Funds\",\"Immobilienfonds\",\"Kapitalerh\u00f6hung\"],\"articleSection\":[\"UNTERNEHMEN\"],\"inLanguage\":\"de\"},{\"@type\":\"WebPage\",\"@id\":\"https:\\\/\\\/www.immobilienbusiness.ch\\\/en\\\/unternehmen\\\/2021-10-20\\\/akara-funds-kapitalerhoehung-fuer-den-diversity-pk\\\/\",\"url\":\"https:\\\/\\\/www.immobilienbusiness.ch\\\/en\\\/unternehmen\\\/2021-10-20\\\/akara-funds-kapitalerhoehung-fuer-den-diversity-pk\\\/\",\"name\":\"Akara Funds: Kapitalerh\u00f6hung f\u00fcr den Diversity PK - IMMOBILIEN Business\",\"isPartOf\":{\"@id\":\"https:\\\/\\\/www.immobilienbusiness.ch\\\/#website\"},\"primaryImageOfPage\":{\"@id\":\"https:\\\/\\\/www.immobilienbusiness.ch\\\/en\\\/unternehmen\\\/2021-10-20\\\/akara-funds-kapitalerhoehung-fuer-den-diversity-pk\\\/#primaryimage\"},\"image\":{\"@id\":\"https:\\\/\\\/www.immobilienbusiness.ch\\\/en\\\/unternehmen\\\/2021-10-20\\\/akara-funds-kapitalerhoehung-fuer-den-diversity-pk\\\/#primaryimage\"},\"thumbnailUrl\":\"https:\\\/\\\/www.immobilienbusiness.ch\\\/wp-content\\\/uploads\\\/2018\\\/09\\\/Depositphotos_2461374_m-2015.jpg\",\"datePublished\":\"2021-10-20T06:29:23+00:00\",\"dateModified\":\"2023-08-08T18:39:44+00:00\",\"description\":\"Akara Funds f\u00fchrt die mittlerweile achte Kapitalerh\u00f6hung f\u00fcr den Fonds Akara Diversity PK durch. Das Volumen soll bei mehr als 335 Mio. CHF liegen.\",\"breadcrumb\":{\"@id\":\"https:\\\/\\\/www.immobilienbusiness.ch\\\/en\\\/unternehmen\\\/2021-10-20\\\/akara-funds-kapitalerhoehung-fuer-den-diversity-pk\\\/#breadcrumb\"},\"inLanguage\":\"de\",\"potentialAction\":[{\"@type\":\"ReadAction\",\"target\":[\"https:\\\/\\\/www.immobilienbusiness.ch\\\/en\\\/unternehmen\\\/2021-10-20\\\/akara-funds-kapitalerhoehung-fuer-den-diversity-pk\\\/\"]}]},{\"@type\":\"ImageObject\",\"inLanguage\":\"de\",\"@id\":\"https:\\\/\\\/www.immobilienbusiness.ch\\\/en\\\/unternehmen\\\/2021-10-20\\\/akara-funds-kapitalerhoehung-fuer-den-diversity-pk\\\/#primaryimage\",\"url\":\"https:\\\/\\\/www.immobilienbusiness.ch\\\/wp-content\\\/uploads\\\/2018\\\/09\\\/Depositphotos_2461374_m-2015.jpg\",\"contentUrl\":\"https:\\\/\\\/www.immobilienbusiness.ch\\\/wp-content\\\/uploads\\\/2018\\\/09\\\/Depositphotos_2461374_m-2015.jpg\",\"width\":1000,\"height\":667,\"caption\":\"Der SF Sustainable Fund plant den n\u00e4chsten Wachstumsschritt (Bild: shirotie - depositphotos)\"},{\"@type\":\"BreadcrumbList\",\"@id\":\"https:\\\/\\\/www.immobilienbusiness.ch\\\/en\\\/unternehmen\\\/2021-10-20\\\/akara-funds-kapitalerhoehung-fuer-den-diversity-pk\\\/#breadcrumb\",\"itemListElement\":[{\"@type\":\"ListItem\",\"position\":1,\"name\":\"Home\",\"item\":\"https:\\\/\\\/www.immobilienbusiness.ch\\\/\"},{\"@type\":\"ListItem\",\"position\":2,\"name\":\"Akara Funds: Kapitalerh\u00f6hung f\u00fcr den Diversity PK\"}]},{\"@type\":\"WebSite\",\"@id\":\"https:\\\/\\\/www.immobilienbusiness.ch\\\/#website\",\"url\":\"https:\\\/\\\/www.immobilienbusiness.ch\\\/\",\"name\":\"IMMOBILIEN Business\",\"description\":\"Unabh\u00e4ngiges Schweizer Wirtschaftsmagazin mit Fokus auf Immobilien, Architektur- und Bau sowie Investment- und Finanzierung.\",\"publisher\":{\"@id\":\"https:\\\/\\\/www.immobilienbusiness.ch\\\/#organization\"},\"potentialAction\":[{\"@type\":\"SearchAction\",\"target\":{\"@type\":\"EntryPoint\",\"urlTemplate\":\"https:\\\/\\\/www.immobilienbusiness.ch\\\/?s={search_term_string}\"},\"query-input\":{\"@type\":\"PropertyValueSpecification\",\"valueRequired\":true,\"valueName\":\"search_term_string\"}}],\"inLanguage\":\"de\"},{\"@type\":\"Organization\",\"@id\":\"https:\\\/\\\/www.immobilienbusiness.ch\\\/#organization\",\"name\":\"IMMOBILIEN Business\",\"url\":\"https:\\\/\\\/www.immobilienbusiness.ch\\\/\",\"logo\":{\"@type\":\"ImageObject\",\"inLanguage\":\"de\",\"@id\":\"https:\\\/\\\/www.immobilienbusiness.ch\\\/#\\\/schema\\\/logo\\\/image\\\/\",\"url\":\"https:\\\/\\\/www.immobilienbusiness.ch\\\/wp-content\\\/uploads\\\/2021\\\/07\\\/logo_ib.png\",\"contentUrl\":\"https:\\\/\\\/www.immobilienbusiness.ch\\\/wp-content\\\/uploads\\\/2021\\\/07\\\/logo_ib.png\",\"width\":800,\"height\":181,\"caption\":\"IMMOBILIEN Business\"},\"image\":{\"@id\":\"https:\\\/\\\/www.immobilienbusiness.ch\\\/#\\\/schema\\\/logo\\\/image\\\/\"},\"sameAs\":[\"https:\\\/\\\/www.facebook.com\\\/immobilienbusiness\\\/\"]},{\"@type\":\"Person\",\"@id\":\"https:\\\/\\\/www.immobilienbusiness.ch\\\/#\\\/schema\\\/person\\\/3fc036297b10b9f42d6db5ee932af8c8\",\"name\":\"anja.hall\",\"image\":{\"@type\":\"ImageObject\",\"inLanguage\":\"de\",\"@id\":\"https:\\\/\\\/secure.gravatar.com\\\/avatar\\\/066b5a0d447013502c71a5782f4f3469f03cfe595cc2329fb94652fe47511bfb?s=96&d=mm&r=g\",\"url\":\"https:\\\/\\\/secure.gravatar.com\\\/avatar\\\/066b5a0d447013502c71a5782f4f3469f03cfe595cc2329fb94652fe47511bfb?s=96&d=mm&r=g\",\"contentUrl\":\"https:\\\/\\\/secure.gravatar.com\\\/avatar\\\/066b5a0d447013502c71a5782f4f3469f03cfe595cc2329fb94652fe47511bfb?s=96&d=mm&r=g\",\"caption\":\"anja.hall\"},\"url\":\"https:\\\/\\\/www.immobilienbusiness.ch\\\/de\\\/author\\\/anja-hall\\\/\"}]}<\/script>\n<!-- \/ Yoast SEO plugin. -->","yoast_head_json":{"title":"Akara Funds: Kapitalerh\u00f6hung f\u00fcr den Diversity PK - IMMOBILIEN Business","description":"Akara Funds f\u00fchrt die mittlerweile achte Kapitalerh\u00f6hung f\u00fcr den Fonds Akara Diversity PK durch. Das Volumen soll bei mehr als 335 Mio. CHF liegen.","robots":{"index":"index","follow":"follow","max-snippet":"max-snippet:-1","max-image-preview":"max-image-preview:large","max-video-preview":"max-video-preview:-1"},"canonical":"https:\/\/www.immobilienbusiness.ch\/de\/unternehmen\/2021-10-20\/akara-funds-kapitalerhoehung-fuer-den-diversity-pk\/","og_locale":"de_DE","og_type":"article","og_title":"Akara Funds: Kapitalerh\u00f6hung f\u00fcr den Diversity PK - IMMOBILIEN Business","og_description":"Akara Funds f\u00fchrt die mittlerweile achte Kapitalerh\u00f6hung f\u00fcr den Fonds Akara Diversity PK durch. Das Volumen soll bei mehr als 335 Mio. CHF liegen.","og_url":"https:\/\/www.immobilienbusiness.ch\/de\/unternehmen\/2021-10-20\/akara-funds-kapitalerhoehung-fuer-den-diversity-pk\/","og_site_name":"IMMOBILIEN Business","article_publisher":"https:\/\/www.facebook.com\/immobilienbusiness\/","article_published_time":"2021-10-20T06:29:23+00:00","article_modified_time":"2023-08-08T18:39:44+00:00","og_image":[{"width":1000,"height":667,"url":"https:\/\/www.immobilienbusiness.ch\/wp-content\/uploads\/2018\/09\/Depositphotos_2461374_m-2015.jpg","type":"image\/jpeg"}],"author":"anja.hall","twitter_card":"summary_large_image","twitter_image":"https:\/\/www.immobilienbusiness.ch\/wp-content\/uploads\/2018\/09\/Depositphotos_2461374_m-2015.jpg","schema":{"@context":"https:\/\/schema.org","@graph":[{"@type":"Article","@id":"https:\/\/www.immobilienbusiness.ch\/en\/unternehmen\/2021-10-20\/akara-funds-kapitalerhoehung-fuer-den-diversity-pk\/#article","isPartOf":{"@id":"https:\/\/www.immobilienbusiness.ch\/en\/unternehmen\/2021-10-20\/akara-funds-kapitalerhoehung-fuer-den-diversity-pk\/"},"author":{"name":"anja.hall","@id":"https:\/\/www.immobilienbusiness.ch\/#\/schema\/person\/3fc036297b10b9f42d6db5ee932af8c8"},"headline":"Akara Funds: Kapitalerh\u00f6hung f\u00fcr den Diversity PK","datePublished":"2021-10-20T06:29:23+00:00","dateModified":"2023-08-08T18:39:44+00:00","mainEntityOfPage":{"@id":"https:\/\/www.immobilienbusiness.ch\/en\/unternehmen\/2021-10-20\/akara-funds-kapitalerhoehung-fuer-den-diversity-pk\/"},"wordCount":175,"publisher":{"@id":"https:\/\/www.immobilienbusiness.ch\/#organization"},"image":{"@id":"https:\/\/www.immobilienbusiness.ch\/en\/unternehmen\/2021-10-20\/akara-funds-kapitalerhoehung-fuer-den-diversity-pk\/#primaryimage"},"thumbnailUrl":"https:\/\/www.immobilienbusiness.ch\/wp-content\/uploads\/2018\/09\/Depositphotos_2461374_m-2015.jpg","keywords":["Akara Funds","Immobilienfonds","Kapitalerh\u00f6hung"],"articleSection":["UNTERNEHMEN"],"inLanguage":"de"},{"@type":"WebPage","@id":"https:\/\/www.immobilienbusiness.ch\/en\/unternehmen\/2021-10-20\/akara-funds-kapitalerhoehung-fuer-den-diversity-pk\/","url":"https:\/\/www.immobilienbusiness.ch\/en\/unternehmen\/2021-10-20\/akara-funds-kapitalerhoehung-fuer-den-diversity-pk\/","name":"Akara Funds: Kapitalerh\u00f6hung f\u00fcr den Diversity PK - IMMOBILIEN Business","isPartOf":{"@id":"https:\/\/www.immobilienbusiness.ch\/#website"},"primaryImageOfPage":{"@id":"https:\/\/www.immobilienbusiness.ch\/en\/unternehmen\/2021-10-20\/akara-funds-kapitalerhoehung-fuer-den-diversity-pk\/#primaryimage"},"image":{"@id":"https:\/\/www.immobilienbusiness.ch\/en\/unternehmen\/2021-10-20\/akara-funds-kapitalerhoehung-fuer-den-diversity-pk\/#primaryimage"},"thumbnailUrl":"https:\/\/www.immobilienbusiness.ch\/wp-content\/uploads\/2018\/09\/Depositphotos_2461374_m-2015.jpg","datePublished":"2021-10-20T06:29:23+00:00","dateModified":"2023-08-08T18:39:44+00:00","description":"Akara Funds f\u00fchrt die mittlerweile achte Kapitalerh\u00f6hung f\u00fcr den Fonds Akara Diversity PK durch. Das Volumen soll bei mehr als 335 Mio. CHF liegen.","breadcrumb":{"@id":"https:\/\/www.immobilienbusiness.ch\/en\/unternehmen\/2021-10-20\/akara-funds-kapitalerhoehung-fuer-den-diversity-pk\/#breadcrumb"},"inLanguage":"de","potentialAction":[{"@type":"ReadAction","target":["https:\/\/www.immobilienbusiness.ch\/en\/unternehmen\/2021-10-20\/akara-funds-kapitalerhoehung-fuer-den-diversity-pk\/"]}]},{"@type":"ImageObject","inLanguage":"de","@id":"https:\/\/www.immobilienbusiness.ch\/en\/unternehmen\/2021-10-20\/akara-funds-kapitalerhoehung-fuer-den-diversity-pk\/#primaryimage","url":"https:\/\/www.immobilienbusiness.ch\/wp-content\/uploads\/2018\/09\/Depositphotos_2461374_m-2015.jpg","contentUrl":"https:\/\/www.immobilienbusiness.ch\/wp-content\/uploads\/2018\/09\/Depositphotos_2461374_m-2015.jpg","width":1000,"height":667,"caption":"Der SF Sustainable Fund plant den n\u00e4chsten Wachstumsschritt (Bild: shirotie - depositphotos)"},{"@type":"BreadcrumbList","@id":"https:\/\/www.immobilienbusiness.ch\/en\/unternehmen\/2021-10-20\/akara-funds-kapitalerhoehung-fuer-den-diversity-pk\/#breadcrumb","itemListElement":[{"@type":"ListItem","position":1,"name":"Home","item":"https:\/\/www.immobilienbusiness.ch\/"},{"@type":"ListItem","position":2,"name":"Akara Funds: Kapitalerh\u00f6hung f\u00fcr den Diversity PK"}]},{"@type":"WebSite","@id":"https:\/\/www.immobilienbusiness.ch\/#website","url":"https:\/\/www.immobilienbusiness.ch\/","name":"IMMOBILIEN Business","description":"Unabh\u00e4ngiges Schweizer Wirtschaftsmagazin mit Fokus auf Immobilien, Architektur- und Bau sowie Investment- und Finanzierung.","publisher":{"@id":"https:\/\/www.immobilienbusiness.ch\/#organization"},"potentialAction":[{"@type":"SearchAction","target":{"@type":"EntryPoint","urlTemplate":"https:\/\/www.immobilienbusiness.ch\/?s={search_term_string}"},"query-input":{"@type":"PropertyValueSpecification","valueRequired":true,"valueName":"search_term_string"}}],"inLanguage":"de"},{"@type":"Organization","@id":"https:\/\/www.immobilienbusiness.ch\/#organization","name":"IMMOBILIEN Business","url":"https:\/\/www.immobilienbusiness.ch\/","logo":{"@type":"ImageObject","inLanguage":"de","@id":"https:\/\/www.immobilienbusiness.ch\/#\/schema\/logo\/image\/","url":"https:\/\/www.immobilienbusiness.ch\/wp-content\/uploads\/2021\/07\/logo_ib.png","contentUrl":"https:\/\/www.immobilienbusiness.ch\/wp-content\/uploads\/2021\/07\/logo_ib.png","width":800,"height":181,"caption":"IMMOBILIEN Business"},"image":{"@id":"https:\/\/www.immobilienbusiness.ch\/#\/schema\/logo\/image\/"},"sameAs":["https:\/\/www.facebook.com\/immobilienbusiness\/"]},{"@type":"Person","@id":"https:\/\/www.immobilienbusiness.ch\/#\/schema\/person\/3fc036297b10b9f42d6db5ee932af8c8","name":"anja.hall","image":{"@type":"ImageObject","inLanguage":"de","@id":"https:\/\/secure.gravatar.com\/avatar\/066b5a0d447013502c71a5782f4f3469f03cfe595cc2329fb94652fe47511bfb?s=96&d=mm&r=g","url":"https:\/\/secure.gravatar.com\/avatar\/066b5a0d447013502c71a5782f4f3469f03cfe595cc2329fb94652fe47511bfb?s=96&d=mm&r=g","contentUrl":"https:\/\/secure.gravatar.com\/avatar\/066b5a0d447013502c71a5782f4f3469f03cfe595cc2329fb94652fe47511bfb?s=96&d=mm&r=g","caption":"anja.hall"},"url":"https:\/\/www.immobilienbusiness.ch\/de\/author\/anja-hall\/"}]}},"_links":{"self":[{"href":"https:\/\/www.immobilienbusiness.ch\/de\/wp-json\/wp\/v2\/posts\/38724","targetHints":{"allow":["GET"]}}],"collection":[{"href":"https:\/\/www.immobilienbusiness.ch\/de\/wp-json\/wp\/v2\/posts"}],"about":[{"href":"https:\/\/www.immobilienbusiness.ch\/de\/wp-json\/wp\/v2\/types\/post"}],"author":[{"embeddable":true,"href":"https:\/\/www.immobilienbusiness.ch\/de\/wp-json\/wp\/v2\/users\/3"}],"replies":[{"embeddable":true,"href":"https:\/\/www.immobilienbusiness.ch\/de\/wp-json\/wp\/v2\/comments?post=38724"}],"version-history":[{"count":1,"href":"https:\/\/www.immobilienbusiness.ch\/de\/wp-json\/wp\/v2\/posts\/38724\/revisions"}],"predecessor-version":[{"id":38725,"href":"https:\/\/www.immobilienbusiness.ch\/de\/wp-json\/wp\/v2\/posts\/38724\/revisions\/38725"}],"wp:featuredmedia":[{"embeddable":true,"href":"https:\/\/www.immobilienbusiness.ch\/de\/wp-json\/wp\/v2\/media\/14189"}],"wp:attachment":[{"href":"https:\/\/www.immobilienbusiness.ch\/de\/wp-json\/wp\/v2\/media?parent=38724"}],"wp:term":[{"taxonomy":"category","embeddable":true,"href":"https:\/\/www.immobilienbusiness.ch\/de\/wp-json\/wp\/v2\/categories?post=38724"},{"taxonomy":"post_tag","embeddable":true,"href":"https:\/\/www.immobilienbusiness.ch\/de\/wp-json\/wp\/v2\/tags?post=38724"}],"curies":[{"name":"wp","href":"https:\/\/api.w.org\/{rel}","templated":true}]}}