{"id":3862,"date":"2016-09-08T08:56:09","date_gmt":"2016-09-08T06:56:09","guid":{"rendered":"http:\/\/dev.immobilienbusiness.ch\/?p=3862"},"modified":"2016-09-08T08:56:09","modified_gmt":"2016-09-08T06:56:09","slug":"immovestore-ch-nun-auch-in-der-romandie-aktiv","status":"publish","type":"post","link":"https:\/\/www.immobilienbusiness.ch\/de\/unternehmen\/2016-09-08\/immovestore-ch-nun-auch-in-der-romandie-aktiv\/","title":{"rendered":"Immovestore.ch nun auch in der Romandie aktiv"},"content":{"rendered":"<figure id=\"attachment_3863\" aria-describedby=\"caption-attachment-3863\" style=\"width: 680px\" class=\"wp-caption alignnone\"><img loading=\"lazy\" decoding=\"async\" class=\"size-medium wp-image-3863\" src=\"https:\/\/immobilienbusiness.ch\/wp-content\/uploads\/2016\/12\/Immovestore.ch-nun-auch-in-der-Romandie-aktiv-immobilien-business.jpg\" alt=\"Roland V\u00f6gele und Sacha Deutsch bringen Immovestore.ch in die Romandie (Foto: Immovestore\/MV Invest AG)\" width=\"680\" height=\"452\" srcset=\"https:\/\/www.immobilienbusiness.ch\/wp-content\/uploads\/2016\/12\/Immovestore.ch-nun-auch-in-der-Romandie-aktiv-immobilien-business.jpg 1104w, https:\/\/www.immobilienbusiness.ch\/wp-content\/uploads\/2016\/12\/Immovestore.ch-nun-auch-in-der-Romandie-aktiv-immobilien-business-300x199.jpg 300w, https:\/\/www.immobilienbusiness.ch\/wp-content\/uploads\/2016\/12\/Immovestore.ch-nun-auch-in-der-Romandie-aktiv-immobilien-business-1024x681.jpg 1024w, https:\/\/www.immobilienbusiness.ch\/wp-content\/uploads\/2016\/12\/Immovestore.ch-nun-auch-in-der-Romandie-aktiv-immobilien-business-768x511.jpg 768w, https:\/\/www.immobilienbusiness.ch\/wp-content\/uploads\/2016\/12\/Immovestore.ch-nun-auch-in-der-Romandie-aktiv-immobilien-business-16x12.jpg 16w, https:\/\/www.immobilienbusiness.ch\/wp-content\/uploads\/2016\/12\/Immovestore.ch-nun-auch-in-der-Romandie-aktiv-immobilien-business-263x175.jpg 263w, https:\/\/www.immobilienbusiness.ch\/wp-content\/uploads\/2016\/12\/Immovestore.ch-nun-auch-in-der-Romandie-aktiv-immobilien-business-526x350.jpg 526w, https:\/\/www.immobilienbusiness.ch\/wp-content\/uploads\/2016\/12\/Immovestore.ch-nun-auch-in-der-Romandie-aktiv-immobilien-business-920x612.jpg 920w\" sizes=\"auto, (max-width: 680px) 100vw, 680px\" \/><figcaption id=\"caption-attachment-3863\" class=\"wp-caption-text\">Roland V\u00f6gele und Sacha Deutsch bringen Immovestore.ch in die Romandie (Foto: Immovestore\/MV Invest AG)<\/figcaption><\/figure>\n<p>Immovestore \u2013 das Wort setzt sich aus Immobilien, Investor und Store zusammen \u2013 versteht sich als digitaler Marktplatz im Immobilienbereich f\u00fcr Institutionelle Anleger. Ziel ist es, das Networking unter den Investoren zu verbessern und Transparenz bei der Vermittlung von Immobilienobjekten zu schaffen.<\/p>\n<p>Die Online-Plattform wurde Anfang Juli zun\u00e4chst in deutscher Sprache lanciert. Immovestore.ch werde sehr positiv von vielen Immobilieninvestoren und Dienstleistern wahrgenommen, es gebe bislang \u00fcber 60 Registrierungen, sagen V\u00f6gele und Deutsch. Man f\u00fchre Gespr\u00e4che \u00fcber Erweiterungen des Dienstleistungsangebots und schreite damit planm\u00e4ssig im Ausbau der Plattform voran. (ah)<\/p>\n","protected":false},"excerpt":{"rendered":"<p>Immovestore.ch, die digitale Plattform f\u00fcr institutionelle Immobilieninvestoren, gibt es nun auch in franz\u00f6sischer Sprache. Damit wolle man die Br\u00fccke zur Romandie untermauern, sagen die Initiatoren Roland V\u00f6gele und Sacha Deutsch.<\/p>\n","protected":false},"author":1,"featured_media":3863,"comment_status":"open","ping_status":"open","sticky":false,"template":"","format":"standard","meta":{"_acf_changed":false,"_yoast_wpseo_focuskw":"Immovestore.ch","_yoast_wpseo_title":"","_yoast_wpseo_metadesc":"Immovestore.ch, die digitale Plattform f\u00fcr institutionelle Immobilieninvestoren, gibt es nun auch in franz\u00f6sischer Sprache.","_yoast_wpseo_linkdex":69,"pgc_sgb_lightbox_settings":"","footnotes":""},"categories":[988],"tags":[1472,1807,1852],"class_list":["post-3862","post","type-post","status-publish","format-standard","has-post-thumbnail","hentry","category-unternehmen","tag-maerkte","tag-unternehmen","tag-west-schweiz"],"acf":[],"yoast_head":"<!-- This site is optimized with the Yoast SEO plugin v27.5 - https:\/\/yoast.com\/product\/yoast-seo-wordpress\/ -->\n<title>Immovestore.ch nun auch in der Romandie aktiv - IMMOBILIEN Business<\/title>\n<meta name=\"description\" content=\"Immovestore.ch, die digitale Plattform f\u00fcr institutionelle Immobilieninvestoren, gibt es nun auch in franz\u00f6sischer Sprache.\" \/>\n<meta name=\"robots\" content=\"index, follow, max-snippet:-1, max-image-preview:large, max-video-preview:-1\" \/>\n<link rel=\"canonical\" href=\"https:\/\/www.immobilienbusiness.ch\/de\/unternehmen\/2016-09-08\/immovestore-ch-nun-auch-in-der-romandie-aktiv\/\" \/>\n<meta property=\"og:locale\" content=\"de_DE\" \/>\n<meta property=\"og:type\" content=\"article\" \/>\n<meta property=\"og:title\" content=\"Immovestore.ch nun auch in der Romandie aktiv\" \/>\n<meta property=\"og:description\" content=\"Immovestore.ch, die digitale Plattform f\u00fcr institutionelle Immobilieninvestoren, gibt es nun auch in franz\u00f6sischer Sprache. Damit wolle man die Br\u00fccke zur Romandie untermauern, sagen die Initiatoren Roland V\u00f6gele und Sacha Deutsch.\" \/>\n<meta property=\"og:url\" content=\"https:\/\/www.immobilienbusiness.ch\/de\/unternehmen\/2016-09-08\/immovestore-ch-nun-auch-in-der-romandie-aktiv\/\" \/>\n<meta property=\"og:site_name\" content=\"IMMOBILIEN Business\" \/>\n<meta property=\"article:publisher\" content=\"https:\/\/www.facebook.com\/immobilienbusiness\/\" \/>\n<meta property=\"article:published_time\" content=\"2016-09-08T06:56:09+00:00\" \/>\n<meta name=\"author\" content=\"Redaktion\" \/>\n<meta name=\"twitter:card\" content=\"summary_large_image\" \/>\n<meta name=\"twitter:image\" content=\"https:\/\/www.immobilienbusiness.ch\/wp-content\/uploads\/2016\/12\/Immovestore.ch-nun-auch-in-der-Romandie-aktiv-immobilien-business.jpg\" \/>\n<script type=\"application\/ld+json\" class=\"yoast-schema-graph\">{\"@context\":\"https:\\\/\\\/schema.org\",\"@graph\":[{\"@type\":\"Article\",\"@id\":\"https:\\\/\\\/www.immobilienbusiness.ch\\\/de\\\/unternehmen\\\/2016-09-08\\\/immovestore-ch-nun-auch-in-der-romandie-aktiv\\\/#article\",\"isPartOf\":{\"@id\":\"https:\\\/\\\/www.immobilienbusiness.ch\\\/de\\\/unternehmen\\\/2016-09-08\\\/immovestore-ch-nun-auch-in-der-romandie-aktiv\\\/\"},\"author\":{\"name\":\"Redaktion\",\"@id\":\"https:\\\/\\\/www.immobilienbusiness.ch\\\/#\\\/schema\\\/person\\\/aa2bace6c5c5aad60102004a50c4eb1c\"},\"headline\":\"Immovestore.ch nun auch in der Romandie aktiv\",\"datePublished\":\"2016-09-08T06:56:09+00:00\",\"mainEntityOfPage\":{\"@id\":\"https:\\\/\\\/www.immobilienbusiness.ch\\\/de\\\/unternehmen\\\/2016-09-08\\\/immovestore-ch-nun-auch-in-der-romandie-aktiv\\\/\"},\"wordCount\":125,\"commentCount\":0,\"publisher\":{\"@id\":\"https:\\\/\\\/www.immobilienbusiness.ch\\\/#organization\"},\"image\":{\"@id\":\"https:\\\/\\\/www.immobilienbusiness.ch\\\/de\\\/unternehmen\\\/2016-09-08\\\/immovestore-ch-nun-auch-in-der-romandie-aktiv\\\/#primaryimage\"},\"thumbnailUrl\":\"https:\\\/\\\/www.immobilienbusiness.ch\\\/wp-content\\\/uploads\\\/2016\\\/12\\\/Immovestore.ch-nun-auch-in-der-Romandie-aktiv-immobilien-business.jpg\",\"keywords\":[\"M\u00e4rkte\",\"Unternehmen\",\"West-Schweiz\"],\"articleSection\":[\"UNTERNEHMEN\"],\"inLanguage\":\"de\"},{\"@type\":\"WebPage\",\"@id\":\"https:\\\/\\\/www.immobilienbusiness.ch\\\/de\\\/unternehmen\\\/2016-09-08\\\/immovestore-ch-nun-auch-in-der-romandie-aktiv\\\/\",\"url\":\"https:\\\/\\\/www.immobilienbusiness.ch\\\/de\\\/unternehmen\\\/2016-09-08\\\/immovestore-ch-nun-auch-in-der-romandie-aktiv\\\/\",\"name\":\"Immovestore.ch nun auch in der Romandie aktiv - IMMOBILIEN Business\",\"isPartOf\":{\"@id\":\"https:\\\/\\\/www.immobilienbusiness.ch\\\/#website\"},\"primaryImageOfPage\":{\"@id\":\"https:\\\/\\\/www.immobilienbusiness.ch\\\/de\\\/unternehmen\\\/2016-09-08\\\/immovestore-ch-nun-auch-in-der-romandie-aktiv\\\/#primaryimage\"},\"image\":{\"@id\":\"https:\\\/\\\/www.immobilienbusiness.ch\\\/de\\\/unternehmen\\\/2016-09-08\\\/immovestore-ch-nun-auch-in-der-romandie-aktiv\\\/#primaryimage\"},\"thumbnailUrl\":\"https:\\\/\\\/www.immobilienbusiness.ch\\\/wp-content\\\/uploads\\\/2016\\\/12\\\/Immovestore.ch-nun-auch-in-der-Romandie-aktiv-immobilien-business.jpg\",\"datePublished\":\"2016-09-08T06:56:09+00:00\",\"description\":\"Immovestore.ch, die digitale Plattform f\u00fcr institutionelle Immobilieninvestoren, gibt es nun auch in franz\u00f6sischer Sprache.\",\"breadcrumb\":{\"@id\":\"https:\\\/\\\/www.immobilienbusiness.ch\\\/de\\\/unternehmen\\\/2016-09-08\\\/immovestore-ch-nun-auch-in-der-romandie-aktiv\\\/#breadcrumb\"},\"inLanguage\":\"de\",\"potentialAction\":[{\"@type\":\"ReadAction\",\"target\":[\"https:\\\/\\\/www.immobilienbusiness.ch\\\/de\\\/unternehmen\\\/2016-09-08\\\/immovestore-ch-nun-auch-in-der-romandie-aktiv\\\/\"]}]},{\"@type\":\"ImageObject\",\"inLanguage\":\"de\",\"@id\":\"https:\\\/\\\/www.immobilienbusiness.ch\\\/de\\\/unternehmen\\\/2016-09-08\\\/immovestore-ch-nun-auch-in-der-romandie-aktiv\\\/#primaryimage\",\"url\":\"https:\\\/\\\/www.immobilienbusiness.ch\\\/wp-content\\\/uploads\\\/2016\\\/12\\\/Immovestore.ch-nun-auch-in-der-Romandie-aktiv-immobilien-business.jpg\",\"contentUrl\":\"https:\\\/\\\/www.immobilienbusiness.ch\\\/wp-content\\\/uploads\\\/2016\\\/12\\\/Immovestore.ch-nun-auch-in-der-Romandie-aktiv-immobilien-business.jpg\",\"width\":1104,\"height\":734,\"caption\":\"Roland V\u00f6gele und Sacha Deutsch bringen Immovestore.ch in die Romandie (Foto: Immovestore\\\/MV Invest AG)\"},{\"@type\":\"BreadcrumbList\",\"@id\":\"https:\\\/\\\/www.immobilienbusiness.ch\\\/de\\\/unternehmen\\\/2016-09-08\\\/immovestore-ch-nun-auch-in-der-romandie-aktiv\\\/#breadcrumb\",\"itemListElement\":[{\"@type\":\"ListItem\",\"position\":1,\"name\":\"Home\",\"item\":\"https:\\\/\\\/www.immobilienbusiness.ch\\\/\"},{\"@type\":\"ListItem\",\"position\":2,\"name\":\"Immovestore.ch nun auch in der Romandie aktiv\"}]},{\"@type\":\"WebSite\",\"@id\":\"https:\\\/\\\/www.immobilienbusiness.ch\\\/#website\",\"url\":\"https:\\\/\\\/www.immobilienbusiness.ch\\\/\",\"name\":\"IMMOBILIEN Business\",\"description\":\"Unabh\u00e4ngiges Schweizer Wirtschaftsmagazin mit Fokus auf Immobilien, Architektur- und Bau sowie Investment- und Finanzierung.\",\"publisher\":{\"@id\":\"https:\\\/\\\/www.immobilienbusiness.ch\\\/#organization\"},\"potentialAction\":[{\"@type\":\"SearchAction\",\"target\":{\"@type\":\"EntryPoint\",\"urlTemplate\":\"https:\\\/\\\/www.immobilienbusiness.ch\\\/?s={search_term_string}\"},\"query-input\":{\"@type\":\"PropertyValueSpecification\",\"valueRequired\":true,\"valueName\":\"search_term_string\"}}],\"inLanguage\":\"de\"},{\"@type\":\"Organization\",\"@id\":\"https:\\\/\\\/www.immobilienbusiness.ch\\\/#organization\",\"name\":\"IMMOBILIEN Business\",\"url\":\"https:\\\/\\\/www.immobilienbusiness.ch\\\/\",\"logo\":{\"@type\":\"ImageObject\",\"inLanguage\":\"de\",\"@id\":\"https:\\\/\\\/www.immobilienbusiness.ch\\\/#\\\/schema\\\/logo\\\/image\\\/\",\"url\":\"https:\\\/\\\/www.immobilienbusiness.ch\\\/wp-content\\\/uploads\\\/2021\\\/07\\\/logo_ib.png\",\"contentUrl\":\"https:\\\/\\\/www.immobilienbusiness.ch\\\/wp-content\\\/uploads\\\/2021\\\/07\\\/logo_ib.png\",\"width\":800,\"height\":181,\"caption\":\"IMMOBILIEN Business\"},\"image\":{\"@id\":\"https:\\\/\\\/www.immobilienbusiness.ch\\\/#\\\/schema\\\/logo\\\/image\\\/\"},\"sameAs\":[\"https:\\\/\\\/www.facebook.com\\\/immobilienbusiness\\\/\"]},{\"@type\":\"Person\",\"@id\":\"https:\\\/\\\/www.immobilienbusiness.ch\\\/#\\\/schema\\\/person\\\/aa2bace6c5c5aad60102004a50c4eb1c\",\"name\":\"Redaktion\",\"image\":{\"@type\":\"ImageObject\",\"inLanguage\":\"de\",\"@id\":\"https:\\\/\\\/secure.gravatar.com\\\/avatar\\\/ae2f4d718e6c49043e314ce431e7e645d646302a24a5ef5a8bc8e3f5a032e319?s=96&d=mm&r=g\",\"url\":\"https:\\\/\\\/secure.gravatar.com\\\/avatar\\\/ae2f4d718e6c49043e314ce431e7e645d646302a24a5ef5a8bc8e3f5a032e319?s=96&d=mm&r=g\",\"contentUrl\":\"https:\\\/\\\/secure.gravatar.com\\\/avatar\\\/ae2f4d718e6c49043e314ce431e7e645d646302a24a5ef5a8bc8e3f5a032e319?s=96&d=mm&r=g\",\"caption\":\"Redaktion\"},\"sameAs\":[\"http:\\\/\\\/develop.organisator.galledia.ch\"],\"url\":\"https:\\\/\\\/www.immobilienbusiness.ch\\\/de\\\/author\\\/admin\\\/\"}]}<\/script>\n<!-- \/ Yoast SEO plugin. -->","yoast_head_json":{"title":"Immovestore.ch nun auch in der Romandie aktiv - IMMOBILIEN Business","description":"Immovestore.ch, die digitale Plattform f\u00fcr institutionelle Immobilieninvestoren, gibt es nun auch in franz\u00f6sischer Sprache.","robots":{"index":"index","follow":"follow","max-snippet":"max-snippet:-1","max-image-preview":"max-image-preview:large","max-video-preview":"max-video-preview:-1"},"canonical":"https:\/\/www.immobilienbusiness.ch\/de\/unternehmen\/2016-09-08\/immovestore-ch-nun-auch-in-der-romandie-aktiv\/","og_locale":"de_DE","og_type":"article","og_title":"Immovestore.ch nun auch in der Romandie aktiv","og_description":"Immovestore.ch, die digitale Plattform f\u00fcr institutionelle Immobilieninvestoren, gibt es nun auch in franz\u00f6sischer Sprache. Damit wolle man die Br\u00fccke zur Romandie untermauern, sagen die Initiatoren Roland V\u00f6gele und Sacha Deutsch.","og_url":"https:\/\/www.immobilienbusiness.ch\/de\/unternehmen\/2016-09-08\/immovestore-ch-nun-auch-in-der-romandie-aktiv\/","og_site_name":"IMMOBILIEN Business","article_publisher":"https:\/\/www.facebook.com\/immobilienbusiness\/","article_published_time":"2016-09-08T06:56:09+00:00","author":"Redaktion","twitter_card":"summary_large_image","twitter_image":"https:\/\/www.immobilienbusiness.ch\/wp-content\/uploads\/2016\/12\/Immovestore.ch-nun-auch-in-der-Romandie-aktiv-immobilien-business.jpg","schema":{"@context":"https:\/\/schema.org","@graph":[{"@type":"Article","@id":"https:\/\/www.immobilienbusiness.ch\/de\/unternehmen\/2016-09-08\/immovestore-ch-nun-auch-in-der-romandie-aktiv\/#article","isPartOf":{"@id":"https:\/\/www.immobilienbusiness.ch\/de\/unternehmen\/2016-09-08\/immovestore-ch-nun-auch-in-der-romandie-aktiv\/"},"author":{"name":"Redaktion","@id":"https:\/\/www.immobilienbusiness.ch\/#\/schema\/person\/aa2bace6c5c5aad60102004a50c4eb1c"},"headline":"Immovestore.ch nun auch in der Romandie aktiv","datePublished":"2016-09-08T06:56:09+00:00","mainEntityOfPage":{"@id":"https:\/\/www.immobilienbusiness.ch\/de\/unternehmen\/2016-09-08\/immovestore-ch-nun-auch-in-der-romandie-aktiv\/"},"wordCount":125,"commentCount":0,"publisher":{"@id":"https:\/\/www.immobilienbusiness.ch\/#organization"},"image":{"@id":"https:\/\/www.immobilienbusiness.ch\/de\/unternehmen\/2016-09-08\/immovestore-ch-nun-auch-in-der-romandie-aktiv\/#primaryimage"},"thumbnailUrl":"https:\/\/www.immobilienbusiness.ch\/wp-content\/uploads\/2016\/12\/Immovestore.ch-nun-auch-in-der-Romandie-aktiv-immobilien-business.jpg","keywords":["M\u00e4rkte","Unternehmen","West-Schweiz"],"articleSection":["UNTERNEHMEN"],"inLanguage":"de"},{"@type":"WebPage","@id":"https:\/\/www.immobilienbusiness.ch\/de\/unternehmen\/2016-09-08\/immovestore-ch-nun-auch-in-der-romandie-aktiv\/","url":"https:\/\/www.immobilienbusiness.ch\/de\/unternehmen\/2016-09-08\/immovestore-ch-nun-auch-in-der-romandie-aktiv\/","name":"Immovestore.ch nun auch in der Romandie aktiv - IMMOBILIEN Business","isPartOf":{"@id":"https:\/\/www.immobilienbusiness.ch\/#website"},"primaryImageOfPage":{"@id":"https:\/\/www.immobilienbusiness.ch\/de\/unternehmen\/2016-09-08\/immovestore-ch-nun-auch-in-der-romandie-aktiv\/#primaryimage"},"image":{"@id":"https:\/\/www.immobilienbusiness.ch\/de\/unternehmen\/2016-09-08\/immovestore-ch-nun-auch-in-der-romandie-aktiv\/#primaryimage"},"thumbnailUrl":"https:\/\/www.immobilienbusiness.ch\/wp-content\/uploads\/2016\/12\/Immovestore.ch-nun-auch-in-der-Romandie-aktiv-immobilien-business.jpg","datePublished":"2016-09-08T06:56:09+00:00","description":"Immovestore.ch, die digitale Plattform f\u00fcr institutionelle Immobilieninvestoren, gibt es nun auch in franz\u00f6sischer Sprache.","breadcrumb":{"@id":"https:\/\/www.immobilienbusiness.ch\/de\/unternehmen\/2016-09-08\/immovestore-ch-nun-auch-in-der-romandie-aktiv\/#breadcrumb"},"inLanguage":"de","potentialAction":[{"@type":"ReadAction","target":["https:\/\/www.immobilienbusiness.ch\/de\/unternehmen\/2016-09-08\/immovestore-ch-nun-auch-in-der-romandie-aktiv\/"]}]},{"@type":"ImageObject","inLanguage":"de","@id":"https:\/\/www.immobilienbusiness.ch\/de\/unternehmen\/2016-09-08\/immovestore-ch-nun-auch-in-der-romandie-aktiv\/#primaryimage","url":"https:\/\/www.immobilienbusiness.ch\/wp-content\/uploads\/2016\/12\/Immovestore.ch-nun-auch-in-der-Romandie-aktiv-immobilien-business.jpg","contentUrl":"https:\/\/www.immobilienbusiness.ch\/wp-content\/uploads\/2016\/12\/Immovestore.ch-nun-auch-in-der-Romandie-aktiv-immobilien-business.jpg","width":1104,"height":734,"caption":"Roland V\u00f6gele und Sacha Deutsch bringen Immovestore.ch in die Romandie (Foto: Immovestore\/MV Invest AG)"},{"@type":"BreadcrumbList","@id":"https:\/\/www.immobilienbusiness.ch\/de\/unternehmen\/2016-09-08\/immovestore-ch-nun-auch-in-der-romandie-aktiv\/#breadcrumb","itemListElement":[{"@type":"ListItem","position":1,"name":"Home","item":"https:\/\/www.immobilienbusiness.ch\/"},{"@type":"ListItem","position":2,"name":"Immovestore.ch nun auch in der Romandie aktiv"}]},{"@type":"WebSite","@id":"https:\/\/www.immobilienbusiness.ch\/#website","url":"https:\/\/www.immobilienbusiness.ch\/","name":"IMMOBILIEN Business","description":"Unabh\u00e4ngiges Schweizer Wirtschaftsmagazin mit Fokus auf Immobilien, Architektur- und Bau sowie Investment- und Finanzierung.","publisher":{"@id":"https:\/\/www.immobilienbusiness.ch\/#organization"},"potentialAction":[{"@type":"SearchAction","target":{"@type":"EntryPoint","urlTemplate":"https:\/\/www.immobilienbusiness.ch\/?s={search_term_string}"},"query-input":{"@type":"PropertyValueSpecification","valueRequired":true,"valueName":"search_term_string"}}],"inLanguage":"de"},{"@type":"Organization","@id":"https:\/\/www.immobilienbusiness.ch\/#organization","name":"IMMOBILIEN Business","url":"https:\/\/www.immobilienbusiness.ch\/","logo":{"@type":"ImageObject","inLanguage":"de","@id":"https:\/\/www.immobilienbusiness.ch\/#\/schema\/logo\/image\/","url":"https:\/\/www.immobilienbusiness.ch\/wp-content\/uploads\/2021\/07\/logo_ib.png","contentUrl":"https:\/\/www.immobilienbusiness.ch\/wp-content\/uploads\/2021\/07\/logo_ib.png","width":800,"height":181,"caption":"IMMOBILIEN Business"},"image":{"@id":"https:\/\/www.immobilienbusiness.ch\/#\/schema\/logo\/image\/"},"sameAs":["https:\/\/www.facebook.com\/immobilienbusiness\/"]},{"@type":"Person","@id":"https:\/\/www.immobilienbusiness.ch\/#\/schema\/person\/aa2bace6c5c5aad60102004a50c4eb1c","name":"Redaktion","image":{"@type":"ImageObject","inLanguage":"de","@id":"https:\/\/secure.gravatar.com\/avatar\/ae2f4d718e6c49043e314ce431e7e645d646302a24a5ef5a8bc8e3f5a032e319?s=96&d=mm&r=g","url":"https:\/\/secure.gravatar.com\/avatar\/ae2f4d718e6c49043e314ce431e7e645d646302a24a5ef5a8bc8e3f5a032e319?s=96&d=mm&r=g","contentUrl":"https:\/\/secure.gravatar.com\/avatar\/ae2f4d718e6c49043e314ce431e7e645d646302a24a5ef5a8bc8e3f5a032e319?s=96&d=mm&r=g","caption":"Redaktion"},"sameAs":["http:\/\/develop.organisator.galledia.ch"],"url":"https:\/\/www.immobilienbusiness.ch\/de\/author\/admin\/"}]}},"_links":{"self":[{"href":"https:\/\/www.immobilienbusiness.ch\/de\/wp-json\/wp\/v2\/posts\/3862","targetHints":{"allow":["GET"]}}],"collection":[{"href":"https:\/\/www.immobilienbusiness.ch\/de\/wp-json\/wp\/v2\/posts"}],"about":[{"href":"https:\/\/www.immobilienbusiness.ch\/de\/wp-json\/wp\/v2\/types\/post"}],"author":[{"embeddable":true,"href":"https:\/\/www.immobilienbusiness.ch\/de\/wp-json\/wp\/v2\/users\/1"}],"replies":[{"embeddable":true,"href":"https:\/\/www.immobilienbusiness.ch\/de\/wp-json\/wp\/v2\/comments?post=3862"}],"version-history":[{"count":0,"href":"https:\/\/www.immobilienbusiness.ch\/de\/wp-json\/wp\/v2\/posts\/3862\/revisions"}],"wp:featuredmedia":[{"embeddable":true,"href":"https:\/\/www.immobilienbusiness.ch\/de\/wp-json\/wp\/v2\/media\/3863"}],"wp:attachment":[{"href":"https:\/\/www.immobilienbusiness.ch\/de\/wp-json\/wp\/v2\/media?parent=3862"}],"wp:term":[{"taxonomy":"category","embeddable":true,"href":"https:\/\/www.immobilienbusiness.ch\/de\/wp-json\/wp\/v2\/categories?post=3862"},{"taxonomy":"post_tag","embeddable":true,"href":"https:\/\/www.immobilienbusiness.ch\/de\/wp-json\/wp\/v2\/tags?post=3862"}],"curies":[{"name":"wp","href":"https:\/\/api.w.org\/{rel}","templated":true}]}}