{"id":38344,"date":"2021-09-24T09:11:50","date_gmt":"2021-09-24T07:11:50","guid":{"rendered":"https:\/\/www.immobilienbusiness.ch\/?p=38344"},"modified":"2021-09-24T09:12:20","modified_gmt":"2021-09-24T07:12:20","slug":"luzern-neue-nutzung-fuer-das-vhs-hochhaus","status":"publish","type":"post","link":"https:\/\/www.immobilienbusiness.ch\/de\/regionen\/2021-09-24\/luzern-neue-nutzung-fuer-das-vhs-hochhaus\/","title":{"rendered":"Luzern: Neue Nutzung f\u00fcr das VHS-Hochhaus gesucht"},"content":{"rendered":"<figure id=\"attachment_38378\" aria-describedby=\"caption-attachment-38378\" style=\"width: 2560px\" class=\"wp-caption alignnone\"><img loading=\"lazy\" decoding=\"async\" class=\"wp-image-38378 size-full\" src=\"https:\/\/www.immobilienbusiness.ch\/wp-content\/uploads\/2021\/09\/arena-scaled.jpg\" alt=\"\" width=\"2560\" height=\"1706\" srcset=\"https:\/\/www.immobilienbusiness.ch\/wp-content\/uploads\/2021\/09\/arena-scaled.jpg 2560w, https:\/\/www.immobilienbusiness.ch\/wp-content\/uploads\/2021\/09\/arena-300x200.jpg 300w, https:\/\/www.immobilienbusiness.ch\/wp-content\/uploads\/2021\/09\/arena-1024x682.jpg 1024w, https:\/\/www.immobilienbusiness.ch\/wp-content\/uploads\/2021\/09\/arena-768x512.jpg 768w, https:\/\/www.immobilienbusiness.ch\/wp-content\/uploads\/2021\/09\/arena-1536x1023.jpg 1536w, https:\/\/www.immobilienbusiness.ch\/wp-content\/uploads\/2021\/09\/arena-2048x1364.jpg 2048w, https:\/\/www.immobilienbusiness.ch\/wp-content\/uploads\/2021\/09\/arena-16x12.jpg 16w, https:\/\/www.immobilienbusiness.ch\/wp-content\/uploads\/2021\/09\/arena-263x175.jpg 263w, https:\/\/www.immobilienbusiness.ch\/wp-content\/uploads\/2021\/09\/arena-525x350.jpg 525w, https:\/\/www.immobilienbusiness.ch\/wp-content\/uploads\/2021\/09\/arena-1201x800.jpg 1201w, https:\/\/www.immobilienbusiness.ch\/wp-content\/uploads\/2021\/09\/arena-920x613.jpg 920w, https:\/\/www.immobilienbusiness.ch\/wp-content\/uploads\/2021\/09\/arena-1400x933.jpg 1400w\" sizes=\"auto, (max-width: 2560px) 100vw, 2560px\" \/><figcaption id=\"caption-attachment-38378\" class=\"wp-caption-text\">Blick auf das Gel\u00e4nde des Verkehrshauses der Schweiz (Bild: Verkehrshaus)<\/figcaption><\/figure>\n<p>Das Hochhaus des Verkehrshauses der Schweiz (VHS) wird derzeit als B\u00fcrogeb\u00e4ude genutzt. Nun soll es energetisch saniert werden, und es sollen auch andere Nutzungen erm\u00f6glicht werden. Derzeit laufen Gespr\u00e4che zwischen dem Verkehrshaus, der Stadt Luzern und der Jugendherberge Luzern mit dem Ziel, dass die Jugendherberge dereinst ins Geb\u00e4ude einzieht. Sollte dies nicht m\u00f6glich sein, strebe das Verkehrshaus eine alternative Hotelnutzung an, so die Stadt Luzern.<\/p>\n<p>Damit im Hochhausgeb\u00e4ude ein Beherbergungsbetrieb zonenrechtlich m\u00f6glich wird, muss die Bau- und Zonenordnung angepasst und das Areal von der Zone f\u00fcr \u00f6ffentliche Zwecke in eine Sonderzone umgezont werden. Mit der Umzonung werden auch die maximalen H\u00f6hen definiert. Die \u00f6ffentliche Mitwirkung l\u00e4uft vom 27. September bis 18. Oktober 2021. <em>(ah)<\/em><\/p>\n","protected":false},"excerpt":{"rendered":"<p>Das Verkehrshaus der Schweiz (VHS) in Luzern will sein Hochhausgeb\u00e4ude sanieren und k\u00fcnftig anders nutzen. Angedacht ist eine Nutzung als Beherbergungsbetrieb. <\/p>\n","protected":false},"author":3,"featured_media":38378,"comment_status":"closed","ping_status":"closed","sticky":false,"template":"","format":"standard","meta":{"_acf_changed":false,"_yoast_wpseo_focuskw":"Hochhaus","_yoast_wpseo_title":"","_yoast_wpseo_metadesc":"Das Verkehrshaus der Schweiz (VHS) in Luzern will sein Hochhausgeb\u00e4ude sanieren und k\u00fcnftig anders nutzen. Angedacht ist eine Hotelnutzung.","_yoast_wpseo_linkdex":44,"pgc_sgb_lightbox_settings":"","footnotes":""},"categories":[985],"tags":[1313,1459,1600,1827],"class_list":["post-38344","post","type-post","status-publish","format-standard","has-post-thumbnail","hentry","category-regionen","tag-hotel","tag-luzern","tag-projekt-in-planung","tag-verfuegbare-flaechen"],"acf":[],"yoast_head":"<!-- This site is optimized with the Yoast SEO plugin v27.5 - https:\/\/yoast.com\/product\/yoast-seo-wordpress\/ -->\n<title>Luzern: Neue Nutzung f\u00fcr das VHS-Hochhaus gesucht - IMMOBILIEN Business<\/title>\n<meta name=\"description\" content=\"Das Verkehrshaus der Schweiz (VHS) in Luzern will sein Hochhausgeb\u00e4ude sanieren und k\u00fcnftig anders nutzen. Angedacht ist eine Hotelnutzung.\" \/>\n<meta name=\"robots\" content=\"index, follow, max-snippet:-1, max-image-preview:large, max-video-preview:-1\" \/>\n<link rel=\"canonical\" href=\"https:\/\/www.immobilienbusiness.ch\/de\/regionen\/2021-09-24\/luzern-neue-nutzung-fuer-das-vhs-hochhaus\/\" \/>\n<meta property=\"og:locale\" content=\"de_DE\" \/>\n<meta property=\"og:type\" content=\"article\" \/>\n<meta property=\"og:title\" content=\"Luzern: Neue Nutzung f\u00fcr das VHS-Hochhaus gesucht - IMMOBILIEN Business\" \/>\n<meta property=\"og:description\" content=\"Das Verkehrshaus der Schweiz (VHS) in Luzern will sein Hochhausgeb\u00e4ude sanieren und k\u00fcnftig anders nutzen. Angedacht ist eine Hotelnutzung.\" \/>\n<meta property=\"og:url\" content=\"https:\/\/www.immobilienbusiness.ch\/de\/regionen\/2021-09-24\/luzern-neue-nutzung-fuer-das-vhs-hochhaus\/\" \/>\n<meta property=\"og:site_name\" content=\"IMMOBILIEN Business\" \/>\n<meta property=\"article:publisher\" content=\"https:\/\/www.facebook.com\/immobilienbusiness\/\" \/>\n<meta property=\"article:published_time\" content=\"2021-09-24T07:11:50+00:00\" \/>\n<meta property=\"article:modified_time\" content=\"2021-09-24T07:12:20+00:00\" \/>\n<meta property=\"og:image\" content=\"https:\/\/www.immobilienbusiness.ch\/wp-content\/uploads\/2021\/09\/arena-scaled.jpg\" \/>\n\t<meta property=\"og:image:width\" content=\"2560\" \/>\n\t<meta property=\"og:image:height\" content=\"1706\" \/>\n\t<meta property=\"og:image:type\" content=\"image\/jpeg\" \/>\n<meta name=\"author\" content=\"anja.hall\" \/>\n<meta name=\"twitter:card\" content=\"summary_large_image\" \/>\n<meta name=\"twitter:image\" content=\"https:\/\/www.immobilienbusiness.ch\/wp-content\/uploads\/2021\/09\/arena-scaled.jpg\" \/>\n<script type=\"application\/ld+json\" class=\"yoast-schema-graph\">{\"@context\":\"https:\\\/\\\/schema.org\",\"@graph\":[{\"@type\":\"Article\",\"@id\":\"https:\\\/\\\/www.immobilienbusiness.ch\\\/de\\\/regionen\\\/2021-09-24\\\/luzern-neue-nutzung-fuer-das-vhs-hochhaus\\\/#article\",\"isPartOf\":{\"@id\":\"https:\\\/\\\/www.immobilienbusiness.ch\\\/de\\\/regionen\\\/2021-09-24\\\/luzern-neue-nutzung-fuer-das-vhs-hochhaus\\\/\"},\"author\":{\"name\":\"anja.hall\",\"@id\":\"https:\\\/\\\/www.immobilienbusiness.ch\\\/#\\\/schema\\\/person\\\/3fc036297b10b9f42d6db5ee932af8c8\"},\"headline\":\"Luzern: Neue Nutzung f\u00fcr das VHS-Hochhaus gesucht\",\"datePublished\":\"2021-09-24T07:11:50+00:00\",\"dateModified\":\"2021-09-24T07:12:20+00:00\",\"mainEntityOfPage\":{\"@id\":\"https:\\\/\\\/www.immobilienbusiness.ch\\\/de\\\/regionen\\\/2021-09-24\\\/luzern-neue-nutzung-fuer-das-vhs-hochhaus\\\/\"},\"wordCount\":148,\"publisher\":{\"@id\":\"https:\\\/\\\/www.immobilienbusiness.ch\\\/#organization\"},\"image\":{\"@id\":\"https:\\\/\\\/www.immobilienbusiness.ch\\\/de\\\/regionen\\\/2021-09-24\\\/luzern-neue-nutzung-fuer-das-vhs-hochhaus\\\/#primaryimage\"},\"thumbnailUrl\":\"https:\\\/\\\/www.immobilienbusiness.ch\\\/wp-content\\\/uploads\\\/2021\\\/09\\\/arena-scaled.jpg\",\"keywords\":[\"Hotel\",\"Luzern\",\"Projekt in Planung\",\"Verf\u00fcgbare Fl\u00e4chen\"],\"articleSection\":[\"REGIONEN\"],\"inLanguage\":\"de\"},{\"@type\":\"WebPage\",\"@id\":\"https:\\\/\\\/www.immobilienbusiness.ch\\\/de\\\/regionen\\\/2021-09-24\\\/luzern-neue-nutzung-fuer-das-vhs-hochhaus\\\/\",\"url\":\"https:\\\/\\\/www.immobilienbusiness.ch\\\/de\\\/regionen\\\/2021-09-24\\\/luzern-neue-nutzung-fuer-das-vhs-hochhaus\\\/\",\"name\":\"Luzern: Neue Nutzung f\u00fcr das VHS-Hochhaus gesucht - IMMOBILIEN Business\",\"isPartOf\":{\"@id\":\"https:\\\/\\\/www.immobilienbusiness.ch\\\/#website\"},\"primaryImageOfPage\":{\"@id\":\"https:\\\/\\\/www.immobilienbusiness.ch\\\/de\\\/regionen\\\/2021-09-24\\\/luzern-neue-nutzung-fuer-das-vhs-hochhaus\\\/#primaryimage\"},\"image\":{\"@id\":\"https:\\\/\\\/www.immobilienbusiness.ch\\\/de\\\/regionen\\\/2021-09-24\\\/luzern-neue-nutzung-fuer-das-vhs-hochhaus\\\/#primaryimage\"},\"thumbnailUrl\":\"https:\\\/\\\/www.immobilienbusiness.ch\\\/wp-content\\\/uploads\\\/2021\\\/09\\\/arena-scaled.jpg\",\"datePublished\":\"2021-09-24T07:11:50+00:00\",\"dateModified\":\"2021-09-24T07:12:20+00:00\",\"description\":\"Das Verkehrshaus der Schweiz (VHS) in Luzern will sein Hochhausgeb\u00e4ude sanieren und k\u00fcnftig anders nutzen. Angedacht ist eine Hotelnutzung.\",\"breadcrumb\":{\"@id\":\"https:\\\/\\\/www.immobilienbusiness.ch\\\/de\\\/regionen\\\/2021-09-24\\\/luzern-neue-nutzung-fuer-das-vhs-hochhaus\\\/#breadcrumb\"},\"inLanguage\":\"de\",\"potentialAction\":[{\"@type\":\"ReadAction\",\"target\":[\"https:\\\/\\\/www.immobilienbusiness.ch\\\/de\\\/regionen\\\/2021-09-24\\\/luzern-neue-nutzung-fuer-das-vhs-hochhaus\\\/\"]}]},{\"@type\":\"ImageObject\",\"inLanguage\":\"de\",\"@id\":\"https:\\\/\\\/www.immobilienbusiness.ch\\\/de\\\/regionen\\\/2021-09-24\\\/luzern-neue-nutzung-fuer-das-vhs-hochhaus\\\/#primaryimage\",\"url\":\"https:\\\/\\\/www.immobilienbusiness.ch\\\/wp-content\\\/uploads\\\/2021\\\/09\\\/arena-scaled.jpg\",\"contentUrl\":\"https:\\\/\\\/www.immobilienbusiness.ch\\\/wp-content\\\/uploads\\\/2021\\\/09\\\/arena-scaled.jpg\",\"width\":2560,\"height\":1706,\"caption\":\"Blick auf das Gel\u00e4nde des Verkehrshauses der Schweiz (Bild: Verkehrshaus)\"},{\"@type\":\"BreadcrumbList\",\"@id\":\"https:\\\/\\\/www.immobilienbusiness.ch\\\/de\\\/regionen\\\/2021-09-24\\\/luzern-neue-nutzung-fuer-das-vhs-hochhaus\\\/#breadcrumb\",\"itemListElement\":[{\"@type\":\"ListItem\",\"position\":1,\"name\":\"Home\",\"item\":\"https:\\\/\\\/www.immobilienbusiness.ch\\\/\"},{\"@type\":\"ListItem\",\"position\":2,\"name\":\"Luzern: Neue Nutzung f\u00fcr das VHS-Hochhaus gesucht\"}]},{\"@type\":\"WebSite\",\"@id\":\"https:\\\/\\\/www.immobilienbusiness.ch\\\/#website\",\"url\":\"https:\\\/\\\/www.immobilienbusiness.ch\\\/\",\"name\":\"IMMOBILIEN Business\",\"description\":\"Unabh\u00e4ngiges Schweizer Wirtschaftsmagazin mit Fokus auf Immobilien, Architektur- und Bau sowie Investment- und Finanzierung.\",\"publisher\":{\"@id\":\"https:\\\/\\\/www.immobilienbusiness.ch\\\/#organization\"},\"potentialAction\":[{\"@type\":\"SearchAction\",\"target\":{\"@type\":\"EntryPoint\",\"urlTemplate\":\"https:\\\/\\\/www.immobilienbusiness.ch\\\/?s={search_term_string}\"},\"query-input\":{\"@type\":\"PropertyValueSpecification\",\"valueRequired\":true,\"valueName\":\"search_term_string\"}}],\"inLanguage\":\"de\"},{\"@type\":\"Organization\",\"@id\":\"https:\\\/\\\/www.immobilienbusiness.ch\\\/#organization\",\"name\":\"IMMOBILIEN Business\",\"url\":\"https:\\\/\\\/www.immobilienbusiness.ch\\\/\",\"logo\":{\"@type\":\"ImageObject\",\"inLanguage\":\"de\",\"@id\":\"https:\\\/\\\/www.immobilienbusiness.ch\\\/#\\\/schema\\\/logo\\\/image\\\/\",\"url\":\"https:\\\/\\\/www.immobilienbusiness.ch\\\/wp-content\\\/uploads\\\/2021\\\/07\\\/logo_ib.png\",\"contentUrl\":\"https:\\\/\\\/www.immobilienbusiness.ch\\\/wp-content\\\/uploads\\\/2021\\\/07\\\/logo_ib.png\",\"width\":800,\"height\":181,\"caption\":\"IMMOBILIEN Business\"},\"image\":{\"@id\":\"https:\\\/\\\/www.immobilienbusiness.ch\\\/#\\\/schema\\\/logo\\\/image\\\/\"},\"sameAs\":[\"https:\\\/\\\/www.facebook.com\\\/immobilienbusiness\\\/\"]},{\"@type\":\"Person\",\"@id\":\"https:\\\/\\\/www.immobilienbusiness.ch\\\/#\\\/schema\\\/person\\\/3fc036297b10b9f42d6db5ee932af8c8\",\"name\":\"anja.hall\",\"image\":{\"@type\":\"ImageObject\",\"inLanguage\":\"de\",\"@id\":\"https:\\\/\\\/secure.gravatar.com\\\/avatar\\\/066b5a0d447013502c71a5782f4f3469f03cfe595cc2329fb94652fe47511bfb?s=96&d=mm&r=g\",\"url\":\"https:\\\/\\\/secure.gravatar.com\\\/avatar\\\/066b5a0d447013502c71a5782f4f3469f03cfe595cc2329fb94652fe47511bfb?s=96&d=mm&r=g\",\"contentUrl\":\"https:\\\/\\\/secure.gravatar.com\\\/avatar\\\/066b5a0d447013502c71a5782f4f3469f03cfe595cc2329fb94652fe47511bfb?s=96&d=mm&r=g\",\"caption\":\"anja.hall\"},\"url\":\"https:\\\/\\\/www.immobilienbusiness.ch\\\/de\\\/author\\\/anja-hall\\\/\"}]}<\/script>\n<!-- \/ Yoast SEO plugin. -->","yoast_head_json":{"title":"Luzern: Neue Nutzung f\u00fcr das VHS-Hochhaus gesucht - IMMOBILIEN Business","description":"Das Verkehrshaus der Schweiz (VHS) in Luzern will sein Hochhausgeb\u00e4ude sanieren und k\u00fcnftig anders nutzen. Angedacht ist eine Hotelnutzung.","robots":{"index":"index","follow":"follow","max-snippet":"max-snippet:-1","max-image-preview":"max-image-preview:large","max-video-preview":"max-video-preview:-1"},"canonical":"https:\/\/www.immobilienbusiness.ch\/de\/regionen\/2021-09-24\/luzern-neue-nutzung-fuer-das-vhs-hochhaus\/","og_locale":"de_DE","og_type":"article","og_title":"Luzern: Neue Nutzung f\u00fcr das VHS-Hochhaus gesucht - IMMOBILIEN Business","og_description":"Das Verkehrshaus der Schweiz (VHS) in Luzern will sein Hochhausgeb\u00e4ude sanieren und k\u00fcnftig anders nutzen. Angedacht ist eine Hotelnutzung.","og_url":"https:\/\/www.immobilienbusiness.ch\/de\/regionen\/2021-09-24\/luzern-neue-nutzung-fuer-das-vhs-hochhaus\/","og_site_name":"IMMOBILIEN Business","article_publisher":"https:\/\/www.facebook.com\/immobilienbusiness\/","article_published_time":"2021-09-24T07:11:50+00:00","article_modified_time":"2021-09-24T07:12:20+00:00","og_image":[{"width":2560,"height":1706,"url":"https:\/\/www.immobilienbusiness.ch\/wp-content\/uploads\/2021\/09\/arena-scaled.jpg","type":"image\/jpeg"}],"author":"anja.hall","twitter_card":"summary_large_image","twitter_image":"https:\/\/www.immobilienbusiness.ch\/wp-content\/uploads\/2021\/09\/arena-scaled.jpg","schema":{"@context":"https:\/\/schema.org","@graph":[{"@type":"Article","@id":"https:\/\/www.immobilienbusiness.ch\/de\/regionen\/2021-09-24\/luzern-neue-nutzung-fuer-das-vhs-hochhaus\/#article","isPartOf":{"@id":"https:\/\/www.immobilienbusiness.ch\/de\/regionen\/2021-09-24\/luzern-neue-nutzung-fuer-das-vhs-hochhaus\/"},"author":{"name":"anja.hall","@id":"https:\/\/www.immobilienbusiness.ch\/#\/schema\/person\/3fc036297b10b9f42d6db5ee932af8c8"},"headline":"Luzern: Neue Nutzung f\u00fcr das VHS-Hochhaus gesucht","datePublished":"2021-09-24T07:11:50+00:00","dateModified":"2021-09-24T07:12:20+00:00","mainEntityOfPage":{"@id":"https:\/\/www.immobilienbusiness.ch\/de\/regionen\/2021-09-24\/luzern-neue-nutzung-fuer-das-vhs-hochhaus\/"},"wordCount":148,"publisher":{"@id":"https:\/\/www.immobilienbusiness.ch\/#organization"},"image":{"@id":"https:\/\/www.immobilienbusiness.ch\/de\/regionen\/2021-09-24\/luzern-neue-nutzung-fuer-das-vhs-hochhaus\/#primaryimage"},"thumbnailUrl":"https:\/\/www.immobilienbusiness.ch\/wp-content\/uploads\/2021\/09\/arena-scaled.jpg","keywords":["Hotel","Luzern","Projekt in Planung","Verf\u00fcgbare Fl\u00e4chen"],"articleSection":["REGIONEN"],"inLanguage":"de"},{"@type":"WebPage","@id":"https:\/\/www.immobilienbusiness.ch\/de\/regionen\/2021-09-24\/luzern-neue-nutzung-fuer-das-vhs-hochhaus\/","url":"https:\/\/www.immobilienbusiness.ch\/de\/regionen\/2021-09-24\/luzern-neue-nutzung-fuer-das-vhs-hochhaus\/","name":"Luzern: Neue Nutzung f\u00fcr das VHS-Hochhaus gesucht - IMMOBILIEN Business","isPartOf":{"@id":"https:\/\/www.immobilienbusiness.ch\/#website"},"primaryImageOfPage":{"@id":"https:\/\/www.immobilienbusiness.ch\/de\/regionen\/2021-09-24\/luzern-neue-nutzung-fuer-das-vhs-hochhaus\/#primaryimage"},"image":{"@id":"https:\/\/www.immobilienbusiness.ch\/de\/regionen\/2021-09-24\/luzern-neue-nutzung-fuer-das-vhs-hochhaus\/#primaryimage"},"thumbnailUrl":"https:\/\/www.immobilienbusiness.ch\/wp-content\/uploads\/2021\/09\/arena-scaled.jpg","datePublished":"2021-09-24T07:11:50+00:00","dateModified":"2021-09-24T07:12:20+00:00","description":"Das Verkehrshaus der Schweiz (VHS) in Luzern will sein Hochhausgeb\u00e4ude sanieren und k\u00fcnftig anders nutzen. Angedacht ist eine Hotelnutzung.","breadcrumb":{"@id":"https:\/\/www.immobilienbusiness.ch\/de\/regionen\/2021-09-24\/luzern-neue-nutzung-fuer-das-vhs-hochhaus\/#breadcrumb"},"inLanguage":"de","potentialAction":[{"@type":"ReadAction","target":["https:\/\/www.immobilienbusiness.ch\/de\/regionen\/2021-09-24\/luzern-neue-nutzung-fuer-das-vhs-hochhaus\/"]}]},{"@type":"ImageObject","inLanguage":"de","@id":"https:\/\/www.immobilienbusiness.ch\/de\/regionen\/2021-09-24\/luzern-neue-nutzung-fuer-das-vhs-hochhaus\/#primaryimage","url":"https:\/\/www.immobilienbusiness.ch\/wp-content\/uploads\/2021\/09\/arena-scaled.jpg","contentUrl":"https:\/\/www.immobilienbusiness.ch\/wp-content\/uploads\/2021\/09\/arena-scaled.jpg","width":2560,"height":1706,"caption":"Blick auf das Gel\u00e4nde des Verkehrshauses der Schweiz (Bild: Verkehrshaus)"},{"@type":"BreadcrumbList","@id":"https:\/\/www.immobilienbusiness.ch\/de\/regionen\/2021-09-24\/luzern-neue-nutzung-fuer-das-vhs-hochhaus\/#breadcrumb","itemListElement":[{"@type":"ListItem","position":1,"name":"Home","item":"https:\/\/www.immobilienbusiness.ch\/"},{"@type":"ListItem","position":2,"name":"Luzern: Neue Nutzung f\u00fcr das VHS-Hochhaus gesucht"}]},{"@type":"WebSite","@id":"https:\/\/www.immobilienbusiness.ch\/#website","url":"https:\/\/www.immobilienbusiness.ch\/","name":"IMMOBILIEN Business","description":"Unabh\u00e4ngiges Schweizer Wirtschaftsmagazin mit Fokus auf Immobilien, Architektur- und Bau sowie Investment- und Finanzierung.","publisher":{"@id":"https:\/\/www.immobilienbusiness.ch\/#organization"},"potentialAction":[{"@type":"SearchAction","target":{"@type":"EntryPoint","urlTemplate":"https:\/\/www.immobilienbusiness.ch\/?s={search_term_string}"},"query-input":{"@type":"PropertyValueSpecification","valueRequired":true,"valueName":"search_term_string"}}],"inLanguage":"de"},{"@type":"Organization","@id":"https:\/\/www.immobilienbusiness.ch\/#organization","name":"IMMOBILIEN Business","url":"https:\/\/www.immobilienbusiness.ch\/","logo":{"@type":"ImageObject","inLanguage":"de","@id":"https:\/\/www.immobilienbusiness.ch\/#\/schema\/logo\/image\/","url":"https:\/\/www.immobilienbusiness.ch\/wp-content\/uploads\/2021\/07\/logo_ib.png","contentUrl":"https:\/\/www.immobilienbusiness.ch\/wp-content\/uploads\/2021\/07\/logo_ib.png","width":800,"height":181,"caption":"IMMOBILIEN Business"},"image":{"@id":"https:\/\/www.immobilienbusiness.ch\/#\/schema\/logo\/image\/"},"sameAs":["https:\/\/www.facebook.com\/immobilienbusiness\/"]},{"@type":"Person","@id":"https:\/\/www.immobilienbusiness.ch\/#\/schema\/person\/3fc036297b10b9f42d6db5ee932af8c8","name":"anja.hall","image":{"@type":"ImageObject","inLanguage":"de","@id":"https:\/\/secure.gravatar.com\/avatar\/066b5a0d447013502c71a5782f4f3469f03cfe595cc2329fb94652fe47511bfb?s=96&d=mm&r=g","url":"https:\/\/secure.gravatar.com\/avatar\/066b5a0d447013502c71a5782f4f3469f03cfe595cc2329fb94652fe47511bfb?s=96&d=mm&r=g","contentUrl":"https:\/\/secure.gravatar.com\/avatar\/066b5a0d447013502c71a5782f4f3469f03cfe595cc2329fb94652fe47511bfb?s=96&d=mm&r=g","caption":"anja.hall"},"url":"https:\/\/www.immobilienbusiness.ch\/de\/author\/anja-hall\/"}]}},"_links":{"self":[{"href":"https:\/\/www.immobilienbusiness.ch\/de\/wp-json\/wp\/v2\/posts\/38344","targetHints":{"allow":["GET"]}}],"collection":[{"href":"https:\/\/www.immobilienbusiness.ch\/de\/wp-json\/wp\/v2\/posts"}],"about":[{"href":"https:\/\/www.immobilienbusiness.ch\/de\/wp-json\/wp\/v2\/types\/post"}],"author":[{"embeddable":true,"href":"https:\/\/www.immobilienbusiness.ch\/de\/wp-json\/wp\/v2\/users\/3"}],"replies":[{"embeddable":true,"href":"https:\/\/www.immobilienbusiness.ch\/de\/wp-json\/wp\/v2\/comments?post=38344"}],"version-history":[{"count":4,"href":"https:\/\/www.immobilienbusiness.ch\/de\/wp-json\/wp\/v2\/posts\/38344\/revisions"}],"predecessor-version":[{"id":38380,"href":"https:\/\/www.immobilienbusiness.ch\/de\/wp-json\/wp\/v2\/posts\/38344\/revisions\/38380"}],"wp:featuredmedia":[{"embeddable":true,"href":"https:\/\/www.immobilienbusiness.ch\/de\/wp-json\/wp\/v2\/media\/38378"}],"wp:attachment":[{"href":"https:\/\/www.immobilienbusiness.ch\/de\/wp-json\/wp\/v2\/media?parent=38344"}],"wp:term":[{"taxonomy":"category","embeddable":true,"href":"https:\/\/www.immobilienbusiness.ch\/de\/wp-json\/wp\/v2\/categories?post=38344"},{"taxonomy":"post_tag","embeddable":true,"href":"https:\/\/www.immobilienbusiness.ch\/de\/wp-json\/wp\/v2\/tags?post=38344"}],"curies":[{"name":"wp","href":"https:\/\/api.w.org\/{rel}","templated":true}]}}