{"id":38329,"date":"2021-09-20T08:14:39","date_gmt":"2021-09-20T06:14:39","guid":{"rendered":"https:\/\/www.immobilienbusiness.ch\/?p=38329"},"modified":"2021-11-15T15:08:08","modified_gmt":"2021-11-15T14:08:08","slug":"raiffeisen-futura-ueberzeichnete-kapitalerhoehung","status":"publish","type":"post","link":"https:\/\/www.immobilienbusiness.ch\/de\/residential\/2021-09-20\/raiffeisen-futura-ueberzeichnete-kapitalerhoehung\/","title":{"rendered":"Raiffeisen Futura: \u00dcberzeichnete Kapitalerh\u00f6hung"},"content":{"rendered":"<figure id=\"attachment_15533\" aria-describedby=\"caption-attachment-15533\" style=\"width: 1000px\" class=\"wp-caption alignnone\"><img loading=\"lazy\" decoding=\"async\" class=\"wp-image-15533 size-full\" src=\"https:\/\/www.immobilienbusiness.ch\/wp-content\/uploads\/2019\/01\/Depositphotos_79481102_m-2015.jpg\" alt=\"\" width=\"1000\" height=\"662\" srcset=\"https:\/\/www.immobilienbusiness.ch\/wp-content\/uploads\/2019\/01\/Depositphotos_79481102_m-2015.jpg 1000w, https:\/\/www.immobilienbusiness.ch\/wp-content\/uploads\/2019\/01\/Depositphotos_79481102_m-2015-300x199.jpg 300w, https:\/\/www.immobilienbusiness.ch\/wp-content\/uploads\/2019\/01\/Depositphotos_79481102_m-2015-768x508.jpg 768w, https:\/\/www.immobilienbusiness.ch\/wp-content\/uploads\/2019\/01\/Depositphotos_79481102_m-2015-16x12.jpg 16w, https:\/\/www.immobilienbusiness.ch\/wp-content\/uploads\/2019\/01\/Depositphotos_79481102_m-2015-264x175.jpg 264w, https:\/\/www.immobilienbusiness.ch\/wp-content\/uploads\/2019\/01\/Depositphotos_79481102_m-2015-529x350.jpg 529w, https:\/\/www.immobilienbusiness.ch\/wp-content\/uploads\/2019\/01\/Depositphotos_79481102_m-2015-920x609.jpg 920w\" sizes=\"auto, (max-width: 1000px) 100vw, 1000px\" \/><figcaption id=\"caption-attachment-15533\" class=\"wp-caption-text\">Der Raiffeisen Futura Immo Fonds hat 40 Mio. CHF aufgenommen (Bild: Photocreo &#8211; depositphotos)<\/figcaption><\/figure>\n<p>Insgesamt sind w\u00e4hrend der Zeichnungsfrist vom 30. August bis 17. September 2021 422.775 neue Anteile am Raiffeisen Futura Immo Fonds zum Bezugspreis von jeweils 95,88 CHF netto ausgegeben worden, teilt die Fondsleitung Verit Investment Management mit. Damit fliessen dem Fonds Neugelder in der H\u00f6he von rund 40 Mio. zu. Die Mittel sollen f\u00fcr den weiteren Ausbau des Immobilienportfolios eingesetzt werden.<\/p>\n<p>Die Emission wurde kommissionsweise (\u00abbest effort basis\u00bb) im Rahmen eines \u00f6ffentlichen Bezugsangebotes in der Schweiz durchgef\u00fchrt, und das Bezugsverh\u00e4ltnis lag bei 7:1. Die Liberierung der neuen Anteile ist auf den 23. September 2021 angesetzt. K\u00fcnftig sind etwa 3,38 Mio. Fondsanteile im Umlauf. <em>(ah)<\/em><\/p>\n","protected":false},"excerpt":{"rendered":"<p>Der Raiffeisen Futura Immo Fonds hat bei seiner Kapitalerh\u00f6hung 40 Mio. CHF eingesammelt. Die Emission sei deutlich \u00fcberzeichnet gewesen, so die Fondsleitung. <\/p>\n","protected":false},"author":3,"featured_media":15533,"comment_status":"closed","ping_status":"closed","sticky":false,"template":"","format":"standard","meta":{"_acf_changed":false,"_yoast_wpseo_focuskw":"Futura","_yoast_wpseo_title":"","_yoast_wpseo_metadesc":"Der Raiffeisen Futura Immo Fonds hat bei seiner Kapitalerh\u00f6hung 40 Mio. CHF eingesammelt. Die Emission war deutlich \u00fcberzeichnet, so die Fondsleitung.","_yoast_wpseo_linkdex":50,"pgc_sgb_lightbox_settings":"","footnotes":""},"categories":[986],"tags":[1344,1412,1615],"class_list":["post-38329","post","type-post","status-publish","format-standard","has-post-thumbnail","hentry","category-residential","tag-immobilienfonds","tag-kapitalerhoehung","tag-raiffeisen"],"acf":[],"yoast_head":"<!-- This site is optimized with the Yoast SEO plugin v27.4 - https:\/\/yoast.com\/product\/yoast-seo-wordpress\/ -->\n<title>Raiffeisen Futura: \u00dcberzeichnete Kapitalerh\u00f6hung - IMMOBILIEN Business<\/title>\n<meta name=\"description\" content=\"Der Raiffeisen Futura Immo Fonds hat bei seiner Kapitalerh\u00f6hung 40 Mio. CHF eingesammelt. Die Emission war deutlich \u00fcberzeichnet, so die Fondsleitung.\" \/>\n<meta name=\"robots\" content=\"index, follow, max-snippet:-1, max-image-preview:large, max-video-preview:-1\" \/>\n<link rel=\"canonical\" href=\"https:\/\/www.immobilienbusiness.ch\/de\/residential\/2021-09-20\/raiffeisen-futura-ueberzeichnete-kapitalerhoehung\/\" \/>\n<meta property=\"og:locale\" content=\"de_DE\" \/>\n<meta property=\"og:type\" content=\"article\" \/>\n<meta property=\"og:title\" content=\"Raiffeisen Futura: \u00dcberzeichnete Kapitalerh\u00f6hung - IMMOBILIEN Business\" \/>\n<meta property=\"og:description\" content=\"Der Raiffeisen Futura Immo Fonds hat bei seiner Kapitalerh\u00f6hung 40 Mio. CHF eingesammelt. Die Emission war deutlich \u00fcberzeichnet, so die Fondsleitung.\" \/>\n<meta property=\"og:url\" content=\"https:\/\/www.immobilienbusiness.ch\/de\/residential\/2021-09-20\/raiffeisen-futura-ueberzeichnete-kapitalerhoehung\/\" \/>\n<meta property=\"og:site_name\" content=\"IMMOBILIEN Business\" \/>\n<meta property=\"article:publisher\" content=\"https:\/\/www.facebook.com\/immobilienbusiness\/\" \/>\n<meta property=\"article:published_time\" content=\"2021-09-20T06:14:39+00:00\" \/>\n<meta property=\"article:modified_time\" content=\"2021-11-15T14:08:08+00:00\" \/>\n<meta property=\"og:image\" content=\"https:\/\/www.immobilienbusiness.ch\/wp-content\/uploads\/2019\/01\/Depositphotos_79481102_m-2015.jpg\" \/>\n\t<meta property=\"og:image:width\" content=\"1000\" \/>\n\t<meta property=\"og:image:height\" content=\"662\" \/>\n\t<meta property=\"og:image:type\" content=\"image\/jpeg\" \/>\n<meta name=\"author\" content=\"anja.hall\" \/>\n<meta name=\"twitter:card\" content=\"summary_large_image\" \/>\n<meta name=\"twitter:image\" content=\"https:\/\/www.immobilienbusiness.ch\/wp-content\/uploads\/2019\/01\/Depositphotos_79481102_m-2015.jpg\" \/>\n<script type=\"application\/ld+json\" class=\"yoast-schema-graph\">{\"@context\":\"https:\\\/\\\/schema.org\",\"@graph\":[{\"@type\":\"Article\",\"@id\":\"https:\\\/\\\/www.immobilienbusiness.ch\\\/en\\\/residential\\\/2021-09-20\\\/raiffeisen-futura-ueberzeichnete-kapitalerhoehung\\\/#article\",\"isPartOf\":{\"@id\":\"https:\\\/\\\/www.immobilienbusiness.ch\\\/en\\\/residential\\\/2021-09-20\\\/raiffeisen-futura-ueberzeichnete-kapitalerhoehung\\\/\"},\"author\":{\"name\":\"anja.hall\",\"@id\":\"https:\\\/\\\/www.immobilienbusiness.ch\\\/#\\\/schema\\\/person\\\/3fc036297b10b9f42d6db5ee932af8c8\"},\"headline\":\"Raiffeisen Futura: \u00dcberzeichnete Kapitalerh\u00f6hung\",\"datePublished\":\"2021-09-20T06:14:39+00:00\",\"dateModified\":\"2021-11-15T14:08:08+00:00\",\"mainEntityOfPage\":{\"@id\":\"https:\\\/\\\/www.immobilienbusiness.ch\\\/en\\\/residential\\\/2021-09-20\\\/raiffeisen-futura-ueberzeichnete-kapitalerhoehung\\\/\"},\"wordCount\":124,\"publisher\":{\"@id\":\"https:\\\/\\\/www.immobilienbusiness.ch\\\/#organization\"},\"image\":{\"@id\":\"https:\\\/\\\/www.immobilienbusiness.ch\\\/en\\\/residential\\\/2021-09-20\\\/raiffeisen-futura-ueberzeichnete-kapitalerhoehung\\\/#primaryimage\"},\"thumbnailUrl\":\"https:\\\/\\\/www.immobilienbusiness.ch\\\/wp-content\\\/uploads\\\/2019\\\/01\\\/Depositphotos_79481102_m-2015.jpg\",\"keywords\":[\"Immobilienfonds\",\"Kapitalerh\u00f6hung\",\"Raiffeisen\"],\"articleSection\":[\"RESIDENTIAL\"],\"inLanguage\":\"de\"},{\"@type\":\"WebPage\",\"@id\":\"https:\\\/\\\/www.immobilienbusiness.ch\\\/en\\\/residential\\\/2021-09-20\\\/raiffeisen-futura-ueberzeichnete-kapitalerhoehung\\\/\",\"url\":\"https:\\\/\\\/www.immobilienbusiness.ch\\\/en\\\/residential\\\/2021-09-20\\\/raiffeisen-futura-ueberzeichnete-kapitalerhoehung\\\/\",\"name\":\"Raiffeisen Futura: \u00dcberzeichnete Kapitalerh\u00f6hung - IMMOBILIEN Business\",\"isPartOf\":{\"@id\":\"https:\\\/\\\/www.immobilienbusiness.ch\\\/#website\"},\"primaryImageOfPage\":{\"@id\":\"https:\\\/\\\/www.immobilienbusiness.ch\\\/en\\\/residential\\\/2021-09-20\\\/raiffeisen-futura-ueberzeichnete-kapitalerhoehung\\\/#primaryimage\"},\"image\":{\"@id\":\"https:\\\/\\\/www.immobilienbusiness.ch\\\/en\\\/residential\\\/2021-09-20\\\/raiffeisen-futura-ueberzeichnete-kapitalerhoehung\\\/#primaryimage\"},\"thumbnailUrl\":\"https:\\\/\\\/www.immobilienbusiness.ch\\\/wp-content\\\/uploads\\\/2019\\\/01\\\/Depositphotos_79481102_m-2015.jpg\",\"datePublished\":\"2021-09-20T06:14:39+00:00\",\"dateModified\":\"2021-11-15T14:08:08+00:00\",\"description\":\"Der Raiffeisen Futura Immo Fonds hat bei seiner Kapitalerh\u00f6hung 40 Mio. CHF eingesammelt. Die Emission war deutlich \u00fcberzeichnet, so die Fondsleitung.\",\"breadcrumb\":{\"@id\":\"https:\\\/\\\/www.immobilienbusiness.ch\\\/en\\\/residential\\\/2021-09-20\\\/raiffeisen-futura-ueberzeichnete-kapitalerhoehung\\\/#breadcrumb\"},\"inLanguage\":\"de\",\"potentialAction\":[{\"@type\":\"ReadAction\",\"target\":[\"https:\\\/\\\/www.immobilienbusiness.ch\\\/en\\\/residential\\\/2021-09-20\\\/raiffeisen-futura-ueberzeichnete-kapitalerhoehung\\\/\"]}]},{\"@type\":\"ImageObject\",\"inLanguage\":\"de\",\"@id\":\"https:\\\/\\\/www.immobilienbusiness.ch\\\/en\\\/residential\\\/2021-09-20\\\/raiffeisen-futura-ueberzeichnete-kapitalerhoehung\\\/#primaryimage\",\"url\":\"https:\\\/\\\/www.immobilienbusiness.ch\\\/wp-content\\\/uploads\\\/2019\\\/01\\\/Depositphotos_79481102_m-2015.jpg\",\"contentUrl\":\"https:\\\/\\\/www.immobilienbusiness.ch\\\/wp-content\\\/uploads\\\/2019\\\/01\\\/Depositphotos_79481102_m-2015.jpg\",\"width\":1000,\"height\":662,\"caption\":\"Die Swiss Prime AST hat Halbjahreszahlen f\u00fcr ihre Anlagegruppen vorgelegt (Bild: Photocreo - depositphotos)\"},{\"@type\":\"BreadcrumbList\",\"@id\":\"https:\\\/\\\/www.immobilienbusiness.ch\\\/en\\\/residential\\\/2021-09-20\\\/raiffeisen-futura-ueberzeichnete-kapitalerhoehung\\\/#breadcrumb\",\"itemListElement\":[{\"@type\":\"ListItem\",\"position\":1,\"name\":\"Home\",\"item\":\"https:\\\/\\\/www.immobilienbusiness.ch\\\/\"},{\"@type\":\"ListItem\",\"position\":2,\"name\":\"Raiffeisen Futura: \u00dcberzeichnete Kapitalerh\u00f6hung\"}]},{\"@type\":\"WebSite\",\"@id\":\"https:\\\/\\\/www.immobilienbusiness.ch\\\/#website\",\"url\":\"https:\\\/\\\/www.immobilienbusiness.ch\\\/\",\"name\":\"IMMOBILIEN Business\",\"description\":\"Unabh\u00e4ngiges Schweizer Wirtschaftsmagazin mit Fokus auf Immobilien, Architektur- und Bau sowie Investment- und Finanzierung.\",\"publisher\":{\"@id\":\"https:\\\/\\\/www.immobilienbusiness.ch\\\/#organization\"},\"potentialAction\":[{\"@type\":\"SearchAction\",\"target\":{\"@type\":\"EntryPoint\",\"urlTemplate\":\"https:\\\/\\\/www.immobilienbusiness.ch\\\/?s={search_term_string}\"},\"query-input\":{\"@type\":\"PropertyValueSpecification\",\"valueRequired\":true,\"valueName\":\"search_term_string\"}}],\"inLanguage\":\"de\"},{\"@type\":\"Organization\",\"@id\":\"https:\\\/\\\/www.immobilienbusiness.ch\\\/#organization\",\"name\":\"IMMOBILIEN Business\",\"url\":\"https:\\\/\\\/www.immobilienbusiness.ch\\\/\",\"logo\":{\"@type\":\"ImageObject\",\"inLanguage\":\"de\",\"@id\":\"https:\\\/\\\/www.immobilienbusiness.ch\\\/#\\\/schema\\\/logo\\\/image\\\/\",\"url\":\"https:\\\/\\\/www.immobilienbusiness.ch\\\/wp-content\\\/uploads\\\/2021\\\/07\\\/logo_ib.png\",\"contentUrl\":\"https:\\\/\\\/www.immobilienbusiness.ch\\\/wp-content\\\/uploads\\\/2021\\\/07\\\/logo_ib.png\",\"width\":800,\"height\":181,\"caption\":\"IMMOBILIEN Business\"},\"image\":{\"@id\":\"https:\\\/\\\/www.immobilienbusiness.ch\\\/#\\\/schema\\\/logo\\\/image\\\/\"},\"sameAs\":[\"https:\\\/\\\/www.facebook.com\\\/immobilienbusiness\\\/\"]},{\"@type\":\"Person\",\"@id\":\"https:\\\/\\\/www.immobilienbusiness.ch\\\/#\\\/schema\\\/person\\\/3fc036297b10b9f42d6db5ee932af8c8\",\"name\":\"anja.hall\",\"image\":{\"@type\":\"ImageObject\",\"inLanguage\":\"de\",\"@id\":\"https:\\\/\\\/secure.gravatar.com\\\/avatar\\\/066b5a0d447013502c71a5782f4f3469f03cfe595cc2329fb94652fe47511bfb?s=96&d=mm&r=g\",\"url\":\"https:\\\/\\\/secure.gravatar.com\\\/avatar\\\/066b5a0d447013502c71a5782f4f3469f03cfe595cc2329fb94652fe47511bfb?s=96&d=mm&r=g\",\"contentUrl\":\"https:\\\/\\\/secure.gravatar.com\\\/avatar\\\/066b5a0d447013502c71a5782f4f3469f03cfe595cc2329fb94652fe47511bfb?s=96&d=mm&r=g\",\"caption\":\"anja.hall\"},\"url\":\"https:\\\/\\\/www.immobilienbusiness.ch\\\/de\\\/author\\\/anja-hall\\\/\"}]}<\/script>\n<!-- \/ Yoast SEO plugin. -->","yoast_head_json":{"title":"Raiffeisen Futura: \u00dcberzeichnete Kapitalerh\u00f6hung - IMMOBILIEN Business","description":"Der Raiffeisen Futura Immo Fonds hat bei seiner Kapitalerh\u00f6hung 40 Mio. CHF eingesammelt. Die Emission war deutlich \u00fcberzeichnet, so die Fondsleitung.","robots":{"index":"index","follow":"follow","max-snippet":"max-snippet:-1","max-image-preview":"max-image-preview:large","max-video-preview":"max-video-preview:-1"},"canonical":"https:\/\/www.immobilienbusiness.ch\/de\/residential\/2021-09-20\/raiffeisen-futura-ueberzeichnete-kapitalerhoehung\/","og_locale":"de_DE","og_type":"article","og_title":"Raiffeisen Futura: \u00dcberzeichnete Kapitalerh\u00f6hung - IMMOBILIEN Business","og_description":"Der Raiffeisen Futura Immo Fonds hat bei seiner Kapitalerh\u00f6hung 40 Mio. CHF eingesammelt. Die Emission war deutlich \u00fcberzeichnet, so die Fondsleitung.","og_url":"https:\/\/www.immobilienbusiness.ch\/de\/residential\/2021-09-20\/raiffeisen-futura-ueberzeichnete-kapitalerhoehung\/","og_site_name":"IMMOBILIEN Business","article_publisher":"https:\/\/www.facebook.com\/immobilienbusiness\/","article_published_time":"2021-09-20T06:14:39+00:00","article_modified_time":"2021-11-15T14:08:08+00:00","og_image":[{"width":1000,"height":662,"url":"https:\/\/www.immobilienbusiness.ch\/wp-content\/uploads\/2019\/01\/Depositphotos_79481102_m-2015.jpg","type":"image\/jpeg"}],"author":"anja.hall","twitter_card":"summary_large_image","twitter_image":"https:\/\/www.immobilienbusiness.ch\/wp-content\/uploads\/2019\/01\/Depositphotos_79481102_m-2015.jpg","schema":{"@context":"https:\/\/schema.org","@graph":[{"@type":"Article","@id":"https:\/\/www.immobilienbusiness.ch\/en\/residential\/2021-09-20\/raiffeisen-futura-ueberzeichnete-kapitalerhoehung\/#article","isPartOf":{"@id":"https:\/\/www.immobilienbusiness.ch\/en\/residential\/2021-09-20\/raiffeisen-futura-ueberzeichnete-kapitalerhoehung\/"},"author":{"name":"anja.hall","@id":"https:\/\/www.immobilienbusiness.ch\/#\/schema\/person\/3fc036297b10b9f42d6db5ee932af8c8"},"headline":"Raiffeisen Futura: \u00dcberzeichnete Kapitalerh\u00f6hung","datePublished":"2021-09-20T06:14:39+00:00","dateModified":"2021-11-15T14:08:08+00:00","mainEntityOfPage":{"@id":"https:\/\/www.immobilienbusiness.ch\/en\/residential\/2021-09-20\/raiffeisen-futura-ueberzeichnete-kapitalerhoehung\/"},"wordCount":124,"publisher":{"@id":"https:\/\/www.immobilienbusiness.ch\/#organization"},"image":{"@id":"https:\/\/www.immobilienbusiness.ch\/en\/residential\/2021-09-20\/raiffeisen-futura-ueberzeichnete-kapitalerhoehung\/#primaryimage"},"thumbnailUrl":"https:\/\/www.immobilienbusiness.ch\/wp-content\/uploads\/2019\/01\/Depositphotos_79481102_m-2015.jpg","keywords":["Immobilienfonds","Kapitalerh\u00f6hung","Raiffeisen"],"articleSection":["RESIDENTIAL"],"inLanguage":"de"},{"@type":"WebPage","@id":"https:\/\/www.immobilienbusiness.ch\/en\/residential\/2021-09-20\/raiffeisen-futura-ueberzeichnete-kapitalerhoehung\/","url":"https:\/\/www.immobilienbusiness.ch\/en\/residential\/2021-09-20\/raiffeisen-futura-ueberzeichnete-kapitalerhoehung\/","name":"Raiffeisen Futura: \u00dcberzeichnete Kapitalerh\u00f6hung - IMMOBILIEN Business","isPartOf":{"@id":"https:\/\/www.immobilienbusiness.ch\/#website"},"primaryImageOfPage":{"@id":"https:\/\/www.immobilienbusiness.ch\/en\/residential\/2021-09-20\/raiffeisen-futura-ueberzeichnete-kapitalerhoehung\/#primaryimage"},"image":{"@id":"https:\/\/www.immobilienbusiness.ch\/en\/residential\/2021-09-20\/raiffeisen-futura-ueberzeichnete-kapitalerhoehung\/#primaryimage"},"thumbnailUrl":"https:\/\/www.immobilienbusiness.ch\/wp-content\/uploads\/2019\/01\/Depositphotos_79481102_m-2015.jpg","datePublished":"2021-09-20T06:14:39+00:00","dateModified":"2021-11-15T14:08:08+00:00","description":"Der Raiffeisen Futura Immo Fonds hat bei seiner Kapitalerh\u00f6hung 40 Mio. CHF eingesammelt. Die Emission war deutlich \u00fcberzeichnet, so die Fondsleitung.","breadcrumb":{"@id":"https:\/\/www.immobilienbusiness.ch\/en\/residential\/2021-09-20\/raiffeisen-futura-ueberzeichnete-kapitalerhoehung\/#breadcrumb"},"inLanguage":"de","potentialAction":[{"@type":"ReadAction","target":["https:\/\/www.immobilienbusiness.ch\/en\/residential\/2021-09-20\/raiffeisen-futura-ueberzeichnete-kapitalerhoehung\/"]}]},{"@type":"ImageObject","inLanguage":"de","@id":"https:\/\/www.immobilienbusiness.ch\/en\/residential\/2021-09-20\/raiffeisen-futura-ueberzeichnete-kapitalerhoehung\/#primaryimage","url":"https:\/\/www.immobilienbusiness.ch\/wp-content\/uploads\/2019\/01\/Depositphotos_79481102_m-2015.jpg","contentUrl":"https:\/\/www.immobilienbusiness.ch\/wp-content\/uploads\/2019\/01\/Depositphotos_79481102_m-2015.jpg","width":1000,"height":662,"caption":"Die Swiss Prime AST hat Halbjahreszahlen f\u00fcr ihre Anlagegruppen vorgelegt (Bild: Photocreo - depositphotos)"},{"@type":"BreadcrumbList","@id":"https:\/\/www.immobilienbusiness.ch\/en\/residential\/2021-09-20\/raiffeisen-futura-ueberzeichnete-kapitalerhoehung\/#breadcrumb","itemListElement":[{"@type":"ListItem","position":1,"name":"Home","item":"https:\/\/www.immobilienbusiness.ch\/"},{"@type":"ListItem","position":2,"name":"Raiffeisen Futura: \u00dcberzeichnete Kapitalerh\u00f6hung"}]},{"@type":"WebSite","@id":"https:\/\/www.immobilienbusiness.ch\/#website","url":"https:\/\/www.immobilienbusiness.ch\/","name":"IMMOBILIEN Business","description":"Unabh\u00e4ngiges Schweizer Wirtschaftsmagazin mit Fokus auf Immobilien, Architektur- und Bau sowie Investment- und Finanzierung.","publisher":{"@id":"https:\/\/www.immobilienbusiness.ch\/#organization"},"potentialAction":[{"@type":"SearchAction","target":{"@type":"EntryPoint","urlTemplate":"https:\/\/www.immobilienbusiness.ch\/?s={search_term_string}"},"query-input":{"@type":"PropertyValueSpecification","valueRequired":true,"valueName":"search_term_string"}}],"inLanguage":"de"},{"@type":"Organization","@id":"https:\/\/www.immobilienbusiness.ch\/#organization","name":"IMMOBILIEN Business","url":"https:\/\/www.immobilienbusiness.ch\/","logo":{"@type":"ImageObject","inLanguage":"de","@id":"https:\/\/www.immobilienbusiness.ch\/#\/schema\/logo\/image\/","url":"https:\/\/www.immobilienbusiness.ch\/wp-content\/uploads\/2021\/07\/logo_ib.png","contentUrl":"https:\/\/www.immobilienbusiness.ch\/wp-content\/uploads\/2021\/07\/logo_ib.png","width":800,"height":181,"caption":"IMMOBILIEN Business"},"image":{"@id":"https:\/\/www.immobilienbusiness.ch\/#\/schema\/logo\/image\/"},"sameAs":["https:\/\/www.facebook.com\/immobilienbusiness\/"]},{"@type":"Person","@id":"https:\/\/www.immobilienbusiness.ch\/#\/schema\/person\/3fc036297b10b9f42d6db5ee932af8c8","name":"anja.hall","image":{"@type":"ImageObject","inLanguage":"de","@id":"https:\/\/secure.gravatar.com\/avatar\/066b5a0d447013502c71a5782f4f3469f03cfe595cc2329fb94652fe47511bfb?s=96&d=mm&r=g","url":"https:\/\/secure.gravatar.com\/avatar\/066b5a0d447013502c71a5782f4f3469f03cfe595cc2329fb94652fe47511bfb?s=96&d=mm&r=g","contentUrl":"https:\/\/secure.gravatar.com\/avatar\/066b5a0d447013502c71a5782f4f3469f03cfe595cc2329fb94652fe47511bfb?s=96&d=mm&r=g","caption":"anja.hall"},"url":"https:\/\/www.immobilienbusiness.ch\/de\/author\/anja-hall\/"}]}},"_links":{"self":[{"href":"https:\/\/www.immobilienbusiness.ch\/de\/wp-json\/wp\/v2\/posts\/38329","targetHints":{"allow":["GET"]}}],"collection":[{"href":"https:\/\/www.immobilienbusiness.ch\/de\/wp-json\/wp\/v2\/posts"}],"about":[{"href":"https:\/\/www.immobilienbusiness.ch\/de\/wp-json\/wp\/v2\/types\/post"}],"author":[{"embeddable":true,"href":"https:\/\/www.immobilienbusiness.ch\/de\/wp-json\/wp\/v2\/users\/3"}],"replies":[{"embeddable":true,"href":"https:\/\/www.immobilienbusiness.ch\/de\/wp-json\/wp\/v2\/comments?post=38329"}],"version-history":[{"count":1,"href":"https:\/\/www.immobilienbusiness.ch\/de\/wp-json\/wp\/v2\/posts\/38329\/revisions"}],"predecessor-version":[{"id":38330,"href":"https:\/\/www.immobilienbusiness.ch\/de\/wp-json\/wp\/v2\/posts\/38329\/revisions\/38330"}],"wp:featuredmedia":[{"embeddable":true,"href":"https:\/\/www.immobilienbusiness.ch\/de\/wp-json\/wp\/v2\/media\/15533"}],"wp:attachment":[{"href":"https:\/\/www.immobilienbusiness.ch\/de\/wp-json\/wp\/v2\/media?parent=38329"}],"wp:term":[{"taxonomy":"category","embeddable":true,"href":"https:\/\/www.immobilienbusiness.ch\/de\/wp-json\/wp\/v2\/categories?post=38329"},{"taxonomy":"post_tag","embeddable":true,"href":"https:\/\/www.immobilienbusiness.ch\/de\/wp-json\/wp\/v2\/tags?post=38329"}],"curies":[{"name":"wp","href":"https:\/\/api.w.org\/{rel}","templated":true}]}}