{"id":38319,"date":"2021-09-17T08:00:48","date_gmt":"2021-09-17T06:00:48","guid":{"rendered":"https:\/\/www.immobilienbusiness.ch\/?p=38319"},"modified":"2021-09-23T09:14:09","modified_gmt":"2021-09-23T07:14:09","slug":"basel-portfoliomanagement-bei-ibs-unter-neuer-leitung","status":"publish","type":"post","link":"https:\/\/www.immobilienbusiness.ch\/de\/personalia\/2021-09-17\/basel-portfoliomanagement-bei-ibs-unter-neuer-leitung\/","title":{"rendered":"Basel: Portfoliomanagement bei IBS unter neuer Leitung"},"content":{"rendered":"<figure id=\"attachment_38320\" aria-describedby=\"caption-attachment-38320\" style=\"width: 1400px\" class=\"wp-caption alignnone\"><img loading=\"lazy\" decoding=\"async\" class=\"wp-image-38320 size-full\" src=\"https:\/\/www.immobilienbusiness.ch\/wp-content\/uploads\/2021\/09\/Jonathan_Koellreuter.jpg\" alt=\"\" width=\"1400\" height=\"932\" srcset=\"https:\/\/www.immobilienbusiness.ch\/wp-content\/uploads\/2021\/09\/Jonathan_Koellreuter.jpg 1400w, https:\/\/www.immobilienbusiness.ch\/wp-content\/uploads\/2021\/09\/Jonathan_Koellreuter-300x200.jpg 300w, https:\/\/www.immobilienbusiness.ch\/wp-content\/uploads\/2021\/09\/Jonathan_Koellreuter-1024x682.jpg 1024w, https:\/\/www.immobilienbusiness.ch\/wp-content\/uploads\/2021\/09\/Jonathan_Koellreuter-768x511.jpg 768w, https:\/\/www.immobilienbusiness.ch\/wp-content\/uploads\/2021\/09\/Jonathan_Koellreuter-16x12.jpg 16w, https:\/\/www.immobilienbusiness.ch\/wp-content\/uploads\/2021\/09\/Jonathan_Koellreuter-263x175.jpg 263w, https:\/\/www.immobilienbusiness.ch\/wp-content\/uploads\/2021\/09\/Jonathan_Koellreuter-526x350.jpg 526w, https:\/\/www.immobilienbusiness.ch\/wp-content\/uploads\/2021\/09\/Jonathan_Koellreuter-1202x800.jpg 1202w, https:\/\/www.immobilienbusiness.ch\/wp-content\/uploads\/2021\/09\/Jonathan_Koellreuter-920x612.jpg 920w\" sizes=\"auto, (max-width: 1400px) 100vw, 1400px\" \/><figcaption id=\"caption-attachment-38320\" class=\"wp-caption-text\">Jonathan Koellreuter (Quelle: Kanton Basel-Stadt)<\/figcaption><\/figure>\n<p>Jonathan Koellreuter tritt seine neue Position zum 1. Oktober 2021 an. Er \u00fcbernimmt die Leitung der Portfoliomanagement-Abteilungen Verwaltungsverm\u00f6gen, Finanzverm\u00f6gen und Immobilien-Direktanlagen sowie der Abteilung Entwicklung. Die jetzige Leiterin des Bereichs Barbara Rentsch ist zur neuen Gesch\u00e4ftsleiterin von IBS ernannt worden.<\/p>\n<p>Koellreuter ist Architekt und seit 2017 f\u00fcr Immobilien Basel-Stadt (IBS) t\u00e4tig. Dort hat er die Abteilung Entwicklung im Portfoliomanagement aufgebaut und mit seinem Team mehrere Arealstrategien erarbeitet und umgesetzt. Vor seiner Anstellung bei IBS war Koellreuter \u00fcber sechs Jahre bei der Christoph Merian Stiftung t\u00e4tig, zuletzt als Leiter Entwicklung und Portfoliomanagement. Zuvor arbeitete er u.a. als Consultant bei W\u00fcest Partner und in mehreren Architekturb\u00fcros.<\/p>\n","protected":false},"excerpt":{"rendered":"<p>Jonathan Koellreuter wird neuer Leiter des Portfoliomanagements bei Immobilien Basel-Stadt (IBS). Der Bereich ist f\u00fcr die strategische Portfolioplanung, Projektentwicklungen sowie f\u00fcr Bauprojekte und Transaktionen zust\u00e4ndig. <\/p>\n","protected":false},"author":3,"featured_media":38320,"comment_status":"closed","ping_status":"closed","sticky":false,"template":"","format":"standard","meta":{"_acf_changed":false,"_yoast_wpseo_focuskw":"IBS","_yoast_wpseo_title":"","_yoast_wpseo_metadesc":"Jonathan Koellreuter wird neuer Leiter des Portfoliomanagements bei Immobilien Basel-Stadt (IBS).","_yoast_wpseo_linkdex":49,"pgc_sgb_lightbox_settings":"","footnotes":""},"categories":[1912],"tags":[1071,1563],"class_list":["post-38319","post","type-post","status-publish","format-standard","has-post-thumbnail","hentry","category-personalia","tag-basel-stadt","tag-personalia"],"acf":[],"yoast_head":"<!-- This site is optimized with the Yoast SEO plugin v27.4 - https:\/\/yoast.com\/product\/yoast-seo-wordpress\/ -->\n<title>Basel: Portfoliomanagement bei IBS unter neuer Leitung - IMMOBILIEN Business<\/title>\n<meta name=\"description\" content=\"Jonathan Koellreuter wird neuer Leiter des Portfoliomanagements bei Immobilien Basel-Stadt (IBS).\" \/>\n<meta name=\"robots\" content=\"index, follow, max-snippet:-1, max-image-preview:large, max-video-preview:-1\" \/>\n<link rel=\"canonical\" href=\"https:\/\/www.immobilienbusiness.ch\/de\/personalia\/2021-09-17\/basel-portfoliomanagement-bei-ibs-unter-neuer-leitung\/\" \/>\n<meta property=\"og:locale\" content=\"de_DE\" \/>\n<meta property=\"og:type\" content=\"article\" \/>\n<meta property=\"og:title\" content=\"Basel: Portfoliomanagement bei IBS unter neuer Leitung - IMMOBILIEN Business\" \/>\n<meta property=\"og:description\" content=\"Jonathan Koellreuter wird neuer Leiter des Portfoliomanagements bei Immobilien Basel-Stadt (IBS).\" \/>\n<meta property=\"og:url\" content=\"https:\/\/www.immobilienbusiness.ch\/de\/personalia\/2021-09-17\/basel-portfoliomanagement-bei-ibs-unter-neuer-leitung\/\" \/>\n<meta property=\"og:site_name\" content=\"IMMOBILIEN Business\" \/>\n<meta property=\"article:publisher\" content=\"https:\/\/www.facebook.com\/immobilienbusiness\/\" \/>\n<meta property=\"article:published_time\" content=\"2021-09-17T06:00:48+00:00\" \/>\n<meta property=\"article:modified_time\" content=\"2021-09-23T07:14:09+00:00\" \/>\n<meta property=\"og:image\" content=\"https:\/\/www.immobilienbusiness.ch\/wp-content\/uploads\/2021\/09\/Jonathan_Koellreuter.jpg\" \/>\n\t<meta property=\"og:image:width\" content=\"1400\" \/>\n\t<meta property=\"og:image:height\" content=\"932\" \/>\n\t<meta property=\"og:image:type\" content=\"image\/jpeg\" \/>\n<meta name=\"author\" content=\"anja.hall\" \/>\n<meta name=\"twitter:card\" content=\"summary_large_image\" \/>\n<meta name=\"twitter:image\" content=\"https:\/\/www.immobilienbusiness.ch\/wp-content\/uploads\/2021\/09\/Jonathan_Koellreuter.jpg\" \/>\n<script type=\"application\/ld+json\" class=\"yoast-schema-graph\">{\"@context\":\"https:\\\/\\\/schema.org\",\"@graph\":[{\"@type\":\"Article\",\"@id\":\"https:\\\/\\\/www.immobilienbusiness.ch\\\/de\\\/personalia\\\/2021-09-17\\\/basel-portfoliomanagement-bei-ibs-unter-neuer-leitung\\\/#article\",\"isPartOf\":{\"@id\":\"https:\\\/\\\/www.immobilienbusiness.ch\\\/de\\\/personalia\\\/2021-09-17\\\/basel-portfoliomanagement-bei-ibs-unter-neuer-leitung\\\/\"},\"author\":{\"name\":\"anja.hall\",\"@id\":\"https:\\\/\\\/www.immobilienbusiness.ch\\\/#\\\/schema\\\/person\\\/3fc036297b10b9f42d6db5ee932af8c8\"},\"headline\":\"Basel: Portfoliomanagement bei IBS unter neuer Leitung\",\"datePublished\":\"2021-09-17T06:00:48+00:00\",\"dateModified\":\"2021-09-23T07:14:09+00:00\",\"mainEntityOfPage\":{\"@id\":\"https:\\\/\\\/www.immobilienbusiness.ch\\\/de\\\/personalia\\\/2021-09-17\\\/basel-portfoliomanagement-bei-ibs-unter-neuer-leitung\\\/\"},\"wordCount\":129,\"publisher\":{\"@id\":\"https:\\\/\\\/www.immobilienbusiness.ch\\\/#organization\"},\"image\":{\"@id\":\"https:\\\/\\\/www.immobilienbusiness.ch\\\/de\\\/personalia\\\/2021-09-17\\\/basel-portfoliomanagement-bei-ibs-unter-neuer-leitung\\\/#primaryimage\"},\"thumbnailUrl\":\"https:\\\/\\\/www.immobilienbusiness.ch\\\/wp-content\\\/uploads\\\/2021\\\/09\\\/Jonathan_Koellreuter.jpg\",\"keywords\":[\"Basel-Stadt\",\"Personalia\"],\"articleSection\":[\"PERSONALIA\"],\"inLanguage\":\"de\"},{\"@type\":\"WebPage\",\"@id\":\"https:\\\/\\\/www.immobilienbusiness.ch\\\/de\\\/personalia\\\/2021-09-17\\\/basel-portfoliomanagement-bei-ibs-unter-neuer-leitung\\\/\",\"url\":\"https:\\\/\\\/www.immobilienbusiness.ch\\\/de\\\/personalia\\\/2021-09-17\\\/basel-portfoliomanagement-bei-ibs-unter-neuer-leitung\\\/\",\"name\":\"Basel: Portfoliomanagement bei IBS unter neuer Leitung - IMMOBILIEN Business\",\"isPartOf\":{\"@id\":\"https:\\\/\\\/www.immobilienbusiness.ch\\\/#website\"},\"primaryImageOfPage\":{\"@id\":\"https:\\\/\\\/www.immobilienbusiness.ch\\\/de\\\/personalia\\\/2021-09-17\\\/basel-portfoliomanagement-bei-ibs-unter-neuer-leitung\\\/#primaryimage\"},\"image\":{\"@id\":\"https:\\\/\\\/www.immobilienbusiness.ch\\\/de\\\/personalia\\\/2021-09-17\\\/basel-portfoliomanagement-bei-ibs-unter-neuer-leitung\\\/#primaryimage\"},\"thumbnailUrl\":\"https:\\\/\\\/www.immobilienbusiness.ch\\\/wp-content\\\/uploads\\\/2021\\\/09\\\/Jonathan_Koellreuter.jpg\",\"datePublished\":\"2021-09-17T06:00:48+00:00\",\"dateModified\":\"2021-09-23T07:14:09+00:00\",\"description\":\"Jonathan Koellreuter wird neuer Leiter des Portfoliomanagements bei Immobilien Basel-Stadt (IBS).\",\"breadcrumb\":{\"@id\":\"https:\\\/\\\/www.immobilienbusiness.ch\\\/de\\\/personalia\\\/2021-09-17\\\/basel-portfoliomanagement-bei-ibs-unter-neuer-leitung\\\/#breadcrumb\"},\"inLanguage\":\"de\",\"potentialAction\":[{\"@type\":\"ReadAction\",\"target\":[\"https:\\\/\\\/www.immobilienbusiness.ch\\\/de\\\/personalia\\\/2021-09-17\\\/basel-portfoliomanagement-bei-ibs-unter-neuer-leitung\\\/\"]}]},{\"@type\":\"ImageObject\",\"inLanguage\":\"de\",\"@id\":\"https:\\\/\\\/www.immobilienbusiness.ch\\\/de\\\/personalia\\\/2021-09-17\\\/basel-portfoliomanagement-bei-ibs-unter-neuer-leitung\\\/#primaryimage\",\"url\":\"https:\\\/\\\/www.immobilienbusiness.ch\\\/wp-content\\\/uploads\\\/2021\\\/09\\\/Jonathan_Koellreuter.jpg\",\"contentUrl\":\"https:\\\/\\\/www.immobilienbusiness.ch\\\/wp-content\\\/uploads\\\/2021\\\/09\\\/Jonathan_Koellreuter.jpg\",\"width\":1400,\"height\":932,\"caption\":\"Jonathan Koellreuter (Quelle: Kanton Basel-Stadt)\"},{\"@type\":\"BreadcrumbList\",\"@id\":\"https:\\\/\\\/www.immobilienbusiness.ch\\\/de\\\/personalia\\\/2021-09-17\\\/basel-portfoliomanagement-bei-ibs-unter-neuer-leitung\\\/#breadcrumb\",\"itemListElement\":[{\"@type\":\"ListItem\",\"position\":1,\"name\":\"Home\",\"item\":\"https:\\\/\\\/www.immobilienbusiness.ch\\\/\"},{\"@type\":\"ListItem\",\"position\":2,\"name\":\"Basel: Portfoliomanagement bei IBS unter neuer Leitung\"}]},{\"@type\":\"WebSite\",\"@id\":\"https:\\\/\\\/www.immobilienbusiness.ch\\\/#website\",\"url\":\"https:\\\/\\\/www.immobilienbusiness.ch\\\/\",\"name\":\"IMMOBILIEN Business\",\"description\":\"Unabh\u00e4ngiges Schweizer Wirtschaftsmagazin mit Fokus auf Immobilien, Architektur- und Bau sowie Investment- und Finanzierung.\",\"publisher\":{\"@id\":\"https:\\\/\\\/www.immobilienbusiness.ch\\\/#organization\"},\"potentialAction\":[{\"@type\":\"SearchAction\",\"target\":{\"@type\":\"EntryPoint\",\"urlTemplate\":\"https:\\\/\\\/www.immobilienbusiness.ch\\\/?s={search_term_string}\"},\"query-input\":{\"@type\":\"PropertyValueSpecification\",\"valueRequired\":true,\"valueName\":\"search_term_string\"}}],\"inLanguage\":\"de\"},{\"@type\":\"Organization\",\"@id\":\"https:\\\/\\\/www.immobilienbusiness.ch\\\/#organization\",\"name\":\"IMMOBILIEN Business\",\"url\":\"https:\\\/\\\/www.immobilienbusiness.ch\\\/\",\"logo\":{\"@type\":\"ImageObject\",\"inLanguage\":\"de\",\"@id\":\"https:\\\/\\\/www.immobilienbusiness.ch\\\/#\\\/schema\\\/logo\\\/image\\\/\",\"url\":\"https:\\\/\\\/www.immobilienbusiness.ch\\\/wp-content\\\/uploads\\\/2021\\\/07\\\/logo_ib.png\",\"contentUrl\":\"https:\\\/\\\/www.immobilienbusiness.ch\\\/wp-content\\\/uploads\\\/2021\\\/07\\\/logo_ib.png\",\"width\":800,\"height\":181,\"caption\":\"IMMOBILIEN Business\"},\"image\":{\"@id\":\"https:\\\/\\\/www.immobilienbusiness.ch\\\/#\\\/schema\\\/logo\\\/image\\\/\"},\"sameAs\":[\"https:\\\/\\\/www.facebook.com\\\/immobilienbusiness\\\/\"]},{\"@type\":\"Person\",\"@id\":\"https:\\\/\\\/www.immobilienbusiness.ch\\\/#\\\/schema\\\/person\\\/3fc036297b10b9f42d6db5ee932af8c8\",\"name\":\"anja.hall\",\"image\":{\"@type\":\"ImageObject\",\"inLanguage\":\"de\",\"@id\":\"https:\\\/\\\/secure.gravatar.com\\\/avatar\\\/066b5a0d447013502c71a5782f4f3469f03cfe595cc2329fb94652fe47511bfb?s=96&d=mm&r=g\",\"url\":\"https:\\\/\\\/secure.gravatar.com\\\/avatar\\\/066b5a0d447013502c71a5782f4f3469f03cfe595cc2329fb94652fe47511bfb?s=96&d=mm&r=g\",\"contentUrl\":\"https:\\\/\\\/secure.gravatar.com\\\/avatar\\\/066b5a0d447013502c71a5782f4f3469f03cfe595cc2329fb94652fe47511bfb?s=96&d=mm&r=g\",\"caption\":\"anja.hall\"},\"url\":\"https:\\\/\\\/www.immobilienbusiness.ch\\\/de\\\/author\\\/anja-hall\\\/\"}]}<\/script>\n<!-- \/ Yoast SEO plugin. -->","yoast_head_json":{"title":"Basel: Portfoliomanagement bei IBS unter neuer Leitung - IMMOBILIEN Business","description":"Jonathan Koellreuter wird neuer Leiter des Portfoliomanagements bei Immobilien Basel-Stadt (IBS).","robots":{"index":"index","follow":"follow","max-snippet":"max-snippet:-1","max-image-preview":"max-image-preview:large","max-video-preview":"max-video-preview:-1"},"canonical":"https:\/\/www.immobilienbusiness.ch\/de\/personalia\/2021-09-17\/basel-portfoliomanagement-bei-ibs-unter-neuer-leitung\/","og_locale":"de_DE","og_type":"article","og_title":"Basel: Portfoliomanagement bei IBS unter neuer Leitung - IMMOBILIEN Business","og_description":"Jonathan Koellreuter wird neuer Leiter des Portfoliomanagements bei Immobilien Basel-Stadt (IBS).","og_url":"https:\/\/www.immobilienbusiness.ch\/de\/personalia\/2021-09-17\/basel-portfoliomanagement-bei-ibs-unter-neuer-leitung\/","og_site_name":"IMMOBILIEN Business","article_publisher":"https:\/\/www.facebook.com\/immobilienbusiness\/","article_published_time":"2021-09-17T06:00:48+00:00","article_modified_time":"2021-09-23T07:14:09+00:00","og_image":[{"width":1400,"height":932,"url":"https:\/\/www.immobilienbusiness.ch\/wp-content\/uploads\/2021\/09\/Jonathan_Koellreuter.jpg","type":"image\/jpeg"}],"author":"anja.hall","twitter_card":"summary_large_image","twitter_image":"https:\/\/www.immobilienbusiness.ch\/wp-content\/uploads\/2021\/09\/Jonathan_Koellreuter.jpg","schema":{"@context":"https:\/\/schema.org","@graph":[{"@type":"Article","@id":"https:\/\/www.immobilienbusiness.ch\/de\/personalia\/2021-09-17\/basel-portfoliomanagement-bei-ibs-unter-neuer-leitung\/#article","isPartOf":{"@id":"https:\/\/www.immobilienbusiness.ch\/de\/personalia\/2021-09-17\/basel-portfoliomanagement-bei-ibs-unter-neuer-leitung\/"},"author":{"name":"anja.hall","@id":"https:\/\/www.immobilienbusiness.ch\/#\/schema\/person\/3fc036297b10b9f42d6db5ee932af8c8"},"headline":"Basel: Portfoliomanagement bei IBS unter neuer Leitung","datePublished":"2021-09-17T06:00:48+00:00","dateModified":"2021-09-23T07:14:09+00:00","mainEntityOfPage":{"@id":"https:\/\/www.immobilienbusiness.ch\/de\/personalia\/2021-09-17\/basel-portfoliomanagement-bei-ibs-unter-neuer-leitung\/"},"wordCount":129,"publisher":{"@id":"https:\/\/www.immobilienbusiness.ch\/#organization"},"image":{"@id":"https:\/\/www.immobilienbusiness.ch\/de\/personalia\/2021-09-17\/basel-portfoliomanagement-bei-ibs-unter-neuer-leitung\/#primaryimage"},"thumbnailUrl":"https:\/\/www.immobilienbusiness.ch\/wp-content\/uploads\/2021\/09\/Jonathan_Koellreuter.jpg","keywords":["Basel-Stadt","Personalia"],"articleSection":["PERSONALIA"],"inLanguage":"de"},{"@type":"WebPage","@id":"https:\/\/www.immobilienbusiness.ch\/de\/personalia\/2021-09-17\/basel-portfoliomanagement-bei-ibs-unter-neuer-leitung\/","url":"https:\/\/www.immobilienbusiness.ch\/de\/personalia\/2021-09-17\/basel-portfoliomanagement-bei-ibs-unter-neuer-leitung\/","name":"Basel: Portfoliomanagement bei IBS unter neuer Leitung - IMMOBILIEN Business","isPartOf":{"@id":"https:\/\/www.immobilienbusiness.ch\/#website"},"primaryImageOfPage":{"@id":"https:\/\/www.immobilienbusiness.ch\/de\/personalia\/2021-09-17\/basel-portfoliomanagement-bei-ibs-unter-neuer-leitung\/#primaryimage"},"image":{"@id":"https:\/\/www.immobilienbusiness.ch\/de\/personalia\/2021-09-17\/basel-portfoliomanagement-bei-ibs-unter-neuer-leitung\/#primaryimage"},"thumbnailUrl":"https:\/\/www.immobilienbusiness.ch\/wp-content\/uploads\/2021\/09\/Jonathan_Koellreuter.jpg","datePublished":"2021-09-17T06:00:48+00:00","dateModified":"2021-09-23T07:14:09+00:00","description":"Jonathan Koellreuter wird neuer Leiter des Portfoliomanagements bei Immobilien Basel-Stadt (IBS).","breadcrumb":{"@id":"https:\/\/www.immobilienbusiness.ch\/de\/personalia\/2021-09-17\/basel-portfoliomanagement-bei-ibs-unter-neuer-leitung\/#breadcrumb"},"inLanguage":"de","potentialAction":[{"@type":"ReadAction","target":["https:\/\/www.immobilienbusiness.ch\/de\/personalia\/2021-09-17\/basel-portfoliomanagement-bei-ibs-unter-neuer-leitung\/"]}]},{"@type":"ImageObject","inLanguage":"de","@id":"https:\/\/www.immobilienbusiness.ch\/de\/personalia\/2021-09-17\/basel-portfoliomanagement-bei-ibs-unter-neuer-leitung\/#primaryimage","url":"https:\/\/www.immobilienbusiness.ch\/wp-content\/uploads\/2021\/09\/Jonathan_Koellreuter.jpg","contentUrl":"https:\/\/www.immobilienbusiness.ch\/wp-content\/uploads\/2021\/09\/Jonathan_Koellreuter.jpg","width":1400,"height":932,"caption":"Jonathan Koellreuter (Quelle: Kanton Basel-Stadt)"},{"@type":"BreadcrumbList","@id":"https:\/\/www.immobilienbusiness.ch\/de\/personalia\/2021-09-17\/basel-portfoliomanagement-bei-ibs-unter-neuer-leitung\/#breadcrumb","itemListElement":[{"@type":"ListItem","position":1,"name":"Home","item":"https:\/\/www.immobilienbusiness.ch\/"},{"@type":"ListItem","position":2,"name":"Basel: Portfoliomanagement bei IBS unter neuer Leitung"}]},{"@type":"WebSite","@id":"https:\/\/www.immobilienbusiness.ch\/#website","url":"https:\/\/www.immobilienbusiness.ch\/","name":"IMMOBILIEN Business","description":"Unabh\u00e4ngiges Schweizer Wirtschaftsmagazin mit Fokus auf Immobilien, Architektur- und Bau sowie Investment- und Finanzierung.","publisher":{"@id":"https:\/\/www.immobilienbusiness.ch\/#organization"},"potentialAction":[{"@type":"SearchAction","target":{"@type":"EntryPoint","urlTemplate":"https:\/\/www.immobilienbusiness.ch\/?s={search_term_string}"},"query-input":{"@type":"PropertyValueSpecification","valueRequired":true,"valueName":"search_term_string"}}],"inLanguage":"de"},{"@type":"Organization","@id":"https:\/\/www.immobilienbusiness.ch\/#organization","name":"IMMOBILIEN Business","url":"https:\/\/www.immobilienbusiness.ch\/","logo":{"@type":"ImageObject","inLanguage":"de","@id":"https:\/\/www.immobilienbusiness.ch\/#\/schema\/logo\/image\/","url":"https:\/\/www.immobilienbusiness.ch\/wp-content\/uploads\/2021\/07\/logo_ib.png","contentUrl":"https:\/\/www.immobilienbusiness.ch\/wp-content\/uploads\/2021\/07\/logo_ib.png","width":800,"height":181,"caption":"IMMOBILIEN Business"},"image":{"@id":"https:\/\/www.immobilienbusiness.ch\/#\/schema\/logo\/image\/"},"sameAs":["https:\/\/www.facebook.com\/immobilienbusiness\/"]},{"@type":"Person","@id":"https:\/\/www.immobilienbusiness.ch\/#\/schema\/person\/3fc036297b10b9f42d6db5ee932af8c8","name":"anja.hall","image":{"@type":"ImageObject","inLanguage":"de","@id":"https:\/\/secure.gravatar.com\/avatar\/066b5a0d447013502c71a5782f4f3469f03cfe595cc2329fb94652fe47511bfb?s=96&d=mm&r=g","url":"https:\/\/secure.gravatar.com\/avatar\/066b5a0d447013502c71a5782f4f3469f03cfe595cc2329fb94652fe47511bfb?s=96&d=mm&r=g","contentUrl":"https:\/\/secure.gravatar.com\/avatar\/066b5a0d447013502c71a5782f4f3469f03cfe595cc2329fb94652fe47511bfb?s=96&d=mm&r=g","caption":"anja.hall"},"url":"https:\/\/www.immobilienbusiness.ch\/de\/author\/anja-hall\/"}]}},"_links":{"self":[{"href":"https:\/\/www.immobilienbusiness.ch\/de\/wp-json\/wp\/v2\/posts\/38319","targetHints":{"allow":["GET"]}}],"collection":[{"href":"https:\/\/www.immobilienbusiness.ch\/de\/wp-json\/wp\/v2\/posts"}],"about":[{"href":"https:\/\/www.immobilienbusiness.ch\/de\/wp-json\/wp\/v2\/types\/post"}],"author":[{"embeddable":true,"href":"https:\/\/www.immobilienbusiness.ch\/de\/wp-json\/wp\/v2\/users\/3"}],"replies":[{"embeddable":true,"href":"https:\/\/www.immobilienbusiness.ch\/de\/wp-json\/wp\/v2\/comments?post=38319"}],"version-history":[{"count":2,"href":"https:\/\/www.immobilienbusiness.ch\/de\/wp-json\/wp\/v2\/posts\/38319\/revisions"}],"predecessor-version":[{"id":38355,"href":"https:\/\/www.immobilienbusiness.ch\/de\/wp-json\/wp\/v2\/posts\/38319\/revisions\/38355"}],"wp:featuredmedia":[{"embeddable":true,"href":"https:\/\/www.immobilienbusiness.ch\/de\/wp-json\/wp\/v2\/media\/38320"}],"wp:attachment":[{"href":"https:\/\/www.immobilienbusiness.ch\/de\/wp-json\/wp\/v2\/media?parent=38319"}],"wp:term":[{"taxonomy":"category","embeddable":true,"href":"https:\/\/www.immobilienbusiness.ch\/de\/wp-json\/wp\/v2\/categories?post=38319"},{"taxonomy":"post_tag","embeddable":true,"href":"https:\/\/www.immobilienbusiness.ch\/de\/wp-json\/wp\/v2\/tags?post=38319"}],"curies":[{"name":"wp","href":"https:\/\/api.w.org\/{rel}","templated":true}]}}