{"id":38043,"date":"2021-08-18T08:08:52","date_gmt":"2021-08-18T06:08:52","guid":{"rendered":"https:\/\/www.immobilienbusiness.ch\/?p=38043"},"modified":"2021-08-19T10:40:19","modified_gmt":"2021-08-19T08:40:19","slug":"bern-baustart-fuer-die-bleikenmatt-rueckt-naeher","status":"publish","type":"post","link":"https:\/\/www.immobilienbusiness.ch\/de\/regionen\/2021-08-18\/bern-baustart-fuer-die-bleikenmatt-rueckt-naeher\/","title":{"rendered":"Bern: Baustart f\u00fcr die Bleikenmatt r\u00fcckt n\u00e4her"},"content":{"rendered":"<figure id=\"attachment_38044\" aria-describedby=\"caption-attachment-38044\" style=\"width: 1384px\" class=\"wp-caption alignnone\"><img loading=\"lazy\" decoding=\"async\" class=\"wp-image-38044 size-full\" src=\"https:\/\/www.immobilienbusiness.ch\/wp-content\/uploads\/2021\/08\/Kehrsatz.jpg\" alt=\"\" width=\"1384\" height=\"923\" srcset=\"https:\/\/www.immobilienbusiness.ch\/wp-content\/uploads\/2021\/08\/Kehrsatz.jpg 1384w, https:\/\/www.immobilienbusiness.ch\/wp-content\/uploads\/2021\/08\/Kehrsatz-300x200.jpg 300w, https:\/\/www.immobilienbusiness.ch\/wp-content\/uploads\/2021\/08\/Kehrsatz-1024x683.jpg 1024w, https:\/\/www.immobilienbusiness.ch\/wp-content\/uploads\/2021\/08\/Kehrsatz-768x512.jpg 768w, https:\/\/www.immobilienbusiness.ch\/wp-content\/uploads\/2021\/08\/Kehrsatz-16x12.jpg 16w, https:\/\/www.immobilienbusiness.ch\/wp-content\/uploads\/2021\/08\/Kehrsatz-262x175.jpg 262w, https:\/\/www.immobilienbusiness.ch\/wp-content\/uploads\/2021\/08\/Kehrsatz-525x350.jpg 525w, https:\/\/www.immobilienbusiness.ch\/wp-content\/uploads\/2021\/08\/Kehrsatz-1200x800.jpg 1200w, https:\/\/www.immobilienbusiness.ch\/wp-content\/uploads\/2021\/08\/Kehrsatz-920x614.jpg 920w\" sizes=\"auto, (max-width: 1384px) 100vw, 1384px\" \/><figcaption id=\"caption-attachment-38044\" class=\"wp-caption-text\">Visualisierung der \u00dcberbauung Bleikenmatt in Kehrsatz (Bild: zVg thomasgraf ag)<\/figcaption><\/figure>\n<p>Nachdem die Baubewilligung erteilt wurde, geht das Wohnprojekt Bleikenmatt in Kehrsatz in die Realisierungsphase \u00fcber. Der Baustart ist noch im 2021 geplant.<\/p>\n<p>Das Projekt umfasst sechs Mehrfamilienh\u00e4user mit insgesamt 80 Wohnungen. Es wird 45 Mietwohnungen (2,5, 3,5 und 4,5 Zimmer) geben sowie 35 hochwertige Eigentumswohnungen (2,5 und 4,5 Zimmer). Hinzu kommen Einstellhallen; die \u00dcberbauung selbst ist verkehrsfrei. Die Geb\u00e4ude werden auf dem Grundst\u00fcck in Hanglage gestaffelt errichtet, so dass sie sich gut ins Terrain einf\u00fcgen und Durchsichten und Ausblicke \u00fcber das G\u00fcrbetal bis ins Emmental erm\u00f6glichen.<\/p>\n<p>Investorin des Bauvorhabens ist die Hess Real Estates AG, die thomasgraf ag vermarktet die Eigentumswohnungen. <em>(ah)<\/em><\/p>\n","protected":false},"excerpt":{"rendered":"<p>In der Berner Vorortgemeinde Kehrsatz soll noch in diesem Jahr mit dem Bau der \u00dcberbauung Bleikenmatt begonnen werden. <\/p>\n","protected":false},"author":3,"featured_media":38044,"comment_status":"closed","ping_status":"closed","sticky":false,"template":"","format":"standard","meta":{"_acf_changed":false,"_yoast_wpseo_focuskw":"Kehrsatz","_yoast_wpseo_title":"","_yoast_wpseo_metadesc":"In der Berner Vorortgemeinde Kehrsatz soll noch in diesem Jahr mit dem Bau der \u00dcberbauung Bleikenmatt begonnen werden.","_yoast_wpseo_linkdex":47,"pgc_sgb_lightbox_settings":"","footnotes":""},"categories":[985],"tags":[1091,1599,1863],"class_list":["post-38043","post","type-post","status-publish","format-standard","has-post-thumbnail","hentry","category-regionen","tag-bern","tag-projekt-in-bau","tag-wohnimmobilien"],"acf":[],"yoast_head":"<!-- This site is optimized with the Yoast SEO plugin v27.4 - https:\/\/yoast.com\/product\/yoast-seo-wordpress\/ -->\n<title>Bern: Baustart f\u00fcr die Bleikenmatt r\u00fcckt n\u00e4her - IMMOBILIEN Business<\/title>\n<meta name=\"description\" content=\"In der Berner Vorortgemeinde Kehrsatz soll noch in diesem Jahr mit dem Bau der \u00dcberbauung Bleikenmatt begonnen werden.\" \/>\n<meta name=\"robots\" content=\"index, follow, max-snippet:-1, max-image-preview:large, max-video-preview:-1\" \/>\n<link rel=\"canonical\" href=\"https:\/\/www.immobilienbusiness.ch\/de\/regionen\/2021-08-18\/bern-baustart-fuer-die-bleikenmatt-rueckt-naeher\/\" \/>\n<meta property=\"og:locale\" content=\"de_DE\" \/>\n<meta property=\"og:type\" content=\"article\" \/>\n<meta property=\"og:title\" content=\"Bern: Baustart f\u00fcr die Bleikenmatt r\u00fcckt n\u00e4her - IMMOBILIEN Business\" \/>\n<meta property=\"og:description\" content=\"In der Berner Vorortgemeinde Kehrsatz soll noch in diesem Jahr mit dem Bau der \u00dcberbauung Bleikenmatt begonnen werden.\" \/>\n<meta property=\"og:url\" content=\"https:\/\/www.immobilienbusiness.ch\/de\/regionen\/2021-08-18\/bern-baustart-fuer-die-bleikenmatt-rueckt-naeher\/\" \/>\n<meta property=\"og:site_name\" content=\"IMMOBILIEN Business\" \/>\n<meta property=\"article:publisher\" content=\"https:\/\/www.facebook.com\/immobilienbusiness\/\" \/>\n<meta property=\"article:published_time\" content=\"2021-08-18T06:08:52+00:00\" \/>\n<meta property=\"article:modified_time\" content=\"2021-08-19T08:40:19+00:00\" \/>\n<meta property=\"og:image\" content=\"https:\/\/www.immobilienbusiness.ch\/wp-content\/uploads\/2021\/08\/Kehrsatz.jpg\" \/>\n\t<meta property=\"og:image:width\" content=\"1384\" \/>\n\t<meta property=\"og:image:height\" content=\"923\" \/>\n\t<meta property=\"og:image:type\" content=\"image\/jpeg\" \/>\n<meta name=\"author\" content=\"anja.hall\" \/>\n<meta name=\"twitter:card\" content=\"summary_large_image\" \/>\n<meta name=\"twitter:image\" content=\"https:\/\/www.immobilienbusiness.ch\/wp-content\/uploads\/2021\/08\/Kehrsatz.jpg\" \/>\n<script type=\"application\/ld+json\" class=\"yoast-schema-graph\">{\"@context\":\"https:\\\/\\\/schema.org\",\"@graph\":[{\"@type\":\"Article\",\"@id\":\"https:\\\/\\\/www.immobilienbusiness.ch\\\/en\\\/regionen\\\/2021-08-18\\\/bern-baustart-fuer-die-bleikenmatt-rueckt-naeher\\\/#article\",\"isPartOf\":{\"@id\":\"https:\\\/\\\/www.immobilienbusiness.ch\\\/en\\\/regionen\\\/2021-08-18\\\/bern-baustart-fuer-die-bleikenmatt-rueckt-naeher\\\/\"},\"author\":{\"name\":\"anja.hall\",\"@id\":\"https:\\\/\\\/www.immobilienbusiness.ch\\\/#\\\/schema\\\/person\\\/3fc036297b10b9f42d6db5ee932af8c8\"},\"headline\":\"Bern: Baustart f\u00fcr die Bleikenmatt r\u00fcckt n\u00e4her\",\"datePublished\":\"2021-08-18T06:08:52+00:00\",\"dateModified\":\"2021-08-19T08:40:19+00:00\",\"mainEntityOfPage\":{\"@id\":\"https:\\\/\\\/www.immobilienbusiness.ch\\\/en\\\/regionen\\\/2021-08-18\\\/bern-baustart-fuer-die-bleikenmatt-rueckt-naeher\\\/\"},\"wordCount\":126,\"publisher\":{\"@id\":\"https:\\\/\\\/www.immobilienbusiness.ch\\\/#organization\"},\"image\":{\"@id\":\"https:\\\/\\\/www.immobilienbusiness.ch\\\/en\\\/regionen\\\/2021-08-18\\\/bern-baustart-fuer-die-bleikenmatt-rueckt-naeher\\\/#primaryimage\"},\"thumbnailUrl\":\"https:\\\/\\\/www.immobilienbusiness.ch\\\/wp-content\\\/uploads\\\/2021\\\/08\\\/Kehrsatz.jpg\",\"keywords\":[\"Bern\",\"Projekt in Bau\",\"Wohnimmobilien\"],\"articleSection\":[\"REGIONEN\"],\"inLanguage\":\"de\"},{\"@type\":\"WebPage\",\"@id\":\"https:\\\/\\\/www.immobilienbusiness.ch\\\/en\\\/regionen\\\/2021-08-18\\\/bern-baustart-fuer-die-bleikenmatt-rueckt-naeher\\\/\",\"url\":\"https:\\\/\\\/www.immobilienbusiness.ch\\\/en\\\/regionen\\\/2021-08-18\\\/bern-baustart-fuer-die-bleikenmatt-rueckt-naeher\\\/\",\"name\":\"Bern: Baustart f\u00fcr die Bleikenmatt r\u00fcckt n\u00e4her - IMMOBILIEN Business\",\"isPartOf\":{\"@id\":\"https:\\\/\\\/www.immobilienbusiness.ch\\\/#website\"},\"primaryImageOfPage\":{\"@id\":\"https:\\\/\\\/www.immobilienbusiness.ch\\\/en\\\/regionen\\\/2021-08-18\\\/bern-baustart-fuer-die-bleikenmatt-rueckt-naeher\\\/#primaryimage\"},\"image\":{\"@id\":\"https:\\\/\\\/www.immobilienbusiness.ch\\\/en\\\/regionen\\\/2021-08-18\\\/bern-baustart-fuer-die-bleikenmatt-rueckt-naeher\\\/#primaryimage\"},\"thumbnailUrl\":\"https:\\\/\\\/www.immobilienbusiness.ch\\\/wp-content\\\/uploads\\\/2021\\\/08\\\/Kehrsatz.jpg\",\"datePublished\":\"2021-08-18T06:08:52+00:00\",\"dateModified\":\"2021-08-19T08:40:19+00:00\",\"description\":\"In der Berner Vorortgemeinde Kehrsatz soll noch in diesem Jahr mit dem Bau der \u00dcberbauung Bleikenmatt begonnen werden.\",\"breadcrumb\":{\"@id\":\"https:\\\/\\\/www.immobilienbusiness.ch\\\/en\\\/regionen\\\/2021-08-18\\\/bern-baustart-fuer-die-bleikenmatt-rueckt-naeher\\\/#breadcrumb\"},\"inLanguage\":\"de\",\"potentialAction\":[{\"@type\":\"ReadAction\",\"target\":[\"https:\\\/\\\/www.immobilienbusiness.ch\\\/en\\\/regionen\\\/2021-08-18\\\/bern-baustart-fuer-die-bleikenmatt-rueckt-naeher\\\/\"]}]},{\"@type\":\"ImageObject\",\"inLanguage\":\"de\",\"@id\":\"https:\\\/\\\/www.immobilienbusiness.ch\\\/en\\\/regionen\\\/2021-08-18\\\/bern-baustart-fuer-die-bleikenmatt-rueckt-naeher\\\/#primaryimage\",\"url\":\"https:\\\/\\\/www.immobilienbusiness.ch\\\/wp-content\\\/uploads\\\/2021\\\/08\\\/Kehrsatz.jpg\",\"contentUrl\":\"https:\\\/\\\/www.immobilienbusiness.ch\\\/wp-content\\\/uploads\\\/2021\\\/08\\\/Kehrsatz.jpg\",\"width\":1384,\"height\":923,\"caption\":\"Visualisierung der \u00dcberbauung Bleikenmatt in Kehrsatz (Bild: zVg thomasgraf ag)\"},{\"@type\":\"BreadcrumbList\",\"@id\":\"https:\\\/\\\/www.immobilienbusiness.ch\\\/en\\\/regionen\\\/2021-08-18\\\/bern-baustart-fuer-die-bleikenmatt-rueckt-naeher\\\/#breadcrumb\",\"itemListElement\":[{\"@type\":\"ListItem\",\"position\":1,\"name\":\"Home\",\"item\":\"https:\\\/\\\/www.immobilienbusiness.ch\\\/\"},{\"@type\":\"ListItem\",\"position\":2,\"name\":\"Bern: Baustart f\u00fcr die Bleikenmatt r\u00fcckt n\u00e4her\"}]},{\"@type\":\"WebSite\",\"@id\":\"https:\\\/\\\/www.immobilienbusiness.ch\\\/#website\",\"url\":\"https:\\\/\\\/www.immobilienbusiness.ch\\\/\",\"name\":\"IMMOBILIEN Business\",\"description\":\"Unabh\u00e4ngiges Schweizer Wirtschaftsmagazin mit Fokus auf Immobilien, Architektur- und Bau sowie Investment- und Finanzierung.\",\"publisher\":{\"@id\":\"https:\\\/\\\/www.immobilienbusiness.ch\\\/#organization\"},\"potentialAction\":[{\"@type\":\"SearchAction\",\"target\":{\"@type\":\"EntryPoint\",\"urlTemplate\":\"https:\\\/\\\/www.immobilienbusiness.ch\\\/?s={search_term_string}\"},\"query-input\":{\"@type\":\"PropertyValueSpecification\",\"valueRequired\":true,\"valueName\":\"search_term_string\"}}],\"inLanguage\":\"de\"},{\"@type\":\"Organization\",\"@id\":\"https:\\\/\\\/www.immobilienbusiness.ch\\\/#organization\",\"name\":\"IMMOBILIEN Business\",\"url\":\"https:\\\/\\\/www.immobilienbusiness.ch\\\/\",\"logo\":{\"@type\":\"ImageObject\",\"inLanguage\":\"de\",\"@id\":\"https:\\\/\\\/www.immobilienbusiness.ch\\\/#\\\/schema\\\/logo\\\/image\\\/\",\"url\":\"https:\\\/\\\/www.immobilienbusiness.ch\\\/wp-content\\\/uploads\\\/2021\\\/07\\\/logo_ib.png\",\"contentUrl\":\"https:\\\/\\\/www.immobilienbusiness.ch\\\/wp-content\\\/uploads\\\/2021\\\/07\\\/logo_ib.png\",\"width\":800,\"height\":181,\"caption\":\"IMMOBILIEN Business\"},\"image\":{\"@id\":\"https:\\\/\\\/www.immobilienbusiness.ch\\\/#\\\/schema\\\/logo\\\/image\\\/\"},\"sameAs\":[\"https:\\\/\\\/www.facebook.com\\\/immobilienbusiness\\\/\"]},{\"@type\":\"Person\",\"@id\":\"https:\\\/\\\/www.immobilienbusiness.ch\\\/#\\\/schema\\\/person\\\/3fc036297b10b9f42d6db5ee932af8c8\",\"name\":\"anja.hall\",\"image\":{\"@type\":\"ImageObject\",\"inLanguage\":\"de\",\"@id\":\"https:\\\/\\\/secure.gravatar.com\\\/avatar\\\/066b5a0d447013502c71a5782f4f3469f03cfe595cc2329fb94652fe47511bfb?s=96&d=mm&r=g\",\"url\":\"https:\\\/\\\/secure.gravatar.com\\\/avatar\\\/066b5a0d447013502c71a5782f4f3469f03cfe595cc2329fb94652fe47511bfb?s=96&d=mm&r=g\",\"contentUrl\":\"https:\\\/\\\/secure.gravatar.com\\\/avatar\\\/066b5a0d447013502c71a5782f4f3469f03cfe595cc2329fb94652fe47511bfb?s=96&d=mm&r=g\",\"caption\":\"anja.hall\"},\"url\":\"https:\\\/\\\/www.immobilienbusiness.ch\\\/de\\\/author\\\/anja-hall\\\/\"}]}<\/script>\n<!-- \/ Yoast SEO plugin. -->","yoast_head_json":{"title":"Bern: Baustart f\u00fcr die Bleikenmatt r\u00fcckt n\u00e4her - IMMOBILIEN Business","description":"In der Berner Vorortgemeinde Kehrsatz soll noch in diesem Jahr mit dem Bau der \u00dcberbauung Bleikenmatt begonnen werden.","robots":{"index":"index","follow":"follow","max-snippet":"max-snippet:-1","max-image-preview":"max-image-preview:large","max-video-preview":"max-video-preview:-1"},"canonical":"https:\/\/www.immobilienbusiness.ch\/de\/regionen\/2021-08-18\/bern-baustart-fuer-die-bleikenmatt-rueckt-naeher\/","og_locale":"de_DE","og_type":"article","og_title":"Bern: Baustart f\u00fcr die Bleikenmatt r\u00fcckt n\u00e4her - IMMOBILIEN Business","og_description":"In der Berner Vorortgemeinde Kehrsatz soll noch in diesem Jahr mit dem Bau der \u00dcberbauung Bleikenmatt begonnen werden.","og_url":"https:\/\/www.immobilienbusiness.ch\/de\/regionen\/2021-08-18\/bern-baustart-fuer-die-bleikenmatt-rueckt-naeher\/","og_site_name":"IMMOBILIEN Business","article_publisher":"https:\/\/www.facebook.com\/immobilienbusiness\/","article_published_time":"2021-08-18T06:08:52+00:00","article_modified_time":"2021-08-19T08:40:19+00:00","og_image":[{"width":1384,"height":923,"url":"https:\/\/www.immobilienbusiness.ch\/wp-content\/uploads\/2021\/08\/Kehrsatz.jpg","type":"image\/jpeg"}],"author":"anja.hall","twitter_card":"summary_large_image","twitter_image":"https:\/\/www.immobilienbusiness.ch\/wp-content\/uploads\/2021\/08\/Kehrsatz.jpg","schema":{"@context":"https:\/\/schema.org","@graph":[{"@type":"Article","@id":"https:\/\/www.immobilienbusiness.ch\/en\/regionen\/2021-08-18\/bern-baustart-fuer-die-bleikenmatt-rueckt-naeher\/#article","isPartOf":{"@id":"https:\/\/www.immobilienbusiness.ch\/en\/regionen\/2021-08-18\/bern-baustart-fuer-die-bleikenmatt-rueckt-naeher\/"},"author":{"name":"anja.hall","@id":"https:\/\/www.immobilienbusiness.ch\/#\/schema\/person\/3fc036297b10b9f42d6db5ee932af8c8"},"headline":"Bern: Baustart f\u00fcr die Bleikenmatt r\u00fcckt n\u00e4her","datePublished":"2021-08-18T06:08:52+00:00","dateModified":"2021-08-19T08:40:19+00:00","mainEntityOfPage":{"@id":"https:\/\/www.immobilienbusiness.ch\/en\/regionen\/2021-08-18\/bern-baustart-fuer-die-bleikenmatt-rueckt-naeher\/"},"wordCount":126,"publisher":{"@id":"https:\/\/www.immobilienbusiness.ch\/#organization"},"image":{"@id":"https:\/\/www.immobilienbusiness.ch\/en\/regionen\/2021-08-18\/bern-baustart-fuer-die-bleikenmatt-rueckt-naeher\/#primaryimage"},"thumbnailUrl":"https:\/\/www.immobilienbusiness.ch\/wp-content\/uploads\/2021\/08\/Kehrsatz.jpg","keywords":["Bern","Projekt in Bau","Wohnimmobilien"],"articleSection":["REGIONEN"],"inLanguage":"de"},{"@type":"WebPage","@id":"https:\/\/www.immobilienbusiness.ch\/en\/regionen\/2021-08-18\/bern-baustart-fuer-die-bleikenmatt-rueckt-naeher\/","url":"https:\/\/www.immobilienbusiness.ch\/en\/regionen\/2021-08-18\/bern-baustart-fuer-die-bleikenmatt-rueckt-naeher\/","name":"Bern: Baustart f\u00fcr die Bleikenmatt r\u00fcckt n\u00e4her - IMMOBILIEN Business","isPartOf":{"@id":"https:\/\/www.immobilienbusiness.ch\/#website"},"primaryImageOfPage":{"@id":"https:\/\/www.immobilienbusiness.ch\/en\/regionen\/2021-08-18\/bern-baustart-fuer-die-bleikenmatt-rueckt-naeher\/#primaryimage"},"image":{"@id":"https:\/\/www.immobilienbusiness.ch\/en\/regionen\/2021-08-18\/bern-baustart-fuer-die-bleikenmatt-rueckt-naeher\/#primaryimage"},"thumbnailUrl":"https:\/\/www.immobilienbusiness.ch\/wp-content\/uploads\/2021\/08\/Kehrsatz.jpg","datePublished":"2021-08-18T06:08:52+00:00","dateModified":"2021-08-19T08:40:19+00:00","description":"In der Berner Vorortgemeinde Kehrsatz soll noch in diesem Jahr mit dem Bau der \u00dcberbauung Bleikenmatt begonnen werden.","breadcrumb":{"@id":"https:\/\/www.immobilienbusiness.ch\/en\/regionen\/2021-08-18\/bern-baustart-fuer-die-bleikenmatt-rueckt-naeher\/#breadcrumb"},"inLanguage":"de","potentialAction":[{"@type":"ReadAction","target":["https:\/\/www.immobilienbusiness.ch\/en\/regionen\/2021-08-18\/bern-baustart-fuer-die-bleikenmatt-rueckt-naeher\/"]}]},{"@type":"ImageObject","inLanguage":"de","@id":"https:\/\/www.immobilienbusiness.ch\/en\/regionen\/2021-08-18\/bern-baustart-fuer-die-bleikenmatt-rueckt-naeher\/#primaryimage","url":"https:\/\/www.immobilienbusiness.ch\/wp-content\/uploads\/2021\/08\/Kehrsatz.jpg","contentUrl":"https:\/\/www.immobilienbusiness.ch\/wp-content\/uploads\/2021\/08\/Kehrsatz.jpg","width":1384,"height":923,"caption":"Visualisierung der \u00dcberbauung Bleikenmatt in Kehrsatz (Bild: zVg thomasgraf ag)"},{"@type":"BreadcrumbList","@id":"https:\/\/www.immobilienbusiness.ch\/en\/regionen\/2021-08-18\/bern-baustart-fuer-die-bleikenmatt-rueckt-naeher\/#breadcrumb","itemListElement":[{"@type":"ListItem","position":1,"name":"Home","item":"https:\/\/www.immobilienbusiness.ch\/"},{"@type":"ListItem","position":2,"name":"Bern: Baustart f\u00fcr die Bleikenmatt r\u00fcckt n\u00e4her"}]},{"@type":"WebSite","@id":"https:\/\/www.immobilienbusiness.ch\/#website","url":"https:\/\/www.immobilienbusiness.ch\/","name":"IMMOBILIEN Business","description":"Unabh\u00e4ngiges Schweizer Wirtschaftsmagazin mit Fokus auf Immobilien, Architektur- und Bau sowie Investment- und Finanzierung.","publisher":{"@id":"https:\/\/www.immobilienbusiness.ch\/#organization"},"potentialAction":[{"@type":"SearchAction","target":{"@type":"EntryPoint","urlTemplate":"https:\/\/www.immobilienbusiness.ch\/?s={search_term_string}"},"query-input":{"@type":"PropertyValueSpecification","valueRequired":true,"valueName":"search_term_string"}}],"inLanguage":"de"},{"@type":"Organization","@id":"https:\/\/www.immobilienbusiness.ch\/#organization","name":"IMMOBILIEN Business","url":"https:\/\/www.immobilienbusiness.ch\/","logo":{"@type":"ImageObject","inLanguage":"de","@id":"https:\/\/www.immobilienbusiness.ch\/#\/schema\/logo\/image\/","url":"https:\/\/www.immobilienbusiness.ch\/wp-content\/uploads\/2021\/07\/logo_ib.png","contentUrl":"https:\/\/www.immobilienbusiness.ch\/wp-content\/uploads\/2021\/07\/logo_ib.png","width":800,"height":181,"caption":"IMMOBILIEN Business"},"image":{"@id":"https:\/\/www.immobilienbusiness.ch\/#\/schema\/logo\/image\/"},"sameAs":["https:\/\/www.facebook.com\/immobilienbusiness\/"]},{"@type":"Person","@id":"https:\/\/www.immobilienbusiness.ch\/#\/schema\/person\/3fc036297b10b9f42d6db5ee932af8c8","name":"anja.hall","image":{"@type":"ImageObject","inLanguage":"de","@id":"https:\/\/secure.gravatar.com\/avatar\/066b5a0d447013502c71a5782f4f3469f03cfe595cc2329fb94652fe47511bfb?s=96&d=mm&r=g","url":"https:\/\/secure.gravatar.com\/avatar\/066b5a0d447013502c71a5782f4f3469f03cfe595cc2329fb94652fe47511bfb?s=96&d=mm&r=g","contentUrl":"https:\/\/secure.gravatar.com\/avatar\/066b5a0d447013502c71a5782f4f3469f03cfe595cc2329fb94652fe47511bfb?s=96&d=mm&r=g","caption":"anja.hall"},"url":"https:\/\/www.immobilienbusiness.ch\/de\/author\/anja-hall\/"}]}},"_links":{"self":[{"href":"https:\/\/www.immobilienbusiness.ch\/de\/wp-json\/wp\/v2\/posts\/38043","targetHints":{"allow":["GET"]}}],"collection":[{"href":"https:\/\/www.immobilienbusiness.ch\/de\/wp-json\/wp\/v2\/posts"}],"about":[{"href":"https:\/\/www.immobilienbusiness.ch\/de\/wp-json\/wp\/v2\/types\/post"}],"author":[{"embeddable":true,"href":"https:\/\/www.immobilienbusiness.ch\/de\/wp-json\/wp\/v2\/users\/3"}],"replies":[{"embeddable":true,"href":"https:\/\/www.immobilienbusiness.ch\/de\/wp-json\/wp\/v2\/comments?post=38043"}],"version-history":[{"count":1,"href":"https:\/\/www.immobilienbusiness.ch\/de\/wp-json\/wp\/v2\/posts\/38043\/revisions"}],"predecessor-version":[{"id":38045,"href":"https:\/\/www.immobilienbusiness.ch\/de\/wp-json\/wp\/v2\/posts\/38043\/revisions\/38045"}],"wp:featuredmedia":[{"embeddable":true,"href":"https:\/\/www.immobilienbusiness.ch\/de\/wp-json\/wp\/v2\/media\/38044"}],"wp:attachment":[{"href":"https:\/\/www.immobilienbusiness.ch\/de\/wp-json\/wp\/v2\/media?parent=38043"}],"wp:term":[{"taxonomy":"category","embeddable":true,"href":"https:\/\/www.immobilienbusiness.ch\/de\/wp-json\/wp\/v2\/categories?post=38043"},{"taxonomy":"post_tag","embeddable":true,"href":"https:\/\/www.immobilienbusiness.ch\/de\/wp-json\/wp\/v2\/tags?post=38043"}],"curies":[{"name":"wp","href":"https:\/\/api.w.org\/{rel}","templated":true}]}}