{"id":38010,"date":"2021-08-13T08:42:31","date_gmt":"2021-08-13T06:42:31","guid":{"rendered":"https:\/\/www.immobilienbusiness.ch\/?p=38010"},"modified":"2021-08-13T08:42:31","modified_gmt":"2021-08-13T06:42:31","slug":"kmp-verstaerkung-auf-partnerebene","status":"publish","type":"post","link":"https:\/\/www.immobilienbusiness.ch\/de\/personalia\/2021-08-13\/kmp-verstaerkung-auf-partnerebene\/","title":{"rendered":"KMP: Verst\u00e4rkung auf Partnerebene"},"content":{"rendered":"<figure id=\"attachment_38011\" aria-describedby=\"caption-attachment-38011\" style=\"width: 1694px\" class=\"wp-caption alignnone\"><img loading=\"lazy\" decoding=\"async\" class=\"wp-image-38011 size-full\" src=\"https:\/\/www.immobilienbusiness.ch\/wp-content\/uploads\/2021\/08\/KMP_Nina-Flueckiger.jpg\" alt=\"\" width=\"1694\" height=\"1129\" srcset=\"https:\/\/www.immobilienbusiness.ch\/wp-content\/uploads\/2021\/08\/KMP_Nina-Flueckiger.jpg 1694w, https:\/\/www.immobilienbusiness.ch\/wp-content\/uploads\/2021\/08\/KMP_Nina-Flueckiger-300x200.jpg 300w, https:\/\/www.immobilienbusiness.ch\/wp-content\/uploads\/2021\/08\/KMP_Nina-Flueckiger-1024x682.jpg 1024w, https:\/\/www.immobilienbusiness.ch\/wp-content\/uploads\/2021\/08\/KMP_Nina-Flueckiger-768x512.jpg 768w, https:\/\/www.immobilienbusiness.ch\/wp-content\/uploads\/2021\/08\/KMP_Nina-Flueckiger-1536x1024.jpg 1536w, https:\/\/www.immobilienbusiness.ch\/wp-content\/uploads\/2021\/08\/KMP_Nina-Flueckiger-16x12.jpg 16w, https:\/\/www.immobilienbusiness.ch\/wp-content\/uploads\/2021\/08\/KMP_Nina-Flueckiger-263x175.jpg 263w, https:\/\/www.immobilienbusiness.ch\/wp-content\/uploads\/2021\/08\/KMP_Nina-Flueckiger-525x350.jpg 525w, https:\/\/www.immobilienbusiness.ch\/wp-content\/uploads\/2021\/08\/KMP_Nina-Flueckiger-1200x800.jpg 1200w, https:\/\/www.immobilienbusiness.ch\/wp-content\/uploads\/2021\/08\/KMP_Nina-Flueckiger-920x613.jpg 920w, https:\/\/www.immobilienbusiness.ch\/wp-content\/uploads\/2021\/08\/KMP_Nina-Flueckiger-1400x933.jpg 1400w\" sizes=\"auto, (max-width: 1694px) 100vw, 1694px\" \/><figcaption id=\"caption-attachment-38011\" class=\"wp-caption-text\">Nina Fl\u00fcckiger (Bild: KMP Kuoni Mueller &amp; Partner)<\/figcaption><\/figure>\n<p>Nina Fl\u00fcckiger soll bei der Kuoni Mueller &amp; Partner Residential AG k\u00fcnftig f\u00fcr die Akquise und den Verkauf von Wohneigentum zust\u00e4ndig sein und gemeinsam mit den Partner-Kollegen den Ausbau des Gesch\u00e4ftsbereichs vorantreiben, teilt der Immobiliendienstleister mit. \u00abMit dem Neuzugang von Nina Fl\u00fcckiger schliessen wir eine wichtige L\u00fccke\u00bb, sagt Dominik Weber, Managing Partner und designierter Head Real Estate Advisory von Julius B\u00e4r. Denn der langj\u00e4hrige Partner Christian Haupt, bislang f\u00fcr den Verkauf von Wohneigentum und die Vermarktung von Wohnprojekten zust\u00e4ndig, verl\u00e4sst Kuoni Mueller &amp; Partner Ende August. Er werde sich einer neuen Herausforderung stellen, teilt KMP mit.<\/p>\n<p>Fl\u00fcckiger ist diplomierte Immobilientreuh\u00e4nderin und verf\u00fcgt \u00fcber mehr als 20 Jahre Berufserfahrung. Nach ersten beruflichen Stationen bei UBS und KPMG \u00fcbernahm sie ab 2004 leitende Positionen in den Bereichen Verkauf, Marketing und Akquisition bei grossen nationalen und internationalen Immobiliendienstleistern. Seit 2016 ist sie Mitglied der Gesch\u00e4ftsleitung bei der Etzel Immobilien AG mit Sitz in Pf\u00e4ffikon. <em>(ah)<\/em><\/p>\n","protected":false},"excerpt":{"rendered":"<p>Nina Fl\u00fcckiger steigt zum Oktober als Partnerin beim Immobiliendienstleister KMP Kuoni Mueller &#038; Partner ein. Sie folgt auf Christian Haupt, der das Unternehmen verl\u00e4sst. <\/p>\n","protected":false},"author":3,"featured_media":38011,"comment_status":"closed","ping_status":"closed","sticky":false,"template":"","format":"standard","meta":{"_acf_changed":false,"_yoast_wpseo_focuskw":"KMP","_yoast_wpseo_title":"","_yoast_wpseo_metadesc":"","_yoast_wpseo_linkdex":49,"pgc_sgb_lightbox_settings":"","footnotes":""},"categories":[1912,988],"tags":[1429,1563],"class_list":["post-38010","post","type-post","status-publish","format-standard","has-post-thumbnail","hentry","category-personalia","category-unternehmen","tag-kuoni-mueller-partner","tag-personalia"],"acf":[],"yoast_head":"<!-- This site is optimized with the Yoast SEO plugin v27.4 - https:\/\/yoast.com\/product\/yoast-seo-wordpress\/ -->\n<title>KMP: Verst\u00e4rkung auf Partnerebene - IMMOBILIEN Business<\/title>\n<meta name=\"robots\" content=\"index, follow, max-snippet:-1, max-image-preview:large, max-video-preview:-1\" \/>\n<link rel=\"canonical\" href=\"https:\/\/www.immobilienbusiness.ch\/de\/personalia\/2021-08-13\/kmp-verstaerkung-auf-partnerebene\/\" \/>\n<meta property=\"og:locale\" content=\"de_DE\" \/>\n<meta property=\"og:type\" content=\"article\" \/>\n<meta property=\"og:title\" content=\"KMP: Verst\u00e4rkung auf Partnerebene - IMMOBILIEN Business\" \/>\n<meta property=\"og:description\" content=\"Nina Fl\u00fcckiger steigt zum Oktober als Partnerin beim Immobiliendienstleister KMP Kuoni Mueller &amp; Partner ein. Sie folgt auf Christian Haupt, der das Unternehmen verl\u00e4sst.\" \/>\n<meta property=\"og:url\" content=\"https:\/\/www.immobilienbusiness.ch\/de\/personalia\/2021-08-13\/kmp-verstaerkung-auf-partnerebene\/\" \/>\n<meta property=\"og:site_name\" content=\"IMMOBILIEN Business\" \/>\n<meta property=\"article:publisher\" content=\"https:\/\/www.facebook.com\/immobilienbusiness\/\" \/>\n<meta property=\"article:published_time\" content=\"2021-08-13T06:42:31+00:00\" \/>\n<meta property=\"og:image\" content=\"https:\/\/www.immobilienbusiness.ch\/wp-content\/uploads\/2021\/08\/KMP_Nina-Flueckiger.jpg\" \/>\n\t<meta property=\"og:image:width\" content=\"1694\" \/>\n\t<meta property=\"og:image:height\" content=\"1129\" \/>\n\t<meta property=\"og:image:type\" content=\"image\/jpeg\" \/>\n<meta name=\"author\" content=\"anja.hall\" \/>\n<meta name=\"twitter:card\" content=\"summary_large_image\" \/>\n<meta name=\"twitter:image\" content=\"https:\/\/www.immobilienbusiness.ch\/wp-content\/uploads\/2021\/08\/KMP_Nina-Flueckiger.jpg\" \/>\n<script type=\"application\/ld+json\" class=\"yoast-schema-graph\">{\"@context\":\"https:\\\/\\\/schema.org\",\"@graph\":[{\"@type\":\"Article\",\"@id\":\"https:\\\/\\\/www.immobilienbusiness.ch\\\/en\\\/personalia\\\/2021-08-13\\\/kmp-verstaerkung-auf-partnerebene\\\/#article\",\"isPartOf\":{\"@id\":\"https:\\\/\\\/www.immobilienbusiness.ch\\\/en\\\/personalia\\\/2021-08-13\\\/kmp-verstaerkung-auf-partnerebene\\\/\"},\"author\":{\"name\":\"anja.hall\",\"@id\":\"https:\\\/\\\/www.immobilienbusiness.ch\\\/#\\\/schema\\\/person\\\/3fc036297b10b9f42d6db5ee932af8c8\"},\"headline\":\"KMP: Verst\u00e4rkung auf Partnerebene\",\"datePublished\":\"2021-08-13T06:42:31+00:00\",\"mainEntityOfPage\":{\"@id\":\"https:\\\/\\\/www.immobilienbusiness.ch\\\/en\\\/personalia\\\/2021-08-13\\\/kmp-verstaerkung-auf-partnerebene\\\/\"},\"wordCount\":187,\"publisher\":{\"@id\":\"https:\\\/\\\/www.immobilienbusiness.ch\\\/#organization\"},\"image\":{\"@id\":\"https:\\\/\\\/www.immobilienbusiness.ch\\\/en\\\/personalia\\\/2021-08-13\\\/kmp-verstaerkung-auf-partnerebene\\\/#primaryimage\"},\"thumbnailUrl\":\"https:\\\/\\\/www.immobilienbusiness.ch\\\/wp-content\\\/uploads\\\/2021\\\/08\\\/KMP_Nina-Flueckiger.jpg\",\"keywords\":[\"Kuoni Mueller &amp; Partner\",\"Personalia\"],\"articleSection\":[\"PERSONALIA\",\"UNTERNEHMEN\"],\"inLanguage\":\"de\"},{\"@type\":\"WebPage\",\"@id\":\"https:\\\/\\\/www.immobilienbusiness.ch\\\/en\\\/personalia\\\/2021-08-13\\\/kmp-verstaerkung-auf-partnerebene\\\/\",\"url\":\"https:\\\/\\\/www.immobilienbusiness.ch\\\/en\\\/personalia\\\/2021-08-13\\\/kmp-verstaerkung-auf-partnerebene\\\/\",\"name\":\"KMP: Verst\u00e4rkung auf Partnerebene - IMMOBILIEN Business\",\"isPartOf\":{\"@id\":\"https:\\\/\\\/www.immobilienbusiness.ch\\\/#website\"},\"primaryImageOfPage\":{\"@id\":\"https:\\\/\\\/www.immobilienbusiness.ch\\\/en\\\/personalia\\\/2021-08-13\\\/kmp-verstaerkung-auf-partnerebene\\\/#primaryimage\"},\"image\":{\"@id\":\"https:\\\/\\\/www.immobilienbusiness.ch\\\/en\\\/personalia\\\/2021-08-13\\\/kmp-verstaerkung-auf-partnerebene\\\/#primaryimage\"},\"thumbnailUrl\":\"https:\\\/\\\/www.immobilienbusiness.ch\\\/wp-content\\\/uploads\\\/2021\\\/08\\\/KMP_Nina-Flueckiger.jpg\",\"datePublished\":\"2021-08-13T06:42:31+00:00\",\"breadcrumb\":{\"@id\":\"https:\\\/\\\/www.immobilienbusiness.ch\\\/en\\\/personalia\\\/2021-08-13\\\/kmp-verstaerkung-auf-partnerebene\\\/#breadcrumb\"},\"inLanguage\":\"de\",\"potentialAction\":[{\"@type\":\"ReadAction\",\"target\":[\"https:\\\/\\\/www.immobilienbusiness.ch\\\/en\\\/personalia\\\/2021-08-13\\\/kmp-verstaerkung-auf-partnerebene\\\/\"]}]},{\"@type\":\"ImageObject\",\"inLanguage\":\"de\",\"@id\":\"https:\\\/\\\/www.immobilienbusiness.ch\\\/en\\\/personalia\\\/2021-08-13\\\/kmp-verstaerkung-auf-partnerebene\\\/#primaryimage\",\"url\":\"https:\\\/\\\/www.immobilienbusiness.ch\\\/wp-content\\\/uploads\\\/2021\\\/08\\\/KMP_Nina-Flueckiger.jpg\",\"contentUrl\":\"https:\\\/\\\/www.immobilienbusiness.ch\\\/wp-content\\\/uploads\\\/2021\\\/08\\\/KMP_Nina-Flueckiger.jpg\",\"width\":1694,\"height\":1129,\"caption\":\"Nina Fl\u00fcckiger (Bild: KMP Kuoni Mueller & Partner)\"},{\"@type\":\"BreadcrumbList\",\"@id\":\"https:\\\/\\\/www.immobilienbusiness.ch\\\/en\\\/personalia\\\/2021-08-13\\\/kmp-verstaerkung-auf-partnerebene\\\/#breadcrumb\",\"itemListElement\":[{\"@type\":\"ListItem\",\"position\":1,\"name\":\"Home\",\"item\":\"https:\\\/\\\/www.immobilienbusiness.ch\\\/\"},{\"@type\":\"ListItem\",\"position\":2,\"name\":\"KMP: Verst\u00e4rkung auf Partnerebene\"}]},{\"@type\":\"WebSite\",\"@id\":\"https:\\\/\\\/www.immobilienbusiness.ch\\\/#website\",\"url\":\"https:\\\/\\\/www.immobilienbusiness.ch\\\/\",\"name\":\"IMMOBILIEN Business\",\"description\":\"Unabh\u00e4ngiges Schweizer Wirtschaftsmagazin mit Fokus auf Immobilien, Architektur- und Bau sowie Investment- und Finanzierung.\",\"publisher\":{\"@id\":\"https:\\\/\\\/www.immobilienbusiness.ch\\\/#organization\"},\"potentialAction\":[{\"@type\":\"SearchAction\",\"target\":{\"@type\":\"EntryPoint\",\"urlTemplate\":\"https:\\\/\\\/www.immobilienbusiness.ch\\\/?s={search_term_string}\"},\"query-input\":{\"@type\":\"PropertyValueSpecification\",\"valueRequired\":true,\"valueName\":\"search_term_string\"}}],\"inLanguage\":\"de\"},{\"@type\":\"Organization\",\"@id\":\"https:\\\/\\\/www.immobilienbusiness.ch\\\/#organization\",\"name\":\"IMMOBILIEN Business\",\"url\":\"https:\\\/\\\/www.immobilienbusiness.ch\\\/\",\"logo\":{\"@type\":\"ImageObject\",\"inLanguage\":\"de\",\"@id\":\"https:\\\/\\\/www.immobilienbusiness.ch\\\/#\\\/schema\\\/logo\\\/image\\\/\",\"url\":\"https:\\\/\\\/www.immobilienbusiness.ch\\\/wp-content\\\/uploads\\\/2021\\\/07\\\/logo_ib.png\",\"contentUrl\":\"https:\\\/\\\/www.immobilienbusiness.ch\\\/wp-content\\\/uploads\\\/2021\\\/07\\\/logo_ib.png\",\"width\":800,\"height\":181,\"caption\":\"IMMOBILIEN Business\"},\"image\":{\"@id\":\"https:\\\/\\\/www.immobilienbusiness.ch\\\/#\\\/schema\\\/logo\\\/image\\\/\"},\"sameAs\":[\"https:\\\/\\\/www.facebook.com\\\/immobilienbusiness\\\/\"]},{\"@type\":\"Person\",\"@id\":\"https:\\\/\\\/www.immobilienbusiness.ch\\\/#\\\/schema\\\/person\\\/3fc036297b10b9f42d6db5ee932af8c8\",\"name\":\"anja.hall\",\"image\":{\"@type\":\"ImageObject\",\"inLanguage\":\"de\",\"@id\":\"https:\\\/\\\/secure.gravatar.com\\\/avatar\\\/066b5a0d447013502c71a5782f4f3469f03cfe595cc2329fb94652fe47511bfb?s=96&d=mm&r=g\",\"url\":\"https:\\\/\\\/secure.gravatar.com\\\/avatar\\\/066b5a0d447013502c71a5782f4f3469f03cfe595cc2329fb94652fe47511bfb?s=96&d=mm&r=g\",\"contentUrl\":\"https:\\\/\\\/secure.gravatar.com\\\/avatar\\\/066b5a0d447013502c71a5782f4f3469f03cfe595cc2329fb94652fe47511bfb?s=96&d=mm&r=g\",\"caption\":\"anja.hall\"},\"url\":\"https:\\\/\\\/www.immobilienbusiness.ch\\\/de\\\/author\\\/anja-hall\\\/\"}]}<\/script>\n<!-- \/ Yoast SEO plugin. -->","yoast_head_json":{"title":"KMP: Verst\u00e4rkung auf Partnerebene - IMMOBILIEN Business","robots":{"index":"index","follow":"follow","max-snippet":"max-snippet:-1","max-image-preview":"max-image-preview:large","max-video-preview":"max-video-preview:-1"},"canonical":"https:\/\/www.immobilienbusiness.ch\/de\/personalia\/2021-08-13\/kmp-verstaerkung-auf-partnerebene\/","og_locale":"de_DE","og_type":"article","og_title":"KMP: Verst\u00e4rkung auf Partnerebene - IMMOBILIEN Business","og_description":"Nina Fl\u00fcckiger steigt zum Oktober als Partnerin beim Immobiliendienstleister KMP Kuoni Mueller & Partner ein. Sie folgt auf Christian Haupt, der das Unternehmen verl\u00e4sst.","og_url":"https:\/\/www.immobilienbusiness.ch\/de\/personalia\/2021-08-13\/kmp-verstaerkung-auf-partnerebene\/","og_site_name":"IMMOBILIEN Business","article_publisher":"https:\/\/www.facebook.com\/immobilienbusiness\/","article_published_time":"2021-08-13T06:42:31+00:00","og_image":[{"width":1694,"height":1129,"url":"https:\/\/www.immobilienbusiness.ch\/wp-content\/uploads\/2021\/08\/KMP_Nina-Flueckiger.jpg","type":"image\/jpeg"}],"author":"anja.hall","twitter_card":"summary_large_image","twitter_image":"https:\/\/www.immobilienbusiness.ch\/wp-content\/uploads\/2021\/08\/KMP_Nina-Flueckiger.jpg","schema":{"@context":"https:\/\/schema.org","@graph":[{"@type":"Article","@id":"https:\/\/www.immobilienbusiness.ch\/en\/personalia\/2021-08-13\/kmp-verstaerkung-auf-partnerebene\/#article","isPartOf":{"@id":"https:\/\/www.immobilienbusiness.ch\/en\/personalia\/2021-08-13\/kmp-verstaerkung-auf-partnerebene\/"},"author":{"name":"anja.hall","@id":"https:\/\/www.immobilienbusiness.ch\/#\/schema\/person\/3fc036297b10b9f42d6db5ee932af8c8"},"headline":"KMP: Verst\u00e4rkung auf Partnerebene","datePublished":"2021-08-13T06:42:31+00:00","mainEntityOfPage":{"@id":"https:\/\/www.immobilienbusiness.ch\/en\/personalia\/2021-08-13\/kmp-verstaerkung-auf-partnerebene\/"},"wordCount":187,"publisher":{"@id":"https:\/\/www.immobilienbusiness.ch\/#organization"},"image":{"@id":"https:\/\/www.immobilienbusiness.ch\/en\/personalia\/2021-08-13\/kmp-verstaerkung-auf-partnerebene\/#primaryimage"},"thumbnailUrl":"https:\/\/www.immobilienbusiness.ch\/wp-content\/uploads\/2021\/08\/KMP_Nina-Flueckiger.jpg","keywords":["Kuoni Mueller &amp; Partner","Personalia"],"articleSection":["PERSONALIA","UNTERNEHMEN"],"inLanguage":"de"},{"@type":"WebPage","@id":"https:\/\/www.immobilienbusiness.ch\/en\/personalia\/2021-08-13\/kmp-verstaerkung-auf-partnerebene\/","url":"https:\/\/www.immobilienbusiness.ch\/en\/personalia\/2021-08-13\/kmp-verstaerkung-auf-partnerebene\/","name":"KMP: Verst\u00e4rkung auf Partnerebene - IMMOBILIEN Business","isPartOf":{"@id":"https:\/\/www.immobilienbusiness.ch\/#website"},"primaryImageOfPage":{"@id":"https:\/\/www.immobilienbusiness.ch\/en\/personalia\/2021-08-13\/kmp-verstaerkung-auf-partnerebene\/#primaryimage"},"image":{"@id":"https:\/\/www.immobilienbusiness.ch\/en\/personalia\/2021-08-13\/kmp-verstaerkung-auf-partnerebene\/#primaryimage"},"thumbnailUrl":"https:\/\/www.immobilienbusiness.ch\/wp-content\/uploads\/2021\/08\/KMP_Nina-Flueckiger.jpg","datePublished":"2021-08-13T06:42:31+00:00","breadcrumb":{"@id":"https:\/\/www.immobilienbusiness.ch\/en\/personalia\/2021-08-13\/kmp-verstaerkung-auf-partnerebene\/#breadcrumb"},"inLanguage":"de","potentialAction":[{"@type":"ReadAction","target":["https:\/\/www.immobilienbusiness.ch\/en\/personalia\/2021-08-13\/kmp-verstaerkung-auf-partnerebene\/"]}]},{"@type":"ImageObject","inLanguage":"de","@id":"https:\/\/www.immobilienbusiness.ch\/en\/personalia\/2021-08-13\/kmp-verstaerkung-auf-partnerebene\/#primaryimage","url":"https:\/\/www.immobilienbusiness.ch\/wp-content\/uploads\/2021\/08\/KMP_Nina-Flueckiger.jpg","contentUrl":"https:\/\/www.immobilienbusiness.ch\/wp-content\/uploads\/2021\/08\/KMP_Nina-Flueckiger.jpg","width":1694,"height":1129,"caption":"Nina Fl\u00fcckiger (Bild: KMP Kuoni Mueller & Partner)"},{"@type":"BreadcrumbList","@id":"https:\/\/www.immobilienbusiness.ch\/en\/personalia\/2021-08-13\/kmp-verstaerkung-auf-partnerebene\/#breadcrumb","itemListElement":[{"@type":"ListItem","position":1,"name":"Home","item":"https:\/\/www.immobilienbusiness.ch\/"},{"@type":"ListItem","position":2,"name":"KMP: Verst\u00e4rkung auf Partnerebene"}]},{"@type":"WebSite","@id":"https:\/\/www.immobilienbusiness.ch\/#website","url":"https:\/\/www.immobilienbusiness.ch\/","name":"IMMOBILIEN Business","description":"Unabh\u00e4ngiges Schweizer Wirtschaftsmagazin mit Fokus auf Immobilien, Architektur- und Bau sowie Investment- und Finanzierung.","publisher":{"@id":"https:\/\/www.immobilienbusiness.ch\/#organization"},"potentialAction":[{"@type":"SearchAction","target":{"@type":"EntryPoint","urlTemplate":"https:\/\/www.immobilienbusiness.ch\/?s={search_term_string}"},"query-input":{"@type":"PropertyValueSpecification","valueRequired":true,"valueName":"search_term_string"}}],"inLanguage":"de"},{"@type":"Organization","@id":"https:\/\/www.immobilienbusiness.ch\/#organization","name":"IMMOBILIEN Business","url":"https:\/\/www.immobilienbusiness.ch\/","logo":{"@type":"ImageObject","inLanguage":"de","@id":"https:\/\/www.immobilienbusiness.ch\/#\/schema\/logo\/image\/","url":"https:\/\/www.immobilienbusiness.ch\/wp-content\/uploads\/2021\/07\/logo_ib.png","contentUrl":"https:\/\/www.immobilienbusiness.ch\/wp-content\/uploads\/2021\/07\/logo_ib.png","width":800,"height":181,"caption":"IMMOBILIEN Business"},"image":{"@id":"https:\/\/www.immobilienbusiness.ch\/#\/schema\/logo\/image\/"},"sameAs":["https:\/\/www.facebook.com\/immobilienbusiness\/"]},{"@type":"Person","@id":"https:\/\/www.immobilienbusiness.ch\/#\/schema\/person\/3fc036297b10b9f42d6db5ee932af8c8","name":"anja.hall","image":{"@type":"ImageObject","inLanguage":"de","@id":"https:\/\/secure.gravatar.com\/avatar\/066b5a0d447013502c71a5782f4f3469f03cfe595cc2329fb94652fe47511bfb?s=96&d=mm&r=g","url":"https:\/\/secure.gravatar.com\/avatar\/066b5a0d447013502c71a5782f4f3469f03cfe595cc2329fb94652fe47511bfb?s=96&d=mm&r=g","contentUrl":"https:\/\/secure.gravatar.com\/avatar\/066b5a0d447013502c71a5782f4f3469f03cfe595cc2329fb94652fe47511bfb?s=96&d=mm&r=g","caption":"anja.hall"},"url":"https:\/\/www.immobilienbusiness.ch\/de\/author\/anja-hall\/"}]}},"_links":{"self":[{"href":"https:\/\/www.immobilienbusiness.ch\/de\/wp-json\/wp\/v2\/posts\/38010","targetHints":{"allow":["GET"]}}],"collection":[{"href":"https:\/\/www.immobilienbusiness.ch\/de\/wp-json\/wp\/v2\/posts"}],"about":[{"href":"https:\/\/www.immobilienbusiness.ch\/de\/wp-json\/wp\/v2\/types\/post"}],"author":[{"embeddable":true,"href":"https:\/\/www.immobilienbusiness.ch\/de\/wp-json\/wp\/v2\/users\/3"}],"replies":[{"embeddable":true,"href":"https:\/\/www.immobilienbusiness.ch\/de\/wp-json\/wp\/v2\/comments?post=38010"}],"version-history":[{"count":1,"href":"https:\/\/www.immobilienbusiness.ch\/de\/wp-json\/wp\/v2\/posts\/38010\/revisions"}],"predecessor-version":[{"id":38012,"href":"https:\/\/www.immobilienbusiness.ch\/de\/wp-json\/wp\/v2\/posts\/38010\/revisions\/38012"}],"wp:featuredmedia":[{"embeddable":true,"href":"https:\/\/www.immobilienbusiness.ch\/de\/wp-json\/wp\/v2\/media\/38011"}],"wp:attachment":[{"href":"https:\/\/www.immobilienbusiness.ch\/de\/wp-json\/wp\/v2\/media?parent=38010"}],"wp:term":[{"taxonomy":"category","embeddable":true,"href":"https:\/\/www.immobilienbusiness.ch\/de\/wp-json\/wp\/v2\/categories?post=38010"},{"taxonomy":"post_tag","embeddable":true,"href":"https:\/\/www.immobilienbusiness.ch\/de\/wp-json\/wp\/v2\/tags?post=38010"}],"curies":[{"name":"wp","href":"https:\/\/api.w.org\/{rel}","templated":true}]}}