{"id":37880,"date":"2021-07-28T09:06:28","date_gmt":"2021-07-28T07:06:28","guid":{"rendered":"https:\/\/www.immobilienbusiness.ch\/?p=37880"},"modified":"2021-07-28T09:06:28","modified_gmt":"2021-07-28T07:06:28","slug":"svit-der-mietwohnungsmarkt-belebt-sich","status":"publish","type":"post","link":"https:\/\/www.immobilienbusiness.ch\/de\/residential\/2021-07-28\/svit-der-mietwohnungsmarkt-belebt-sich\/","title":{"rendered":"SVIT: Der Mietwohnungsmarkt belebt sich"},"content":{"rendered":"<figure id=\"attachment_7807\" aria-describedby=\"caption-attachment-7807\" style=\"width: 300px\" class=\"wp-caption alignnone\"><img loading=\"lazy\" decoding=\"async\" class=\"size-medium wp-image-7807\" src=\"https:\/\/www.immobilienbusiness.ch\/wp-content\/uploads\/2017\/05\/Depositphotos_8214570_m-2015-300x225.jpg\" alt=\"\" width=\"300\" height=\"225\" srcset=\"https:\/\/www.immobilienbusiness.ch\/wp-content\/uploads\/2017\/05\/Depositphotos_8214570_m-2015-300x225.jpg 300w, https:\/\/www.immobilienbusiness.ch\/wp-content\/uploads\/2017\/05\/Depositphotos_8214570_m-2015-768x576.jpg 768w, https:\/\/www.immobilienbusiness.ch\/wp-content\/uploads\/2017\/05\/Depositphotos_8214570_m-2015-16x12.jpg 16w, https:\/\/www.immobilienbusiness.ch\/wp-content\/uploads\/2017\/05\/Depositphotos_8214570_m-2015-233x175.jpg 233w, https:\/\/www.immobilienbusiness.ch\/wp-content\/uploads\/2017\/05\/Depositphotos_8214570_m-2015-467x350.jpg 467w, https:\/\/www.immobilienbusiness.ch\/wp-content\/uploads\/2017\/05\/Depositphotos_8214570_m-2015-920x690.jpg 920w, https:\/\/www.immobilienbusiness.ch\/wp-content\/uploads\/2017\/05\/Depositphotos_8214570_m-2015.jpg 1000w\" sizes=\"auto, (max-width: 300px) 100vw, 300px\" \/><figcaption id=\"caption-attachment-7807\" class=\"wp-caption-text\">Laut dem Online-Index OWI belebt sich der Mietwohnungsmarkt in Folge der Pandemie deutlich (Bild: arquiplay77 &#8211; depositphotos)<\/figcaption><\/figure>\n<p>Gegen\u00fcber der Vorjahresperiode ist die Zahl der auf den Immobilienportalen inserierten Mietwohnungen um 13% auf 513.000 Objekte angewachsen, teilt SVIT Schweiz mit. Gleichzeitig habe sich die durchschnittliche Insertionsdauer um zwei auf 32 Tage verk\u00fcrzt.<\/p>\n<p>Die verk\u00fcrzte Insertionszeit bei gleichzeitigem Anstieg der Inserate zeige nach Ansicht von SVIT Schweiz, dass sich der Mietwohnungsmarkt deutlich belebe und die Nachfrage steige bzw. dass die Mietdauer abnehme. Die Covid-19-Pandemie habe diesen gesamtschweizerischen Trend noch befeuert: Es sei davon auszugehen, dass die Pandemie f\u00fcr viele Mieter der Ausl\u00f6ser war, die eigene Wohnsituation zu \u00fcberpr\u00fcfen und anzupassen, schreibt SVIT in einer Mitteilung.<\/p>\n<p>Anzeichen f\u00fcr die viel zitierte Stadtflucht seien nicht erkennbar. So habe das Corona-Jahr in den St\u00e4dten am Mietwohnungsmarkt zu einem sprunghaften Anstieg der Wohnungsinserate gef\u00fchrt. In den zw\u00f6lf untersuchten St\u00e4dten stieg die Zahl der Inserate um insgesamt 32% &#8211; in der Vorjahresperiode war lediglich ein Plus von 3,5% zu verzeichnen. Dies deute darauf hin, dass Mieter die Stadt nicht verlassen, vielmehr sei es zu deutlich mehr Binnenbewegungen, so SVIT Schweiz. <em>(ah)<\/em><\/p>\n","protected":false},"excerpt":{"rendered":"<p>Laut dem Online-Wohnungsindex OWI von SVIT Schweiz und dem Swiss Real Estate Institute hat sich das Angebot an Mietwohnungen auf den Schweizer Immobilienportalen zwischen April 2020 und M\u00e4rz 2021 deutlich ausgeweitet.<\/p>\n","protected":false},"author":3,"featured_media":7807,"comment_status":"closed","ping_status":"closed","sticky":false,"template":"","format":"standard","meta":{"_acf_changed":false,"_yoast_wpseo_focuskw":"SVIT","_yoast_wpseo_title":"","_yoast_wpseo_metadesc":"Laut dem Online-Wohnungsindex OWI von SVIT Schweiz und dem Swiss Real Estate Institute ist das Angebot an Mietwohnungen deutlich angewachsen.","_yoast_wpseo_linkdex":50,"pgc_sgb_lightbox_settings":"","footnotes":""},"categories":[986],"tags":[1352,1492,1749],"class_list":["post-37880","post","type-post","status-publish","format-standard","has-post-thumbnail","hentry","category-residential","tag-immobilienmaerkte-schweiz","tag-mietwohnungen","tag-svit"],"acf":[],"yoast_head":"<!-- This site is optimized with the Yoast SEO plugin v27.4 - https:\/\/yoast.com\/product\/yoast-seo-wordpress\/ -->\n<title>SVIT: Der Mietwohnungsmarkt belebt sich - IMMOBILIEN Business<\/title>\n<meta name=\"description\" content=\"Laut dem Online-Wohnungsindex OWI von SVIT Schweiz und dem Swiss Real Estate Institute ist das Angebot an Mietwohnungen deutlich angewachsen.\" \/>\n<meta name=\"robots\" content=\"index, follow, max-snippet:-1, max-image-preview:large, max-video-preview:-1\" \/>\n<link rel=\"canonical\" href=\"https:\/\/www.immobilienbusiness.ch\/de\/residential\/2021-07-28\/svit-der-mietwohnungsmarkt-belebt-sich\/\" \/>\n<meta property=\"og:locale\" content=\"de_DE\" \/>\n<meta property=\"og:type\" content=\"article\" \/>\n<meta property=\"og:title\" content=\"SVIT: Der Mietwohnungsmarkt belebt sich - IMMOBILIEN Business\" \/>\n<meta property=\"og:description\" content=\"Laut dem Online-Wohnungsindex OWI von SVIT Schweiz und dem Swiss Real Estate Institute ist das Angebot an Mietwohnungen deutlich angewachsen.\" \/>\n<meta property=\"og:url\" content=\"https:\/\/www.immobilienbusiness.ch\/de\/residential\/2021-07-28\/svit-der-mietwohnungsmarkt-belebt-sich\/\" \/>\n<meta property=\"og:site_name\" content=\"IMMOBILIEN Business\" \/>\n<meta property=\"article:publisher\" content=\"https:\/\/www.facebook.com\/immobilienbusiness\/\" \/>\n<meta property=\"article:published_time\" content=\"2021-07-28T07:06:28+00:00\" \/>\n<meta property=\"og:image\" content=\"https:\/\/www.immobilienbusiness.ch\/wp-content\/uploads\/2017\/05\/Depositphotos_8214570_m-2015.jpg\" \/>\n\t<meta property=\"og:image:width\" content=\"1000\" \/>\n\t<meta property=\"og:image:height\" content=\"750\" \/>\n\t<meta property=\"og:image:type\" content=\"image\/jpeg\" \/>\n<meta name=\"author\" content=\"anja.hall\" \/>\n<meta name=\"twitter:card\" content=\"summary_large_image\" \/>\n<meta name=\"twitter:image\" content=\"https:\/\/www.immobilienbusiness.ch\/wp-content\/uploads\/2017\/05\/Depositphotos_8214570_m-2015.jpg\" \/>\n<script type=\"application\/ld+json\" class=\"yoast-schema-graph\">{\"@context\":\"https:\\\/\\\/schema.org\",\"@graph\":[{\"@type\":\"Article\",\"@id\":\"https:\\\/\\\/www.immobilienbusiness.ch\\\/de\\\/residential\\\/2021-07-28\\\/svit-der-mietwohnungsmarkt-belebt-sich\\\/#article\",\"isPartOf\":{\"@id\":\"https:\\\/\\\/www.immobilienbusiness.ch\\\/de\\\/residential\\\/2021-07-28\\\/svit-der-mietwohnungsmarkt-belebt-sich\\\/\"},\"author\":{\"name\":\"anja.hall\",\"@id\":\"https:\\\/\\\/www.immobilienbusiness.ch\\\/#\\\/schema\\\/person\\\/3fc036297b10b9f42d6db5ee932af8c8\"},\"headline\":\"SVIT: Der Mietwohnungsmarkt belebt sich\",\"datePublished\":\"2021-07-28T07:06:28+00:00\",\"mainEntityOfPage\":{\"@id\":\"https:\\\/\\\/www.immobilienbusiness.ch\\\/de\\\/residential\\\/2021-07-28\\\/svit-der-mietwohnungsmarkt-belebt-sich\\\/\"},\"wordCount\":203,\"publisher\":{\"@id\":\"https:\\\/\\\/www.immobilienbusiness.ch\\\/#organization\"},\"image\":{\"@id\":\"https:\\\/\\\/www.immobilienbusiness.ch\\\/de\\\/residential\\\/2021-07-28\\\/svit-der-mietwohnungsmarkt-belebt-sich\\\/#primaryimage\"},\"thumbnailUrl\":\"https:\\\/\\\/www.immobilienbusiness.ch\\\/wp-content\\\/uploads\\\/2017\\\/05\\\/Depositphotos_8214570_m-2015.jpg\",\"keywords\":[\"Immobilienm\u00e4rkte Schweiz\",\"Mietwohnungen\",\"SVIT\"],\"articleSection\":[\"RESIDENTIAL\"],\"inLanguage\":\"de\"},{\"@type\":\"WebPage\",\"@id\":\"https:\\\/\\\/www.immobilienbusiness.ch\\\/de\\\/residential\\\/2021-07-28\\\/svit-der-mietwohnungsmarkt-belebt-sich\\\/\",\"url\":\"https:\\\/\\\/www.immobilienbusiness.ch\\\/de\\\/residential\\\/2021-07-28\\\/svit-der-mietwohnungsmarkt-belebt-sich\\\/\",\"name\":\"SVIT: Der Mietwohnungsmarkt belebt sich - IMMOBILIEN Business\",\"isPartOf\":{\"@id\":\"https:\\\/\\\/www.immobilienbusiness.ch\\\/#website\"},\"primaryImageOfPage\":{\"@id\":\"https:\\\/\\\/www.immobilienbusiness.ch\\\/de\\\/residential\\\/2021-07-28\\\/svit-der-mietwohnungsmarkt-belebt-sich\\\/#primaryimage\"},\"image\":{\"@id\":\"https:\\\/\\\/www.immobilienbusiness.ch\\\/de\\\/residential\\\/2021-07-28\\\/svit-der-mietwohnungsmarkt-belebt-sich\\\/#primaryimage\"},\"thumbnailUrl\":\"https:\\\/\\\/www.immobilienbusiness.ch\\\/wp-content\\\/uploads\\\/2017\\\/05\\\/Depositphotos_8214570_m-2015.jpg\",\"datePublished\":\"2021-07-28T07:06:28+00:00\",\"description\":\"Laut dem Online-Wohnungsindex OWI von SVIT Schweiz und dem Swiss Real Estate Institute ist das Angebot an Mietwohnungen deutlich angewachsen.\",\"breadcrumb\":{\"@id\":\"https:\\\/\\\/www.immobilienbusiness.ch\\\/de\\\/residential\\\/2021-07-28\\\/svit-der-mietwohnungsmarkt-belebt-sich\\\/#breadcrumb\"},\"inLanguage\":\"de\",\"potentialAction\":[{\"@type\":\"ReadAction\",\"target\":[\"https:\\\/\\\/www.immobilienbusiness.ch\\\/de\\\/residential\\\/2021-07-28\\\/svit-der-mietwohnungsmarkt-belebt-sich\\\/\"]}]},{\"@type\":\"ImageObject\",\"inLanguage\":\"de\",\"@id\":\"https:\\\/\\\/www.immobilienbusiness.ch\\\/de\\\/residential\\\/2021-07-28\\\/svit-der-mietwohnungsmarkt-belebt-sich\\\/#primaryimage\",\"url\":\"https:\\\/\\\/www.immobilienbusiness.ch\\\/wp-content\\\/uploads\\\/2017\\\/05\\\/Depositphotos_8214570_m-2015.jpg\",\"contentUrl\":\"https:\\\/\\\/www.immobilienbusiness.ch\\\/wp-content\\\/uploads\\\/2017\\\/05\\\/Depositphotos_8214570_m-2015.jpg\",\"width\":1000,\"height\":750,\"caption\":\"In Basel sollen Senioren dazu ermuntert werden, in kleinere Wohnungen zu ziehen (Symbolbild: arquiplay77 - depositphotos)\"},{\"@type\":\"BreadcrumbList\",\"@id\":\"https:\\\/\\\/www.immobilienbusiness.ch\\\/de\\\/residential\\\/2021-07-28\\\/svit-der-mietwohnungsmarkt-belebt-sich\\\/#breadcrumb\",\"itemListElement\":[{\"@type\":\"ListItem\",\"position\":1,\"name\":\"Home\",\"item\":\"https:\\\/\\\/www.immobilienbusiness.ch\\\/\"},{\"@type\":\"ListItem\",\"position\":2,\"name\":\"SVIT: Der Mietwohnungsmarkt belebt sich\"}]},{\"@type\":\"WebSite\",\"@id\":\"https:\\\/\\\/www.immobilienbusiness.ch\\\/#website\",\"url\":\"https:\\\/\\\/www.immobilienbusiness.ch\\\/\",\"name\":\"IMMOBILIEN Business\",\"description\":\"Unabh\u00e4ngiges Schweizer Wirtschaftsmagazin mit Fokus auf Immobilien, Architektur- und Bau sowie Investment- und Finanzierung.\",\"publisher\":{\"@id\":\"https:\\\/\\\/www.immobilienbusiness.ch\\\/#organization\"},\"potentialAction\":[{\"@type\":\"SearchAction\",\"target\":{\"@type\":\"EntryPoint\",\"urlTemplate\":\"https:\\\/\\\/www.immobilienbusiness.ch\\\/?s={search_term_string}\"},\"query-input\":{\"@type\":\"PropertyValueSpecification\",\"valueRequired\":true,\"valueName\":\"search_term_string\"}}],\"inLanguage\":\"de\"},{\"@type\":\"Organization\",\"@id\":\"https:\\\/\\\/www.immobilienbusiness.ch\\\/#organization\",\"name\":\"IMMOBILIEN Business\",\"url\":\"https:\\\/\\\/www.immobilienbusiness.ch\\\/\",\"logo\":{\"@type\":\"ImageObject\",\"inLanguage\":\"de\",\"@id\":\"https:\\\/\\\/www.immobilienbusiness.ch\\\/#\\\/schema\\\/logo\\\/image\\\/\",\"url\":\"https:\\\/\\\/www.immobilienbusiness.ch\\\/wp-content\\\/uploads\\\/2021\\\/07\\\/logo_ib.png\",\"contentUrl\":\"https:\\\/\\\/www.immobilienbusiness.ch\\\/wp-content\\\/uploads\\\/2021\\\/07\\\/logo_ib.png\",\"width\":800,\"height\":181,\"caption\":\"IMMOBILIEN Business\"},\"image\":{\"@id\":\"https:\\\/\\\/www.immobilienbusiness.ch\\\/#\\\/schema\\\/logo\\\/image\\\/\"},\"sameAs\":[\"https:\\\/\\\/www.facebook.com\\\/immobilienbusiness\\\/\"]},{\"@type\":\"Person\",\"@id\":\"https:\\\/\\\/www.immobilienbusiness.ch\\\/#\\\/schema\\\/person\\\/3fc036297b10b9f42d6db5ee932af8c8\",\"name\":\"anja.hall\",\"image\":{\"@type\":\"ImageObject\",\"inLanguage\":\"de\",\"@id\":\"https:\\\/\\\/secure.gravatar.com\\\/avatar\\\/066b5a0d447013502c71a5782f4f3469f03cfe595cc2329fb94652fe47511bfb?s=96&d=mm&r=g\",\"url\":\"https:\\\/\\\/secure.gravatar.com\\\/avatar\\\/066b5a0d447013502c71a5782f4f3469f03cfe595cc2329fb94652fe47511bfb?s=96&d=mm&r=g\",\"contentUrl\":\"https:\\\/\\\/secure.gravatar.com\\\/avatar\\\/066b5a0d447013502c71a5782f4f3469f03cfe595cc2329fb94652fe47511bfb?s=96&d=mm&r=g\",\"caption\":\"anja.hall\"},\"url\":\"https:\\\/\\\/www.immobilienbusiness.ch\\\/de\\\/author\\\/anja-hall\\\/\"}]}<\/script>\n<!-- \/ Yoast SEO plugin. -->","yoast_head_json":{"title":"SVIT: Der Mietwohnungsmarkt belebt sich - IMMOBILIEN Business","description":"Laut dem Online-Wohnungsindex OWI von SVIT Schweiz und dem Swiss Real Estate Institute ist das Angebot an Mietwohnungen deutlich angewachsen.","robots":{"index":"index","follow":"follow","max-snippet":"max-snippet:-1","max-image-preview":"max-image-preview:large","max-video-preview":"max-video-preview:-1"},"canonical":"https:\/\/www.immobilienbusiness.ch\/de\/residential\/2021-07-28\/svit-der-mietwohnungsmarkt-belebt-sich\/","og_locale":"de_DE","og_type":"article","og_title":"SVIT: Der Mietwohnungsmarkt belebt sich - IMMOBILIEN Business","og_description":"Laut dem Online-Wohnungsindex OWI von SVIT Schweiz und dem Swiss Real Estate Institute ist das Angebot an Mietwohnungen deutlich angewachsen.","og_url":"https:\/\/www.immobilienbusiness.ch\/de\/residential\/2021-07-28\/svit-der-mietwohnungsmarkt-belebt-sich\/","og_site_name":"IMMOBILIEN Business","article_publisher":"https:\/\/www.facebook.com\/immobilienbusiness\/","article_published_time":"2021-07-28T07:06:28+00:00","og_image":[{"width":1000,"height":750,"url":"https:\/\/www.immobilienbusiness.ch\/wp-content\/uploads\/2017\/05\/Depositphotos_8214570_m-2015.jpg","type":"image\/jpeg"}],"author":"anja.hall","twitter_card":"summary_large_image","twitter_image":"https:\/\/www.immobilienbusiness.ch\/wp-content\/uploads\/2017\/05\/Depositphotos_8214570_m-2015.jpg","schema":{"@context":"https:\/\/schema.org","@graph":[{"@type":"Article","@id":"https:\/\/www.immobilienbusiness.ch\/de\/residential\/2021-07-28\/svit-der-mietwohnungsmarkt-belebt-sich\/#article","isPartOf":{"@id":"https:\/\/www.immobilienbusiness.ch\/de\/residential\/2021-07-28\/svit-der-mietwohnungsmarkt-belebt-sich\/"},"author":{"name":"anja.hall","@id":"https:\/\/www.immobilienbusiness.ch\/#\/schema\/person\/3fc036297b10b9f42d6db5ee932af8c8"},"headline":"SVIT: Der Mietwohnungsmarkt belebt sich","datePublished":"2021-07-28T07:06:28+00:00","mainEntityOfPage":{"@id":"https:\/\/www.immobilienbusiness.ch\/de\/residential\/2021-07-28\/svit-der-mietwohnungsmarkt-belebt-sich\/"},"wordCount":203,"publisher":{"@id":"https:\/\/www.immobilienbusiness.ch\/#organization"},"image":{"@id":"https:\/\/www.immobilienbusiness.ch\/de\/residential\/2021-07-28\/svit-der-mietwohnungsmarkt-belebt-sich\/#primaryimage"},"thumbnailUrl":"https:\/\/www.immobilienbusiness.ch\/wp-content\/uploads\/2017\/05\/Depositphotos_8214570_m-2015.jpg","keywords":["Immobilienm\u00e4rkte Schweiz","Mietwohnungen","SVIT"],"articleSection":["RESIDENTIAL"],"inLanguage":"de"},{"@type":"WebPage","@id":"https:\/\/www.immobilienbusiness.ch\/de\/residential\/2021-07-28\/svit-der-mietwohnungsmarkt-belebt-sich\/","url":"https:\/\/www.immobilienbusiness.ch\/de\/residential\/2021-07-28\/svit-der-mietwohnungsmarkt-belebt-sich\/","name":"SVIT: Der Mietwohnungsmarkt belebt sich - IMMOBILIEN Business","isPartOf":{"@id":"https:\/\/www.immobilienbusiness.ch\/#website"},"primaryImageOfPage":{"@id":"https:\/\/www.immobilienbusiness.ch\/de\/residential\/2021-07-28\/svit-der-mietwohnungsmarkt-belebt-sich\/#primaryimage"},"image":{"@id":"https:\/\/www.immobilienbusiness.ch\/de\/residential\/2021-07-28\/svit-der-mietwohnungsmarkt-belebt-sich\/#primaryimage"},"thumbnailUrl":"https:\/\/www.immobilienbusiness.ch\/wp-content\/uploads\/2017\/05\/Depositphotos_8214570_m-2015.jpg","datePublished":"2021-07-28T07:06:28+00:00","description":"Laut dem Online-Wohnungsindex OWI von SVIT Schweiz und dem Swiss Real Estate Institute ist das Angebot an Mietwohnungen deutlich angewachsen.","breadcrumb":{"@id":"https:\/\/www.immobilienbusiness.ch\/de\/residential\/2021-07-28\/svit-der-mietwohnungsmarkt-belebt-sich\/#breadcrumb"},"inLanguage":"de","potentialAction":[{"@type":"ReadAction","target":["https:\/\/www.immobilienbusiness.ch\/de\/residential\/2021-07-28\/svit-der-mietwohnungsmarkt-belebt-sich\/"]}]},{"@type":"ImageObject","inLanguage":"de","@id":"https:\/\/www.immobilienbusiness.ch\/de\/residential\/2021-07-28\/svit-der-mietwohnungsmarkt-belebt-sich\/#primaryimage","url":"https:\/\/www.immobilienbusiness.ch\/wp-content\/uploads\/2017\/05\/Depositphotos_8214570_m-2015.jpg","contentUrl":"https:\/\/www.immobilienbusiness.ch\/wp-content\/uploads\/2017\/05\/Depositphotos_8214570_m-2015.jpg","width":1000,"height":750,"caption":"In Basel sollen Senioren dazu ermuntert werden, in kleinere Wohnungen zu ziehen (Symbolbild: arquiplay77 - depositphotos)"},{"@type":"BreadcrumbList","@id":"https:\/\/www.immobilienbusiness.ch\/de\/residential\/2021-07-28\/svit-der-mietwohnungsmarkt-belebt-sich\/#breadcrumb","itemListElement":[{"@type":"ListItem","position":1,"name":"Home","item":"https:\/\/www.immobilienbusiness.ch\/"},{"@type":"ListItem","position":2,"name":"SVIT: Der Mietwohnungsmarkt belebt sich"}]},{"@type":"WebSite","@id":"https:\/\/www.immobilienbusiness.ch\/#website","url":"https:\/\/www.immobilienbusiness.ch\/","name":"IMMOBILIEN Business","description":"Unabh\u00e4ngiges Schweizer Wirtschaftsmagazin mit Fokus auf Immobilien, Architektur- und Bau sowie Investment- und Finanzierung.","publisher":{"@id":"https:\/\/www.immobilienbusiness.ch\/#organization"},"potentialAction":[{"@type":"SearchAction","target":{"@type":"EntryPoint","urlTemplate":"https:\/\/www.immobilienbusiness.ch\/?s={search_term_string}"},"query-input":{"@type":"PropertyValueSpecification","valueRequired":true,"valueName":"search_term_string"}}],"inLanguage":"de"},{"@type":"Organization","@id":"https:\/\/www.immobilienbusiness.ch\/#organization","name":"IMMOBILIEN Business","url":"https:\/\/www.immobilienbusiness.ch\/","logo":{"@type":"ImageObject","inLanguage":"de","@id":"https:\/\/www.immobilienbusiness.ch\/#\/schema\/logo\/image\/","url":"https:\/\/www.immobilienbusiness.ch\/wp-content\/uploads\/2021\/07\/logo_ib.png","contentUrl":"https:\/\/www.immobilienbusiness.ch\/wp-content\/uploads\/2021\/07\/logo_ib.png","width":800,"height":181,"caption":"IMMOBILIEN Business"},"image":{"@id":"https:\/\/www.immobilienbusiness.ch\/#\/schema\/logo\/image\/"},"sameAs":["https:\/\/www.facebook.com\/immobilienbusiness\/"]},{"@type":"Person","@id":"https:\/\/www.immobilienbusiness.ch\/#\/schema\/person\/3fc036297b10b9f42d6db5ee932af8c8","name":"anja.hall","image":{"@type":"ImageObject","inLanguage":"de","@id":"https:\/\/secure.gravatar.com\/avatar\/066b5a0d447013502c71a5782f4f3469f03cfe595cc2329fb94652fe47511bfb?s=96&d=mm&r=g","url":"https:\/\/secure.gravatar.com\/avatar\/066b5a0d447013502c71a5782f4f3469f03cfe595cc2329fb94652fe47511bfb?s=96&d=mm&r=g","contentUrl":"https:\/\/secure.gravatar.com\/avatar\/066b5a0d447013502c71a5782f4f3469f03cfe595cc2329fb94652fe47511bfb?s=96&d=mm&r=g","caption":"anja.hall"},"url":"https:\/\/www.immobilienbusiness.ch\/de\/author\/anja-hall\/"}]}},"_links":{"self":[{"href":"https:\/\/www.immobilienbusiness.ch\/de\/wp-json\/wp\/v2\/posts\/37880","targetHints":{"allow":["GET"]}}],"collection":[{"href":"https:\/\/www.immobilienbusiness.ch\/de\/wp-json\/wp\/v2\/posts"}],"about":[{"href":"https:\/\/www.immobilienbusiness.ch\/de\/wp-json\/wp\/v2\/types\/post"}],"author":[{"embeddable":true,"href":"https:\/\/www.immobilienbusiness.ch\/de\/wp-json\/wp\/v2\/users\/3"}],"replies":[{"embeddable":true,"href":"https:\/\/www.immobilienbusiness.ch\/de\/wp-json\/wp\/v2\/comments?post=37880"}],"version-history":[{"count":1,"href":"https:\/\/www.immobilienbusiness.ch\/de\/wp-json\/wp\/v2\/posts\/37880\/revisions"}],"predecessor-version":[{"id":37881,"href":"https:\/\/www.immobilienbusiness.ch\/de\/wp-json\/wp\/v2\/posts\/37880\/revisions\/37881"}],"wp:featuredmedia":[{"embeddable":true,"href":"https:\/\/www.immobilienbusiness.ch\/de\/wp-json\/wp\/v2\/media\/7807"}],"wp:attachment":[{"href":"https:\/\/www.immobilienbusiness.ch\/de\/wp-json\/wp\/v2\/media?parent=37880"}],"wp:term":[{"taxonomy":"category","embeddable":true,"href":"https:\/\/www.immobilienbusiness.ch\/de\/wp-json\/wp\/v2\/categories?post=37880"},{"taxonomy":"post_tag","embeddable":true,"href":"https:\/\/www.immobilienbusiness.ch\/de\/wp-json\/wp\/v2\/tags?post=37880"}],"curies":[{"name":"wp","href":"https:\/\/api.w.org\/{rel}","templated":true}]}}