{"id":3784,"date":"2016-09-02T07:51:22","date_gmt":"2016-09-02T05:51:22","guid":{"rendered":"http:\/\/dev.immobilienbusiness.ch\/?p=3784"},"modified":"2016-09-02T07:51:22","modified_gmt":"2016-09-02T05:51:22","slug":"wincasa-center-management-mit-neuer-struktur","status":"publish","type":"post","link":"https:\/\/www.immobilienbusiness.ch\/de\/retail\/2016-09-02\/wincasa-center-management-mit-neuer-struktur\/","title":{"rendered":"Wincasa Center Management mit neuer Struktur"},"content":{"rendered":"<figure id=\"attachment_3785\" aria-describedby=\"caption-attachment-3785\" style=\"width: 485px\" class=\"wp-caption alignnone\"><img loading=\"lazy\" decoding=\"async\" class=\"size-full wp-image-3785\" src=\"https:\/\/immobilienbusiness.ch\/wp-content\/uploads\/2016\/12\/Wincasa-Center-Management-mit-neuer-Struktur-immobilien-business.jpg\" alt=\"Jean Genolet (Foto: \u00a9 Clara Tuma)\" width=\"485\" height=\"286\" srcset=\"https:\/\/www.immobilienbusiness.ch\/wp-content\/uploads\/2016\/12\/Wincasa-Center-Management-mit-neuer-Struktur-immobilien-business.jpg 485w, https:\/\/www.immobilienbusiness.ch\/wp-content\/uploads\/2016\/12\/Wincasa-Center-Management-mit-neuer-Struktur-immobilien-business-300x177.jpg 300w, https:\/\/www.immobilienbusiness.ch\/wp-content\/uploads\/2016\/12\/Wincasa-Center-Management-mit-neuer-Struktur-immobilien-business-16x9.jpg 16w, https:\/\/www.immobilienbusiness.ch\/wp-content\/uploads\/2016\/12\/Wincasa-Center-Management-mit-neuer-Struktur-immobilien-business-297x175.jpg 297w\" sizes=\"auto, (max-width: 485px) 100vw, 485px\" \/><figcaption id=\"caption-attachment-3785\" class=\"wp-caption-text\">Jean Genolet (Foto: \u00a9 Clara Tuma)<\/figcaption><\/figure>\n<p>\u00abWir wollen n\u00e4her an den Markt, n\u00e4her zum Endkunden\u00bb, begr\u00fcndet Jean Genolet, seit einem Jahr der neue Leiter Center Management Westschweiz bei Wincasa, die strategische Anpassung. \u00abWir betreiben quer durch die Romandie von La Chaux-de-Fonds bis nach Sion und von Genf bis nach Biel unterschiedlichste Shopping Center\u00bb, sagt er. \u00abDas alles aus Genf zu steuern war nicht optimal.\u00bb<\/p>\n<p>Die Sparte betreut schweizweit rund 80 Shopping Center und Retail-Liegenschaften mit einer Fl\u00e4che von insgesamt 600.000 qm. Neu tr\u00e4gt Jean Genolet die Gesamtverantwortung f\u00fcr die Westschweiz mit 23 Shopping Centern.<\/p>\n<p>Der Genfer Hub wird neu von Yvan Meyer geleitet, der gleichzeitig mit La Praille auch dem gr\u00f6ssten der von Wincasa betriebenen Shopping Center in der Westschweiz vorsteht.<\/p>\n<p>Der Hub Lausanne wird von St\u00e9phane Gasser gelenkt. Gasser hat vor wenigen Monaten bei Wincasa angeheuert. Er ist seit 15 Jahren in Leitungspositionen in der Retailbranche t\u00e4tig. (ah)<\/p>\n","protected":false},"excerpt":{"rendered":"<p>Der Bereich Center Management des Immobiliendienstleisters Wincasa stellt sich neu auf. K\u00fcnftig gibt es zwei Hubs in Genf und Lausanne statt wie bisher eine Zentrale f\u00fcr die Romandie in Genf.<\/p>\n","protected":false},"author":1,"featured_media":3785,"comment_status":"open","ping_status":"open","sticky":false,"template":"","format":"standard","meta":{"_acf_changed":false,"_yoast_wpseo_focuskw":"Wincasa Center Management mit neuer Struktur","_yoast_wpseo_title":"","_yoast_wpseo_metadesc":"Wincasa Center Management mit neuer Struktur: K\u00fcnftig gibt es zwei Hubs in Genf und Lausanne statt wie bisher eine Zentrale f\u00fcr die Romandie in Genf.","_yoast_wpseo_linkdex":59,"pgc_sgb_lightbox_settings":"","footnotes":""},"categories":[987,988],"tags":[1260,1438,1643,1807],"class_list":["post-3784","post","type-post","status-publish","format-standard","has-post-thumbnail","hentry","category-retail","category-unternehmen","tag-genf","tag-lausanne","tag-retail","tag-unternehmen"],"acf":[],"yoast_head":"<!-- This site is optimized with the Yoast SEO plugin v27.4 - https:\/\/yoast.com\/product\/yoast-seo-wordpress\/ -->\n<title>Wincasa Center Management mit neuer Struktur - IMMOBILIEN Business<\/title>\n<meta name=\"description\" content=\"Wincasa Center Management mit neuer Struktur: K\u00fcnftig gibt es zwei Hubs in Genf und Lausanne statt wie bisher eine Zentrale f\u00fcr die Romandie in Genf.\" \/>\n<meta name=\"robots\" content=\"index, follow, max-snippet:-1, max-image-preview:large, max-video-preview:-1\" \/>\n<link rel=\"canonical\" href=\"https:\/\/www.immobilienbusiness.ch\/de\/retail\/2016-09-02\/wincasa-center-management-mit-neuer-struktur\/\" \/>\n<meta property=\"og:locale\" content=\"de_DE\" \/>\n<meta property=\"og:type\" content=\"article\" \/>\n<meta property=\"og:title\" content=\"Wincasa Center Management mit neuer Struktur\" \/>\n<meta property=\"og:description\" content=\"Der Bereich Center Management des Immobiliendienstleisters Wincasa stellt sich neu auf. K\u00fcnftig gibt es zwei Hubs in Genf und Lausanne statt wie bisher eine Zentrale f\u00fcr die Romandie in Genf.\" \/>\n<meta property=\"og:url\" content=\"https:\/\/www.immobilienbusiness.ch\/de\/retail\/2016-09-02\/wincasa-center-management-mit-neuer-struktur\/\" \/>\n<meta property=\"og:site_name\" content=\"IMMOBILIEN Business\" \/>\n<meta property=\"article:publisher\" content=\"https:\/\/www.facebook.com\/immobilienbusiness\/\" \/>\n<meta property=\"article:published_time\" content=\"2016-09-02T05:51:22+00:00\" \/>\n<meta name=\"author\" content=\"Redaktion\" \/>\n<meta name=\"twitter:card\" content=\"summary_large_image\" \/>\n<meta name=\"twitter:image\" content=\"https:\/\/www.immobilienbusiness.ch\/wp-content\/uploads\/2016\/12\/Wincasa-Center-Management-mit-neuer-Struktur-immobilien-business.jpg\" \/>\n<script type=\"application\/ld+json\" class=\"yoast-schema-graph\">{\"@context\":\"https:\\\/\\\/schema.org\",\"@graph\":[{\"@type\":\"Article\",\"@id\":\"https:\\\/\\\/www.immobilienbusiness.ch\\\/de\\\/retail\\\/2016-09-02\\\/wincasa-center-management-mit-neuer-struktur\\\/#article\",\"isPartOf\":{\"@id\":\"https:\\\/\\\/www.immobilienbusiness.ch\\\/de\\\/retail\\\/2016-09-02\\\/wincasa-center-management-mit-neuer-struktur\\\/\"},\"author\":{\"name\":\"Redaktion\",\"@id\":\"https:\\\/\\\/www.immobilienbusiness.ch\\\/#\\\/schema\\\/person\\\/aa2bace6c5c5aad60102004a50c4eb1c\"},\"headline\":\"Wincasa Center Management mit neuer Struktur\",\"datePublished\":\"2016-09-02T05:51:22+00:00\",\"mainEntityOfPage\":{\"@id\":\"https:\\\/\\\/www.immobilienbusiness.ch\\\/de\\\/retail\\\/2016-09-02\\\/wincasa-center-management-mit-neuer-struktur\\\/\"},\"wordCount\":166,\"commentCount\":0,\"publisher\":{\"@id\":\"https:\\\/\\\/www.immobilienbusiness.ch\\\/#organization\"},\"image\":{\"@id\":\"https:\\\/\\\/www.immobilienbusiness.ch\\\/de\\\/retail\\\/2016-09-02\\\/wincasa-center-management-mit-neuer-struktur\\\/#primaryimage\"},\"thumbnailUrl\":\"https:\\\/\\\/www.immobilienbusiness.ch\\\/wp-content\\\/uploads\\\/2016\\\/12\\\/Wincasa-Center-Management-mit-neuer-Struktur-immobilien-business.jpg\",\"keywords\":[\"Genf\",\"Lausanne\",\"Retail\",\"Unternehmen\"],\"articleSection\":[\"RETAIL\",\"UNTERNEHMEN\"],\"inLanguage\":\"de\"},{\"@type\":\"WebPage\",\"@id\":\"https:\\\/\\\/www.immobilienbusiness.ch\\\/de\\\/retail\\\/2016-09-02\\\/wincasa-center-management-mit-neuer-struktur\\\/\",\"url\":\"https:\\\/\\\/www.immobilienbusiness.ch\\\/de\\\/retail\\\/2016-09-02\\\/wincasa-center-management-mit-neuer-struktur\\\/\",\"name\":\"Wincasa Center Management mit neuer Struktur - IMMOBILIEN Business\",\"isPartOf\":{\"@id\":\"https:\\\/\\\/www.immobilienbusiness.ch\\\/#website\"},\"primaryImageOfPage\":{\"@id\":\"https:\\\/\\\/www.immobilienbusiness.ch\\\/de\\\/retail\\\/2016-09-02\\\/wincasa-center-management-mit-neuer-struktur\\\/#primaryimage\"},\"image\":{\"@id\":\"https:\\\/\\\/www.immobilienbusiness.ch\\\/de\\\/retail\\\/2016-09-02\\\/wincasa-center-management-mit-neuer-struktur\\\/#primaryimage\"},\"thumbnailUrl\":\"https:\\\/\\\/www.immobilienbusiness.ch\\\/wp-content\\\/uploads\\\/2016\\\/12\\\/Wincasa-Center-Management-mit-neuer-Struktur-immobilien-business.jpg\",\"datePublished\":\"2016-09-02T05:51:22+00:00\",\"description\":\"Wincasa Center Management mit neuer Struktur: K\u00fcnftig gibt es zwei Hubs in Genf und Lausanne statt wie bisher eine Zentrale f\u00fcr die Romandie in Genf.\",\"breadcrumb\":{\"@id\":\"https:\\\/\\\/www.immobilienbusiness.ch\\\/de\\\/retail\\\/2016-09-02\\\/wincasa-center-management-mit-neuer-struktur\\\/#breadcrumb\"},\"inLanguage\":\"de\",\"potentialAction\":[{\"@type\":\"ReadAction\",\"target\":[\"https:\\\/\\\/www.immobilienbusiness.ch\\\/de\\\/retail\\\/2016-09-02\\\/wincasa-center-management-mit-neuer-struktur\\\/\"]}]},{\"@type\":\"ImageObject\",\"inLanguage\":\"de\",\"@id\":\"https:\\\/\\\/www.immobilienbusiness.ch\\\/de\\\/retail\\\/2016-09-02\\\/wincasa-center-management-mit-neuer-struktur\\\/#primaryimage\",\"url\":\"https:\\\/\\\/www.immobilienbusiness.ch\\\/wp-content\\\/uploads\\\/2016\\\/12\\\/Wincasa-Center-Management-mit-neuer-Struktur-immobilien-business.jpg\",\"contentUrl\":\"https:\\\/\\\/www.immobilienbusiness.ch\\\/wp-content\\\/uploads\\\/2016\\\/12\\\/Wincasa-Center-Management-mit-neuer-Struktur-immobilien-business.jpg\",\"width\":485,\"height\":286,\"caption\":\"Jean Genolet (Foto: \u00a9 Clara Tuma)\"},{\"@type\":\"BreadcrumbList\",\"@id\":\"https:\\\/\\\/www.immobilienbusiness.ch\\\/de\\\/retail\\\/2016-09-02\\\/wincasa-center-management-mit-neuer-struktur\\\/#breadcrumb\",\"itemListElement\":[{\"@type\":\"ListItem\",\"position\":1,\"name\":\"Home\",\"item\":\"https:\\\/\\\/www.immobilienbusiness.ch\\\/\"},{\"@type\":\"ListItem\",\"position\":2,\"name\":\"Wincasa Center Management mit neuer Struktur\"}]},{\"@type\":\"WebSite\",\"@id\":\"https:\\\/\\\/www.immobilienbusiness.ch\\\/#website\",\"url\":\"https:\\\/\\\/www.immobilienbusiness.ch\\\/\",\"name\":\"IMMOBILIEN Business\",\"description\":\"Unabh\u00e4ngiges Schweizer Wirtschaftsmagazin mit Fokus auf Immobilien, Architektur- und Bau sowie Investment- und Finanzierung.\",\"publisher\":{\"@id\":\"https:\\\/\\\/www.immobilienbusiness.ch\\\/#organization\"},\"potentialAction\":[{\"@type\":\"SearchAction\",\"target\":{\"@type\":\"EntryPoint\",\"urlTemplate\":\"https:\\\/\\\/www.immobilienbusiness.ch\\\/?s={search_term_string}\"},\"query-input\":{\"@type\":\"PropertyValueSpecification\",\"valueRequired\":true,\"valueName\":\"search_term_string\"}}],\"inLanguage\":\"de\"},{\"@type\":\"Organization\",\"@id\":\"https:\\\/\\\/www.immobilienbusiness.ch\\\/#organization\",\"name\":\"IMMOBILIEN Business\",\"url\":\"https:\\\/\\\/www.immobilienbusiness.ch\\\/\",\"logo\":{\"@type\":\"ImageObject\",\"inLanguage\":\"de\",\"@id\":\"https:\\\/\\\/www.immobilienbusiness.ch\\\/#\\\/schema\\\/logo\\\/image\\\/\",\"url\":\"https:\\\/\\\/www.immobilienbusiness.ch\\\/wp-content\\\/uploads\\\/2021\\\/07\\\/logo_ib.png\",\"contentUrl\":\"https:\\\/\\\/www.immobilienbusiness.ch\\\/wp-content\\\/uploads\\\/2021\\\/07\\\/logo_ib.png\",\"width\":800,\"height\":181,\"caption\":\"IMMOBILIEN Business\"},\"image\":{\"@id\":\"https:\\\/\\\/www.immobilienbusiness.ch\\\/#\\\/schema\\\/logo\\\/image\\\/\"},\"sameAs\":[\"https:\\\/\\\/www.facebook.com\\\/immobilienbusiness\\\/\"]},{\"@type\":\"Person\",\"@id\":\"https:\\\/\\\/www.immobilienbusiness.ch\\\/#\\\/schema\\\/person\\\/aa2bace6c5c5aad60102004a50c4eb1c\",\"name\":\"Redaktion\",\"image\":{\"@type\":\"ImageObject\",\"inLanguage\":\"de\",\"@id\":\"https:\\\/\\\/secure.gravatar.com\\\/avatar\\\/ae2f4d718e6c49043e314ce431e7e645d646302a24a5ef5a8bc8e3f5a032e319?s=96&d=mm&r=g\",\"url\":\"https:\\\/\\\/secure.gravatar.com\\\/avatar\\\/ae2f4d718e6c49043e314ce431e7e645d646302a24a5ef5a8bc8e3f5a032e319?s=96&d=mm&r=g\",\"contentUrl\":\"https:\\\/\\\/secure.gravatar.com\\\/avatar\\\/ae2f4d718e6c49043e314ce431e7e645d646302a24a5ef5a8bc8e3f5a032e319?s=96&d=mm&r=g\",\"caption\":\"Redaktion\"},\"sameAs\":[\"http:\\\/\\\/develop.organisator.galledia.ch\"],\"url\":\"https:\\\/\\\/www.immobilienbusiness.ch\\\/de\\\/author\\\/admin\\\/\"}]}<\/script>\n<!-- \/ Yoast SEO plugin. -->","yoast_head_json":{"title":"Wincasa Center Management mit neuer Struktur - IMMOBILIEN Business","description":"Wincasa Center Management mit neuer Struktur: K\u00fcnftig gibt es zwei Hubs in Genf und Lausanne statt wie bisher eine Zentrale f\u00fcr die Romandie in Genf.","robots":{"index":"index","follow":"follow","max-snippet":"max-snippet:-1","max-image-preview":"max-image-preview:large","max-video-preview":"max-video-preview:-1"},"canonical":"https:\/\/www.immobilienbusiness.ch\/de\/retail\/2016-09-02\/wincasa-center-management-mit-neuer-struktur\/","og_locale":"de_DE","og_type":"article","og_title":"Wincasa Center Management mit neuer Struktur","og_description":"Der Bereich Center Management des Immobiliendienstleisters Wincasa stellt sich neu auf. K\u00fcnftig gibt es zwei Hubs in Genf und Lausanne statt wie bisher eine Zentrale f\u00fcr die Romandie in Genf.","og_url":"https:\/\/www.immobilienbusiness.ch\/de\/retail\/2016-09-02\/wincasa-center-management-mit-neuer-struktur\/","og_site_name":"IMMOBILIEN Business","article_publisher":"https:\/\/www.facebook.com\/immobilienbusiness\/","article_published_time":"2016-09-02T05:51:22+00:00","author":"Redaktion","twitter_card":"summary_large_image","twitter_image":"https:\/\/www.immobilienbusiness.ch\/wp-content\/uploads\/2016\/12\/Wincasa-Center-Management-mit-neuer-Struktur-immobilien-business.jpg","schema":{"@context":"https:\/\/schema.org","@graph":[{"@type":"Article","@id":"https:\/\/www.immobilienbusiness.ch\/de\/retail\/2016-09-02\/wincasa-center-management-mit-neuer-struktur\/#article","isPartOf":{"@id":"https:\/\/www.immobilienbusiness.ch\/de\/retail\/2016-09-02\/wincasa-center-management-mit-neuer-struktur\/"},"author":{"name":"Redaktion","@id":"https:\/\/www.immobilienbusiness.ch\/#\/schema\/person\/aa2bace6c5c5aad60102004a50c4eb1c"},"headline":"Wincasa Center Management mit neuer Struktur","datePublished":"2016-09-02T05:51:22+00:00","mainEntityOfPage":{"@id":"https:\/\/www.immobilienbusiness.ch\/de\/retail\/2016-09-02\/wincasa-center-management-mit-neuer-struktur\/"},"wordCount":166,"commentCount":0,"publisher":{"@id":"https:\/\/www.immobilienbusiness.ch\/#organization"},"image":{"@id":"https:\/\/www.immobilienbusiness.ch\/de\/retail\/2016-09-02\/wincasa-center-management-mit-neuer-struktur\/#primaryimage"},"thumbnailUrl":"https:\/\/www.immobilienbusiness.ch\/wp-content\/uploads\/2016\/12\/Wincasa-Center-Management-mit-neuer-Struktur-immobilien-business.jpg","keywords":["Genf","Lausanne","Retail","Unternehmen"],"articleSection":["RETAIL","UNTERNEHMEN"],"inLanguage":"de"},{"@type":"WebPage","@id":"https:\/\/www.immobilienbusiness.ch\/de\/retail\/2016-09-02\/wincasa-center-management-mit-neuer-struktur\/","url":"https:\/\/www.immobilienbusiness.ch\/de\/retail\/2016-09-02\/wincasa-center-management-mit-neuer-struktur\/","name":"Wincasa Center Management mit neuer Struktur - IMMOBILIEN Business","isPartOf":{"@id":"https:\/\/www.immobilienbusiness.ch\/#website"},"primaryImageOfPage":{"@id":"https:\/\/www.immobilienbusiness.ch\/de\/retail\/2016-09-02\/wincasa-center-management-mit-neuer-struktur\/#primaryimage"},"image":{"@id":"https:\/\/www.immobilienbusiness.ch\/de\/retail\/2016-09-02\/wincasa-center-management-mit-neuer-struktur\/#primaryimage"},"thumbnailUrl":"https:\/\/www.immobilienbusiness.ch\/wp-content\/uploads\/2016\/12\/Wincasa-Center-Management-mit-neuer-Struktur-immobilien-business.jpg","datePublished":"2016-09-02T05:51:22+00:00","description":"Wincasa Center Management mit neuer Struktur: K\u00fcnftig gibt es zwei Hubs in Genf und Lausanne statt wie bisher eine Zentrale f\u00fcr die Romandie in Genf.","breadcrumb":{"@id":"https:\/\/www.immobilienbusiness.ch\/de\/retail\/2016-09-02\/wincasa-center-management-mit-neuer-struktur\/#breadcrumb"},"inLanguage":"de","potentialAction":[{"@type":"ReadAction","target":["https:\/\/www.immobilienbusiness.ch\/de\/retail\/2016-09-02\/wincasa-center-management-mit-neuer-struktur\/"]}]},{"@type":"ImageObject","inLanguage":"de","@id":"https:\/\/www.immobilienbusiness.ch\/de\/retail\/2016-09-02\/wincasa-center-management-mit-neuer-struktur\/#primaryimage","url":"https:\/\/www.immobilienbusiness.ch\/wp-content\/uploads\/2016\/12\/Wincasa-Center-Management-mit-neuer-Struktur-immobilien-business.jpg","contentUrl":"https:\/\/www.immobilienbusiness.ch\/wp-content\/uploads\/2016\/12\/Wincasa-Center-Management-mit-neuer-Struktur-immobilien-business.jpg","width":485,"height":286,"caption":"Jean Genolet (Foto: \u00a9 Clara Tuma)"},{"@type":"BreadcrumbList","@id":"https:\/\/www.immobilienbusiness.ch\/de\/retail\/2016-09-02\/wincasa-center-management-mit-neuer-struktur\/#breadcrumb","itemListElement":[{"@type":"ListItem","position":1,"name":"Home","item":"https:\/\/www.immobilienbusiness.ch\/"},{"@type":"ListItem","position":2,"name":"Wincasa Center Management mit neuer Struktur"}]},{"@type":"WebSite","@id":"https:\/\/www.immobilienbusiness.ch\/#website","url":"https:\/\/www.immobilienbusiness.ch\/","name":"IMMOBILIEN Business","description":"Unabh\u00e4ngiges Schweizer Wirtschaftsmagazin mit Fokus auf Immobilien, Architektur- und Bau sowie Investment- und Finanzierung.","publisher":{"@id":"https:\/\/www.immobilienbusiness.ch\/#organization"},"potentialAction":[{"@type":"SearchAction","target":{"@type":"EntryPoint","urlTemplate":"https:\/\/www.immobilienbusiness.ch\/?s={search_term_string}"},"query-input":{"@type":"PropertyValueSpecification","valueRequired":true,"valueName":"search_term_string"}}],"inLanguage":"de"},{"@type":"Organization","@id":"https:\/\/www.immobilienbusiness.ch\/#organization","name":"IMMOBILIEN Business","url":"https:\/\/www.immobilienbusiness.ch\/","logo":{"@type":"ImageObject","inLanguage":"de","@id":"https:\/\/www.immobilienbusiness.ch\/#\/schema\/logo\/image\/","url":"https:\/\/www.immobilienbusiness.ch\/wp-content\/uploads\/2021\/07\/logo_ib.png","contentUrl":"https:\/\/www.immobilienbusiness.ch\/wp-content\/uploads\/2021\/07\/logo_ib.png","width":800,"height":181,"caption":"IMMOBILIEN Business"},"image":{"@id":"https:\/\/www.immobilienbusiness.ch\/#\/schema\/logo\/image\/"},"sameAs":["https:\/\/www.facebook.com\/immobilienbusiness\/"]},{"@type":"Person","@id":"https:\/\/www.immobilienbusiness.ch\/#\/schema\/person\/aa2bace6c5c5aad60102004a50c4eb1c","name":"Redaktion","image":{"@type":"ImageObject","inLanguage":"de","@id":"https:\/\/secure.gravatar.com\/avatar\/ae2f4d718e6c49043e314ce431e7e645d646302a24a5ef5a8bc8e3f5a032e319?s=96&d=mm&r=g","url":"https:\/\/secure.gravatar.com\/avatar\/ae2f4d718e6c49043e314ce431e7e645d646302a24a5ef5a8bc8e3f5a032e319?s=96&d=mm&r=g","contentUrl":"https:\/\/secure.gravatar.com\/avatar\/ae2f4d718e6c49043e314ce431e7e645d646302a24a5ef5a8bc8e3f5a032e319?s=96&d=mm&r=g","caption":"Redaktion"},"sameAs":["http:\/\/develop.organisator.galledia.ch"],"url":"https:\/\/www.immobilienbusiness.ch\/de\/author\/admin\/"}]}},"_links":{"self":[{"href":"https:\/\/www.immobilienbusiness.ch\/de\/wp-json\/wp\/v2\/posts\/3784","targetHints":{"allow":["GET"]}}],"collection":[{"href":"https:\/\/www.immobilienbusiness.ch\/de\/wp-json\/wp\/v2\/posts"}],"about":[{"href":"https:\/\/www.immobilienbusiness.ch\/de\/wp-json\/wp\/v2\/types\/post"}],"author":[{"embeddable":true,"href":"https:\/\/www.immobilienbusiness.ch\/de\/wp-json\/wp\/v2\/users\/1"}],"replies":[{"embeddable":true,"href":"https:\/\/www.immobilienbusiness.ch\/de\/wp-json\/wp\/v2\/comments?post=3784"}],"version-history":[{"count":0,"href":"https:\/\/www.immobilienbusiness.ch\/de\/wp-json\/wp\/v2\/posts\/3784\/revisions"}],"wp:featuredmedia":[{"embeddable":true,"href":"https:\/\/www.immobilienbusiness.ch\/de\/wp-json\/wp\/v2\/media\/3785"}],"wp:attachment":[{"href":"https:\/\/www.immobilienbusiness.ch\/de\/wp-json\/wp\/v2\/media?parent=3784"}],"wp:term":[{"taxonomy":"category","embeddable":true,"href":"https:\/\/www.immobilienbusiness.ch\/de\/wp-json\/wp\/v2\/categories?post=3784"},{"taxonomy":"post_tag","embeddable":true,"href":"https:\/\/www.immobilienbusiness.ch\/de\/wp-json\/wp\/v2\/tags?post=3784"}],"curies":[{"name":"wp","href":"https:\/\/api.w.org\/{rel}","templated":true}]}}